{"id":40437,"date":"2020-10-06T18:41:54","date_gmt":"2020-10-06T16:41:54","guid":{"rendered":"https:\/\/www.monaco-tribune.com\/?p=40437"},"modified":"2020-10-06T18:41:55","modified_gmt":"2020-10-06T16:41:55","slug":"tempesta-alex-diversi-morti-e-10-dispersi","status":"publish","type":"post","link":"https:\/\/www.monaco-tribune.com\/it\/2020\/10\/tempesta-alex-diversi-morti-e-10-dispersi\/","title":{"rendered":"Tempesta Alex: diversi morti e 10 dispersi"},"content":{"rendered":"\n<p><p><strong>La tempesta Alex ha colpito duramente la regione delle Alpi Marittime e l&#8217;Italia. Il Principe Alberto ha espresso la sua solidariet\u00e0 al presidente francese Emmanuel Macron, mentre nel Principato continuano le iniziative per sostenere le vittime.<\/strong><\/p><\/p>\n\n\n\n<p>Quattro morti e otto dispersi, \u00e8 questo il bilancio attuale dopo che la tempesta Alex si \u00e8 abbattuta sulla Riviera. Le autorit\u00e0 non hanno notizie di altre 13 persone che al momento sono date per disperse. Con tre centri abitati ancora isolati, i vigili del fuoco e l&#8217;esercito sono impegnati in missioni di soccorso e di sgombero.<\/p>\n\n\n\n<h2 class=\"wp-block-heading\">La solidariet\u00e0 di Monaco continua<\/h2>\n\n\n\n<p><p><a href=\"https:\/\/www.monaco-tribune.com\/it\/2020\/10\/tempesta-alex-monaco-va-in-soccorso-della-francia\/\">Dopo aver istituito un fondo di emergenza per le popolazioni colpite<\/a>, il Principe Alberto II ha scritto al presidente francese Macron per mostrargli la sua solidariet\u00e0. Il Principe ha scritto anche al sindaco di Ventimiglia. &#8220;I nostri pensieri vanno alle famiglie che hanno perso i loro cari, ai soccorritori instancabili, ai soldati e a tutti coloro che sono stati colpiti dalla tempesta&#8221;, ha scritto a Macron.<\/p><\/p>\n\n\n\n<p><p>A Monaco, si moltiplicano le iniziative a sostegno delle popolazioni colpite. La Croce Rossa monegasca ha lanciato <a href=\"https:\/\/www.croix-rouge.mc\/en\/\">una richiesta di donazioni,<\/a> mentre la diocesi di Monaco si \u00e8 unita al movimento solidale istituendo diversi punti di raccolta nelle chiese del Principato in cui si accetta soprattutto cibo non deperibili.<\/p><\/p>\n\n\n\n<figure class=\"wp-block-embed-facebook aligncenter wp-block-embed is-type-rich is-provider-facebook\"><div class=\"wp-block-embed__wrapper\">\nhttps:\/\/www.facebook.com\/GvtMonaco\/photos\/a.1443278289296473\/2553718734919084\n<\/div><\/figure>\n","protected":false},"excerpt":{"rendered":"<p>La tempesta Alex ha colpito duramente la regione delle Alpi Marittime e l&#8217;Italia. Il Principe Alberto ha espresso la sua [&hellip;]<\/p>\n","protected":false},"author":33,"featured_media":40359,"comment_status":"closed","ping_status":"open","sticky":false,"template":"","format":"standard","meta":{"_acf_changed":false,"footnotes":""},"categories":[1738,1752],"tags":[],"post_sectags":[],"post_format":[],"class_list":["post-40437","post","type-post","status-publish","format-standard","has-post-thumbnail","hentry","category-notizie","category-societa"],"acf":[],"yoast_head":"<!-- This site is optimized with the Yoast SEO Premium plugin v26.8 (Yoast SEO v27.4) - https:\/\/yoast.com\/product\/yoast-seo-premium-wordpress\/ -->\n<title>Tempesta Alex: diversi morti e 10 dispersi<\/title>\n<meta name=\"description\" content=\"La tempesta Alex ha colpito duramente la regione delle Alpi Marittime e l&#039;Italia. Il Principe Alberto ha espresso la sua solidariet\u00e0 al presidente\" \/>\n<meta name=\"robots\" content=\"index, follow, max-snippet:-1, max-image-preview:large, max-video-preview:-1\" \/>\n<link rel=\"canonical\" href=\"https:\/\/www.monaco-tribune.com\/it\/2020\/10\/tempesta-alex-diversi-morti-e-10-dispersi\/\" \/>\n<meta property=\"og:locale\" content=\"it_IT\" \/>\n<meta property=\"og:type\" content=\"article\" \/>\n<meta property=\"og:title\" content=\"Tempesta Alex: diversi morti e 10 dispersi - Monaco Tribune\" \/>\n<meta property=\"og:description\" content=\"La tempesta Alex ha colpito duramente la regione delle Alpi Marittime e l&#039;Italia. Il Principe Alberto ha espresso la sua solidariet\u00e0 al presidente\" \/>\n<meta property=\"og:url\" content=\"https:\/\/www.monaco-tribune.com\/it\/2020\/10\/tempesta-alex-diversi-morti-e-10-dispersi\/\" \/>\n<meta property=\"og:site_name\" content=\"Monaco Tribune\" \/>\n<meta property=\"article:publisher\" content=\"https:\/\/www.facebook.com\/MonacoTribune\" \/>\n<meta property=\"article:published_time\" content=\"2020-10-06T16:41:54+00:00\" \/>\n<meta property=\"article:modified_time\" content=\"2020-10-06T16:41:55+00:00\" \/>\n<meta property=\"og:image\" content=\"https:\/\/www.monaco-tribune.com\/wp-content\/uploads\/2020\/10\/solidarite-monaco-tempete-alex1.jpg\" \/>\n\t<meta property=\"og:image:width\" content=\"1840\" \/>\n\t<meta property=\"og:image:height\" content=\"1148\" \/>\n\t<meta property=\"og:image:type\" content=\"image\/jpeg\" \/>\n<meta name=\"author\" content=\"Lola Senoble\" \/>\n<meta name=\"twitter:card\" content=\"summary_large_image\" \/>\n<meta name=\"twitter:creator\" content=\"@MonacoTribune\" \/>\n<meta name=\"twitter:site\" content=\"@MonacoTribune\" \/>\n<script type=\"application\/ld+json\" class=\"yoast-schema-graph\">{\"@context\":\"https:\\\/\\\/schema.org\",\"@graph\":[{\"@type\":\"NewsArticle\",\"@id\":\"https:\\\/\\\/www.monaco-tribune.com\\\/it\\\/2020\\\/10\\\/tempesta-alex-diversi-morti-e-10-dispersi\\\/#article\",\"isPartOf\":{\"@id\":\"https:\\\/\\\/www.monaco-tribune.com\\\/it\\\/2020\\\/10\\\/tempesta-alex-diversi-morti-e-10-dispersi\\\/\"},\"author\":{\"name\":\"Lola Senoble\",\"@id\":\"https:\\\/\\\/www.monaco-tribune.com\\\/it\\\/#\\\/schema\\\/person\\\/10603f39d06463e013e339670c36bea3\"},\"headline\":\"Tempesta Alex: diversi morti e 10 dispersi\",\"datePublished\":\"2020-10-06T16:41:54+00:00\",\"dateModified\":\"2020-10-06T16:41:55+00:00\",\"mainEntityOfPage\":{\"@id\":\"https:\\\/\\\/www.monaco-tribune.com\\\/it\\\/2020\\\/10\\\/tempesta-alex-diversi-morti-e-10-dispersi\\\/\"},\"wordCount\":224,\"publisher\":{\"@id\":\"https:\\\/\\\/www.monaco-tribune.com\\\/it\\\/#organization\"},\"image\":{\"@id\":\"https:\\\/\\\/www.monaco-tribune.com\\\/it\\\/2020\\\/10\\\/tempesta-alex-diversi-morti-e-10-dispersi\\\/#primaryimage\"},\"thumbnailUrl\":\"https:\\\/\\\/www.monaco-tribune.com\\\/wp-content\\\/uploads\\\/2020\\\/10\\\/solidarite-monaco-tempete-alex1.jpg\",\"articleSection\":[\"Notizie\",\"Societ\u00e0\"],\"inLanguage\":\"it-IT\",\"copyrightYear\":\"2020\",\"copyrightHolder\":{\"@id\":\"https:\\\/\\\/www.monaco-tribune.com\\\/#organization\"}},{\"@type\":\"WebPage\",\"@id\":\"https:\\\/\\\/www.monaco-tribune.com\\\/it\\\/2020\\\/10\\\/tempesta-alex-diversi-morti-e-10-dispersi\\\/\",\"url\":\"https:\\\/\\\/www.monaco-tribune.com\\\/it\\\/2020\\\/10\\\/tempesta-alex-diversi-morti-e-10-dispersi\\\/\",\"name\":\"Tempesta Alex: diversi morti e 10 dispersi\",\"isPartOf\":{\"@id\":\"https:\\\/\\\/www.monaco-tribune.com\\\/it\\\/#website\"},\"primaryImageOfPage\":{\"@id\":\"https:\\\/\\\/www.monaco-tribune.com\\\/it\\\/2020\\\/10\\\/tempesta-alex-diversi-morti-e-10-dispersi\\\/#primaryimage\"},\"image\":{\"@id\":\"https:\\\/\\\/www.monaco-tribune.com\\\/it\\\/2020\\\/10\\\/tempesta-alex-diversi-morti-e-10-dispersi\\\/#primaryimage\"},\"thumbnailUrl\":\"https:\\\/\\\/www.monaco-tribune.com\\\/wp-content\\\/uploads\\\/2020\\\/10\\\/solidarite-monaco-tempete-alex1.jpg\",\"datePublished\":\"2020-10-06T16:41:54+00:00\",\"dateModified\":\"2020-10-06T16:41:55+00:00\",\"description\":\"La tempesta Alex ha colpito duramente la regione delle Alpi Marittime e l'Italia. Il Principe Alberto ha espresso la sua solidariet\u00e0 al presidente\",\"breadcrumb\":{\"@id\":\"https:\\\/\\\/www.monaco-tribune.com\\\/it\\\/2020\\\/10\\\/tempesta-alex-diversi-morti-e-10-dispersi\\\/#breadcrumb\"},\"inLanguage\":\"it-IT\",\"potentialAction\":[{\"@type\":\"ReadAction\",\"target\":[\"https:\\\/\\\/www.monaco-tribune.com\\\/it\\\/2020\\\/10\\\/tempesta-alex-diversi-morti-e-10-dispersi\\\/\"]}]},{\"@type\":\"ImageObject\",\"inLanguage\":\"it-IT\",\"@id\":\"https:\\\/\\\/www.monaco-tribune.com\\\/it\\\/2020\\\/10\\\/tempesta-alex-diversi-morti-e-10-dispersi\\\/#primaryimage\",\"url\":\"https:\\\/\\\/www.monaco-tribune.com\\\/wp-content\\\/uploads\\\/2020\\\/10\\\/solidarite-monaco-tempete-alex1.jpg\",\"contentUrl\":\"https:\\\/\\\/www.monaco-tribune.com\\\/wp-content\\\/uploads\\\/2020\\\/10\\\/solidarite-monaco-tempete-alex1.jpg\",\"width\":1840,\"height\":1148,\"caption\":\"Comunicazione \\\/ Stephane Danna\"},{\"@type\":\"BreadcrumbList\",\"@id\":\"https:\\\/\\\/www.monaco-tribune.com\\\/it\\\/2020\\\/10\\\/tempesta-alex-diversi-morti-e-10-dispersi\\\/#breadcrumb\",\"itemListElement\":[{\"@type\":\"ListItem\",\"position\":1,\"name\":\"Accueil\",\"item\":\"https:\\\/\\\/www.monaco-tribune.com\\\/it\\\/\"},{\"@type\":\"ListItem\",\"position\":2,\"name\":\"Tempesta Alex: diversi morti e 10 dispersi\"}]},{\"@type\":\"WebSite\",\"@id\":\"https:\\\/\\\/www.monaco-tribune.com\\\/it\\\/#website\",\"url\":\"https:\\\/\\\/www.monaco-tribune.com\\\/it\\\/\",\"name\":\"Monaco Tribune\",\"description\":\"Monaco : actualit\u00e9s \u00e9conomiques, politiques, culturelles et sportives de Monaco et de la French Riviera.\",\"publisher\":{\"@id\":\"https:\\\/\\\/www.monaco-tribune.com\\\/it\\\/#organization\"},\"potentialAction\":[{\"@type\":\"SearchAction\",\"target\":{\"@type\":\"EntryPoint\",\"urlTemplate\":\"https:\\\/\\\/www.monaco-tribune.com\\\/it\\\/?s={search_term_string}\"},\"query-input\":{\"@type\":\"PropertyValueSpecification\",\"valueRequired\":true,\"valueName\":\"search_term_string\"}}],\"inLanguage\":\"it-IT\"},{\"@type\":\"Organization\",\"@id\":\"https:\\\/\\\/www.monaco-tribune.com\\\/it\\\/#organization\",\"name\":\"Monaco Tribune\",\"url\":\"https:\\\/\\\/www.monaco-tribune.com\\\/it\\\/\",\"logo\":{\"@type\":\"ImageObject\",\"inLanguage\":\"it-IT\",\"@id\":\"https:\\\/\\\/www.monaco-tribune.com\\\/it\\\/#\\\/schema\\\/logo\\\/image\\\/\",\"url\":\"https:\\\/\\\/www.monaco-tribune.com\\\/wp-content\\\/uploads\\\/2022\\\/11\\\/logo-monaco-tribune.png\",\"contentUrl\":\"https:\\\/\\\/www.monaco-tribune.com\\\/wp-content\\\/uploads\\\/2022\\\/11\\\/logo-monaco-tribune.png\",\"width\":1548,\"height\":600,\"caption\":\"Monaco Tribune\"},\"image\":{\"@id\":\"https:\\\/\\\/www.monaco-tribune.com\\\/it\\\/#\\\/schema\\\/logo\\\/image\\\/\"},\"sameAs\":[\"https:\\\/\\\/www.facebook.com\\\/MonacoTribune\",\"https:\\\/\\\/x.com\\\/MonacoTribune\",\"https:\\\/\\\/www.instagram.com\\\/monacotribune\\\/\",\"https:\\\/\\\/www.linkedin.com\\\/company\\\/monaco-tribune\",\"https:\\\/\\\/www.youtube.com\\\/channel\\\/UCHle1MnG6hw1y4lWKijVbMA\"]},{\"@type\":\"Person\",\"@id\":\"https:\\\/\\\/www.monaco-tribune.com\\\/it\\\/#\\\/schema\\\/person\\\/10603f39d06463e013e339670c36bea3\",\"name\":\"Lola Senoble\",\"image\":{\"@type\":\"ImageObject\",\"inLanguage\":\"it-IT\",\"@id\":\"https:\\\/\\\/secure.gravatar.com\\\/avatar\\\/48d557f5142df87422d94c862ef0f4177361c443286157fc3838180d4d313fa1?s=96&d=mm&r=g\",\"url\":\"https:\\\/\\\/secure.gravatar.com\\\/avatar\\\/48d557f5142df87422d94c862ef0f4177361c443286157fc3838180d4d313fa1?s=96&d=mm&r=g\",\"contentUrl\":\"https:\\\/\\\/secure.gravatar.com\\\/avatar\\\/48d557f5142df87422d94c862ef0f4177361c443286157fc3838180d4d313fa1?s=96&d=mm&r=g\",\"caption\":\"Lola Senoble\"},\"url\":\"https:\\\/\\\/www.monaco-tribune.com\\\/it\\\/author\\\/lola-senoble\\\/\"}]}<\/script>\n<!-- \/ Yoast SEO Premium plugin. -->","yoast_head_json":{"title":"Tempesta Alex: diversi morti e 10 dispersi","description":"La tempesta Alex ha colpito duramente la regione delle Alpi Marittime e l'Italia. Il Principe Alberto ha espresso la sua solidariet\u00e0 al presidente","robots":{"index":"index","follow":"follow","max-snippet":"max-snippet:-1","max-image-preview":"max-image-preview:large","max-video-preview":"max-video-preview:-1"},"canonical":"https:\/\/www.monaco-tribune.com\/it\/2020\/10\/tempesta-alex-diversi-morti-e-10-dispersi\/","og_locale":"it_IT","og_type":"article","og_title":"Tempesta Alex: diversi morti e 10 dispersi - Monaco Tribune","og_description":"La tempesta Alex ha colpito duramente la regione delle Alpi Marittime e l'Italia. Il Principe Alberto ha espresso la sua solidariet\u00e0 al presidente","og_url":"https:\/\/www.monaco-tribune.com\/it\/2020\/10\/tempesta-alex-diversi-morti-e-10-dispersi\/","og_site_name":"Monaco Tribune","article_publisher":"https:\/\/www.facebook.com\/MonacoTribune","article_published_time":"2020-10-06T16:41:54+00:00","article_modified_time":"2020-10-06T16:41:55+00:00","og_image":[{"width":1840,"height":1148,"url":"https:\/\/www.monaco-tribune.com\/wp-content\/uploads\/2020\/10\/solidarite-monaco-tempete-alex1.jpg","type":"image\/jpeg"}],"author":"Lola Senoble","twitter_card":"summary_large_image","twitter_creator":"@MonacoTribune","twitter_site":"@MonacoTribune","schema":{"@context":"https:\/\/schema.org","@graph":[{"@type":"NewsArticle","@id":"https:\/\/www.monaco-tribune.com\/it\/2020\/10\/tempesta-alex-diversi-morti-e-10-dispersi\/#article","isPartOf":{"@id":"https:\/\/www.monaco-tribune.com\/it\/2020\/10\/tempesta-alex-diversi-morti-e-10-dispersi\/"},"author":{"name":"Lola Senoble","@id":"https:\/\/www.monaco-tribune.com\/it\/#\/schema\/person\/10603f39d06463e013e339670c36bea3"},"headline":"Tempesta Alex: diversi morti e 10 dispersi","datePublished":"2020-10-06T16:41:54+00:00","dateModified":"2020-10-06T16:41:55+00:00","mainEntityOfPage":{"@id":"https:\/\/www.monaco-tribune.com\/it\/2020\/10\/tempesta-alex-diversi-morti-e-10-dispersi\/"},"wordCount":224,"publisher":{"@id":"https:\/\/www.monaco-tribune.com\/it\/#organization"},"image":{"@id":"https:\/\/www.monaco-tribune.com\/it\/2020\/10\/tempesta-alex-diversi-morti-e-10-dispersi\/#primaryimage"},"thumbnailUrl":"https:\/\/www.monaco-tribune.com\/wp-content\/uploads\/2020\/10\/solidarite-monaco-tempete-alex1.jpg","articleSection":["Notizie","Societ\u00e0"],"inLanguage":"it-IT","copyrightYear":"2020","copyrightHolder":{"@id":"https:\/\/www.monaco-tribune.com\/#organization"}},{"@type":"WebPage","@id":"https:\/\/www.monaco-tribune.com\/it\/2020\/10\/tempesta-alex-diversi-morti-e-10-dispersi\/","url":"https:\/\/www.monaco-tribune.com\/it\/2020\/10\/tempesta-alex-diversi-morti-e-10-dispersi\/","name":"Tempesta Alex: diversi morti e 10 dispersi","isPartOf":{"@id":"https:\/\/www.monaco-tribune.com\/it\/#website"},"primaryImageOfPage":{"@id":"https:\/\/www.monaco-tribune.com\/it\/2020\/10\/tempesta-alex-diversi-morti-e-10-dispersi\/#primaryimage"},"image":{"@id":"https:\/\/www.monaco-tribune.com\/it\/2020\/10\/tempesta-alex-diversi-morti-e-10-dispersi\/#primaryimage"},"thumbnailUrl":"https:\/\/www.monaco-tribune.com\/wp-content\/uploads\/2020\/10\/solidarite-monaco-tempete-alex1.jpg","datePublished":"2020-10-06T16:41:54+00:00","dateModified":"2020-10-06T16:41:55+00:00","description":"La tempesta Alex ha colpito duramente la regione delle Alpi Marittime e l'Italia. Il Principe Alberto ha espresso la sua solidariet\u00e0 al presidente","breadcrumb":{"@id":"https:\/\/www.monaco-tribune.com\/it\/2020\/10\/tempesta-alex-diversi-morti-e-10-dispersi\/#breadcrumb"},"inLanguage":"it-IT","potentialAction":[{"@type":"ReadAction","target":["https:\/\/www.monaco-tribune.com\/it\/2020\/10\/tempesta-alex-diversi-morti-e-10-dispersi\/"]}]},{"@type":"ImageObject","inLanguage":"it-IT","@id":"https:\/\/www.monaco-tribune.com\/it\/2020\/10\/tempesta-alex-diversi-morti-e-10-dispersi\/#primaryimage","url":"https:\/\/www.monaco-tribune.com\/wp-content\/uploads\/2020\/10\/solidarite-monaco-tempete-alex1.jpg","contentUrl":"https:\/\/www.monaco-tribune.com\/wp-content\/uploads\/2020\/10\/solidarite-monaco-tempete-alex1.jpg","width":1840,"height":1148,"caption":"Comunicazione \/ Stephane Danna"},{"@type":"BreadcrumbList","@id":"https:\/\/www.monaco-tribune.com\/it\/2020\/10\/tempesta-alex-diversi-morti-e-10-dispersi\/#breadcrumb","itemListElement":[{"@type":"ListItem","position":1,"name":"Accueil","item":"https:\/\/www.monaco-tribune.com\/it\/"},{"@type":"ListItem","position":2,"name":"Tempesta Alex: diversi morti e 10 dispersi"}]},{"@type":"WebSite","@id":"https:\/\/www.monaco-tribune.com\/it\/#website","url":"https:\/\/www.monaco-tribune.com\/it\/","name":"Monaco Tribune","description":"Monaco : actualit\u00e9s \u00e9conomiques, politiques, culturelles et sportives de Monaco et de la French Riviera.","publisher":{"@id":"https:\/\/www.monaco-tribune.com\/it\/#organization"},"potentialAction":[{"@type":"SearchAction","target":{"@type":"EntryPoint","urlTemplate":"https:\/\/www.monaco-tribune.com\/it\/?s={search_term_string}"},"query-input":{"@type":"PropertyValueSpecification","valueRequired":true,"valueName":"search_term_string"}}],"inLanguage":"it-IT"},{"@type":"Organization","@id":"https:\/\/www.monaco-tribune.com\/it\/#organization","name":"Monaco Tribune","url":"https:\/\/www.monaco-tribune.com\/it\/","logo":{"@type":"ImageObject","inLanguage":"it-IT","@id":"https:\/\/www.monaco-tribune.com\/it\/#\/schema\/logo\/image\/","url":"https:\/\/www.monaco-tribune.com\/wp-content\/uploads\/2022\/11\/logo-monaco-tribune.png","contentUrl":"https:\/\/www.monaco-tribune.com\/wp-content\/uploads\/2022\/11\/logo-monaco-tribune.png","width":1548,"height":600,"caption":"Monaco Tribune"},"image":{"@id":"https:\/\/www.monaco-tribune.com\/it\/#\/schema\/logo\/image\/"},"sameAs":["https:\/\/www.facebook.com\/MonacoTribune","https:\/\/x.com\/MonacoTribune","https:\/\/www.instagram.com\/monacotribune\/","https:\/\/www.linkedin.com\/company\/monaco-tribune","https:\/\/www.youtube.com\/channel\/UCHle1MnG6hw1y4lWKijVbMA"]},{"@type":"Person","@id":"https:\/\/www.monaco-tribune.com\/it\/#\/schema\/person\/10603f39d06463e013e339670c36bea3","name":"Lola Senoble","image":{"@type":"ImageObject","inLanguage":"it-IT","@id":"https:\/\/secure.gravatar.com\/avatar\/48d557f5142df87422d94c862ef0f4177361c443286157fc3838180d4d313fa1?s=96&d=mm&r=g","url":"https:\/\/secure.gravatar.com\/avatar\/48d557f5142df87422d94c862ef0f4177361c443286157fc3838180d4d313fa1?s=96&d=mm&r=g","contentUrl":"https:\/\/secure.gravatar.com\/avatar\/48d557f5142df87422d94c862ef0f4177361c443286157fc3838180d4d313fa1?s=96&d=mm&r=g","caption":"Lola Senoble"},"url":"https:\/\/www.monaco-tribune.com\/it\/author\/lola-senoble\/"}]}},"_links":{"self":[{"href":"https:\/\/www.monaco-tribune.com\/it\/wp-json\/wp\/v2\/posts\/40437","targetHints":{"allow":["GET"]}}],"collection":[{"href":"https:\/\/www.monaco-tribune.com\/it\/wp-json\/wp\/v2\/posts"}],"about":[{"href":"https:\/\/www.monaco-tribune.com\/it\/wp-json\/wp\/v2\/types\/post"}],"author":[{"embeddable":true,"href":"https:\/\/www.monaco-tribune.com\/it\/wp-json\/wp\/v2\/users\/33"}],"replies":[{"embeddable":true,"href":"https:\/\/www.monaco-tribune.com\/it\/wp-json\/wp\/v2\/comments?post=40437"}],"version-history":[{"count":0,"href":"https:\/\/www.monaco-tribune.com\/it\/wp-json\/wp\/v2\/posts\/40437\/revisions"}],"wp:featuredmedia":[{"embeddable":true,"href":"https:\/\/www.monaco-tribune.com\/it\/wp-json\/wp\/v2\/media\/40359"}],"wp:attachment":[{"href":"https:\/\/www.monaco-tribune.com\/it\/wp-json\/wp\/v2\/media?parent=40437"}],"wp:term":[{"taxonomy":"category","embeddable":true,"href":"https:\/\/www.monaco-tribune.com\/it\/wp-json\/wp\/v2\/categories?post=40437"},{"taxonomy":"post_tag","embeddable":true,"href":"https:\/\/www.monaco-tribune.com\/it\/wp-json\/wp\/v2\/tags?post=40437"},{"taxonomy":"sectag","embeddable":true,"href":"https:\/\/www.monaco-tribune.com\/it\/wp-json\/wp\/v2\/post_sectags?post=40437"},{"taxonomy":"format","embeddable":true,"href":"https:\/\/www.monaco-tribune.com\/it\/wp-json\/wp\/v2\/post_format?post=40437"}],"curies":[{"name":"wp","href":"https:\/\/api.w.org\/{rel}","templated":true}]}}