{"id":40450,"date":"2020-10-06T18:33:10","date_gmt":"2020-10-06T16:33:10","guid":{"rendered":"https:\/\/www.monaco-tribune.com\/2020\/10\/giulian-biancone-firma-ancora-con-las-monaco-e-va-in-prestito-al-cercle-bruges\/"},"modified":"2020-10-06T18:36:54","modified_gmt":"2020-10-06T16:36:54","slug":"giulian-biancone-firma-ancora-con-las-monaco-e-va-in-prestito-al-cercle-bruges","status":"publish","type":"post","link":"https:\/\/www.monaco-tribune.com\/it\/2020\/10\/giulian-biancone-firma-ancora-con-las-monaco-e-va-in-prestito-al-cercle-bruges\/","title":{"rendered":"Giulian Biancone firma ancora con l&#8217;AS Monaco e va in prestito al Cercle Bruges"},"content":{"rendered":"\n<p><p><strong>Il giovane difensore della squadra ha prolungato il suo contratto con il Monaco fino al 2024, prima di essere dato in prestito per il secondo anno consecutivo al Cercle Bruges, squadra satellite dell&#8217;ASM in Belgio.<\/strong><\/p><\/p>\n\n<p><p>Avvistato luned\u00ec a mezzogiorno al mercato della Condamine, Giulian Biancone ha passato i suoi ultimi momenti sulla Rocca, almeno per questa stagione. <a href=\"https:\/\/www.monaco-tribune.com\/it\/2020\/08\/alla-scoperta-di-giulian-biancone-as-monaco\/\">Perch\u00e9 prima di partire per il Belgio<\/a> e ritrovare &#8220;la Venezia del Nord&#8221;, il difensore che si \u00e8 fatto le ossa nell&#8217;<a href=\"https:\/\/www.asmonaco.com\/\">AS Monaco<\/a> ha firmato un nuovo contratto con la squadra fino al 2024. Un atto di fiducia da parte della squadra monegasca per un ragazzo arrivato all&#8217;Accademia ASM nel 2015.<\/p><\/p>\n\n<h2 class=\"wp-block-heading\">Giulian Biancone raggiunge Harisson Marcelin e Anthony Musaba <\/h2>\n\n<p>Titolare a Brest durante l&#8217;ultima giornata di Ligue 1, dopo essere entrato in campo contro Strasburgo nel fine settimana precedente, Giulian Biancone continuer\u00e0 la sua ascesa anche nel Cercle Bruges (attualmente ottavo della Jupiler Pro League). Nella stagione passata, infatti, era stato il migliore nei passaggi. In Belgio, il ragazzo ritrover\u00e0 Harisson Marcelin e Anthony Musaba, entrambi prestiti del Monaco a Bruges.<\/p>\n\n<h2 class=\"wp-block-heading\"><p><em>&#8220;<\/em>Il Cercle Bruges \u00e8 come una seconda famiglia&#8221;<\/p><\/h2>\n\n<p><p>&#8220;<em>L&#8217;AS Monaco \u00e8 la squadra che mi ha formato ma anche e soprattutto la mia squadra del cuore<\/em>&#8221; confessa al momento dell&#8217;ufficializzazione del suo contratto. &#8220;<em>Quindi sono molto contento di essere legato a questa maglia fino al 2024 ed entusiasta all&#8217;idea di tornare al Cercle che \u00e8 come una seconda famiglia. Far\u00f2 esperienza ad alti livelli e contribuir\u00f2 ai risultati della squadra<\/em>&#8220;.<\/p><\/p>\n\n<p><p>LEGGI ANCHE: <a href=\"https:\/\/www.monaco-tribune.com\/it\/2020\/08\/alla-scoperta-di-giulian-biancone-as-monaco\/\">Alla scoperta di Giulian Biancone (AS Monaco)<\/a><\/p><\/p>\n","protected":false},"excerpt":{"rendered":"<p>Il giovane difensore della squadra ha prolungato il suo contratto con il Monaco fino al 2024, prima di essere dato [&hellip;]<\/p>\n","protected":false},"author":24,"featured_media":33820,"comment_status":"closed","ping_status":"closed","sticky":false,"template":"","format":"standard","meta":{"_acf_changed":false,"footnotes":""},"categories":[1738,1743],"tags":[2846],"post_sectags":[],"post_format":[2478],"class_list":["post-40450","post","type-post","status-publish","format-standard","has-post-thumbnail","hentry","category-notizie","category-sport-it","tag-as-monaco-it-2","format-notizia"],"acf":[],"yoast_head":"<!-- This site is optimized with the Yoast SEO Premium plugin v26.8 (Yoast SEO v27.4) - https:\/\/yoast.com\/product\/yoast-seo-premium-wordpress\/ -->\n<title>Giulian Biancone firma ancora con l&#039;AS Monaco e va in prestito al Cercle Bruges<\/title>\n<meta name=\"description\" content=\"Il giovane difensore della squadra ha prolungato il suo contratto con il Monaco fino al 2024, prima di essere dato in prestito per il secondo anno\" \/>\n<meta name=\"robots\" content=\"index, follow, max-snippet:-1, max-image-preview:large, max-video-preview:-1\" \/>\n<link rel=\"canonical\" href=\"https:\/\/www.monaco-tribune.com\/it\/2020\/10\/giulian-biancone-firma-ancora-con-las-monaco-e-va-in-prestito-al-cercle-bruges\/\" \/>\n<meta property=\"og:locale\" content=\"it_IT\" \/>\n<meta property=\"og:type\" content=\"article\" \/>\n<meta property=\"og:title\" content=\"Giulian Biancone firma ancora con l&#039;AS Monaco e va in prestito al Cercle Bruges - Monaco Tribune\" \/>\n<meta property=\"og:description\" content=\"Il giovane difensore della squadra ha prolungato il suo contratto con il Monaco fino al 2024, prima di essere dato in prestito per il secondo anno\" \/>\n<meta property=\"og:url\" content=\"https:\/\/www.monaco-tribune.com\/it\/2020\/10\/giulian-biancone-firma-ancora-con-las-monaco-e-va-in-prestito-al-cercle-bruges\/\" \/>\n<meta property=\"og:site_name\" content=\"Monaco Tribune\" \/>\n<meta property=\"article:publisher\" content=\"https:\/\/www.facebook.com\/MonacoTribune\" \/>\n<meta property=\"article:published_time\" content=\"2020-10-06T16:33:10+00:00\" \/>\n<meta property=\"article:modified_time\" content=\"2020-10-06T16:36:54+00:00\" \/>\n<meta property=\"og:image\" content=\"https:\/\/www.monaco-tribune.com\/wp-content\/uploads\/2020\/08\/1-1-1160x650-min.jpg\" \/>\n\t<meta property=\"og:image:width\" content=\"1160\" \/>\n\t<meta property=\"og:image:height\" content=\"650\" \/>\n\t<meta property=\"og:image:type\" content=\"image\/jpeg\" \/>\n<meta name=\"author\" content=\"Romain Boisaubert\" \/>\n<meta name=\"twitter:card\" content=\"summary_large_image\" \/>\n<meta name=\"twitter:creator\" content=\"@MonacoTribune\" \/>\n<meta name=\"twitter:site\" content=\"@MonacoTribune\" \/>\n<script type=\"application\/ld+json\" class=\"yoast-schema-graph\">{\"@context\":\"https:\\\/\\\/schema.org\",\"@graph\":[{\"@type\":\"NewsArticle\",\"@id\":\"https:\\\/\\\/www.monaco-tribune.com\\\/it\\\/2020\\\/10\\\/giulian-biancone-firma-ancora-con-las-monaco-e-va-in-prestito-al-cercle-bruges\\\/#article\",\"isPartOf\":{\"@id\":\"https:\\\/\\\/www.monaco-tribune.com\\\/it\\\/2020\\\/10\\\/giulian-biancone-firma-ancora-con-las-monaco-e-va-in-prestito-al-cercle-bruges\\\/\"},\"author\":{\"name\":\"Romain Boisaubert\",\"@id\":\"https:\\\/\\\/www.monaco-tribune.com\\\/it\\\/#\\\/schema\\\/person\\\/330a3732947cf8cb41b2533a0eadd62e\"},\"headline\":\"Giulian Biancone firma ancora con l&#8217;AS Monaco e va in prestito al Cercle Bruges\",\"datePublished\":\"2020-10-06T16:33:10+00:00\",\"dateModified\":\"2020-10-06T16:36:54+00:00\",\"mainEntityOfPage\":{\"@id\":\"https:\\\/\\\/www.monaco-tribune.com\\\/it\\\/2020\\\/10\\\/giulian-biancone-firma-ancora-con-las-monaco-e-va-in-prestito-al-cercle-bruges\\\/\"},\"wordCount\":270,\"publisher\":{\"@id\":\"https:\\\/\\\/www.monaco-tribune.com\\\/it\\\/#organization\"},\"image\":{\"@id\":\"https:\\\/\\\/www.monaco-tribune.com\\\/it\\\/2020\\\/10\\\/giulian-biancone-firma-ancora-con-las-monaco-e-va-in-prestito-al-cercle-bruges\\\/#primaryimage\"},\"thumbnailUrl\":\"https:\\\/\\\/www.monaco-tribune.com\\\/wp-content\\\/uploads\\\/2020\\\/08\\\/1-1-1160x650-min.jpg\",\"keywords\":[\"AS Monaco\"],\"articleSection\":[\"Notizie\",\"Sport\"],\"inLanguage\":\"it-IT\",\"copyrightYear\":\"2020\",\"copyrightHolder\":{\"@id\":\"https:\\\/\\\/www.monaco-tribune.com\\\/#organization\"}},{\"@type\":\"WebPage\",\"@id\":\"https:\\\/\\\/www.monaco-tribune.com\\\/it\\\/2020\\\/10\\\/giulian-biancone-firma-ancora-con-las-monaco-e-va-in-prestito-al-cercle-bruges\\\/\",\"url\":\"https:\\\/\\\/www.monaco-tribune.com\\\/it\\\/2020\\\/10\\\/giulian-biancone-firma-ancora-con-las-monaco-e-va-in-prestito-al-cercle-bruges\\\/\",\"name\":\"Giulian Biancone firma ancora con l'AS Monaco e va in prestito al Cercle Bruges\",\"isPartOf\":{\"@id\":\"https:\\\/\\\/www.monaco-tribune.com\\\/it\\\/#website\"},\"primaryImageOfPage\":{\"@id\":\"https:\\\/\\\/www.monaco-tribune.com\\\/it\\\/2020\\\/10\\\/giulian-biancone-firma-ancora-con-las-monaco-e-va-in-prestito-al-cercle-bruges\\\/#primaryimage\"},\"image\":{\"@id\":\"https:\\\/\\\/www.monaco-tribune.com\\\/it\\\/2020\\\/10\\\/giulian-biancone-firma-ancora-con-las-monaco-e-va-in-prestito-al-cercle-bruges\\\/#primaryimage\"},\"thumbnailUrl\":\"https:\\\/\\\/www.monaco-tribune.com\\\/wp-content\\\/uploads\\\/2020\\\/08\\\/1-1-1160x650-min.jpg\",\"datePublished\":\"2020-10-06T16:33:10+00:00\",\"dateModified\":\"2020-10-06T16:36:54+00:00\",\"description\":\"Il giovane difensore della squadra ha prolungato il suo contratto con il Monaco fino al 2024, prima di essere dato in prestito per il secondo anno\",\"breadcrumb\":{\"@id\":\"https:\\\/\\\/www.monaco-tribune.com\\\/it\\\/2020\\\/10\\\/giulian-biancone-firma-ancora-con-las-monaco-e-va-in-prestito-al-cercle-bruges\\\/#breadcrumb\"},\"inLanguage\":\"it-IT\",\"potentialAction\":[{\"@type\":\"ReadAction\",\"target\":[\"https:\\\/\\\/www.monaco-tribune.com\\\/it\\\/2020\\\/10\\\/giulian-biancone-firma-ancora-con-las-monaco-e-va-in-prestito-al-cercle-bruges\\\/\"]}]},{\"@type\":\"ImageObject\",\"inLanguage\":\"it-IT\",\"@id\":\"https:\\\/\\\/www.monaco-tribune.com\\\/it\\\/2020\\\/10\\\/giulian-biancone-firma-ancora-con-las-monaco-e-va-in-prestito-al-cercle-bruges\\\/#primaryimage\",\"url\":\"https:\\\/\\\/www.monaco-tribune.com\\\/wp-content\\\/uploads\\\/2020\\\/08\\\/1-1-1160x650-min.jpg\",\"contentUrl\":\"https:\\\/\\\/www.monaco-tribune.com\\\/wp-content\\\/uploads\\\/2020\\\/08\\\/1-1-1160x650-min.jpg\",\"width\":1160,\"height\":650,\"caption\":\"Giulian Biancone \u00e9voluera \u00e0 nouveau sous le maillot du Cercle Bruges cette saison.\"},{\"@type\":\"BreadcrumbList\",\"@id\":\"https:\\\/\\\/www.monaco-tribune.com\\\/it\\\/2020\\\/10\\\/giulian-biancone-firma-ancora-con-las-monaco-e-va-in-prestito-al-cercle-bruges\\\/#breadcrumb\",\"itemListElement\":[{\"@type\":\"ListItem\",\"position\":1,\"name\":\"Accueil\",\"item\":\"https:\\\/\\\/www.monaco-tribune.com\\\/it\\\/\"},{\"@type\":\"ListItem\",\"position\":2,\"name\":\"Giulian Biancone firma ancora con l&rsquo;AS Monaco e va in prestito al Cercle Bruges\"}]},{\"@type\":\"WebSite\",\"@id\":\"https:\\\/\\\/www.monaco-tribune.com\\\/it\\\/#website\",\"url\":\"https:\\\/\\\/www.monaco-tribune.com\\\/it\\\/\",\"name\":\"Monaco Tribune\",\"description\":\"Monaco : actualit\u00e9s \u00e9conomiques, politiques, culturelles et sportives de Monaco et de la French Riviera.\",\"publisher\":{\"@id\":\"https:\\\/\\\/www.monaco-tribune.com\\\/it\\\/#organization\"},\"potentialAction\":[{\"@type\":\"SearchAction\",\"target\":{\"@type\":\"EntryPoint\",\"urlTemplate\":\"https:\\\/\\\/www.monaco-tribune.com\\\/it\\\/?s={search_term_string}\"},\"query-input\":{\"@type\":\"PropertyValueSpecification\",\"valueRequired\":true,\"valueName\":\"search_term_string\"}}],\"inLanguage\":\"it-IT\"},{\"@type\":\"Organization\",\"@id\":\"https:\\\/\\\/www.monaco-tribune.com\\\/it\\\/#organization\",\"name\":\"Monaco Tribune\",\"url\":\"https:\\\/\\\/www.monaco-tribune.com\\\/it\\\/\",\"logo\":{\"@type\":\"ImageObject\",\"inLanguage\":\"it-IT\",\"@id\":\"https:\\\/\\\/www.monaco-tribune.com\\\/it\\\/#\\\/schema\\\/logo\\\/image\\\/\",\"url\":\"https:\\\/\\\/www.monaco-tribune.com\\\/wp-content\\\/uploads\\\/2022\\\/11\\\/logo-monaco-tribune.png\",\"contentUrl\":\"https:\\\/\\\/www.monaco-tribune.com\\\/wp-content\\\/uploads\\\/2022\\\/11\\\/logo-monaco-tribune.png\",\"width\":1548,\"height\":600,\"caption\":\"Monaco Tribune\"},\"image\":{\"@id\":\"https:\\\/\\\/www.monaco-tribune.com\\\/it\\\/#\\\/schema\\\/logo\\\/image\\\/\"},\"sameAs\":[\"https:\\\/\\\/www.facebook.com\\\/MonacoTribune\",\"https:\\\/\\\/x.com\\\/MonacoTribune\",\"https:\\\/\\\/www.instagram.com\\\/monacotribune\\\/\",\"https:\\\/\\\/www.linkedin.com\\\/company\\\/monaco-tribune\",\"https:\\\/\\\/www.youtube.com\\\/channel\\\/UCHle1MnG6hw1y4lWKijVbMA\"]},{\"@type\":\"Person\",\"@id\":\"https:\\\/\\\/www.monaco-tribune.com\\\/it\\\/#\\\/schema\\\/person\\\/330a3732947cf8cb41b2533a0eadd62e\",\"name\":\"Romain Boisaubert\",\"image\":{\"@type\":\"ImageObject\",\"inLanguage\":\"it-IT\",\"@id\":\"https:\\\/\\\/secure.gravatar.com\\\/avatar\\\/f8b90d41f1eabd1cbe4cf59e09d8db41a697d51919bf2dfe727589a24a4a4d54?s=96&d=mm&r=g\",\"url\":\"https:\\\/\\\/secure.gravatar.com\\\/avatar\\\/f8b90d41f1eabd1cbe4cf59e09d8db41a697d51919bf2dfe727589a24a4a4d54?s=96&d=mm&r=g\",\"contentUrl\":\"https:\\\/\\\/secure.gravatar.com\\\/avatar\\\/f8b90d41f1eabd1cbe4cf59e09d8db41a697d51919bf2dfe727589a24a4a4d54?s=96&d=mm&r=g\",\"caption\":\"Romain Boisaubert\"},\"description\":\"Test bio\",\"url\":\"https:\\\/\\\/www.monaco-tribune.com\\\/it\\\/author\\\/romain-boisaubert\\\/\"}]}<\/script>\n<!-- \/ Yoast SEO Premium plugin. -->","yoast_head_json":{"title":"Giulian Biancone firma ancora con l'AS Monaco e va in prestito al Cercle Bruges","description":"Il giovane difensore della squadra ha prolungato il suo contratto con il Monaco fino al 2024, prima di essere dato in prestito per il secondo anno","robots":{"index":"index","follow":"follow","max-snippet":"max-snippet:-1","max-image-preview":"max-image-preview:large","max-video-preview":"max-video-preview:-1"},"canonical":"https:\/\/www.monaco-tribune.com\/it\/2020\/10\/giulian-biancone-firma-ancora-con-las-monaco-e-va-in-prestito-al-cercle-bruges\/","og_locale":"it_IT","og_type":"article","og_title":"Giulian Biancone firma ancora con l'AS Monaco e va in prestito al Cercle Bruges - Monaco Tribune","og_description":"Il giovane difensore della squadra ha prolungato il suo contratto con il Monaco fino al 2024, prima di essere dato in prestito per il secondo anno","og_url":"https:\/\/www.monaco-tribune.com\/it\/2020\/10\/giulian-biancone-firma-ancora-con-las-monaco-e-va-in-prestito-al-cercle-bruges\/","og_site_name":"Monaco Tribune","article_publisher":"https:\/\/www.facebook.com\/MonacoTribune","article_published_time":"2020-10-06T16:33:10+00:00","article_modified_time":"2020-10-06T16:36:54+00:00","og_image":[{"width":1160,"height":650,"url":"https:\/\/www.monaco-tribune.com\/wp-content\/uploads\/2020\/08\/1-1-1160x650-min.jpg","type":"image\/jpeg"}],"author":"Romain Boisaubert","twitter_card":"summary_large_image","twitter_creator":"@MonacoTribune","twitter_site":"@MonacoTribune","schema":{"@context":"https:\/\/schema.org","@graph":[{"@type":"NewsArticle","@id":"https:\/\/www.monaco-tribune.com\/it\/2020\/10\/giulian-biancone-firma-ancora-con-las-monaco-e-va-in-prestito-al-cercle-bruges\/#article","isPartOf":{"@id":"https:\/\/www.monaco-tribune.com\/it\/2020\/10\/giulian-biancone-firma-ancora-con-las-monaco-e-va-in-prestito-al-cercle-bruges\/"},"author":{"name":"Romain Boisaubert","@id":"https:\/\/www.monaco-tribune.com\/it\/#\/schema\/person\/330a3732947cf8cb41b2533a0eadd62e"},"headline":"Giulian Biancone firma ancora con l&#8217;AS Monaco e va in prestito al Cercle Bruges","datePublished":"2020-10-06T16:33:10+00:00","dateModified":"2020-10-06T16:36:54+00:00","mainEntityOfPage":{"@id":"https:\/\/www.monaco-tribune.com\/it\/2020\/10\/giulian-biancone-firma-ancora-con-las-monaco-e-va-in-prestito-al-cercle-bruges\/"},"wordCount":270,"publisher":{"@id":"https:\/\/www.monaco-tribune.com\/it\/#organization"},"image":{"@id":"https:\/\/www.monaco-tribune.com\/it\/2020\/10\/giulian-biancone-firma-ancora-con-las-monaco-e-va-in-prestito-al-cercle-bruges\/#primaryimage"},"thumbnailUrl":"https:\/\/www.monaco-tribune.com\/wp-content\/uploads\/2020\/08\/1-1-1160x650-min.jpg","keywords":["AS Monaco"],"articleSection":["Notizie","Sport"],"inLanguage":"it-IT","copyrightYear":"2020","copyrightHolder":{"@id":"https:\/\/www.monaco-tribune.com\/#organization"}},{"@type":"WebPage","@id":"https:\/\/www.monaco-tribune.com\/it\/2020\/10\/giulian-biancone-firma-ancora-con-las-monaco-e-va-in-prestito-al-cercle-bruges\/","url":"https:\/\/www.monaco-tribune.com\/it\/2020\/10\/giulian-biancone-firma-ancora-con-las-monaco-e-va-in-prestito-al-cercle-bruges\/","name":"Giulian Biancone firma ancora con l'AS Monaco e va in prestito al Cercle Bruges","isPartOf":{"@id":"https:\/\/www.monaco-tribune.com\/it\/#website"},"primaryImageOfPage":{"@id":"https:\/\/www.monaco-tribune.com\/it\/2020\/10\/giulian-biancone-firma-ancora-con-las-monaco-e-va-in-prestito-al-cercle-bruges\/#primaryimage"},"image":{"@id":"https:\/\/www.monaco-tribune.com\/it\/2020\/10\/giulian-biancone-firma-ancora-con-las-monaco-e-va-in-prestito-al-cercle-bruges\/#primaryimage"},"thumbnailUrl":"https:\/\/www.monaco-tribune.com\/wp-content\/uploads\/2020\/08\/1-1-1160x650-min.jpg","datePublished":"2020-10-06T16:33:10+00:00","dateModified":"2020-10-06T16:36:54+00:00","description":"Il giovane difensore della squadra ha prolungato il suo contratto con il Monaco fino al 2024, prima di essere dato in prestito per il secondo anno","breadcrumb":{"@id":"https:\/\/www.monaco-tribune.com\/it\/2020\/10\/giulian-biancone-firma-ancora-con-las-monaco-e-va-in-prestito-al-cercle-bruges\/#breadcrumb"},"inLanguage":"it-IT","potentialAction":[{"@type":"ReadAction","target":["https:\/\/www.monaco-tribune.com\/it\/2020\/10\/giulian-biancone-firma-ancora-con-las-monaco-e-va-in-prestito-al-cercle-bruges\/"]}]},{"@type":"ImageObject","inLanguage":"it-IT","@id":"https:\/\/www.monaco-tribune.com\/it\/2020\/10\/giulian-biancone-firma-ancora-con-las-monaco-e-va-in-prestito-al-cercle-bruges\/#primaryimage","url":"https:\/\/www.monaco-tribune.com\/wp-content\/uploads\/2020\/08\/1-1-1160x650-min.jpg","contentUrl":"https:\/\/www.monaco-tribune.com\/wp-content\/uploads\/2020\/08\/1-1-1160x650-min.jpg","width":1160,"height":650,"caption":"Giulian Biancone \u00e9voluera \u00e0 nouveau sous le maillot du Cercle Bruges cette saison."},{"@type":"BreadcrumbList","@id":"https:\/\/www.monaco-tribune.com\/it\/2020\/10\/giulian-biancone-firma-ancora-con-las-monaco-e-va-in-prestito-al-cercle-bruges\/#breadcrumb","itemListElement":[{"@type":"ListItem","position":1,"name":"Accueil","item":"https:\/\/www.monaco-tribune.com\/it\/"},{"@type":"ListItem","position":2,"name":"Giulian Biancone firma ancora con l&rsquo;AS Monaco e va in prestito al Cercle Bruges"}]},{"@type":"WebSite","@id":"https:\/\/www.monaco-tribune.com\/it\/#website","url":"https:\/\/www.monaco-tribune.com\/it\/","name":"Monaco Tribune","description":"Monaco : actualit\u00e9s \u00e9conomiques, politiques, culturelles et sportives de Monaco et de la French Riviera.","publisher":{"@id":"https:\/\/www.monaco-tribune.com\/it\/#organization"},"potentialAction":[{"@type":"SearchAction","target":{"@type":"EntryPoint","urlTemplate":"https:\/\/www.monaco-tribune.com\/it\/?s={search_term_string}"},"query-input":{"@type":"PropertyValueSpecification","valueRequired":true,"valueName":"search_term_string"}}],"inLanguage":"it-IT"},{"@type":"Organization","@id":"https:\/\/www.monaco-tribune.com\/it\/#organization","name":"Monaco Tribune","url":"https:\/\/www.monaco-tribune.com\/it\/","logo":{"@type":"ImageObject","inLanguage":"it-IT","@id":"https:\/\/www.monaco-tribune.com\/it\/#\/schema\/logo\/image\/","url":"https:\/\/www.monaco-tribune.com\/wp-content\/uploads\/2022\/11\/logo-monaco-tribune.png","contentUrl":"https:\/\/www.monaco-tribune.com\/wp-content\/uploads\/2022\/11\/logo-monaco-tribune.png","width":1548,"height":600,"caption":"Monaco Tribune"},"image":{"@id":"https:\/\/www.monaco-tribune.com\/it\/#\/schema\/logo\/image\/"},"sameAs":["https:\/\/www.facebook.com\/MonacoTribune","https:\/\/x.com\/MonacoTribune","https:\/\/www.instagram.com\/monacotribune\/","https:\/\/www.linkedin.com\/company\/monaco-tribune","https:\/\/www.youtube.com\/channel\/UCHle1MnG6hw1y4lWKijVbMA"]},{"@type":"Person","@id":"https:\/\/www.monaco-tribune.com\/it\/#\/schema\/person\/330a3732947cf8cb41b2533a0eadd62e","name":"Romain Boisaubert","image":{"@type":"ImageObject","inLanguage":"it-IT","@id":"https:\/\/secure.gravatar.com\/avatar\/f8b90d41f1eabd1cbe4cf59e09d8db41a697d51919bf2dfe727589a24a4a4d54?s=96&d=mm&r=g","url":"https:\/\/secure.gravatar.com\/avatar\/f8b90d41f1eabd1cbe4cf59e09d8db41a697d51919bf2dfe727589a24a4a4d54?s=96&d=mm&r=g","contentUrl":"https:\/\/secure.gravatar.com\/avatar\/f8b90d41f1eabd1cbe4cf59e09d8db41a697d51919bf2dfe727589a24a4a4d54?s=96&d=mm&r=g","caption":"Romain Boisaubert"},"description":"Test bio","url":"https:\/\/www.monaco-tribune.com\/it\/author\/romain-boisaubert\/"}]}},"_links":{"self":[{"href":"https:\/\/www.monaco-tribune.com\/it\/wp-json\/wp\/v2\/posts\/40450","targetHints":{"allow":["GET"]}}],"collection":[{"href":"https:\/\/www.monaco-tribune.com\/it\/wp-json\/wp\/v2\/posts"}],"about":[{"href":"https:\/\/www.monaco-tribune.com\/it\/wp-json\/wp\/v2\/types\/post"}],"author":[{"embeddable":true,"href":"https:\/\/www.monaco-tribune.com\/it\/wp-json\/wp\/v2\/users\/24"}],"replies":[{"embeddable":true,"href":"https:\/\/www.monaco-tribune.com\/it\/wp-json\/wp\/v2\/comments?post=40450"}],"version-history":[{"count":0,"href":"https:\/\/www.monaco-tribune.com\/it\/wp-json\/wp\/v2\/posts\/40450\/revisions"}],"wp:featuredmedia":[{"embeddable":true,"href":"https:\/\/www.monaco-tribune.com\/it\/wp-json\/wp\/v2\/media\/33820"}],"wp:attachment":[{"href":"https:\/\/www.monaco-tribune.com\/it\/wp-json\/wp\/v2\/media?parent=40450"}],"wp:term":[{"taxonomy":"category","embeddable":true,"href":"https:\/\/www.monaco-tribune.com\/it\/wp-json\/wp\/v2\/categories?post=40450"},{"taxonomy":"post_tag","embeddable":true,"href":"https:\/\/www.monaco-tribune.com\/it\/wp-json\/wp\/v2\/tags?post=40450"},{"taxonomy":"sectag","embeddable":true,"href":"https:\/\/www.monaco-tribune.com\/it\/wp-json\/wp\/v2\/post_sectags?post=40450"},{"taxonomy":"format","embeddable":true,"href":"https:\/\/www.monaco-tribune.com\/it\/wp-json\/wp\/v2\/post_format?post=40450"}],"curies":[{"name":"wp","href":"https:\/\/api.w.org\/{rel}","templated":true}]}}