{"id":40586,"date":"2020-10-07T16:05:05","date_gmt":"2020-10-07T14:05:05","guid":{"rendered":"https:\/\/www.monaco-tribune.com\/2020\/10\/tempesta-alex-monaco-dona-4-milioni-di-euro-alle-comunita-colpite\/"},"modified":"2020-10-07T16:11:22","modified_gmt":"2020-10-07T14:11:22","slug":"tempesta-alex-monaco-dona-4-milioni-di-euro-alle-comunita-colpite","status":"publish","type":"post","link":"https:\/\/www.monaco-tribune.com\/it\/2020\/10\/tempesta-alex-monaco-dona-4-milioni-di-euro-alle-comunita-colpite\/","title":{"rendered":"Tempesta Alex: Monaco dona 4 milioni di euro alle comunit\u00e0 colpite"},"content":{"rendered":"\n<p><p><strong>Il 6 ottobre, il Ministro di Stato di Monaco Pierre Dartout ha annunciato che il Principato doner\u00e0 4 milioni di euro per aiutare le zone devastata dalla tempesta Alex.<\/strong><\/p><\/p>\n\n<p><p>La somma del <a href=\"https:\/\/www.monaco-tribune.com\/it\/2020\/10\/tempesta-alex-monaco-va-in-soccorso-della-francia\/\">fondo speciale per le zone colpite dalla tempesta<\/a> \u00e8 stata finalmente rivelata.\u00a0I quattro milioni di euro saranno divisi tra le diverse comunit\u00e0: &#8220;<em>Ogni paese francese colpito, oltre che Ventimiglia e il versante italiano del fiume Roia, riceveranno un milione di euro<\/em>&#8220;, ha annunciato il Ministro di Stato di Monaco al Consiglio nazionale.<\/p><\/p>\n\n<h2 class=\"wp-block-heading\">Nuove iniziative<\/h2>\n\n<p><p>I quattro milioni sono destinati all&#8217;assistenza delle popolazioni colpite, oltre che alla &#8220;<em>ricostruzione e messa in sicurezza delle infrastrutture danneggiate dalla catastrofe che ha toccato particolarmente la comunit\u00e0 nazionale<\/em>&#8220;, ha continuato Dartout.<\/p><\/p>\n\n<p><p>La risposta di Monaco alla crisi \u00e8 stata tempestiva. Dopo che la <a href=\"https:\/\/www.monaco-tribune.com\/it\/2020\/10\/tempesta-alex-diversi-morti-e-10-dispersi\/\">Croce Rossa monegasca e la Diocesi hanno iniziato la loro raccolta di donazioni<\/a>, la compagnia di taxi di Monaco si \u00e8 unita alla catena di solidariet\u00e0, offrendo nove delle sue auto per portare beni di prima necessit\u00e0 al comune di Breglio. Sono gi\u00e0 stati programmati altri viaggi, tra cui uno nella valle della Vesubia. Decine di volontari della Croce Rossa sono attualmente impegnati a raccogliere beni non deperibili in diverse parti di Monaco.<\/p><\/p>\n\n<figure class=\"wp-block-embed-facebook aligncenter wp-block-embed is-type-video is-provider-facebook\"><div class=\"wp-block-embed__wrapper\">\nhttps:\/\/www.facebook.com\/taxi.monaco.officiel\/videos\/631293457570425\n<\/div><\/figure>","protected":false},"excerpt":{"rendered":"<p>Il 6 ottobre, il Ministro di Stato di Monaco Pierre Dartout ha annunciato che il Principato doner\u00e0 4 milioni di [&hellip;]<\/p>\n","protected":false},"author":33,"featured_media":40511,"comment_status":"closed","ping_status":"open","sticky":false,"template":"","format":"standard","meta":{"_acf_changed":false,"footnotes":""},"categories":[1738],"tags":[],"post_sectags":[],"post_format":[],"class_list":["post-40586","post","type-post","status-publish","format-standard","has-post-thumbnail","hentry","category-notizie"],"acf":[],"yoast_head":"<!-- This site is optimized with the Yoast SEO Premium plugin v26.8 (Yoast SEO v27.4) - https:\/\/yoast.com\/product\/yoast-seo-premium-wordpress\/ -->\n<title>Tempesta Alex: Monaco dona 4 milioni di euro alle comunit\u00e0 colpite<\/title>\n<meta name=\"description\" content=\"Il 6 ottobre, il Ministro di Stato di Monaco Pierre Dartout ha annunciato che il Principato doner\u00e0 4 milioni di euro per aiutare le zone devastata dalla\" \/>\n<meta name=\"robots\" content=\"index, follow, max-snippet:-1, max-image-preview:large, max-video-preview:-1\" \/>\n<link rel=\"canonical\" href=\"https:\/\/www.monaco-tribune.com\/it\/2020\/10\/tempesta-alex-monaco-dona-4-milioni-di-euro-alle-comunita-colpite\/\" \/>\n<meta property=\"og:locale\" content=\"it_IT\" \/>\n<meta property=\"og:type\" content=\"article\" \/>\n<meta property=\"og:title\" content=\"Tempesta Alex: Monaco dona 4 milioni di euro alle comunit\u00e0 colpite - Monaco Tribune\" \/>\n<meta property=\"og:description\" content=\"Il 6 ottobre, il Ministro di Stato di Monaco Pierre Dartout ha annunciato che il Principato doner\u00e0 4 milioni di euro per aiutare le zone devastata dalla\" \/>\n<meta property=\"og:url\" content=\"https:\/\/www.monaco-tribune.com\/it\/2020\/10\/tempesta-alex-monaco-dona-4-milioni-di-euro-alle-comunita-colpite\/\" \/>\n<meta property=\"og:site_name\" content=\"Monaco Tribune\" \/>\n<meta property=\"article:publisher\" content=\"https:\/\/www.facebook.com\/MonacoTribune\" \/>\n<meta property=\"article:published_time\" content=\"2020-10-07T14:05:05+00:00\" \/>\n<meta property=\"article:modified_time\" content=\"2020-10-07T14:11:22+00:00\" \/>\n<meta property=\"og:image\" content=\"https:\/\/www.monaco-tribune.com\/wp-content\/uploads\/2020\/10\/croix-rouge-monaco-alex.jpg\" \/>\n\t<meta property=\"og:image:width\" content=\"1422\" \/>\n\t<meta property=\"og:image:height\" content=\"1059\" \/>\n\t<meta property=\"og:image:type\" content=\"image\/jpeg\" \/>\n<meta name=\"author\" content=\"Lola Senoble\" \/>\n<meta name=\"twitter:card\" content=\"summary_large_image\" \/>\n<meta name=\"twitter:creator\" content=\"@MonacoTribune\" \/>\n<meta name=\"twitter:site\" content=\"@MonacoTribune\" \/>\n<script type=\"application\/ld+json\" class=\"yoast-schema-graph\">{\"@context\":\"https:\\\/\\\/schema.org\",\"@graph\":[{\"@type\":\"NewsArticle\",\"@id\":\"https:\\\/\\\/www.monaco-tribune.com\\\/it\\\/2020\\\/10\\\/tempesta-alex-monaco-dona-4-milioni-di-euro-alle-comunita-colpite\\\/#article\",\"isPartOf\":{\"@id\":\"https:\\\/\\\/www.monaco-tribune.com\\\/it\\\/2020\\\/10\\\/tempesta-alex-monaco-dona-4-milioni-di-euro-alle-comunita-colpite\\\/\"},\"author\":{\"name\":\"Lola Senoble\",\"@id\":\"https:\\\/\\\/www.monaco-tribune.com\\\/it\\\/#\\\/schema\\\/person\\\/10603f39d06463e013e339670c36bea3\"},\"headline\":\"Tempesta Alex: Monaco dona 4 milioni di euro alle comunit\u00e0 colpite\",\"datePublished\":\"2020-10-07T14:05:05+00:00\",\"dateModified\":\"2020-10-07T14:11:22+00:00\",\"mainEntityOfPage\":{\"@id\":\"https:\\\/\\\/www.monaco-tribune.com\\\/it\\\/2020\\\/10\\\/tempesta-alex-monaco-dona-4-milioni-di-euro-alle-comunita-colpite\\\/\"},\"wordCount\":218,\"publisher\":{\"@id\":\"https:\\\/\\\/www.monaco-tribune.com\\\/it\\\/#organization\"},\"image\":{\"@id\":\"https:\\\/\\\/www.monaco-tribune.com\\\/it\\\/2020\\\/10\\\/tempesta-alex-monaco-dona-4-milioni-di-euro-alle-comunita-colpite\\\/#primaryimage\"},\"thumbnailUrl\":\"https:\\\/\\\/www.monaco-tribune.com\\\/wp-content\\\/uploads\\\/2020\\\/10\\\/croix-rouge-monaco-alex.jpg\",\"articleSection\":[\"Notizie\"],\"inLanguage\":\"it-IT\",\"copyrightYear\":\"2020\",\"copyrightHolder\":{\"@id\":\"https:\\\/\\\/www.monaco-tribune.com\\\/#organization\"}},{\"@type\":\"WebPage\",\"@id\":\"https:\\\/\\\/www.monaco-tribune.com\\\/it\\\/2020\\\/10\\\/tempesta-alex-monaco-dona-4-milioni-di-euro-alle-comunita-colpite\\\/\",\"url\":\"https:\\\/\\\/www.monaco-tribune.com\\\/it\\\/2020\\\/10\\\/tempesta-alex-monaco-dona-4-milioni-di-euro-alle-comunita-colpite\\\/\",\"name\":\"Tempesta Alex: Monaco dona 4 milioni di euro alle comunit\u00e0 colpite\",\"isPartOf\":{\"@id\":\"https:\\\/\\\/www.monaco-tribune.com\\\/it\\\/#website\"},\"primaryImageOfPage\":{\"@id\":\"https:\\\/\\\/www.monaco-tribune.com\\\/it\\\/2020\\\/10\\\/tempesta-alex-monaco-dona-4-milioni-di-euro-alle-comunita-colpite\\\/#primaryimage\"},\"image\":{\"@id\":\"https:\\\/\\\/www.monaco-tribune.com\\\/it\\\/2020\\\/10\\\/tempesta-alex-monaco-dona-4-milioni-di-euro-alle-comunita-colpite\\\/#primaryimage\"},\"thumbnailUrl\":\"https:\\\/\\\/www.monaco-tribune.com\\\/wp-content\\\/uploads\\\/2020\\\/10\\\/croix-rouge-monaco-alex.jpg\",\"datePublished\":\"2020-10-07T14:05:05+00:00\",\"dateModified\":\"2020-10-07T14:11:22+00:00\",\"description\":\"Il 6 ottobre, il Ministro di Stato di Monaco Pierre Dartout ha annunciato che il Principato doner\u00e0 4 milioni di euro per aiutare le zone devastata dalla\",\"breadcrumb\":{\"@id\":\"https:\\\/\\\/www.monaco-tribune.com\\\/it\\\/2020\\\/10\\\/tempesta-alex-monaco-dona-4-milioni-di-euro-alle-comunita-colpite\\\/#breadcrumb\"},\"inLanguage\":\"it-IT\",\"potentialAction\":[{\"@type\":\"ReadAction\",\"target\":[\"https:\\\/\\\/www.monaco-tribune.com\\\/it\\\/2020\\\/10\\\/tempesta-alex-monaco-dona-4-milioni-di-euro-alle-comunita-colpite\\\/\"]}]},{\"@type\":\"ImageObject\",\"inLanguage\":\"it-IT\",\"@id\":\"https:\\\/\\\/www.monaco-tribune.com\\\/it\\\/2020\\\/10\\\/tempesta-alex-monaco-dona-4-milioni-di-euro-alle-comunita-colpite\\\/#primaryimage\",\"url\":\"https:\\\/\\\/www.monaco-tribune.com\\\/wp-content\\\/uploads\\\/2020\\\/10\\\/croix-rouge-monaco-alex.jpg\",\"contentUrl\":\"https:\\\/\\\/www.monaco-tribune.com\\\/wp-content\\\/uploads\\\/2020\\\/10\\\/croix-rouge-monaco-alex.jpg\",\"width\":1422,\"height\":1059,\"caption\":\"La Croce Rossa di Monaco\"},{\"@type\":\"BreadcrumbList\",\"@id\":\"https:\\\/\\\/www.monaco-tribune.com\\\/it\\\/2020\\\/10\\\/tempesta-alex-monaco-dona-4-milioni-di-euro-alle-comunita-colpite\\\/#breadcrumb\",\"itemListElement\":[{\"@type\":\"ListItem\",\"position\":1,\"name\":\"Accueil\",\"item\":\"https:\\\/\\\/www.monaco-tribune.com\\\/it\\\/\"},{\"@type\":\"ListItem\",\"position\":2,\"name\":\"Tempesta Alex: Monaco dona 4 milioni di euro alle comunit\u00e0 colpite\"}]},{\"@type\":\"WebSite\",\"@id\":\"https:\\\/\\\/www.monaco-tribune.com\\\/it\\\/#website\",\"url\":\"https:\\\/\\\/www.monaco-tribune.com\\\/it\\\/\",\"name\":\"Monaco Tribune\",\"description\":\"Monaco : actualit\u00e9s \u00e9conomiques, politiques, culturelles et sportives de Monaco et de la French Riviera.\",\"publisher\":{\"@id\":\"https:\\\/\\\/www.monaco-tribune.com\\\/it\\\/#organization\"},\"potentialAction\":[{\"@type\":\"SearchAction\",\"target\":{\"@type\":\"EntryPoint\",\"urlTemplate\":\"https:\\\/\\\/www.monaco-tribune.com\\\/it\\\/?s={search_term_string}\"},\"query-input\":{\"@type\":\"PropertyValueSpecification\",\"valueRequired\":true,\"valueName\":\"search_term_string\"}}],\"inLanguage\":\"it-IT\"},{\"@type\":\"Organization\",\"@id\":\"https:\\\/\\\/www.monaco-tribune.com\\\/it\\\/#organization\",\"name\":\"Monaco Tribune\",\"url\":\"https:\\\/\\\/www.monaco-tribune.com\\\/it\\\/\",\"logo\":{\"@type\":\"ImageObject\",\"inLanguage\":\"it-IT\",\"@id\":\"https:\\\/\\\/www.monaco-tribune.com\\\/it\\\/#\\\/schema\\\/logo\\\/image\\\/\",\"url\":\"https:\\\/\\\/www.monaco-tribune.com\\\/wp-content\\\/uploads\\\/2022\\\/11\\\/logo-monaco-tribune.png\",\"contentUrl\":\"https:\\\/\\\/www.monaco-tribune.com\\\/wp-content\\\/uploads\\\/2022\\\/11\\\/logo-monaco-tribune.png\",\"width\":1548,\"height\":600,\"caption\":\"Monaco Tribune\"},\"image\":{\"@id\":\"https:\\\/\\\/www.monaco-tribune.com\\\/it\\\/#\\\/schema\\\/logo\\\/image\\\/\"},\"sameAs\":[\"https:\\\/\\\/www.facebook.com\\\/MonacoTribune\",\"https:\\\/\\\/x.com\\\/MonacoTribune\",\"https:\\\/\\\/www.instagram.com\\\/monacotribune\\\/\",\"https:\\\/\\\/www.linkedin.com\\\/company\\\/monaco-tribune\",\"https:\\\/\\\/www.youtube.com\\\/channel\\\/UCHle1MnG6hw1y4lWKijVbMA\"]},{\"@type\":\"Person\",\"@id\":\"https:\\\/\\\/www.monaco-tribune.com\\\/it\\\/#\\\/schema\\\/person\\\/10603f39d06463e013e339670c36bea3\",\"name\":\"Lola Senoble\",\"image\":{\"@type\":\"ImageObject\",\"inLanguage\":\"it-IT\",\"@id\":\"https:\\\/\\\/secure.gravatar.com\\\/avatar\\\/48d557f5142df87422d94c862ef0f4177361c443286157fc3838180d4d313fa1?s=96&d=mm&r=g\",\"url\":\"https:\\\/\\\/secure.gravatar.com\\\/avatar\\\/48d557f5142df87422d94c862ef0f4177361c443286157fc3838180d4d313fa1?s=96&d=mm&r=g\",\"contentUrl\":\"https:\\\/\\\/secure.gravatar.com\\\/avatar\\\/48d557f5142df87422d94c862ef0f4177361c443286157fc3838180d4d313fa1?s=96&d=mm&r=g\",\"caption\":\"Lola Senoble\"},\"url\":\"https:\\\/\\\/www.monaco-tribune.com\\\/it\\\/author\\\/lola-senoble\\\/\"}]}<\/script>\n<!-- \/ Yoast SEO Premium plugin. -->","yoast_head_json":{"title":"Tempesta Alex: Monaco dona 4 milioni di euro alle comunit\u00e0 colpite","description":"Il 6 ottobre, il Ministro di Stato di Monaco Pierre Dartout ha annunciato che il Principato doner\u00e0 4 milioni di euro per aiutare le zone devastata dalla","robots":{"index":"index","follow":"follow","max-snippet":"max-snippet:-1","max-image-preview":"max-image-preview:large","max-video-preview":"max-video-preview:-1"},"canonical":"https:\/\/www.monaco-tribune.com\/it\/2020\/10\/tempesta-alex-monaco-dona-4-milioni-di-euro-alle-comunita-colpite\/","og_locale":"it_IT","og_type":"article","og_title":"Tempesta Alex: Monaco dona 4 milioni di euro alle comunit\u00e0 colpite - Monaco Tribune","og_description":"Il 6 ottobre, il Ministro di Stato di Monaco Pierre Dartout ha annunciato che il Principato doner\u00e0 4 milioni di euro per aiutare le zone devastata dalla","og_url":"https:\/\/www.monaco-tribune.com\/it\/2020\/10\/tempesta-alex-monaco-dona-4-milioni-di-euro-alle-comunita-colpite\/","og_site_name":"Monaco Tribune","article_publisher":"https:\/\/www.facebook.com\/MonacoTribune","article_published_time":"2020-10-07T14:05:05+00:00","article_modified_time":"2020-10-07T14:11:22+00:00","og_image":[{"width":1422,"height":1059,"url":"https:\/\/www.monaco-tribune.com\/wp-content\/uploads\/2020\/10\/croix-rouge-monaco-alex.jpg","type":"image\/jpeg"}],"author":"Lola Senoble","twitter_card":"summary_large_image","twitter_creator":"@MonacoTribune","twitter_site":"@MonacoTribune","schema":{"@context":"https:\/\/schema.org","@graph":[{"@type":"NewsArticle","@id":"https:\/\/www.monaco-tribune.com\/it\/2020\/10\/tempesta-alex-monaco-dona-4-milioni-di-euro-alle-comunita-colpite\/#article","isPartOf":{"@id":"https:\/\/www.monaco-tribune.com\/it\/2020\/10\/tempesta-alex-monaco-dona-4-milioni-di-euro-alle-comunita-colpite\/"},"author":{"name":"Lola Senoble","@id":"https:\/\/www.monaco-tribune.com\/it\/#\/schema\/person\/10603f39d06463e013e339670c36bea3"},"headline":"Tempesta Alex: Monaco dona 4 milioni di euro alle comunit\u00e0 colpite","datePublished":"2020-10-07T14:05:05+00:00","dateModified":"2020-10-07T14:11:22+00:00","mainEntityOfPage":{"@id":"https:\/\/www.monaco-tribune.com\/it\/2020\/10\/tempesta-alex-monaco-dona-4-milioni-di-euro-alle-comunita-colpite\/"},"wordCount":218,"publisher":{"@id":"https:\/\/www.monaco-tribune.com\/it\/#organization"},"image":{"@id":"https:\/\/www.monaco-tribune.com\/it\/2020\/10\/tempesta-alex-monaco-dona-4-milioni-di-euro-alle-comunita-colpite\/#primaryimage"},"thumbnailUrl":"https:\/\/www.monaco-tribune.com\/wp-content\/uploads\/2020\/10\/croix-rouge-monaco-alex.jpg","articleSection":["Notizie"],"inLanguage":"it-IT","copyrightYear":"2020","copyrightHolder":{"@id":"https:\/\/www.monaco-tribune.com\/#organization"}},{"@type":"WebPage","@id":"https:\/\/www.monaco-tribune.com\/it\/2020\/10\/tempesta-alex-monaco-dona-4-milioni-di-euro-alle-comunita-colpite\/","url":"https:\/\/www.monaco-tribune.com\/it\/2020\/10\/tempesta-alex-monaco-dona-4-milioni-di-euro-alle-comunita-colpite\/","name":"Tempesta Alex: Monaco dona 4 milioni di euro alle comunit\u00e0 colpite","isPartOf":{"@id":"https:\/\/www.monaco-tribune.com\/it\/#website"},"primaryImageOfPage":{"@id":"https:\/\/www.monaco-tribune.com\/it\/2020\/10\/tempesta-alex-monaco-dona-4-milioni-di-euro-alle-comunita-colpite\/#primaryimage"},"image":{"@id":"https:\/\/www.monaco-tribune.com\/it\/2020\/10\/tempesta-alex-monaco-dona-4-milioni-di-euro-alle-comunita-colpite\/#primaryimage"},"thumbnailUrl":"https:\/\/www.monaco-tribune.com\/wp-content\/uploads\/2020\/10\/croix-rouge-monaco-alex.jpg","datePublished":"2020-10-07T14:05:05+00:00","dateModified":"2020-10-07T14:11:22+00:00","description":"Il 6 ottobre, il Ministro di Stato di Monaco Pierre Dartout ha annunciato che il Principato doner\u00e0 4 milioni di euro per aiutare le zone devastata dalla","breadcrumb":{"@id":"https:\/\/www.monaco-tribune.com\/it\/2020\/10\/tempesta-alex-monaco-dona-4-milioni-di-euro-alle-comunita-colpite\/#breadcrumb"},"inLanguage":"it-IT","potentialAction":[{"@type":"ReadAction","target":["https:\/\/www.monaco-tribune.com\/it\/2020\/10\/tempesta-alex-monaco-dona-4-milioni-di-euro-alle-comunita-colpite\/"]}]},{"@type":"ImageObject","inLanguage":"it-IT","@id":"https:\/\/www.monaco-tribune.com\/it\/2020\/10\/tempesta-alex-monaco-dona-4-milioni-di-euro-alle-comunita-colpite\/#primaryimage","url":"https:\/\/www.monaco-tribune.com\/wp-content\/uploads\/2020\/10\/croix-rouge-monaco-alex.jpg","contentUrl":"https:\/\/www.monaco-tribune.com\/wp-content\/uploads\/2020\/10\/croix-rouge-monaco-alex.jpg","width":1422,"height":1059,"caption":"La Croce Rossa di Monaco"},{"@type":"BreadcrumbList","@id":"https:\/\/www.monaco-tribune.com\/it\/2020\/10\/tempesta-alex-monaco-dona-4-milioni-di-euro-alle-comunita-colpite\/#breadcrumb","itemListElement":[{"@type":"ListItem","position":1,"name":"Accueil","item":"https:\/\/www.monaco-tribune.com\/it\/"},{"@type":"ListItem","position":2,"name":"Tempesta Alex: Monaco dona 4 milioni di euro alle comunit\u00e0 colpite"}]},{"@type":"WebSite","@id":"https:\/\/www.monaco-tribune.com\/it\/#website","url":"https:\/\/www.monaco-tribune.com\/it\/","name":"Monaco Tribune","description":"Monaco : actualit\u00e9s \u00e9conomiques, politiques, culturelles et sportives de Monaco et de la French Riviera.","publisher":{"@id":"https:\/\/www.monaco-tribune.com\/it\/#organization"},"potentialAction":[{"@type":"SearchAction","target":{"@type":"EntryPoint","urlTemplate":"https:\/\/www.monaco-tribune.com\/it\/?s={search_term_string}"},"query-input":{"@type":"PropertyValueSpecification","valueRequired":true,"valueName":"search_term_string"}}],"inLanguage":"it-IT"},{"@type":"Organization","@id":"https:\/\/www.monaco-tribune.com\/it\/#organization","name":"Monaco Tribune","url":"https:\/\/www.monaco-tribune.com\/it\/","logo":{"@type":"ImageObject","inLanguage":"it-IT","@id":"https:\/\/www.monaco-tribune.com\/it\/#\/schema\/logo\/image\/","url":"https:\/\/www.monaco-tribune.com\/wp-content\/uploads\/2022\/11\/logo-monaco-tribune.png","contentUrl":"https:\/\/www.monaco-tribune.com\/wp-content\/uploads\/2022\/11\/logo-monaco-tribune.png","width":1548,"height":600,"caption":"Monaco Tribune"},"image":{"@id":"https:\/\/www.monaco-tribune.com\/it\/#\/schema\/logo\/image\/"},"sameAs":["https:\/\/www.facebook.com\/MonacoTribune","https:\/\/x.com\/MonacoTribune","https:\/\/www.instagram.com\/monacotribune\/","https:\/\/www.linkedin.com\/company\/monaco-tribune","https:\/\/www.youtube.com\/channel\/UCHle1MnG6hw1y4lWKijVbMA"]},{"@type":"Person","@id":"https:\/\/www.monaco-tribune.com\/it\/#\/schema\/person\/10603f39d06463e013e339670c36bea3","name":"Lola Senoble","image":{"@type":"ImageObject","inLanguage":"it-IT","@id":"https:\/\/secure.gravatar.com\/avatar\/48d557f5142df87422d94c862ef0f4177361c443286157fc3838180d4d313fa1?s=96&d=mm&r=g","url":"https:\/\/secure.gravatar.com\/avatar\/48d557f5142df87422d94c862ef0f4177361c443286157fc3838180d4d313fa1?s=96&d=mm&r=g","contentUrl":"https:\/\/secure.gravatar.com\/avatar\/48d557f5142df87422d94c862ef0f4177361c443286157fc3838180d4d313fa1?s=96&d=mm&r=g","caption":"Lola Senoble"},"url":"https:\/\/www.monaco-tribune.com\/it\/author\/lola-senoble\/"}]}},"_links":{"self":[{"href":"https:\/\/www.monaco-tribune.com\/it\/wp-json\/wp\/v2\/posts\/40586","targetHints":{"allow":["GET"]}}],"collection":[{"href":"https:\/\/www.monaco-tribune.com\/it\/wp-json\/wp\/v2\/posts"}],"about":[{"href":"https:\/\/www.monaco-tribune.com\/it\/wp-json\/wp\/v2\/types\/post"}],"author":[{"embeddable":true,"href":"https:\/\/www.monaco-tribune.com\/it\/wp-json\/wp\/v2\/users\/33"}],"replies":[{"embeddable":true,"href":"https:\/\/www.monaco-tribune.com\/it\/wp-json\/wp\/v2\/comments?post=40586"}],"version-history":[{"count":0,"href":"https:\/\/www.monaco-tribune.com\/it\/wp-json\/wp\/v2\/posts\/40586\/revisions"}],"wp:featuredmedia":[{"embeddable":true,"href":"https:\/\/www.monaco-tribune.com\/it\/wp-json\/wp\/v2\/media\/40511"}],"wp:attachment":[{"href":"https:\/\/www.monaco-tribune.com\/it\/wp-json\/wp\/v2\/media?parent=40586"}],"wp:term":[{"taxonomy":"category","embeddable":true,"href":"https:\/\/www.monaco-tribune.com\/it\/wp-json\/wp\/v2\/categories?post=40586"},{"taxonomy":"post_tag","embeddable":true,"href":"https:\/\/www.monaco-tribune.com\/it\/wp-json\/wp\/v2\/tags?post=40586"},{"taxonomy":"sectag","embeddable":true,"href":"https:\/\/www.monaco-tribune.com\/it\/wp-json\/wp\/v2\/post_sectags?post=40586"},{"taxonomy":"format","embeddable":true,"href":"https:\/\/www.monaco-tribune.com\/it\/wp-json\/wp\/v2\/post_format?post=40586"}],"curies":[{"name":"wp","href":"https:\/\/api.w.org\/{rel}","templated":true}]}}