{"id":41249,"date":"2020-10-12T16:33:51","date_gmt":"2020-10-12T14:33:51","guid":{"rendered":"https:\/\/www.monaco-tribune.com\/2020\/10\/gran-premio-di-germania-charles-leclerc-ferrari-non-molla\/"},"modified":"2020-10-12T16:41:39","modified_gmt":"2020-10-12T14:41:39","slug":"gran-premio-di-germania-charles-leclerc-ferrari-non-molla","status":"publish","type":"post","link":"https:\/\/www.monaco-tribune.com\/it\/2020\/10\/gran-premio-di-germania-charles-leclerc-ferrari-non-molla\/","title":{"rendered":"Gran Premio di Germania: Charles Leclerc (Ferrari) non molla"},"content":{"rendered":"\n<p><p><strong>\u00c8 stata una stagione dura per la Ferrari. Cos\u00ec dura che anche arrivare fino alla fine di una gara \u00e8 una buona notizia. Domenica, al Gran Premio di Germania, dopo una promettente qualificazione, Leclerc ha conquistato un settimo posto abbastanza gradito. Lewis Hamilton (Mercedes) si \u00e8 aggiudicato la vittoria, mentre Valtteri Bottas (Mercedes) ha abbandonato la competizione.<\/strong><\/p><\/p>\n\n\n\n<p>Dopo una qualificazione eccellente, Charles Leclerc non \u00e8 riuscito a mantenere a lungo la sua posizione. Nonostante un&#8217;ottima partenza, che \u00e8 quasi costata il podio a Max Verstappen (Red Bull), Leclerc non \u00e8 stato in grado di mantenere la sua posizione contro Daniel Ricciardo (Renault), che dopo alcuni giri di testa a testa si \u00e8 aggiudicato il 3\u00b0 posto.<\/p>\n\n\n\n<h2 class=\"wp-block-heading\">Continua sulla sua strada<\/h2>\n\n\n\n<p>Con l&#8217;ingresso della safety car, a seguito dell&#8217;uscita fuori pista di Norris, il pilota monegasco perde un&#8217;altra posizione. Al 6\u00b0 posto, subito dietro il suo futuro compagno di squadra Carlos Sainz (McLaren), la Ferrari di Leclerc viene presto superata dal pilota Pierre Gasly (Alpha Tauri). Ma per fortuna, Leclerc riesce a mantenere il suo 7\u00b0 posto senza farsi superare da Nico H\u00fclkenberg (Racing Point).<\/p>\n\n\n\n<h2 class=\"wp-block-heading\">Charles Leclerc: &#8220;Sono un po&#8217; deluso&#8221;<\/h2>\n\n\n\n<p><p>&#8220;Sono un po&#8217; deluso, ma soprattutto \u00e8 stata la prima gara non facile&#8221;, risponde Leclerc ai microfoni di Canal+. &#8220;I primi due cambi, su gomme medie, sono andati bene. Ma con le gomme soft, abbiamo perso troppo, direi che abbiamo perso tutto all&#8217;inizio della corsa. Dobbiamo capire che cosa succede con queste gomme, perch\u00e9 non siamo riusciti a farle funzionare. Abbiamo avuto parecchi problemi di graining, ma non posso farci nulla&#8221;.<\/p><\/p>\n\n\n\n<p><p><a href=\"https:\/\/www.monaco-tribune.com\/it\/2020\/09\/charles-leclerc-sesto-al-gran-premio-di-russia-non-ce-lo-aspettavamo\/\">Dopo essersi aggiudicato la sesta posizione al Gran Premio di Russia due settimane fa<\/a>, Leclerc continua sulla sua strada, segnando ancora una volta punti per la Scuderia Ferrari, che sta affrontando una stagione davvero pessima. Il pilota monegasco \u00e8 attualmente all&#8217;8\u00b0 posto della classifica F1.<\/p><\/p>\n","protected":false},"excerpt":{"rendered":"<p>\u00c8 stata una stagione dura per la Ferrari. Cos\u00ec dura che anche arrivare fino alla fine di una gara \u00e8 [&hellip;]<\/p>\n","protected":false},"author":24,"featured_media":41091,"comment_status":"closed","ping_status":"closed","sticky":false,"template":"","format":"standard","meta":{"_acf_changed":false,"footnotes":""},"categories":[1738,1743],"tags":[],"post_sectags":[],"post_format":[],"class_list":["post-41249","post","type-post","status-publish","format-standard","has-post-thumbnail","hentry","category-notizie","category-sport-it"],"acf":[],"yoast_head":"<!-- This site is optimized with the Yoast SEO Premium plugin v26.8 (Yoast SEO v27.4) - https:\/\/yoast.com\/product\/yoast-seo-premium-wordpress\/ -->\n<title>Gran Premio di Germania: Charles Leclerc (Ferrari) non molla<\/title>\n<meta name=\"description\" content=\"\u00c8 stata una stagione dura per la Ferrari. Cos\u00ec dura che anche arrivare fino alla fine di una gara \u00e8 una buona notizia. Domenica, al Gran Premio di\" \/>\n<meta name=\"robots\" content=\"index, follow, max-snippet:-1, max-image-preview:large, max-video-preview:-1\" \/>\n<link rel=\"canonical\" href=\"https:\/\/www.monaco-tribune.com\/it\/2020\/10\/gran-premio-di-germania-charles-leclerc-ferrari-non-molla\/\" \/>\n<meta property=\"og:locale\" content=\"it_IT\" \/>\n<meta property=\"og:type\" content=\"article\" \/>\n<meta property=\"og:title\" content=\"Gran Premio di Germania: Charles Leclerc (Ferrari) non molla - Monaco Tribune\" \/>\n<meta property=\"og:description\" content=\"\u00c8 stata una stagione dura per la Ferrari. Cos\u00ec dura che anche arrivare fino alla fine di una gara \u00e8 una buona notizia. Domenica, al Gran Premio di\" \/>\n<meta property=\"og:url\" content=\"https:\/\/www.monaco-tribune.com\/it\/2020\/10\/gran-premio-di-germania-charles-leclerc-ferrari-non-molla\/\" \/>\n<meta property=\"og:site_name\" content=\"Monaco Tribune\" \/>\n<meta property=\"article:publisher\" content=\"https:\/\/www.facebook.com\/MonacoTribune\" \/>\n<meta property=\"article:published_time\" content=\"2020-10-12T14:33:51+00:00\" \/>\n<meta property=\"article:modified_time\" content=\"2020-10-12T14:41:39+00:00\" \/>\n<meta property=\"og:image\" content=\"https:\/\/www.monaco-tribune.com\/wp-content\/uploads\/2020\/10\/ej-xvuhxgaqtfwv.jpeg\" \/>\n\t<meta property=\"og:image:width\" content=\"1199\" \/>\n\t<meta property=\"og:image:height\" content=\"800\" \/>\n\t<meta property=\"og:image:type\" content=\"image\/jpeg\" \/>\n<meta name=\"author\" content=\"Romain Boisaubert\" \/>\n<meta name=\"twitter:card\" content=\"summary_large_image\" \/>\n<meta name=\"twitter:creator\" content=\"@MonacoTribune\" \/>\n<meta name=\"twitter:site\" content=\"@MonacoTribune\" \/>\n<script type=\"application\/ld+json\" class=\"yoast-schema-graph\">{\"@context\":\"https:\\\/\\\/schema.org\",\"@graph\":[{\"@type\":\"NewsArticle\",\"@id\":\"https:\\\/\\\/www.monaco-tribune.com\\\/it\\\/2020\\\/10\\\/gran-premio-di-germania-charles-leclerc-ferrari-non-molla\\\/#article\",\"isPartOf\":{\"@id\":\"https:\\\/\\\/www.monaco-tribune.com\\\/it\\\/2020\\\/10\\\/gran-premio-di-germania-charles-leclerc-ferrari-non-molla\\\/\"},\"author\":{\"name\":\"Romain Boisaubert\",\"@id\":\"https:\\\/\\\/www.monaco-tribune.com\\\/it\\\/#\\\/schema\\\/person\\\/330a3732947cf8cb41b2533a0eadd62e\"},\"headline\":\"Gran Premio di Germania: Charles Leclerc (Ferrari) non molla\",\"datePublished\":\"2020-10-12T14:33:51+00:00\",\"dateModified\":\"2020-10-12T14:41:39+00:00\",\"mainEntityOfPage\":{\"@id\":\"https:\\\/\\\/www.monaco-tribune.com\\\/it\\\/2020\\\/10\\\/gran-premio-di-germania-charles-leclerc-ferrari-non-molla\\\/\"},\"wordCount\":309,\"publisher\":{\"@id\":\"https:\\\/\\\/www.monaco-tribune.com\\\/it\\\/#organization\"},\"image\":{\"@id\":\"https:\\\/\\\/www.monaco-tribune.com\\\/it\\\/2020\\\/10\\\/gran-premio-di-germania-charles-leclerc-ferrari-non-molla\\\/#primaryimage\"},\"thumbnailUrl\":\"https:\\\/\\\/www.monaco-tribune.com\\\/wp-content\\\/uploads\\\/2020\\\/10\\\/ej-xvuhxgaqtfwv.jpeg\",\"articleSection\":[\"Notizie\",\"Sport\"],\"inLanguage\":\"it-IT\",\"copyrightYear\":\"2020\",\"copyrightHolder\":{\"@id\":\"https:\\\/\\\/www.monaco-tribune.com\\\/#organization\"}},{\"@type\":\"WebPage\",\"@id\":\"https:\\\/\\\/www.monaco-tribune.com\\\/it\\\/2020\\\/10\\\/gran-premio-di-germania-charles-leclerc-ferrari-non-molla\\\/\",\"url\":\"https:\\\/\\\/www.monaco-tribune.com\\\/it\\\/2020\\\/10\\\/gran-premio-di-germania-charles-leclerc-ferrari-non-molla\\\/\",\"name\":\"Gran Premio di Germania: Charles Leclerc (Ferrari) non molla\",\"isPartOf\":{\"@id\":\"https:\\\/\\\/www.monaco-tribune.com\\\/it\\\/#website\"},\"primaryImageOfPage\":{\"@id\":\"https:\\\/\\\/www.monaco-tribune.com\\\/it\\\/2020\\\/10\\\/gran-premio-di-germania-charles-leclerc-ferrari-non-molla\\\/#primaryimage\"},\"image\":{\"@id\":\"https:\\\/\\\/www.monaco-tribune.com\\\/it\\\/2020\\\/10\\\/gran-premio-di-germania-charles-leclerc-ferrari-non-molla\\\/#primaryimage\"},\"thumbnailUrl\":\"https:\\\/\\\/www.monaco-tribune.com\\\/wp-content\\\/uploads\\\/2020\\\/10\\\/ej-xvuhxgaqtfwv.jpeg\",\"datePublished\":\"2020-10-12T14:33:51+00:00\",\"dateModified\":\"2020-10-12T14:41:39+00:00\",\"description\":\"\u00c8 stata una stagione dura per la Ferrari. Cos\u00ec dura che anche arrivare fino alla fine di una gara \u00e8 una buona notizia. Domenica, al Gran Premio di\",\"breadcrumb\":{\"@id\":\"https:\\\/\\\/www.monaco-tribune.com\\\/it\\\/2020\\\/10\\\/gran-premio-di-germania-charles-leclerc-ferrari-non-molla\\\/#breadcrumb\"},\"inLanguage\":\"it-IT\",\"potentialAction\":[{\"@type\":\"ReadAction\",\"target\":[\"https:\\\/\\\/www.monaco-tribune.com\\\/it\\\/2020\\\/10\\\/gran-premio-di-germania-charles-leclerc-ferrari-non-molla\\\/\"]}]},{\"@type\":\"ImageObject\",\"inLanguage\":\"it-IT\",\"@id\":\"https:\\\/\\\/www.monaco-tribune.com\\\/it\\\/2020\\\/10\\\/gran-premio-di-germania-charles-leclerc-ferrari-non-molla\\\/#primaryimage\",\"url\":\"https:\\\/\\\/www.monaco-tribune.com\\\/wp-content\\\/uploads\\\/2020\\\/10\\\/ej-xvuhxgaqtfwv.jpeg\",\"contentUrl\":\"https:\\\/\\\/www.monaco-tribune.com\\\/wp-content\\\/uploads\\\/2020\\\/10\\\/ej-xvuhxgaqtfwv.jpeg\",\"width\":1199,\"height\":800,\"caption\":\"Twitter Charles Leclerc\"},{\"@type\":\"BreadcrumbList\",\"@id\":\"https:\\\/\\\/www.monaco-tribune.com\\\/it\\\/2020\\\/10\\\/gran-premio-di-germania-charles-leclerc-ferrari-non-molla\\\/#breadcrumb\",\"itemListElement\":[{\"@type\":\"ListItem\",\"position\":1,\"name\":\"Accueil\",\"item\":\"https:\\\/\\\/www.monaco-tribune.com\\\/it\\\/\"},{\"@type\":\"ListItem\",\"position\":2,\"name\":\"Gran Premio di Germania: Charles Leclerc (Ferrari) non molla\"}]},{\"@type\":\"WebSite\",\"@id\":\"https:\\\/\\\/www.monaco-tribune.com\\\/it\\\/#website\",\"url\":\"https:\\\/\\\/www.monaco-tribune.com\\\/it\\\/\",\"name\":\"Monaco Tribune\",\"description\":\"Monaco : actualit\u00e9s \u00e9conomiques, politiques, culturelles et sportives de Monaco et de la French Riviera.\",\"publisher\":{\"@id\":\"https:\\\/\\\/www.monaco-tribune.com\\\/it\\\/#organization\"},\"potentialAction\":[{\"@type\":\"SearchAction\",\"target\":{\"@type\":\"EntryPoint\",\"urlTemplate\":\"https:\\\/\\\/www.monaco-tribune.com\\\/it\\\/?s={search_term_string}\"},\"query-input\":{\"@type\":\"PropertyValueSpecification\",\"valueRequired\":true,\"valueName\":\"search_term_string\"}}],\"inLanguage\":\"it-IT\"},{\"@type\":\"Organization\",\"@id\":\"https:\\\/\\\/www.monaco-tribune.com\\\/it\\\/#organization\",\"name\":\"Monaco Tribune\",\"url\":\"https:\\\/\\\/www.monaco-tribune.com\\\/it\\\/\",\"logo\":{\"@type\":\"ImageObject\",\"inLanguage\":\"it-IT\",\"@id\":\"https:\\\/\\\/www.monaco-tribune.com\\\/it\\\/#\\\/schema\\\/logo\\\/image\\\/\",\"url\":\"https:\\\/\\\/www.monaco-tribune.com\\\/wp-content\\\/uploads\\\/2022\\\/11\\\/logo-monaco-tribune.png\",\"contentUrl\":\"https:\\\/\\\/www.monaco-tribune.com\\\/wp-content\\\/uploads\\\/2022\\\/11\\\/logo-monaco-tribune.png\",\"width\":1548,\"height\":600,\"caption\":\"Monaco Tribune\"},\"image\":{\"@id\":\"https:\\\/\\\/www.monaco-tribune.com\\\/it\\\/#\\\/schema\\\/logo\\\/image\\\/\"},\"sameAs\":[\"https:\\\/\\\/www.facebook.com\\\/MonacoTribune\",\"https:\\\/\\\/x.com\\\/MonacoTribune\",\"https:\\\/\\\/www.instagram.com\\\/monacotribune\\\/\",\"https:\\\/\\\/www.linkedin.com\\\/company\\\/monaco-tribune\",\"https:\\\/\\\/www.youtube.com\\\/channel\\\/UCHle1MnG6hw1y4lWKijVbMA\"]},{\"@type\":\"Person\",\"@id\":\"https:\\\/\\\/www.monaco-tribune.com\\\/it\\\/#\\\/schema\\\/person\\\/330a3732947cf8cb41b2533a0eadd62e\",\"name\":\"Romain Boisaubert\",\"image\":{\"@type\":\"ImageObject\",\"inLanguage\":\"it-IT\",\"@id\":\"https:\\\/\\\/secure.gravatar.com\\\/avatar\\\/f8b90d41f1eabd1cbe4cf59e09d8db41a697d51919bf2dfe727589a24a4a4d54?s=96&d=mm&r=g\",\"url\":\"https:\\\/\\\/secure.gravatar.com\\\/avatar\\\/f8b90d41f1eabd1cbe4cf59e09d8db41a697d51919bf2dfe727589a24a4a4d54?s=96&d=mm&r=g\",\"contentUrl\":\"https:\\\/\\\/secure.gravatar.com\\\/avatar\\\/f8b90d41f1eabd1cbe4cf59e09d8db41a697d51919bf2dfe727589a24a4a4d54?s=96&d=mm&r=g\",\"caption\":\"Romain Boisaubert\"},\"description\":\"Test bio\",\"url\":\"https:\\\/\\\/www.monaco-tribune.com\\\/it\\\/author\\\/romain-boisaubert\\\/\"}]}<\/script>\n<!-- \/ Yoast SEO Premium plugin. -->","yoast_head_json":{"title":"Gran Premio di Germania: Charles Leclerc (Ferrari) non molla","description":"\u00c8 stata una stagione dura per la Ferrari. Cos\u00ec dura che anche arrivare fino alla fine di una gara \u00e8 una buona notizia. Domenica, al Gran Premio di","robots":{"index":"index","follow":"follow","max-snippet":"max-snippet:-1","max-image-preview":"max-image-preview:large","max-video-preview":"max-video-preview:-1"},"canonical":"https:\/\/www.monaco-tribune.com\/it\/2020\/10\/gran-premio-di-germania-charles-leclerc-ferrari-non-molla\/","og_locale":"it_IT","og_type":"article","og_title":"Gran Premio di Germania: Charles Leclerc (Ferrari) non molla - Monaco Tribune","og_description":"\u00c8 stata una stagione dura per la Ferrari. Cos\u00ec dura che anche arrivare fino alla fine di una gara \u00e8 una buona notizia. Domenica, al Gran Premio di","og_url":"https:\/\/www.monaco-tribune.com\/it\/2020\/10\/gran-premio-di-germania-charles-leclerc-ferrari-non-molla\/","og_site_name":"Monaco Tribune","article_publisher":"https:\/\/www.facebook.com\/MonacoTribune","article_published_time":"2020-10-12T14:33:51+00:00","article_modified_time":"2020-10-12T14:41:39+00:00","og_image":[{"width":1199,"height":800,"url":"https:\/\/www.monaco-tribune.com\/wp-content\/uploads\/2020\/10\/ej-xvuhxgaqtfwv.jpeg","type":"image\/jpeg"}],"author":"Romain Boisaubert","twitter_card":"summary_large_image","twitter_creator":"@MonacoTribune","twitter_site":"@MonacoTribune","schema":{"@context":"https:\/\/schema.org","@graph":[{"@type":"NewsArticle","@id":"https:\/\/www.monaco-tribune.com\/it\/2020\/10\/gran-premio-di-germania-charles-leclerc-ferrari-non-molla\/#article","isPartOf":{"@id":"https:\/\/www.monaco-tribune.com\/it\/2020\/10\/gran-premio-di-germania-charles-leclerc-ferrari-non-molla\/"},"author":{"name":"Romain Boisaubert","@id":"https:\/\/www.monaco-tribune.com\/it\/#\/schema\/person\/330a3732947cf8cb41b2533a0eadd62e"},"headline":"Gran Premio di Germania: Charles Leclerc (Ferrari) non molla","datePublished":"2020-10-12T14:33:51+00:00","dateModified":"2020-10-12T14:41:39+00:00","mainEntityOfPage":{"@id":"https:\/\/www.monaco-tribune.com\/it\/2020\/10\/gran-premio-di-germania-charles-leclerc-ferrari-non-molla\/"},"wordCount":309,"publisher":{"@id":"https:\/\/www.monaco-tribune.com\/it\/#organization"},"image":{"@id":"https:\/\/www.monaco-tribune.com\/it\/2020\/10\/gran-premio-di-germania-charles-leclerc-ferrari-non-molla\/#primaryimage"},"thumbnailUrl":"https:\/\/www.monaco-tribune.com\/wp-content\/uploads\/2020\/10\/ej-xvuhxgaqtfwv.jpeg","articleSection":["Notizie","Sport"],"inLanguage":"it-IT","copyrightYear":"2020","copyrightHolder":{"@id":"https:\/\/www.monaco-tribune.com\/#organization"}},{"@type":"WebPage","@id":"https:\/\/www.monaco-tribune.com\/it\/2020\/10\/gran-premio-di-germania-charles-leclerc-ferrari-non-molla\/","url":"https:\/\/www.monaco-tribune.com\/it\/2020\/10\/gran-premio-di-germania-charles-leclerc-ferrari-non-molla\/","name":"Gran Premio di Germania: Charles Leclerc (Ferrari) non molla","isPartOf":{"@id":"https:\/\/www.monaco-tribune.com\/it\/#website"},"primaryImageOfPage":{"@id":"https:\/\/www.monaco-tribune.com\/it\/2020\/10\/gran-premio-di-germania-charles-leclerc-ferrari-non-molla\/#primaryimage"},"image":{"@id":"https:\/\/www.monaco-tribune.com\/it\/2020\/10\/gran-premio-di-germania-charles-leclerc-ferrari-non-molla\/#primaryimage"},"thumbnailUrl":"https:\/\/www.monaco-tribune.com\/wp-content\/uploads\/2020\/10\/ej-xvuhxgaqtfwv.jpeg","datePublished":"2020-10-12T14:33:51+00:00","dateModified":"2020-10-12T14:41:39+00:00","description":"\u00c8 stata una stagione dura per la Ferrari. Cos\u00ec dura che anche arrivare fino alla fine di una gara \u00e8 una buona notizia. Domenica, al Gran Premio di","breadcrumb":{"@id":"https:\/\/www.monaco-tribune.com\/it\/2020\/10\/gran-premio-di-germania-charles-leclerc-ferrari-non-molla\/#breadcrumb"},"inLanguage":"it-IT","potentialAction":[{"@type":"ReadAction","target":["https:\/\/www.monaco-tribune.com\/it\/2020\/10\/gran-premio-di-germania-charles-leclerc-ferrari-non-molla\/"]}]},{"@type":"ImageObject","inLanguage":"it-IT","@id":"https:\/\/www.monaco-tribune.com\/it\/2020\/10\/gran-premio-di-germania-charles-leclerc-ferrari-non-molla\/#primaryimage","url":"https:\/\/www.monaco-tribune.com\/wp-content\/uploads\/2020\/10\/ej-xvuhxgaqtfwv.jpeg","contentUrl":"https:\/\/www.monaco-tribune.com\/wp-content\/uploads\/2020\/10\/ej-xvuhxgaqtfwv.jpeg","width":1199,"height":800,"caption":"Twitter Charles Leclerc"},{"@type":"BreadcrumbList","@id":"https:\/\/www.monaco-tribune.com\/it\/2020\/10\/gran-premio-di-germania-charles-leclerc-ferrari-non-molla\/#breadcrumb","itemListElement":[{"@type":"ListItem","position":1,"name":"Accueil","item":"https:\/\/www.monaco-tribune.com\/it\/"},{"@type":"ListItem","position":2,"name":"Gran Premio di Germania: Charles Leclerc (Ferrari) non molla"}]},{"@type":"WebSite","@id":"https:\/\/www.monaco-tribune.com\/it\/#website","url":"https:\/\/www.monaco-tribune.com\/it\/","name":"Monaco Tribune","description":"Monaco : actualit\u00e9s \u00e9conomiques, politiques, culturelles et sportives de Monaco et de la French Riviera.","publisher":{"@id":"https:\/\/www.monaco-tribune.com\/it\/#organization"},"potentialAction":[{"@type":"SearchAction","target":{"@type":"EntryPoint","urlTemplate":"https:\/\/www.monaco-tribune.com\/it\/?s={search_term_string}"},"query-input":{"@type":"PropertyValueSpecification","valueRequired":true,"valueName":"search_term_string"}}],"inLanguage":"it-IT"},{"@type":"Organization","@id":"https:\/\/www.monaco-tribune.com\/it\/#organization","name":"Monaco Tribune","url":"https:\/\/www.monaco-tribune.com\/it\/","logo":{"@type":"ImageObject","inLanguage":"it-IT","@id":"https:\/\/www.monaco-tribune.com\/it\/#\/schema\/logo\/image\/","url":"https:\/\/www.monaco-tribune.com\/wp-content\/uploads\/2022\/11\/logo-monaco-tribune.png","contentUrl":"https:\/\/www.monaco-tribune.com\/wp-content\/uploads\/2022\/11\/logo-monaco-tribune.png","width":1548,"height":600,"caption":"Monaco Tribune"},"image":{"@id":"https:\/\/www.monaco-tribune.com\/it\/#\/schema\/logo\/image\/"},"sameAs":["https:\/\/www.facebook.com\/MonacoTribune","https:\/\/x.com\/MonacoTribune","https:\/\/www.instagram.com\/monacotribune\/","https:\/\/www.linkedin.com\/company\/monaco-tribune","https:\/\/www.youtube.com\/channel\/UCHle1MnG6hw1y4lWKijVbMA"]},{"@type":"Person","@id":"https:\/\/www.monaco-tribune.com\/it\/#\/schema\/person\/330a3732947cf8cb41b2533a0eadd62e","name":"Romain Boisaubert","image":{"@type":"ImageObject","inLanguage":"it-IT","@id":"https:\/\/secure.gravatar.com\/avatar\/f8b90d41f1eabd1cbe4cf59e09d8db41a697d51919bf2dfe727589a24a4a4d54?s=96&d=mm&r=g","url":"https:\/\/secure.gravatar.com\/avatar\/f8b90d41f1eabd1cbe4cf59e09d8db41a697d51919bf2dfe727589a24a4a4d54?s=96&d=mm&r=g","contentUrl":"https:\/\/secure.gravatar.com\/avatar\/f8b90d41f1eabd1cbe4cf59e09d8db41a697d51919bf2dfe727589a24a4a4d54?s=96&d=mm&r=g","caption":"Romain Boisaubert"},"description":"Test bio","url":"https:\/\/www.monaco-tribune.com\/it\/author\/romain-boisaubert\/"}]}},"_links":{"self":[{"href":"https:\/\/www.monaco-tribune.com\/it\/wp-json\/wp\/v2\/posts\/41249","targetHints":{"allow":["GET"]}}],"collection":[{"href":"https:\/\/www.monaco-tribune.com\/it\/wp-json\/wp\/v2\/posts"}],"about":[{"href":"https:\/\/www.monaco-tribune.com\/it\/wp-json\/wp\/v2\/types\/post"}],"author":[{"embeddable":true,"href":"https:\/\/www.monaco-tribune.com\/it\/wp-json\/wp\/v2\/users\/24"}],"replies":[{"embeddable":true,"href":"https:\/\/www.monaco-tribune.com\/it\/wp-json\/wp\/v2\/comments?post=41249"}],"version-history":[{"count":0,"href":"https:\/\/www.monaco-tribune.com\/it\/wp-json\/wp\/v2\/posts\/41249\/revisions"}],"wp:featuredmedia":[{"embeddable":true,"href":"https:\/\/www.monaco-tribune.com\/it\/wp-json\/wp\/v2\/media\/41091"}],"wp:attachment":[{"href":"https:\/\/www.monaco-tribune.com\/it\/wp-json\/wp\/v2\/media?parent=41249"}],"wp:term":[{"taxonomy":"category","embeddable":true,"href":"https:\/\/www.monaco-tribune.com\/it\/wp-json\/wp\/v2\/categories?post=41249"},{"taxonomy":"post_tag","embeddable":true,"href":"https:\/\/www.monaco-tribune.com\/it\/wp-json\/wp\/v2\/tags?post=41249"},{"taxonomy":"sectag","embeddable":true,"href":"https:\/\/www.monaco-tribune.com\/it\/wp-json\/wp\/v2\/post_sectags?post=41249"},{"taxonomy":"format","embeddable":true,"href":"https:\/\/www.monaco-tribune.com\/it\/wp-json\/wp\/v2\/post_format?post=41249"}],"curies":[{"name":"wp","href":"https:\/\/api.w.org\/{rel}","templated":true}]}}