{"id":42619,"date":"2020-10-22T18:39:08","date_gmt":"2020-10-22T16:39:08","guid":{"rendered":"https:\/\/www.monaco-tribune.com\/2020\/10\/lunesco-e-il-principato-collaborano-per-la-salvaguardia-degli-oceani\/"},"modified":"2020-10-22T18:42:08","modified_gmt":"2020-10-22T16:42:08","slug":"lunesco-e-il-principato-collaborano-per-la-salvaguardia-degli-oceani","status":"publish","type":"post","link":"https:\/\/www.monaco-tribune.com\/it\/2020\/10\/lunesco-e-il-principato-collaborano-per-la-salvaguardia-degli-oceani\/","title":{"rendered":"L&#8217;UNESCO e il Principato collaborano per la salvaguardia degli oceani"},"content":{"rendered":"\n<p><p><strong>La sede dell&#8217;UNESCO di Parigi esporr\u00e0 fino al 30 ottobre una mostra fotografica realizzata in collaborazione con il Principato di Monaco.<\/strong><\/p><\/p>\n\n<p><p>La mostra, intitolata <em>Proteggere il patrimonio marino mondiale dell&#8217;UNESCO grazie alla ricerca scientifica<\/em>, raccoglie una ventina di fotografie, scattate in quattro dei 50 siti dichiarati Patrimonio dell&#8217;umanit\u00e0 dall&#8217;UNESCO. &#8220;In queste aree naturali uniche al mondo, vengono intraprese azioni concrete a livello locale, che mirano a salvaguardare l&#8217;oceano attraverso la ricerca scientifica sul campo e l&#8217;innovazione&#8221;, spiega l&#8217;UNESCO.<\/p><\/p>\n\n<h2 class=\"wp-block-heading\" id=\"h-une-collaboration-avec-les-explorations-de-monaco\">Una collaborazione con la societ\u00e0 Monaco Explorations<\/h2>\n\n<p><p>Dal 2017, Monaco sostiene l&#8217;UNESCO nella salvaguardia e nella ricerca scientifica dei siti marini che rientrano tra i patrimoni dell&#8217;umanit\u00e0. Questa collaborazione \u00e8 possibile soprattutto grazie alla societ\u00e0 <a href=\"https:\/\/www.monacoexplorations.org\/en\/\">Monaco Explorations<\/a>, che conduce missioni scientifiche collaborative e internazionali. I risultati di queste esplorazioni consentono di aiutare il personale di gestione del luogo, attirando al contempo &#8220;l&#8217;attenzione internazionale sui pericoli che corrono i siti pi\u00f9 famosi del mondo&#8221;.<\/p><\/p>\n\n<p><p>La mostra si inserisce nel quadro del<a href=\"https:\/\/en.unesco.org\/ocean-decade\"><em> Decennio delle scienze oceaniche per lo sviluppo sostenibile delle Nazioni Unite<\/em><\/a>, che partir\u00e0 da gennaio 2021. L&#8217;obiettivo \u00e8 quello di intensificare gli investimenti nelle scienze oceaniche e utilizzare le ultime innovazione per <a href=\"https:\/\/www.monaco-tribune.com\/it\/2020\/09\/il-principe-alberto-di-monaco-ha-contribuito-alla-fondazione-del-global-fund-for-coral-reefs\/\">proteggere l&#8217;oceano<\/a>.<\/p><\/p>\n","protected":false},"excerpt":{"rendered":"<p>La sede dell&#8217;UNESCO di Parigi esporr\u00e0 fino al 30 ottobre una mostra fotografica realizzata in collaborazione con il Principato di [&hellip;]<\/p>\n","protected":false},"author":33,"featured_media":42553,"comment_status":"closed","ping_status":"closed","sticky":false,"template":"","format":"standard","meta":{"_acf_changed":false,"footnotes":""},"categories":[1839,1738],"tags":[4219],"post_sectags":[],"post_format":[2478],"class_list":["post-42619","post","type-post","status-publish","format-standard","has-post-thumbnail","hentry","category-green","category-notizie","tag-iniziative","format-notizia"],"acf":[],"yoast_head":"<!-- This site is optimized with the Yoast SEO Premium plugin v26.8 (Yoast SEO v27.5) - https:\/\/yoast.com\/product\/yoast-seo-premium-wordpress\/ -->\n<title>L&#039;UNESCO e il Principato collaborano per la salvaguardia degli oceani<\/title>\n<meta name=\"description\" content=\"La sede dell&#039;UNESCO di Parigi esporr\u00e0 fino al 30 ottobre una mostra fotografica realizzata in collaborazione con il Principato di Monaco. La mostra,\" \/>\n<meta name=\"robots\" content=\"index, follow, max-snippet:-1, max-image-preview:large, max-video-preview:-1\" \/>\n<link rel=\"canonical\" href=\"https:\/\/www.monaco-tribune.com\/it\/2020\/10\/lunesco-e-il-principato-collaborano-per-la-salvaguardia-degli-oceani\/\" \/>\n<meta property=\"og:locale\" content=\"it_IT\" \/>\n<meta property=\"og:type\" content=\"article\" \/>\n<meta property=\"og:title\" content=\"L&#039;UNESCO e il Principato collaborano per la salvaguardia degli oceani - Monaco Tribune\" \/>\n<meta property=\"og:description\" content=\"La sede dell&#039;UNESCO di Parigi esporr\u00e0 fino al 30 ottobre una mostra fotografica realizzata in collaborazione con il Principato di Monaco. La mostra,\" \/>\n<meta property=\"og:url\" content=\"https:\/\/www.monaco-tribune.com\/it\/2020\/10\/lunesco-e-il-principato-collaborano-per-la-salvaguardia-degli-oceani\/\" \/>\n<meta property=\"og:site_name\" content=\"Monaco Tribune\" \/>\n<meta property=\"article:publisher\" content=\"https:\/\/www.facebook.com\/MonacoTribune\" \/>\n<meta property=\"article:published_time\" content=\"2020-10-22T16:39:08+00:00\" \/>\n<meta property=\"article:modified_time\" content=\"2020-10-22T16:42:08+00:00\" \/>\n<meta property=\"og:image\" content=\"https:\/\/www.monaco-tribune.com\/wp-content\/uploads\/2020\/10\/unesco-expo-monaco.jpg\" \/>\n\t<meta property=\"og:image:width\" content=\"890\" \/>\n\t<meta property=\"og:image:height\" content=\"520\" \/>\n\t<meta property=\"og:image:type\" content=\"image\/jpeg\" \/>\n<meta name=\"author\" content=\"Lola Senoble\" \/>\n<meta name=\"twitter:card\" content=\"summary_large_image\" \/>\n<meta name=\"twitter:creator\" content=\"@MonacoTribune\" \/>\n<meta name=\"twitter:site\" content=\"@MonacoTribune\" \/>\n<script type=\"application\/ld+json\" class=\"yoast-schema-graph\">{\"@context\":\"https:\\\/\\\/schema.org\",\"@graph\":[{\"@type\":\"NewsArticle\",\"@id\":\"https:\\\/\\\/www.monaco-tribune.com\\\/it\\\/2020\\\/10\\\/lunesco-e-il-principato-collaborano-per-la-salvaguardia-degli-oceani\\\/#article\",\"isPartOf\":{\"@id\":\"https:\\\/\\\/www.monaco-tribune.com\\\/it\\\/2020\\\/10\\\/lunesco-e-il-principato-collaborano-per-la-salvaguardia-degli-oceani\\\/\"},\"author\":{\"name\":\"Lola Senoble\",\"@id\":\"https:\\\/\\\/www.monaco-tribune.com\\\/it\\\/#\\\/schema\\\/person\\\/10603f39d06463e013e339670c36bea3\"},\"headline\":\"L&#8217;UNESCO e il Principato collaborano per la salvaguardia degli oceani\",\"datePublished\":\"2020-10-22T16:39:08+00:00\",\"dateModified\":\"2020-10-22T16:42:08+00:00\",\"mainEntityOfPage\":{\"@id\":\"https:\\\/\\\/www.monaco-tribune.com\\\/it\\\/2020\\\/10\\\/lunesco-e-il-principato-collaborano-per-la-salvaguardia-degli-oceani\\\/\"},\"wordCount\":209,\"publisher\":{\"@id\":\"https:\\\/\\\/www.monaco-tribune.com\\\/it\\\/#organization\"},\"image\":{\"@id\":\"https:\\\/\\\/www.monaco-tribune.com\\\/it\\\/2020\\\/10\\\/lunesco-e-il-principato-collaborano-per-la-salvaguardia-degli-oceani\\\/#primaryimage\"},\"thumbnailUrl\":\"https:\\\/\\\/www.monaco-tribune.com\\\/wp-content\\\/uploads\\\/2020\\\/10\\\/unesco-expo-monaco.jpg\",\"keywords\":[\"Iniziative\"],\"articleSection\":[\"Green\",\"Notizie\"],\"inLanguage\":\"it-IT\",\"copyrightYear\":\"2020\",\"copyrightHolder\":{\"@id\":\"https:\\\/\\\/www.monaco-tribune.com\\\/#organization\"}},{\"@type\":\"WebPage\",\"@id\":\"https:\\\/\\\/www.monaco-tribune.com\\\/it\\\/2020\\\/10\\\/lunesco-e-il-principato-collaborano-per-la-salvaguardia-degli-oceani\\\/\",\"url\":\"https:\\\/\\\/www.monaco-tribune.com\\\/it\\\/2020\\\/10\\\/lunesco-e-il-principato-collaborano-per-la-salvaguardia-degli-oceani\\\/\",\"name\":\"L'UNESCO e il Principato collaborano per la salvaguardia degli oceani\",\"isPartOf\":{\"@id\":\"https:\\\/\\\/www.monaco-tribune.com\\\/it\\\/#website\"},\"primaryImageOfPage\":{\"@id\":\"https:\\\/\\\/www.monaco-tribune.com\\\/it\\\/2020\\\/10\\\/lunesco-e-il-principato-collaborano-per-la-salvaguardia-degli-oceani\\\/#primaryimage\"},\"image\":{\"@id\":\"https:\\\/\\\/www.monaco-tribune.com\\\/it\\\/2020\\\/10\\\/lunesco-e-il-principato-collaborano-per-la-salvaguardia-degli-oceani\\\/#primaryimage\"},\"thumbnailUrl\":\"https:\\\/\\\/www.monaco-tribune.com\\\/wp-content\\\/uploads\\\/2020\\\/10\\\/unesco-expo-monaco.jpg\",\"datePublished\":\"2020-10-22T16:39:08+00:00\",\"dateModified\":\"2020-10-22T16:42:08+00:00\",\"description\":\"La sede dell'UNESCO di Parigi esporr\u00e0 fino al 30 ottobre una mostra fotografica realizzata in collaborazione con il Principato di Monaco. La mostra,\",\"breadcrumb\":{\"@id\":\"https:\\\/\\\/www.monaco-tribune.com\\\/it\\\/2020\\\/10\\\/lunesco-e-il-principato-collaborano-per-la-salvaguardia-degli-oceani\\\/#breadcrumb\"},\"inLanguage\":\"it-IT\",\"potentialAction\":[{\"@type\":\"ReadAction\",\"target\":[\"https:\\\/\\\/www.monaco-tribune.com\\\/it\\\/2020\\\/10\\\/lunesco-e-il-principato-collaborano-per-la-salvaguardia-degli-oceani\\\/\"]}]},{\"@type\":\"ImageObject\",\"inLanguage\":\"it-IT\",\"@id\":\"https:\\\/\\\/www.monaco-tribune.com\\\/it\\\/2020\\\/10\\\/lunesco-e-il-principato-collaborano-per-la-salvaguardia-degli-oceani\\\/#primaryimage\",\"url\":\"https:\\\/\\\/www.monaco-tribune.com\\\/wp-content\\\/uploads\\\/2020\\\/10\\\/unesco-expo-monaco.jpg\",\"contentUrl\":\"https:\\\/\\\/www.monaco-tribune.com\\\/wp-content\\\/uploads\\\/2020\\\/10\\\/unesco-expo-monaco.jpg\",\"width\":890,\"height\":520,\"caption\":\"UNESCO\"},{\"@type\":\"BreadcrumbList\",\"@id\":\"https:\\\/\\\/www.monaco-tribune.com\\\/it\\\/2020\\\/10\\\/lunesco-e-il-principato-collaborano-per-la-salvaguardia-degli-oceani\\\/#breadcrumb\",\"itemListElement\":[{\"@type\":\"ListItem\",\"position\":1,\"name\":\"Accueil\",\"item\":\"https:\\\/\\\/www.monaco-tribune.com\\\/it\\\/\"},{\"@type\":\"ListItem\",\"position\":2,\"name\":\"L&rsquo;UNESCO e il Principato collaborano per la salvaguardia degli oceani\"}]},{\"@type\":\"WebSite\",\"@id\":\"https:\\\/\\\/www.monaco-tribune.com\\\/it\\\/#website\",\"url\":\"https:\\\/\\\/www.monaco-tribune.com\\\/it\\\/\",\"name\":\"Monaco Tribune\",\"description\":\"Monaco : actualit\u00e9s \u00e9conomiques, politiques, culturelles et sportives de Monaco et de la French Riviera.\",\"publisher\":{\"@id\":\"https:\\\/\\\/www.monaco-tribune.com\\\/it\\\/#organization\"},\"potentialAction\":[{\"@type\":\"SearchAction\",\"target\":{\"@type\":\"EntryPoint\",\"urlTemplate\":\"https:\\\/\\\/www.monaco-tribune.com\\\/it\\\/?s={search_term_string}\"},\"query-input\":{\"@type\":\"PropertyValueSpecification\",\"valueRequired\":true,\"valueName\":\"search_term_string\"}}],\"inLanguage\":\"it-IT\"},{\"@type\":\"Organization\",\"@id\":\"https:\\\/\\\/www.monaco-tribune.com\\\/it\\\/#organization\",\"name\":\"Monaco Tribune\",\"url\":\"https:\\\/\\\/www.monaco-tribune.com\\\/it\\\/\",\"logo\":{\"@type\":\"ImageObject\",\"inLanguage\":\"it-IT\",\"@id\":\"https:\\\/\\\/www.monaco-tribune.com\\\/it\\\/#\\\/schema\\\/logo\\\/image\\\/\",\"url\":\"https:\\\/\\\/www.monaco-tribune.com\\\/wp-content\\\/uploads\\\/2022\\\/11\\\/logo-monaco-tribune.png\",\"contentUrl\":\"https:\\\/\\\/www.monaco-tribune.com\\\/wp-content\\\/uploads\\\/2022\\\/11\\\/logo-monaco-tribune.png\",\"width\":1548,\"height\":600,\"caption\":\"Monaco Tribune\"},\"image\":{\"@id\":\"https:\\\/\\\/www.monaco-tribune.com\\\/it\\\/#\\\/schema\\\/logo\\\/image\\\/\"},\"sameAs\":[\"https:\\\/\\\/www.facebook.com\\\/MonacoTribune\",\"https:\\\/\\\/x.com\\\/MonacoTribune\",\"https:\\\/\\\/www.instagram.com\\\/monacotribune\\\/\",\"https:\\\/\\\/www.linkedin.com\\\/company\\\/monaco-tribune\",\"https:\\\/\\\/www.youtube.com\\\/channel\\\/UCHle1MnG6hw1y4lWKijVbMA\"]},{\"@type\":\"Person\",\"@id\":\"https:\\\/\\\/www.monaco-tribune.com\\\/it\\\/#\\\/schema\\\/person\\\/10603f39d06463e013e339670c36bea3\",\"name\":\"Lola Senoble\",\"image\":{\"@type\":\"ImageObject\",\"inLanguage\":\"it-IT\",\"@id\":\"https:\\\/\\\/secure.gravatar.com\\\/avatar\\\/48d557f5142df87422d94c862ef0f4177361c443286157fc3838180d4d313fa1?s=96&d=mm&r=g\",\"url\":\"https:\\\/\\\/secure.gravatar.com\\\/avatar\\\/48d557f5142df87422d94c862ef0f4177361c443286157fc3838180d4d313fa1?s=96&d=mm&r=g\",\"contentUrl\":\"https:\\\/\\\/secure.gravatar.com\\\/avatar\\\/48d557f5142df87422d94c862ef0f4177361c443286157fc3838180d4d313fa1?s=96&d=mm&r=g\",\"caption\":\"Lola Senoble\"},\"url\":\"https:\\\/\\\/www.monaco-tribune.com\\\/it\\\/author\\\/lola-senoble\\\/\"}]}<\/script>\n<!-- \/ Yoast SEO Premium plugin. -->","yoast_head_json":{"title":"L'UNESCO e il Principato collaborano per la salvaguardia degli oceani","description":"La sede dell'UNESCO di Parigi esporr\u00e0 fino al 30 ottobre una mostra fotografica realizzata in collaborazione con il Principato di Monaco. La mostra,","robots":{"index":"index","follow":"follow","max-snippet":"max-snippet:-1","max-image-preview":"max-image-preview:large","max-video-preview":"max-video-preview:-1"},"canonical":"https:\/\/www.monaco-tribune.com\/it\/2020\/10\/lunesco-e-il-principato-collaborano-per-la-salvaguardia-degli-oceani\/","og_locale":"it_IT","og_type":"article","og_title":"L'UNESCO e il Principato collaborano per la salvaguardia degli oceani - Monaco Tribune","og_description":"La sede dell'UNESCO di Parigi esporr\u00e0 fino al 30 ottobre una mostra fotografica realizzata in collaborazione con il Principato di Monaco. La mostra,","og_url":"https:\/\/www.monaco-tribune.com\/it\/2020\/10\/lunesco-e-il-principato-collaborano-per-la-salvaguardia-degli-oceani\/","og_site_name":"Monaco Tribune","article_publisher":"https:\/\/www.facebook.com\/MonacoTribune","article_published_time":"2020-10-22T16:39:08+00:00","article_modified_time":"2020-10-22T16:42:08+00:00","og_image":[{"width":890,"height":520,"url":"https:\/\/www.monaco-tribune.com\/wp-content\/uploads\/2020\/10\/unesco-expo-monaco.jpg","type":"image\/jpeg"}],"author":"Lola Senoble","twitter_card":"summary_large_image","twitter_creator":"@MonacoTribune","twitter_site":"@MonacoTribune","schema":{"@context":"https:\/\/schema.org","@graph":[{"@type":"NewsArticle","@id":"https:\/\/www.monaco-tribune.com\/it\/2020\/10\/lunesco-e-il-principato-collaborano-per-la-salvaguardia-degli-oceani\/#article","isPartOf":{"@id":"https:\/\/www.monaco-tribune.com\/it\/2020\/10\/lunesco-e-il-principato-collaborano-per-la-salvaguardia-degli-oceani\/"},"author":{"name":"Lola Senoble","@id":"https:\/\/www.monaco-tribune.com\/it\/#\/schema\/person\/10603f39d06463e013e339670c36bea3"},"headline":"L&#8217;UNESCO e il Principato collaborano per la salvaguardia degli oceani","datePublished":"2020-10-22T16:39:08+00:00","dateModified":"2020-10-22T16:42:08+00:00","mainEntityOfPage":{"@id":"https:\/\/www.monaco-tribune.com\/it\/2020\/10\/lunesco-e-il-principato-collaborano-per-la-salvaguardia-degli-oceani\/"},"wordCount":209,"publisher":{"@id":"https:\/\/www.monaco-tribune.com\/it\/#organization"},"image":{"@id":"https:\/\/www.monaco-tribune.com\/it\/2020\/10\/lunesco-e-il-principato-collaborano-per-la-salvaguardia-degli-oceani\/#primaryimage"},"thumbnailUrl":"https:\/\/www.monaco-tribune.com\/wp-content\/uploads\/2020\/10\/unesco-expo-monaco.jpg","keywords":["Iniziative"],"articleSection":["Green","Notizie"],"inLanguage":"it-IT","copyrightYear":"2020","copyrightHolder":{"@id":"https:\/\/www.monaco-tribune.com\/#organization"}},{"@type":"WebPage","@id":"https:\/\/www.monaco-tribune.com\/it\/2020\/10\/lunesco-e-il-principato-collaborano-per-la-salvaguardia-degli-oceani\/","url":"https:\/\/www.monaco-tribune.com\/it\/2020\/10\/lunesco-e-il-principato-collaborano-per-la-salvaguardia-degli-oceani\/","name":"L'UNESCO e il Principato collaborano per la salvaguardia degli oceani","isPartOf":{"@id":"https:\/\/www.monaco-tribune.com\/it\/#website"},"primaryImageOfPage":{"@id":"https:\/\/www.monaco-tribune.com\/it\/2020\/10\/lunesco-e-il-principato-collaborano-per-la-salvaguardia-degli-oceani\/#primaryimage"},"image":{"@id":"https:\/\/www.monaco-tribune.com\/it\/2020\/10\/lunesco-e-il-principato-collaborano-per-la-salvaguardia-degli-oceani\/#primaryimage"},"thumbnailUrl":"https:\/\/www.monaco-tribune.com\/wp-content\/uploads\/2020\/10\/unesco-expo-monaco.jpg","datePublished":"2020-10-22T16:39:08+00:00","dateModified":"2020-10-22T16:42:08+00:00","description":"La sede dell'UNESCO di Parigi esporr\u00e0 fino al 30 ottobre una mostra fotografica realizzata in collaborazione con il Principato di Monaco. La mostra,","breadcrumb":{"@id":"https:\/\/www.monaco-tribune.com\/it\/2020\/10\/lunesco-e-il-principato-collaborano-per-la-salvaguardia-degli-oceani\/#breadcrumb"},"inLanguage":"it-IT","potentialAction":[{"@type":"ReadAction","target":["https:\/\/www.monaco-tribune.com\/it\/2020\/10\/lunesco-e-il-principato-collaborano-per-la-salvaguardia-degli-oceani\/"]}]},{"@type":"ImageObject","inLanguage":"it-IT","@id":"https:\/\/www.monaco-tribune.com\/it\/2020\/10\/lunesco-e-il-principato-collaborano-per-la-salvaguardia-degli-oceani\/#primaryimage","url":"https:\/\/www.monaco-tribune.com\/wp-content\/uploads\/2020\/10\/unesco-expo-monaco.jpg","contentUrl":"https:\/\/www.monaco-tribune.com\/wp-content\/uploads\/2020\/10\/unesco-expo-monaco.jpg","width":890,"height":520,"caption":"UNESCO"},{"@type":"BreadcrumbList","@id":"https:\/\/www.monaco-tribune.com\/it\/2020\/10\/lunesco-e-il-principato-collaborano-per-la-salvaguardia-degli-oceani\/#breadcrumb","itemListElement":[{"@type":"ListItem","position":1,"name":"Accueil","item":"https:\/\/www.monaco-tribune.com\/it\/"},{"@type":"ListItem","position":2,"name":"L&rsquo;UNESCO e il Principato collaborano per la salvaguardia degli oceani"}]},{"@type":"WebSite","@id":"https:\/\/www.monaco-tribune.com\/it\/#website","url":"https:\/\/www.monaco-tribune.com\/it\/","name":"Monaco Tribune","description":"Monaco : actualit\u00e9s \u00e9conomiques, politiques, culturelles et sportives de Monaco et de la French Riviera.","publisher":{"@id":"https:\/\/www.monaco-tribune.com\/it\/#organization"},"potentialAction":[{"@type":"SearchAction","target":{"@type":"EntryPoint","urlTemplate":"https:\/\/www.monaco-tribune.com\/it\/?s={search_term_string}"},"query-input":{"@type":"PropertyValueSpecification","valueRequired":true,"valueName":"search_term_string"}}],"inLanguage":"it-IT"},{"@type":"Organization","@id":"https:\/\/www.monaco-tribune.com\/it\/#organization","name":"Monaco Tribune","url":"https:\/\/www.monaco-tribune.com\/it\/","logo":{"@type":"ImageObject","inLanguage":"it-IT","@id":"https:\/\/www.monaco-tribune.com\/it\/#\/schema\/logo\/image\/","url":"https:\/\/www.monaco-tribune.com\/wp-content\/uploads\/2022\/11\/logo-monaco-tribune.png","contentUrl":"https:\/\/www.monaco-tribune.com\/wp-content\/uploads\/2022\/11\/logo-monaco-tribune.png","width":1548,"height":600,"caption":"Monaco Tribune"},"image":{"@id":"https:\/\/www.monaco-tribune.com\/it\/#\/schema\/logo\/image\/"},"sameAs":["https:\/\/www.facebook.com\/MonacoTribune","https:\/\/x.com\/MonacoTribune","https:\/\/www.instagram.com\/monacotribune\/","https:\/\/www.linkedin.com\/company\/monaco-tribune","https:\/\/www.youtube.com\/channel\/UCHle1MnG6hw1y4lWKijVbMA"]},{"@type":"Person","@id":"https:\/\/www.monaco-tribune.com\/it\/#\/schema\/person\/10603f39d06463e013e339670c36bea3","name":"Lola Senoble","image":{"@type":"ImageObject","inLanguage":"it-IT","@id":"https:\/\/secure.gravatar.com\/avatar\/48d557f5142df87422d94c862ef0f4177361c443286157fc3838180d4d313fa1?s=96&d=mm&r=g","url":"https:\/\/secure.gravatar.com\/avatar\/48d557f5142df87422d94c862ef0f4177361c443286157fc3838180d4d313fa1?s=96&d=mm&r=g","contentUrl":"https:\/\/secure.gravatar.com\/avatar\/48d557f5142df87422d94c862ef0f4177361c443286157fc3838180d4d313fa1?s=96&d=mm&r=g","caption":"Lola Senoble"},"url":"https:\/\/www.monaco-tribune.com\/it\/author\/lola-senoble\/"}]}},"_links":{"self":[{"href":"https:\/\/www.monaco-tribune.com\/it\/wp-json\/wp\/v2\/posts\/42619","targetHints":{"allow":["GET"]}}],"collection":[{"href":"https:\/\/www.monaco-tribune.com\/it\/wp-json\/wp\/v2\/posts"}],"about":[{"href":"https:\/\/www.monaco-tribune.com\/it\/wp-json\/wp\/v2\/types\/post"}],"author":[{"embeddable":true,"href":"https:\/\/www.monaco-tribune.com\/it\/wp-json\/wp\/v2\/users\/33"}],"replies":[{"embeddable":true,"href":"https:\/\/www.monaco-tribune.com\/it\/wp-json\/wp\/v2\/comments?post=42619"}],"version-history":[{"count":0,"href":"https:\/\/www.monaco-tribune.com\/it\/wp-json\/wp\/v2\/posts\/42619\/revisions"}],"wp:featuredmedia":[{"embeddable":true,"href":"https:\/\/www.monaco-tribune.com\/it\/wp-json\/wp\/v2\/media\/42553"}],"wp:attachment":[{"href":"https:\/\/www.monaco-tribune.com\/it\/wp-json\/wp\/v2\/media?parent=42619"}],"wp:term":[{"taxonomy":"category","embeddable":true,"href":"https:\/\/www.monaco-tribune.com\/it\/wp-json\/wp\/v2\/categories?post=42619"},{"taxonomy":"post_tag","embeddable":true,"href":"https:\/\/www.monaco-tribune.com\/it\/wp-json\/wp\/v2\/tags?post=42619"},{"taxonomy":"sectag","embeddable":true,"href":"https:\/\/www.monaco-tribune.com\/it\/wp-json\/wp\/v2\/post_sectags?post=42619"},{"taxonomy":"format","embeddable":true,"href":"https:\/\/www.monaco-tribune.com\/it\/wp-json\/wp\/v2\/post_format?post=42619"}],"curies":[{"name":"wp","href":"https:\/\/api.w.org\/{rel}","templated":true}]}}