{"id":43582,"date":"2020-10-29T16:34:49","date_gmt":"2020-10-29T15:34:49","guid":{"rendered":"https:\/\/www.monaco-tribune.com\/2020\/10\/attentato-a-notre-dame-di-nizza-tre-morti-e-diversi-feriti\/"},"modified":"2020-10-29T16:34:55","modified_gmt":"2020-10-29T15:34:55","slug":"attentato-a-notre-dame-di-nizza-tre-morti-e-diversi-feriti","status":"publish","type":"post","link":"https:\/\/www.monaco-tribune.com\/it\/2020\/10\/attentato-a-notre-dame-di-nizza-tre-morti-e-diversi-feriti\/","title":{"rendered":"Attentato a Notre-Dame di Nizza: tre morti e diversi feriti"},"content":{"rendered":"\n<p><p><strong>Questa mattina, nella basilica di Notre-Dame a Nizza, un uomo ha accoltellato a morte tre persone.<\/strong><\/p><\/p>\n\n<p>Quello che si vocifera essere il guardiano della chiesa e una donna di settant&#8217;anni sono stati uccisi nella basilica. La terza vittima, una donna di circa quarant&#8217;anni, si era rifugiata in un bar vicino ed \u00e8 deceduta a causa delle ferite riportate. L&#8217;attacco ha anche provocato diversi feriti.<\/p>\n\n<p>L&#8217;aggressore \u00e8 stato fermato dalla polizia ed \u00e8 stato portato in ospedale con una ferita alla spalla.<\/p>\n\n<h2 class=\"wp-block-heading\" id=\"h-motivations-terroristes-confirm-s\">Movente terrorista confermato<\/h2>\n\n<p><p>&#8220;Tutto lascia pensare a un attentato terrorista all&#8217;interno della basilica di Notre-Dame&#8221;, ha dichiarato su Twitter il sindaco di Nizza, Christian Estrosi. L&#8217;aggressore &#8220;continuava a ripetere <em>Allah Akbar<\/em> mentre veniva assistito dai medici sul posto&#8221;, ha aggiunto.<\/p><\/p>\n\n<p><p>Il Primo ministro francese, Jean Castex, ha dichiarato il livello di allerta massimo del piano di sicurezza francese e l&#8217;organo antiterrorismo ha aperto un&#8217;indagine. Il presidente francese Emmanuel Macron \u00e8 atteso alla basilica di Notre-Dame nel pomeriggio.<\/p><\/p>\n\n<figure class=\"wp-block-embed-twitter aligncenter wp-block-embed is-type-rich is-provider-twitter\"><div class=\"wp-block-embed__wrapper\">\n<blockquote class=\"twitter-tweet\" data-width=\"500\" data-dnt=\"true\"><p lang=\"fr\" dir=\"ltr\">Je suis proche de la communaut\u00e9 catholique de <a href=\"https:\/\/twitter.com\/hashtag\/Nice?src=hash&amp;ref_src=twsrc%5Etfw\">#Nice<\/a>, en deuil apr\u00e8s l&#39;attaque qui a sem\u00e9 la mort dans un lieu de pri\u00e8re et de consolation. Je prie pour les victimes, pour leurs familles et pour le bien-aim\u00e9 peuple fran\u00e7ais, afin qu&#39;il puisse r\u00e9agir au mal par le bien.<\/p>&mdash; Pape Fran\u00e7ois (@Pontifex_fr) <a href=\"https:\/\/twitter.com\/Pontifex_fr\/status\/1321791393141018625?ref_src=twsrc%5Etfw\">October 29, 2020<\/a><\/blockquote><script async src=\"https:\/\/platform.twitter.com\/widgets.js\" charset=\"utf-8\"><\/script>\n<\/div><\/figure>\n<figure class=\"wp-block-embed-twitter aligncenter wp-block-embed is-type-rich is-provider-twitter\"><div class=\"wp-block-embed__wrapper\">\n<blockquote class=\"twitter-tweet\" data-width=\"500\" data-dnt=\"true\"><p lang=\"fr\" dir=\"ltr\">Merci au chef de l&#39;Etat <a href=\"https:\/\/twitter.com\/EmmanuelMacron?ref_src=twsrc%5Etfw\">@EmmanuelMacron<\/a> pour sa venue imm\u00e9diate dans notre ville apr\u00e8s le nouvel attentat islamiste qui a frapp\u00e9 le c\u0153ur de <a href=\"https:\/\/twitter.com\/hashtag\/Nice06?src=hash&amp;ref_src=twsrc%5Etfw\">#Nice06<\/a>. <a href=\"https:\/\/t.co\/ZAVwVpPf1A\">pic.twitter.com\/ZAVwVpPf1A<\/a><\/p>&mdash; Christian Estrosi (@cestrosi) <a href=\"https:\/\/twitter.com\/cestrosi\/status\/1321796370714497024?ref_src=twsrc%5Etfw\">October 29, 2020<\/a><\/blockquote><script async src=\"https:\/\/platform.twitter.com\/widgets.js\" charset=\"utf-8\"><\/script>\n<\/div><\/figure>","protected":false},"excerpt":{"rendered":"<p>Questa mattina, nella basilica di Notre-Dame a Nizza, un uomo ha accoltellato a morte tre persone. Quello che si vocifera [&hellip;]<\/p>\n","protected":false},"author":35,"featured_media":43532,"comment_status":"closed","ping_status":"closed","sticky":false,"template":"","format":"standard","meta":{"_acf_changed":false,"footnotes":""},"categories":[1826,1738,1752],"tags":[2869],"post_sectags":[],"post_format":[2478],"class_list":["post-43582","post","type-post","status-publish","format-standard","has-post-thumbnail","hentry","category-la-nostra-scelta","category-notizie","category-societa","tag-cronaca","format-notizia"],"acf":[],"yoast_head":"<!-- This site is optimized with the Yoast SEO Premium plugin v27.5 (Yoast SEO v27.5) - https:\/\/yoast.com\/product\/yoast-seo-premium-wordpress\/ -->\n<title>Attentato a Notre-Dame di Nizza: tre morti e diversi feriti<\/title>\n<meta name=\"description\" content=\"Questa mattina, nella basilica di Notre-Dame a Nizza, un uomo ha accoltellato a morte tre persone. Quello che si vocifera essere il guardiano della chiesa\" \/>\n<meta name=\"robots\" content=\"index, follow, max-snippet:-1, max-image-preview:large, max-video-preview:-1\" \/>\n<link rel=\"canonical\" href=\"https:\/\/www.monaco-tribune.com\/it\/2020\/10\/attentato-a-notre-dame-di-nizza-tre-morti-e-diversi-feriti\/\" \/>\n<meta property=\"og:locale\" content=\"it_IT\" \/>\n<meta property=\"og:type\" content=\"article\" \/>\n<meta property=\"og:title\" content=\"Attentato a Notre-Dame di Nizza: tre morti e diversi feriti - Monaco Tribune\" \/>\n<meta property=\"og:description\" content=\"Questa mattina, nella basilica di Notre-Dame a Nizza, un uomo ha accoltellato a morte tre persone. Quello che si vocifera essere il guardiano della chiesa\" \/>\n<meta property=\"og:url\" content=\"https:\/\/www.monaco-tribune.com\/it\/2020\/10\/attentato-a-notre-dame-di-nizza-tre-morti-e-diversi-feriti\/\" \/>\n<meta property=\"og:site_name\" content=\"Monaco Tribune\" \/>\n<meta property=\"article:publisher\" content=\"https:\/\/www.facebook.com\/MonacoTribune\" \/>\n<meta property=\"article:published_time\" content=\"2020-10-29T15:34:49+00:00\" \/>\n<meta property=\"article:modified_time\" content=\"2020-10-29T15:34:55+00:00\" \/>\n<meta property=\"og:image\" content=\"https:\/\/www.monaco-tribune.com\/wp-content\/uploads\/2020\/10\/emmanuel-macron.jpg\" \/>\n\t<meta property=\"og:image:width\" content=\"976\" \/>\n\t<meta property=\"og:image:height\" content=\"549\" \/>\n\t<meta property=\"og:image:type\" content=\"image\/jpeg\" \/>\n<meta name=\"author\" content=\"Francesca German\" \/>\n<meta name=\"twitter:card\" content=\"summary_large_image\" \/>\n<meta name=\"twitter:creator\" content=\"@MonacoTribune\" \/>\n<meta name=\"twitter:site\" content=\"@MonacoTribune\" \/>\n<script type=\"application\/ld+json\" class=\"yoast-schema-graph\">{\"@context\":\"https:\\\/\\\/schema.org\",\"@graph\":[{\"@type\":\"NewsArticle\",\"@id\":\"https:\\\/\\\/www.monaco-tribune.com\\\/it\\\/2020\\\/10\\\/attentato-a-notre-dame-di-nizza-tre-morti-e-diversi-feriti\\\/#article\",\"isPartOf\":{\"@id\":\"https:\\\/\\\/www.monaco-tribune.com\\\/it\\\/2020\\\/10\\\/attentato-a-notre-dame-di-nizza-tre-morti-e-diversi-feriti\\\/\"},\"author\":{\"name\":\"Francesca German\",\"@id\":\"https:\\\/\\\/www.monaco-tribune.com\\\/it\\\/#\\\/schema\\\/person\\\/cd4352150f4370cd860abc5f0ae76a12\"},\"headline\":\"Attentato a Notre-Dame di Nizza: tre morti e diversi feriti\",\"datePublished\":\"2020-10-29T15:34:49+00:00\",\"dateModified\":\"2020-10-29T15:34:55+00:00\",\"mainEntityOfPage\":{\"@id\":\"https:\\\/\\\/www.monaco-tribune.com\\\/it\\\/2020\\\/10\\\/attentato-a-notre-dame-di-nizza-tre-morti-e-diversi-feriti\\\/\"},\"wordCount\":185,\"publisher\":{\"@id\":\"https:\\\/\\\/www.monaco-tribune.com\\\/it\\\/#organization\"},\"image\":{\"@id\":\"https:\\\/\\\/www.monaco-tribune.com\\\/it\\\/2020\\\/10\\\/attentato-a-notre-dame-di-nizza-tre-morti-e-diversi-feriti\\\/#primaryimage\"},\"thumbnailUrl\":\"https:\\\/\\\/www.monaco-tribune.com\\\/wp-content\\\/uploads\\\/2020\\\/10\\\/emmanuel-macron.jpg\",\"keywords\":[\"Cronaca\"],\"articleSection\":[\"La nostra scelta\",\"Notizie\",\"Societ\u00e0\"],\"inLanguage\":\"it-IT\",\"copyrightYear\":\"2020\",\"copyrightHolder\":{\"@id\":\"https:\\\/\\\/www.monaco-tribune.com\\\/#organization\"}},{\"@type\":\"WebPage\",\"@id\":\"https:\\\/\\\/www.monaco-tribune.com\\\/it\\\/2020\\\/10\\\/attentato-a-notre-dame-di-nizza-tre-morti-e-diversi-feriti\\\/\",\"url\":\"https:\\\/\\\/www.monaco-tribune.com\\\/it\\\/2020\\\/10\\\/attentato-a-notre-dame-di-nizza-tre-morti-e-diversi-feriti\\\/\",\"name\":\"Attentato a Notre-Dame di Nizza: tre morti e diversi feriti\",\"isPartOf\":{\"@id\":\"https:\\\/\\\/www.monaco-tribune.com\\\/it\\\/#website\"},\"primaryImageOfPage\":{\"@id\":\"https:\\\/\\\/www.monaco-tribune.com\\\/it\\\/2020\\\/10\\\/attentato-a-notre-dame-di-nizza-tre-morti-e-diversi-feriti\\\/#primaryimage\"},\"image\":{\"@id\":\"https:\\\/\\\/www.monaco-tribune.com\\\/it\\\/2020\\\/10\\\/attentato-a-notre-dame-di-nizza-tre-morti-e-diversi-feriti\\\/#primaryimage\"},\"thumbnailUrl\":\"https:\\\/\\\/www.monaco-tribune.com\\\/wp-content\\\/uploads\\\/2020\\\/10\\\/emmanuel-macron.jpg\",\"datePublished\":\"2020-10-29T15:34:49+00:00\",\"dateModified\":\"2020-10-29T15:34:55+00:00\",\"description\":\"Questa mattina, nella basilica di Notre-Dame a Nizza, un uomo ha accoltellato a morte tre persone. Quello che si vocifera essere il guardiano della chiesa\",\"breadcrumb\":{\"@id\":\"https:\\\/\\\/www.monaco-tribune.com\\\/it\\\/2020\\\/10\\\/attentato-a-notre-dame-di-nizza-tre-morti-e-diversi-feriti\\\/#breadcrumb\"},\"inLanguage\":\"it-IT\",\"potentialAction\":[{\"@type\":\"ReadAction\",\"target\":[\"https:\\\/\\\/www.monaco-tribune.com\\\/it\\\/2020\\\/10\\\/attentato-a-notre-dame-di-nizza-tre-morti-e-diversi-feriti\\\/\"]}]},{\"@type\":\"ImageObject\",\"inLanguage\":\"it-IT\",\"@id\":\"https:\\\/\\\/www.monaco-tribune.com\\\/it\\\/2020\\\/10\\\/attentato-a-notre-dame-di-nizza-tre-morti-e-diversi-feriti\\\/#primaryimage\",\"url\":\"https:\\\/\\\/www.monaco-tribune.com\\\/wp-content\\\/uploads\\\/2020\\\/10\\\/emmanuel-macron.jpg\",\"contentUrl\":\"https:\\\/\\\/www.monaco-tribune.com\\\/wp-content\\\/uploads\\\/2020\\\/10\\\/emmanuel-macron.jpg\",\"width\":976,\"height\":549,\"caption\":\"Emmanuel Macron\"},{\"@type\":\"BreadcrumbList\",\"@id\":\"https:\\\/\\\/www.monaco-tribune.com\\\/it\\\/2020\\\/10\\\/attentato-a-notre-dame-di-nizza-tre-morti-e-diversi-feriti\\\/#breadcrumb\",\"itemListElement\":[{\"@type\":\"ListItem\",\"position\":1,\"name\":\"Accueil\",\"item\":\"https:\\\/\\\/www.monaco-tribune.com\\\/it\\\/\"},{\"@type\":\"ListItem\",\"position\":2,\"name\":\"Attentato a Notre-Dame di Nizza: tre morti e diversi feriti\"}]},{\"@type\":\"WebSite\",\"@id\":\"https:\\\/\\\/www.monaco-tribune.com\\\/it\\\/#website\",\"url\":\"https:\\\/\\\/www.monaco-tribune.com\\\/it\\\/\",\"name\":\"Monaco Tribune\",\"description\":\"Monaco : actualit\u00e9s \u00e9conomiques, politiques, culturelles et sportives de Monaco et de la French Riviera.\",\"publisher\":{\"@id\":\"https:\\\/\\\/www.monaco-tribune.com\\\/it\\\/#organization\"},\"potentialAction\":[{\"@type\":\"SearchAction\",\"target\":{\"@type\":\"EntryPoint\",\"urlTemplate\":\"https:\\\/\\\/www.monaco-tribune.com\\\/it\\\/?s={search_term_string}\"},\"query-input\":{\"@type\":\"PropertyValueSpecification\",\"valueRequired\":true,\"valueName\":\"search_term_string\"}}],\"inLanguage\":\"it-IT\"},{\"@type\":\"Organization\",\"@id\":\"https:\\\/\\\/www.monaco-tribune.com\\\/it\\\/#organization\",\"name\":\"Monaco Tribune\",\"url\":\"https:\\\/\\\/www.monaco-tribune.com\\\/it\\\/\",\"logo\":{\"@type\":\"ImageObject\",\"inLanguage\":\"it-IT\",\"@id\":\"https:\\\/\\\/www.monaco-tribune.com\\\/it\\\/#\\\/schema\\\/logo\\\/image\\\/\",\"url\":\"https:\\\/\\\/www.monaco-tribune.com\\\/wp-content\\\/uploads\\\/2022\\\/11\\\/logo-monaco-tribune.png\",\"contentUrl\":\"https:\\\/\\\/www.monaco-tribune.com\\\/wp-content\\\/uploads\\\/2022\\\/11\\\/logo-monaco-tribune.png\",\"width\":1548,\"height\":600,\"caption\":\"Monaco Tribune\"},\"image\":{\"@id\":\"https:\\\/\\\/www.monaco-tribune.com\\\/it\\\/#\\\/schema\\\/logo\\\/image\\\/\"},\"sameAs\":[\"https:\\\/\\\/www.facebook.com\\\/MonacoTribune\",\"https:\\\/\\\/x.com\\\/MonacoTribune\",\"https:\\\/\\\/www.instagram.com\\\/monacotribune\\\/\",\"https:\\\/\\\/www.linkedin.com\\\/company\\\/monaco-tribune\",\"https:\\\/\\\/www.youtube.com\\\/channel\\\/UCHle1MnG6hw1y4lWKijVbMA\"]},{\"@type\":\"Person\",\"@id\":\"https:\\\/\\\/www.monaco-tribune.com\\\/it\\\/#\\\/schema\\\/person\\\/cd4352150f4370cd860abc5f0ae76a12\",\"name\":\"Francesca German\",\"image\":{\"@type\":\"ImageObject\",\"inLanguage\":\"it-IT\",\"@id\":\"https:\\\/\\\/secure.gravatar.com\\\/avatar\\\/fd37e6ec8e4df41e628b34fc3b37dce72cc4abdd815191f36e3bcfc1edfe5f61?s=96&d=mm&r=g\",\"url\":\"https:\\\/\\\/secure.gravatar.com\\\/avatar\\\/fd37e6ec8e4df41e628b34fc3b37dce72cc4abdd815191f36e3bcfc1edfe5f61?s=96&d=mm&r=g\",\"contentUrl\":\"https:\\\/\\\/secure.gravatar.com\\\/avatar\\\/fd37e6ec8e4df41e628b34fc3b37dce72cc4abdd815191f36e3bcfc1edfe5f61?s=96&d=mm&r=g\",\"caption\":\"Francesca German\"},\"url\":\"https:\\\/\\\/www.monaco-tribune.com\\\/it\\\/author\\\/francescagerman\\\/\"}]}<\/script>\n<!-- \/ Yoast SEO Premium plugin. -->","yoast_head_json":{"title":"Attentato a Notre-Dame di Nizza: tre morti e diversi feriti","description":"Questa mattina, nella basilica di Notre-Dame a Nizza, un uomo ha accoltellato a morte tre persone. Quello che si vocifera essere il guardiano della chiesa","robots":{"index":"index","follow":"follow","max-snippet":"max-snippet:-1","max-image-preview":"max-image-preview:large","max-video-preview":"max-video-preview:-1"},"canonical":"https:\/\/www.monaco-tribune.com\/it\/2020\/10\/attentato-a-notre-dame-di-nizza-tre-morti-e-diversi-feriti\/","og_locale":"it_IT","og_type":"article","og_title":"Attentato a Notre-Dame di Nizza: tre morti e diversi feriti - Monaco Tribune","og_description":"Questa mattina, nella basilica di Notre-Dame a Nizza, un uomo ha accoltellato a morte tre persone. Quello che si vocifera essere il guardiano della chiesa","og_url":"https:\/\/www.monaco-tribune.com\/it\/2020\/10\/attentato-a-notre-dame-di-nizza-tre-morti-e-diversi-feriti\/","og_site_name":"Monaco Tribune","article_publisher":"https:\/\/www.facebook.com\/MonacoTribune","article_published_time":"2020-10-29T15:34:49+00:00","article_modified_time":"2020-10-29T15:34:55+00:00","og_image":[{"width":976,"height":549,"url":"https:\/\/www.monaco-tribune.com\/wp-content\/uploads\/2020\/10\/emmanuel-macron.jpg","type":"image\/jpeg"}],"author":"Francesca German","twitter_card":"summary_large_image","twitter_creator":"@MonacoTribune","twitter_site":"@MonacoTribune","schema":{"@context":"https:\/\/schema.org","@graph":[{"@type":"NewsArticle","@id":"https:\/\/www.monaco-tribune.com\/it\/2020\/10\/attentato-a-notre-dame-di-nizza-tre-morti-e-diversi-feriti\/#article","isPartOf":{"@id":"https:\/\/www.monaco-tribune.com\/it\/2020\/10\/attentato-a-notre-dame-di-nizza-tre-morti-e-diversi-feriti\/"},"author":{"name":"Francesca German","@id":"https:\/\/www.monaco-tribune.com\/it\/#\/schema\/person\/cd4352150f4370cd860abc5f0ae76a12"},"headline":"Attentato a Notre-Dame di Nizza: tre morti e diversi feriti","datePublished":"2020-10-29T15:34:49+00:00","dateModified":"2020-10-29T15:34:55+00:00","mainEntityOfPage":{"@id":"https:\/\/www.monaco-tribune.com\/it\/2020\/10\/attentato-a-notre-dame-di-nizza-tre-morti-e-diversi-feriti\/"},"wordCount":185,"publisher":{"@id":"https:\/\/www.monaco-tribune.com\/it\/#organization"},"image":{"@id":"https:\/\/www.monaco-tribune.com\/it\/2020\/10\/attentato-a-notre-dame-di-nizza-tre-morti-e-diversi-feriti\/#primaryimage"},"thumbnailUrl":"https:\/\/www.monaco-tribune.com\/wp-content\/uploads\/2020\/10\/emmanuel-macron.jpg","keywords":["Cronaca"],"articleSection":["La nostra scelta","Notizie","Societ\u00e0"],"inLanguage":"it-IT","copyrightYear":"2020","copyrightHolder":{"@id":"https:\/\/www.monaco-tribune.com\/#organization"}},{"@type":"WebPage","@id":"https:\/\/www.monaco-tribune.com\/it\/2020\/10\/attentato-a-notre-dame-di-nizza-tre-morti-e-diversi-feriti\/","url":"https:\/\/www.monaco-tribune.com\/it\/2020\/10\/attentato-a-notre-dame-di-nizza-tre-morti-e-diversi-feriti\/","name":"Attentato a Notre-Dame di Nizza: tre morti e diversi feriti","isPartOf":{"@id":"https:\/\/www.monaco-tribune.com\/it\/#website"},"primaryImageOfPage":{"@id":"https:\/\/www.monaco-tribune.com\/it\/2020\/10\/attentato-a-notre-dame-di-nizza-tre-morti-e-diversi-feriti\/#primaryimage"},"image":{"@id":"https:\/\/www.monaco-tribune.com\/it\/2020\/10\/attentato-a-notre-dame-di-nizza-tre-morti-e-diversi-feriti\/#primaryimage"},"thumbnailUrl":"https:\/\/www.monaco-tribune.com\/wp-content\/uploads\/2020\/10\/emmanuel-macron.jpg","datePublished":"2020-10-29T15:34:49+00:00","dateModified":"2020-10-29T15:34:55+00:00","description":"Questa mattina, nella basilica di Notre-Dame a Nizza, un uomo ha accoltellato a morte tre persone. Quello che si vocifera essere il guardiano della chiesa","breadcrumb":{"@id":"https:\/\/www.monaco-tribune.com\/it\/2020\/10\/attentato-a-notre-dame-di-nizza-tre-morti-e-diversi-feriti\/#breadcrumb"},"inLanguage":"it-IT","potentialAction":[{"@type":"ReadAction","target":["https:\/\/www.monaco-tribune.com\/it\/2020\/10\/attentato-a-notre-dame-di-nizza-tre-morti-e-diversi-feriti\/"]}]},{"@type":"ImageObject","inLanguage":"it-IT","@id":"https:\/\/www.monaco-tribune.com\/it\/2020\/10\/attentato-a-notre-dame-di-nizza-tre-morti-e-diversi-feriti\/#primaryimage","url":"https:\/\/www.monaco-tribune.com\/wp-content\/uploads\/2020\/10\/emmanuel-macron.jpg","contentUrl":"https:\/\/www.monaco-tribune.com\/wp-content\/uploads\/2020\/10\/emmanuel-macron.jpg","width":976,"height":549,"caption":"Emmanuel Macron"},{"@type":"BreadcrumbList","@id":"https:\/\/www.monaco-tribune.com\/it\/2020\/10\/attentato-a-notre-dame-di-nizza-tre-morti-e-diversi-feriti\/#breadcrumb","itemListElement":[{"@type":"ListItem","position":1,"name":"Accueil","item":"https:\/\/www.monaco-tribune.com\/it\/"},{"@type":"ListItem","position":2,"name":"Attentato a Notre-Dame di Nizza: tre morti e diversi feriti"}]},{"@type":"WebSite","@id":"https:\/\/www.monaco-tribune.com\/it\/#website","url":"https:\/\/www.monaco-tribune.com\/it\/","name":"Monaco Tribune","description":"Monaco : actualit\u00e9s \u00e9conomiques, politiques, culturelles et sportives de Monaco et de la French Riviera.","publisher":{"@id":"https:\/\/www.monaco-tribune.com\/it\/#organization"},"potentialAction":[{"@type":"SearchAction","target":{"@type":"EntryPoint","urlTemplate":"https:\/\/www.monaco-tribune.com\/it\/?s={search_term_string}"},"query-input":{"@type":"PropertyValueSpecification","valueRequired":true,"valueName":"search_term_string"}}],"inLanguage":"it-IT"},{"@type":"Organization","@id":"https:\/\/www.monaco-tribune.com\/it\/#organization","name":"Monaco Tribune","url":"https:\/\/www.monaco-tribune.com\/it\/","logo":{"@type":"ImageObject","inLanguage":"it-IT","@id":"https:\/\/www.monaco-tribune.com\/it\/#\/schema\/logo\/image\/","url":"https:\/\/www.monaco-tribune.com\/wp-content\/uploads\/2022\/11\/logo-monaco-tribune.png","contentUrl":"https:\/\/www.monaco-tribune.com\/wp-content\/uploads\/2022\/11\/logo-monaco-tribune.png","width":1548,"height":600,"caption":"Monaco Tribune"},"image":{"@id":"https:\/\/www.monaco-tribune.com\/it\/#\/schema\/logo\/image\/"},"sameAs":["https:\/\/www.facebook.com\/MonacoTribune","https:\/\/x.com\/MonacoTribune","https:\/\/www.instagram.com\/monacotribune\/","https:\/\/www.linkedin.com\/company\/monaco-tribune","https:\/\/www.youtube.com\/channel\/UCHle1MnG6hw1y4lWKijVbMA"]},{"@type":"Person","@id":"https:\/\/www.monaco-tribune.com\/it\/#\/schema\/person\/cd4352150f4370cd860abc5f0ae76a12","name":"Francesca German","image":{"@type":"ImageObject","inLanguage":"it-IT","@id":"https:\/\/secure.gravatar.com\/avatar\/fd37e6ec8e4df41e628b34fc3b37dce72cc4abdd815191f36e3bcfc1edfe5f61?s=96&d=mm&r=g","url":"https:\/\/secure.gravatar.com\/avatar\/fd37e6ec8e4df41e628b34fc3b37dce72cc4abdd815191f36e3bcfc1edfe5f61?s=96&d=mm&r=g","contentUrl":"https:\/\/secure.gravatar.com\/avatar\/fd37e6ec8e4df41e628b34fc3b37dce72cc4abdd815191f36e3bcfc1edfe5f61?s=96&d=mm&r=g","caption":"Francesca German"},"url":"https:\/\/www.monaco-tribune.com\/it\/author\/francescagerman\/"}]}},"_links":{"self":[{"href":"https:\/\/www.monaco-tribune.com\/it\/wp-json\/wp\/v2\/posts\/43582","targetHints":{"allow":["GET"]}}],"collection":[{"href":"https:\/\/www.monaco-tribune.com\/it\/wp-json\/wp\/v2\/posts"}],"about":[{"href":"https:\/\/www.monaco-tribune.com\/it\/wp-json\/wp\/v2\/types\/post"}],"author":[{"embeddable":true,"href":"https:\/\/www.monaco-tribune.com\/it\/wp-json\/wp\/v2\/users\/35"}],"replies":[{"embeddable":true,"href":"https:\/\/www.monaco-tribune.com\/it\/wp-json\/wp\/v2\/comments?post=43582"}],"version-history":[{"count":0,"href":"https:\/\/www.monaco-tribune.com\/it\/wp-json\/wp\/v2\/posts\/43582\/revisions"}],"wp:featuredmedia":[{"embeddable":true,"href":"https:\/\/www.monaco-tribune.com\/it\/wp-json\/wp\/v2\/media\/43532"}],"wp:attachment":[{"href":"https:\/\/www.monaco-tribune.com\/it\/wp-json\/wp\/v2\/media?parent=43582"}],"wp:term":[{"taxonomy":"category","embeddable":true,"href":"https:\/\/www.monaco-tribune.com\/it\/wp-json\/wp\/v2\/categories?post=43582"},{"taxonomy":"post_tag","embeddable":true,"href":"https:\/\/www.monaco-tribune.com\/it\/wp-json\/wp\/v2\/tags?post=43582"},{"taxonomy":"sectag","embeddable":true,"href":"https:\/\/www.monaco-tribune.com\/it\/wp-json\/wp\/v2\/post_sectags?post=43582"},{"taxonomy":"format","embeddable":true,"href":"https:\/\/www.monaco-tribune.com\/it\/wp-json\/wp\/v2\/post_format?post=43582"}],"curies":[{"name":"wp","href":"https:\/\/api.w.org\/{rel}","templated":true}]}}