{"id":43613,"date":"2020-10-29T17:35:07","date_gmt":"2020-10-29T16:35:07","guid":{"rendered":"https:\/\/www.monaco-tribune.com\/2020\/10\/la-principessa-charlene-si-batte-per-la-sicurezza-stradale\/"},"modified":"2020-10-29T17:35:15","modified_gmt":"2020-10-29T16:35:15","slug":"la-principessa-charlene-si-batte-per-la-sicurezza-stradale","status":"publish","type":"post","link":"https:\/\/www.monaco-tribune.com\/it\/2020\/10\/la-principessa-charlene-si-batte-per-la-sicurezza-stradale\/","title":{"rendered":"La Principessa Charl\u00e8ne si batte per la sicurezza stradale"},"content":{"rendered":"\n<p><p><strong>La decima riunione del<\/strong>l&#8217;<strong><em>High Level Panel<\/em> per la sicurezza stradale si \u00e8 tenuta il 28 ottobre presso il Club automobilistico di Monaco, alla presenza della Principessa Charl\u00e8ne. \u00c8 stata l&#8217;occasione per fare il punto sulle azioni portate a termine nel 2020.<\/strong><\/p><\/p>\n\n<p><p>La riunione \u00e8 stata presieduta da Jean Todt, presidente della FIA (Federazione Internazionale dell&#8217;Automobile). Questo incontro dell&#8217;High Level Panel ha dato ai membri l&#8217;occasione di fare il punto sulle diverse azioni intraprese nel 2020, oltre che sulla &#8220;necessit\u00e0 di mobilitare ulteriormente i partner del settore dell&#8217;industria automobilistica, per sviluppare meccanismi di finanziamento innovativi e continuativi per i futuro&#8221;.<\/p><\/p>\n\n<h2 class=\"wp-block-heading\" id=\"h-plus-de-80-personnalit-s-unies-pour-la-s-curit-routi-re\">Oltre 80 personalit\u00e0 di spicco riunite per la sicurezza stradale<\/h2>\n\n<p><p>Creato nel 2015, l&#8217;High Level Panel \u00e8 un organo della FIA che raggruppa pi\u00f9 di 80 personaggi impegnati a favore della sicurezza stradale a livello mondiale. Tra questi, la Principessa Charl\u00e8ne, che \u00e8 entrata a far parte del comitato a settembre 2019. L&#8217;HLP redige statistiche sugli incidenti stradali e sostiene diversi progetti in favore della sicurezza sulle strade.<\/p><\/p>\n\n<p><p>&#8220;Questo 2020, che ha stravolto la nostra quotidianit\u00e0 e il nostro modo di vivere, \u00e8 l&#8217;anno giusto per consolidare le azioni intraprese dall&#8217;High Level Panel della FIA nella lotta contro la mortalit\u00e0 legata agli incidenti stradali, soprattutto nei Paesi in via di sviluppo&#8221;, ha dichiarato la Principessa Charl\u00e8ne. Nel 2019, quest&#8217;ultima ha partecipato alla campagna #3500Vies, che mirava a sensibilizzare sugli incidenti in cui erano coinvolti i pedoni.<\/p><\/p>\n","protected":false},"excerpt":{"rendered":"<p>La decima riunione dell&#8217;High Level Panel per la sicurezza stradale si \u00e8 tenuta il 28 ottobre presso il Club automobilistico [&hellip;]<\/p>\n","protected":false},"author":33,"featured_media":43570,"comment_status":"closed","ping_status":"closed","sticky":false,"template":"","format":"standard","meta":{"_acf_changed":false,"footnotes":""},"categories":[1742,1738],"tags":[2944],"post_sectags":[],"post_format":[2478],"class_list":["post-43613","post","type-post","status-publish","format-standard","has-post-thumbnail","hentry","category-famiglia-principesca","category-notizie","tag-principessa-charlene","format-notizia"],"acf":[],"yoast_head":"<!-- This site is optimized with the Yoast SEO Premium plugin v26.8 (Yoast SEO v27.4) - https:\/\/yoast.com\/product\/yoast-seo-premium-wordpress\/ -->\n<title>La Principessa Charl\u00e8ne si batte per la sicurezza stradale<\/title>\n<meta name=\"description\" content=\"La decima riunione dell&#039;High Level Panel per la sicurezza stradale si \u00e8 tenuta il 28 ottobre presso il Club automobilistico di Monaco, alla presenza della\" \/>\n<meta name=\"robots\" content=\"index, follow, max-snippet:-1, max-image-preview:large, max-video-preview:-1\" \/>\n<link rel=\"canonical\" href=\"https:\/\/www.monaco-tribune.com\/it\/2020\/10\/la-principessa-charlene-si-batte-per-la-sicurezza-stradale\/\" \/>\n<meta property=\"og:locale\" content=\"it_IT\" \/>\n<meta property=\"og:type\" content=\"article\" \/>\n<meta property=\"og:title\" content=\"La Principessa Charl\u00e8ne si batte per la sicurezza stradale - Monaco Tribune\" \/>\n<meta property=\"og:description\" content=\"La decima riunione dell&#039;High Level Panel per la sicurezza stradale si \u00e8 tenuta il 28 ottobre presso il Club automobilistico di Monaco, alla presenza della\" \/>\n<meta property=\"og:url\" content=\"https:\/\/www.monaco-tribune.com\/it\/2020\/10\/la-principessa-charlene-si-batte-per-la-sicurezza-stradale\/\" \/>\n<meta property=\"og:site_name\" content=\"Monaco Tribune\" \/>\n<meta property=\"article:publisher\" content=\"https:\/\/www.facebook.com\/MonacoTribune\" \/>\n<meta property=\"article:published_time\" content=\"2020-10-29T16:35:07+00:00\" \/>\n<meta property=\"article:modified_time\" content=\"2020-10-29T16:35:15+00:00\" \/>\n<meta property=\"og:image\" content=\"https:\/\/www.monaco-tribune.com\/wp-content\/uploads\/2020\/10\/reunion-panel-princesse-charlene1.jpg\" \/>\n\t<meta property=\"og:image:width\" content=\"1875\" \/>\n\t<meta property=\"og:image:height\" content=\"1250\" \/>\n\t<meta property=\"og:image:type\" content=\"image\/jpeg\" \/>\n<meta name=\"author\" content=\"Lola Senoble\" \/>\n<meta name=\"twitter:card\" content=\"summary_large_image\" \/>\n<meta name=\"twitter:creator\" content=\"@MonacoTribune\" \/>\n<meta name=\"twitter:site\" content=\"@MonacoTribune\" \/>\n<script type=\"application\/ld+json\" class=\"yoast-schema-graph\">{\"@context\":\"https:\\\/\\\/schema.org\",\"@graph\":[{\"@type\":\"NewsArticle\",\"@id\":\"https:\\\/\\\/www.monaco-tribune.com\\\/it\\\/2020\\\/10\\\/la-principessa-charlene-si-batte-per-la-sicurezza-stradale\\\/#article\",\"isPartOf\":{\"@id\":\"https:\\\/\\\/www.monaco-tribune.com\\\/it\\\/2020\\\/10\\\/la-principessa-charlene-si-batte-per-la-sicurezza-stradale\\\/\"},\"author\":{\"name\":\"Lola Senoble\",\"@id\":\"https:\\\/\\\/www.monaco-tribune.com\\\/it\\\/#\\\/schema\\\/person\\\/10603f39d06463e013e339670c36bea3\"},\"headline\":\"La Principessa Charl\u00e8ne si batte per la sicurezza stradale\",\"datePublished\":\"2020-10-29T16:35:07+00:00\",\"dateModified\":\"2020-10-29T16:35:15+00:00\",\"mainEntityOfPage\":{\"@id\":\"https:\\\/\\\/www.monaco-tribune.com\\\/it\\\/2020\\\/10\\\/la-principessa-charlene-si-batte-per-la-sicurezza-stradale\\\/\"},\"wordCount\":244,\"publisher\":{\"@id\":\"https:\\\/\\\/www.monaco-tribune.com\\\/it\\\/#organization\"},\"image\":{\"@id\":\"https:\\\/\\\/www.monaco-tribune.com\\\/it\\\/2020\\\/10\\\/la-principessa-charlene-si-batte-per-la-sicurezza-stradale\\\/#primaryimage\"},\"thumbnailUrl\":\"https:\\\/\\\/www.monaco-tribune.com\\\/wp-content\\\/uploads\\\/2020\\\/10\\\/reunion-panel-princesse-charlene1.jpg\",\"keywords\":[\"Principessa Charl\u00e8ne\"],\"articleSection\":[\"Famiglia Principesca\",\"Notizie\"],\"inLanguage\":\"it-IT\",\"copyrightYear\":\"2020\",\"copyrightHolder\":{\"@id\":\"https:\\\/\\\/www.monaco-tribune.com\\\/#organization\"}},{\"@type\":\"WebPage\",\"@id\":\"https:\\\/\\\/www.monaco-tribune.com\\\/it\\\/2020\\\/10\\\/la-principessa-charlene-si-batte-per-la-sicurezza-stradale\\\/\",\"url\":\"https:\\\/\\\/www.monaco-tribune.com\\\/it\\\/2020\\\/10\\\/la-principessa-charlene-si-batte-per-la-sicurezza-stradale\\\/\",\"name\":\"La Principessa Charl\u00e8ne si batte per la sicurezza stradale\",\"isPartOf\":{\"@id\":\"https:\\\/\\\/www.monaco-tribune.com\\\/it\\\/#website\"},\"primaryImageOfPage\":{\"@id\":\"https:\\\/\\\/www.monaco-tribune.com\\\/it\\\/2020\\\/10\\\/la-principessa-charlene-si-batte-per-la-sicurezza-stradale\\\/#primaryimage\"},\"image\":{\"@id\":\"https:\\\/\\\/www.monaco-tribune.com\\\/it\\\/2020\\\/10\\\/la-principessa-charlene-si-batte-per-la-sicurezza-stradale\\\/#primaryimage\"},\"thumbnailUrl\":\"https:\\\/\\\/www.monaco-tribune.com\\\/wp-content\\\/uploads\\\/2020\\\/10\\\/reunion-panel-princesse-charlene1.jpg\",\"datePublished\":\"2020-10-29T16:35:07+00:00\",\"dateModified\":\"2020-10-29T16:35:15+00:00\",\"description\":\"La decima riunione dell'High Level Panel per la sicurezza stradale si \u00e8 tenuta il 28 ottobre presso il Club automobilistico di Monaco, alla presenza della\",\"breadcrumb\":{\"@id\":\"https:\\\/\\\/www.monaco-tribune.com\\\/it\\\/2020\\\/10\\\/la-principessa-charlene-si-batte-per-la-sicurezza-stradale\\\/#breadcrumb\"},\"inLanguage\":\"it-IT\",\"potentialAction\":[{\"@type\":\"ReadAction\",\"target\":[\"https:\\\/\\\/www.monaco-tribune.com\\\/it\\\/2020\\\/10\\\/la-principessa-charlene-si-batte-per-la-sicurezza-stradale\\\/\"]}]},{\"@type\":\"ImageObject\",\"inLanguage\":\"it-IT\",\"@id\":\"https:\\\/\\\/www.monaco-tribune.com\\\/it\\\/2020\\\/10\\\/la-principessa-charlene-si-batte-per-la-sicurezza-stradale\\\/#primaryimage\",\"url\":\"https:\\\/\\\/www.monaco-tribune.com\\\/wp-content\\\/uploads\\\/2020\\\/10\\\/reunion-panel-princesse-charlene1.jpg\",\"contentUrl\":\"https:\\\/\\\/www.monaco-tribune.com\\\/wp-content\\\/uploads\\\/2020\\\/10\\\/reunion-panel-princesse-charlene1.jpg\",\"width\":1875,\"height\":1250,\"caption\":\"\u00c9ric Mathon \\\/ Palais princier\"},{\"@type\":\"BreadcrumbList\",\"@id\":\"https:\\\/\\\/www.monaco-tribune.com\\\/it\\\/2020\\\/10\\\/la-principessa-charlene-si-batte-per-la-sicurezza-stradale\\\/#breadcrumb\",\"itemListElement\":[{\"@type\":\"ListItem\",\"position\":1,\"name\":\"Accueil\",\"item\":\"https:\\\/\\\/www.monaco-tribune.com\\\/it\\\/\"},{\"@type\":\"ListItem\",\"position\":2,\"name\":\"La Principessa Charl\u00e8ne si batte per la sicurezza stradale\"}]},{\"@type\":\"WebSite\",\"@id\":\"https:\\\/\\\/www.monaco-tribune.com\\\/it\\\/#website\",\"url\":\"https:\\\/\\\/www.monaco-tribune.com\\\/it\\\/\",\"name\":\"Monaco Tribune\",\"description\":\"Monaco : actualit\u00e9s \u00e9conomiques, politiques, culturelles et sportives de Monaco et de la French Riviera.\",\"publisher\":{\"@id\":\"https:\\\/\\\/www.monaco-tribune.com\\\/it\\\/#organization\"},\"potentialAction\":[{\"@type\":\"SearchAction\",\"target\":{\"@type\":\"EntryPoint\",\"urlTemplate\":\"https:\\\/\\\/www.monaco-tribune.com\\\/it\\\/?s={search_term_string}\"},\"query-input\":{\"@type\":\"PropertyValueSpecification\",\"valueRequired\":true,\"valueName\":\"search_term_string\"}}],\"inLanguage\":\"it-IT\"},{\"@type\":\"Organization\",\"@id\":\"https:\\\/\\\/www.monaco-tribune.com\\\/it\\\/#organization\",\"name\":\"Monaco Tribune\",\"url\":\"https:\\\/\\\/www.monaco-tribune.com\\\/it\\\/\",\"logo\":{\"@type\":\"ImageObject\",\"inLanguage\":\"it-IT\",\"@id\":\"https:\\\/\\\/www.monaco-tribune.com\\\/it\\\/#\\\/schema\\\/logo\\\/image\\\/\",\"url\":\"https:\\\/\\\/www.monaco-tribune.com\\\/wp-content\\\/uploads\\\/2022\\\/11\\\/logo-monaco-tribune.png\",\"contentUrl\":\"https:\\\/\\\/www.monaco-tribune.com\\\/wp-content\\\/uploads\\\/2022\\\/11\\\/logo-monaco-tribune.png\",\"width\":1548,\"height\":600,\"caption\":\"Monaco Tribune\"},\"image\":{\"@id\":\"https:\\\/\\\/www.monaco-tribune.com\\\/it\\\/#\\\/schema\\\/logo\\\/image\\\/\"},\"sameAs\":[\"https:\\\/\\\/www.facebook.com\\\/MonacoTribune\",\"https:\\\/\\\/x.com\\\/MonacoTribune\",\"https:\\\/\\\/www.instagram.com\\\/monacotribune\\\/\",\"https:\\\/\\\/www.linkedin.com\\\/company\\\/monaco-tribune\",\"https:\\\/\\\/www.youtube.com\\\/channel\\\/UCHle1MnG6hw1y4lWKijVbMA\"]},{\"@type\":\"Person\",\"@id\":\"https:\\\/\\\/www.monaco-tribune.com\\\/it\\\/#\\\/schema\\\/person\\\/10603f39d06463e013e339670c36bea3\",\"name\":\"Lola Senoble\",\"image\":{\"@type\":\"ImageObject\",\"inLanguage\":\"it-IT\",\"@id\":\"https:\\\/\\\/secure.gravatar.com\\\/avatar\\\/48d557f5142df87422d94c862ef0f4177361c443286157fc3838180d4d313fa1?s=96&d=mm&r=g\",\"url\":\"https:\\\/\\\/secure.gravatar.com\\\/avatar\\\/48d557f5142df87422d94c862ef0f4177361c443286157fc3838180d4d313fa1?s=96&d=mm&r=g\",\"contentUrl\":\"https:\\\/\\\/secure.gravatar.com\\\/avatar\\\/48d557f5142df87422d94c862ef0f4177361c443286157fc3838180d4d313fa1?s=96&d=mm&r=g\",\"caption\":\"Lola Senoble\"},\"url\":\"https:\\\/\\\/www.monaco-tribune.com\\\/it\\\/author\\\/lola-senoble\\\/\"}]}<\/script>\n<!-- \/ Yoast SEO Premium plugin. -->","yoast_head_json":{"title":"La Principessa Charl\u00e8ne si batte per la sicurezza stradale","description":"La decima riunione dell'High Level Panel per la sicurezza stradale si \u00e8 tenuta il 28 ottobre presso il Club automobilistico di Monaco, alla presenza della","robots":{"index":"index","follow":"follow","max-snippet":"max-snippet:-1","max-image-preview":"max-image-preview:large","max-video-preview":"max-video-preview:-1"},"canonical":"https:\/\/www.monaco-tribune.com\/it\/2020\/10\/la-principessa-charlene-si-batte-per-la-sicurezza-stradale\/","og_locale":"it_IT","og_type":"article","og_title":"La Principessa Charl\u00e8ne si batte per la sicurezza stradale - Monaco Tribune","og_description":"La decima riunione dell'High Level Panel per la sicurezza stradale si \u00e8 tenuta il 28 ottobre presso il Club automobilistico di Monaco, alla presenza della","og_url":"https:\/\/www.monaco-tribune.com\/it\/2020\/10\/la-principessa-charlene-si-batte-per-la-sicurezza-stradale\/","og_site_name":"Monaco Tribune","article_publisher":"https:\/\/www.facebook.com\/MonacoTribune","article_published_time":"2020-10-29T16:35:07+00:00","article_modified_time":"2020-10-29T16:35:15+00:00","og_image":[{"width":1875,"height":1250,"url":"https:\/\/www.monaco-tribune.com\/wp-content\/uploads\/2020\/10\/reunion-panel-princesse-charlene1.jpg","type":"image\/jpeg"}],"author":"Lola Senoble","twitter_card":"summary_large_image","twitter_creator":"@MonacoTribune","twitter_site":"@MonacoTribune","schema":{"@context":"https:\/\/schema.org","@graph":[{"@type":"NewsArticle","@id":"https:\/\/www.monaco-tribune.com\/it\/2020\/10\/la-principessa-charlene-si-batte-per-la-sicurezza-stradale\/#article","isPartOf":{"@id":"https:\/\/www.monaco-tribune.com\/it\/2020\/10\/la-principessa-charlene-si-batte-per-la-sicurezza-stradale\/"},"author":{"name":"Lola Senoble","@id":"https:\/\/www.monaco-tribune.com\/it\/#\/schema\/person\/10603f39d06463e013e339670c36bea3"},"headline":"La Principessa Charl\u00e8ne si batte per la sicurezza stradale","datePublished":"2020-10-29T16:35:07+00:00","dateModified":"2020-10-29T16:35:15+00:00","mainEntityOfPage":{"@id":"https:\/\/www.monaco-tribune.com\/it\/2020\/10\/la-principessa-charlene-si-batte-per-la-sicurezza-stradale\/"},"wordCount":244,"publisher":{"@id":"https:\/\/www.monaco-tribune.com\/it\/#organization"},"image":{"@id":"https:\/\/www.monaco-tribune.com\/it\/2020\/10\/la-principessa-charlene-si-batte-per-la-sicurezza-stradale\/#primaryimage"},"thumbnailUrl":"https:\/\/www.monaco-tribune.com\/wp-content\/uploads\/2020\/10\/reunion-panel-princesse-charlene1.jpg","keywords":["Principessa Charl\u00e8ne"],"articleSection":["Famiglia Principesca","Notizie"],"inLanguage":"it-IT","copyrightYear":"2020","copyrightHolder":{"@id":"https:\/\/www.monaco-tribune.com\/#organization"}},{"@type":"WebPage","@id":"https:\/\/www.monaco-tribune.com\/it\/2020\/10\/la-principessa-charlene-si-batte-per-la-sicurezza-stradale\/","url":"https:\/\/www.monaco-tribune.com\/it\/2020\/10\/la-principessa-charlene-si-batte-per-la-sicurezza-stradale\/","name":"La Principessa Charl\u00e8ne si batte per la sicurezza stradale","isPartOf":{"@id":"https:\/\/www.monaco-tribune.com\/it\/#website"},"primaryImageOfPage":{"@id":"https:\/\/www.monaco-tribune.com\/it\/2020\/10\/la-principessa-charlene-si-batte-per-la-sicurezza-stradale\/#primaryimage"},"image":{"@id":"https:\/\/www.monaco-tribune.com\/it\/2020\/10\/la-principessa-charlene-si-batte-per-la-sicurezza-stradale\/#primaryimage"},"thumbnailUrl":"https:\/\/www.monaco-tribune.com\/wp-content\/uploads\/2020\/10\/reunion-panel-princesse-charlene1.jpg","datePublished":"2020-10-29T16:35:07+00:00","dateModified":"2020-10-29T16:35:15+00:00","description":"La decima riunione dell'High Level Panel per la sicurezza stradale si \u00e8 tenuta il 28 ottobre presso il Club automobilistico di Monaco, alla presenza della","breadcrumb":{"@id":"https:\/\/www.monaco-tribune.com\/it\/2020\/10\/la-principessa-charlene-si-batte-per-la-sicurezza-stradale\/#breadcrumb"},"inLanguage":"it-IT","potentialAction":[{"@type":"ReadAction","target":["https:\/\/www.monaco-tribune.com\/it\/2020\/10\/la-principessa-charlene-si-batte-per-la-sicurezza-stradale\/"]}]},{"@type":"ImageObject","inLanguage":"it-IT","@id":"https:\/\/www.monaco-tribune.com\/it\/2020\/10\/la-principessa-charlene-si-batte-per-la-sicurezza-stradale\/#primaryimage","url":"https:\/\/www.monaco-tribune.com\/wp-content\/uploads\/2020\/10\/reunion-panel-princesse-charlene1.jpg","contentUrl":"https:\/\/www.monaco-tribune.com\/wp-content\/uploads\/2020\/10\/reunion-panel-princesse-charlene1.jpg","width":1875,"height":1250,"caption":"\u00c9ric Mathon \/ Palais princier"},{"@type":"BreadcrumbList","@id":"https:\/\/www.monaco-tribune.com\/it\/2020\/10\/la-principessa-charlene-si-batte-per-la-sicurezza-stradale\/#breadcrumb","itemListElement":[{"@type":"ListItem","position":1,"name":"Accueil","item":"https:\/\/www.monaco-tribune.com\/it\/"},{"@type":"ListItem","position":2,"name":"La Principessa Charl\u00e8ne si batte per la sicurezza stradale"}]},{"@type":"WebSite","@id":"https:\/\/www.monaco-tribune.com\/it\/#website","url":"https:\/\/www.monaco-tribune.com\/it\/","name":"Monaco Tribune","description":"Monaco : actualit\u00e9s \u00e9conomiques, politiques, culturelles et sportives de Monaco et de la French Riviera.","publisher":{"@id":"https:\/\/www.monaco-tribune.com\/it\/#organization"},"potentialAction":[{"@type":"SearchAction","target":{"@type":"EntryPoint","urlTemplate":"https:\/\/www.monaco-tribune.com\/it\/?s={search_term_string}"},"query-input":{"@type":"PropertyValueSpecification","valueRequired":true,"valueName":"search_term_string"}}],"inLanguage":"it-IT"},{"@type":"Organization","@id":"https:\/\/www.monaco-tribune.com\/it\/#organization","name":"Monaco Tribune","url":"https:\/\/www.monaco-tribune.com\/it\/","logo":{"@type":"ImageObject","inLanguage":"it-IT","@id":"https:\/\/www.monaco-tribune.com\/it\/#\/schema\/logo\/image\/","url":"https:\/\/www.monaco-tribune.com\/wp-content\/uploads\/2022\/11\/logo-monaco-tribune.png","contentUrl":"https:\/\/www.monaco-tribune.com\/wp-content\/uploads\/2022\/11\/logo-monaco-tribune.png","width":1548,"height":600,"caption":"Monaco Tribune"},"image":{"@id":"https:\/\/www.monaco-tribune.com\/it\/#\/schema\/logo\/image\/"},"sameAs":["https:\/\/www.facebook.com\/MonacoTribune","https:\/\/x.com\/MonacoTribune","https:\/\/www.instagram.com\/monacotribune\/","https:\/\/www.linkedin.com\/company\/monaco-tribune","https:\/\/www.youtube.com\/channel\/UCHle1MnG6hw1y4lWKijVbMA"]},{"@type":"Person","@id":"https:\/\/www.monaco-tribune.com\/it\/#\/schema\/person\/10603f39d06463e013e339670c36bea3","name":"Lola Senoble","image":{"@type":"ImageObject","inLanguage":"it-IT","@id":"https:\/\/secure.gravatar.com\/avatar\/48d557f5142df87422d94c862ef0f4177361c443286157fc3838180d4d313fa1?s=96&d=mm&r=g","url":"https:\/\/secure.gravatar.com\/avatar\/48d557f5142df87422d94c862ef0f4177361c443286157fc3838180d4d313fa1?s=96&d=mm&r=g","contentUrl":"https:\/\/secure.gravatar.com\/avatar\/48d557f5142df87422d94c862ef0f4177361c443286157fc3838180d4d313fa1?s=96&d=mm&r=g","caption":"Lola Senoble"},"url":"https:\/\/www.monaco-tribune.com\/it\/author\/lola-senoble\/"}]}},"_links":{"self":[{"href":"https:\/\/www.monaco-tribune.com\/it\/wp-json\/wp\/v2\/posts\/43613","targetHints":{"allow":["GET"]}}],"collection":[{"href":"https:\/\/www.monaco-tribune.com\/it\/wp-json\/wp\/v2\/posts"}],"about":[{"href":"https:\/\/www.monaco-tribune.com\/it\/wp-json\/wp\/v2\/types\/post"}],"author":[{"embeddable":true,"href":"https:\/\/www.monaco-tribune.com\/it\/wp-json\/wp\/v2\/users\/33"}],"replies":[{"embeddable":true,"href":"https:\/\/www.monaco-tribune.com\/it\/wp-json\/wp\/v2\/comments?post=43613"}],"version-history":[{"count":0,"href":"https:\/\/www.monaco-tribune.com\/it\/wp-json\/wp\/v2\/posts\/43613\/revisions"}],"wp:featuredmedia":[{"embeddable":true,"href":"https:\/\/www.monaco-tribune.com\/it\/wp-json\/wp\/v2\/media\/43570"}],"wp:attachment":[{"href":"https:\/\/www.monaco-tribune.com\/it\/wp-json\/wp\/v2\/media?parent=43613"}],"wp:term":[{"taxonomy":"category","embeddable":true,"href":"https:\/\/www.monaco-tribune.com\/it\/wp-json\/wp\/v2\/categories?post=43613"},{"taxonomy":"post_tag","embeddable":true,"href":"https:\/\/www.monaco-tribune.com\/it\/wp-json\/wp\/v2\/tags?post=43613"},{"taxonomy":"sectag","embeddable":true,"href":"https:\/\/www.monaco-tribune.com\/it\/wp-json\/wp\/v2\/post_sectags?post=43613"},{"taxonomy":"format","embeddable":true,"href":"https:\/\/www.monaco-tribune.com\/it\/wp-json\/wp\/v2\/post_format?post=43613"}],"curies":[{"name":"wp","href":"https:\/\/api.w.org\/{rel}","templated":true}]}}