{"id":44163,"date":"2020-11-02T18:16:21","date_gmt":"2020-11-02T17:16:21","guid":{"rendered":"https:\/\/www.monaco-tribune.com\/2020\/11\/le-nuove-misure-anti-covid-del-principato-ecco-cosa-ce-da-sapere\/"},"modified":"2020-11-03T10:34:06","modified_gmt":"2020-11-03T09:34:06","slug":"le-nuove-misure-anti-covid-del-principato-ecco-cosa-ce-da-sapere","status":"publish","type":"post","link":"https:\/\/www.monaco-tribune.com\/it\/2020\/11\/le-nuove-misure-anti-covid-del-principato-ecco-cosa-ce-da-sapere\/","title":{"rendered":"Le nuove misure anti-Covid del Principato: ecco cosa c&#8217;\u00e8 da sapere"},"content":{"rendered":"\n<p><p><strong>Dopo il <a href=\"https:\/\/www.monaco-tribune.com\/it\/2020\/10\/principe-alberto-ii-niente-lockdown-a-monaco-ma-un-coprifuoco-severo\/\">discorso televisivo del Principe<\/a>, il 30 ottobre il Governo ha descritto nel dettaglio le nuove misure introdotte per fermare la diffusione del Covid-19, tra cui l&#8217;utilizzo obbligatorio della mascherina e la chiusura dei bar.<\/strong><\/p><\/p>\n\n\n\n<p id=\"h-les-mesures-exceptionnelles-s-appliquent-compter-du-31-novembre-2020-0-heure-00-et-jusqu-au-30-novembre-2020-inclus\">Le nuove misure sono entrate in vigore sabato 31 ottobre a mezzanotte.<\/p>\n\n\n\n<div class=\"wp-block-image\"><figure class=\"aligncenter size-large\"><img loading=\"lazy\" decoding=\"async\" width=\"1024\" height=\"463\" src=\"https:\/\/www.monaco-tribune.com\/wp-content\/uploads\/2020\/10\/taux-dincidence-monaco-1024x463.jpg\" alt=\"\" class=\"wp-image-43835\" srcset=\"https:\/\/www.monaco-tribune.com\/wp-content\/uploads\/2020\/10\/taux-dincidence-monaco-1024x463.jpg 1024w, https:\/\/www.monaco-tribune.com\/wp-content\/uploads\/2020\/10\/taux-dincidence-monaco-600x271.jpg 600w, https:\/\/www.monaco-tribune.com\/wp-content\/uploads\/2020\/10\/taux-dincidence-monaco.jpg 1476w\" sizes=\"auto, (max-width: 1024px) 100vw, 1024px\" \/><\/figure><\/div>\n\n\n\n<blockquote class=\"wp-block-quote is-layout-flow wp-block-quote-is-layout-flow\"><p>Queste misure sono la risposta a un duplice risvolto della situazione: da un lato, la Francia ha annunciato il lockdown nazionale. Dall&#8217;altro, Monaco ha assistito a un peggioramento della situazione, anche se i numeri dei casi nel Principato sono meno preoccupanti di quelli dei nostri vicini.<\/p><cite>Pierre Dartout, Ministro di Stato<\/cite><\/blockquote>\n\n\n\n<h2 class=\"wp-block-heading\" id=\"h-mascherina-obbligatoria\">Mascherina obbligatoria<\/h2>\n\n\n\n<p>D&#8217;ora in poi, \u00e8 obbligatorio indossare la mascherina anche all&#8217;esterno in tutta Monaco. La nuova regola non si applica ai bambini sotto i 5 anni e a chiunque stia praticando sport. Il Governo consiglia ai cittadini di indossare il dispositivo anche all&#8217;interno.<\/p>\n\n\n\n<h2 class=\"wp-block-heading\" id=\"h-coprifuoco\">Coprifuoco<\/h2>\n\n\n\n<p>Da adesso, a Monaco \u00e8 imposto un coprifuoco dalle 20:00 alle 6:00. Ci sono comunque alcune eccezioni alla regola:<\/p>\n\n\n\n<p>1) Spostamenti tra casa e il lavoro, l&#8217;universit\u00e0 o la scuola<\/p>\n\n\n\n<p>2) Motivi di salute urgenti che non possono essere risolti a distanza, oltre che per acquistare medicine o qualsiasi altro prodotto legato alla salute.<\/p>\n\n\n\n<p>3) Motivi familiari urgenti, per la cura dei bambini o per assistere persone vulnerabili.<\/p>\n\n\n\n<p>4) Ragioni amministrative o giuridiche<\/p>\n\n\n\n<p>5) Partecipare a iniziative di interesse generale richieste dalle autorit\u00e0 amministrative<\/p>\n\n\n\n<p>6) Portare gli animali domestici a passeggio<\/p>\n\n\n\n<p>Per spostarsi tra l&#8217;abitazione e il luogo di lavoro durante gli orari del coprifuoco, sar\u00e0 necessario farsi rilasciare dal datore di lavoro un documento che certifichi la ragione dello spostamento. Le attivit\u00e0 professionali che si svolgono tra le 20:00 e le 6:00 potranno continuare regolarmente.<\/p>\n\n\n\n<h2 class=\"wp-block-heading\" id=\"h-sport\">Sport<\/h2>\n\n\n\n<p>Tutte le strutture sportive al chiuso dovranno cessare l&#8217;attivit\u00e0 e non sar\u00e0 pi\u00f9 possibile praticare nessuno sport amatoriale. I personal trainer non possono pi\u00f9 lavorare all&#8217;aperto. Ai singoli individui \u00e8 consentito di allenarsi all&#8217;aperto, a patto che mantengano una distanza di 2 metri con le altre persone.<\/p>\n\n\n\n<p>Tutti gli sport professionali, comprese le sessioni di allenamento e le partite, dovranno tenersi a porte chiuse.<\/p>\n\n\n\n<p>L&#8217;educazione fisica e le lezioni di nuoto nelle scuole saranno sospese. Non \u00e8 pi\u00f9 consentito l&#8217;uso  condiviso di saune, hammam e vasche idromassaggio.<\/p>\n\n\n\n<h2 class=\"wp-block-heading\" id=\"h-bar-e-ristoranti\">Bar e ristoranti<\/h2>\n\n\n\n<p>Le nuove misure impongono la chiusura dei bar. I ristoranti possono offrire il servizio bar al tavolo negli orari di pranzo e cena. I bar degli hotel possono restare aperti fino alle 22:00 ma sono riservati ai clienti dell&#8217;hotel.<\/p>\n\n\n\n<p>I ristoranti dovranno chiudere alle 21:30. I clienti hanno tempo fino alle 22:00 per rientrare a casa. Il ristorante dovr\u00e0 rilasciare un documento che certifichi l&#8217;orario in cui il cliente ha lasciato il locale. \u00c8 vietato ogni genere di intrattenimento musicale nei ristoranti.<\/p>\n\n\n\n<h2 class=\"wp-block-heading\" id=\"h-casin-e-spettacoli\">Casin\u00f2 e spettacoli<\/h2>\n\n\n\n<p>I concerti e gli spettacoli dovranno terminare entro le 21:30. Gli spettatori potranno rientrare a casa entro le 22:00, utilizzando il biglietto del concerto per giustificare lo spostamento.<\/p>\n\n\n\n<p>La stessa regola si applica ai casin\u00f2: le sale da gioco rilasceranno un certificato in cui si attesta l&#8217;orario in cui si \u00e8 lasciato l&#8217;edificio.<\/p>\n\n\n\n<p><p>Ogni violazione delle regole sopra elencate sar\u00e0 passibile di sanzione.<\/p><\/p>\n","protected":false},"excerpt":{"rendered":"<p>Dopo il discorso televisivo del Principe, il 30 ottobre il Governo ha descritto nel dettaglio le nuove misure introdotte per [&hellip;]<\/p>\n","protected":false},"author":21,"featured_media":43850,"comment_status":"closed","ping_status":"closed","sticky":false,"template":"","format":"standard","meta":{"_acf_changed":false,"footnotes":""},"categories":[1826,1738,1752],"tags":[],"post_sectags":[],"post_format":[],"class_list":["post-44163","post","type-post","status-publish","format-standard","has-post-thumbnail","hentry","category-la-nostra-scelta","category-notizie","category-societa"],"acf":[],"yoast_head":"<!-- This site is optimized with the Yoast SEO Premium plugin v26.8 (Yoast SEO v27.5) - https:\/\/yoast.com\/product\/yoast-seo-premium-wordpress\/ -->\n<title>Le nuove misure anti-Covid del Principato: ecco cosa c&#039;\u00e8 da sapere<\/title>\n<meta name=\"description\" content=\"Dopo il discorso televisivo del Principe, il 30 ottobre il Governo ha descritto nel dettaglio le nuove misure introdotte per fermare la diffusione del\" \/>\n<meta name=\"robots\" content=\"index, follow, max-snippet:-1, max-image-preview:large, max-video-preview:-1\" \/>\n<link rel=\"canonical\" href=\"https:\/\/www.monaco-tribune.com\/it\/2020\/11\/le-nuove-misure-anti-covid-del-principato-ecco-cosa-ce-da-sapere\/\" \/>\n<meta property=\"og:locale\" content=\"it_IT\" \/>\n<meta property=\"og:type\" content=\"article\" \/>\n<meta property=\"og:title\" content=\"Le nuove misure anti-Covid del Principato: ecco cosa c&#039;\u00e8 da sapere - Monaco Tribune\" \/>\n<meta property=\"og:description\" content=\"Dopo il discorso televisivo del Principe, il 30 ottobre il Governo ha descritto nel dettaglio le nuove misure introdotte per fermare la diffusione del\" \/>\n<meta property=\"og:url\" content=\"https:\/\/www.monaco-tribune.com\/it\/2020\/11\/le-nuove-misure-anti-covid-del-principato-ecco-cosa-ce-da-sapere\/\" \/>\n<meta property=\"og:site_name\" content=\"Monaco Tribune\" \/>\n<meta property=\"article:publisher\" content=\"https:\/\/www.facebook.com\/MonacoTribune\" \/>\n<meta property=\"article:published_time\" content=\"2020-11-02T17:16:21+00:00\" \/>\n<meta property=\"article:modified_time\" content=\"2020-11-03T09:34:06+00:00\" \/>\n<meta property=\"og:image\" content=\"https:\/\/www.monaco-tribune.com\/wp-content\/uploads\/2020\/10\/monaco-couvre-feu.jpeg\" \/>\n\t<meta property=\"og:image:width\" content=\"1600\" \/>\n\t<meta property=\"og:image:height\" content=\"1066\" \/>\n\t<meta property=\"og:image:type\" content=\"image\/jpeg\" \/>\n<meta name=\"author\" content=\"Monaco Tribune\" \/>\n<meta name=\"twitter:card\" content=\"summary_large_image\" \/>\n<meta name=\"twitter:creator\" content=\"@MonacoTribune\" \/>\n<meta name=\"twitter:site\" content=\"@MonacoTribune\" \/>\n<script type=\"application\/ld+json\" class=\"yoast-schema-graph\">{\"@context\":\"https:\\\/\\\/schema.org\",\"@graph\":[{\"@type\":\"NewsArticle\",\"@id\":\"https:\\\/\\\/www.monaco-tribune.com\\\/it\\\/2020\\\/11\\\/le-nuove-misure-anti-covid-del-principato-ecco-cosa-ce-da-sapere\\\/#article\",\"isPartOf\":{\"@id\":\"https:\\\/\\\/www.monaco-tribune.com\\\/it\\\/2020\\\/11\\\/le-nuove-misure-anti-covid-del-principato-ecco-cosa-ce-da-sapere\\\/\"},\"author\":{\"name\":\"Monaco Tribune\",\"@id\":\"https:\\\/\\\/www.monaco-tribune.com\\\/it\\\/#\\\/schema\\\/person\\\/8f6ed8c063276e2397589eda5b7a2f2d\"},\"headline\":\"Le nuove misure anti-Covid del Principato: ecco cosa c&#8217;\u00e8 da sapere\",\"datePublished\":\"2020-11-02T17:16:21+00:00\",\"dateModified\":\"2020-11-03T09:34:06+00:00\",\"mainEntityOfPage\":{\"@id\":\"https:\\\/\\\/www.monaco-tribune.com\\\/it\\\/2020\\\/11\\\/le-nuove-misure-anti-covid-del-principato-ecco-cosa-ce-da-sapere\\\/\"},\"wordCount\":521,\"publisher\":{\"@id\":\"https:\\\/\\\/www.monaco-tribune.com\\\/it\\\/#organization\"},\"image\":{\"@id\":\"https:\\\/\\\/www.monaco-tribune.com\\\/it\\\/2020\\\/11\\\/le-nuove-misure-anti-covid-del-principato-ecco-cosa-ce-da-sapere\\\/#primaryimage\"},\"thumbnailUrl\":\"https:\\\/\\\/www.monaco-tribune.com\\\/wp-content\\\/uploads\\\/2020\\\/10\\\/monaco-couvre-feu.jpeg\",\"articleSection\":[\"La nostra scelta\",\"Notizie\",\"Societ\u00e0\"],\"inLanguage\":\"it-IT\",\"copyrightYear\":\"2020\",\"copyrightHolder\":{\"@id\":\"https:\\\/\\\/www.monaco-tribune.com\\\/#organization\"}},{\"@type\":\"WebPage\",\"@id\":\"https:\\\/\\\/www.monaco-tribune.com\\\/it\\\/2020\\\/11\\\/le-nuove-misure-anti-covid-del-principato-ecco-cosa-ce-da-sapere\\\/\",\"url\":\"https:\\\/\\\/www.monaco-tribune.com\\\/it\\\/2020\\\/11\\\/le-nuove-misure-anti-covid-del-principato-ecco-cosa-ce-da-sapere\\\/\",\"name\":\"Le nuove misure anti-Covid del Principato: ecco cosa c'\u00e8 da sapere\",\"isPartOf\":{\"@id\":\"https:\\\/\\\/www.monaco-tribune.com\\\/it\\\/#website\"},\"primaryImageOfPage\":{\"@id\":\"https:\\\/\\\/www.monaco-tribune.com\\\/it\\\/2020\\\/11\\\/le-nuove-misure-anti-covid-del-principato-ecco-cosa-ce-da-sapere\\\/#primaryimage\"},\"image\":{\"@id\":\"https:\\\/\\\/www.monaco-tribune.com\\\/it\\\/2020\\\/11\\\/le-nuove-misure-anti-covid-del-principato-ecco-cosa-ce-da-sapere\\\/#primaryimage\"},\"thumbnailUrl\":\"https:\\\/\\\/www.monaco-tribune.com\\\/wp-content\\\/uploads\\\/2020\\\/10\\\/monaco-couvre-feu.jpeg\",\"datePublished\":\"2020-11-02T17:16:21+00:00\",\"dateModified\":\"2020-11-03T09:34:06+00:00\",\"description\":\"Dopo il discorso televisivo del Principe, il 30 ottobre il Governo ha descritto nel dettaglio le nuove misure introdotte per fermare la diffusione del\",\"breadcrumb\":{\"@id\":\"https:\\\/\\\/www.monaco-tribune.com\\\/it\\\/2020\\\/11\\\/le-nuove-misure-anti-covid-del-principato-ecco-cosa-ce-da-sapere\\\/#breadcrumb\"},\"inLanguage\":\"it-IT\",\"potentialAction\":[{\"@type\":\"ReadAction\",\"target\":[\"https:\\\/\\\/www.monaco-tribune.com\\\/it\\\/2020\\\/11\\\/le-nuove-misure-anti-covid-del-principato-ecco-cosa-ce-da-sapere\\\/\"]}]},{\"@type\":\"ImageObject\",\"inLanguage\":\"it-IT\",\"@id\":\"https:\\\/\\\/www.monaco-tribune.com\\\/it\\\/2020\\\/11\\\/le-nuove-misure-anti-covid-del-principato-ecco-cosa-ce-da-sapere\\\/#primaryimage\",\"url\":\"https:\\\/\\\/www.monaco-tribune.com\\\/wp-content\\\/uploads\\\/2020\\\/10\\\/monaco-couvre-feu.jpeg\",\"contentUrl\":\"https:\\\/\\\/www.monaco-tribune.com\\\/wp-content\\\/uploads\\\/2020\\\/10\\\/monaco-couvre-feu.jpeg\",\"width\":1600,\"height\":1066,\"caption\":\"Governo del Principe\"},{\"@type\":\"BreadcrumbList\",\"@id\":\"https:\\\/\\\/www.monaco-tribune.com\\\/it\\\/2020\\\/11\\\/le-nuove-misure-anti-covid-del-principato-ecco-cosa-ce-da-sapere\\\/#breadcrumb\",\"itemListElement\":[{\"@type\":\"ListItem\",\"position\":1,\"name\":\"Accueil\",\"item\":\"https:\\\/\\\/www.monaco-tribune.com\\\/it\\\/\"},{\"@type\":\"ListItem\",\"position\":2,\"name\":\"Le nuove misure anti-Covid del Principato: ecco cosa c&rsquo;\u00e8 da sapere\"}]},{\"@type\":\"WebSite\",\"@id\":\"https:\\\/\\\/www.monaco-tribune.com\\\/it\\\/#website\",\"url\":\"https:\\\/\\\/www.monaco-tribune.com\\\/it\\\/\",\"name\":\"Monaco Tribune\",\"description\":\"Monaco : actualit\u00e9s \u00e9conomiques, politiques, culturelles et sportives de Monaco et de la French Riviera.\",\"publisher\":{\"@id\":\"https:\\\/\\\/www.monaco-tribune.com\\\/it\\\/#organization\"},\"potentialAction\":[{\"@type\":\"SearchAction\",\"target\":{\"@type\":\"EntryPoint\",\"urlTemplate\":\"https:\\\/\\\/www.monaco-tribune.com\\\/it\\\/?s={search_term_string}\"},\"query-input\":{\"@type\":\"PropertyValueSpecification\",\"valueRequired\":true,\"valueName\":\"search_term_string\"}}],\"inLanguage\":\"it-IT\"},{\"@type\":\"Organization\",\"@id\":\"https:\\\/\\\/www.monaco-tribune.com\\\/it\\\/#organization\",\"name\":\"Monaco Tribune\",\"url\":\"https:\\\/\\\/www.monaco-tribune.com\\\/it\\\/\",\"logo\":{\"@type\":\"ImageObject\",\"inLanguage\":\"it-IT\",\"@id\":\"https:\\\/\\\/www.monaco-tribune.com\\\/it\\\/#\\\/schema\\\/logo\\\/image\\\/\",\"url\":\"https:\\\/\\\/www.monaco-tribune.com\\\/wp-content\\\/uploads\\\/2022\\\/11\\\/logo-monaco-tribune.png\",\"contentUrl\":\"https:\\\/\\\/www.monaco-tribune.com\\\/wp-content\\\/uploads\\\/2022\\\/11\\\/logo-monaco-tribune.png\",\"width\":1548,\"height\":600,\"caption\":\"Monaco Tribune\"},\"image\":{\"@id\":\"https:\\\/\\\/www.monaco-tribune.com\\\/it\\\/#\\\/schema\\\/logo\\\/image\\\/\"},\"sameAs\":[\"https:\\\/\\\/www.facebook.com\\\/MonacoTribune\",\"https:\\\/\\\/x.com\\\/MonacoTribune\",\"https:\\\/\\\/www.instagram.com\\\/monacotribune\\\/\",\"https:\\\/\\\/www.linkedin.com\\\/company\\\/monaco-tribune\",\"https:\\\/\\\/www.youtube.com\\\/channel\\\/UCHle1MnG6hw1y4lWKijVbMA\"]},{\"@type\":\"Person\",\"@id\":\"https:\\\/\\\/www.monaco-tribune.com\\\/it\\\/#\\\/schema\\\/person\\\/8f6ed8c063276e2397589eda5b7a2f2d\",\"name\":\"Monaco Tribune\",\"image\":{\"@type\":\"ImageObject\",\"inLanguage\":\"it-IT\",\"@id\":\"https:\\\/\\\/secure.gravatar.com\\\/avatar\\\/3010e6c5d6c8056ec1c25228fe68ea089879e5ae0de884e0247744ee988aaf6a?s=96&d=mm&r=g\",\"url\":\"https:\\\/\\\/secure.gravatar.com\\\/avatar\\\/3010e6c5d6c8056ec1c25228fe68ea089879e5ae0de884e0247744ee988aaf6a?s=96&d=mm&r=g\",\"contentUrl\":\"https:\\\/\\\/secure.gravatar.com\\\/avatar\\\/3010e6c5d6c8056ec1c25228fe68ea089879e5ae0de884e0247744ee988aaf6a?s=96&d=mm&r=g\",\"caption\":\"Monaco Tribune\"},\"url\":\"https:\\\/\\\/www.monaco-tribune.com\\\/it\\\/author\\\/monaco-tribune\\\/\"}]}<\/script>\n<!-- \/ Yoast SEO Premium plugin. -->","yoast_head_json":{"title":"Le nuove misure anti-Covid del Principato: ecco cosa c'\u00e8 da sapere","description":"Dopo il discorso televisivo del Principe, il 30 ottobre il Governo ha descritto nel dettaglio le nuove misure introdotte per fermare la diffusione del","robots":{"index":"index","follow":"follow","max-snippet":"max-snippet:-1","max-image-preview":"max-image-preview:large","max-video-preview":"max-video-preview:-1"},"canonical":"https:\/\/www.monaco-tribune.com\/it\/2020\/11\/le-nuove-misure-anti-covid-del-principato-ecco-cosa-ce-da-sapere\/","og_locale":"it_IT","og_type":"article","og_title":"Le nuove misure anti-Covid del Principato: ecco cosa c'\u00e8 da sapere - Monaco Tribune","og_description":"Dopo il discorso televisivo del Principe, il 30 ottobre il Governo ha descritto nel dettaglio le nuove misure introdotte per fermare la diffusione del","og_url":"https:\/\/www.monaco-tribune.com\/it\/2020\/11\/le-nuove-misure-anti-covid-del-principato-ecco-cosa-ce-da-sapere\/","og_site_name":"Monaco Tribune","article_publisher":"https:\/\/www.facebook.com\/MonacoTribune","article_published_time":"2020-11-02T17:16:21+00:00","article_modified_time":"2020-11-03T09:34:06+00:00","og_image":[{"width":1600,"height":1066,"url":"https:\/\/www.monaco-tribune.com\/wp-content\/uploads\/2020\/10\/monaco-couvre-feu.jpeg","type":"image\/jpeg"}],"author":"Monaco Tribune","twitter_card":"summary_large_image","twitter_creator":"@MonacoTribune","twitter_site":"@MonacoTribune","schema":{"@context":"https:\/\/schema.org","@graph":[{"@type":"NewsArticle","@id":"https:\/\/www.monaco-tribune.com\/it\/2020\/11\/le-nuove-misure-anti-covid-del-principato-ecco-cosa-ce-da-sapere\/#article","isPartOf":{"@id":"https:\/\/www.monaco-tribune.com\/it\/2020\/11\/le-nuove-misure-anti-covid-del-principato-ecco-cosa-ce-da-sapere\/"},"author":{"name":"Monaco Tribune","@id":"https:\/\/www.monaco-tribune.com\/it\/#\/schema\/person\/8f6ed8c063276e2397589eda5b7a2f2d"},"headline":"Le nuove misure anti-Covid del Principato: ecco cosa c&#8217;\u00e8 da sapere","datePublished":"2020-11-02T17:16:21+00:00","dateModified":"2020-11-03T09:34:06+00:00","mainEntityOfPage":{"@id":"https:\/\/www.monaco-tribune.com\/it\/2020\/11\/le-nuove-misure-anti-covid-del-principato-ecco-cosa-ce-da-sapere\/"},"wordCount":521,"publisher":{"@id":"https:\/\/www.monaco-tribune.com\/it\/#organization"},"image":{"@id":"https:\/\/www.monaco-tribune.com\/it\/2020\/11\/le-nuove-misure-anti-covid-del-principato-ecco-cosa-ce-da-sapere\/#primaryimage"},"thumbnailUrl":"https:\/\/www.monaco-tribune.com\/wp-content\/uploads\/2020\/10\/monaco-couvre-feu.jpeg","articleSection":["La nostra scelta","Notizie","Societ\u00e0"],"inLanguage":"it-IT","copyrightYear":"2020","copyrightHolder":{"@id":"https:\/\/www.monaco-tribune.com\/#organization"}},{"@type":"WebPage","@id":"https:\/\/www.monaco-tribune.com\/it\/2020\/11\/le-nuove-misure-anti-covid-del-principato-ecco-cosa-ce-da-sapere\/","url":"https:\/\/www.monaco-tribune.com\/it\/2020\/11\/le-nuove-misure-anti-covid-del-principato-ecco-cosa-ce-da-sapere\/","name":"Le nuove misure anti-Covid del Principato: ecco cosa c'\u00e8 da sapere","isPartOf":{"@id":"https:\/\/www.monaco-tribune.com\/it\/#website"},"primaryImageOfPage":{"@id":"https:\/\/www.monaco-tribune.com\/it\/2020\/11\/le-nuove-misure-anti-covid-del-principato-ecco-cosa-ce-da-sapere\/#primaryimage"},"image":{"@id":"https:\/\/www.monaco-tribune.com\/it\/2020\/11\/le-nuove-misure-anti-covid-del-principato-ecco-cosa-ce-da-sapere\/#primaryimage"},"thumbnailUrl":"https:\/\/www.monaco-tribune.com\/wp-content\/uploads\/2020\/10\/monaco-couvre-feu.jpeg","datePublished":"2020-11-02T17:16:21+00:00","dateModified":"2020-11-03T09:34:06+00:00","description":"Dopo il discorso televisivo del Principe, il 30 ottobre il Governo ha descritto nel dettaglio le nuove misure introdotte per fermare la diffusione del","breadcrumb":{"@id":"https:\/\/www.monaco-tribune.com\/it\/2020\/11\/le-nuove-misure-anti-covid-del-principato-ecco-cosa-ce-da-sapere\/#breadcrumb"},"inLanguage":"it-IT","potentialAction":[{"@type":"ReadAction","target":["https:\/\/www.monaco-tribune.com\/it\/2020\/11\/le-nuove-misure-anti-covid-del-principato-ecco-cosa-ce-da-sapere\/"]}]},{"@type":"ImageObject","inLanguage":"it-IT","@id":"https:\/\/www.monaco-tribune.com\/it\/2020\/11\/le-nuove-misure-anti-covid-del-principato-ecco-cosa-ce-da-sapere\/#primaryimage","url":"https:\/\/www.monaco-tribune.com\/wp-content\/uploads\/2020\/10\/monaco-couvre-feu.jpeg","contentUrl":"https:\/\/www.monaco-tribune.com\/wp-content\/uploads\/2020\/10\/monaco-couvre-feu.jpeg","width":1600,"height":1066,"caption":"Governo del Principe"},{"@type":"BreadcrumbList","@id":"https:\/\/www.monaco-tribune.com\/it\/2020\/11\/le-nuove-misure-anti-covid-del-principato-ecco-cosa-ce-da-sapere\/#breadcrumb","itemListElement":[{"@type":"ListItem","position":1,"name":"Accueil","item":"https:\/\/www.monaco-tribune.com\/it\/"},{"@type":"ListItem","position":2,"name":"Le nuove misure anti-Covid del Principato: ecco cosa c&rsquo;\u00e8 da sapere"}]},{"@type":"WebSite","@id":"https:\/\/www.monaco-tribune.com\/it\/#website","url":"https:\/\/www.monaco-tribune.com\/it\/","name":"Monaco Tribune","description":"Monaco : actualit\u00e9s \u00e9conomiques, politiques, culturelles et sportives de Monaco et de la French Riviera.","publisher":{"@id":"https:\/\/www.monaco-tribune.com\/it\/#organization"},"potentialAction":[{"@type":"SearchAction","target":{"@type":"EntryPoint","urlTemplate":"https:\/\/www.monaco-tribune.com\/it\/?s={search_term_string}"},"query-input":{"@type":"PropertyValueSpecification","valueRequired":true,"valueName":"search_term_string"}}],"inLanguage":"it-IT"},{"@type":"Organization","@id":"https:\/\/www.monaco-tribune.com\/it\/#organization","name":"Monaco Tribune","url":"https:\/\/www.monaco-tribune.com\/it\/","logo":{"@type":"ImageObject","inLanguage":"it-IT","@id":"https:\/\/www.monaco-tribune.com\/it\/#\/schema\/logo\/image\/","url":"https:\/\/www.monaco-tribune.com\/wp-content\/uploads\/2022\/11\/logo-monaco-tribune.png","contentUrl":"https:\/\/www.monaco-tribune.com\/wp-content\/uploads\/2022\/11\/logo-monaco-tribune.png","width":1548,"height":600,"caption":"Monaco Tribune"},"image":{"@id":"https:\/\/www.monaco-tribune.com\/it\/#\/schema\/logo\/image\/"},"sameAs":["https:\/\/www.facebook.com\/MonacoTribune","https:\/\/x.com\/MonacoTribune","https:\/\/www.instagram.com\/monacotribune\/","https:\/\/www.linkedin.com\/company\/monaco-tribune","https:\/\/www.youtube.com\/channel\/UCHle1MnG6hw1y4lWKijVbMA"]},{"@type":"Person","@id":"https:\/\/www.monaco-tribune.com\/it\/#\/schema\/person\/8f6ed8c063276e2397589eda5b7a2f2d","name":"Monaco Tribune","image":{"@type":"ImageObject","inLanguage":"it-IT","@id":"https:\/\/secure.gravatar.com\/avatar\/3010e6c5d6c8056ec1c25228fe68ea089879e5ae0de884e0247744ee988aaf6a?s=96&d=mm&r=g","url":"https:\/\/secure.gravatar.com\/avatar\/3010e6c5d6c8056ec1c25228fe68ea089879e5ae0de884e0247744ee988aaf6a?s=96&d=mm&r=g","contentUrl":"https:\/\/secure.gravatar.com\/avatar\/3010e6c5d6c8056ec1c25228fe68ea089879e5ae0de884e0247744ee988aaf6a?s=96&d=mm&r=g","caption":"Monaco Tribune"},"url":"https:\/\/www.monaco-tribune.com\/it\/author\/monaco-tribune\/"}]}},"_links":{"self":[{"href":"https:\/\/www.monaco-tribune.com\/it\/wp-json\/wp\/v2\/posts\/44163","targetHints":{"allow":["GET"]}}],"collection":[{"href":"https:\/\/www.monaco-tribune.com\/it\/wp-json\/wp\/v2\/posts"}],"about":[{"href":"https:\/\/www.monaco-tribune.com\/it\/wp-json\/wp\/v2\/types\/post"}],"author":[{"embeddable":true,"href":"https:\/\/www.monaco-tribune.com\/it\/wp-json\/wp\/v2\/users\/21"}],"replies":[{"embeddable":true,"href":"https:\/\/www.monaco-tribune.com\/it\/wp-json\/wp\/v2\/comments?post=44163"}],"version-history":[{"count":0,"href":"https:\/\/www.monaco-tribune.com\/it\/wp-json\/wp\/v2\/posts\/44163\/revisions"}],"wp:featuredmedia":[{"embeddable":true,"href":"https:\/\/www.monaco-tribune.com\/it\/wp-json\/wp\/v2\/media\/43850"}],"wp:attachment":[{"href":"https:\/\/www.monaco-tribune.com\/it\/wp-json\/wp\/v2\/media?parent=44163"}],"wp:term":[{"taxonomy":"category","embeddable":true,"href":"https:\/\/www.monaco-tribune.com\/it\/wp-json\/wp\/v2\/categories?post=44163"},{"taxonomy":"post_tag","embeddable":true,"href":"https:\/\/www.monaco-tribune.com\/it\/wp-json\/wp\/v2\/tags?post=44163"},{"taxonomy":"sectag","embeddable":true,"href":"https:\/\/www.monaco-tribune.com\/it\/wp-json\/wp\/v2\/post_sectags?post=44163"},{"taxonomy":"format","embeddable":true,"href":"https:\/\/www.monaco-tribune.com\/it\/wp-json\/wp\/v2\/post_format?post=44163"}],"curies":[{"name":"wp","href":"https:\/\/api.w.org\/{rel}","templated":true}]}}