{"id":44680,"date":"2020-11-05T13:03:59","date_gmt":"2020-11-05T12:03:59","guid":{"rendered":"https:\/\/www.monaco-tribune.com\/2020\/11\/i-millennials-sono-pronti-per-gestire-le-imprese-di-famiglia-forse-no\/"},"modified":"2020-11-05T15:54:26","modified_gmt":"2020-11-05T14:54:26","slug":"i-millennials-sono-pronti-per-gestire-le-imprese-di-famiglia-forse-no","status":"publish","type":"post","link":"https:\/\/www.monaco-tribune.com\/it\/2020\/11\/i-millennials-sono-pronti-per-gestire-le-imprese-di-famiglia-forse-no\/","title":{"rendered":"I Millennials sono pronti per gestire le imprese di famiglia? Forse no"},"content":{"rendered":"\n<p><p><strong>Pi\u00f9 della met\u00e0 degli imprenditori non si fida delle nuove generazioni per gestire l&#8217;azienda di famiglia: \u00e8 quello che ha evidenziato l&#8217;istituto bancario Barclays nel suo ultimo report,<\/strong>\u00a0<strong><em>Challenges and Opportunities of Intergenerational Wealth Transfer<\/em>.<\/strong><\/p><\/p>\n\n\n\n<p><p>Tenere l&#8217;azienda in famiglia sembra sempre la scelta migliore, ma se gli eredi non sono affidabili? A quanto sembra, le nuove generazioni destano non poche preoccupazioni negli imprenditori pi\u00f9 anziani: il 57% di loro crede che i propri eredi, una volta ereditata l&#8217;azienda di famiglia, non sarebbero in grado di gestirla con successo, o almeno, questo \u00e8 il risultato dell&#8217;ultimo report condotto da Barclays.<\/p>&#013;\n<p>La banca ha voluto sottolineare quanto sia importante comprendere le dinamiche legate all&#8217;eredit\u00e0 e il ruolo fondamentale che giocano nella nostra societ\u00e0. &#8220;Nei prossimi dieci anni, <a href=\"https:\/\/www.monaco-tribune.com\/it\/2020\/10\/i-billionaires-del-pianeta-luomo-piu-ricco-del-regno-unito-si-trasferisce-a-monaco\/\">gli uomini pi\u00f9 ricchi del mondo<\/a> lasceranno collettivamente alle loro famiglie oltre 15.000 miliardi di dollari, una somma che supera il prodotto interno lordo della Cina&#8221;, evidenzia il report.<\/p><\/p>\n\n\n\n<h2 class=\"wp-block-heading\" id=\"h-una-nuova-generazione-troppo-imprudente\">Una nuova generazione troppo imprudente?<\/h2>\n\n\n\n<p><p>Il 60% degli <a href=\"https:\/\/www.monaco-tribune.com\/it\/2020\/10\/covid-19-il-modo-di-investire-dei-miliardari-e-cambiato\/\">imprenditori<\/a> pi\u00f9 ricchi crede che la nuova generazione, tra i 24 e i 39 anni di et\u00e0, non sia pronta per prendere le redini dell&#8217;impresa di famiglia. Il 63%, inoltre, afferma che i millennials non sono interessati a preservare la fortuna di famiglia come i loro predecessori.<\/p>&#013;\n<p>Secondo Mark Tucker, Responsabile globale delle consulenze patrimoniali per Barclays, la frattura generazionale \u00e8 un problema serio: &#8220;La vecchia generazione pensava a preservare la ricchezza, mentre, un 25enne di oggi ha una visione completamente diversa e penser\u00e0, piuttosto, ad accumularla&#8221;, afferma.<\/p>&#013;\n<p>Il report evidenzia anche come il background culturale e le esperienze di studio all&#8217;estero siano motivo di mancanza di fiducia nelle nuove generazioni, con il 58% dei proprietari di impresa che reputa la cultura ampia e varia dei millennials una fonte di conflitto.<\/p>&#013;\n<p>Nonostante ci\u00f2, secondo Mark Tucker, l&#8217;apertura mentale dei pi\u00f9 giovani \u00e8 da apprezzare: &#8220;Le vecchie generazioni tendono a evitare il cambiamento e preferiscono restare fedeli a ci\u00f2 che gli \u00e8 familiare. \u00c8 quindi compito delle nuove generazioni comunicare il possibile impatto positivo delle nuove prospettive di business che si acquisiscono viaggiando all&#8217;estero&#8221;.<\/p><\/p>\n","protected":false},"excerpt":{"rendered":"<p>Pi\u00f9 della met\u00e0 degli imprenditori non si fida delle nuove generazioni per gestire l&#8217;azienda di famiglia: \u00e8 quello che ha [&hellip;]<\/p>\n","protected":false},"author":41,"featured_media":44234,"comment_status":"closed","ping_status":"closed","sticky":false,"template":"","format":"standard","meta":{"_acf_changed":false,"footnotes":""},"categories":[1739,1738],"tags":[],"post_sectags":[],"post_format":[],"class_list":["post-44680","post","type-post","status-publish","format-standard","has-post-thumbnail","hentry","category-business-it","category-notizie"],"acf":[],"yoast_head":"<!-- This site is optimized with the Yoast SEO Premium plugin v26.8 (Yoast SEO v27.4) - https:\/\/yoast.com\/product\/yoast-seo-premium-wordpress\/ -->\n<title>I Millennials sono pronti per gestire le imprese di famiglia? Forse no<\/title>\n<meta name=\"description\" content=\"Pi\u00f9 della met\u00e0 degli imprenditori non si fida delle nuove generazioni per gestire l&#039;azienda di famiglia: \u00e8 quello che ha evidenziato l&#039;istituto bancario\" \/>\n<meta name=\"robots\" content=\"index, follow, max-snippet:-1, max-image-preview:large, max-video-preview:-1\" \/>\n<link rel=\"canonical\" href=\"https:\/\/www.monaco-tribune.com\/it\/2020\/11\/i-millennials-sono-pronti-per-gestire-le-imprese-di-famiglia-forse-no\/\" \/>\n<meta property=\"og:locale\" content=\"it_IT\" \/>\n<meta property=\"og:type\" content=\"article\" \/>\n<meta property=\"og:title\" content=\"I Millennials sono pronti per gestire le imprese di famiglia? Forse no - Monaco Tribune\" \/>\n<meta property=\"og:description\" content=\"Pi\u00f9 della met\u00e0 degli imprenditori non si fida delle nuove generazioni per gestire l&#039;azienda di famiglia: \u00e8 quello che ha evidenziato l&#039;istituto bancario\" \/>\n<meta property=\"og:url\" content=\"https:\/\/www.monaco-tribune.com\/it\/2020\/11\/i-millennials-sono-pronti-per-gestire-le-imprese-di-famiglia-forse-no\/\" \/>\n<meta property=\"og:site_name\" content=\"Monaco Tribune\" \/>\n<meta property=\"article:publisher\" content=\"https:\/\/www.facebook.com\/MonacoTribune\" \/>\n<meta property=\"article:published_time\" content=\"2020-11-05T12:03:59+00:00\" \/>\n<meta property=\"article:modified_time\" content=\"2020-11-05T14:54:26+00:00\" \/>\n<meta property=\"og:image\" content=\"https:\/\/www.monaco-tribune.com\/wp-content\/uploads\/2020\/11\/transmission-min.jpg\" \/>\n\t<meta property=\"og:image:width\" content=\"1200\" \/>\n\t<meta property=\"og:image:height\" content=\"800\" \/>\n\t<meta property=\"og:image:type\" content=\"image\/jpeg\" \/>\n<meta name=\"author\" content=\"Nassima Errami\" \/>\n<meta name=\"twitter:card\" content=\"summary_large_image\" \/>\n<meta name=\"twitter:creator\" content=\"@MonacoTribune\" \/>\n<meta name=\"twitter:site\" content=\"@MonacoTribune\" \/>\n<script type=\"application\/ld+json\" class=\"yoast-schema-graph\">{\"@context\":\"https:\\\/\\\/schema.org\",\"@graph\":[{\"@type\":\"NewsArticle\",\"@id\":\"https:\\\/\\\/www.monaco-tribune.com\\\/it\\\/2020\\\/11\\\/i-millennials-sono-pronti-per-gestire-le-imprese-di-famiglia-forse-no\\\/#article\",\"isPartOf\":{\"@id\":\"https:\\\/\\\/www.monaco-tribune.com\\\/it\\\/2020\\\/11\\\/i-millennials-sono-pronti-per-gestire-le-imprese-di-famiglia-forse-no\\\/\"},\"author\":{\"name\":\"Nassima Errami\",\"@id\":\"https:\\\/\\\/www.monaco-tribune.com\\\/it\\\/#\\\/schema\\\/person\\\/3814f045714aae4bb4abbfb04158f169\"},\"headline\":\"I Millennials sono pronti per gestire le imprese di famiglia? Forse no\",\"datePublished\":\"2020-11-05T12:03:59+00:00\",\"dateModified\":\"2020-11-05T14:54:26+00:00\",\"mainEntityOfPage\":{\"@id\":\"https:\\\/\\\/www.monaco-tribune.com\\\/it\\\/2020\\\/11\\\/i-millennials-sono-pronti-per-gestire-le-imprese-di-famiglia-forse-no\\\/\"},\"wordCount\":354,\"publisher\":{\"@id\":\"https:\\\/\\\/www.monaco-tribune.com\\\/it\\\/#organization\"},\"image\":{\"@id\":\"https:\\\/\\\/www.monaco-tribune.com\\\/it\\\/2020\\\/11\\\/i-millennials-sono-pronti-per-gestire-le-imprese-di-famiglia-forse-no\\\/#primaryimage\"},\"thumbnailUrl\":\"https:\\\/\\\/www.monaco-tribune.com\\\/wp-content\\\/uploads\\\/2020\\\/11\\\/transmission-min.jpg\",\"articleSection\":[\"Business\",\"Notizie\"],\"inLanguage\":\"it-IT\",\"copyrightYear\":\"2020\",\"copyrightHolder\":{\"@id\":\"https:\\\/\\\/www.monaco-tribune.com\\\/#organization\"}},{\"@type\":\"WebPage\",\"@id\":\"https:\\\/\\\/www.monaco-tribune.com\\\/it\\\/2020\\\/11\\\/i-millennials-sono-pronti-per-gestire-le-imprese-di-famiglia-forse-no\\\/\",\"url\":\"https:\\\/\\\/www.monaco-tribune.com\\\/it\\\/2020\\\/11\\\/i-millennials-sono-pronti-per-gestire-le-imprese-di-famiglia-forse-no\\\/\",\"name\":\"I Millennials sono pronti per gestire le imprese di famiglia? Forse no\",\"isPartOf\":{\"@id\":\"https:\\\/\\\/www.monaco-tribune.com\\\/it\\\/#website\"},\"primaryImageOfPage\":{\"@id\":\"https:\\\/\\\/www.monaco-tribune.com\\\/it\\\/2020\\\/11\\\/i-millennials-sono-pronti-per-gestire-le-imprese-di-famiglia-forse-no\\\/#primaryimage\"},\"image\":{\"@id\":\"https:\\\/\\\/www.monaco-tribune.com\\\/it\\\/2020\\\/11\\\/i-millennials-sono-pronti-per-gestire-le-imprese-di-famiglia-forse-no\\\/#primaryimage\"},\"thumbnailUrl\":\"https:\\\/\\\/www.monaco-tribune.com\\\/wp-content\\\/uploads\\\/2020\\\/11\\\/transmission-min.jpg\",\"datePublished\":\"2020-11-05T12:03:59+00:00\",\"dateModified\":\"2020-11-05T14:54:26+00:00\",\"description\":\"Pi\u00f9 della met\u00e0 degli imprenditori non si fida delle nuove generazioni per gestire l'azienda di famiglia: \u00e8 quello che ha evidenziato l'istituto bancario\",\"breadcrumb\":{\"@id\":\"https:\\\/\\\/www.monaco-tribune.com\\\/it\\\/2020\\\/11\\\/i-millennials-sono-pronti-per-gestire-le-imprese-di-famiglia-forse-no\\\/#breadcrumb\"},\"inLanguage\":\"it-IT\",\"potentialAction\":[{\"@type\":\"ReadAction\",\"target\":[\"https:\\\/\\\/www.monaco-tribune.com\\\/it\\\/2020\\\/11\\\/i-millennials-sono-pronti-per-gestire-le-imprese-di-famiglia-forse-no\\\/\"]}]},{\"@type\":\"ImageObject\",\"inLanguage\":\"it-IT\",\"@id\":\"https:\\\/\\\/www.monaco-tribune.com\\\/it\\\/2020\\\/11\\\/i-millennials-sono-pronti-per-gestire-le-imprese-di-famiglia-forse-no\\\/#primaryimage\",\"url\":\"https:\\\/\\\/www.monaco-tribune.com\\\/wp-content\\\/uploads\\\/2020\\\/11\\\/transmission-min.jpg\",\"contentUrl\":\"https:\\\/\\\/www.monaco-tribune.com\\\/wp-content\\\/uploads\\\/2020\\\/11\\\/transmission-min.jpg\",\"width\":1200,\"height\":800,\"caption\":\"Unsplash\"},{\"@type\":\"BreadcrumbList\",\"@id\":\"https:\\\/\\\/www.monaco-tribune.com\\\/it\\\/2020\\\/11\\\/i-millennials-sono-pronti-per-gestire-le-imprese-di-famiglia-forse-no\\\/#breadcrumb\",\"itemListElement\":[{\"@type\":\"ListItem\",\"position\":1,\"name\":\"Accueil\",\"item\":\"https:\\\/\\\/www.monaco-tribune.com\\\/it\\\/\"},{\"@type\":\"ListItem\",\"position\":2,\"name\":\"I Millennials sono pronti per gestire le imprese di famiglia? Forse no\"}]},{\"@type\":\"WebSite\",\"@id\":\"https:\\\/\\\/www.monaco-tribune.com\\\/it\\\/#website\",\"url\":\"https:\\\/\\\/www.monaco-tribune.com\\\/it\\\/\",\"name\":\"Monaco Tribune\",\"description\":\"Monaco : actualit\u00e9s \u00e9conomiques, politiques, culturelles et sportives de Monaco et de la French Riviera.\",\"publisher\":{\"@id\":\"https:\\\/\\\/www.monaco-tribune.com\\\/it\\\/#organization\"},\"potentialAction\":[{\"@type\":\"SearchAction\",\"target\":{\"@type\":\"EntryPoint\",\"urlTemplate\":\"https:\\\/\\\/www.monaco-tribune.com\\\/it\\\/?s={search_term_string}\"},\"query-input\":{\"@type\":\"PropertyValueSpecification\",\"valueRequired\":true,\"valueName\":\"search_term_string\"}}],\"inLanguage\":\"it-IT\"},{\"@type\":\"Organization\",\"@id\":\"https:\\\/\\\/www.monaco-tribune.com\\\/it\\\/#organization\",\"name\":\"Monaco Tribune\",\"url\":\"https:\\\/\\\/www.monaco-tribune.com\\\/it\\\/\",\"logo\":{\"@type\":\"ImageObject\",\"inLanguage\":\"it-IT\",\"@id\":\"https:\\\/\\\/www.monaco-tribune.com\\\/it\\\/#\\\/schema\\\/logo\\\/image\\\/\",\"url\":\"https:\\\/\\\/www.monaco-tribune.com\\\/wp-content\\\/uploads\\\/2022\\\/11\\\/logo-monaco-tribune.png\",\"contentUrl\":\"https:\\\/\\\/www.monaco-tribune.com\\\/wp-content\\\/uploads\\\/2022\\\/11\\\/logo-monaco-tribune.png\",\"width\":1548,\"height\":600,\"caption\":\"Monaco Tribune\"},\"image\":{\"@id\":\"https:\\\/\\\/www.monaco-tribune.com\\\/it\\\/#\\\/schema\\\/logo\\\/image\\\/\"},\"sameAs\":[\"https:\\\/\\\/www.facebook.com\\\/MonacoTribune\",\"https:\\\/\\\/x.com\\\/MonacoTribune\",\"https:\\\/\\\/www.instagram.com\\\/monacotribune\\\/\",\"https:\\\/\\\/www.linkedin.com\\\/company\\\/monaco-tribune\",\"https:\\\/\\\/www.youtube.com\\\/channel\\\/UCHle1MnG6hw1y4lWKijVbMA\"]},{\"@type\":\"Person\",\"@id\":\"https:\\\/\\\/www.monaco-tribune.com\\\/it\\\/#\\\/schema\\\/person\\\/3814f045714aae4bb4abbfb04158f169\",\"name\":\"Nassima Errami\",\"image\":{\"@type\":\"ImageObject\",\"inLanguage\":\"it-IT\",\"@id\":\"https:\\\/\\\/secure.gravatar.com\\\/avatar\\\/3c0c0266375bc79b6d945c432ea8992d44782f7779ffe49a3d62b6ce4d6a23e0?s=96&d=mm&r=g\",\"url\":\"https:\\\/\\\/secure.gravatar.com\\\/avatar\\\/3c0c0266375bc79b6d945c432ea8992d44782f7779ffe49a3d62b6ce4d6a23e0?s=96&d=mm&r=g\",\"contentUrl\":\"https:\\\/\\\/secure.gravatar.com\\\/avatar\\\/3c0c0266375bc79b6d945c432ea8992d44782f7779ffe49a3d62b6ce4d6a23e0?s=96&d=mm&r=g\",\"caption\":\"Nassima Errami\"},\"url\":\"https:\\\/\\\/www.monaco-tribune.com\\\/it\\\/author\\\/nassimaerrami\\\/\"}]}<\/script>\n<!-- \/ Yoast SEO Premium plugin. -->","yoast_head_json":{"title":"I Millennials sono pronti per gestire le imprese di famiglia? Forse no","description":"Pi\u00f9 della met\u00e0 degli imprenditori non si fida delle nuove generazioni per gestire l'azienda di famiglia: \u00e8 quello che ha evidenziato l'istituto bancario","robots":{"index":"index","follow":"follow","max-snippet":"max-snippet:-1","max-image-preview":"max-image-preview:large","max-video-preview":"max-video-preview:-1"},"canonical":"https:\/\/www.monaco-tribune.com\/it\/2020\/11\/i-millennials-sono-pronti-per-gestire-le-imprese-di-famiglia-forse-no\/","og_locale":"it_IT","og_type":"article","og_title":"I Millennials sono pronti per gestire le imprese di famiglia? Forse no - Monaco Tribune","og_description":"Pi\u00f9 della met\u00e0 degli imprenditori non si fida delle nuove generazioni per gestire l'azienda di famiglia: \u00e8 quello che ha evidenziato l'istituto bancario","og_url":"https:\/\/www.monaco-tribune.com\/it\/2020\/11\/i-millennials-sono-pronti-per-gestire-le-imprese-di-famiglia-forse-no\/","og_site_name":"Monaco Tribune","article_publisher":"https:\/\/www.facebook.com\/MonacoTribune","article_published_time":"2020-11-05T12:03:59+00:00","article_modified_time":"2020-11-05T14:54:26+00:00","og_image":[{"width":1200,"height":800,"url":"https:\/\/www.monaco-tribune.com\/wp-content\/uploads\/2020\/11\/transmission-min.jpg","type":"image\/jpeg"}],"author":"Nassima Errami","twitter_card":"summary_large_image","twitter_creator":"@MonacoTribune","twitter_site":"@MonacoTribune","schema":{"@context":"https:\/\/schema.org","@graph":[{"@type":"NewsArticle","@id":"https:\/\/www.monaco-tribune.com\/it\/2020\/11\/i-millennials-sono-pronti-per-gestire-le-imprese-di-famiglia-forse-no\/#article","isPartOf":{"@id":"https:\/\/www.monaco-tribune.com\/it\/2020\/11\/i-millennials-sono-pronti-per-gestire-le-imprese-di-famiglia-forse-no\/"},"author":{"name":"Nassima Errami","@id":"https:\/\/www.monaco-tribune.com\/it\/#\/schema\/person\/3814f045714aae4bb4abbfb04158f169"},"headline":"I Millennials sono pronti per gestire le imprese di famiglia? Forse no","datePublished":"2020-11-05T12:03:59+00:00","dateModified":"2020-11-05T14:54:26+00:00","mainEntityOfPage":{"@id":"https:\/\/www.monaco-tribune.com\/it\/2020\/11\/i-millennials-sono-pronti-per-gestire-le-imprese-di-famiglia-forse-no\/"},"wordCount":354,"publisher":{"@id":"https:\/\/www.monaco-tribune.com\/it\/#organization"},"image":{"@id":"https:\/\/www.monaco-tribune.com\/it\/2020\/11\/i-millennials-sono-pronti-per-gestire-le-imprese-di-famiglia-forse-no\/#primaryimage"},"thumbnailUrl":"https:\/\/www.monaco-tribune.com\/wp-content\/uploads\/2020\/11\/transmission-min.jpg","articleSection":["Business","Notizie"],"inLanguage":"it-IT","copyrightYear":"2020","copyrightHolder":{"@id":"https:\/\/www.monaco-tribune.com\/#organization"}},{"@type":"WebPage","@id":"https:\/\/www.monaco-tribune.com\/it\/2020\/11\/i-millennials-sono-pronti-per-gestire-le-imprese-di-famiglia-forse-no\/","url":"https:\/\/www.monaco-tribune.com\/it\/2020\/11\/i-millennials-sono-pronti-per-gestire-le-imprese-di-famiglia-forse-no\/","name":"I Millennials sono pronti per gestire le imprese di famiglia? Forse no","isPartOf":{"@id":"https:\/\/www.monaco-tribune.com\/it\/#website"},"primaryImageOfPage":{"@id":"https:\/\/www.monaco-tribune.com\/it\/2020\/11\/i-millennials-sono-pronti-per-gestire-le-imprese-di-famiglia-forse-no\/#primaryimage"},"image":{"@id":"https:\/\/www.monaco-tribune.com\/it\/2020\/11\/i-millennials-sono-pronti-per-gestire-le-imprese-di-famiglia-forse-no\/#primaryimage"},"thumbnailUrl":"https:\/\/www.monaco-tribune.com\/wp-content\/uploads\/2020\/11\/transmission-min.jpg","datePublished":"2020-11-05T12:03:59+00:00","dateModified":"2020-11-05T14:54:26+00:00","description":"Pi\u00f9 della met\u00e0 degli imprenditori non si fida delle nuove generazioni per gestire l'azienda di famiglia: \u00e8 quello che ha evidenziato l'istituto bancario","breadcrumb":{"@id":"https:\/\/www.monaco-tribune.com\/it\/2020\/11\/i-millennials-sono-pronti-per-gestire-le-imprese-di-famiglia-forse-no\/#breadcrumb"},"inLanguage":"it-IT","potentialAction":[{"@type":"ReadAction","target":["https:\/\/www.monaco-tribune.com\/it\/2020\/11\/i-millennials-sono-pronti-per-gestire-le-imprese-di-famiglia-forse-no\/"]}]},{"@type":"ImageObject","inLanguage":"it-IT","@id":"https:\/\/www.monaco-tribune.com\/it\/2020\/11\/i-millennials-sono-pronti-per-gestire-le-imprese-di-famiglia-forse-no\/#primaryimage","url":"https:\/\/www.monaco-tribune.com\/wp-content\/uploads\/2020\/11\/transmission-min.jpg","contentUrl":"https:\/\/www.monaco-tribune.com\/wp-content\/uploads\/2020\/11\/transmission-min.jpg","width":1200,"height":800,"caption":"Unsplash"},{"@type":"BreadcrumbList","@id":"https:\/\/www.monaco-tribune.com\/it\/2020\/11\/i-millennials-sono-pronti-per-gestire-le-imprese-di-famiglia-forse-no\/#breadcrumb","itemListElement":[{"@type":"ListItem","position":1,"name":"Accueil","item":"https:\/\/www.monaco-tribune.com\/it\/"},{"@type":"ListItem","position":2,"name":"I Millennials sono pronti per gestire le imprese di famiglia? Forse no"}]},{"@type":"WebSite","@id":"https:\/\/www.monaco-tribune.com\/it\/#website","url":"https:\/\/www.monaco-tribune.com\/it\/","name":"Monaco Tribune","description":"Monaco : actualit\u00e9s \u00e9conomiques, politiques, culturelles et sportives de Monaco et de la French Riviera.","publisher":{"@id":"https:\/\/www.monaco-tribune.com\/it\/#organization"},"potentialAction":[{"@type":"SearchAction","target":{"@type":"EntryPoint","urlTemplate":"https:\/\/www.monaco-tribune.com\/it\/?s={search_term_string}"},"query-input":{"@type":"PropertyValueSpecification","valueRequired":true,"valueName":"search_term_string"}}],"inLanguage":"it-IT"},{"@type":"Organization","@id":"https:\/\/www.monaco-tribune.com\/it\/#organization","name":"Monaco Tribune","url":"https:\/\/www.monaco-tribune.com\/it\/","logo":{"@type":"ImageObject","inLanguage":"it-IT","@id":"https:\/\/www.monaco-tribune.com\/it\/#\/schema\/logo\/image\/","url":"https:\/\/www.monaco-tribune.com\/wp-content\/uploads\/2022\/11\/logo-monaco-tribune.png","contentUrl":"https:\/\/www.monaco-tribune.com\/wp-content\/uploads\/2022\/11\/logo-monaco-tribune.png","width":1548,"height":600,"caption":"Monaco Tribune"},"image":{"@id":"https:\/\/www.monaco-tribune.com\/it\/#\/schema\/logo\/image\/"},"sameAs":["https:\/\/www.facebook.com\/MonacoTribune","https:\/\/x.com\/MonacoTribune","https:\/\/www.instagram.com\/monacotribune\/","https:\/\/www.linkedin.com\/company\/monaco-tribune","https:\/\/www.youtube.com\/channel\/UCHle1MnG6hw1y4lWKijVbMA"]},{"@type":"Person","@id":"https:\/\/www.monaco-tribune.com\/it\/#\/schema\/person\/3814f045714aae4bb4abbfb04158f169","name":"Nassima Errami","image":{"@type":"ImageObject","inLanguage":"it-IT","@id":"https:\/\/secure.gravatar.com\/avatar\/3c0c0266375bc79b6d945c432ea8992d44782f7779ffe49a3d62b6ce4d6a23e0?s=96&d=mm&r=g","url":"https:\/\/secure.gravatar.com\/avatar\/3c0c0266375bc79b6d945c432ea8992d44782f7779ffe49a3d62b6ce4d6a23e0?s=96&d=mm&r=g","contentUrl":"https:\/\/secure.gravatar.com\/avatar\/3c0c0266375bc79b6d945c432ea8992d44782f7779ffe49a3d62b6ce4d6a23e0?s=96&d=mm&r=g","caption":"Nassima Errami"},"url":"https:\/\/www.monaco-tribune.com\/it\/author\/nassimaerrami\/"}]}},"_links":{"self":[{"href":"https:\/\/www.monaco-tribune.com\/it\/wp-json\/wp\/v2\/posts\/44680","targetHints":{"allow":["GET"]}}],"collection":[{"href":"https:\/\/www.monaco-tribune.com\/it\/wp-json\/wp\/v2\/posts"}],"about":[{"href":"https:\/\/www.monaco-tribune.com\/it\/wp-json\/wp\/v2\/types\/post"}],"author":[{"embeddable":true,"href":"https:\/\/www.monaco-tribune.com\/it\/wp-json\/wp\/v2\/users\/41"}],"replies":[{"embeddable":true,"href":"https:\/\/www.monaco-tribune.com\/it\/wp-json\/wp\/v2\/comments?post=44680"}],"version-history":[{"count":0,"href":"https:\/\/www.monaco-tribune.com\/it\/wp-json\/wp\/v2\/posts\/44680\/revisions"}],"wp:featuredmedia":[{"embeddable":true,"href":"https:\/\/www.monaco-tribune.com\/it\/wp-json\/wp\/v2\/media\/44234"}],"wp:attachment":[{"href":"https:\/\/www.monaco-tribune.com\/it\/wp-json\/wp\/v2\/media?parent=44680"}],"wp:term":[{"taxonomy":"category","embeddable":true,"href":"https:\/\/www.monaco-tribune.com\/it\/wp-json\/wp\/v2\/categories?post=44680"},{"taxonomy":"post_tag","embeddable":true,"href":"https:\/\/www.monaco-tribune.com\/it\/wp-json\/wp\/v2\/tags?post=44680"},{"taxonomy":"sectag","embeddable":true,"href":"https:\/\/www.monaco-tribune.com\/it\/wp-json\/wp\/v2\/post_sectags?post=44680"},{"taxonomy":"format","embeddable":true,"href":"https:\/\/www.monaco-tribune.com\/it\/wp-json\/wp\/v2\/post_format?post=44680"}],"curies":[{"name":"wp","href":"https:\/\/api.w.org\/{rel}","templated":true}]}}