{"id":46982,"date":"2020-11-20T13:05:30","date_gmt":"2020-11-20T12:05:30","guid":{"rendered":"https:\/\/www.monaco-tribune.com\/2020\/11\/popolazioni-del-mediterraneo-in-pericolo-la-causa-principale-e-il-cambiamento-climatico\/"},"modified":"2020-11-20T13:09:12","modified_gmt":"2020-11-20T12:09:12","slug":"popolazioni-del-mediterraneo-in-pericolo-la-causa-principale-e-il-cambiamento-climatico","status":"publish","type":"post","link":"https:\/\/www.monaco-tribune.com\/it\/2020\/11\/popolazioni-del-mediterraneo-in-pericolo-la-causa-principale-e-il-cambiamento-climatico\/","title":{"rendered":"Popolazioni del Mediterraneo in pericolo. La causa principale \u00e8 il cambiamento climatico"},"content":{"rendered":"\n<p><p><strong>Il rapporto sulle condizioni ambientali e dello sviluppo nel Mediterraneo (RED 2020), presentato questo mercoled\u00ec, mostra come il bacino mediterraneo sia particolarmente vulnerabile al riscaldamento climatico. La salute e i mezzi di sostentamento delle sue popolazioni sembrerebbero minacciati.<\/strong><\/p><\/p>\n\n<p><p>Lo studio \u00e8 stato condotto all&#8217;interno del programma dell&#8217;Organizzazione delle Nazioni Unite per l&#8217;ambiente e del Piano di azione per il Mediterraneo. Uno studio che non sembra promettere niente di buono per i 21 paesi che si affacciano su questo mare e per l&#8217;Unione europea. Fran\u00e7ois Guerquin, direttore di <a href=\"https:\/\/planbleu.org\/en\/\">Plan Bleu<\/a>, ha subito dichiarato le sue intenzioni durante la presentazione del rapporto, <a href=\"https:\/\/planbleu.org\/en\/publications\/soed-2009\/\">la cui precedente versione risale al 2009<\/a>: &#8220;Il futuro del Mediterraneo \u00e8 a un punto di svolta&#8221;.<\/p><\/p>\n\n<blockquote class=\"wp-block-quote is-layout-flow wp-block-quote-is-layout-flow\"><p>Lo sfruttamento delle risorse e degli organismi, l&#8217;inquinamento e il cambiamento climatico potrebbero aggravare le fragilit\u00e0 gi\u00e0 esistenti [&#8230;], mettendo in pericolo la salute e i mezzi di sussistenza<\/p><cite>Fran\u00e7ois Guerquin, direttore di Plan Bleu<\/cite><\/blockquote>\n\n<h2 class=\"wp-block-heading\" id=\"h-une-zone-expos-e-au-changement-climatique\">Una zona esposta al cambiamento climatico<\/h2>\n\n<p><p>Il 15% dei decessi nel bacino mediterraneo sarebbe attribuibile a cause ambientali evitabili, ma a questo si aggiunge anche il cambiamento climatico sempre pi\u00f9 pressante. Il rapporto conferma un riscaldamento &#8220;pi\u00f9 rapido del 20% rispetto alla media mondiale&#8221;, sia della temperatura dell&#8217;ambiente che dell&#8217;acqua. Numeri che hanno conseguenze dirette sulla regione, specialmente per quanto riguarda le precipitazioni, con un calo del 30% previsto per il 2080.<\/p><\/p>\n\n<p>Inoltre, i 510 milioni di abitanti dei paesi del Mediteranno sono soggetti a stagioni di incendi pi\u00f9 lunghe, alla proliferazione di specie invasive che minacciano la biodiversit\u00e0 e la pesca, oltre che a un aumento del livello del mare da 0,5 a 2,5 metri entro la fine del secolo.<\/p>\n\n<blockquote class=\"wp-block-quote is-layout-flow wp-block-quote-is-layout-flow\"><p>Nonostante gli sforzi, i paesi del Mediterraneo non sono sulla buona strada e le traiettorie attuali devono essere assolutamente modificate<\/p><cite>Gaetano Leone, coordinatore del Programma alimentare mondiale<\/cite><\/blockquote>\n\n<h2 class=\"wp-block-heading\" id=\"h-appel-la-responsabilit-des-pays\">Un appello alla responsabilit\u00e0 dei paesi<\/h2>\n\n<p><p>Per evitare il peggio, le popolazioni sono invitate a <a href=\"https:\/\/www.monaco-tribune.com\/it\/2020\/10\/il-polmone-verde-marino-va-protetto-dai-super-yacht-ci-pensa-la-costa-azzurra\/\">modificare alcuni punti del loro modo di vivere<\/a>: &#8220;Le transizioni verso traiettorie sostenibili necessitano di modifiche profonde nei comportamenti a tutti i livelli e in tutti i settori, i principali responsabili delle pressioni e dei danni crescenti sono i nostri modelli di produzione e di consumo&#8221; conclude il rapporto.<\/p><\/p>\n\n<figure class=\"wp-block-embed-twitter aligncenter wp-block-embed is-type-rich is-provider-twitter\"><div class=\"wp-block-embed__wrapper\">\n<blockquote class=\"twitter-tweet\" data-width=\"500\" data-dnt=\"true\"><p lang=\"fr\" dir=\"ltr\">Aujourd&#39;hui nous pr\u00e9sentons le Rapport d&#39;\u00e9tat de l&#39;Environnement et du D\u00e9veloppement en M\u00e9diterran\u00e9e lors d&#39;une conf\u00e9rence de presse.  Il est le fruit d\u2019un grand effort collectif, dans le cadre du <a href=\"https:\/\/twitter.com\/UNEPMAPNews?ref_src=twsrc%5Etfw\">@UNEPMAPNews<\/a>  \u2013 Convention de Barcelone <a href=\"https:\/\/twitter.com\/hashtag\/sustainableMED?src=hash&amp;ref_src=twsrc%5Etfw\">#sustainableMED<\/a> <a href=\"https:\/\/t.co\/YMjFcENEc3\">pic.twitter.com\/YMjFcENEc3<\/a><\/p>&mdash; Plan Bleu (@planbleu) <a href=\"https:\/\/twitter.com\/planbleu\/status\/1328973939863941120?ref_src=twsrc%5Etfw\">November 18, 2020<\/a><\/blockquote><script async src=\"https:\/\/platform.twitter.com\/widgets.js\" charset=\"utf-8\"><\/script>\n<\/div><\/figure>","protected":false},"excerpt":{"rendered":"<p>Il rapporto sulle condizioni ambientali e dello sviluppo nel Mediterraneo (RED 2020), presentato questo mercoled\u00ec, mostra come il bacino mediterraneo [&hellip;]<\/p>\n","protected":false},"author":41,"featured_media":46642,"comment_status":"closed","ping_status":"closed","sticky":false,"template":"","format":"standard","meta":{"_acf_changed":false,"footnotes":""},"categories":[1839,1738],"tags":[4219],"post_sectags":[],"post_format":[2478],"class_list":["post-46982","post","type-post","status-publish","format-standard","has-post-thumbnail","hentry","category-green","category-notizie","tag-iniziative","format-notizia"],"acf":[],"yoast_head":"<!-- This site is optimized with the Yoast SEO Premium plugin v27.5 (Yoast SEO v27.5) - https:\/\/yoast.com\/product\/yoast-seo-premium-wordpress\/ -->\n<title>Popolazioni del Mediterraneo in pericolo. La causa principale \u00e8 il cambiamento climatico<\/title>\n<meta name=\"description\" content=\"Il rapporto sulle condizioni ambientali e dello sviluppo nel Mediterraneo (RED 2020), presentato questo mercoled\u00ec, mostra come il bacino mediterraneo sia\" \/>\n<meta name=\"robots\" content=\"index, follow, max-snippet:-1, max-image-preview:large, max-video-preview:-1\" \/>\n<link rel=\"canonical\" href=\"https:\/\/www.monaco-tribune.com\/it\/2020\/11\/popolazioni-del-mediterraneo-in-pericolo-la-causa-principale-e-il-cambiamento-climatico\/\" \/>\n<meta property=\"og:locale\" content=\"it_IT\" \/>\n<meta property=\"og:type\" content=\"article\" \/>\n<meta property=\"og:title\" content=\"Popolazioni del Mediterraneo in pericolo. La causa principale \u00e8 il cambiamento climatico - Monaco Tribune\" \/>\n<meta property=\"og:description\" content=\"Il rapporto sulle condizioni ambientali e dello sviluppo nel Mediterraneo (RED 2020), presentato questo mercoled\u00ec, mostra come il bacino mediterraneo sia\" \/>\n<meta property=\"og:url\" content=\"https:\/\/www.monaco-tribune.com\/it\/2020\/11\/popolazioni-del-mediterraneo-in-pericolo-la-causa-principale-e-il-cambiamento-climatico\/\" \/>\n<meta property=\"og:site_name\" content=\"Monaco Tribune\" \/>\n<meta property=\"article:publisher\" content=\"https:\/\/www.facebook.com\/MonacoTribune\" \/>\n<meta property=\"article:published_time\" content=\"2020-11-20T12:05:30+00:00\" \/>\n<meta property=\"article:modified_time\" content=\"2020-11-20T12:09:12+00:00\" \/>\n<meta property=\"og:image\" content=\"https:\/\/www.monaco-tribune.com\/wp-content\/uploads\/2020\/11\/mediterranee\u2013rechauffement-climatique-1.jpg\" \/>\n\t<meta property=\"og:image:width\" content=\"1200\" \/>\n\t<meta property=\"og:image:height\" content=\"795\" \/>\n\t<meta property=\"og:image:type\" content=\"image\/jpeg\" \/>\n<meta name=\"author\" content=\"Nassima Errami\" \/>\n<meta name=\"twitter:card\" content=\"summary_large_image\" \/>\n<meta name=\"twitter:creator\" content=\"@MonacoTribune\" \/>\n<meta name=\"twitter:site\" content=\"@MonacoTribune\" \/>\n<script type=\"application\/ld+json\" class=\"yoast-schema-graph\">{\"@context\":\"https:\\\/\\\/schema.org\",\"@graph\":[{\"@type\":\"NewsArticle\",\"@id\":\"https:\\\/\\\/www.monaco-tribune.com\\\/it\\\/2020\\\/11\\\/popolazioni-del-mediterraneo-in-pericolo-la-causa-principale-e-il-cambiamento-climatico\\\/#article\",\"isPartOf\":{\"@id\":\"https:\\\/\\\/www.monaco-tribune.com\\\/it\\\/2020\\\/11\\\/popolazioni-del-mediterraneo-in-pericolo-la-causa-principale-e-il-cambiamento-climatico\\\/\"},\"author\":{\"name\":\"Nassima Errami\",\"@id\":\"https:\\\/\\\/www.monaco-tribune.com\\\/it\\\/#\\\/schema\\\/person\\\/3814f045714aae4bb4abbfb04158f169\"},\"headline\":\"Popolazioni del Mediterraneo in pericolo. La causa principale \u00e8 il cambiamento climatico\",\"datePublished\":\"2020-11-20T12:05:30+00:00\",\"dateModified\":\"2020-11-20T12:09:12+00:00\",\"mainEntityOfPage\":{\"@id\":\"https:\\\/\\\/www.monaco-tribune.com\\\/it\\\/2020\\\/11\\\/popolazioni-del-mediterraneo-in-pericolo-la-causa-principale-e-il-cambiamento-climatico\\\/\"},\"wordCount\":377,\"publisher\":{\"@id\":\"https:\\\/\\\/www.monaco-tribune.com\\\/it\\\/#organization\"},\"image\":{\"@id\":\"https:\\\/\\\/www.monaco-tribune.com\\\/it\\\/2020\\\/11\\\/popolazioni-del-mediterraneo-in-pericolo-la-causa-principale-e-il-cambiamento-climatico\\\/#primaryimage\"},\"thumbnailUrl\":\"https:\\\/\\\/www.monaco-tribune.com\\\/wp-content\\\/uploads\\\/2020\\\/11\\\/mediterranee\u2013rechauffement-climatique-1.jpg\",\"keywords\":[\"Iniziative\"],\"articleSection\":[\"Green\",\"Notizie\"],\"inLanguage\":\"it-IT\",\"copyrightYear\":\"2020\",\"copyrightHolder\":{\"@id\":\"https:\\\/\\\/www.monaco-tribune.com\\\/#organization\"}},{\"@type\":\"WebPage\",\"@id\":\"https:\\\/\\\/www.monaco-tribune.com\\\/it\\\/2020\\\/11\\\/popolazioni-del-mediterraneo-in-pericolo-la-causa-principale-e-il-cambiamento-climatico\\\/\",\"url\":\"https:\\\/\\\/www.monaco-tribune.com\\\/it\\\/2020\\\/11\\\/popolazioni-del-mediterraneo-in-pericolo-la-causa-principale-e-il-cambiamento-climatico\\\/\",\"name\":\"Popolazioni del Mediterraneo in pericolo. La causa principale \u00e8 il cambiamento climatico\",\"isPartOf\":{\"@id\":\"https:\\\/\\\/www.monaco-tribune.com\\\/it\\\/#website\"},\"primaryImageOfPage\":{\"@id\":\"https:\\\/\\\/www.monaco-tribune.com\\\/it\\\/2020\\\/11\\\/popolazioni-del-mediterraneo-in-pericolo-la-causa-principale-e-il-cambiamento-climatico\\\/#primaryimage\"},\"image\":{\"@id\":\"https:\\\/\\\/www.monaco-tribune.com\\\/it\\\/2020\\\/11\\\/popolazioni-del-mediterraneo-in-pericolo-la-causa-principale-e-il-cambiamento-climatico\\\/#primaryimage\"},\"thumbnailUrl\":\"https:\\\/\\\/www.monaco-tribune.com\\\/wp-content\\\/uploads\\\/2020\\\/11\\\/mediterranee\u2013rechauffement-climatique-1.jpg\",\"datePublished\":\"2020-11-20T12:05:30+00:00\",\"dateModified\":\"2020-11-20T12:09:12+00:00\",\"description\":\"Il rapporto sulle condizioni ambientali e dello sviluppo nel Mediterraneo (RED 2020), presentato questo mercoled\u00ec, mostra come il bacino mediterraneo sia\",\"breadcrumb\":{\"@id\":\"https:\\\/\\\/www.monaco-tribune.com\\\/it\\\/2020\\\/11\\\/popolazioni-del-mediterraneo-in-pericolo-la-causa-principale-e-il-cambiamento-climatico\\\/#breadcrumb\"},\"inLanguage\":\"it-IT\",\"potentialAction\":[{\"@type\":\"ReadAction\",\"target\":[\"https:\\\/\\\/www.monaco-tribune.com\\\/it\\\/2020\\\/11\\\/popolazioni-del-mediterraneo-in-pericolo-la-causa-principale-e-il-cambiamento-climatico\\\/\"]}]},{\"@type\":\"ImageObject\",\"inLanguage\":\"it-IT\",\"@id\":\"https:\\\/\\\/www.monaco-tribune.com\\\/it\\\/2020\\\/11\\\/popolazioni-del-mediterraneo-in-pericolo-la-causa-principale-e-il-cambiamento-climatico\\\/#primaryimage\",\"url\":\"https:\\\/\\\/www.monaco-tribune.com\\\/wp-content\\\/uploads\\\/2020\\\/11\\\/mediterranee\u2013rechauffement-climatique-1.jpg\",\"contentUrl\":\"https:\\\/\\\/www.monaco-tribune.com\\\/wp-content\\\/uploads\\\/2020\\\/11\\\/mediterranee\u2013rechauffement-climatique-1.jpg\",\"width\":1200,\"height\":795,\"caption\":\"Kit Suman \\\/ Unsplash\"},{\"@type\":\"BreadcrumbList\",\"@id\":\"https:\\\/\\\/www.monaco-tribune.com\\\/it\\\/2020\\\/11\\\/popolazioni-del-mediterraneo-in-pericolo-la-causa-principale-e-il-cambiamento-climatico\\\/#breadcrumb\",\"itemListElement\":[{\"@type\":\"ListItem\",\"position\":1,\"name\":\"Accueil\",\"item\":\"https:\\\/\\\/www.monaco-tribune.com\\\/it\\\/\"},{\"@type\":\"ListItem\",\"position\":2,\"name\":\"Popolazioni del Mediterraneo in pericolo. La causa principale \u00e8 il cambiamento climatico\"}]},{\"@type\":\"WebSite\",\"@id\":\"https:\\\/\\\/www.monaco-tribune.com\\\/it\\\/#website\",\"url\":\"https:\\\/\\\/www.monaco-tribune.com\\\/it\\\/\",\"name\":\"Monaco Tribune\",\"description\":\"Monaco : actualit\u00e9s \u00e9conomiques, politiques, culturelles et sportives de Monaco et de la French Riviera.\",\"publisher\":{\"@id\":\"https:\\\/\\\/www.monaco-tribune.com\\\/it\\\/#organization\"},\"potentialAction\":[{\"@type\":\"SearchAction\",\"target\":{\"@type\":\"EntryPoint\",\"urlTemplate\":\"https:\\\/\\\/www.monaco-tribune.com\\\/it\\\/?s={search_term_string}\"},\"query-input\":{\"@type\":\"PropertyValueSpecification\",\"valueRequired\":true,\"valueName\":\"search_term_string\"}}],\"inLanguage\":\"it-IT\"},{\"@type\":\"Organization\",\"@id\":\"https:\\\/\\\/www.monaco-tribune.com\\\/it\\\/#organization\",\"name\":\"Monaco Tribune\",\"url\":\"https:\\\/\\\/www.monaco-tribune.com\\\/it\\\/\",\"logo\":{\"@type\":\"ImageObject\",\"inLanguage\":\"it-IT\",\"@id\":\"https:\\\/\\\/www.monaco-tribune.com\\\/it\\\/#\\\/schema\\\/logo\\\/image\\\/\",\"url\":\"https:\\\/\\\/www.monaco-tribune.com\\\/wp-content\\\/uploads\\\/2022\\\/11\\\/logo-monaco-tribune.png\",\"contentUrl\":\"https:\\\/\\\/www.monaco-tribune.com\\\/wp-content\\\/uploads\\\/2022\\\/11\\\/logo-monaco-tribune.png\",\"width\":1548,\"height\":600,\"caption\":\"Monaco Tribune\"},\"image\":{\"@id\":\"https:\\\/\\\/www.monaco-tribune.com\\\/it\\\/#\\\/schema\\\/logo\\\/image\\\/\"},\"sameAs\":[\"https:\\\/\\\/www.facebook.com\\\/MonacoTribune\",\"https:\\\/\\\/x.com\\\/MonacoTribune\",\"https:\\\/\\\/www.instagram.com\\\/monacotribune\\\/\",\"https:\\\/\\\/www.linkedin.com\\\/company\\\/monaco-tribune\",\"https:\\\/\\\/www.youtube.com\\\/channel\\\/UCHle1MnG6hw1y4lWKijVbMA\"]},{\"@type\":\"Person\",\"@id\":\"https:\\\/\\\/www.monaco-tribune.com\\\/it\\\/#\\\/schema\\\/person\\\/3814f045714aae4bb4abbfb04158f169\",\"name\":\"Nassima Errami\",\"image\":{\"@type\":\"ImageObject\",\"inLanguage\":\"it-IT\",\"@id\":\"https:\\\/\\\/secure.gravatar.com\\\/avatar\\\/3c0c0266375bc79b6d945c432ea8992d44782f7779ffe49a3d62b6ce4d6a23e0?s=96&d=mm&r=g\",\"url\":\"https:\\\/\\\/secure.gravatar.com\\\/avatar\\\/3c0c0266375bc79b6d945c432ea8992d44782f7779ffe49a3d62b6ce4d6a23e0?s=96&d=mm&r=g\",\"contentUrl\":\"https:\\\/\\\/secure.gravatar.com\\\/avatar\\\/3c0c0266375bc79b6d945c432ea8992d44782f7779ffe49a3d62b6ce4d6a23e0?s=96&d=mm&r=g\",\"caption\":\"Nassima Errami\"},\"url\":\"https:\\\/\\\/www.monaco-tribune.com\\\/it\\\/author\\\/nassimaerrami\\\/\"}]}<\/script>\n<!-- \/ Yoast SEO Premium plugin. -->","yoast_head_json":{"title":"Popolazioni del Mediterraneo in pericolo. La causa principale \u00e8 il cambiamento climatico","description":"Il rapporto sulle condizioni ambientali e dello sviluppo nel Mediterraneo (RED 2020), presentato questo mercoled\u00ec, mostra come il bacino mediterraneo sia","robots":{"index":"index","follow":"follow","max-snippet":"max-snippet:-1","max-image-preview":"max-image-preview:large","max-video-preview":"max-video-preview:-1"},"canonical":"https:\/\/www.monaco-tribune.com\/it\/2020\/11\/popolazioni-del-mediterraneo-in-pericolo-la-causa-principale-e-il-cambiamento-climatico\/","og_locale":"it_IT","og_type":"article","og_title":"Popolazioni del Mediterraneo in pericolo. La causa principale \u00e8 il cambiamento climatico - Monaco Tribune","og_description":"Il rapporto sulle condizioni ambientali e dello sviluppo nel Mediterraneo (RED 2020), presentato questo mercoled\u00ec, mostra come il bacino mediterraneo sia","og_url":"https:\/\/www.monaco-tribune.com\/it\/2020\/11\/popolazioni-del-mediterraneo-in-pericolo-la-causa-principale-e-il-cambiamento-climatico\/","og_site_name":"Monaco Tribune","article_publisher":"https:\/\/www.facebook.com\/MonacoTribune","article_published_time":"2020-11-20T12:05:30+00:00","article_modified_time":"2020-11-20T12:09:12+00:00","og_image":[{"width":1200,"height":795,"url":"https:\/\/www.monaco-tribune.com\/wp-content\/uploads\/2020\/11\/mediterranee\u2013rechauffement-climatique-1.jpg","type":"image\/jpeg"}],"author":"Nassima Errami","twitter_card":"summary_large_image","twitter_creator":"@MonacoTribune","twitter_site":"@MonacoTribune","schema":{"@context":"https:\/\/schema.org","@graph":[{"@type":"NewsArticle","@id":"https:\/\/www.monaco-tribune.com\/it\/2020\/11\/popolazioni-del-mediterraneo-in-pericolo-la-causa-principale-e-il-cambiamento-climatico\/#article","isPartOf":{"@id":"https:\/\/www.monaco-tribune.com\/it\/2020\/11\/popolazioni-del-mediterraneo-in-pericolo-la-causa-principale-e-il-cambiamento-climatico\/"},"author":{"name":"Nassima Errami","@id":"https:\/\/www.monaco-tribune.com\/it\/#\/schema\/person\/3814f045714aae4bb4abbfb04158f169"},"headline":"Popolazioni del Mediterraneo in pericolo. La causa principale \u00e8 il cambiamento climatico","datePublished":"2020-11-20T12:05:30+00:00","dateModified":"2020-11-20T12:09:12+00:00","mainEntityOfPage":{"@id":"https:\/\/www.monaco-tribune.com\/it\/2020\/11\/popolazioni-del-mediterraneo-in-pericolo-la-causa-principale-e-il-cambiamento-climatico\/"},"wordCount":377,"publisher":{"@id":"https:\/\/www.monaco-tribune.com\/it\/#organization"},"image":{"@id":"https:\/\/www.monaco-tribune.com\/it\/2020\/11\/popolazioni-del-mediterraneo-in-pericolo-la-causa-principale-e-il-cambiamento-climatico\/#primaryimage"},"thumbnailUrl":"https:\/\/www.monaco-tribune.com\/wp-content\/uploads\/2020\/11\/mediterranee\u2013rechauffement-climatique-1.jpg","keywords":["Iniziative"],"articleSection":["Green","Notizie"],"inLanguage":"it-IT","copyrightYear":"2020","copyrightHolder":{"@id":"https:\/\/www.monaco-tribune.com\/#organization"}},{"@type":"WebPage","@id":"https:\/\/www.monaco-tribune.com\/it\/2020\/11\/popolazioni-del-mediterraneo-in-pericolo-la-causa-principale-e-il-cambiamento-climatico\/","url":"https:\/\/www.monaco-tribune.com\/it\/2020\/11\/popolazioni-del-mediterraneo-in-pericolo-la-causa-principale-e-il-cambiamento-climatico\/","name":"Popolazioni del Mediterraneo in pericolo. La causa principale \u00e8 il cambiamento climatico","isPartOf":{"@id":"https:\/\/www.monaco-tribune.com\/it\/#website"},"primaryImageOfPage":{"@id":"https:\/\/www.monaco-tribune.com\/it\/2020\/11\/popolazioni-del-mediterraneo-in-pericolo-la-causa-principale-e-il-cambiamento-climatico\/#primaryimage"},"image":{"@id":"https:\/\/www.monaco-tribune.com\/it\/2020\/11\/popolazioni-del-mediterraneo-in-pericolo-la-causa-principale-e-il-cambiamento-climatico\/#primaryimage"},"thumbnailUrl":"https:\/\/www.monaco-tribune.com\/wp-content\/uploads\/2020\/11\/mediterranee\u2013rechauffement-climatique-1.jpg","datePublished":"2020-11-20T12:05:30+00:00","dateModified":"2020-11-20T12:09:12+00:00","description":"Il rapporto sulle condizioni ambientali e dello sviluppo nel Mediterraneo (RED 2020), presentato questo mercoled\u00ec, mostra come il bacino mediterraneo sia","breadcrumb":{"@id":"https:\/\/www.monaco-tribune.com\/it\/2020\/11\/popolazioni-del-mediterraneo-in-pericolo-la-causa-principale-e-il-cambiamento-climatico\/#breadcrumb"},"inLanguage":"it-IT","potentialAction":[{"@type":"ReadAction","target":["https:\/\/www.monaco-tribune.com\/it\/2020\/11\/popolazioni-del-mediterraneo-in-pericolo-la-causa-principale-e-il-cambiamento-climatico\/"]}]},{"@type":"ImageObject","inLanguage":"it-IT","@id":"https:\/\/www.monaco-tribune.com\/it\/2020\/11\/popolazioni-del-mediterraneo-in-pericolo-la-causa-principale-e-il-cambiamento-climatico\/#primaryimage","url":"https:\/\/www.monaco-tribune.com\/wp-content\/uploads\/2020\/11\/mediterranee\u2013rechauffement-climatique-1.jpg","contentUrl":"https:\/\/www.monaco-tribune.com\/wp-content\/uploads\/2020\/11\/mediterranee\u2013rechauffement-climatique-1.jpg","width":1200,"height":795,"caption":"Kit Suman \/ Unsplash"},{"@type":"BreadcrumbList","@id":"https:\/\/www.monaco-tribune.com\/it\/2020\/11\/popolazioni-del-mediterraneo-in-pericolo-la-causa-principale-e-il-cambiamento-climatico\/#breadcrumb","itemListElement":[{"@type":"ListItem","position":1,"name":"Accueil","item":"https:\/\/www.monaco-tribune.com\/it\/"},{"@type":"ListItem","position":2,"name":"Popolazioni del Mediterraneo in pericolo. La causa principale \u00e8 il cambiamento climatico"}]},{"@type":"WebSite","@id":"https:\/\/www.monaco-tribune.com\/it\/#website","url":"https:\/\/www.monaco-tribune.com\/it\/","name":"Monaco Tribune","description":"Monaco : actualit\u00e9s \u00e9conomiques, politiques, culturelles et sportives de Monaco et de la French Riviera.","publisher":{"@id":"https:\/\/www.monaco-tribune.com\/it\/#organization"},"potentialAction":[{"@type":"SearchAction","target":{"@type":"EntryPoint","urlTemplate":"https:\/\/www.monaco-tribune.com\/it\/?s={search_term_string}"},"query-input":{"@type":"PropertyValueSpecification","valueRequired":true,"valueName":"search_term_string"}}],"inLanguage":"it-IT"},{"@type":"Organization","@id":"https:\/\/www.monaco-tribune.com\/it\/#organization","name":"Monaco Tribune","url":"https:\/\/www.monaco-tribune.com\/it\/","logo":{"@type":"ImageObject","inLanguage":"it-IT","@id":"https:\/\/www.monaco-tribune.com\/it\/#\/schema\/logo\/image\/","url":"https:\/\/www.monaco-tribune.com\/wp-content\/uploads\/2022\/11\/logo-monaco-tribune.png","contentUrl":"https:\/\/www.monaco-tribune.com\/wp-content\/uploads\/2022\/11\/logo-monaco-tribune.png","width":1548,"height":600,"caption":"Monaco Tribune"},"image":{"@id":"https:\/\/www.monaco-tribune.com\/it\/#\/schema\/logo\/image\/"},"sameAs":["https:\/\/www.facebook.com\/MonacoTribune","https:\/\/x.com\/MonacoTribune","https:\/\/www.instagram.com\/monacotribune\/","https:\/\/www.linkedin.com\/company\/monaco-tribune","https:\/\/www.youtube.com\/channel\/UCHle1MnG6hw1y4lWKijVbMA"]},{"@type":"Person","@id":"https:\/\/www.monaco-tribune.com\/it\/#\/schema\/person\/3814f045714aae4bb4abbfb04158f169","name":"Nassima Errami","image":{"@type":"ImageObject","inLanguage":"it-IT","@id":"https:\/\/secure.gravatar.com\/avatar\/3c0c0266375bc79b6d945c432ea8992d44782f7779ffe49a3d62b6ce4d6a23e0?s=96&d=mm&r=g","url":"https:\/\/secure.gravatar.com\/avatar\/3c0c0266375bc79b6d945c432ea8992d44782f7779ffe49a3d62b6ce4d6a23e0?s=96&d=mm&r=g","contentUrl":"https:\/\/secure.gravatar.com\/avatar\/3c0c0266375bc79b6d945c432ea8992d44782f7779ffe49a3d62b6ce4d6a23e0?s=96&d=mm&r=g","caption":"Nassima Errami"},"url":"https:\/\/www.monaco-tribune.com\/it\/author\/nassimaerrami\/"}]}},"_links":{"self":[{"href":"https:\/\/www.monaco-tribune.com\/it\/wp-json\/wp\/v2\/posts\/46982","targetHints":{"allow":["GET"]}}],"collection":[{"href":"https:\/\/www.monaco-tribune.com\/it\/wp-json\/wp\/v2\/posts"}],"about":[{"href":"https:\/\/www.monaco-tribune.com\/it\/wp-json\/wp\/v2\/types\/post"}],"author":[{"embeddable":true,"href":"https:\/\/www.monaco-tribune.com\/it\/wp-json\/wp\/v2\/users\/41"}],"replies":[{"embeddable":true,"href":"https:\/\/www.monaco-tribune.com\/it\/wp-json\/wp\/v2\/comments?post=46982"}],"version-history":[{"count":0,"href":"https:\/\/www.monaco-tribune.com\/it\/wp-json\/wp\/v2\/posts\/46982\/revisions"}],"wp:featuredmedia":[{"embeddable":true,"href":"https:\/\/www.monaco-tribune.com\/it\/wp-json\/wp\/v2\/media\/46642"}],"wp:attachment":[{"href":"https:\/\/www.monaco-tribune.com\/it\/wp-json\/wp\/v2\/media?parent=46982"}],"wp:term":[{"taxonomy":"category","embeddable":true,"href":"https:\/\/www.monaco-tribune.com\/it\/wp-json\/wp\/v2\/categories?post=46982"},{"taxonomy":"post_tag","embeddable":true,"href":"https:\/\/www.monaco-tribune.com\/it\/wp-json\/wp\/v2\/tags?post=46982"},{"taxonomy":"sectag","embeddable":true,"href":"https:\/\/www.monaco-tribune.com\/it\/wp-json\/wp\/v2\/post_sectags?post=46982"},{"taxonomy":"format","embeddable":true,"href":"https:\/\/www.monaco-tribune.com\/it\/wp-json\/wp\/v2\/post_format?post=46982"}],"curies":[{"name":"wp","href":"https:\/\/api.w.org\/{rel}","templated":true}]}}