{"id":47832,"date":"2020-11-23T21:33:08","date_gmt":"2020-11-23T20:33:08","guid":{"rendered":"https:\/\/www.monaco-tribune.com\/?p=47832"},"modified":"2020-11-23T21:33:10","modified_gmt":"2020-11-23T20:33:10","slug":"aeroporto-di-nizza-il-traffico-del-2019-non-tornera-prima-del-2024","status":"publish","type":"post","link":"https:\/\/www.monaco-tribune.com\/it\/2020\/11\/aeroporto-di-nizza-il-traffico-del-2019-non-tornera-prima-del-2024\/","title":{"rendered":"Aeroporto di Nizza: il traffico del 2019 non torner\u00e0 prima del 2024"},"content":{"rendered":"\n<p><strong>L&#8217;aeroporto di Nizza \u00e8 stato colpito in pieno dalla crisi sanitaria legata al coronavirus, sia per il drastico calo del traffico aereo, legato alla scarsit\u00e0 di affluenza, che per le misure sanitarie in vigore per contenere la diffusione del virus. Abbiamo intervistato Franck Goldnadel, direttore dell&#8217;aeroporto nizzardo, entrato in servizio a settembre proprio nel cuore della tempesta.<\/strong><\/p>\n\n\n\n<h2 class=\"wp-block-heading\" id=\"h-qual-attualmente-lo-stato-del-traffico-aereo-dell-aeroporto-di-nizza\">Qual \u00e8 attualmente lo stato del traffico aereo dell&#8217;aeroporto di Nizza?<\/h2>\n\n\n\n<p>Il traffico al momento \u00e8 lo stesso che abbiamo avuto durante il primo lockdown. Abbiamo di fatto vissuto un primo lockdown tra met\u00e0 marzo e maggio, con una decina di voli al giorno. Quest&#8217;estate, con la riapertura, il traffico \u00e8 ripartito ma senza i numeri abituali, anzi con un calo del 40 o 50%. In seguito, con l&#8217;annuncio del secondo lockdown l&#8217;impatto \u00e8 stato pi\u00f9 moderato la prima settimana, il tempo che i viaggiatori ripartissero dopo le vacanze di ottobre. Adesso, stiamo affrontando le settimane pi\u00f9 complicate. Solitamente \u00e8 un periodo gi\u00e0 abbastanza tranquillo, ma al momento sono attivi solo una decina di voli al giorno. Chiaramente, prestiamo molta attenzione a ci\u00f2 che succeder\u00e0. Aspettiamo con ansia le decisioni del governo francese la settimana prossima.<\/p>\n\n\n\n<blockquote class=\"wp-block-quote is-layout-flow wp-block-quote-is-layout-flow\"><p>Il traffico dei jet privati ha subito un calo inferiore rispetto al traffico commerciale<\/p><\/blockquote>\n\n\n\n<h2 class=\"wp-block-heading\" id=\"h-l-aeroporto-di-nizza-il-primo-a-sperimentare-i-test-antigenici\">L&#8217;aeroporto di Nizza \u00e8 il primo a sperimentare i test antigenici&#8230;<\/h2>\n\n\n\n<p>Grazie alla M\u00e9tropole Nice C\u00f4te d&#8217;Azur e al Ministero dei Trasporti, abbiamo potuto implementare dei test antigenici effettuati alla partenza dall&#8217;aeroporto: \u00e8 una sperimentazione, quindi \u00e8 su base volontaria e non c&#8217;\u00e8 nulla di obbligatorio. Pensiamo che possa essere davvero utile, perch\u00e9 fare il test in partenza pu\u00f2 evitarti di fare la fila per un altro test all&#8217;arrivo. Speriamo che questi tamponi rapidi diventino una norma in Europa per rassicurare i passeggeri e lottare contro il virus, in modo da aiutare la ripresa del traffico. Sar\u00e0 necessaria una certa coerenza tra tutti i paesi europei, come oggi succede gi\u00e0 con l&#8217;Italia, per esempio.<\/p>\n\n\n\n<h2 class=\"wp-block-heading\" id=\"h-anche-il-traffico-dei-jet-privati-ha-subito-gli-effetti-della-crisi-sanitaria\">Anche il traffico dei jet privati ha subito gli effetti della crisi sanitaria?<\/h2>\n\n\n\n<p>Il traffico business \u00e8 un&#8217;attivit\u00e0 molto importante per l&#8217;aeroporto di Nizza, rappresenta tra il 30 e il 40% del traffico totale. Certo, ha subito le restrizioni della pandemia, come la chiusura delle frontiere, ma per i viaggi d&#8217;affari in Europa oggi \u00e8 pi\u00f9 facile viaggiare con un volo privato piuttosto che sulle rotte commerciali, che sono meno garantite. Quindi s\u00ec, anche il traffico di jet privati ha subito un calo, ma meno forte rispetto a quello dei voli commerciali.<\/p>\n\n\n\n<blockquote class=\"wp-block-quote is-layout-flow wp-block-quote-is-layout-flow\"><p>Un calo dell&#8217;affluenza previsto tra il 65 e il 70%<\/p><\/blockquote>\n\n\n\n<h2 class=\"wp-block-heading\" id=\"h-come-sar-il-bilancio-del-2020\">Come sar\u00e0 il bilancio del 2020?<\/h2>\n\n\n\n<p>L&#8217;anno non \u00e8 ancora finito ma prevediamo un calo dell&#8217;affluenza tra il 65 e il 70%, paragonato ai quindici milioni di passeggeri che abbiamo avuto nel 2019. Questo ha sicuramente delle conseguenze per l&#8217;intero territorio&#8230; Non ci sono pi\u00f9 viaggi d&#8217;affari e congressi, attivit\u00e0 che hanno un forte impatto sui trasporti. Abbiamo infatti deciso di chiudere il Terminal 1 per concentrare il traffico sul Terminal 2.<\/p>\n\n\n\n<p><strong>>> LEGGI ANCHE:<\/strong> <a href=\"https:\/\/www.monaco-tribune.com\/it\/2020\/09\/laeroporto-di-nizza-nominato-il-quinto-piu-bello-deuropa-per-la-sua-pista-datterraggio\/\">L\u2019aeroporto di Nizza nominato il quinto pi\u00f9 bello d\u2019Europa per la sua pista d\u2019atterraggio<\/a><\/p>\n\n\n\n<h2 class=\"wp-block-heading\" id=\"h-come-vede-il-futuro\">Come vede il futuro?<\/h2>\n\n\n\n<p>Dobbiamo guardare al 2021 e farci trovare pronti quando inizier\u00e0 la ripresa. I vaccini sono sempre di pi\u00f9 e conosciamo meglio la malattia, sappiamo che il 2021 dovr\u00e0 essere l&#8217;inizio dell&#8217;uscita dal tunnel. Sono tutti elementi solidi, ma al momento non ci resta che aspettare di sapere quando ci sentiremo abbastanza sicuri perch\u00e9 la vita all&#8217;aeroporto di Nizza possa ricominciare davvero. Il nostro aeroporto e il suo territorio continuano ad avere dei punti forti, che restano allettanti. Ma secondo le stime fatte, e con un certo consenso in merito nel mondo dell&#8217;aviazione, si dovr\u00e0 attendere fino al 2024 perch\u00e9 il traffico torni ai livelli del 2019. Non \u00e8 una crisi che ci scorderemo nel giro di pochi mesi, ce la porteremo per diversi anni. Con la citt\u00e0 di Nizza e il Principato di Monaco, ci teniamo al corrente sulla programmazione di eventi cos\u00ec da farci trovare pronti. Spero davvero che la ripresa sia pi\u00f9 rapida possibile per tutto il territorio. <\/p>\n\n\n\n<div class=\"wp-block-image\"><figure class=\"aligncenter size-large\"><img loading=\"lazy\" decoding=\"async\" width=\"945\" height=\"628\" src=\"https:\/\/www.monaco-tribune.com\/wp-content\/uploads\/2020\/11\/terminal-2-t2-de-face2.jpg\" alt=\"\" class=\"wp-image-46750\" srcset=\"https:\/\/www.monaco-tribune.com\/wp-content\/uploads\/2020\/11\/terminal-2-t2-de-face2.jpg 945w, https:\/\/www.monaco-tribune.com\/wp-content\/uploads\/2020\/11\/terminal-2-t2-de-face2-451x300.jpg 451w\" sizes=\"auto, (max-width: 945px) 100vw, 945px\" \/><figcaption>Il Terminal 2 dell&#8217;Aeroporto di Nizza Costa Azzurra<\/figcaption><\/figure><\/div>\n\n\n\n<p>Traduzione a cura di <a href=\"http:\/\/valentinaaliatranslator.com\">Valentina Alia<\/a><\/p>\n","protected":false},"excerpt":{"rendered":"<p>L&#8217;aeroporto di Nizza \u00e8 stato colpito in pieno dalla crisi sanitaria legata al coronavirus, sia per il drastico calo del [&hellip;]<\/p>\n","protected":false},"author":34,"featured_media":47136,"comment_status":"closed","ping_status":"closed","sticky":false,"template":"","format":"standard","meta":{"_acf_changed":false,"footnotes":""},"categories":[1739,1826,1738],"tags":[2886],"post_sectags":[],"post_format":[2478],"class_list":["post-47832","post","type-post","status-publish","format-standard","has-post-thumbnail","hentry","category-business-it","category-la-nostra-scelta","category-notizie","tag-covid-19-it","format-notizia"],"acf":[],"yoast_head":"<!-- This site is optimized with the Yoast SEO Premium plugin v26.8 (Yoast SEO v27.5) - https:\/\/yoast.com\/product\/yoast-seo-premium-wordpress\/ -->\n<title>Aeroporto di Nizza: il traffico del 2019 non torner\u00e0 prima del 2024<\/title>\n<meta name=\"description\" content=\"L&#039;aeroporto di Nizza \u00e8 stato colpito in pieno dalla crisi sanitaria legata al coronavirus, sia per il drastico calo del traffico aereo, legato alla\" \/>\n<meta name=\"robots\" content=\"index, follow, max-snippet:-1, max-image-preview:large, max-video-preview:-1\" \/>\n<link rel=\"canonical\" href=\"https:\/\/www.monaco-tribune.com\/it\/2020\/11\/aeroporto-di-nizza-il-traffico-del-2019-non-tornera-prima-del-2024\/\" \/>\n<meta property=\"og:locale\" content=\"it_IT\" \/>\n<meta property=\"og:type\" content=\"article\" \/>\n<meta property=\"og:title\" content=\"Aeroporto di Nizza: il traffico del 2019 non torner\u00e0 prima del 2024 - Monaco Tribune\" \/>\n<meta property=\"og:description\" content=\"L&#039;aeroporto di Nizza \u00e8 stato colpito in pieno dalla crisi sanitaria legata al coronavirus, sia per il drastico calo del traffico aereo, legato alla\" \/>\n<meta property=\"og:url\" content=\"https:\/\/www.monaco-tribune.com\/it\/2020\/11\/aeroporto-di-nizza-il-traffico-del-2019-non-tornera-prima-del-2024\/\" \/>\n<meta property=\"og:site_name\" content=\"Monaco Tribune\" \/>\n<meta property=\"article:publisher\" content=\"https:\/\/www.facebook.com\/MonacoTribune\" \/>\n<meta property=\"article:published_time\" content=\"2020-11-23T20:33:08+00:00\" \/>\n<meta property=\"article:modified_time\" content=\"2020-11-23T20:33:10+00:00\" \/>\n<meta property=\"og:image\" content=\"https:\/\/www.monaco-tribune.com\/wp-content\/uploads\/2020\/11\/fre\u0301de\u0301ric-goldnadel.jpg\" \/>\n\t<meta property=\"og:image:width\" content=\"1200\" \/>\n\t<meta property=\"og:image:height\" content=\"800\" \/>\n\t<meta property=\"og:image:type\" content=\"image\/jpeg\" \/>\n<meta name=\"author\" content=\"Claire Guillou\" \/>\n<meta name=\"twitter:card\" content=\"summary_large_image\" \/>\n<meta name=\"twitter:creator\" content=\"@MonacoTribune\" \/>\n<meta name=\"twitter:site\" content=\"@MonacoTribune\" \/>\n<script type=\"application\/ld+json\" class=\"yoast-schema-graph\">{\"@context\":\"https:\\\/\\\/schema.org\",\"@graph\":[{\"@type\":\"NewsArticle\",\"@id\":\"https:\\\/\\\/www.monaco-tribune.com\\\/it\\\/2020\\\/11\\\/aeroporto-di-nizza-il-traffico-del-2019-non-tornera-prima-del-2024\\\/#article\",\"isPartOf\":{\"@id\":\"https:\\\/\\\/www.monaco-tribune.com\\\/it\\\/2020\\\/11\\\/aeroporto-di-nizza-il-traffico-del-2019-non-tornera-prima-del-2024\\\/\"},\"author\":{\"name\":\"Claire Guillou\",\"@id\":\"https:\\\/\\\/www.monaco-tribune.com\\\/it\\\/#\\\/schema\\\/person\\\/80b00780d0815a8d38bb1db43edd3adf\"},\"headline\":\"Aeroporto di Nizza: il traffico del 2019 non torner\u00e0 prima del 2024\",\"datePublished\":\"2020-11-23T20:33:08+00:00\",\"dateModified\":\"2020-11-23T20:33:10+00:00\",\"mainEntityOfPage\":{\"@id\":\"https:\\\/\\\/www.monaco-tribune.com\\\/it\\\/2020\\\/11\\\/aeroporto-di-nizza-il-traffico-del-2019-non-tornera-prima-del-2024\\\/\"},\"wordCount\":698,\"publisher\":{\"@id\":\"https:\\\/\\\/www.monaco-tribune.com\\\/it\\\/#organization\"},\"image\":{\"@id\":\"https:\\\/\\\/www.monaco-tribune.com\\\/it\\\/2020\\\/11\\\/aeroporto-di-nizza-il-traffico-del-2019-non-tornera-prima-del-2024\\\/#primaryimage\"},\"thumbnailUrl\":\"https:\\\/\\\/www.monaco-tribune.com\\\/wp-content\\\/uploads\\\/2020\\\/11\\\/fre\u0301de\u0301ric-goldnadel.jpg\",\"keywords\":[\"Covid-19\"],\"articleSection\":[\"Business\",\"La nostra scelta\",\"Notizie\"],\"inLanguage\":\"it-IT\",\"copyrightYear\":\"2020\",\"copyrightHolder\":{\"@id\":\"https:\\\/\\\/www.monaco-tribune.com\\\/#organization\"}},{\"@type\":\"WebPage\",\"@id\":\"https:\\\/\\\/www.monaco-tribune.com\\\/it\\\/2020\\\/11\\\/aeroporto-di-nizza-il-traffico-del-2019-non-tornera-prima-del-2024\\\/\",\"url\":\"https:\\\/\\\/www.monaco-tribune.com\\\/it\\\/2020\\\/11\\\/aeroporto-di-nizza-il-traffico-del-2019-non-tornera-prima-del-2024\\\/\",\"name\":\"Aeroporto di Nizza: il traffico del 2019 non torner\u00e0 prima del 2024\",\"isPartOf\":{\"@id\":\"https:\\\/\\\/www.monaco-tribune.com\\\/it\\\/#website\"},\"primaryImageOfPage\":{\"@id\":\"https:\\\/\\\/www.monaco-tribune.com\\\/it\\\/2020\\\/11\\\/aeroporto-di-nizza-il-traffico-del-2019-non-tornera-prima-del-2024\\\/#primaryimage\"},\"image\":{\"@id\":\"https:\\\/\\\/www.monaco-tribune.com\\\/it\\\/2020\\\/11\\\/aeroporto-di-nizza-il-traffico-del-2019-non-tornera-prima-del-2024\\\/#primaryimage\"},\"thumbnailUrl\":\"https:\\\/\\\/www.monaco-tribune.com\\\/wp-content\\\/uploads\\\/2020\\\/11\\\/fre\u0301de\u0301ric-goldnadel.jpg\",\"datePublished\":\"2020-11-23T20:33:08+00:00\",\"dateModified\":\"2020-11-23T20:33:10+00:00\",\"description\":\"L'aeroporto di Nizza \u00e8 stato colpito in pieno dalla crisi sanitaria legata al coronavirus, sia per il drastico calo del traffico aereo, legato alla\",\"breadcrumb\":{\"@id\":\"https:\\\/\\\/www.monaco-tribune.com\\\/it\\\/2020\\\/11\\\/aeroporto-di-nizza-il-traffico-del-2019-non-tornera-prima-del-2024\\\/#breadcrumb\"},\"inLanguage\":\"it-IT\",\"potentialAction\":[{\"@type\":\"ReadAction\",\"target\":[\"https:\\\/\\\/www.monaco-tribune.com\\\/it\\\/2020\\\/11\\\/aeroporto-di-nizza-il-traffico-del-2019-non-tornera-prima-del-2024\\\/\"]}]},{\"@type\":\"ImageObject\",\"inLanguage\":\"it-IT\",\"@id\":\"https:\\\/\\\/www.monaco-tribune.com\\\/it\\\/2020\\\/11\\\/aeroporto-di-nizza-il-traffico-del-2019-non-tornera-prima-del-2024\\\/#primaryimage\",\"url\":\"https:\\\/\\\/www.monaco-tribune.com\\\/wp-content\\\/uploads\\\/2020\\\/11\\\/fre\u0301de\u0301ric-goldnadel.jpg\",\"contentUrl\":\"https:\\\/\\\/www.monaco-tribune.com\\\/wp-content\\\/uploads\\\/2020\\\/11\\\/fre\u0301de\u0301ric-goldnadel.jpg\",\"width\":1200,\"height\":800,\"caption\":\"Fr\u00e9d\u00e9ric Goldnadel \\\/ Aeroporto di Nizza\"},{\"@type\":\"BreadcrumbList\",\"@id\":\"https:\\\/\\\/www.monaco-tribune.com\\\/it\\\/2020\\\/11\\\/aeroporto-di-nizza-il-traffico-del-2019-non-tornera-prima-del-2024\\\/#breadcrumb\",\"itemListElement\":[{\"@type\":\"ListItem\",\"position\":1,\"name\":\"Accueil\",\"item\":\"https:\\\/\\\/www.monaco-tribune.com\\\/it\\\/\"},{\"@type\":\"ListItem\",\"position\":2,\"name\":\"Aeroporto di Nizza: il traffico del 2019 non torner\u00e0 prima del 2024\"}]},{\"@type\":\"WebSite\",\"@id\":\"https:\\\/\\\/www.monaco-tribune.com\\\/it\\\/#website\",\"url\":\"https:\\\/\\\/www.monaco-tribune.com\\\/it\\\/\",\"name\":\"Monaco Tribune\",\"description\":\"Monaco : actualit\u00e9s \u00e9conomiques, politiques, culturelles et sportives de Monaco et de la French Riviera.\",\"publisher\":{\"@id\":\"https:\\\/\\\/www.monaco-tribune.com\\\/it\\\/#organization\"},\"potentialAction\":[{\"@type\":\"SearchAction\",\"target\":{\"@type\":\"EntryPoint\",\"urlTemplate\":\"https:\\\/\\\/www.monaco-tribune.com\\\/it\\\/?s={search_term_string}\"},\"query-input\":{\"@type\":\"PropertyValueSpecification\",\"valueRequired\":true,\"valueName\":\"search_term_string\"}}],\"inLanguage\":\"it-IT\"},{\"@type\":\"Organization\",\"@id\":\"https:\\\/\\\/www.monaco-tribune.com\\\/it\\\/#organization\",\"name\":\"Monaco Tribune\",\"url\":\"https:\\\/\\\/www.monaco-tribune.com\\\/it\\\/\",\"logo\":{\"@type\":\"ImageObject\",\"inLanguage\":\"it-IT\",\"@id\":\"https:\\\/\\\/www.monaco-tribune.com\\\/it\\\/#\\\/schema\\\/logo\\\/image\\\/\",\"url\":\"https:\\\/\\\/www.monaco-tribune.com\\\/wp-content\\\/uploads\\\/2022\\\/11\\\/logo-monaco-tribune.png\",\"contentUrl\":\"https:\\\/\\\/www.monaco-tribune.com\\\/wp-content\\\/uploads\\\/2022\\\/11\\\/logo-monaco-tribune.png\",\"width\":1548,\"height\":600,\"caption\":\"Monaco Tribune\"},\"image\":{\"@id\":\"https:\\\/\\\/www.monaco-tribune.com\\\/it\\\/#\\\/schema\\\/logo\\\/image\\\/\"},\"sameAs\":[\"https:\\\/\\\/www.facebook.com\\\/MonacoTribune\",\"https:\\\/\\\/x.com\\\/MonacoTribune\",\"https:\\\/\\\/www.instagram.com\\\/monacotribune\\\/\",\"https:\\\/\\\/www.linkedin.com\\\/company\\\/monaco-tribune\",\"https:\\\/\\\/www.youtube.com\\\/channel\\\/UCHle1MnG6hw1y4lWKijVbMA\"]},{\"@type\":\"Person\",\"@id\":\"https:\\\/\\\/www.monaco-tribune.com\\\/it\\\/#\\\/schema\\\/person\\\/80b00780d0815a8d38bb1db43edd3adf\",\"name\":\"Claire Guillou\",\"image\":{\"@type\":\"ImageObject\",\"inLanguage\":\"it-IT\",\"@id\":\"https:\\\/\\\/secure.gravatar.com\\\/avatar\\\/19f31965794ca6f60c259f17a0e89c814814d4e37da0b1c642666711c881a276?s=96&d=mm&r=g\",\"url\":\"https:\\\/\\\/secure.gravatar.com\\\/avatar\\\/19f31965794ca6f60c259f17a0e89c814814d4e37da0b1c642666711c881a276?s=96&d=mm&r=g\",\"contentUrl\":\"https:\\\/\\\/secure.gravatar.com\\\/avatar\\\/19f31965794ca6f60c259f17a0e89c814814d4e37da0b1c642666711c881a276?s=96&d=mm&r=g\",\"caption\":\"Claire Guillou\"},\"url\":\"https:\\\/\\\/www.monaco-tribune.com\\\/it\\\/author\\\/claireguillou\\\/\"}]}<\/script>\n<!-- \/ Yoast SEO Premium plugin. -->","yoast_head_json":{"title":"Aeroporto di Nizza: il traffico del 2019 non torner\u00e0 prima del 2024","description":"L'aeroporto di Nizza \u00e8 stato colpito in pieno dalla crisi sanitaria legata al coronavirus, sia per il drastico calo del traffico aereo, legato alla","robots":{"index":"index","follow":"follow","max-snippet":"max-snippet:-1","max-image-preview":"max-image-preview:large","max-video-preview":"max-video-preview:-1"},"canonical":"https:\/\/www.monaco-tribune.com\/it\/2020\/11\/aeroporto-di-nizza-il-traffico-del-2019-non-tornera-prima-del-2024\/","og_locale":"it_IT","og_type":"article","og_title":"Aeroporto di Nizza: il traffico del 2019 non torner\u00e0 prima del 2024 - Monaco Tribune","og_description":"L'aeroporto di Nizza \u00e8 stato colpito in pieno dalla crisi sanitaria legata al coronavirus, sia per il drastico calo del traffico aereo, legato alla","og_url":"https:\/\/www.monaco-tribune.com\/it\/2020\/11\/aeroporto-di-nizza-il-traffico-del-2019-non-tornera-prima-del-2024\/","og_site_name":"Monaco Tribune","article_publisher":"https:\/\/www.facebook.com\/MonacoTribune","article_published_time":"2020-11-23T20:33:08+00:00","article_modified_time":"2020-11-23T20:33:10+00:00","og_image":[{"width":1200,"height":800,"url":"https:\/\/www.monaco-tribune.com\/wp-content\/uploads\/2020\/11\/fre\u0301de\u0301ric-goldnadel.jpg","type":"image\/jpeg"}],"author":"Claire Guillou","twitter_card":"summary_large_image","twitter_creator":"@MonacoTribune","twitter_site":"@MonacoTribune","schema":{"@context":"https:\/\/schema.org","@graph":[{"@type":"NewsArticle","@id":"https:\/\/www.monaco-tribune.com\/it\/2020\/11\/aeroporto-di-nizza-il-traffico-del-2019-non-tornera-prima-del-2024\/#article","isPartOf":{"@id":"https:\/\/www.monaco-tribune.com\/it\/2020\/11\/aeroporto-di-nizza-il-traffico-del-2019-non-tornera-prima-del-2024\/"},"author":{"name":"Claire Guillou","@id":"https:\/\/www.monaco-tribune.com\/it\/#\/schema\/person\/80b00780d0815a8d38bb1db43edd3adf"},"headline":"Aeroporto di Nizza: il traffico del 2019 non torner\u00e0 prima del 2024","datePublished":"2020-11-23T20:33:08+00:00","dateModified":"2020-11-23T20:33:10+00:00","mainEntityOfPage":{"@id":"https:\/\/www.monaco-tribune.com\/it\/2020\/11\/aeroporto-di-nizza-il-traffico-del-2019-non-tornera-prima-del-2024\/"},"wordCount":698,"publisher":{"@id":"https:\/\/www.monaco-tribune.com\/it\/#organization"},"image":{"@id":"https:\/\/www.monaco-tribune.com\/it\/2020\/11\/aeroporto-di-nizza-il-traffico-del-2019-non-tornera-prima-del-2024\/#primaryimage"},"thumbnailUrl":"https:\/\/www.monaco-tribune.com\/wp-content\/uploads\/2020\/11\/fre\u0301de\u0301ric-goldnadel.jpg","keywords":["Covid-19"],"articleSection":["Business","La nostra scelta","Notizie"],"inLanguage":"it-IT","copyrightYear":"2020","copyrightHolder":{"@id":"https:\/\/www.monaco-tribune.com\/#organization"}},{"@type":"WebPage","@id":"https:\/\/www.monaco-tribune.com\/it\/2020\/11\/aeroporto-di-nizza-il-traffico-del-2019-non-tornera-prima-del-2024\/","url":"https:\/\/www.monaco-tribune.com\/it\/2020\/11\/aeroporto-di-nizza-il-traffico-del-2019-non-tornera-prima-del-2024\/","name":"Aeroporto di Nizza: il traffico del 2019 non torner\u00e0 prima del 2024","isPartOf":{"@id":"https:\/\/www.monaco-tribune.com\/it\/#website"},"primaryImageOfPage":{"@id":"https:\/\/www.monaco-tribune.com\/it\/2020\/11\/aeroporto-di-nizza-il-traffico-del-2019-non-tornera-prima-del-2024\/#primaryimage"},"image":{"@id":"https:\/\/www.monaco-tribune.com\/it\/2020\/11\/aeroporto-di-nizza-il-traffico-del-2019-non-tornera-prima-del-2024\/#primaryimage"},"thumbnailUrl":"https:\/\/www.monaco-tribune.com\/wp-content\/uploads\/2020\/11\/fre\u0301de\u0301ric-goldnadel.jpg","datePublished":"2020-11-23T20:33:08+00:00","dateModified":"2020-11-23T20:33:10+00:00","description":"L'aeroporto di Nizza \u00e8 stato colpito in pieno dalla crisi sanitaria legata al coronavirus, sia per il drastico calo del traffico aereo, legato alla","breadcrumb":{"@id":"https:\/\/www.monaco-tribune.com\/it\/2020\/11\/aeroporto-di-nizza-il-traffico-del-2019-non-tornera-prima-del-2024\/#breadcrumb"},"inLanguage":"it-IT","potentialAction":[{"@type":"ReadAction","target":["https:\/\/www.monaco-tribune.com\/it\/2020\/11\/aeroporto-di-nizza-il-traffico-del-2019-non-tornera-prima-del-2024\/"]}]},{"@type":"ImageObject","inLanguage":"it-IT","@id":"https:\/\/www.monaco-tribune.com\/it\/2020\/11\/aeroporto-di-nizza-il-traffico-del-2019-non-tornera-prima-del-2024\/#primaryimage","url":"https:\/\/www.monaco-tribune.com\/wp-content\/uploads\/2020\/11\/fre\u0301de\u0301ric-goldnadel.jpg","contentUrl":"https:\/\/www.monaco-tribune.com\/wp-content\/uploads\/2020\/11\/fre\u0301de\u0301ric-goldnadel.jpg","width":1200,"height":800,"caption":"Fr\u00e9d\u00e9ric Goldnadel \/ Aeroporto di Nizza"},{"@type":"BreadcrumbList","@id":"https:\/\/www.monaco-tribune.com\/it\/2020\/11\/aeroporto-di-nizza-il-traffico-del-2019-non-tornera-prima-del-2024\/#breadcrumb","itemListElement":[{"@type":"ListItem","position":1,"name":"Accueil","item":"https:\/\/www.monaco-tribune.com\/it\/"},{"@type":"ListItem","position":2,"name":"Aeroporto di Nizza: il traffico del 2019 non torner\u00e0 prima del 2024"}]},{"@type":"WebSite","@id":"https:\/\/www.monaco-tribune.com\/it\/#website","url":"https:\/\/www.monaco-tribune.com\/it\/","name":"Monaco Tribune","description":"Monaco : actualit\u00e9s \u00e9conomiques, politiques, culturelles et sportives de Monaco et de la French Riviera.","publisher":{"@id":"https:\/\/www.monaco-tribune.com\/it\/#organization"},"potentialAction":[{"@type":"SearchAction","target":{"@type":"EntryPoint","urlTemplate":"https:\/\/www.monaco-tribune.com\/it\/?s={search_term_string}"},"query-input":{"@type":"PropertyValueSpecification","valueRequired":true,"valueName":"search_term_string"}}],"inLanguage":"it-IT"},{"@type":"Organization","@id":"https:\/\/www.monaco-tribune.com\/it\/#organization","name":"Monaco Tribune","url":"https:\/\/www.monaco-tribune.com\/it\/","logo":{"@type":"ImageObject","inLanguage":"it-IT","@id":"https:\/\/www.monaco-tribune.com\/it\/#\/schema\/logo\/image\/","url":"https:\/\/www.monaco-tribune.com\/wp-content\/uploads\/2022\/11\/logo-monaco-tribune.png","contentUrl":"https:\/\/www.monaco-tribune.com\/wp-content\/uploads\/2022\/11\/logo-monaco-tribune.png","width":1548,"height":600,"caption":"Monaco Tribune"},"image":{"@id":"https:\/\/www.monaco-tribune.com\/it\/#\/schema\/logo\/image\/"},"sameAs":["https:\/\/www.facebook.com\/MonacoTribune","https:\/\/x.com\/MonacoTribune","https:\/\/www.instagram.com\/monacotribune\/","https:\/\/www.linkedin.com\/company\/monaco-tribune","https:\/\/www.youtube.com\/channel\/UCHle1MnG6hw1y4lWKijVbMA"]},{"@type":"Person","@id":"https:\/\/www.monaco-tribune.com\/it\/#\/schema\/person\/80b00780d0815a8d38bb1db43edd3adf","name":"Claire Guillou","image":{"@type":"ImageObject","inLanguage":"it-IT","@id":"https:\/\/secure.gravatar.com\/avatar\/19f31965794ca6f60c259f17a0e89c814814d4e37da0b1c642666711c881a276?s=96&d=mm&r=g","url":"https:\/\/secure.gravatar.com\/avatar\/19f31965794ca6f60c259f17a0e89c814814d4e37da0b1c642666711c881a276?s=96&d=mm&r=g","contentUrl":"https:\/\/secure.gravatar.com\/avatar\/19f31965794ca6f60c259f17a0e89c814814d4e37da0b1c642666711c881a276?s=96&d=mm&r=g","caption":"Claire Guillou"},"url":"https:\/\/www.monaco-tribune.com\/it\/author\/claireguillou\/"}]}},"_links":{"self":[{"href":"https:\/\/www.monaco-tribune.com\/it\/wp-json\/wp\/v2\/posts\/47832","targetHints":{"allow":["GET"]}}],"collection":[{"href":"https:\/\/www.monaco-tribune.com\/it\/wp-json\/wp\/v2\/posts"}],"about":[{"href":"https:\/\/www.monaco-tribune.com\/it\/wp-json\/wp\/v2\/types\/post"}],"author":[{"embeddable":true,"href":"https:\/\/www.monaco-tribune.com\/it\/wp-json\/wp\/v2\/users\/34"}],"replies":[{"embeddable":true,"href":"https:\/\/www.monaco-tribune.com\/it\/wp-json\/wp\/v2\/comments?post=47832"}],"version-history":[{"count":0,"href":"https:\/\/www.monaco-tribune.com\/it\/wp-json\/wp\/v2\/posts\/47832\/revisions"}],"wp:featuredmedia":[{"embeddable":true,"href":"https:\/\/www.monaco-tribune.com\/it\/wp-json\/wp\/v2\/media\/47136"}],"wp:attachment":[{"href":"https:\/\/www.monaco-tribune.com\/it\/wp-json\/wp\/v2\/media?parent=47832"}],"wp:term":[{"taxonomy":"category","embeddable":true,"href":"https:\/\/www.monaco-tribune.com\/it\/wp-json\/wp\/v2\/categories?post=47832"},{"taxonomy":"post_tag","embeddable":true,"href":"https:\/\/www.monaco-tribune.com\/it\/wp-json\/wp\/v2\/tags?post=47832"},{"taxonomy":"sectag","embeddable":true,"href":"https:\/\/www.monaco-tribune.com\/it\/wp-json\/wp\/v2\/post_sectags?post=47832"},{"taxonomy":"format","embeddable":true,"href":"https:\/\/www.monaco-tribune.com\/it\/wp-json\/wp\/v2\/post_format?post=47832"}],"curies":[{"name":"wp","href":"https:\/\/api.w.org\/{rel}","templated":true}]}}