{"id":48004,"date":"2020-11-23T16:52:07","date_gmt":"2020-11-23T15:52:07","guid":{"rendered":"https:\/\/www.monaco-tribune.com\/2020\/11\/natale-2020-a-monaco-non-manchera-la-magia\/"},"modified":"2020-11-23T17:01:30","modified_gmt":"2020-11-23T16:01:30","slug":"natale-2020-a-monaco-non-manchera-la-magia","status":"publish","type":"post","link":"https:\/\/www.monaco-tribune.com\/it\/2020\/11\/natale-2020-a-monaco-non-manchera-la-magia\/","title":{"rendered":"Natale 2020 a Monaco: si respirer\u00e0 aria di festa?"},"content":{"rendered":"\n<p><p><strong>In quest&#8217;anno fuori dal comune, in molti si chiedono cosa ne sar\u00e0 delle feste di fine anno. Niente paura: Babbo Natale \u00e8 pronto per sbrigare tutte le sue commissioni e le luminarie hanno gi\u00e0 invaso il Principato.<\/strong><\/p><\/p>\n\n<p><p>Il 18 novembre, il sindaco di Monaco <a href=\"https:\/\/www.monaco-tribune.com\/2020\/02\/georges-marsan-champion-dune-institution-seculaire\/\">Georges Marsan<\/a>, insieme a un comitato ristretto, ha inaugurato le luminarie della citt\u00e0 ai piedi del grande abete di Place d&#8217;Armes. L&#8217;installazione delle decorazioni \u00e8 iniziata a fine settembre a opera delle squadre del Servizio di animazione della citt\u00e0 e della societ\u00e0 Adage. Con 19 scenografie e 727 motivi, la buona notizia \u00e8 che nessun quartiere di Monaco \u00e8 rimasto sprovvisto di insegne luminose, figure giganti o decorazioni a terra.<\/p><\/p>\n\n<h2 class=\"wp-block-heading\" id=\"h-deux-applications-interactives-accessibles-au-public\">Due applicazioni interattive accessibili al pubblico<\/h2>\n\n<p><p>C&#8217;e aria di cambiamenti nel Principato: grazie a una tecnologia di realt\u00e0 aumentata, Playmagic permette di farsi una foto con Babbo Natale o di giocare con dei personaggi. E poi, Playcolor Monaco offre la possibilit\u00e0 di cambiare il colore di alcune illuminazioni. Tutte 100% LED ed ecocompatibili.<\/p><\/p>\n\n<figure class=\"wp-block-embed-twitter wp-block-embed is-type-rich is-provider-twitter\"><div class=\"wp-block-embed__wrapper\">\n<blockquote class=\"twitter-tweet\" data-width=\"500\" data-dnt=\"true\"><p lang=\"fr\" dir=\"ltr\">Lancement des illuminations de No\u00ebl \u00e0 <a href=\"https:\/\/twitter.com\/hashtag\/Monaco?src=hash&amp;ref_src=twsrc%5Etfw\">#Monaco<\/a><a href=\"https:\/\/t.co\/pWJJNcnsMH\">https:\/\/t.co\/pWJJNcnsMH<\/a> <a href=\"https:\/\/t.co\/irlG7oqA4P\">pic.twitter.com\/irlG7oqA4P<\/a><\/p>&mdash; Mairie de Monaco (@MairieMonaco) <a href=\"https:\/\/twitter.com\/MairieMonaco\/status\/1329848331955302402?ref_src=twsrc%5Etfw\">November 20, 2020<\/a><\/blockquote><script async src=\"https:\/\/platform.twitter.com\/widgets.js\" charset=\"utf-8\"><\/script>\n<\/div><\/figure>\n<h2 class=\"wp-block-heading\" id=\"h-un-p-re-no-l-fid-le-au-poste\">Babbo Natale e il suo appuntamento fisso alle poste<\/h2>\n\n<p>Per il quattordicesimo anno consecutivo, Babbo Natale aprir\u00e0 la sua segreteria presso l&#8217;ufficio centrale delle poste di Monaco. Fino al 24 dicembre, tutti i bambini possono inviare le loro letterine a Babbo Natale e ai suoi elfi che si sono messi gi\u00e0 all&#8217;opera per consegnare tutti i giocattoli. La procedura \u00e8 semplice:<\/p>\n\n<ul class=\"wp-block-list\"><li>Infilate la lettera in una qualsiasi cassetta delle lettere del Principato<\/li><li><p>Scrivete attraverso il sito <a href=\"http:\/\/www.lapostemonaco.mc\/\">dell&#8217;ufficio postale di Monaco<\/a><\/p><\/li><\/ul>\n<p>Non dimenticate di scrivere i vostri dati per ricevere una risposta!<\/p>\n","protected":false},"excerpt":{"rendered":"<p>In quest&#8217;anno fuori dal comune, in molti si chiedono cosa ne sar\u00e0 delle feste di fine anno. Niente paura: Babbo [&hellip;]<\/p>\n","protected":false},"author":41,"featured_media":47976,"comment_status":"closed","ping_status":"closed","sticky":false,"template":"","format":"standard","meta":{"_acf_changed":false,"footnotes":""},"categories":[1740,1738],"tags":[2969],"post_sectags":[],"post_format":[2478],"class_list":["post-48004","post","type-post","status-publish","format-standard","has-post-thumbnail","hentry","category-cosa-fare","category-notizie","tag-natale-it","format-notizia"],"acf":[],"yoast_head":"<!-- This site is optimized with the Yoast SEO Premium plugin v26.8 (Yoast SEO v27.5) - https:\/\/yoast.com\/product\/yoast-seo-premium-wordpress\/ -->\n<title>Natale 2020 a Monaco: si respirer\u00e0 aria di festa?<\/title>\n<meta name=\"description\" content=\"In quest&#039;anno fuori dal comune, in molti si chiedono cosa ne sar\u00e0 delle feste di fine anno. Niente paura: Babbo Natale \u00e8 pronto per sbrigare tutte le sue\" \/>\n<meta name=\"robots\" content=\"index, follow, max-snippet:-1, max-image-preview:large, max-video-preview:-1\" \/>\n<link rel=\"canonical\" href=\"https:\/\/www.monaco-tribune.com\/it\/2020\/11\/natale-2020-a-monaco-non-manchera-la-magia\/\" \/>\n<meta property=\"og:locale\" content=\"it_IT\" \/>\n<meta property=\"og:type\" content=\"article\" \/>\n<meta property=\"og:title\" content=\"Natale 2020 a Monaco: si respirer\u00e0 aria di festa? - Monaco Tribune\" \/>\n<meta property=\"og:description\" content=\"In quest&#039;anno fuori dal comune, in molti si chiedono cosa ne sar\u00e0 delle feste di fine anno. Niente paura: Babbo Natale \u00e8 pronto per sbrigare tutte le sue\" \/>\n<meta property=\"og:url\" content=\"https:\/\/www.monaco-tribune.com\/it\/2020\/11\/natale-2020-a-monaco-non-manchera-la-magia\/\" \/>\n<meta property=\"og:site_name\" content=\"Monaco Tribune\" \/>\n<meta property=\"article:publisher\" content=\"https:\/\/www.facebook.com\/MonacoTribune\" \/>\n<meta property=\"article:published_time\" content=\"2020-11-23T15:52:07+00:00\" \/>\n<meta property=\"article:modified_time\" content=\"2020-11-23T16:01:30+00:00\" \/>\n<meta property=\"og:image\" content=\"https:\/\/www.monaco-tribune.com\/wp-content\/uploads\/2020\/11\/noel-monte-carlo-sbm.jpeg\" \/>\n\t<meta property=\"og:image:width\" content=\"1200\" \/>\n\t<meta property=\"og:image:height\" content=\"741\" \/>\n\t<meta property=\"og:image:type\" content=\"image\/jpeg\" \/>\n<meta name=\"author\" content=\"Nassima Errami\" \/>\n<meta name=\"twitter:card\" content=\"summary_large_image\" \/>\n<meta name=\"twitter:creator\" content=\"@MonacoTribune\" \/>\n<meta name=\"twitter:site\" content=\"@MonacoTribune\" \/>\n<script type=\"application\/ld+json\" class=\"yoast-schema-graph\">{\"@context\":\"https:\\\/\\\/schema.org\",\"@graph\":[{\"@type\":\"NewsArticle\",\"@id\":\"https:\\\/\\\/www.monaco-tribune.com\\\/it\\\/2020\\\/11\\\/natale-2020-a-monaco-non-manchera-la-magia\\\/#article\",\"isPartOf\":{\"@id\":\"https:\\\/\\\/www.monaco-tribune.com\\\/it\\\/2020\\\/11\\\/natale-2020-a-monaco-non-manchera-la-magia\\\/\"},\"author\":{\"name\":\"Nassima Errami\",\"@id\":\"https:\\\/\\\/www.monaco-tribune.com\\\/it\\\/#\\\/schema\\\/person\\\/3814f045714aae4bb4abbfb04158f169\"},\"headline\":\"Natale 2020 a Monaco: si respirer\u00e0 aria di festa?\",\"datePublished\":\"2020-11-23T15:52:07+00:00\",\"dateModified\":\"2020-11-23T16:01:30+00:00\",\"mainEntityOfPage\":{\"@id\":\"https:\\\/\\\/www.monaco-tribune.com\\\/it\\\/2020\\\/11\\\/natale-2020-a-monaco-non-manchera-la-magia\\\/\"},\"wordCount\":269,\"publisher\":{\"@id\":\"https:\\\/\\\/www.monaco-tribune.com\\\/it\\\/#organization\"},\"image\":{\"@id\":\"https:\\\/\\\/www.monaco-tribune.com\\\/it\\\/2020\\\/11\\\/natale-2020-a-monaco-non-manchera-la-magia\\\/#primaryimage\"},\"thumbnailUrl\":\"https:\\\/\\\/www.monaco-tribune.com\\\/wp-content\\\/uploads\\\/2020\\\/11\\\/noel-monte-carlo-sbm.jpeg\",\"keywords\":[\"Natale\"],\"articleSection\":[\"Cosa fare\",\"Notizie\"],\"inLanguage\":\"it-IT\",\"copyrightYear\":\"2020\",\"copyrightHolder\":{\"@id\":\"https:\\\/\\\/www.monaco-tribune.com\\\/#organization\"}},{\"@type\":\"WebPage\",\"@id\":\"https:\\\/\\\/www.monaco-tribune.com\\\/it\\\/2020\\\/11\\\/natale-2020-a-monaco-non-manchera-la-magia\\\/\",\"url\":\"https:\\\/\\\/www.monaco-tribune.com\\\/it\\\/2020\\\/11\\\/natale-2020-a-monaco-non-manchera-la-magia\\\/\",\"name\":\"Natale 2020 a Monaco: si respirer\u00e0 aria di festa?\",\"isPartOf\":{\"@id\":\"https:\\\/\\\/www.monaco-tribune.com\\\/it\\\/#website\"},\"primaryImageOfPage\":{\"@id\":\"https:\\\/\\\/www.monaco-tribune.com\\\/it\\\/2020\\\/11\\\/natale-2020-a-monaco-non-manchera-la-magia\\\/#primaryimage\"},\"image\":{\"@id\":\"https:\\\/\\\/www.monaco-tribune.com\\\/it\\\/2020\\\/11\\\/natale-2020-a-monaco-non-manchera-la-magia\\\/#primaryimage\"},\"thumbnailUrl\":\"https:\\\/\\\/www.monaco-tribune.com\\\/wp-content\\\/uploads\\\/2020\\\/11\\\/noel-monte-carlo-sbm.jpeg\",\"datePublished\":\"2020-11-23T15:52:07+00:00\",\"dateModified\":\"2020-11-23T16:01:30+00:00\",\"description\":\"In quest'anno fuori dal comune, in molti si chiedono cosa ne sar\u00e0 delle feste di fine anno. Niente paura: Babbo Natale \u00e8 pronto per sbrigare tutte le sue\",\"breadcrumb\":{\"@id\":\"https:\\\/\\\/www.monaco-tribune.com\\\/it\\\/2020\\\/11\\\/natale-2020-a-monaco-non-manchera-la-magia\\\/#breadcrumb\"},\"inLanguage\":\"it-IT\",\"potentialAction\":[{\"@type\":\"ReadAction\",\"target\":[\"https:\\\/\\\/www.monaco-tribune.com\\\/it\\\/2020\\\/11\\\/natale-2020-a-monaco-non-manchera-la-magia\\\/\"]}]},{\"@type\":\"ImageObject\",\"inLanguage\":\"it-IT\",\"@id\":\"https:\\\/\\\/www.monaco-tribune.com\\\/it\\\/2020\\\/11\\\/natale-2020-a-monaco-non-manchera-la-magia\\\/#primaryimage\",\"url\":\"https:\\\/\\\/www.monaco-tribune.com\\\/wp-content\\\/uploads\\\/2020\\\/11\\\/noel-monte-carlo-sbm.jpeg\",\"contentUrl\":\"https:\\\/\\\/www.monaco-tribune.com\\\/wp-content\\\/uploads\\\/2020\\\/11\\\/noel-monte-carlo-sbm.jpeg\",\"width\":1200,\"height\":741,\"caption\":\"Soci\u00e9t\u00e9 des bains de mer de Monaco\"},{\"@type\":\"BreadcrumbList\",\"@id\":\"https:\\\/\\\/www.monaco-tribune.com\\\/it\\\/2020\\\/11\\\/natale-2020-a-monaco-non-manchera-la-magia\\\/#breadcrumb\",\"itemListElement\":[{\"@type\":\"ListItem\",\"position\":1,\"name\":\"Accueil\",\"item\":\"https:\\\/\\\/www.monaco-tribune.com\\\/it\\\/\"},{\"@type\":\"ListItem\",\"position\":2,\"name\":\"Natale 2020 a Monaco: si respirer\u00e0 aria di festa?\"}]},{\"@type\":\"WebSite\",\"@id\":\"https:\\\/\\\/www.monaco-tribune.com\\\/it\\\/#website\",\"url\":\"https:\\\/\\\/www.monaco-tribune.com\\\/it\\\/\",\"name\":\"Monaco Tribune\",\"description\":\"Monaco : actualit\u00e9s \u00e9conomiques, politiques, culturelles et sportives de Monaco et de la French Riviera.\",\"publisher\":{\"@id\":\"https:\\\/\\\/www.monaco-tribune.com\\\/it\\\/#organization\"},\"potentialAction\":[{\"@type\":\"SearchAction\",\"target\":{\"@type\":\"EntryPoint\",\"urlTemplate\":\"https:\\\/\\\/www.monaco-tribune.com\\\/it\\\/?s={search_term_string}\"},\"query-input\":{\"@type\":\"PropertyValueSpecification\",\"valueRequired\":true,\"valueName\":\"search_term_string\"}}],\"inLanguage\":\"it-IT\"},{\"@type\":\"Organization\",\"@id\":\"https:\\\/\\\/www.monaco-tribune.com\\\/it\\\/#organization\",\"name\":\"Monaco Tribune\",\"url\":\"https:\\\/\\\/www.monaco-tribune.com\\\/it\\\/\",\"logo\":{\"@type\":\"ImageObject\",\"inLanguage\":\"it-IT\",\"@id\":\"https:\\\/\\\/www.monaco-tribune.com\\\/it\\\/#\\\/schema\\\/logo\\\/image\\\/\",\"url\":\"https:\\\/\\\/www.monaco-tribune.com\\\/wp-content\\\/uploads\\\/2022\\\/11\\\/logo-monaco-tribune.png\",\"contentUrl\":\"https:\\\/\\\/www.monaco-tribune.com\\\/wp-content\\\/uploads\\\/2022\\\/11\\\/logo-monaco-tribune.png\",\"width\":1548,\"height\":600,\"caption\":\"Monaco Tribune\"},\"image\":{\"@id\":\"https:\\\/\\\/www.monaco-tribune.com\\\/it\\\/#\\\/schema\\\/logo\\\/image\\\/\"},\"sameAs\":[\"https:\\\/\\\/www.facebook.com\\\/MonacoTribune\",\"https:\\\/\\\/x.com\\\/MonacoTribune\",\"https:\\\/\\\/www.instagram.com\\\/monacotribune\\\/\",\"https:\\\/\\\/www.linkedin.com\\\/company\\\/monaco-tribune\",\"https:\\\/\\\/www.youtube.com\\\/channel\\\/UCHle1MnG6hw1y4lWKijVbMA\"]},{\"@type\":\"Person\",\"@id\":\"https:\\\/\\\/www.monaco-tribune.com\\\/it\\\/#\\\/schema\\\/person\\\/3814f045714aae4bb4abbfb04158f169\",\"name\":\"Nassima Errami\",\"image\":{\"@type\":\"ImageObject\",\"inLanguage\":\"it-IT\",\"@id\":\"https:\\\/\\\/secure.gravatar.com\\\/avatar\\\/3c0c0266375bc79b6d945c432ea8992d44782f7779ffe49a3d62b6ce4d6a23e0?s=96&d=mm&r=g\",\"url\":\"https:\\\/\\\/secure.gravatar.com\\\/avatar\\\/3c0c0266375bc79b6d945c432ea8992d44782f7779ffe49a3d62b6ce4d6a23e0?s=96&d=mm&r=g\",\"contentUrl\":\"https:\\\/\\\/secure.gravatar.com\\\/avatar\\\/3c0c0266375bc79b6d945c432ea8992d44782f7779ffe49a3d62b6ce4d6a23e0?s=96&d=mm&r=g\",\"caption\":\"Nassima Errami\"},\"url\":\"https:\\\/\\\/www.monaco-tribune.com\\\/it\\\/author\\\/nassimaerrami\\\/\"}]}<\/script>\n<!-- \/ Yoast SEO Premium plugin. -->","yoast_head_json":{"title":"Natale 2020 a Monaco: si respirer\u00e0 aria di festa?","description":"In quest'anno fuori dal comune, in molti si chiedono cosa ne sar\u00e0 delle feste di fine anno. Niente paura: Babbo Natale \u00e8 pronto per sbrigare tutte le sue","robots":{"index":"index","follow":"follow","max-snippet":"max-snippet:-1","max-image-preview":"max-image-preview:large","max-video-preview":"max-video-preview:-1"},"canonical":"https:\/\/www.monaco-tribune.com\/it\/2020\/11\/natale-2020-a-monaco-non-manchera-la-magia\/","og_locale":"it_IT","og_type":"article","og_title":"Natale 2020 a Monaco: si respirer\u00e0 aria di festa? - Monaco Tribune","og_description":"In quest'anno fuori dal comune, in molti si chiedono cosa ne sar\u00e0 delle feste di fine anno. Niente paura: Babbo Natale \u00e8 pronto per sbrigare tutte le sue","og_url":"https:\/\/www.monaco-tribune.com\/it\/2020\/11\/natale-2020-a-monaco-non-manchera-la-magia\/","og_site_name":"Monaco Tribune","article_publisher":"https:\/\/www.facebook.com\/MonacoTribune","article_published_time":"2020-11-23T15:52:07+00:00","article_modified_time":"2020-11-23T16:01:30+00:00","og_image":[{"width":1200,"height":741,"url":"https:\/\/www.monaco-tribune.com\/wp-content\/uploads\/2020\/11\/noel-monte-carlo-sbm.jpeg","type":"image\/jpeg"}],"author":"Nassima Errami","twitter_card":"summary_large_image","twitter_creator":"@MonacoTribune","twitter_site":"@MonacoTribune","schema":{"@context":"https:\/\/schema.org","@graph":[{"@type":"NewsArticle","@id":"https:\/\/www.monaco-tribune.com\/it\/2020\/11\/natale-2020-a-monaco-non-manchera-la-magia\/#article","isPartOf":{"@id":"https:\/\/www.monaco-tribune.com\/it\/2020\/11\/natale-2020-a-monaco-non-manchera-la-magia\/"},"author":{"name":"Nassima Errami","@id":"https:\/\/www.monaco-tribune.com\/it\/#\/schema\/person\/3814f045714aae4bb4abbfb04158f169"},"headline":"Natale 2020 a Monaco: si respirer\u00e0 aria di festa?","datePublished":"2020-11-23T15:52:07+00:00","dateModified":"2020-11-23T16:01:30+00:00","mainEntityOfPage":{"@id":"https:\/\/www.monaco-tribune.com\/it\/2020\/11\/natale-2020-a-monaco-non-manchera-la-magia\/"},"wordCount":269,"publisher":{"@id":"https:\/\/www.monaco-tribune.com\/it\/#organization"},"image":{"@id":"https:\/\/www.monaco-tribune.com\/it\/2020\/11\/natale-2020-a-monaco-non-manchera-la-magia\/#primaryimage"},"thumbnailUrl":"https:\/\/www.monaco-tribune.com\/wp-content\/uploads\/2020\/11\/noel-monte-carlo-sbm.jpeg","keywords":["Natale"],"articleSection":["Cosa fare","Notizie"],"inLanguage":"it-IT","copyrightYear":"2020","copyrightHolder":{"@id":"https:\/\/www.monaco-tribune.com\/#organization"}},{"@type":"WebPage","@id":"https:\/\/www.monaco-tribune.com\/it\/2020\/11\/natale-2020-a-monaco-non-manchera-la-magia\/","url":"https:\/\/www.monaco-tribune.com\/it\/2020\/11\/natale-2020-a-monaco-non-manchera-la-magia\/","name":"Natale 2020 a Monaco: si respirer\u00e0 aria di festa?","isPartOf":{"@id":"https:\/\/www.monaco-tribune.com\/it\/#website"},"primaryImageOfPage":{"@id":"https:\/\/www.monaco-tribune.com\/it\/2020\/11\/natale-2020-a-monaco-non-manchera-la-magia\/#primaryimage"},"image":{"@id":"https:\/\/www.monaco-tribune.com\/it\/2020\/11\/natale-2020-a-monaco-non-manchera-la-magia\/#primaryimage"},"thumbnailUrl":"https:\/\/www.monaco-tribune.com\/wp-content\/uploads\/2020\/11\/noel-monte-carlo-sbm.jpeg","datePublished":"2020-11-23T15:52:07+00:00","dateModified":"2020-11-23T16:01:30+00:00","description":"In quest'anno fuori dal comune, in molti si chiedono cosa ne sar\u00e0 delle feste di fine anno. Niente paura: Babbo Natale \u00e8 pronto per sbrigare tutte le sue","breadcrumb":{"@id":"https:\/\/www.monaco-tribune.com\/it\/2020\/11\/natale-2020-a-monaco-non-manchera-la-magia\/#breadcrumb"},"inLanguage":"it-IT","potentialAction":[{"@type":"ReadAction","target":["https:\/\/www.monaco-tribune.com\/it\/2020\/11\/natale-2020-a-monaco-non-manchera-la-magia\/"]}]},{"@type":"ImageObject","inLanguage":"it-IT","@id":"https:\/\/www.monaco-tribune.com\/it\/2020\/11\/natale-2020-a-monaco-non-manchera-la-magia\/#primaryimage","url":"https:\/\/www.monaco-tribune.com\/wp-content\/uploads\/2020\/11\/noel-monte-carlo-sbm.jpeg","contentUrl":"https:\/\/www.monaco-tribune.com\/wp-content\/uploads\/2020\/11\/noel-monte-carlo-sbm.jpeg","width":1200,"height":741,"caption":"Soci\u00e9t\u00e9 des bains de mer de Monaco"},{"@type":"BreadcrumbList","@id":"https:\/\/www.monaco-tribune.com\/it\/2020\/11\/natale-2020-a-monaco-non-manchera-la-magia\/#breadcrumb","itemListElement":[{"@type":"ListItem","position":1,"name":"Accueil","item":"https:\/\/www.monaco-tribune.com\/it\/"},{"@type":"ListItem","position":2,"name":"Natale 2020 a Monaco: si respirer\u00e0 aria di festa?"}]},{"@type":"WebSite","@id":"https:\/\/www.monaco-tribune.com\/it\/#website","url":"https:\/\/www.monaco-tribune.com\/it\/","name":"Monaco Tribune","description":"Monaco : actualit\u00e9s \u00e9conomiques, politiques, culturelles et sportives de Monaco et de la French Riviera.","publisher":{"@id":"https:\/\/www.monaco-tribune.com\/it\/#organization"},"potentialAction":[{"@type":"SearchAction","target":{"@type":"EntryPoint","urlTemplate":"https:\/\/www.monaco-tribune.com\/it\/?s={search_term_string}"},"query-input":{"@type":"PropertyValueSpecification","valueRequired":true,"valueName":"search_term_string"}}],"inLanguage":"it-IT"},{"@type":"Organization","@id":"https:\/\/www.monaco-tribune.com\/it\/#organization","name":"Monaco Tribune","url":"https:\/\/www.monaco-tribune.com\/it\/","logo":{"@type":"ImageObject","inLanguage":"it-IT","@id":"https:\/\/www.monaco-tribune.com\/it\/#\/schema\/logo\/image\/","url":"https:\/\/www.monaco-tribune.com\/wp-content\/uploads\/2022\/11\/logo-monaco-tribune.png","contentUrl":"https:\/\/www.monaco-tribune.com\/wp-content\/uploads\/2022\/11\/logo-monaco-tribune.png","width":1548,"height":600,"caption":"Monaco Tribune"},"image":{"@id":"https:\/\/www.monaco-tribune.com\/it\/#\/schema\/logo\/image\/"},"sameAs":["https:\/\/www.facebook.com\/MonacoTribune","https:\/\/x.com\/MonacoTribune","https:\/\/www.instagram.com\/monacotribune\/","https:\/\/www.linkedin.com\/company\/monaco-tribune","https:\/\/www.youtube.com\/channel\/UCHle1MnG6hw1y4lWKijVbMA"]},{"@type":"Person","@id":"https:\/\/www.monaco-tribune.com\/it\/#\/schema\/person\/3814f045714aae4bb4abbfb04158f169","name":"Nassima Errami","image":{"@type":"ImageObject","inLanguage":"it-IT","@id":"https:\/\/secure.gravatar.com\/avatar\/3c0c0266375bc79b6d945c432ea8992d44782f7779ffe49a3d62b6ce4d6a23e0?s=96&d=mm&r=g","url":"https:\/\/secure.gravatar.com\/avatar\/3c0c0266375bc79b6d945c432ea8992d44782f7779ffe49a3d62b6ce4d6a23e0?s=96&d=mm&r=g","contentUrl":"https:\/\/secure.gravatar.com\/avatar\/3c0c0266375bc79b6d945c432ea8992d44782f7779ffe49a3d62b6ce4d6a23e0?s=96&d=mm&r=g","caption":"Nassima Errami"},"url":"https:\/\/www.monaco-tribune.com\/it\/author\/nassimaerrami\/"}]}},"_links":{"self":[{"href":"https:\/\/www.monaco-tribune.com\/it\/wp-json\/wp\/v2\/posts\/48004","targetHints":{"allow":["GET"]}}],"collection":[{"href":"https:\/\/www.monaco-tribune.com\/it\/wp-json\/wp\/v2\/posts"}],"about":[{"href":"https:\/\/www.monaco-tribune.com\/it\/wp-json\/wp\/v2\/types\/post"}],"author":[{"embeddable":true,"href":"https:\/\/www.monaco-tribune.com\/it\/wp-json\/wp\/v2\/users\/41"}],"replies":[{"embeddable":true,"href":"https:\/\/www.monaco-tribune.com\/it\/wp-json\/wp\/v2\/comments?post=48004"}],"version-history":[{"count":0,"href":"https:\/\/www.monaco-tribune.com\/it\/wp-json\/wp\/v2\/posts\/48004\/revisions"}],"wp:featuredmedia":[{"embeddable":true,"href":"https:\/\/www.monaco-tribune.com\/it\/wp-json\/wp\/v2\/media\/47976"}],"wp:attachment":[{"href":"https:\/\/www.monaco-tribune.com\/it\/wp-json\/wp\/v2\/media?parent=48004"}],"wp:term":[{"taxonomy":"category","embeddable":true,"href":"https:\/\/www.monaco-tribune.com\/it\/wp-json\/wp\/v2\/categories?post=48004"},{"taxonomy":"post_tag","embeddable":true,"href":"https:\/\/www.monaco-tribune.com\/it\/wp-json\/wp\/v2\/tags?post=48004"},{"taxonomy":"sectag","embeddable":true,"href":"https:\/\/www.monaco-tribune.com\/it\/wp-json\/wp\/v2\/post_sectags?post=48004"},{"taxonomy":"format","embeddable":true,"href":"https:\/\/www.monaco-tribune.com\/it\/wp-json\/wp\/v2\/post_format?post=48004"}],"curies":[{"name":"wp","href":"https:\/\/api.w.org\/{rel}","templated":true}]}}