{"id":49866,"date":"2020-11-25T17:13:01","date_gmt":"2020-11-25T16:13:01","guid":{"rendered":"https:\/\/www.monaco-tribune.com\/2020\/11\/ordine-al-merito-culturale-la-principessa-di-hannover-assegna-cinque-ricnoscimenti\/"},"modified":"2020-11-25T17:25:45","modified_gmt":"2020-11-25T16:25:45","slug":"ordine-al-merito-culturale-la-principessa-di-hannover-assegna-cinque-ricnoscimenti","status":"publish","type":"post","link":"https:\/\/www.monaco-tribune.com\/it\/2020\/11\/ordine-al-merito-culturale-la-principessa-di-hannover-assegna-cinque-ricnoscimenti\/","title":{"rendered":"Ordine al Merito culturale: la Principessa di Hannover assegna cinque riconoscimenti"},"content":{"rendered":"\n<p><strong>L&#8217;assegnazione delle onorificenze in occasione della Festa Nazionale monegasca non \u00e8 ancora finita. Marted\u00ec scorso, la Principessa di Hannover ha insignito cinque personalit\u00e0 di Monaco nel Salone blu del Palazzo principesco.<\/strong><\/p>\n\n<p>In quest&#8217;anno di pandemia, i festeggiamenti in occasione della Festa Nazionale monegasca <a href=\"https:\/\/www.monaco-tribune.com\/it\/2020\/11\/festa-nazionale-monegasca-nel-rispetto-delle-norme-anti-covid\/\">sono stati leggermente rivisitati per adattarsi alla nuova situazione<\/a>. Nell&#8217;ottica di trovare la via di mezzo tra la sicurezza sanitaria e il rispetto delle tradizioni, la Principessa Carolina ha svolto la cerimonia nel rispetto delle misure di protezione. Ciononostante, il Covid-19, <a href=\"https:\/\/www.monaco-tribune.com\/it\/2020\/11\/covid-19-terzo-decesso-a-monaco\/\">la cui diffusione non si arresta<\/a>, ha messo comunque i bastoni tra le ruote: &#8220;Purtroppo, la pandemia ha impedito ad alcune personalit\u00e0, che avrei avuto l&#8217;onore di insignire in quest&#8217;occasione, di essere tra di noi questa mattina. Il mio pensiero \u00e8 rivolto a loro&#8221; ha dichiarato.<\/p>\n\n<blockquote class=\"wp-block-quote is-layout-flow wp-block-quote-is-layout-flow\"><p>\u00c8 con mia immensa gioia che, ogni anno, alla vigilia della nostra Festa Nazionale, conferisco l&#8217;Ordine al Merito culturale alle personalit\u00e0 che rendono onore al Principato<\/p><\/blockquote>\n\n<h2 class=\"wp-block-heading\" id=\"h-hommage-diff-rents-acteurs-culturels\">Omaggio a diverse figure culturali<\/h2>\n\n<p>I personaggi che contribuiscono alla diffusione delle arti del Principato sono stati ricompensati per il lavoro e l&#8217;impegno dimostrato in un momento cos\u00ec difficile. I campi presi in considerazione sono stati la cultura, la storia, la commemorazione o ancora la scienza. &#8220;L&#8217;incertezza pu\u00f2 rivelarsi angosciante per alcuni, ma per altri pu\u00f2 dare vita all&#8217;arte, alla creativit\u00e0 e all&#8217;immaginazione. Voi ne siete la prova. Inoltre, ognuno nel suo ambito di competenza, ha preso parte alla creazione della fama di Monaco&#8221; ha aggiunto la Principessa di Hannover, dopo aver sottolineato i percorsi e le formazioni differenti.<\/p>\n\n<h2 class=\"wp-block-heading\" id=\"h-l-attachement-la-culture-de-la-famille-princi-re\">Il legame della famiglia principesca con la cultura<\/h2>\n\n<p>Cosciente di quanto questa crisi sanitaria ed economica legata al Covid-19 metta a repentaglio il mondo della cultura, la Principessa Carolina ci ha tenuto a esprimere la sua gratitudine &#8220;ai benefattori, che siano associazioni, fondazioni o privati, la cui generosit\u00e0 ci incoraggia tutti a perseverare, per quanto fragile possa essere la situazione&#8221;. <a href=\"https:\/\/www.monaco-tribune.com\/it\/2020\/11\/confessioni-della-principessa-di-hannover-e-di-charlotte-casiraghi\/\">La Principessa e tutta la famiglia Grimaldi hanno un forte legame con la cultura<\/a>, da sempre benvenuta nei territori del Principato.<\/p>\n","protected":false},"excerpt":{"rendered":"<p>L&#8217;assegnazione delle onorificenze in occasione della Festa Nazionale monegasca non \u00e8 ancora finita. Marted\u00ec scorso, la Principessa di Hannover ha [&hellip;]<\/p>\n","protected":false},"author":41,"featured_media":46588,"comment_status":"closed","ping_status":"closed","sticky":false,"template":"","format":"standard","meta":{"_acf_changed":false,"footnotes":""},"categories":[1742,1738],"tags":[2870],"post_sectags":[],"post_format":[2478],"class_list":["post-49866","post","type-post","status-publish","format-standard","has-post-thumbnail","hentry","category-famiglia-principesca","category-notizie","tag-principessa-carolina","format-notizia"],"acf":[],"yoast_head":"<!-- This site is optimized with the Yoast SEO Premium plugin v26.8 (Yoast SEO v27.4) - https:\/\/yoast.com\/product\/yoast-seo-premium-wordpress\/ -->\n<title>Ordine al Merito culturale: la Principessa di Hannover assegna cinque riconoscimenti<\/title>\n<meta name=\"description\" content=\"L&#039;assegnazione delle onorificenze in occasione della Festa Nazionale monegasca non \u00e8 ancora finita. Marted\u00ec scorso, la Principessa di Hannover ha\" \/>\n<meta name=\"robots\" content=\"index, follow, max-snippet:-1, max-image-preview:large, max-video-preview:-1\" \/>\n<link rel=\"canonical\" href=\"https:\/\/www.monaco-tribune.com\/it\/2020\/11\/ordine-al-merito-culturale-la-principessa-di-hannover-assegna-cinque-ricnoscimenti\/\" \/>\n<meta property=\"og:locale\" content=\"it_IT\" \/>\n<meta property=\"og:type\" content=\"article\" \/>\n<meta property=\"og:title\" content=\"Ordine al Merito culturale: la Principessa di Hannover assegna cinque riconoscimenti - Monaco Tribune\" \/>\n<meta property=\"og:description\" content=\"L&#039;assegnazione delle onorificenze in occasione della Festa Nazionale monegasca non \u00e8 ancora finita. Marted\u00ec scorso, la Principessa di Hannover ha\" \/>\n<meta property=\"og:url\" content=\"https:\/\/www.monaco-tribune.com\/it\/2020\/11\/ordine-al-merito-culturale-la-principessa-di-hannover-assegna-cinque-ricnoscimenti\/\" \/>\n<meta property=\"og:site_name\" content=\"Monaco Tribune\" \/>\n<meta property=\"article:publisher\" content=\"https:\/\/www.facebook.com\/MonacoTribune\" \/>\n<meta property=\"article:published_time\" content=\"2020-11-25T16:13:01+00:00\" \/>\n<meta property=\"article:modified_time\" content=\"2020-11-25T16:25:45+00:00\" \/>\n<meta property=\"og:image\" content=\"https:\/\/www.monaco-tribune.com\/wp-content\/uploads\/2020\/11\/ordre-me\u0301rite-culturel-min.jpg\" \/>\n\t<meta property=\"og:image:width\" content=\"1024\" \/>\n\t<meta property=\"og:image:height\" content=\"576\" \/>\n\t<meta property=\"og:image:type\" content=\"image\/jpeg\" \/>\n<meta name=\"author\" content=\"Nassima Errami\" \/>\n<meta name=\"twitter:card\" content=\"summary_large_image\" \/>\n<meta name=\"twitter:creator\" content=\"@MonacoTribune\" \/>\n<meta name=\"twitter:site\" content=\"@MonacoTribune\" \/>\n<script type=\"application\/ld+json\" class=\"yoast-schema-graph\">{\"@context\":\"https:\\\/\\\/schema.org\",\"@graph\":[{\"@type\":\"NewsArticle\",\"@id\":\"https:\\\/\\\/www.monaco-tribune.com\\\/it\\\/2020\\\/11\\\/ordine-al-merito-culturale-la-principessa-di-hannover-assegna-cinque-ricnoscimenti\\\/#article\",\"isPartOf\":{\"@id\":\"https:\\\/\\\/www.monaco-tribune.com\\\/it\\\/2020\\\/11\\\/ordine-al-merito-culturale-la-principessa-di-hannover-assegna-cinque-ricnoscimenti\\\/\"},\"author\":{\"name\":\"Nassima Errami\",\"@id\":\"https:\\\/\\\/www.monaco-tribune.com\\\/it\\\/#\\\/schema\\\/person\\\/3814f045714aae4bb4abbfb04158f169\"},\"headline\":\"Ordine al Merito culturale: la Principessa di Hannover assegna cinque riconoscimenti\",\"datePublished\":\"2020-11-25T16:13:01+00:00\",\"dateModified\":\"2020-11-25T16:25:45+00:00\",\"mainEntityOfPage\":{\"@id\":\"https:\\\/\\\/www.monaco-tribune.com\\\/it\\\/2020\\\/11\\\/ordine-al-merito-culturale-la-principessa-di-hannover-assegna-cinque-ricnoscimenti\\\/\"},\"wordCount\":354,\"publisher\":{\"@id\":\"https:\\\/\\\/www.monaco-tribune.com\\\/it\\\/#organization\"},\"image\":{\"@id\":\"https:\\\/\\\/www.monaco-tribune.com\\\/it\\\/2020\\\/11\\\/ordine-al-merito-culturale-la-principessa-di-hannover-assegna-cinque-ricnoscimenti\\\/#primaryimage\"},\"thumbnailUrl\":\"https:\\\/\\\/www.monaco-tribune.com\\\/wp-content\\\/uploads\\\/2020\\\/11\\\/ordre-me\u0301rite-culturel-min.jpg\",\"keywords\":[\"Principessa Carolina\"],\"articleSection\":[\"Famiglia Principesca\",\"Notizie\"],\"inLanguage\":\"it-IT\",\"copyrightYear\":\"2020\",\"copyrightHolder\":{\"@id\":\"https:\\\/\\\/www.monaco-tribune.com\\\/#organization\"}},{\"@type\":\"WebPage\",\"@id\":\"https:\\\/\\\/www.monaco-tribune.com\\\/it\\\/2020\\\/11\\\/ordine-al-merito-culturale-la-principessa-di-hannover-assegna-cinque-ricnoscimenti\\\/\",\"url\":\"https:\\\/\\\/www.monaco-tribune.com\\\/it\\\/2020\\\/11\\\/ordine-al-merito-culturale-la-principessa-di-hannover-assegna-cinque-ricnoscimenti\\\/\",\"name\":\"Ordine al Merito culturale: la Principessa di Hannover assegna cinque riconoscimenti\",\"isPartOf\":{\"@id\":\"https:\\\/\\\/www.monaco-tribune.com\\\/it\\\/#website\"},\"primaryImageOfPage\":{\"@id\":\"https:\\\/\\\/www.monaco-tribune.com\\\/it\\\/2020\\\/11\\\/ordine-al-merito-culturale-la-principessa-di-hannover-assegna-cinque-ricnoscimenti\\\/#primaryimage\"},\"image\":{\"@id\":\"https:\\\/\\\/www.monaco-tribune.com\\\/it\\\/2020\\\/11\\\/ordine-al-merito-culturale-la-principessa-di-hannover-assegna-cinque-ricnoscimenti\\\/#primaryimage\"},\"thumbnailUrl\":\"https:\\\/\\\/www.monaco-tribune.com\\\/wp-content\\\/uploads\\\/2020\\\/11\\\/ordre-me\u0301rite-culturel-min.jpg\",\"datePublished\":\"2020-11-25T16:13:01+00:00\",\"dateModified\":\"2020-11-25T16:25:45+00:00\",\"description\":\"L'assegnazione delle onorificenze in occasione della Festa Nazionale monegasca non \u00e8 ancora finita. Marted\u00ec scorso, la Principessa di Hannover ha\",\"breadcrumb\":{\"@id\":\"https:\\\/\\\/www.monaco-tribune.com\\\/it\\\/2020\\\/11\\\/ordine-al-merito-culturale-la-principessa-di-hannover-assegna-cinque-ricnoscimenti\\\/#breadcrumb\"},\"inLanguage\":\"it-IT\",\"potentialAction\":[{\"@type\":\"ReadAction\",\"target\":[\"https:\\\/\\\/www.monaco-tribune.com\\\/it\\\/2020\\\/11\\\/ordine-al-merito-culturale-la-principessa-di-hannover-assegna-cinque-ricnoscimenti\\\/\"]}]},{\"@type\":\"ImageObject\",\"inLanguage\":\"it-IT\",\"@id\":\"https:\\\/\\\/www.monaco-tribune.com\\\/it\\\/2020\\\/11\\\/ordine-al-merito-culturale-la-principessa-di-hannover-assegna-cinque-ricnoscimenti\\\/#primaryimage\",\"url\":\"https:\\\/\\\/www.monaco-tribune.com\\\/wp-content\\\/uploads\\\/2020\\\/11\\\/ordre-me\u0301rite-culturel-min.jpg\",\"contentUrl\":\"https:\\\/\\\/www.monaco-tribune.com\\\/wp-content\\\/uploads\\\/2020\\\/11\\\/ordre-me\u0301rite-culturel-min.jpg\",\"width\":1024,\"height\":576,\"caption\":\"Gaetan Luci \\\/ Palazzo principesco\"},{\"@type\":\"BreadcrumbList\",\"@id\":\"https:\\\/\\\/www.monaco-tribune.com\\\/it\\\/2020\\\/11\\\/ordine-al-merito-culturale-la-principessa-di-hannover-assegna-cinque-ricnoscimenti\\\/#breadcrumb\",\"itemListElement\":[{\"@type\":\"ListItem\",\"position\":1,\"name\":\"Accueil\",\"item\":\"https:\\\/\\\/www.monaco-tribune.com\\\/it\\\/\"},{\"@type\":\"ListItem\",\"position\":2,\"name\":\"Ordine al Merito culturale: la Principessa di Hannover assegna cinque riconoscimenti\"}]},{\"@type\":\"WebSite\",\"@id\":\"https:\\\/\\\/www.monaco-tribune.com\\\/it\\\/#website\",\"url\":\"https:\\\/\\\/www.monaco-tribune.com\\\/it\\\/\",\"name\":\"Monaco Tribune\",\"description\":\"Monaco : actualit\u00e9s \u00e9conomiques, politiques, culturelles et sportives de Monaco et de la French Riviera.\",\"publisher\":{\"@id\":\"https:\\\/\\\/www.monaco-tribune.com\\\/it\\\/#organization\"},\"potentialAction\":[{\"@type\":\"SearchAction\",\"target\":{\"@type\":\"EntryPoint\",\"urlTemplate\":\"https:\\\/\\\/www.monaco-tribune.com\\\/it\\\/?s={search_term_string}\"},\"query-input\":{\"@type\":\"PropertyValueSpecification\",\"valueRequired\":true,\"valueName\":\"search_term_string\"}}],\"inLanguage\":\"it-IT\"},{\"@type\":\"Organization\",\"@id\":\"https:\\\/\\\/www.monaco-tribune.com\\\/it\\\/#organization\",\"name\":\"Monaco Tribune\",\"url\":\"https:\\\/\\\/www.monaco-tribune.com\\\/it\\\/\",\"logo\":{\"@type\":\"ImageObject\",\"inLanguage\":\"it-IT\",\"@id\":\"https:\\\/\\\/www.monaco-tribune.com\\\/it\\\/#\\\/schema\\\/logo\\\/image\\\/\",\"url\":\"https:\\\/\\\/www.monaco-tribune.com\\\/wp-content\\\/uploads\\\/2022\\\/11\\\/logo-monaco-tribune.png\",\"contentUrl\":\"https:\\\/\\\/www.monaco-tribune.com\\\/wp-content\\\/uploads\\\/2022\\\/11\\\/logo-monaco-tribune.png\",\"width\":1548,\"height\":600,\"caption\":\"Monaco Tribune\"},\"image\":{\"@id\":\"https:\\\/\\\/www.monaco-tribune.com\\\/it\\\/#\\\/schema\\\/logo\\\/image\\\/\"},\"sameAs\":[\"https:\\\/\\\/www.facebook.com\\\/MonacoTribune\",\"https:\\\/\\\/x.com\\\/MonacoTribune\",\"https:\\\/\\\/www.instagram.com\\\/monacotribune\\\/\",\"https:\\\/\\\/www.linkedin.com\\\/company\\\/monaco-tribune\",\"https:\\\/\\\/www.youtube.com\\\/channel\\\/UCHle1MnG6hw1y4lWKijVbMA\"]},{\"@type\":\"Person\",\"@id\":\"https:\\\/\\\/www.monaco-tribune.com\\\/it\\\/#\\\/schema\\\/person\\\/3814f045714aae4bb4abbfb04158f169\",\"name\":\"Nassima Errami\",\"image\":{\"@type\":\"ImageObject\",\"inLanguage\":\"it-IT\",\"@id\":\"https:\\\/\\\/secure.gravatar.com\\\/avatar\\\/3c0c0266375bc79b6d945c432ea8992d44782f7779ffe49a3d62b6ce4d6a23e0?s=96&d=mm&r=g\",\"url\":\"https:\\\/\\\/secure.gravatar.com\\\/avatar\\\/3c0c0266375bc79b6d945c432ea8992d44782f7779ffe49a3d62b6ce4d6a23e0?s=96&d=mm&r=g\",\"contentUrl\":\"https:\\\/\\\/secure.gravatar.com\\\/avatar\\\/3c0c0266375bc79b6d945c432ea8992d44782f7779ffe49a3d62b6ce4d6a23e0?s=96&d=mm&r=g\",\"caption\":\"Nassima Errami\"},\"url\":\"https:\\\/\\\/www.monaco-tribune.com\\\/it\\\/author\\\/nassimaerrami\\\/\"}]}<\/script>\n<!-- \/ Yoast SEO Premium plugin. -->","yoast_head_json":{"title":"Ordine al Merito culturale: la Principessa di Hannover assegna cinque riconoscimenti","description":"L'assegnazione delle onorificenze in occasione della Festa Nazionale monegasca non \u00e8 ancora finita. Marted\u00ec scorso, la Principessa di Hannover ha","robots":{"index":"index","follow":"follow","max-snippet":"max-snippet:-1","max-image-preview":"max-image-preview:large","max-video-preview":"max-video-preview:-1"},"canonical":"https:\/\/www.monaco-tribune.com\/it\/2020\/11\/ordine-al-merito-culturale-la-principessa-di-hannover-assegna-cinque-ricnoscimenti\/","og_locale":"it_IT","og_type":"article","og_title":"Ordine al Merito culturale: la Principessa di Hannover assegna cinque riconoscimenti - Monaco Tribune","og_description":"L'assegnazione delle onorificenze in occasione della Festa Nazionale monegasca non \u00e8 ancora finita. Marted\u00ec scorso, la Principessa di Hannover ha","og_url":"https:\/\/www.monaco-tribune.com\/it\/2020\/11\/ordine-al-merito-culturale-la-principessa-di-hannover-assegna-cinque-ricnoscimenti\/","og_site_name":"Monaco Tribune","article_publisher":"https:\/\/www.facebook.com\/MonacoTribune","article_published_time":"2020-11-25T16:13:01+00:00","article_modified_time":"2020-11-25T16:25:45+00:00","og_image":[{"width":1024,"height":576,"url":"https:\/\/www.monaco-tribune.com\/wp-content\/uploads\/2020\/11\/ordre-me\u0301rite-culturel-min.jpg","type":"image\/jpeg"}],"author":"Nassima Errami","twitter_card":"summary_large_image","twitter_creator":"@MonacoTribune","twitter_site":"@MonacoTribune","schema":{"@context":"https:\/\/schema.org","@graph":[{"@type":"NewsArticle","@id":"https:\/\/www.monaco-tribune.com\/it\/2020\/11\/ordine-al-merito-culturale-la-principessa-di-hannover-assegna-cinque-ricnoscimenti\/#article","isPartOf":{"@id":"https:\/\/www.monaco-tribune.com\/it\/2020\/11\/ordine-al-merito-culturale-la-principessa-di-hannover-assegna-cinque-ricnoscimenti\/"},"author":{"name":"Nassima Errami","@id":"https:\/\/www.monaco-tribune.com\/it\/#\/schema\/person\/3814f045714aae4bb4abbfb04158f169"},"headline":"Ordine al Merito culturale: la Principessa di Hannover assegna cinque riconoscimenti","datePublished":"2020-11-25T16:13:01+00:00","dateModified":"2020-11-25T16:25:45+00:00","mainEntityOfPage":{"@id":"https:\/\/www.monaco-tribune.com\/it\/2020\/11\/ordine-al-merito-culturale-la-principessa-di-hannover-assegna-cinque-ricnoscimenti\/"},"wordCount":354,"publisher":{"@id":"https:\/\/www.monaco-tribune.com\/it\/#organization"},"image":{"@id":"https:\/\/www.monaco-tribune.com\/it\/2020\/11\/ordine-al-merito-culturale-la-principessa-di-hannover-assegna-cinque-ricnoscimenti\/#primaryimage"},"thumbnailUrl":"https:\/\/www.monaco-tribune.com\/wp-content\/uploads\/2020\/11\/ordre-me\u0301rite-culturel-min.jpg","keywords":["Principessa Carolina"],"articleSection":["Famiglia Principesca","Notizie"],"inLanguage":"it-IT","copyrightYear":"2020","copyrightHolder":{"@id":"https:\/\/www.monaco-tribune.com\/#organization"}},{"@type":"WebPage","@id":"https:\/\/www.monaco-tribune.com\/it\/2020\/11\/ordine-al-merito-culturale-la-principessa-di-hannover-assegna-cinque-ricnoscimenti\/","url":"https:\/\/www.monaco-tribune.com\/it\/2020\/11\/ordine-al-merito-culturale-la-principessa-di-hannover-assegna-cinque-ricnoscimenti\/","name":"Ordine al Merito culturale: la Principessa di Hannover assegna cinque riconoscimenti","isPartOf":{"@id":"https:\/\/www.monaco-tribune.com\/it\/#website"},"primaryImageOfPage":{"@id":"https:\/\/www.monaco-tribune.com\/it\/2020\/11\/ordine-al-merito-culturale-la-principessa-di-hannover-assegna-cinque-ricnoscimenti\/#primaryimage"},"image":{"@id":"https:\/\/www.monaco-tribune.com\/it\/2020\/11\/ordine-al-merito-culturale-la-principessa-di-hannover-assegna-cinque-ricnoscimenti\/#primaryimage"},"thumbnailUrl":"https:\/\/www.monaco-tribune.com\/wp-content\/uploads\/2020\/11\/ordre-me\u0301rite-culturel-min.jpg","datePublished":"2020-11-25T16:13:01+00:00","dateModified":"2020-11-25T16:25:45+00:00","description":"L'assegnazione delle onorificenze in occasione della Festa Nazionale monegasca non \u00e8 ancora finita. Marted\u00ec scorso, la Principessa di Hannover ha","breadcrumb":{"@id":"https:\/\/www.monaco-tribune.com\/it\/2020\/11\/ordine-al-merito-culturale-la-principessa-di-hannover-assegna-cinque-ricnoscimenti\/#breadcrumb"},"inLanguage":"it-IT","potentialAction":[{"@type":"ReadAction","target":["https:\/\/www.monaco-tribune.com\/it\/2020\/11\/ordine-al-merito-culturale-la-principessa-di-hannover-assegna-cinque-ricnoscimenti\/"]}]},{"@type":"ImageObject","inLanguage":"it-IT","@id":"https:\/\/www.monaco-tribune.com\/it\/2020\/11\/ordine-al-merito-culturale-la-principessa-di-hannover-assegna-cinque-ricnoscimenti\/#primaryimage","url":"https:\/\/www.monaco-tribune.com\/wp-content\/uploads\/2020\/11\/ordre-me\u0301rite-culturel-min.jpg","contentUrl":"https:\/\/www.monaco-tribune.com\/wp-content\/uploads\/2020\/11\/ordre-me\u0301rite-culturel-min.jpg","width":1024,"height":576,"caption":"Gaetan Luci \/ Palazzo principesco"},{"@type":"BreadcrumbList","@id":"https:\/\/www.monaco-tribune.com\/it\/2020\/11\/ordine-al-merito-culturale-la-principessa-di-hannover-assegna-cinque-ricnoscimenti\/#breadcrumb","itemListElement":[{"@type":"ListItem","position":1,"name":"Accueil","item":"https:\/\/www.monaco-tribune.com\/it\/"},{"@type":"ListItem","position":2,"name":"Ordine al Merito culturale: la Principessa di Hannover assegna cinque riconoscimenti"}]},{"@type":"WebSite","@id":"https:\/\/www.monaco-tribune.com\/it\/#website","url":"https:\/\/www.monaco-tribune.com\/it\/","name":"Monaco Tribune","description":"Monaco : actualit\u00e9s \u00e9conomiques, politiques, culturelles et sportives de Monaco et de la French Riviera.","publisher":{"@id":"https:\/\/www.monaco-tribune.com\/it\/#organization"},"potentialAction":[{"@type":"SearchAction","target":{"@type":"EntryPoint","urlTemplate":"https:\/\/www.monaco-tribune.com\/it\/?s={search_term_string}"},"query-input":{"@type":"PropertyValueSpecification","valueRequired":true,"valueName":"search_term_string"}}],"inLanguage":"it-IT"},{"@type":"Organization","@id":"https:\/\/www.monaco-tribune.com\/it\/#organization","name":"Monaco Tribune","url":"https:\/\/www.monaco-tribune.com\/it\/","logo":{"@type":"ImageObject","inLanguage":"it-IT","@id":"https:\/\/www.monaco-tribune.com\/it\/#\/schema\/logo\/image\/","url":"https:\/\/www.monaco-tribune.com\/wp-content\/uploads\/2022\/11\/logo-monaco-tribune.png","contentUrl":"https:\/\/www.monaco-tribune.com\/wp-content\/uploads\/2022\/11\/logo-monaco-tribune.png","width":1548,"height":600,"caption":"Monaco Tribune"},"image":{"@id":"https:\/\/www.monaco-tribune.com\/it\/#\/schema\/logo\/image\/"},"sameAs":["https:\/\/www.facebook.com\/MonacoTribune","https:\/\/x.com\/MonacoTribune","https:\/\/www.instagram.com\/monacotribune\/","https:\/\/www.linkedin.com\/company\/monaco-tribune","https:\/\/www.youtube.com\/channel\/UCHle1MnG6hw1y4lWKijVbMA"]},{"@type":"Person","@id":"https:\/\/www.monaco-tribune.com\/it\/#\/schema\/person\/3814f045714aae4bb4abbfb04158f169","name":"Nassima Errami","image":{"@type":"ImageObject","inLanguage":"it-IT","@id":"https:\/\/secure.gravatar.com\/avatar\/3c0c0266375bc79b6d945c432ea8992d44782f7779ffe49a3d62b6ce4d6a23e0?s=96&d=mm&r=g","url":"https:\/\/secure.gravatar.com\/avatar\/3c0c0266375bc79b6d945c432ea8992d44782f7779ffe49a3d62b6ce4d6a23e0?s=96&d=mm&r=g","contentUrl":"https:\/\/secure.gravatar.com\/avatar\/3c0c0266375bc79b6d945c432ea8992d44782f7779ffe49a3d62b6ce4d6a23e0?s=96&d=mm&r=g","caption":"Nassima Errami"},"url":"https:\/\/www.monaco-tribune.com\/it\/author\/nassimaerrami\/"}]}},"_links":{"self":[{"href":"https:\/\/www.monaco-tribune.com\/it\/wp-json\/wp\/v2\/posts\/49866","targetHints":{"allow":["GET"]}}],"collection":[{"href":"https:\/\/www.monaco-tribune.com\/it\/wp-json\/wp\/v2\/posts"}],"about":[{"href":"https:\/\/www.monaco-tribune.com\/it\/wp-json\/wp\/v2\/types\/post"}],"author":[{"embeddable":true,"href":"https:\/\/www.monaco-tribune.com\/it\/wp-json\/wp\/v2\/users\/41"}],"replies":[{"embeddable":true,"href":"https:\/\/www.monaco-tribune.com\/it\/wp-json\/wp\/v2\/comments?post=49866"}],"version-history":[{"count":0,"href":"https:\/\/www.monaco-tribune.com\/it\/wp-json\/wp\/v2\/posts\/49866\/revisions"}],"wp:featuredmedia":[{"embeddable":true,"href":"https:\/\/www.monaco-tribune.com\/it\/wp-json\/wp\/v2\/media\/46588"}],"wp:attachment":[{"href":"https:\/\/www.monaco-tribune.com\/it\/wp-json\/wp\/v2\/media?parent=49866"}],"wp:term":[{"taxonomy":"category","embeddable":true,"href":"https:\/\/www.monaco-tribune.com\/it\/wp-json\/wp\/v2\/categories?post=49866"},{"taxonomy":"post_tag","embeddable":true,"href":"https:\/\/www.monaco-tribune.com\/it\/wp-json\/wp\/v2\/tags?post=49866"},{"taxonomy":"sectag","embeddable":true,"href":"https:\/\/www.monaco-tribune.com\/it\/wp-json\/wp\/v2\/post_sectags?post=49866"},{"taxonomy":"format","embeddable":true,"href":"https:\/\/www.monaco-tribune.com\/it\/wp-json\/wp\/v2\/post_format?post=49866"}],"curies":[{"name":"wp","href":"https:\/\/api.w.org\/{rel}","templated":true}]}}