{"id":56709,"date":"2020-12-04T18:10:18","date_gmt":"2020-12-04T17:10:18","guid":{"rendered":"https:\/\/www.monaco-tribune.com\/2020\/12\/aeroporto-di-nizza-a-dicembre-si-torna-a-viaggiare\/"},"modified":"2020-12-04T18:12:13","modified_gmt":"2020-12-04T17:12:13","slug":"aeroporto-di-nizza-a-dicembre-si-torna-a-viaggiare","status":"publish","type":"post","link":"https:\/\/www.monaco-tribune.com\/it\/2020\/12\/aeroporto-di-nizza-a-dicembre-si-torna-a-viaggiare\/","title":{"rendered":"Aeroporto di Nizza: a dicembre si torna a viaggiare"},"content":{"rendered":"\n<p><strong>Le vacanze di Natale e il leggero allentamento delle restrizioni, fanno prevedere una ripartenza per il traffico aereo nel mese di dicembre. Rivediamo insieme le misure sanitarie in vigore all&#8217;aeroporto di Nizza.<\/strong><\/p>\n\n<p>Se dal 30 ottobre i viaggi in aereo in Francia erano consentiti solo per motivi inderogabili di ordine familiare o personale, per motivi di salute urgenti o per motivi di lavoro, ora \u00e8 di nuovo possibile viaggiare pi\u00f9 liberamente dall&#8217;aeroporto di Nizza.<\/p>\n\n<h2 class=\"wp-block-heading\" id=\"h-583-vols-par-semaines-programm-s-en-d-cembre\">538 voli a settimana programmati a dicembre<\/h2>\n\n<p>Dal mese di dicembre, i voli in partenza serviranno circa 55 destinazioni in Francia e all&#8217;estero con una frequenza di 538 voli a settimana in partenza dal Terminal 2, contro le 38 destinazioni e i 369 voli a settimana di novembre. Inoltre, per contenere la diffusione del virus, l&#8217;aeroporto di Nizza Costa Azzurra, con l&#8217;aiuto della Citt\u00e0 di Nizza, ha messo a disposizione una sala per effettuare i tamponi antigenici.<\/p>\n\n<h2 class=\"wp-block-heading\" id=\"h-des-tests-antig-niques-valables-72h\">Test antigenici validi per 72 ore<\/h2>\n\n<p>I passeggeri possono presentarsi dal luned\u00ec al venerd\u00ec dalle 8:00 alle 14:00, o al massimo 90 minuti prima del decollo, e avere i risultati in 30 minuti, con una validit\u00e0 di 72 ore. Fate attenzione, per\u00f2, perch\u00e9 alcuni paesi non accettano questo tipo di test. Inoltre, si consiglia di informarsi sulle restrizioni in vigore nei paesi di destinazione e di contattare la vostra compagnia aerea prima di arrivare in aeroporto. Ricordiamo anche che l&#8217;utilizzo della mascherina \u00e8 obbligatorio all&#8217;interno e all&#8217;esterno dei terminal, oltre che a bordo degli aerei.<\/p>\n\n<p><strong>&gt;&gt; LEGGI ANCHE:\u00a0<\/strong><a href=\"https:\/\/www.monaco-tribune.com\/it\/2020\/11\/aeroporto-di-nizza-il-traffico-del-2019-non-tornera-prima-del-2024\/\">Aeroporto di Nizza: il traffico del 2019 non torner\u00e0 prima del 2024<\/a><\/p>\n","protected":false},"excerpt":{"rendered":"<p>Le vacanze di Natale e il leggero allentamento delle restrizioni, fanno prevedere una ripartenza per il traffico aereo nel mese [&hellip;]<\/p>\n","protected":false},"author":42,"featured_media":56471,"comment_status":"closed","ping_status":"closed","sticky":false,"template":"","format":"standard","meta":{"_acf_changed":false,"footnotes":""},"categories":[1738,1752],"tags":[2880],"post_sectags":[],"post_format":[2478],"class_list":["post-56709","post","type-post","status-publish","format-standard","has-post-thumbnail","hentry","category-notizie","category-societa","tag-aeroporto-di-nizza","format-notizia"],"acf":[],"yoast_head":"<!-- This site is optimized with the Yoast SEO Premium plugin v26.8 (Yoast SEO v27.5) - https:\/\/yoast.com\/product\/yoast-seo-premium-wordpress\/ -->\n<title>Aeroporto di Nizza: a dicembre si torna a viaggiare<\/title>\n<meta name=\"description\" content=\"Le vacanze di Natale e il leggero allentamento delle restrizioni, fanno prevedere una ripartenza per il traffico aereo nel mese di dicembre. Rivediamo\" \/>\n<meta name=\"robots\" content=\"index, follow, max-snippet:-1, max-image-preview:large, max-video-preview:-1\" \/>\n<link rel=\"canonical\" href=\"https:\/\/www.monaco-tribune.com\/it\/2020\/12\/aeroporto-di-nizza-a-dicembre-si-torna-a-viaggiare\/\" \/>\n<meta property=\"og:locale\" content=\"it_IT\" \/>\n<meta property=\"og:type\" content=\"article\" \/>\n<meta property=\"og:title\" content=\"Aeroporto di Nizza: a dicembre si torna a viaggiare - Monaco Tribune\" \/>\n<meta property=\"og:description\" content=\"Le vacanze di Natale e il leggero allentamento delle restrizioni, fanno prevedere una ripartenza per il traffico aereo nel mese di dicembre. Rivediamo\" \/>\n<meta property=\"og:url\" content=\"https:\/\/www.monaco-tribune.com\/it\/2020\/12\/aeroporto-di-nizza-a-dicembre-si-torna-a-viaggiare\/\" \/>\n<meta property=\"og:site_name\" content=\"Monaco Tribune\" \/>\n<meta property=\"article:publisher\" content=\"https:\/\/www.facebook.com\/MonacoTribune\" \/>\n<meta property=\"article:published_time\" content=\"2020-12-04T17:10:18+00:00\" \/>\n<meta property=\"article:modified_time\" content=\"2020-12-04T17:12:13+00:00\" \/>\n<meta property=\"og:image\" content=\"https:\/\/www.monaco-tribune.com\/wp-content\/uploads\/2020\/12\/vue-aerienne-aeroport-nice-min.jpg\" \/>\n\t<meta property=\"og:image:width\" content=\"1400\" \/>\n\t<meta property=\"og:image:height\" content=\"933\" \/>\n\t<meta property=\"og:image:type\" content=\"image\/jpeg\" \/>\n<meta name=\"author\" content=\"Marjorie Modi\" \/>\n<meta name=\"twitter:card\" content=\"summary_large_image\" \/>\n<meta name=\"twitter:creator\" content=\"@MonacoTribune\" \/>\n<meta name=\"twitter:site\" content=\"@MonacoTribune\" \/>\n<script type=\"application\/ld+json\" class=\"yoast-schema-graph\">{\"@context\":\"https:\\\/\\\/schema.org\",\"@graph\":[{\"@type\":\"NewsArticle\",\"@id\":\"https:\\\/\\\/www.monaco-tribune.com\\\/it\\\/2020\\\/12\\\/aeroporto-di-nizza-a-dicembre-si-torna-a-viaggiare\\\/#article\",\"isPartOf\":{\"@id\":\"https:\\\/\\\/www.monaco-tribune.com\\\/it\\\/2020\\\/12\\\/aeroporto-di-nizza-a-dicembre-si-torna-a-viaggiare\\\/\"},\"author\":{\"name\":\"Marjorie Modi\",\"@id\":\"https:\\\/\\\/www.monaco-tribune.com\\\/it\\\/#\\\/schema\\\/person\\\/5b18add85fa272c0fa24f32c6d1302e1\"},\"headline\":\"Aeroporto di Nizza: a dicembre si torna a viaggiare\",\"datePublished\":\"2020-12-04T17:10:18+00:00\",\"dateModified\":\"2020-12-04T17:12:13+00:00\",\"mainEntityOfPage\":{\"@id\":\"https:\\\/\\\/www.monaco-tribune.com\\\/it\\\/2020\\\/12\\\/aeroporto-di-nizza-a-dicembre-si-torna-a-viaggiare\\\/\"},\"wordCount\":262,\"publisher\":{\"@id\":\"https:\\\/\\\/www.monaco-tribune.com\\\/it\\\/#organization\"},\"image\":{\"@id\":\"https:\\\/\\\/www.monaco-tribune.com\\\/it\\\/2020\\\/12\\\/aeroporto-di-nizza-a-dicembre-si-torna-a-viaggiare\\\/#primaryimage\"},\"thumbnailUrl\":\"https:\\\/\\\/www.monaco-tribune.com\\\/wp-content\\\/uploads\\\/2020\\\/12\\\/vue-aerienne-aeroport-nice-min.jpg\",\"keywords\":[\"Aeroporto di Nizza\"],\"articleSection\":[\"Notizie\",\"Societ\u00e0\"],\"inLanguage\":\"it-IT\",\"copyrightYear\":\"2020\",\"copyrightHolder\":{\"@id\":\"https:\\\/\\\/www.monaco-tribune.com\\\/#organization\"}},{\"@type\":\"WebPage\",\"@id\":\"https:\\\/\\\/www.monaco-tribune.com\\\/it\\\/2020\\\/12\\\/aeroporto-di-nizza-a-dicembre-si-torna-a-viaggiare\\\/\",\"url\":\"https:\\\/\\\/www.monaco-tribune.com\\\/it\\\/2020\\\/12\\\/aeroporto-di-nizza-a-dicembre-si-torna-a-viaggiare\\\/\",\"name\":\"Aeroporto di Nizza: a dicembre si torna a viaggiare\",\"isPartOf\":{\"@id\":\"https:\\\/\\\/www.monaco-tribune.com\\\/it\\\/#website\"},\"primaryImageOfPage\":{\"@id\":\"https:\\\/\\\/www.monaco-tribune.com\\\/it\\\/2020\\\/12\\\/aeroporto-di-nizza-a-dicembre-si-torna-a-viaggiare\\\/#primaryimage\"},\"image\":{\"@id\":\"https:\\\/\\\/www.monaco-tribune.com\\\/it\\\/2020\\\/12\\\/aeroporto-di-nizza-a-dicembre-si-torna-a-viaggiare\\\/#primaryimage\"},\"thumbnailUrl\":\"https:\\\/\\\/www.monaco-tribune.com\\\/wp-content\\\/uploads\\\/2020\\\/12\\\/vue-aerienne-aeroport-nice-min.jpg\",\"datePublished\":\"2020-12-04T17:10:18+00:00\",\"dateModified\":\"2020-12-04T17:12:13+00:00\",\"description\":\"Le vacanze di Natale e il leggero allentamento delle restrizioni, fanno prevedere una ripartenza per il traffico aereo nel mese di dicembre. Rivediamo\",\"breadcrumb\":{\"@id\":\"https:\\\/\\\/www.monaco-tribune.com\\\/it\\\/2020\\\/12\\\/aeroporto-di-nizza-a-dicembre-si-torna-a-viaggiare\\\/#breadcrumb\"},\"inLanguage\":\"it-IT\",\"potentialAction\":[{\"@type\":\"ReadAction\",\"target\":[\"https:\\\/\\\/www.monaco-tribune.com\\\/it\\\/2020\\\/12\\\/aeroporto-di-nizza-a-dicembre-si-torna-a-viaggiare\\\/\"]}]},{\"@type\":\"ImageObject\",\"inLanguage\":\"it-IT\",\"@id\":\"https:\\\/\\\/www.monaco-tribune.com\\\/it\\\/2020\\\/12\\\/aeroporto-di-nizza-a-dicembre-si-torna-a-viaggiare\\\/#primaryimage\",\"url\":\"https:\\\/\\\/www.monaco-tribune.com\\\/wp-content\\\/uploads\\\/2020\\\/12\\\/vue-aerienne-aeroport-nice-min.jpg\",\"contentUrl\":\"https:\\\/\\\/www.monaco-tribune.com\\\/wp-content\\\/uploads\\\/2020\\\/12\\\/vue-aerienne-aeroport-nice-min.jpg\",\"width\":1400,\"height\":933,\"caption\":\"Aeroporto di Nizza-Costa Azzurra\"},{\"@type\":\"BreadcrumbList\",\"@id\":\"https:\\\/\\\/www.monaco-tribune.com\\\/it\\\/2020\\\/12\\\/aeroporto-di-nizza-a-dicembre-si-torna-a-viaggiare\\\/#breadcrumb\",\"itemListElement\":[{\"@type\":\"ListItem\",\"position\":1,\"name\":\"Accueil\",\"item\":\"https:\\\/\\\/www.monaco-tribune.com\\\/it\\\/\"},{\"@type\":\"ListItem\",\"position\":2,\"name\":\"Aeroporto di Nizza: a dicembre si torna a viaggiare\"}]},{\"@type\":\"WebSite\",\"@id\":\"https:\\\/\\\/www.monaco-tribune.com\\\/it\\\/#website\",\"url\":\"https:\\\/\\\/www.monaco-tribune.com\\\/it\\\/\",\"name\":\"Monaco Tribune\",\"description\":\"Monaco : actualit\u00e9s \u00e9conomiques, politiques, culturelles et sportives de Monaco et de la French Riviera.\",\"publisher\":{\"@id\":\"https:\\\/\\\/www.monaco-tribune.com\\\/it\\\/#organization\"},\"potentialAction\":[{\"@type\":\"SearchAction\",\"target\":{\"@type\":\"EntryPoint\",\"urlTemplate\":\"https:\\\/\\\/www.monaco-tribune.com\\\/it\\\/?s={search_term_string}\"},\"query-input\":{\"@type\":\"PropertyValueSpecification\",\"valueRequired\":true,\"valueName\":\"search_term_string\"}}],\"inLanguage\":\"it-IT\"},{\"@type\":\"Organization\",\"@id\":\"https:\\\/\\\/www.monaco-tribune.com\\\/it\\\/#organization\",\"name\":\"Monaco Tribune\",\"url\":\"https:\\\/\\\/www.monaco-tribune.com\\\/it\\\/\",\"logo\":{\"@type\":\"ImageObject\",\"inLanguage\":\"it-IT\",\"@id\":\"https:\\\/\\\/www.monaco-tribune.com\\\/it\\\/#\\\/schema\\\/logo\\\/image\\\/\",\"url\":\"https:\\\/\\\/www.monaco-tribune.com\\\/wp-content\\\/uploads\\\/2022\\\/11\\\/logo-monaco-tribune.png\",\"contentUrl\":\"https:\\\/\\\/www.monaco-tribune.com\\\/wp-content\\\/uploads\\\/2022\\\/11\\\/logo-monaco-tribune.png\",\"width\":1548,\"height\":600,\"caption\":\"Monaco Tribune\"},\"image\":{\"@id\":\"https:\\\/\\\/www.monaco-tribune.com\\\/it\\\/#\\\/schema\\\/logo\\\/image\\\/\"},\"sameAs\":[\"https:\\\/\\\/www.facebook.com\\\/MonacoTribune\",\"https:\\\/\\\/x.com\\\/MonacoTribune\",\"https:\\\/\\\/www.instagram.com\\\/monacotribune\\\/\",\"https:\\\/\\\/www.linkedin.com\\\/company\\\/monaco-tribune\",\"https:\\\/\\\/www.youtube.com\\\/channel\\\/UCHle1MnG6hw1y4lWKijVbMA\"]},{\"@type\":\"Person\",\"@id\":\"https:\\\/\\\/www.monaco-tribune.com\\\/it\\\/#\\\/schema\\\/person\\\/5b18add85fa272c0fa24f32c6d1302e1\",\"name\":\"Marjorie Modi\",\"image\":{\"@type\":\"ImageObject\",\"inLanguage\":\"it-IT\",\"@id\":\"https:\\\/\\\/secure.gravatar.com\\\/avatar\\\/ca5506f0a36bb5f3a7a88da16cc9bf1a2eccaa24c9f121a4312c9d903e503815?s=96&d=mm&r=g\",\"url\":\"https:\\\/\\\/secure.gravatar.com\\\/avatar\\\/ca5506f0a36bb5f3a7a88da16cc9bf1a2eccaa24c9f121a4312c9d903e503815?s=96&d=mm&r=g\",\"contentUrl\":\"https:\\\/\\\/secure.gravatar.com\\\/avatar\\\/ca5506f0a36bb5f3a7a88da16cc9bf1a2eccaa24c9f121a4312c9d903e503815?s=96&d=mm&r=g\",\"caption\":\"Marjorie Modi\"},\"url\":\"https:\\\/\\\/www.monaco-tribune.com\\\/it\\\/author\\\/marjoriemodi\\\/\"}]}<\/script>\n<!-- \/ Yoast SEO Premium plugin. -->","yoast_head_json":{"title":"Aeroporto di Nizza: a dicembre si torna a viaggiare","description":"Le vacanze di Natale e il leggero allentamento delle restrizioni, fanno prevedere una ripartenza per il traffico aereo nel mese di dicembre. Rivediamo","robots":{"index":"index","follow":"follow","max-snippet":"max-snippet:-1","max-image-preview":"max-image-preview:large","max-video-preview":"max-video-preview:-1"},"canonical":"https:\/\/www.monaco-tribune.com\/it\/2020\/12\/aeroporto-di-nizza-a-dicembre-si-torna-a-viaggiare\/","og_locale":"it_IT","og_type":"article","og_title":"Aeroporto di Nizza: a dicembre si torna a viaggiare - Monaco Tribune","og_description":"Le vacanze di Natale e il leggero allentamento delle restrizioni, fanno prevedere una ripartenza per il traffico aereo nel mese di dicembre. Rivediamo","og_url":"https:\/\/www.monaco-tribune.com\/it\/2020\/12\/aeroporto-di-nizza-a-dicembre-si-torna-a-viaggiare\/","og_site_name":"Monaco Tribune","article_publisher":"https:\/\/www.facebook.com\/MonacoTribune","article_published_time":"2020-12-04T17:10:18+00:00","article_modified_time":"2020-12-04T17:12:13+00:00","og_image":[{"width":1400,"height":933,"url":"https:\/\/www.monaco-tribune.com\/wp-content\/uploads\/2020\/12\/vue-aerienne-aeroport-nice-min.jpg","type":"image\/jpeg"}],"author":"Marjorie Modi","twitter_card":"summary_large_image","twitter_creator":"@MonacoTribune","twitter_site":"@MonacoTribune","schema":{"@context":"https:\/\/schema.org","@graph":[{"@type":"NewsArticle","@id":"https:\/\/www.monaco-tribune.com\/it\/2020\/12\/aeroporto-di-nizza-a-dicembre-si-torna-a-viaggiare\/#article","isPartOf":{"@id":"https:\/\/www.monaco-tribune.com\/it\/2020\/12\/aeroporto-di-nizza-a-dicembre-si-torna-a-viaggiare\/"},"author":{"name":"Marjorie Modi","@id":"https:\/\/www.monaco-tribune.com\/it\/#\/schema\/person\/5b18add85fa272c0fa24f32c6d1302e1"},"headline":"Aeroporto di Nizza: a dicembre si torna a viaggiare","datePublished":"2020-12-04T17:10:18+00:00","dateModified":"2020-12-04T17:12:13+00:00","mainEntityOfPage":{"@id":"https:\/\/www.monaco-tribune.com\/it\/2020\/12\/aeroporto-di-nizza-a-dicembre-si-torna-a-viaggiare\/"},"wordCount":262,"publisher":{"@id":"https:\/\/www.monaco-tribune.com\/it\/#organization"},"image":{"@id":"https:\/\/www.monaco-tribune.com\/it\/2020\/12\/aeroporto-di-nizza-a-dicembre-si-torna-a-viaggiare\/#primaryimage"},"thumbnailUrl":"https:\/\/www.monaco-tribune.com\/wp-content\/uploads\/2020\/12\/vue-aerienne-aeroport-nice-min.jpg","keywords":["Aeroporto di Nizza"],"articleSection":["Notizie","Societ\u00e0"],"inLanguage":"it-IT","copyrightYear":"2020","copyrightHolder":{"@id":"https:\/\/www.monaco-tribune.com\/#organization"}},{"@type":"WebPage","@id":"https:\/\/www.monaco-tribune.com\/it\/2020\/12\/aeroporto-di-nizza-a-dicembre-si-torna-a-viaggiare\/","url":"https:\/\/www.monaco-tribune.com\/it\/2020\/12\/aeroporto-di-nizza-a-dicembre-si-torna-a-viaggiare\/","name":"Aeroporto di Nizza: a dicembre si torna a viaggiare","isPartOf":{"@id":"https:\/\/www.monaco-tribune.com\/it\/#website"},"primaryImageOfPage":{"@id":"https:\/\/www.monaco-tribune.com\/it\/2020\/12\/aeroporto-di-nizza-a-dicembre-si-torna-a-viaggiare\/#primaryimage"},"image":{"@id":"https:\/\/www.monaco-tribune.com\/it\/2020\/12\/aeroporto-di-nizza-a-dicembre-si-torna-a-viaggiare\/#primaryimage"},"thumbnailUrl":"https:\/\/www.monaco-tribune.com\/wp-content\/uploads\/2020\/12\/vue-aerienne-aeroport-nice-min.jpg","datePublished":"2020-12-04T17:10:18+00:00","dateModified":"2020-12-04T17:12:13+00:00","description":"Le vacanze di Natale e il leggero allentamento delle restrizioni, fanno prevedere una ripartenza per il traffico aereo nel mese di dicembre. Rivediamo","breadcrumb":{"@id":"https:\/\/www.monaco-tribune.com\/it\/2020\/12\/aeroporto-di-nizza-a-dicembre-si-torna-a-viaggiare\/#breadcrumb"},"inLanguage":"it-IT","potentialAction":[{"@type":"ReadAction","target":["https:\/\/www.monaco-tribune.com\/it\/2020\/12\/aeroporto-di-nizza-a-dicembre-si-torna-a-viaggiare\/"]}]},{"@type":"ImageObject","inLanguage":"it-IT","@id":"https:\/\/www.monaco-tribune.com\/it\/2020\/12\/aeroporto-di-nizza-a-dicembre-si-torna-a-viaggiare\/#primaryimage","url":"https:\/\/www.monaco-tribune.com\/wp-content\/uploads\/2020\/12\/vue-aerienne-aeroport-nice-min.jpg","contentUrl":"https:\/\/www.monaco-tribune.com\/wp-content\/uploads\/2020\/12\/vue-aerienne-aeroport-nice-min.jpg","width":1400,"height":933,"caption":"Aeroporto di Nizza-Costa Azzurra"},{"@type":"BreadcrumbList","@id":"https:\/\/www.monaco-tribune.com\/it\/2020\/12\/aeroporto-di-nizza-a-dicembre-si-torna-a-viaggiare\/#breadcrumb","itemListElement":[{"@type":"ListItem","position":1,"name":"Accueil","item":"https:\/\/www.monaco-tribune.com\/it\/"},{"@type":"ListItem","position":2,"name":"Aeroporto di Nizza: a dicembre si torna a viaggiare"}]},{"@type":"WebSite","@id":"https:\/\/www.monaco-tribune.com\/it\/#website","url":"https:\/\/www.monaco-tribune.com\/it\/","name":"Monaco Tribune","description":"Monaco : actualit\u00e9s \u00e9conomiques, politiques, culturelles et sportives de Monaco et de la French Riviera.","publisher":{"@id":"https:\/\/www.monaco-tribune.com\/it\/#organization"},"potentialAction":[{"@type":"SearchAction","target":{"@type":"EntryPoint","urlTemplate":"https:\/\/www.monaco-tribune.com\/it\/?s={search_term_string}"},"query-input":{"@type":"PropertyValueSpecification","valueRequired":true,"valueName":"search_term_string"}}],"inLanguage":"it-IT"},{"@type":"Organization","@id":"https:\/\/www.monaco-tribune.com\/it\/#organization","name":"Monaco Tribune","url":"https:\/\/www.monaco-tribune.com\/it\/","logo":{"@type":"ImageObject","inLanguage":"it-IT","@id":"https:\/\/www.monaco-tribune.com\/it\/#\/schema\/logo\/image\/","url":"https:\/\/www.monaco-tribune.com\/wp-content\/uploads\/2022\/11\/logo-monaco-tribune.png","contentUrl":"https:\/\/www.monaco-tribune.com\/wp-content\/uploads\/2022\/11\/logo-monaco-tribune.png","width":1548,"height":600,"caption":"Monaco Tribune"},"image":{"@id":"https:\/\/www.monaco-tribune.com\/it\/#\/schema\/logo\/image\/"},"sameAs":["https:\/\/www.facebook.com\/MonacoTribune","https:\/\/x.com\/MonacoTribune","https:\/\/www.instagram.com\/monacotribune\/","https:\/\/www.linkedin.com\/company\/monaco-tribune","https:\/\/www.youtube.com\/channel\/UCHle1MnG6hw1y4lWKijVbMA"]},{"@type":"Person","@id":"https:\/\/www.monaco-tribune.com\/it\/#\/schema\/person\/5b18add85fa272c0fa24f32c6d1302e1","name":"Marjorie Modi","image":{"@type":"ImageObject","inLanguage":"it-IT","@id":"https:\/\/secure.gravatar.com\/avatar\/ca5506f0a36bb5f3a7a88da16cc9bf1a2eccaa24c9f121a4312c9d903e503815?s=96&d=mm&r=g","url":"https:\/\/secure.gravatar.com\/avatar\/ca5506f0a36bb5f3a7a88da16cc9bf1a2eccaa24c9f121a4312c9d903e503815?s=96&d=mm&r=g","contentUrl":"https:\/\/secure.gravatar.com\/avatar\/ca5506f0a36bb5f3a7a88da16cc9bf1a2eccaa24c9f121a4312c9d903e503815?s=96&d=mm&r=g","caption":"Marjorie Modi"},"url":"https:\/\/www.monaco-tribune.com\/it\/author\/marjoriemodi\/"}]}},"_links":{"self":[{"href":"https:\/\/www.monaco-tribune.com\/it\/wp-json\/wp\/v2\/posts\/56709","targetHints":{"allow":["GET"]}}],"collection":[{"href":"https:\/\/www.monaco-tribune.com\/it\/wp-json\/wp\/v2\/posts"}],"about":[{"href":"https:\/\/www.monaco-tribune.com\/it\/wp-json\/wp\/v2\/types\/post"}],"author":[{"embeddable":true,"href":"https:\/\/www.monaco-tribune.com\/it\/wp-json\/wp\/v2\/users\/42"}],"replies":[{"embeddable":true,"href":"https:\/\/www.monaco-tribune.com\/it\/wp-json\/wp\/v2\/comments?post=56709"}],"version-history":[{"count":0,"href":"https:\/\/www.monaco-tribune.com\/it\/wp-json\/wp\/v2\/posts\/56709\/revisions"}],"wp:featuredmedia":[{"embeddable":true,"href":"https:\/\/www.monaco-tribune.com\/it\/wp-json\/wp\/v2\/media\/56471"}],"wp:attachment":[{"href":"https:\/\/www.monaco-tribune.com\/it\/wp-json\/wp\/v2\/media?parent=56709"}],"wp:term":[{"taxonomy":"category","embeddable":true,"href":"https:\/\/www.monaco-tribune.com\/it\/wp-json\/wp\/v2\/categories?post=56709"},{"taxonomy":"post_tag","embeddable":true,"href":"https:\/\/www.monaco-tribune.com\/it\/wp-json\/wp\/v2\/tags?post=56709"},{"taxonomy":"sectag","embeddable":true,"href":"https:\/\/www.monaco-tribune.com\/it\/wp-json\/wp\/v2\/post_sectags?post=56709"},{"taxonomy":"format","embeddable":true,"href":"https:\/\/www.monaco-tribune.com\/it\/wp-json\/wp\/v2\/post_format?post=56709"}],"curies":[{"name":"wp","href":"https:\/\/api.w.org\/{rel}","templated":true}]}}