{"id":57808,"date":"2020-12-11T10:54:15","date_gmt":"2020-12-11T09:54:15","guid":{"rendered":"https:\/\/www.monaco-tribune.com\/2020\/12\/venturi-racing-acquistata-da-un-gruppo-di-investitori-americano\/"},"modified":"2020-12-11T11:09:52","modified_gmt":"2020-12-11T10:09:52","slug":"venturi-racing-acquistata-da-un-gruppo-di-investitori-americano","status":"publish","type":"post","link":"https:\/\/www.monaco-tribune.com\/it\/2020\/12\/venturi-racing-acquistata-da-un-gruppo-di-investitori-americano\/","title":{"rendered":"Venturi Racing acquistata da un gruppo di investitori americano"},"content":{"rendered":"\n<p><strong>\u00c8 ufficiale! Mercoled\u00ec, un gruppo di investitori americano, guidato da Scott Swid e Jos\u00e9 Maria Aznar Botella, ha acquistato la scuderia monegasca di Formula E. Il nome Venturi Racing non cambier\u00e0, Susie Wolff rester\u00e0 il team <em>principal<\/em> e Gildo Pastor continuer\u00e0 a ricoprire il suo ruolo.<\/strong><\/p>\n\n<p>Scuderia monegasca della Formula E, la Venturi Racing si prepara per il cambio di testimone. Anche se Susie Wolff e il fondatore Gildo Pastor manterranno il loro ruolo, un gruppo di investitori che arriva dritto dagli Stati Uniti, guidato dal duo Scott Swid e Jos\u00e9 Maria Aznar Botella, si appresta ad acquistare la scuderia.<\/p>\n\n<h2 class=\"wp-block-heading\" id=\"h-norman-nato-et-edoardo-mortara-confirm-s-sur-la-grille\">Norman Nato ed Edoardo Mortara confermati sulla griglia di partenza<\/h2>\n\n<p>&#8220;Inizialmente volevamo investire nella Formula 1&#8221;, ha raccontato Scott Swid. &#8220;Ma Jos\u00e9 [Maria Aznar Botella, suo socio] crede nel potenziale della Formula E e mi ha presentato Susie [Wolff]. Fin dal primo incontro, mi sono accorto dell&#8217;opportunit\u00e0 rappresentata dallo sport e dalla squadra. Investire su di loro ed essere coinvolto in una disciplina che promuove la sostenibilit\u00e0 a livello mondiale e la mobilit\u00e0 elettrica \u00e8 un grande vantaggio&#8221;.<\/p>\n\n<p><strong>&gt;&gt; LEGGI ANCHE: <\/strong><a href=\"https:\/\/www.monaco-tribune.com\/it\/2020\/05\/norman-nato-rebellion-racing-il-mio-futuro-e-sicuramente-lendurance\/\">Norman Nato (Rebellion Racing): \u201cIl mio futuro, \u00e8 sicuramente l\u2019Endurance\u201d<\/a><\/p>\n\n<p>La sede della Venturi rester\u00e0 a Monaco, con Norman Nato ed Edoardo Mortara come rappresentanti della scuderia in pista. &#8220;Ci sono diverse cose che ci rendono unici. Siamo la sola squadra sportiva internazionale gestita e, in parte detenuta, da una donna. Siamo anche la squadra con la pi\u00f9 alta diversit\u00e0 di genere sulla griglia e la sola scuderia monegasca. Venturi Racing \u00e8 decisamente unica&#8221;.<\/p>\n\n<p>.<\/p>\n","protected":false},"excerpt":{"rendered":"<p>\u00c8 ufficiale! Mercoled\u00ec, un gruppo di investitori americano, guidato da Scott Swid e Jos\u00e9 Maria Aznar Botella, ha acquistato la [&hellip;]<\/p>\n","protected":false},"author":24,"featured_media":57622,"comment_status":"closed","ping_status":"closed","sticky":false,"template":"","format":"standard","meta":{"_acf_changed":false,"footnotes":""},"categories":[1739,1738],"tags":[3503],"post_sectags":[],"post_format":[2478],"class_list":["post-57808","post","type-post","status-publish","format-standard","has-post-thumbnail","hentry","category-business-it","category-notizie","tag-auto-moto-it","format-notizia"],"acf":[],"yoast_head":"<!-- This site is optimized with the Yoast SEO Premium plugin v26.8 (Yoast SEO v27.5) - https:\/\/yoast.com\/product\/yoast-seo-premium-wordpress\/ -->\n<title>Venturi Racing acquistata da un gruppo di investitori americano<\/title>\n<meta name=\"description\" content=\"\u00c8 ufficiale! Mercoled\u00ec, un gruppo di investitori americano, guidato da Scott Swid e Jos\u00e9 Maria Aznar Botella, ha acquistato la scuderia monegasca di\" \/>\n<meta name=\"robots\" content=\"index, follow, max-snippet:-1, max-image-preview:large, max-video-preview:-1\" \/>\n<link rel=\"canonical\" href=\"https:\/\/www.monaco-tribune.com\/it\/2020\/12\/venturi-racing-acquistata-da-un-gruppo-di-investitori-americano\/\" \/>\n<meta property=\"og:locale\" content=\"it_IT\" \/>\n<meta property=\"og:type\" content=\"article\" \/>\n<meta property=\"og:title\" content=\"Venturi Racing acquistata da un gruppo di investitori americano - Monaco Tribune\" \/>\n<meta property=\"og:description\" content=\"\u00c8 ufficiale! Mercoled\u00ec, un gruppo di investitori americano, guidato da Scott Swid e Jos\u00e9 Maria Aznar Botella, ha acquistato la scuderia monegasca di\" \/>\n<meta property=\"og:url\" content=\"https:\/\/www.monaco-tribune.com\/it\/2020\/12\/venturi-racing-acquistata-da-un-gruppo-di-investitori-americano\/\" \/>\n<meta property=\"og:site_name\" content=\"Monaco Tribune\" \/>\n<meta property=\"article:publisher\" content=\"https:\/\/www.facebook.com\/MonacoTribune\" \/>\n<meta property=\"article:published_time\" content=\"2020-12-11T09:54:15+00:00\" \/>\n<meta property=\"article:modified_time\" content=\"2020-12-11T10:09:52+00:00\" \/>\n<meta property=\"og:image\" content=\"https:\/\/www.monaco-tribune.com\/wp-content\/uploads\/2020\/12\/venturi-racing-rachat-fonds-investissement-americain.jpeg\" \/>\n\t<meta property=\"og:image:width\" content=\"1024\" \/>\n\t<meta property=\"og:image:height\" content=\"683\" \/>\n\t<meta property=\"og:image:type\" content=\"image\/jpeg\" \/>\n<meta name=\"author\" content=\"Romain Boisaubert\" \/>\n<meta name=\"twitter:card\" content=\"summary_large_image\" \/>\n<meta name=\"twitter:creator\" content=\"@MonacoTribune\" \/>\n<meta name=\"twitter:site\" content=\"@MonacoTribune\" \/>\n<script type=\"application\/ld+json\" class=\"yoast-schema-graph\">{\"@context\":\"https:\\\/\\\/schema.org\",\"@graph\":[{\"@type\":\"NewsArticle\",\"@id\":\"https:\\\/\\\/www.monaco-tribune.com\\\/it\\\/2020\\\/12\\\/venturi-racing-acquistata-da-un-gruppo-di-investitori-americano\\\/#article\",\"isPartOf\":{\"@id\":\"https:\\\/\\\/www.monaco-tribune.com\\\/it\\\/2020\\\/12\\\/venturi-racing-acquistata-da-un-gruppo-di-investitori-americano\\\/\"},\"author\":{\"name\":\"Romain Boisaubert\",\"@id\":\"https:\\\/\\\/www.monaco-tribune.com\\\/it\\\/#\\\/schema\\\/person\\\/330a3732947cf8cb41b2533a0eadd62e\"},\"headline\":\"Venturi Racing acquistata da un gruppo di investitori americano\",\"datePublished\":\"2020-12-11T09:54:15+00:00\",\"dateModified\":\"2020-12-11T10:09:52+00:00\",\"mainEntityOfPage\":{\"@id\":\"https:\\\/\\\/www.monaco-tribune.com\\\/it\\\/2020\\\/12\\\/venturi-racing-acquistata-da-un-gruppo-di-investitori-americano\\\/\"},\"wordCount\":262,\"publisher\":{\"@id\":\"https:\\\/\\\/www.monaco-tribune.com\\\/it\\\/#organization\"},\"image\":{\"@id\":\"https:\\\/\\\/www.monaco-tribune.com\\\/it\\\/2020\\\/12\\\/venturi-racing-acquistata-da-un-gruppo-di-investitori-americano\\\/#primaryimage\"},\"thumbnailUrl\":\"https:\\\/\\\/www.monaco-tribune.com\\\/wp-content\\\/uploads\\\/2020\\\/12\\\/venturi-racing-rachat-fonds-investissement-americain.jpeg\",\"keywords\":[\"Auto-moto\"],\"articleSection\":[\"Business\",\"Notizie\"],\"inLanguage\":\"it-IT\",\"copyrightYear\":\"2020\",\"copyrightHolder\":{\"@id\":\"https:\\\/\\\/www.monaco-tribune.com\\\/#organization\"}},{\"@type\":\"WebPage\",\"@id\":\"https:\\\/\\\/www.monaco-tribune.com\\\/it\\\/2020\\\/12\\\/venturi-racing-acquistata-da-un-gruppo-di-investitori-americano\\\/\",\"url\":\"https:\\\/\\\/www.monaco-tribune.com\\\/it\\\/2020\\\/12\\\/venturi-racing-acquistata-da-un-gruppo-di-investitori-americano\\\/\",\"name\":\"Venturi Racing acquistata da un gruppo di investitori americano\",\"isPartOf\":{\"@id\":\"https:\\\/\\\/www.monaco-tribune.com\\\/it\\\/#website\"},\"primaryImageOfPage\":{\"@id\":\"https:\\\/\\\/www.monaco-tribune.com\\\/it\\\/2020\\\/12\\\/venturi-racing-acquistata-da-un-gruppo-di-investitori-americano\\\/#primaryimage\"},\"image\":{\"@id\":\"https:\\\/\\\/www.monaco-tribune.com\\\/it\\\/2020\\\/12\\\/venturi-racing-acquistata-da-un-gruppo-di-investitori-americano\\\/#primaryimage\"},\"thumbnailUrl\":\"https:\\\/\\\/www.monaco-tribune.com\\\/wp-content\\\/uploads\\\/2020\\\/12\\\/venturi-racing-rachat-fonds-investissement-americain.jpeg\",\"datePublished\":\"2020-12-11T09:54:15+00:00\",\"dateModified\":\"2020-12-11T10:09:52+00:00\",\"description\":\"\u00c8 ufficiale! Mercoled\u00ec, un gruppo di investitori americano, guidato da Scott Swid e Jos\u00e9 Maria Aznar Botella, ha acquistato la scuderia monegasca di\",\"breadcrumb\":{\"@id\":\"https:\\\/\\\/www.monaco-tribune.com\\\/it\\\/2020\\\/12\\\/venturi-racing-acquistata-da-un-gruppo-di-investitori-americano\\\/#breadcrumb\"},\"inLanguage\":\"it-IT\",\"potentialAction\":[{\"@type\":\"ReadAction\",\"target\":[\"https:\\\/\\\/www.monaco-tribune.com\\\/it\\\/2020\\\/12\\\/venturi-racing-acquistata-da-un-gruppo-di-investitori-americano\\\/\"]}]},{\"@type\":\"ImageObject\",\"inLanguage\":\"it-IT\",\"@id\":\"https:\\\/\\\/www.monaco-tribune.com\\\/it\\\/2020\\\/12\\\/venturi-racing-acquistata-da-un-gruppo-di-investitori-americano\\\/#primaryimage\",\"url\":\"https:\\\/\\\/www.monaco-tribune.com\\\/wp-content\\\/uploads\\\/2020\\\/12\\\/venturi-racing-rachat-fonds-investissement-americain.jpeg\",\"contentUrl\":\"https:\\\/\\\/www.monaco-tribune.com\\\/wp-content\\\/uploads\\\/2020\\\/12\\\/venturi-racing-rachat-fonds-investissement-americain.jpeg\",\"width\":1024,\"height\":683,\"caption\":\"Venturi Racing\"},{\"@type\":\"BreadcrumbList\",\"@id\":\"https:\\\/\\\/www.monaco-tribune.com\\\/it\\\/2020\\\/12\\\/venturi-racing-acquistata-da-un-gruppo-di-investitori-americano\\\/#breadcrumb\",\"itemListElement\":[{\"@type\":\"ListItem\",\"position\":1,\"name\":\"Accueil\",\"item\":\"https:\\\/\\\/www.monaco-tribune.com\\\/it\\\/\"},{\"@type\":\"ListItem\",\"position\":2,\"name\":\"Venturi Racing acquistata da un gruppo di investitori americano\"}]},{\"@type\":\"WebSite\",\"@id\":\"https:\\\/\\\/www.monaco-tribune.com\\\/it\\\/#website\",\"url\":\"https:\\\/\\\/www.monaco-tribune.com\\\/it\\\/\",\"name\":\"Monaco Tribune\",\"description\":\"Monaco : actualit\u00e9s \u00e9conomiques, politiques, culturelles et sportives de Monaco et de la French Riviera.\",\"publisher\":{\"@id\":\"https:\\\/\\\/www.monaco-tribune.com\\\/it\\\/#organization\"},\"potentialAction\":[{\"@type\":\"SearchAction\",\"target\":{\"@type\":\"EntryPoint\",\"urlTemplate\":\"https:\\\/\\\/www.monaco-tribune.com\\\/it\\\/?s={search_term_string}\"},\"query-input\":{\"@type\":\"PropertyValueSpecification\",\"valueRequired\":true,\"valueName\":\"search_term_string\"}}],\"inLanguage\":\"it-IT\"},{\"@type\":\"Organization\",\"@id\":\"https:\\\/\\\/www.monaco-tribune.com\\\/it\\\/#organization\",\"name\":\"Monaco Tribune\",\"url\":\"https:\\\/\\\/www.monaco-tribune.com\\\/it\\\/\",\"logo\":{\"@type\":\"ImageObject\",\"inLanguage\":\"it-IT\",\"@id\":\"https:\\\/\\\/www.monaco-tribune.com\\\/it\\\/#\\\/schema\\\/logo\\\/image\\\/\",\"url\":\"https:\\\/\\\/www.monaco-tribune.com\\\/wp-content\\\/uploads\\\/2022\\\/11\\\/logo-monaco-tribune.png\",\"contentUrl\":\"https:\\\/\\\/www.monaco-tribune.com\\\/wp-content\\\/uploads\\\/2022\\\/11\\\/logo-monaco-tribune.png\",\"width\":1548,\"height\":600,\"caption\":\"Monaco Tribune\"},\"image\":{\"@id\":\"https:\\\/\\\/www.monaco-tribune.com\\\/it\\\/#\\\/schema\\\/logo\\\/image\\\/\"},\"sameAs\":[\"https:\\\/\\\/www.facebook.com\\\/MonacoTribune\",\"https:\\\/\\\/x.com\\\/MonacoTribune\",\"https:\\\/\\\/www.instagram.com\\\/monacotribune\\\/\",\"https:\\\/\\\/www.linkedin.com\\\/company\\\/monaco-tribune\",\"https:\\\/\\\/www.youtube.com\\\/channel\\\/UCHle1MnG6hw1y4lWKijVbMA\"]},{\"@type\":\"Person\",\"@id\":\"https:\\\/\\\/www.monaco-tribune.com\\\/it\\\/#\\\/schema\\\/person\\\/330a3732947cf8cb41b2533a0eadd62e\",\"name\":\"Romain Boisaubert\",\"image\":{\"@type\":\"ImageObject\",\"inLanguage\":\"it-IT\",\"@id\":\"https:\\\/\\\/secure.gravatar.com\\\/avatar\\\/f8b90d41f1eabd1cbe4cf59e09d8db41a697d51919bf2dfe727589a24a4a4d54?s=96&d=mm&r=g\",\"url\":\"https:\\\/\\\/secure.gravatar.com\\\/avatar\\\/f8b90d41f1eabd1cbe4cf59e09d8db41a697d51919bf2dfe727589a24a4a4d54?s=96&d=mm&r=g\",\"contentUrl\":\"https:\\\/\\\/secure.gravatar.com\\\/avatar\\\/f8b90d41f1eabd1cbe4cf59e09d8db41a697d51919bf2dfe727589a24a4a4d54?s=96&d=mm&r=g\",\"caption\":\"Romain Boisaubert\"},\"description\":\"Test bio\",\"url\":\"https:\\\/\\\/www.monaco-tribune.com\\\/it\\\/author\\\/romain-boisaubert\\\/\"}]}<\/script>\n<!-- \/ Yoast SEO Premium plugin. -->","yoast_head_json":{"title":"Venturi Racing acquistata da un gruppo di investitori americano","description":"\u00c8 ufficiale! Mercoled\u00ec, un gruppo di investitori americano, guidato da Scott Swid e Jos\u00e9 Maria Aznar Botella, ha acquistato la scuderia monegasca di","robots":{"index":"index","follow":"follow","max-snippet":"max-snippet:-1","max-image-preview":"max-image-preview:large","max-video-preview":"max-video-preview:-1"},"canonical":"https:\/\/www.monaco-tribune.com\/it\/2020\/12\/venturi-racing-acquistata-da-un-gruppo-di-investitori-americano\/","og_locale":"it_IT","og_type":"article","og_title":"Venturi Racing acquistata da un gruppo di investitori americano - Monaco Tribune","og_description":"\u00c8 ufficiale! Mercoled\u00ec, un gruppo di investitori americano, guidato da Scott Swid e Jos\u00e9 Maria Aznar Botella, ha acquistato la scuderia monegasca di","og_url":"https:\/\/www.monaco-tribune.com\/it\/2020\/12\/venturi-racing-acquistata-da-un-gruppo-di-investitori-americano\/","og_site_name":"Monaco Tribune","article_publisher":"https:\/\/www.facebook.com\/MonacoTribune","article_published_time":"2020-12-11T09:54:15+00:00","article_modified_time":"2020-12-11T10:09:52+00:00","og_image":[{"width":1024,"height":683,"url":"https:\/\/www.monaco-tribune.com\/wp-content\/uploads\/2020\/12\/venturi-racing-rachat-fonds-investissement-americain.jpeg","type":"image\/jpeg"}],"author":"Romain Boisaubert","twitter_card":"summary_large_image","twitter_creator":"@MonacoTribune","twitter_site":"@MonacoTribune","schema":{"@context":"https:\/\/schema.org","@graph":[{"@type":"NewsArticle","@id":"https:\/\/www.monaco-tribune.com\/it\/2020\/12\/venturi-racing-acquistata-da-un-gruppo-di-investitori-americano\/#article","isPartOf":{"@id":"https:\/\/www.monaco-tribune.com\/it\/2020\/12\/venturi-racing-acquistata-da-un-gruppo-di-investitori-americano\/"},"author":{"name":"Romain Boisaubert","@id":"https:\/\/www.monaco-tribune.com\/it\/#\/schema\/person\/330a3732947cf8cb41b2533a0eadd62e"},"headline":"Venturi Racing acquistata da un gruppo di investitori americano","datePublished":"2020-12-11T09:54:15+00:00","dateModified":"2020-12-11T10:09:52+00:00","mainEntityOfPage":{"@id":"https:\/\/www.monaco-tribune.com\/it\/2020\/12\/venturi-racing-acquistata-da-un-gruppo-di-investitori-americano\/"},"wordCount":262,"publisher":{"@id":"https:\/\/www.monaco-tribune.com\/it\/#organization"},"image":{"@id":"https:\/\/www.monaco-tribune.com\/it\/2020\/12\/venturi-racing-acquistata-da-un-gruppo-di-investitori-americano\/#primaryimage"},"thumbnailUrl":"https:\/\/www.monaco-tribune.com\/wp-content\/uploads\/2020\/12\/venturi-racing-rachat-fonds-investissement-americain.jpeg","keywords":["Auto-moto"],"articleSection":["Business","Notizie"],"inLanguage":"it-IT","copyrightYear":"2020","copyrightHolder":{"@id":"https:\/\/www.monaco-tribune.com\/#organization"}},{"@type":"WebPage","@id":"https:\/\/www.monaco-tribune.com\/it\/2020\/12\/venturi-racing-acquistata-da-un-gruppo-di-investitori-americano\/","url":"https:\/\/www.monaco-tribune.com\/it\/2020\/12\/venturi-racing-acquistata-da-un-gruppo-di-investitori-americano\/","name":"Venturi Racing acquistata da un gruppo di investitori americano","isPartOf":{"@id":"https:\/\/www.monaco-tribune.com\/it\/#website"},"primaryImageOfPage":{"@id":"https:\/\/www.monaco-tribune.com\/it\/2020\/12\/venturi-racing-acquistata-da-un-gruppo-di-investitori-americano\/#primaryimage"},"image":{"@id":"https:\/\/www.monaco-tribune.com\/it\/2020\/12\/venturi-racing-acquistata-da-un-gruppo-di-investitori-americano\/#primaryimage"},"thumbnailUrl":"https:\/\/www.monaco-tribune.com\/wp-content\/uploads\/2020\/12\/venturi-racing-rachat-fonds-investissement-americain.jpeg","datePublished":"2020-12-11T09:54:15+00:00","dateModified":"2020-12-11T10:09:52+00:00","description":"\u00c8 ufficiale! Mercoled\u00ec, un gruppo di investitori americano, guidato da Scott Swid e Jos\u00e9 Maria Aznar Botella, ha acquistato la scuderia monegasca di","breadcrumb":{"@id":"https:\/\/www.monaco-tribune.com\/it\/2020\/12\/venturi-racing-acquistata-da-un-gruppo-di-investitori-americano\/#breadcrumb"},"inLanguage":"it-IT","potentialAction":[{"@type":"ReadAction","target":["https:\/\/www.monaco-tribune.com\/it\/2020\/12\/venturi-racing-acquistata-da-un-gruppo-di-investitori-americano\/"]}]},{"@type":"ImageObject","inLanguage":"it-IT","@id":"https:\/\/www.monaco-tribune.com\/it\/2020\/12\/venturi-racing-acquistata-da-un-gruppo-di-investitori-americano\/#primaryimage","url":"https:\/\/www.monaco-tribune.com\/wp-content\/uploads\/2020\/12\/venturi-racing-rachat-fonds-investissement-americain.jpeg","contentUrl":"https:\/\/www.monaco-tribune.com\/wp-content\/uploads\/2020\/12\/venturi-racing-rachat-fonds-investissement-americain.jpeg","width":1024,"height":683,"caption":"Venturi Racing"},{"@type":"BreadcrumbList","@id":"https:\/\/www.monaco-tribune.com\/it\/2020\/12\/venturi-racing-acquistata-da-un-gruppo-di-investitori-americano\/#breadcrumb","itemListElement":[{"@type":"ListItem","position":1,"name":"Accueil","item":"https:\/\/www.monaco-tribune.com\/it\/"},{"@type":"ListItem","position":2,"name":"Venturi Racing acquistata da un gruppo di investitori americano"}]},{"@type":"WebSite","@id":"https:\/\/www.monaco-tribune.com\/it\/#website","url":"https:\/\/www.monaco-tribune.com\/it\/","name":"Monaco Tribune","description":"Monaco : actualit\u00e9s \u00e9conomiques, politiques, culturelles et sportives de Monaco et de la French Riviera.","publisher":{"@id":"https:\/\/www.monaco-tribune.com\/it\/#organization"},"potentialAction":[{"@type":"SearchAction","target":{"@type":"EntryPoint","urlTemplate":"https:\/\/www.monaco-tribune.com\/it\/?s={search_term_string}"},"query-input":{"@type":"PropertyValueSpecification","valueRequired":true,"valueName":"search_term_string"}}],"inLanguage":"it-IT"},{"@type":"Organization","@id":"https:\/\/www.monaco-tribune.com\/it\/#organization","name":"Monaco Tribune","url":"https:\/\/www.monaco-tribune.com\/it\/","logo":{"@type":"ImageObject","inLanguage":"it-IT","@id":"https:\/\/www.monaco-tribune.com\/it\/#\/schema\/logo\/image\/","url":"https:\/\/www.monaco-tribune.com\/wp-content\/uploads\/2022\/11\/logo-monaco-tribune.png","contentUrl":"https:\/\/www.monaco-tribune.com\/wp-content\/uploads\/2022\/11\/logo-monaco-tribune.png","width":1548,"height":600,"caption":"Monaco Tribune"},"image":{"@id":"https:\/\/www.monaco-tribune.com\/it\/#\/schema\/logo\/image\/"},"sameAs":["https:\/\/www.facebook.com\/MonacoTribune","https:\/\/x.com\/MonacoTribune","https:\/\/www.instagram.com\/monacotribune\/","https:\/\/www.linkedin.com\/company\/monaco-tribune","https:\/\/www.youtube.com\/channel\/UCHle1MnG6hw1y4lWKijVbMA"]},{"@type":"Person","@id":"https:\/\/www.monaco-tribune.com\/it\/#\/schema\/person\/330a3732947cf8cb41b2533a0eadd62e","name":"Romain Boisaubert","image":{"@type":"ImageObject","inLanguage":"it-IT","@id":"https:\/\/secure.gravatar.com\/avatar\/f8b90d41f1eabd1cbe4cf59e09d8db41a697d51919bf2dfe727589a24a4a4d54?s=96&d=mm&r=g","url":"https:\/\/secure.gravatar.com\/avatar\/f8b90d41f1eabd1cbe4cf59e09d8db41a697d51919bf2dfe727589a24a4a4d54?s=96&d=mm&r=g","contentUrl":"https:\/\/secure.gravatar.com\/avatar\/f8b90d41f1eabd1cbe4cf59e09d8db41a697d51919bf2dfe727589a24a4a4d54?s=96&d=mm&r=g","caption":"Romain Boisaubert"},"description":"Test bio","url":"https:\/\/www.monaco-tribune.com\/it\/author\/romain-boisaubert\/"}]}},"_links":{"self":[{"href":"https:\/\/www.monaco-tribune.com\/it\/wp-json\/wp\/v2\/posts\/57808","targetHints":{"allow":["GET"]}}],"collection":[{"href":"https:\/\/www.monaco-tribune.com\/it\/wp-json\/wp\/v2\/posts"}],"about":[{"href":"https:\/\/www.monaco-tribune.com\/it\/wp-json\/wp\/v2\/types\/post"}],"author":[{"embeddable":true,"href":"https:\/\/www.monaco-tribune.com\/it\/wp-json\/wp\/v2\/users\/24"}],"replies":[{"embeddable":true,"href":"https:\/\/www.monaco-tribune.com\/it\/wp-json\/wp\/v2\/comments?post=57808"}],"version-history":[{"count":0,"href":"https:\/\/www.monaco-tribune.com\/it\/wp-json\/wp\/v2\/posts\/57808\/revisions"}],"wp:featuredmedia":[{"embeddable":true,"href":"https:\/\/www.monaco-tribune.com\/it\/wp-json\/wp\/v2\/media\/57622"}],"wp:attachment":[{"href":"https:\/\/www.monaco-tribune.com\/it\/wp-json\/wp\/v2\/media?parent=57808"}],"wp:term":[{"taxonomy":"category","embeddable":true,"href":"https:\/\/www.monaco-tribune.com\/it\/wp-json\/wp\/v2\/categories?post=57808"},{"taxonomy":"post_tag","embeddable":true,"href":"https:\/\/www.monaco-tribune.com\/it\/wp-json\/wp\/v2\/tags?post=57808"},{"taxonomy":"sectag","embeddable":true,"href":"https:\/\/www.monaco-tribune.com\/it\/wp-json\/wp\/v2\/post_sectags?post=57808"},{"taxonomy":"format","embeddable":true,"href":"https:\/\/www.monaco-tribune.com\/it\/wp-json\/wp\/v2\/post_format?post=57808"}],"curies":[{"name":"wp","href":"https:\/\/api.w.org\/{rel}","templated":true}]}}