{"id":59659,"date":"2020-12-20T20:41:38","date_gmt":"2020-12-20T19:41:38","guid":{"rendered":"https:\/\/www.monaco-tribune.com\/2020\/12\/chi-e-mauro-colagreco-chef-stellato-del-miglior-ristorante-al-mondo\/"},"modified":"2020-12-20T20:42:30","modified_gmt":"2020-12-20T19:42:30","slug":"chi-e-mauro-colagreco-chef-stellato-del-miglior-ristorante-al-mondo","status":"publish","type":"post","link":"https:\/\/www.monaco-tribune.com\/it\/2020\/12\/chi-e-mauro-colagreco-chef-stellato-del-miglior-ristorante-al-mondo\/","title":{"rendered":"Chi \u00e8 Mauro Colagreco, chef stellato del miglior ristorante al mondo"},"content":{"rendered":"\n<p><strong>Al Mirazur, ristorante tre stelle di Mentone, Mauro Colagreco offre alla sua clientela internazionale un men\u00f9 stupefacente ed ecosostenibile. Dagli inizi della carriera ai suoi nuovi concept in apertura a Monaco, siamo lieti di presentarvi lo chef italo-argentino che ha conquistato la Francia.<\/strong><\/p>\n\n<p>Mauro Colagreco \u00e8 un vero talento della cucina gourmet, famoso tra gli appassionati. Il suo percorso, che fa gola ai pi\u00f9 curiosi, \u00e8 stato a tratti condito con un po&#8217; di pepe. In un pomeriggio invernale nel sud della Francia lo chef, nato a La Plata in Argentina, ci racconta la sua storia.<\/p>\n\n<p>Circondati dalle sedie, purtroppo vuote, del Mirazur, lo chef italo-argentino inizia a subito a raccontarci come ha mosso i suoi primi passi: &#8220;Dopo una maturit\u00e0 classica e degli studi in economia, ho lasciato l&#8217;universit\u00e0 all&#8217;et\u00e0 di vent&#8217;anni. Nell&#8217;attesa di trovare la mia vocazione, ho iniziato ad aiutare un amico nel suo ristorante di Buenos Aires, solo che l&#8217;esperienza \u00e8 stata una rivelazione&#8221;.<\/p>\n\n<p>Con lo sguardo perso nel vuoto, il proprietario del ristorante prosegue nel racconto: &#8220;Avevo gi\u00e0 perso molto tempo, ed \u00e8 per questo, che come la maggior parte dei grandi chef, ho deciso di andare in Francia&#8221;. Destinazione? La scuola alberghiera La Rochelle.<\/p>\n\n<h2 class=\"wp-block-heading\" id=\"h-formation-aupr-s-d-illustres-chefs-fran-ais\">I pi\u00f9 illustri chef francesi come insegnanti<\/h2>\n\n<p>Il viaggio, che all&#8217;inizio doveva essere solo temporaneo, \u00e8 finito per durare vent&#8217;anni. &#8220;Ho dei bei ricordi della mia iniziazione all&#8217;arte di vivere francese e alla cultura del prodotto di qualit\u00e0&#8221;. Un&#8217;esigenza, quella della qualit\u00e0, che ha continuato a maturare nella testa del maestro culinario durante le collaborazioni con i grandi chef. E visto che anche la cucina non esenta dai &#8220;tirocini&#8221;, anche Mauro Colagreco ha fatto la sua gavetta.<\/p>\n\n<p>La sua determinazione \u00e8 stata fondamentale per arrivare nelle cucine del famoso Bernard Loiseau a Boulogne-sur-mer. Finito il percorso di formazione, lo chef approda nei migliori ristoranti di Parigi, tra cui quello di Alain Ducasse, il Plaza Ath\u00e9n\u00e9e o l\u2019Arp\u00e8ge di Alain Passard, in cui imparer\u00e0 tutto ci\u00f2 che sa. &#8220;Con Loiseau ho imparato l&#8217;arte delle salse francesi classiche. Sapeva dosare alla perfezione il classicismo e l&#8217;avanguardia. Ducasse mi ha insegnato il rigore e l&#8217;attenzione per i dettagli. Alain Passard, invece, ha contribuito ad accrescere il mio legame con l&#8217;universo vegetale&#8221;.<\/p>\n\n<blockquote class=\"wp-block-quote is-layout-flow wp-block-quote-is-layout-flow\"><p>Per quanto riguarda la questione ambientale, spetta agli chef il ruolo di sensibilizzare le future generazioni di cuochi<\/p><\/blockquote>\n\n<figure class=\"wp-block-gallery columns-2 is-cropped wp-block-gallery-1 is-layout-flex wp-block-gallery-is-layout-flex\"><ul class=\"blocks-gallery-grid\"><li class=\"blocks-gallery-item\"><figure><img loading=\"lazy\" decoding=\"async\" width=\"600\" height=\"744\" src=\"https:\/\/www.monaco-tribune.com\/wp-content\/uploads\/2020\/12\/mauro-colagreco-mirazur.png\" alt=\"\" data-id=\"59169\" data-full-url=\"https:\/\/www.monaco-tribune.com\/wp-content\/uploads\/2020\/12\/mauro-colagreco-mirazur.png\" data-link=\"https:\/\/www.monaco-tribune.com\/?attachment_id=59169\" class=\"wp-image-59169\" srcset=\"https:\/\/www.monaco-tribune.com\/wp-content\/uploads\/2020\/12\/mauro-colagreco-mirazur.png 600w, https:\/\/www.monaco-tribune.com\/wp-content\/uploads\/2020\/12\/mauro-colagreco-mirazur-242x300.png 242w\" sizes=\"auto, (max-width: 600px) 100vw, 600px\" \/><\/figure><\/li><li class=\"blocks-gallery-item\"><figure><img loading=\"lazy\" decoding=\"async\" width=\"600\" height=\"750\" src=\"https:\/\/www.monaco-tribune.com\/wp-content\/uploads\/2020\/12\/mauro-colagreco-potager-2.png\" alt=\"\" data-id=\"59173\" data-full-url=\"https:\/\/www.monaco-tribune.com\/wp-content\/uploads\/2020\/12\/mauro-colagreco-potager-2.png\" data-link=\"https:\/\/www.monaco-tribune.com\/?attachment_id=59173\" class=\"wp-image-59173\" srcset=\"https:\/\/www.monaco-tribune.com\/wp-content\/uploads\/2020\/12\/mauro-colagreco-potager-2.png 600w, https:\/\/www.monaco-tribune.com\/wp-content\/uploads\/2020\/12\/mauro-colagreco-potager-2-240x300.png 240w\" sizes=\"auto, (max-width: 600px) 100vw, 600px\" \/><\/figure><\/li><\/ul><\/figure>\n<h2 class=\"wp-block-heading\" id=\"h-une-signature-libre-engag-e-et-sans-attache\">Un luogo magico e sostenibile<\/h2>\n\n<p>&#8220;Sensazionale&#8221;, &#8220;meraviglioso&#8221;, &#8220;grandioso&#8221;, questi e altri sono gli aggettivi usati per descrivere la cornice del Mirazur, ristorante nato sul confine tra Italia e Francia nel 2006. &#8220;Non so se sono stato io a scegliere questo posto o il contrario, ma in ogni caso, ne sono innamorato&#8221;.<\/p>\n\n<p>Qualunque sia la verit\u00e0 di questo idillio, nel 2019, il ristornate si \u00e8 aggiudicato la 3a stella Michelin e il titolo di &#8220;Migliore ristorante del mondo&#8221;. Dal canto suo, lo chef argentino \u00e8 stato eletto &#8220;Miglior chef del mondo&#8221; dai suoi colleghi.<\/p>\n\n<p>Oltre a un concept atipico, rappresentato, per esempio, dai suoi men\u00f9 ispirati alle fasi lunari, partiti a giugno scorso, lo chef ci tiene a esaltare i suoi cinque ettari di terreno trasformati in giardini e orti.<\/p>\n\n<p>A questo si aggiunge una lotta instancabile alla plastica: &#8220;In cucina, non usiamo la pellicola trasparente o le buste per il sottovuoto&#8221;.<\/p>\n\n<figure class=\"wp-block-gallery columns-2 is-cropped wp-block-gallery-2 is-layout-flex wp-block-gallery-is-layout-flex\"><ul class=\"blocks-gallery-grid\"><li class=\"blocks-gallery-item\"><figure><img loading=\"lazy\" decoding=\"async\" width=\"600\" height=\"748\" src=\"https:\/\/www.monaco-tribune.com\/wp-content\/uploads\/2020\/12\/mauro-colagreco-boulangerie.png\" alt=\"mauro-colagreco-panetteria\" data-id=\"59165\" data-full-url=\"https:\/\/www.monaco-tribune.com\/wp-content\/uploads\/2020\/12\/mauro-colagreco-boulangerie.png\" data-link=\"https:\/\/www.monaco-tribune.com\/?attachment_id=59165\" class=\"wp-image-59165\" srcset=\"https:\/\/www.monaco-tribune.com\/wp-content\/uploads\/2020\/12\/mauro-colagreco-boulangerie.png 600w, https:\/\/www.monaco-tribune.com\/wp-content\/uploads\/2020\/12\/mauro-colagreco-boulangerie-241x300.png 241w\" sizes=\"auto, (max-width: 600px) 100vw, 600px\" \/><\/figure><\/li><li class=\"blocks-gallery-item\"><figure><img loading=\"lazy\" decoding=\"async\" width=\"600\" height=\"744\" src=\"https:\/\/www.monaco-tribune.com\/wp-content\/uploads\/2020\/12\/mauro-colagreco-potager.png\" alt=\"mauro-colagreco-orto\" data-id=\"59177\" data-full-url=\"https:\/\/www.monaco-tribune.com\/wp-content\/uploads\/2020\/12\/mauro-colagreco-potager.png\" data-link=\"https:\/\/www.monaco-tribune.com\/?attachment_id=59177\" class=\"wp-image-59177\" srcset=\"https:\/\/www.monaco-tribune.com\/wp-content\/uploads\/2020\/12\/mauro-colagreco-potager.png 600w, https:\/\/www.monaco-tribune.com\/wp-content\/uploads\/2020\/12\/mauro-colagreco-potager-242x300.png 242w\" sizes=\"auto, (max-width: 600px) 100vw, 600px\" \/><\/figure><\/li><\/ul><\/figure>\n<h2 class=\"wp-block-heading\" id=\"h-cr-ation-de-deux-antres-culinaires-monaco\">Due nuove realt\u00e0 culinarie a Monaco<\/h2>\n\n<p>Oltre a essere sua moglie, Julia Colagreco \u00e8 il braccio destro dello chef dalle mani d&#8217;oro. &#8220;Non sarei mai arrivato dove sono senza di lei&#8221;, afferma lasciandosi sfuggire un sorriso. Dopo aver conquistato Mentone e i suoi abitanti, Julia e Mauro, genitori di Lucas e Valentina, si sono lanciati nell&#8217;avventura di sedurre anche Monaco.<\/p>\n\n<p>Il progetto \u00e8 quello di esportare la panetteria e pasticceria Miltron Bakery da Mentone al mercato de La Condamine all&#8217;inizio del 2021: &#8220;Il pane sar\u00e0 fatto con grani antichi, non modificati e biologici&#8221;, spiega Julia Colagreco.<\/p>\n\n<p>Degna di menzione \u00e8 anche l&#8217;inaugurazione della gastronomia BYO (Build Your Own) by Mauro Colagreco: &#8220;Proporremo piatti da asporto ma anche da consumare sul posto. Tra questi ci saranno insalate, foie gras, crostate o ancora dei pasticcini&#8221;. La buona notizia \u00e8 che l&#8217;apertura \u00e8 prevista per il 22 dicembre. Babbo Natale non si far\u00e0 sfuggire l&#8217;occasione di fare una sosta nel Principato per assaggiare qualche prelibatezza.<\/p>\n\n<p>\u00a9 Foto: <a href=\"https:\/\/www.instagram.com\/restaurantmirazur\/\">Restaurant Mirazur<\/a><\/p>\n","protected":false},"excerpt":{"rendered":"<p>Al Mirazur, ristorante tre stelle di Mentone, Mauro Colagreco offre alla sua clientela internazionale un men\u00f9 stupefacente ed ecosostenibile. Dagli [&hellip;]<\/p>\n","protected":false},"author":41,"featured_media":59163,"comment_status":"closed","ping_status":"closed","sticky":false,"template":"","format":"standard","meta":{"_acf_changed":false,"footnotes":""},"categories":[1740,1826,1738],"tags":[2872],"post_sectags":[],"post_format":[2478],"class_list":["post-59659","post","type-post","status-publish","format-standard","has-post-thumbnail","hentry","category-cosa-fare","category-la-nostra-scelta","category-notizie","tag-gastronomia","format-notizia"],"acf":[],"yoast_head":"<!-- This site is optimized with the Yoast SEO Premium plugin v26.8 (Yoast SEO v27.5) - https:\/\/yoast.com\/product\/yoast-seo-premium-wordpress\/ -->\n<title>Chi \u00e8 Mauro Colagreco, chef stellato del miglior ristorante al mondo<\/title>\n<meta name=\"description\" content=\"Al Mirazur, ristorante tre stelle di Mentone, Mauro Colagreco offre alla sua clientela internazionale un men\u00f9 stupefacente ed ecosostenibile. Dagli inizi\" \/>\n<meta name=\"robots\" content=\"index, follow, max-snippet:-1, max-image-preview:large, max-video-preview:-1\" \/>\n<link rel=\"canonical\" href=\"https:\/\/www.monaco-tribune.com\/it\/2020\/12\/chi-e-mauro-colagreco-chef-stellato-del-miglior-ristorante-al-mondo\/\" \/>\n<meta property=\"og:locale\" content=\"it_IT\" \/>\n<meta property=\"og:type\" content=\"article\" \/>\n<meta property=\"og:title\" content=\"Chi \u00e8 Mauro Colagreco, chef stellato del miglior ristorante al mondo - Monaco Tribune\" \/>\n<meta property=\"og:description\" content=\"Al Mirazur, ristorante tre stelle di Mentone, Mauro Colagreco offre alla sua clientela internazionale un men\u00f9 stupefacente ed ecosostenibile. Dagli inizi\" \/>\n<meta property=\"og:url\" content=\"https:\/\/www.monaco-tribune.com\/it\/2020\/12\/chi-e-mauro-colagreco-chef-stellato-del-miglior-ristorante-al-mondo\/\" \/>\n<meta property=\"og:site_name\" content=\"Monaco Tribune\" \/>\n<meta property=\"article:publisher\" content=\"https:\/\/www.facebook.com\/MonacoTribune\" \/>\n<meta property=\"article:published_time\" content=\"2020-12-20T19:41:38+00:00\" \/>\n<meta property=\"article:modified_time\" content=\"2020-12-20T19:42:30+00:00\" \/>\n<meta property=\"og:image\" content=\"https:\/\/www.monaco-tribune.com\/wp-content\/uploads\/2020\/12\/mauro-colagreco-2.jpg\" \/>\n\t<meta property=\"og:image:width\" content=\"1200\" \/>\n\t<meta property=\"og:image:height\" content=\"675\" \/>\n\t<meta property=\"og:image:type\" content=\"image\/jpeg\" \/>\n<meta name=\"author\" content=\"Nassima Errami\" \/>\n<meta name=\"twitter:card\" content=\"summary_large_image\" \/>\n<meta name=\"twitter:creator\" content=\"@MonacoTribune\" \/>\n<meta name=\"twitter:site\" content=\"@MonacoTribune\" \/>\n<script type=\"application\/ld+json\" class=\"yoast-schema-graph\">{\"@context\":\"https:\\\/\\\/schema.org\",\"@graph\":[{\"@type\":\"NewsArticle\",\"@id\":\"https:\\\/\\\/www.monaco-tribune.com\\\/it\\\/2020\\\/12\\\/chi-e-mauro-colagreco-chef-stellato-del-miglior-ristorante-al-mondo\\\/#article\",\"isPartOf\":{\"@id\":\"https:\\\/\\\/www.monaco-tribune.com\\\/it\\\/2020\\\/12\\\/chi-e-mauro-colagreco-chef-stellato-del-miglior-ristorante-al-mondo\\\/\"},\"author\":{\"name\":\"Nassima Errami\",\"@id\":\"https:\\\/\\\/www.monaco-tribune.com\\\/it\\\/#\\\/schema\\\/person\\\/3814f045714aae4bb4abbfb04158f169\"},\"headline\":\"Chi \u00e8 Mauro Colagreco, chef stellato del miglior ristorante al mondo\",\"datePublished\":\"2020-12-20T19:41:38+00:00\",\"dateModified\":\"2020-12-20T19:42:30+00:00\",\"mainEntityOfPage\":{\"@id\":\"https:\\\/\\\/www.monaco-tribune.com\\\/it\\\/2020\\\/12\\\/chi-e-mauro-colagreco-chef-stellato-del-miglior-ristorante-al-mondo\\\/\"},\"wordCount\":718,\"publisher\":{\"@id\":\"https:\\\/\\\/www.monaco-tribune.com\\\/it\\\/#organization\"},\"image\":{\"@id\":\"https:\\\/\\\/www.monaco-tribune.com\\\/it\\\/2020\\\/12\\\/chi-e-mauro-colagreco-chef-stellato-del-miglior-ristorante-al-mondo\\\/#primaryimage\"},\"thumbnailUrl\":\"https:\\\/\\\/www.monaco-tribune.com\\\/wp-content\\\/uploads\\\/2020\\\/12\\\/mauro-colagreco-2.jpg\",\"keywords\":[\"Gastronomia\"],\"articleSection\":[\"Cosa fare\",\"La nostra scelta\",\"Notizie\"],\"inLanguage\":\"it-IT\",\"copyrightYear\":\"2020\",\"copyrightHolder\":{\"@id\":\"https:\\\/\\\/www.monaco-tribune.com\\\/#organization\"}},{\"@type\":\"WebPage\",\"@id\":\"https:\\\/\\\/www.monaco-tribune.com\\\/it\\\/2020\\\/12\\\/chi-e-mauro-colagreco-chef-stellato-del-miglior-ristorante-al-mondo\\\/\",\"url\":\"https:\\\/\\\/www.monaco-tribune.com\\\/it\\\/2020\\\/12\\\/chi-e-mauro-colagreco-chef-stellato-del-miglior-ristorante-al-mondo\\\/\",\"name\":\"Chi \u00e8 Mauro Colagreco, chef stellato del miglior ristorante al mondo\",\"isPartOf\":{\"@id\":\"https:\\\/\\\/www.monaco-tribune.com\\\/it\\\/#website\"},\"primaryImageOfPage\":{\"@id\":\"https:\\\/\\\/www.monaco-tribune.com\\\/it\\\/2020\\\/12\\\/chi-e-mauro-colagreco-chef-stellato-del-miglior-ristorante-al-mondo\\\/#primaryimage\"},\"image\":{\"@id\":\"https:\\\/\\\/www.monaco-tribune.com\\\/it\\\/2020\\\/12\\\/chi-e-mauro-colagreco-chef-stellato-del-miglior-ristorante-al-mondo\\\/#primaryimage\"},\"thumbnailUrl\":\"https:\\\/\\\/www.monaco-tribune.com\\\/wp-content\\\/uploads\\\/2020\\\/12\\\/mauro-colagreco-2.jpg\",\"datePublished\":\"2020-12-20T19:41:38+00:00\",\"dateModified\":\"2020-12-20T19:42:30+00:00\",\"description\":\"Al Mirazur, ristorante tre stelle di Mentone, Mauro Colagreco offre alla sua clientela internazionale un men\u00f9 stupefacente ed ecosostenibile. Dagli inizi\",\"breadcrumb\":{\"@id\":\"https:\\\/\\\/www.monaco-tribune.com\\\/it\\\/2020\\\/12\\\/chi-e-mauro-colagreco-chef-stellato-del-miglior-ristorante-al-mondo\\\/#breadcrumb\"},\"inLanguage\":\"it-IT\",\"potentialAction\":[{\"@type\":\"ReadAction\",\"target\":[\"https:\\\/\\\/www.monaco-tribune.com\\\/it\\\/2020\\\/12\\\/chi-e-mauro-colagreco-chef-stellato-del-miglior-ristorante-al-mondo\\\/\"]}]},{\"@type\":\"ImageObject\",\"inLanguage\":\"it-IT\",\"@id\":\"https:\\\/\\\/www.monaco-tribune.com\\\/it\\\/2020\\\/12\\\/chi-e-mauro-colagreco-chef-stellato-del-miglior-ristorante-al-mondo\\\/#primaryimage\",\"url\":\"https:\\\/\\\/www.monaco-tribune.com\\\/wp-content\\\/uploads\\\/2020\\\/12\\\/mauro-colagreco-2.jpg\",\"contentUrl\":\"https:\\\/\\\/www.monaco-tribune.com\\\/wp-content\\\/uploads\\\/2020\\\/12\\\/mauro-colagreco-2.jpg\",\"width\":1200,\"height\":675,\"caption\":\"Mauro Colagreco\"},{\"@type\":\"BreadcrumbList\",\"@id\":\"https:\\\/\\\/www.monaco-tribune.com\\\/it\\\/2020\\\/12\\\/chi-e-mauro-colagreco-chef-stellato-del-miglior-ristorante-al-mondo\\\/#breadcrumb\",\"itemListElement\":[{\"@type\":\"ListItem\",\"position\":1,\"name\":\"Accueil\",\"item\":\"https:\\\/\\\/www.monaco-tribune.com\\\/it\\\/\"},{\"@type\":\"ListItem\",\"position\":2,\"name\":\"Chi \u00e8 Mauro Colagreco, chef stellato del miglior ristorante al mondo\"}]},{\"@type\":\"WebSite\",\"@id\":\"https:\\\/\\\/www.monaco-tribune.com\\\/it\\\/#website\",\"url\":\"https:\\\/\\\/www.monaco-tribune.com\\\/it\\\/\",\"name\":\"Monaco Tribune\",\"description\":\"Monaco : actualit\u00e9s \u00e9conomiques, politiques, culturelles et sportives de Monaco et de la French Riviera.\",\"publisher\":{\"@id\":\"https:\\\/\\\/www.monaco-tribune.com\\\/it\\\/#organization\"},\"potentialAction\":[{\"@type\":\"SearchAction\",\"target\":{\"@type\":\"EntryPoint\",\"urlTemplate\":\"https:\\\/\\\/www.monaco-tribune.com\\\/it\\\/?s={search_term_string}\"},\"query-input\":{\"@type\":\"PropertyValueSpecification\",\"valueRequired\":true,\"valueName\":\"search_term_string\"}}],\"inLanguage\":\"it-IT\"},{\"@type\":\"Organization\",\"@id\":\"https:\\\/\\\/www.monaco-tribune.com\\\/it\\\/#organization\",\"name\":\"Monaco Tribune\",\"url\":\"https:\\\/\\\/www.monaco-tribune.com\\\/it\\\/\",\"logo\":{\"@type\":\"ImageObject\",\"inLanguage\":\"it-IT\",\"@id\":\"https:\\\/\\\/www.monaco-tribune.com\\\/it\\\/#\\\/schema\\\/logo\\\/image\\\/\",\"url\":\"https:\\\/\\\/www.monaco-tribune.com\\\/wp-content\\\/uploads\\\/2022\\\/11\\\/logo-monaco-tribune.png\",\"contentUrl\":\"https:\\\/\\\/www.monaco-tribune.com\\\/wp-content\\\/uploads\\\/2022\\\/11\\\/logo-monaco-tribune.png\",\"width\":1548,\"height\":600,\"caption\":\"Monaco Tribune\"},\"image\":{\"@id\":\"https:\\\/\\\/www.monaco-tribune.com\\\/it\\\/#\\\/schema\\\/logo\\\/image\\\/\"},\"sameAs\":[\"https:\\\/\\\/www.facebook.com\\\/MonacoTribune\",\"https:\\\/\\\/x.com\\\/MonacoTribune\",\"https:\\\/\\\/www.instagram.com\\\/monacotribune\\\/\",\"https:\\\/\\\/www.linkedin.com\\\/company\\\/monaco-tribune\",\"https:\\\/\\\/www.youtube.com\\\/channel\\\/UCHle1MnG6hw1y4lWKijVbMA\"]},{\"@type\":\"Person\",\"@id\":\"https:\\\/\\\/www.monaco-tribune.com\\\/it\\\/#\\\/schema\\\/person\\\/3814f045714aae4bb4abbfb04158f169\",\"name\":\"Nassima Errami\",\"image\":{\"@type\":\"ImageObject\",\"inLanguage\":\"it-IT\",\"@id\":\"https:\\\/\\\/secure.gravatar.com\\\/avatar\\\/3c0c0266375bc79b6d945c432ea8992d44782f7779ffe49a3d62b6ce4d6a23e0?s=96&d=mm&r=g\",\"url\":\"https:\\\/\\\/secure.gravatar.com\\\/avatar\\\/3c0c0266375bc79b6d945c432ea8992d44782f7779ffe49a3d62b6ce4d6a23e0?s=96&d=mm&r=g\",\"contentUrl\":\"https:\\\/\\\/secure.gravatar.com\\\/avatar\\\/3c0c0266375bc79b6d945c432ea8992d44782f7779ffe49a3d62b6ce4d6a23e0?s=96&d=mm&r=g\",\"caption\":\"Nassima Errami\"},\"url\":\"https:\\\/\\\/www.monaco-tribune.com\\\/it\\\/author\\\/nassimaerrami\\\/\"}]}<\/script>\n<!-- \/ Yoast SEO Premium plugin. -->","yoast_head_json":{"title":"Chi \u00e8 Mauro Colagreco, chef stellato del miglior ristorante al mondo","description":"Al Mirazur, ristorante tre stelle di Mentone, Mauro Colagreco offre alla sua clientela internazionale un men\u00f9 stupefacente ed ecosostenibile. Dagli inizi","robots":{"index":"index","follow":"follow","max-snippet":"max-snippet:-1","max-image-preview":"max-image-preview:large","max-video-preview":"max-video-preview:-1"},"canonical":"https:\/\/www.monaco-tribune.com\/it\/2020\/12\/chi-e-mauro-colagreco-chef-stellato-del-miglior-ristorante-al-mondo\/","og_locale":"it_IT","og_type":"article","og_title":"Chi \u00e8 Mauro Colagreco, chef stellato del miglior ristorante al mondo - Monaco Tribune","og_description":"Al Mirazur, ristorante tre stelle di Mentone, Mauro Colagreco offre alla sua clientela internazionale un men\u00f9 stupefacente ed ecosostenibile. Dagli inizi","og_url":"https:\/\/www.monaco-tribune.com\/it\/2020\/12\/chi-e-mauro-colagreco-chef-stellato-del-miglior-ristorante-al-mondo\/","og_site_name":"Monaco Tribune","article_publisher":"https:\/\/www.facebook.com\/MonacoTribune","article_published_time":"2020-12-20T19:41:38+00:00","article_modified_time":"2020-12-20T19:42:30+00:00","og_image":[{"width":1200,"height":675,"url":"https:\/\/www.monaco-tribune.com\/wp-content\/uploads\/2020\/12\/mauro-colagreco-2.jpg","type":"image\/jpeg"}],"author":"Nassima Errami","twitter_card":"summary_large_image","twitter_creator":"@MonacoTribune","twitter_site":"@MonacoTribune","schema":{"@context":"https:\/\/schema.org","@graph":[{"@type":"NewsArticle","@id":"https:\/\/www.monaco-tribune.com\/it\/2020\/12\/chi-e-mauro-colagreco-chef-stellato-del-miglior-ristorante-al-mondo\/#article","isPartOf":{"@id":"https:\/\/www.monaco-tribune.com\/it\/2020\/12\/chi-e-mauro-colagreco-chef-stellato-del-miglior-ristorante-al-mondo\/"},"author":{"name":"Nassima Errami","@id":"https:\/\/www.monaco-tribune.com\/it\/#\/schema\/person\/3814f045714aae4bb4abbfb04158f169"},"headline":"Chi \u00e8 Mauro Colagreco, chef stellato del miglior ristorante al mondo","datePublished":"2020-12-20T19:41:38+00:00","dateModified":"2020-12-20T19:42:30+00:00","mainEntityOfPage":{"@id":"https:\/\/www.monaco-tribune.com\/it\/2020\/12\/chi-e-mauro-colagreco-chef-stellato-del-miglior-ristorante-al-mondo\/"},"wordCount":718,"publisher":{"@id":"https:\/\/www.monaco-tribune.com\/it\/#organization"},"image":{"@id":"https:\/\/www.monaco-tribune.com\/it\/2020\/12\/chi-e-mauro-colagreco-chef-stellato-del-miglior-ristorante-al-mondo\/#primaryimage"},"thumbnailUrl":"https:\/\/www.monaco-tribune.com\/wp-content\/uploads\/2020\/12\/mauro-colagreco-2.jpg","keywords":["Gastronomia"],"articleSection":["Cosa fare","La nostra scelta","Notizie"],"inLanguage":"it-IT","copyrightYear":"2020","copyrightHolder":{"@id":"https:\/\/www.monaco-tribune.com\/#organization"}},{"@type":"WebPage","@id":"https:\/\/www.monaco-tribune.com\/it\/2020\/12\/chi-e-mauro-colagreco-chef-stellato-del-miglior-ristorante-al-mondo\/","url":"https:\/\/www.monaco-tribune.com\/it\/2020\/12\/chi-e-mauro-colagreco-chef-stellato-del-miglior-ristorante-al-mondo\/","name":"Chi \u00e8 Mauro Colagreco, chef stellato del miglior ristorante al mondo","isPartOf":{"@id":"https:\/\/www.monaco-tribune.com\/it\/#website"},"primaryImageOfPage":{"@id":"https:\/\/www.monaco-tribune.com\/it\/2020\/12\/chi-e-mauro-colagreco-chef-stellato-del-miglior-ristorante-al-mondo\/#primaryimage"},"image":{"@id":"https:\/\/www.monaco-tribune.com\/it\/2020\/12\/chi-e-mauro-colagreco-chef-stellato-del-miglior-ristorante-al-mondo\/#primaryimage"},"thumbnailUrl":"https:\/\/www.monaco-tribune.com\/wp-content\/uploads\/2020\/12\/mauro-colagreco-2.jpg","datePublished":"2020-12-20T19:41:38+00:00","dateModified":"2020-12-20T19:42:30+00:00","description":"Al Mirazur, ristorante tre stelle di Mentone, Mauro Colagreco offre alla sua clientela internazionale un men\u00f9 stupefacente ed ecosostenibile. Dagli inizi","breadcrumb":{"@id":"https:\/\/www.monaco-tribune.com\/it\/2020\/12\/chi-e-mauro-colagreco-chef-stellato-del-miglior-ristorante-al-mondo\/#breadcrumb"},"inLanguage":"it-IT","potentialAction":[{"@type":"ReadAction","target":["https:\/\/www.monaco-tribune.com\/it\/2020\/12\/chi-e-mauro-colagreco-chef-stellato-del-miglior-ristorante-al-mondo\/"]}]},{"@type":"ImageObject","inLanguage":"it-IT","@id":"https:\/\/www.monaco-tribune.com\/it\/2020\/12\/chi-e-mauro-colagreco-chef-stellato-del-miglior-ristorante-al-mondo\/#primaryimage","url":"https:\/\/www.monaco-tribune.com\/wp-content\/uploads\/2020\/12\/mauro-colagreco-2.jpg","contentUrl":"https:\/\/www.monaco-tribune.com\/wp-content\/uploads\/2020\/12\/mauro-colagreco-2.jpg","width":1200,"height":675,"caption":"Mauro Colagreco"},{"@type":"BreadcrumbList","@id":"https:\/\/www.monaco-tribune.com\/it\/2020\/12\/chi-e-mauro-colagreco-chef-stellato-del-miglior-ristorante-al-mondo\/#breadcrumb","itemListElement":[{"@type":"ListItem","position":1,"name":"Accueil","item":"https:\/\/www.monaco-tribune.com\/it\/"},{"@type":"ListItem","position":2,"name":"Chi \u00e8 Mauro Colagreco, chef stellato del miglior ristorante al mondo"}]},{"@type":"WebSite","@id":"https:\/\/www.monaco-tribune.com\/it\/#website","url":"https:\/\/www.monaco-tribune.com\/it\/","name":"Monaco Tribune","description":"Monaco : actualit\u00e9s \u00e9conomiques, politiques, culturelles et sportives de Monaco et de la French Riviera.","publisher":{"@id":"https:\/\/www.monaco-tribune.com\/it\/#organization"},"potentialAction":[{"@type":"SearchAction","target":{"@type":"EntryPoint","urlTemplate":"https:\/\/www.monaco-tribune.com\/it\/?s={search_term_string}"},"query-input":{"@type":"PropertyValueSpecification","valueRequired":true,"valueName":"search_term_string"}}],"inLanguage":"it-IT"},{"@type":"Organization","@id":"https:\/\/www.monaco-tribune.com\/it\/#organization","name":"Monaco Tribune","url":"https:\/\/www.monaco-tribune.com\/it\/","logo":{"@type":"ImageObject","inLanguage":"it-IT","@id":"https:\/\/www.monaco-tribune.com\/it\/#\/schema\/logo\/image\/","url":"https:\/\/www.monaco-tribune.com\/wp-content\/uploads\/2022\/11\/logo-monaco-tribune.png","contentUrl":"https:\/\/www.monaco-tribune.com\/wp-content\/uploads\/2022\/11\/logo-monaco-tribune.png","width":1548,"height":600,"caption":"Monaco Tribune"},"image":{"@id":"https:\/\/www.monaco-tribune.com\/it\/#\/schema\/logo\/image\/"},"sameAs":["https:\/\/www.facebook.com\/MonacoTribune","https:\/\/x.com\/MonacoTribune","https:\/\/www.instagram.com\/monacotribune\/","https:\/\/www.linkedin.com\/company\/monaco-tribune","https:\/\/www.youtube.com\/channel\/UCHle1MnG6hw1y4lWKijVbMA"]},{"@type":"Person","@id":"https:\/\/www.monaco-tribune.com\/it\/#\/schema\/person\/3814f045714aae4bb4abbfb04158f169","name":"Nassima Errami","image":{"@type":"ImageObject","inLanguage":"it-IT","@id":"https:\/\/secure.gravatar.com\/avatar\/3c0c0266375bc79b6d945c432ea8992d44782f7779ffe49a3d62b6ce4d6a23e0?s=96&d=mm&r=g","url":"https:\/\/secure.gravatar.com\/avatar\/3c0c0266375bc79b6d945c432ea8992d44782f7779ffe49a3d62b6ce4d6a23e0?s=96&d=mm&r=g","contentUrl":"https:\/\/secure.gravatar.com\/avatar\/3c0c0266375bc79b6d945c432ea8992d44782f7779ffe49a3d62b6ce4d6a23e0?s=96&d=mm&r=g","caption":"Nassima Errami"},"url":"https:\/\/www.monaco-tribune.com\/it\/author\/nassimaerrami\/"}]}},"_links":{"self":[{"href":"https:\/\/www.monaco-tribune.com\/it\/wp-json\/wp\/v2\/posts\/59659","targetHints":{"allow":["GET"]}}],"collection":[{"href":"https:\/\/www.monaco-tribune.com\/it\/wp-json\/wp\/v2\/posts"}],"about":[{"href":"https:\/\/www.monaco-tribune.com\/it\/wp-json\/wp\/v2\/types\/post"}],"author":[{"embeddable":true,"href":"https:\/\/www.monaco-tribune.com\/it\/wp-json\/wp\/v2\/users\/41"}],"replies":[{"embeddable":true,"href":"https:\/\/www.monaco-tribune.com\/it\/wp-json\/wp\/v2\/comments?post=59659"}],"version-history":[{"count":0,"href":"https:\/\/www.monaco-tribune.com\/it\/wp-json\/wp\/v2\/posts\/59659\/revisions"}],"wp:featuredmedia":[{"embeddable":true,"href":"https:\/\/www.monaco-tribune.com\/it\/wp-json\/wp\/v2\/media\/59163"}],"wp:attachment":[{"href":"https:\/\/www.monaco-tribune.com\/it\/wp-json\/wp\/v2\/media?parent=59659"}],"wp:term":[{"taxonomy":"category","embeddable":true,"href":"https:\/\/www.monaco-tribune.com\/it\/wp-json\/wp\/v2\/categories?post=59659"},{"taxonomy":"post_tag","embeddable":true,"href":"https:\/\/www.monaco-tribune.com\/it\/wp-json\/wp\/v2\/tags?post=59659"},{"taxonomy":"sectag","embeddable":true,"href":"https:\/\/www.monaco-tribune.com\/it\/wp-json\/wp\/v2\/post_sectags?post=59659"},{"taxonomy":"format","embeddable":true,"href":"https:\/\/www.monaco-tribune.com\/it\/wp-json\/wp\/v2\/post_format?post=59659"}],"curies":[{"name":"wp","href":"https:\/\/api.w.org\/{rel}","templated":true}]}}