{"id":59766,"date":"2020-12-21T09:22:00","date_gmt":"2020-12-21T08:22:00","guid":{"rendered":"https:\/\/www.monaco-tribune.com\/2020\/12\/ligue-1-il-monaco-torna-alla-carica-e-vince-contro-il-digione\/"},"modified":"2020-12-21T09:22:04","modified_gmt":"2020-12-21T08:22:04","slug":"ligue-1-il-monaco-torna-alla-carica-e-vince-contro-il-digione","status":"publish","type":"post","link":"https:\/\/www.monaco-tribune.com\/it\/2020\/12\/ligue-1-il-monaco-torna-alla-carica-e-vince-contro-il-digione\/","title":{"rendered":"Ligue 1: il Monaco torna alla carica e vince contro il Digione"},"content":{"rendered":"\n<p><strong>Dopo tre sconfitte consecutive, l&#8217;AS Monaco ha messo fine alla spirale di negativit\u00e0 ritrovando la strada per il successo. Questa domenica pomeriggio, gli uomini di Kovacs hanno sconfitto il Digione (0-1). Il prossimo incontro per i monegaschi \u00e8 previsto mercoled\u00ec prossimo, allo stadio Louis II contro l&#8217;AS Saint-Etienne.<\/strong><\/p>\n\n<p>Era ora di rimettersi in carreggiata, ed \u00e8 quello che hanno fatto gli uomini di Kovacs. Non senza difficolt\u00e0, il Monaco \u00e8 finalmente riuscito a conquistare un successo importante sul campo del Digione (0-1), mettendo fine a questa serie sfortunata di <a href=\"https:\/\/www.monaco-tribune.com\/it\/2020\/12\/ligue-1-monaco-sconfitto-in-casa-contro-il-lens\/\">ben tre sconfitte consecutive<\/a>.<\/p>\n\n<h2 class=\"wp-block-heading\" id=\"h-le-duo-ben-yedder-volland-de-nouveau-d-cisif\">Il duo Ben Yedder-Volland di nuovo in pista<\/h2>\n\n<p>Il duo Ben Yedder-Volland \u00e8 tornato in campo, regalandoci una performance decisiva. L&#8217;assist da manuale di Ben Yedder, infatti, ha permesso a Volland di aprire la partita con il primo e ultimo goal dell&#8217;incontro (1-0, 15&#8242;). Grazie a una difesa finalmente compatta, i monegaschi sono riusciti a portare a casa il risultato. Sconfitti dal <a href=\"https:\/\/www.monaco-tribune.com\/it\/2020\/12\/ligue-1-sconfitta-del-monaco-contro-il-lille\/\">Lille<\/a> e dal <a href=\"https:\/\/www.monaco-tribune.com\/it\/2020\/12\/ligue-1-as-monaco-sconfitta-dal-marsiglia\/\">Marsiglia<\/a>, e umiliati in casa dal <a href=\"https:\/\/www.monaco-tribune.com\/it\/2020\/12\/ligue-1-monaco-sconfitto-in-casa-contro-il-lens\/\">Lens<\/a> mercoled\u00ec scorso, i compagni di squadra di Ruben Aguilar si sono dovuti impegnare parecchio durante il secondo tempo per mantenere il punteggio e assaporare di nuovo il gusto della vittoria.<\/p>\n\n<h2 class=\"wp-block-heading\" id=\"h-les-yeux-d-j-riv-s-vers-la-r-ception-de-saint-etienne\">In attesa dell&#8217;incontro con il Saint-Etienne<\/h2>\n\n<p>&#8220;Volevamo riscattarci dopo la sconfitta contro il Lens&#8221;, dichiara Djibril Sidib\u00e9 alla fine dell&#8217;incontro. &#8220;Sapevamo che sarebbe stato un match complicato, contro una squadra che giocava per la sopravvivenza, ma siamo stati in grado di dimostrare solidariet\u00e0 e spirito di sacrificio per mantenere questo risultato. Abbiamo mostrato la nostra voglia di vincere e di risalire la classifica. L&#8217;obiettivo, adesso, \u00e8 di chiudere in bellezza questa prima parte della stagione con l&#8217;incontro importante contro il Saint-Etienne mercoled\u00ec&#8221;.<\/p>\n\n<p>In classifica, l&#8217;AS Monaco risale al sesto posto.<\/p>\n","protected":false},"excerpt":{"rendered":"<p>Dopo tre sconfitte consecutive, l&#8217;AS Monaco ha messo fine alla spirale di negativit\u00e0 ritrovando la strada per il successo. Questa [&hellip;]<\/p>\n","protected":false},"author":24,"featured_media":59636,"comment_status":"closed","ping_status":"closed","sticky":false,"template":"","format":"standard","meta":{"_acf_changed":false,"footnotes":""},"categories":[1738,1743],"tags":[2846],"post_sectags":[],"post_format":[2486],"class_list":["post-59766","post","type-post","status-publish","format-standard","has-post-thumbnail","hentry","category-notizie","category-sport-it","tag-as-monaco-it-2","format-servizio"],"acf":[],"yoast_head":"<!-- This site is optimized with the Yoast SEO Premium plugin v26.8 (Yoast SEO v27.4) - https:\/\/yoast.com\/product\/yoast-seo-premium-wordpress\/ -->\n<title>Ligue 1: il Monaco torna alla carica e vince contro il Digione<\/title>\n<meta name=\"description\" content=\"Dopo tre sconfitte consecutive, l&#039;AS Monaco ha messo fine alla spirale di negativit\u00e0 ritrovando la strada per il successo. Questa domenica pomeriggio, gli\" \/>\n<meta name=\"robots\" content=\"index, follow, max-snippet:-1, max-image-preview:large, max-video-preview:-1\" \/>\n<link rel=\"canonical\" href=\"https:\/\/www.monaco-tribune.com\/it\/2020\/12\/ligue-1-il-monaco-torna-alla-carica-e-vince-contro-il-digione\/\" \/>\n<meta property=\"og:locale\" content=\"it_IT\" \/>\n<meta property=\"og:type\" content=\"article\" \/>\n<meta property=\"og:title\" content=\"Ligue 1: il Monaco torna alla carica e vince contro il Digione - Monaco Tribune\" \/>\n<meta property=\"og:description\" content=\"Dopo tre sconfitte consecutive, l&#039;AS Monaco ha messo fine alla spirale di negativit\u00e0 ritrovando la strada per il successo. Questa domenica pomeriggio, gli\" \/>\n<meta property=\"og:url\" content=\"https:\/\/www.monaco-tribune.com\/it\/2020\/12\/ligue-1-il-monaco-torna-alla-carica-e-vince-contro-il-digione\/\" \/>\n<meta property=\"og:site_name\" content=\"Monaco Tribune\" \/>\n<meta property=\"article:publisher\" content=\"https:\/\/www.facebook.com\/MonacoTribune\" \/>\n<meta property=\"article:published_time\" content=\"2020-12-21T08:22:00+00:00\" \/>\n<meta property=\"article:modified_time\" content=\"2020-12-21T08:22:04+00:00\" \/>\n<meta property=\"og:image\" content=\"https:\/\/www.monaco-tribune.com\/wp-content\/uploads\/2020\/12\/dijon-fco-as-monaco-ligue-1.jpeg\" \/>\n\t<meta property=\"og:image:width\" content=\"1024\" \/>\n\t<meta property=\"og:image:height\" content=\"683\" \/>\n\t<meta property=\"og:image:type\" content=\"image\/jpeg\" \/>\n<meta name=\"author\" content=\"Romain Boisaubert\" \/>\n<meta name=\"twitter:card\" content=\"summary_large_image\" \/>\n<meta name=\"twitter:creator\" content=\"@MonacoTribune\" \/>\n<meta name=\"twitter:site\" content=\"@MonacoTribune\" \/>\n<script type=\"application\/ld+json\" class=\"yoast-schema-graph\">{\"@context\":\"https:\\\/\\\/schema.org\",\"@graph\":[{\"@type\":\"NewsArticle\",\"@id\":\"https:\\\/\\\/www.monaco-tribune.com\\\/it\\\/2020\\\/12\\\/ligue-1-il-monaco-torna-alla-carica-e-vince-contro-il-digione\\\/#article\",\"isPartOf\":{\"@id\":\"https:\\\/\\\/www.monaco-tribune.com\\\/it\\\/2020\\\/12\\\/ligue-1-il-monaco-torna-alla-carica-e-vince-contro-il-digione\\\/\"},\"author\":{\"name\":\"Romain Boisaubert\",\"@id\":\"https:\\\/\\\/www.monaco-tribune.com\\\/it\\\/#\\\/schema\\\/person\\\/330a3732947cf8cb41b2533a0eadd62e\"},\"headline\":\"Ligue 1: il Monaco torna alla carica e vince contro il Digione\",\"datePublished\":\"2020-12-21T08:22:00+00:00\",\"dateModified\":\"2020-12-21T08:22:04+00:00\",\"mainEntityOfPage\":{\"@id\":\"https:\\\/\\\/www.monaco-tribune.com\\\/it\\\/2020\\\/12\\\/ligue-1-il-monaco-torna-alla-carica-e-vince-contro-il-digione\\\/\"},\"wordCount\":299,\"publisher\":{\"@id\":\"https:\\\/\\\/www.monaco-tribune.com\\\/it\\\/#organization\"},\"image\":{\"@id\":\"https:\\\/\\\/www.monaco-tribune.com\\\/it\\\/2020\\\/12\\\/ligue-1-il-monaco-torna-alla-carica-e-vince-contro-il-digione\\\/#primaryimage\"},\"thumbnailUrl\":\"https:\\\/\\\/www.monaco-tribune.com\\\/wp-content\\\/uploads\\\/2020\\\/12\\\/dijon-fco-as-monaco-ligue-1.jpeg\",\"keywords\":[\"AS Monaco\"],\"articleSection\":[\"Notizie\",\"Sport\"],\"inLanguage\":\"it-IT\",\"copyrightYear\":\"2020\",\"copyrightHolder\":{\"@id\":\"https:\\\/\\\/www.monaco-tribune.com\\\/#organization\"}},{\"@type\":\"WebPage\",\"@id\":\"https:\\\/\\\/www.monaco-tribune.com\\\/it\\\/2020\\\/12\\\/ligue-1-il-monaco-torna-alla-carica-e-vince-contro-il-digione\\\/\",\"url\":\"https:\\\/\\\/www.monaco-tribune.com\\\/it\\\/2020\\\/12\\\/ligue-1-il-monaco-torna-alla-carica-e-vince-contro-il-digione\\\/\",\"name\":\"Ligue 1: il Monaco torna alla carica e vince contro il Digione\",\"isPartOf\":{\"@id\":\"https:\\\/\\\/www.monaco-tribune.com\\\/it\\\/#website\"},\"primaryImageOfPage\":{\"@id\":\"https:\\\/\\\/www.monaco-tribune.com\\\/it\\\/2020\\\/12\\\/ligue-1-il-monaco-torna-alla-carica-e-vince-contro-il-digione\\\/#primaryimage\"},\"image\":{\"@id\":\"https:\\\/\\\/www.monaco-tribune.com\\\/it\\\/2020\\\/12\\\/ligue-1-il-monaco-torna-alla-carica-e-vince-contro-il-digione\\\/#primaryimage\"},\"thumbnailUrl\":\"https:\\\/\\\/www.monaco-tribune.com\\\/wp-content\\\/uploads\\\/2020\\\/12\\\/dijon-fco-as-monaco-ligue-1.jpeg\",\"datePublished\":\"2020-12-21T08:22:00+00:00\",\"dateModified\":\"2020-12-21T08:22:04+00:00\",\"description\":\"Dopo tre sconfitte consecutive, l'AS Monaco ha messo fine alla spirale di negativit\u00e0 ritrovando la strada per il successo. Questa domenica pomeriggio, gli\",\"breadcrumb\":{\"@id\":\"https:\\\/\\\/www.monaco-tribune.com\\\/it\\\/2020\\\/12\\\/ligue-1-il-monaco-torna-alla-carica-e-vince-contro-il-digione\\\/#breadcrumb\"},\"inLanguage\":\"it-IT\",\"potentialAction\":[{\"@type\":\"ReadAction\",\"target\":[\"https:\\\/\\\/www.monaco-tribune.com\\\/it\\\/2020\\\/12\\\/ligue-1-il-monaco-torna-alla-carica-e-vince-contro-il-digione\\\/\"]}]},{\"@type\":\"ImageObject\",\"inLanguage\":\"it-IT\",\"@id\":\"https:\\\/\\\/www.monaco-tribune.com\\\/it\\\/2020\\\/12\\\/ligue-1-il-monaco-torna-alla-carica-e-vince-contro-il-digione\\\/#primaryimage\",\"url\":\"https:\\\/\\\/www.monaco-tribune.com\\\/wp-content\\\/uploads\\\/2020\\\/12\\\/dijon-fco-as-monaco-ligue-1.jpeg\",\"contentUrl\":\"https:\\\/\\\/www.monaco-tribune.com\\\/wp-content\\\/uploads\\\/2020\\\/12\\\/dijon-fco-as-monaco-ligue-1.jpeg\",\"width\":1024,\"height\":683,\"caption\":\"AS Monaco\"},{\"@type\":\"BreadcrumbList\",\"@id\":\"https:\\\/\\\/www.monaco-tribune.com\\\/it\\\/2020\\\/12\\\/ligue-1-il-monaco-torna-alla-carica-e-vince-contro-il-digione\\\/#breadcrumb\",\"itemListElement\":[{\"@type\":\"ListItem\",\"position\":1,\"name\":\"Accueil\",\"item\":\"https:\\\/\\\/www.monaco-tribune.com\\\/it\\\/\"},{\"@type\":\"ListItem\",\"position\":2,\"name\":\"Ligue 1: il Monaco torna alla carica e vince contro il Digione\"}]},{\"@type\":\"WebSite\",\"@id\":\"https:\\\/\\\/www.monaco-tribune.com\\\/it\\\/#website\",\"url\":\"https:\\\/\\\/www.monaco-tribune.com\\\/it\\\/\",\"name\":\"Monaco Tribune\",\"description\":\"Monaco : actualit\u00e9s \u00e9conomiques, politiques, culturelles et sportives de Monaco et de la French Riviera.\",\"publisher\":{\"@id\":\"https:\\\/\\\/www.monaco-tribune.com\\\/it\\\/#organization\"},\"potentialAction\":[{\"@type\":\"SearchAction\",\"target\":{\"@type\":\"EntryPoint\",\"urlTemplate\":\"https:\\\/\\\/www.monaco-tribune.com\\\/it\\\/?s={search_term_string}\"},\"query-input\":{\"@type\":\"PropertyValueSpecification\",\"valueRequired\":true,\"valueName\":\"search_term_string\"}}],\"inLanguage\":\"it-IT\"},{\"@type\":\"Organization\",\"@id\":\"https:\\\/\\\/www.monaco-tribune.com\\\/it\\\/#organization\",\"name\":\"Monaco Tribune\",\"url\":\"https:\\\/\\\/www.monaco-tribune.com\\\/it\\\/\",\"logo\":{\"@type\":\"ImageObject\",\"inLanguage\":\"it-IT\",\"@id\":\"https:\\\/\\\/www.monaco-tribune.com\\\/it\\\/#\\\/schema\\\/logo\\\/image\\\/\",\"url\":\"https:\\\/\\\/www.monaco-tribune.com\\\/wp-content\\\/uploads\\\/2022\\\/11\\\/logo-monaco-tribune.png\",\"contentUrl\":\"https:\\\/\\\/www.monaco-tribune.com\\\/wp-content\\\/uploads\\\/2022\\\/11\\\/logo-monaco-tribune.png\",\"width\":1548,\"height\":600,\"caption\":\"Monaco Tribune\"},\"image\":{\"@id\":\"https:\\\/\\\/www.monaco-tribune.com\\\/it\\\/#\\\/schema\\\/logo\\\/image\\\/\"},\"sameAs\":[\"https:\\\/\\\/www.facebook.com\\\/MonacoTribune\",\"https:\\\/\\\/x.com\\\/MonacoTribune\",\"https:\\\/\\\/www.instagram.com\\\/monacotribune\\\/\",\"https:\\\/\\\/www.linkedin.com\\\/company\\\/monaco-tribune\",\"https:\\\/\\\/www.youtube.com\\\/channel\\\/UCHle1MnG6hw1y4lWKijVbMA\"]},{\"@type\":\"Person\",\"@id\":\"https:\\\/\\\/www.monaco-tribune.com\\\/it\\\/#\\\/schema\\\/person\\\/330a3732947cf8cb41b2533a0eadd62e\",\"name\":\"Romain Boisaubert\",\"image\":{\"@type\":\"ImageObject\",\"inLanguage\":\"it-IT\",\"@id\":\"https:\\\/\\\/secure.gravatar.com\\\/avatar\\\/f8b90d41f1eabd1cbe4cf59e09d8db41a697d51919bf2dfe727589a24a4a4d54?s=96&d=mm&r=g\",\"url\":\"https:\\\/\\\/secure.gravatar.com\\\/avatar\\\/f8b90d41f1eabd1cbe4cf59e09d8db41a697d51919bf2dfe727589a24a4a4d54?s=96&d=mm&r=g\",\"contentUrl\":\"https:\\\/\\\/secure.gravatar.com\\\/avatar\\\/f8b90d41f1eabd1cbe4cf59e09d8db41a697d51919bf2dfe727589a24a4a4d54?s=96&d=mm&r=g\",\"caption\":\"Romain Boisaubert\"},\"description\":\"Test bio\",\"url\":\"https:\\\/\\\/www.monaco-tribune.com\\\/it\\\/author\\\/romain-boisaubert\\\/\"}]}<\/script>\n<!-- \/ Yoast SEO Premium plugin. -->","yoast_head_json":{"title":"Ligue 1: il Monaco torna alla carica e vince contro il Digione","description":"Dopo tre sconfitte consecutive, l'AS Monaco ha messo fine alla spirale di negativit\u00e0 ritrovando la strada per il successo. Questa domenica pomeriggio, gli","robots":{"index":"index","follow":"follow","max-snippet":"max-snippet:-1","max-image-preview":"max-image-preview:large","max-video-preview":"max-video-preview:-1"},"canonical":"https:\/\/www.monaco-tribune.com\/it\/2020\/12\/ligue-1-il-monaco-torna-alla-carica-e-vince-contro-il-digione\/","og_locale":"it_IT","og_type":"article","og_title":"Ligue 1: il Monaco torna alla carica e vince contro il Digione - Monaco Tribune","og_description":"Dopo tre sconfitte consecutive, l'AS Monaco ha messo fine alla spirale di negativit\u00e0 ritrovando la strada per il successo. Questa domenica pomeriggio, gli","og_url":"https:\/\/www.monaco-tribune.com\/it\/2020\/12\/ligue-1-il-monaco-torna-alla-carica-e-vince-contro-il-digione\/","og_site_name":"Monaco Tribune","article_publisher":"https:\/\/www.facebook.com\/MonacoTribune","article_published_time":"2020-12-21T08:22:00+00:00","article_modified_time":"2020-12-21T08:22:04+00:00","og_image":[{"width":1024,"height":683,"url":"https:\/\/www.monaco-tribune.com\/wp-content\/uploads\/2020\/12\/dijon-fco-as-monaco-ligue-1.jpeg","type":"image\/jpeg"}],"author":"Romain Boisaubert","twitter_card":"summary_large_image","twitter_creator":"@MonacoTribune","twitter_site":"@MonacoTribune","schema":{"@context":"https:\/\/schema.org","@graph":[{"@type":"NewsArticle","@id":"https:\/\/www.monaco-tribune.com\/it\/2020\/12\/ligue-1-il-monaco-torna-alla-carica-e-vince-contro-il-digione\/#article","isPartOf":{"@id":"https:\/\/www.monaco-tribune.com\/it\/2020\/12\/ligue-1-il-monaco-torna-alla-carica-e-vince-contro-il-digione\/"},"author":{"name":"Romain Boisaubert","@id":"https:\/\/www.monaco-tribune.com\/it\/#\/schema\/person\/330a3732947cf8cb41b2533a0eadd62e"},"headline":"Ligue 1: il Monaco torna alla carica e vince contro il Digione","datePublished":"2020-12-21T08:22:00+00:00","dateModified":"2020-12-21T08:22:04+00:00","mainEntityOfPage":{"@id":"https:\/\/www.monaco-tribune.com\/it\/2020\/12\/ligue-1-il-monaco-torna-alla-carica-e-vince-contro-il-digione\/"},"wordCount":299,"publisher":{"@id":"https:\/\/www.monaco-tribune.com\/it\/#organization"},"image":{"@id":"https:\/\/www.monaco-tribune.com\/it\/2020\/12\/ligue-1-il-monaco-torna-alla-carica-e-vince-contro-il-digione\/#primaryimage"},"thumbnailUrl":"https:\/\/www.monaco-tribune.com\/wp-content\/uploads\/2020\/12\/dijon-fco-as-monaco-ligue-1.jpeg","keywords":["AS Monaco"],"articleSection":["Notizie","Sport"],"inLanguage":"it-IT","copyrightYear":"2020","copyrightHolder":{"@id":"https:\/\/www.monaco-tribune.com\/#organization"}},{"@type":"WebPage","@id":"https:\/\/www.monaco-tribune.com\/it\/2020\/12\/ligue-1-il-monaco-torna-alla-carica-e-vince-contro-il-digione\/","url":"https:\/\/www.monaco-tribune.com\/it\/2020\/12\/ligue-1-il-monaco-torna-alla-carica-e-vince-contro-il-digione\/","name":"Ligue 1: il Monaco torna alla carica e vince contro il Digione","isPartOf":{"@id":"https:\/\/www.monaco-tribune.com\/it\/#website"},"primaryImageOfPage":{"@id":"https:\/\/www.monaco-tribune.com\/it\/2020\/12\/ligue-1-il-monaco-torna-alla-carica-e-vince-contro-il-digione\/#primaryimage"},"image":{"@id":"https:\/\/www.monaco-tribune.com\/it\/2020\/12\/ligue-1-il-monaco-torna-alla-carica-e-vince-contro-il-digione\/#primaryimage"},"thumbnailUrl":"https:\/\/www.monaco-tribune.com\/wp-content\/uploads\/2020\/12\/dijon-fco-as-monaco-ligue-1.jpeg","datePublished":"2020-12-21T08:22:00+00:00","dateModified":"2020-12-21T08:22:04+00:00","description":"Dopo tre sconfitte consecutive, l'AS Monaco ha messo fine alla spirale di negativit\u00e0 ritrovando la strada per il successo. Questa domenica pomeriggio, gli","breadcrumb":{"@id":"https:\/\/www.monaco-tribune.com\/it\/2020\/12\/ligue-1-il-monaco-torna-alla-carica-e-vince-contro-il-digione\/#breadcrumb"},"inLanguage":"it-IT","potentialAction":[{"@type":"ReadAction","target":["https:\/\/www.monaco-tribune.com\/it\/2020\/12\/ligue-1-il-monaco-torna-alla-carica-e-vince-contro-il-digione\/"]}]},{"@type":"ImageObject","inLanguage":"it-IT","@id":"https:\/\/www.monaco-tribune.com\/it\/2020\/12\/ligue-1-il-monaco-torna-alla-carica-e-vince-contro-il-digione\/#primaryimage","url":"https:\/\/www.monaco-tribune.com\/wp-content\/uploads\/2020\/12\/dijon-fco-as-monaco-ligue-1.jpeg","contentUrl":"https:\/\/www.monaco-tribune.com\/wp-content\/uploads\/2020\/12\/dijon-fco-as-monaco-ligue-1.jpeg","width":1024,"height":683,"caption":"AS Monaco"},{"@type":"BreadcrumbList","@id":"https:\/\/www.monaco-tribune.com\/it\/2020\/12\/ligue-1-il-monaco-torna-alla-carica-e-vince-contro-il-digione\/#breadcrumb","itemListElement":[{"@type":"ListItem","position":1,"name":"Accueil","item":"https:\/\/www.monaco-tribune.com\/it\/"},{"@type":"ListItem","position":2,"name":"Ligue 1: il Monaco torna alla carica e vince contro il Digione"}]},{"@type":"WebSite","@id":"https:\/\/www.monaco-tribune.com\/it\/#website","url":"https:\/\/www.monaco-tribune.com\/it\/","name":"Monaco Tribune","description":"Monaco : actualit\u00e9s \u00e9conomiques, politiques, culturelles et sportives de Monaco et de la French Riviera.","publisher":{"@id":"https:\/\/www.monaco-tribune.com\/it\/#organization"},"potentialAction":[{"@type":"SearchAction","target":{"@type":"EntryPoint","urlTemplate":"https:\/\/www.monaco-tribune.com\/it\/?s={search_term_string}"},"query-input":{"@type":"PropertyValueSpecification","valueRequired":true,"valueName":"search_term_string"}}],"inLanguage":"it-IT"},{"@type":"Organization","@id":"https:\/\/www.monaco-tribune.com\/it\/#organization","name":"Monaco Tribune","url":"https:\/\/www.monaco-tribune.com\/it\/","logo":{"@type":"ImageObject","inLanguage":"it-IT","@id":"https:\/\/www.monaco-tribune.com\/it\/#\/schema\/logo\/image\/","url":"https:\/\/www.monaco-tribune.com\/wp-content\/uploads\/2022\/11\/logo-monaco-tribune.png","contentUrl":"https:\/\/www.monaco-tribune.com\/wp-content\/uploads\/2022\/11\/logo-monaco-tribune.png","width":1548,"height":600,"caption":"Monaco Tribune"},"image":{"@id":"https:\/\/www.monaco-tribune.com\/it\/#\/schema\/logo\/image\/"},"sameAs":["https:\/\/www.facebook.com\/MonacoTribune","https:\/\/x.com\/MonacoTribune","https:\/\/www.instagram.com\/monacotribune\/","https:\/\/www.linkedin.com\/company\/monaco-tribune","https:\/\/www.youtube.com\/channel\/UCHle1MnG6hw1y4lWKijVbMA"]},{"@type":"Person","@id":"https:\/\/www.monaco-tribune.com\/it\/#\/schema\/person\/330a3732947cf8cb41b2533a0eadd62e","name":"Romain Boisaubert","image":{"@type":"ImageObject","inLanguage":"it-IT","@id":"https:\/\/secure.gravatar.com\/avatar\/f8b90d41f1eabd1cbe4cf59e09d8db41a697d51919bf2dfe727589a24a4a4d54?s=96&d=mm&r=g","url":"https:\/\/secure.gravatar.com\/avatar\/f8b90d41f1eabd1cbe4cf59e09d8db41a697d51919bf2dfe727589a24a4a4d54?s=96&d=mm&r=g","contentUrl":"https:\/\/secure.gravatar.com\/avatar\/f8b90d41f1eabd1cbe4cf59e09d8db41a697d51919bf2dfe727589a24a4a4d54?s=96&d=mm&r=g","caption":"Romain Boisaubert"},"description":"Test bio","url":"https:\/\/www.monaco-tribune.com\/it\/author\/romain-boisaubert\/"}]}},"_links":{"self":[{"href":"https:\/\/www.monaco-tribune.com\/it\/wp-json\/wp\/v2\/posts\/59766","targetHints":{"allow":["GET"]}}],"collection":[{"href":"https:\/\/www.monaco-tribune.com\/it\/wp-json\/wp\/v2\/posts"}],"about":[{"href":"https:\/\/www.monaco-tribune.com\/it\/wp-json\/wp\/v2\/types\/post"}],"author":[{"embeddable":true,"href":"https:\/\/www.monaco-tribune.com\/it\/wp-json\/wp\/v2\/users\/24"}],"replies":[{"embeddable":true,"href":"https:\/\/www.monaco-tribune.com\/it\/wp-json\/wp\/v2\/comments?post=59766"}],"version-history":[{"count":0,"href":"https:\/\/www.monaco-tribune.com\/it\/wp-json\/wp\/v2\/posts\/59766\/revisions"}],"wp:featuredmedia":[{"embeddable":true,"href":"https:\/\/www.monaco-tribune.com\/it\/wp-json\/wp\/v2\/media\/59636"}],"wp:attachment":[{"href":"https:\/\/www.monaco-tribune.com\/it\/wp-json\/wp\/v2\/media?parent=59766"}],"wp:term":[{"taxonomy":"category","embeddable":true,"href":"https:\/\/www.monaco-tribune.com\/it\/wp-json\/wp\/v2\/categories?post=59766"},{"taxonomy":"post_tag","embeddable":true,"href":"https:\/\/www.monaco-tribune.com\/it\/wp-json\/wp\/v2\/tags?post=59766"},{"taxonomy":"sectag","embeddable":true,"href":"https:\/\/www.monaco-tribune.com\/it\/wp-json\/wp\/v2\/post_sectags?post=59766"},{"taxonomy":"format","embeddable":true,"href":"https:\/\/www.monaco-tribune.com\/it\/wp-json\/wp\/v2\/post_format?post=59766"}],"curies":[{"name":"wp","href":"https:\/\/api.w.org\/{rel}","templated":true}]}}