{"id":59809,"date":"2020-12-21T10:50:06","date_gmt":"2020-12-21T09:50:06","guid":{"rendered":"https:\/\/www.monaco-tribune.com\/2020\/12\/il-principe-alberto-e-il-patrimonio-artistico-donazione-per-restaurare-un-arco-in-ferro-battutto-nella-citta-di-cherbourg\/"},"modified":"2020-12-22T10:57:30","modified_gmt":"2020-12-22T09:57:30","slug":"il-principe-alberto-e-il-patrimonio-artistico-donazione-per-restaurare-un-arco-in-ferro-battutto-nella-citta-di-cherbourg","status":"publish","type":"post","link":"https:\/\/www.monaco-tribune.com\/it\/2020\/12\/il-principe-alberto-e-il-patrimonio-artistico-donazione-per-restaurare-un-arco-in-ferro-battutto-nella-citta-di-cherbourg\/","title":{"rendered":"Il Principe Alberto e l\u2019arte: donazione per restaurare un arco in ferro nella citt\u00e0 di Cherbourg"},"content":{"rendered":"\n<p><strong>Il 9 dicembre, il Principe Alberto II di Monaco ha fatto una donazione di 1.100 euro all&#8217;associazione<\/strong> <em><strong>Bienvenue rue des Foss\u00e9s \u2013 Cherbourg et son Histoire,<\/strong><\/em><strong> con l&#8217;obiettivo di restaurare un arco in ferro battuto che si trova nel centro della citt\u00e0 di Cherbourg.<\/strong><\/p>\n\n<p>Il Principe Alberto II ha dato prova, ancora una volta, di generosit\u00e0 nei confronti del patrimonio della citt\u00e0 francese di Cherbourg. La donazione \u00e8 destinata al restauro dell&#8217;arco in ferro battuto che si trova in Rue des Fouss\u00e9s, nel centro della citt\u00e0. In nome del legame storico che unisce la famiglia Grimaldi a Cherbourg, il Sovrano generoso ha versato una donazione di 1.100 euro all&#8217;associazione <em>Bienvenue rue des Foss\u00e9s \u2013 Cherbourg et son Histoire<\/em>. L&#8217;obiettivo \u00e8 quello di ridare lustro all&#8217;arco che si trova nel centro pedonale della citt\u00e0.<\/p>\n\n<blockquote class=\"wp-block-quote is-layout-flow wp-block-quote-is-layout-flow\"><p>\u00c8 un vero gesto di amicizia nei confronti degli abitanti di Cherbourg<\/p><cite>Nicolas Calluaud<\/cite><\/blockquote>\n\n<h2 class=\"wp-block-heading\" id=\"h-vers-un-autre-coloris\">Ridare nuova vita all&#8217;arco<\/h2>\n\n<p>L&#8217;arco in ferro battuto \u00e8 stato realizzato trent&#8217;anni fa e da allora non era mai pi\u00f9 stato toccato. &#8220;Vedevo questo grande arco in uno stato veramente pessimo e un simbolo di Cherbourg sbiadire in pieno centro citt\u00e0&#8221;, ha affermato con tristezza Nicolas Callaud, leader del partito democratico e indipendente e famoso per il suo amore per la cultura di Cherbourg. &#8220;Penso che sar\u00e0 necessario cambiare il colore da blu ad azzurro&#8221;, ha aggiunto Callaud, che prevede di contattare il sindaco di Cherbourg per una consulenza tecnica sulla citt\u00e0.<\/p>\n","protected":false},"excerpt":{"rendered":"<p>Il 9 dicembre, il Principe Alberto II di Monaco ha fatto una donazione di 1.100 euro all&#8217;associazione Bienvenue rue des [&hellip;]<\/p>\n","protected":false},"author":41,"featured_media":59379,"comment_status":"closed","ping_status":"closed","sticky":false,"template":"","format":"standard","meta":{"_acf_changed":false,"footnotes":""},"categories":[1742,1738],"tags":[2986],"post_sectags":[],"post_format":[2478],"class_list":["post-59809","post","type-post","status-publish","format-standard","has-post-thumbnail","hentry","category-famiglia-principesca","category-notizie","tag-principe-alberto-ii","format-notizia"],"acf":[],"yoast_head":"<!-- This site is optimized with the Yoast SEO Premium plugin v26.8 (Yoast SEO v27.4) - https:\/\/yoast.com\/product\/yoast-seo-premium-wordpress\/ -->\n<title>Il Principe Alberto e l\u2019arte: donazione per restaurare un arco in ferro nella citt\u00e0 di Cherbourg<\/title>\n<meta name=\"description\" content=\"Il 9 dicembre, il Principe Alberto II di Monaco ha fatto una donazione di 1.100 euro all&#039;associazione Bienvenue rue des Foss\u00e9s \u2013 Cherbourg et son\" \/>\n<meta name=\"robots\" content=\"index, follow, max-snippet:-1, max-image-preview:large, max-video-preview:-1\" \/>\n<link rel=\"canonical\" href=\"https:\/\/www.monaco-tribune.com\/it\/2020\/12\/il-principe-alberto-e-il-patrimonio-artistico-donazione-per-restaurare-un-arco-in-ferro-battutto-nella-citta-di-cherbourg\/\" \/>\n<meta property=\"og:locale\" content=\"it_IT\" \/>\n<meta property=\"og:type\" content=\"article\" \/>\n<meta property=\"og:title\" content=\"Il Principe Alberto e l\u2019arte: donazione per restaurare un arco in ferro nella citt\u00e0 di Cherbourg - Monaco Tribune\" \/>\n<meta property=\"og:description\" content=\"Il 9 dicembre, il Principe Alberto II di Monaco ha fatto una donazione di 1.100 euro all&#039;associazione Bienvenue rue des Foss\u00e9s \u2013 Cherbourg et son\" \/>\n<meta property=\"og:url\" content=\"https:\/\/www.monaco-tribune.com\/it\/2020\/12\/il-principe-alberto-e-il-patrimonio-artistico-donazione-per-restaurare-un-arco-in-ferro-battutto-nella-citta-di-cherbourg\/\" \/>\n<meta property=\"og:site_name\" content=\"Monaco Tribune\" \/>\n<meta property=\"article:publisher\" content=\"https:\/\/www.facebook.com\/MonacoTribune\" \/>\n<meta property=\"article:published_time\" content=\"2020-12-21T09:50:06+00:00\" \/>\n<meta property=\"article:modified_time\" content=\"2020-12-22T09:57:30+00:00\" \/>\n<meta property=\"og:image\" content=\"https:\/\/www.monaco-tribune.com\/wp-content\/uploads\/2020\/12\/rue-des-fosses-cherbourg.jpg\" \/>\n\t<meta property=\"og:image:width\" content=\"960\" \/>\n\t<meta property=\"og:image:height\" content=\"640\" \/>\n\t<meta property=\"og:image:type\" content=\"image\/jpeg\" \/>\n<meta name=\"author\" content=\"Nassima Errami\" \/>\n<meta name=\"twitter:card\" content=\"summary_large_image\" \/>\n<meta name=\"twitter:creator\" content=\"@MonacoTribune\" \/>\n<meta name=\"twitter:site\" content=\"@MonacoTribune\" \/>\n<script type=\"application\/ld+json\" class=\"yoast-schema-graph\">{\"@context\":\"https:\\\/\\\/schema.org\",\"@graph\":[{\"@type\":\"NewsArticle\",\"@id\":\"https:\\\/\\\/www.monaco-tribune.com\\\/it\\\/2020\\\/12\\\/il-principe-alberto-e-il-patrimonio-artistico-donazione-per-restaurare-un-arco-in-ferro-battutto-nella-citta-di-cherbourg\\\/#article\",\"isPartOf\":{\"@id\":\"https:\\\/\\\/www.monaco-tribune.com\\\/it\\\/2020\\\/12\\\/il-principe-alberto-e-il-patrimonio-artistico-donazione-per-restaurare-un-arco-in-ferro-battutto-nella-citta-di-cherbourg\\\/\"},\"author\":{\"name\":\"Nassima Errami\",\"@id\":\"https:\\\/\\\/www.monaco-tribune.com\\\/it\\\/#\\\/schema\\\/person\\\/3814f045714aae4bb4abbfb04158f169\"},\"headline\":\"Il Principe Alberto e l\u2019arte: donazione per restaurare un arco in ferro nella citt\u00e0 di Cherbourg\",\"datePublished\":\"2020-12-21T09:50:06+00:00\",\"dateModified\":\"2020-12-22T09:57:30+00:00\",\"mainEntityOfPage\":{\"@id\":\"https:\\\/\\\/www.monaco-tribune.com\\\/it\\\/2020\\\/12\\\/il-principe-alberto-e-il-patrimonio-artistico-donazione-per-restaurare-un-arco-in-ferro-battutto-nella-citta-di-cherbourg\\\/\"},\"wordCount\":259,\"publisher\":{\"@id\":\"https:\\\/\\\/www.monaco-tribune.com\\\/it\\\/#organization\"},\"image\":{\"@id\":\"https:\\\/\\\/www.monaco-tribune.com\\\/it\\\/2020\\\/12\\\/il-principe-alberto-e-il-patrimonio-artistico-donazione-per-restaurare-un-arco-in-ferro-battutto-nella-citta-di-cherbourg\\\/#primaryimage\"},\"thumbnailUrl\":\"https:\\\/\\\/www.monaco-tribune.com\\\/wp-content\\\/uploads\\\/2020\\\/12\\\/rue-des-fosses-cherbourg.jpg\",\"keywords\":[\"Principe Alberto II\"],\"articleSection\":[\"Famiglia Principesca\",\"Notizie\"],\"inLanguage\":\"it-IT\",\"copyrightYear\":\"2020\",\"copyrightHolder\":{\"@id\":\"https:\\\/\\\/www.monaco-tribune.com\\\/#organization\"}},{\"@type\":\"WebPage\",\"@id\":\"https:\\\/\\\/www.monaco-tribune.com\\\/it\\\/2020\\\/12\\\/il-principe-alberto-e-il-patrimonio-artistico-donazione-per-restaurare-un-arco-in-ferro-battutto-nella-citta-di-cherbourg\\\/\",\"url\":\"https:\\\/\\\/www.monaco-tribune.com\\\/it\\\/2020\\\/12\\\/il-principe-alberto-e-il-patrimonio-artistico-donazione-per-restaurare-un-arco-in-ferro-battutto-nella-citta-di-cherbourg\\\/\",\"name\":\"Il Principe Alberto e l\u2019arte: donazione per restaurare un arco in ferro nella citt\u00e0 di Cherbourg\",\"isPartOf\":{\"@id\":\"https:\\\/\\\/www.monaco-tribune.com\\\/it\\\/#website\"},\"primaryImageOfPage\":{\"@id\":\"https:\\\/\\\/www.monaco-tribune.com\\\/it\\\/2020\\\/12\\\/il-principe-alberto-e-il-patrimonio-artistico-donazione-per-restaurare-un-arco-in-ferro-battutto-nella-citta-di-cherbourg\\\/#primaryimage\"},\"image\":{\"@id\":\"https:\\\/\\\/www.monaco-tribune.com\\\/it\\\/2020\\\/12\\\/il-principe-alberto-e-il-patrimonio-artistico-donazione-per-restaurare-un-arco-in-ferro-battutto-nella-citta-di-cherbourg\\\/#primaryimage\"},\"thumbnailUrl\":\"https:\\\/\\\/www.monaco-tribune.com\\\/wp-content\\\/uploads\\\/2020\\\/12\\\/rue-des-fosses-cherbourg.jpg\",\"datePublished\":\"2020-12-21T09:50:06+00:00\",\"dateModified\":\"2020-12-22T09:57:30+00:00\",\"description\":\"Il 9 dicembre, il Principe Alberto II di Monaco ha fatto una donazione di 1.100 euro all'associazione Bienvenue rue des Foss\u00e9s \u2013 Cherbourg et son\",\"breadcrumb\":{\"@id\":\"https:\\\/\\\/www.monaco-tribune.com\\\/it\\\/2020\\\/12\\\/il-principe-alberto-e-il-patrimonio-artistico-donazione-per-restaurare-un-arco-in-ferro-battutto-nella-citta-di-cherbourg\\\/#breadcrumb\"},\"inLanguage\":\"it-IT\",\"potentialAction\":[{\"@type\":\"ReadAction\",\"target\":[\"https:\\\/\\\/www.monaco-tribune.com\\\/it\\\/2020\\\/12\\\/il-principe-alberto-e-il-patrimonio-artistico-donazione-per-restaurare-un-arco-in-ferro-battutto-nella-citta-di-cherbourg\\\/\"]}]},{\"@type\":\"ImageObject\",\"inLanguage\":\"it-IT\",\"@id\":\"https:\\\/\\\/www.monaco-tribune.com\\\/it\\\/2020\\\/12\\\/il-principe-alberto-e-il-patrimonio-artistico-donazione-per-restaurare-un-arco-in-ferro-battutto-nella-citta-di-cherbourg\\\/#primaryimage\",\"url\":\"https:\\\/\\\/www.monaco-tribune.com\\\/wp-content\\\/uploads\\\/2020\\\/12\\\/rue-des-fosses-cherbourg.jpg\",\"contentUrl\":\"https:\\\/\\\/www.monaco-tribune.com\\\/wp-content\\\/uploads\\\/2020\\\/12\\\/rue-des-fosses-cherbourg.jpg\",\"width\":960,\"height\":640,\"caption\":\"Coraline Berrat\"},{\"@type\":\"BreadcrumbList\",\"@id\":\"https:\\\/\\\/www.monaco-tribune.com\\\/it\\\/2020\\\/12\\\/il-principe-alberto-e-il-patrimonio-artistico-donazione-per-restaurare-un-arco-in-ferro-battutto-nella-citta-di-cherbourg\\\/#breadcrumb\",\"itemListElement\":[{\"@type\":\"ListItem\",\"position\":1,\"name\":\"Accueil\",\"item\":\"https:\\\/\\\/www.monaco-tribune.com\\\/it\\\/\"},{\"@type\":\"ListItem\",\"position\":2,\"name\":\"Il Principe Alberto e l\u2019arte: donazione per restaurare un arco in ferro nella citt\u00e0 di Cherbourg\"}]},{\"@type\":\"WebSite\",\"@id\":\"https:\\\/\\\/www.monaco-tribune.com\\\/it\\\/#website\",\"url\":\"https:\\\/\\\/www.monaco-tribune.com\\\/it\\\/\",\"name\":\"Monaco Tribune\",\"description\":\"Monaco : actualit\u00e9s \u00e9conomiques, politiques, culturelles et sportives de Monaco et de la French Riviera.\",\"publisher\":{\"@id\":\"https:\\\/\\\/www.monaco-tribune.com\\\/it\\\/#organization\"},\"potentialAction\":[{\"@type\":\"SearchAction\",\"target\":{\"@type\":\"EntryPoint\",\"urlTemplate\":\"https:\\\/\\\/www.monaco-tribune.com\\\/it\\\/?s={search_term_string}\"},\"query-input\":{\"@type\":\"PropertyValueSpecification\",\"valueRequired\":true,\"valueName\":\"search_term_string\"}}],\"inLanguage\":\"it-IT\"},{\"@type\":\"Organization\",\"@id\":\"https:\\\/\\\/www.monaco-tribune.com\\\/it\\\/#organization\",\"name\":\"Monaco Tribune\",\"url\":\"https:\\\/\\\/www.monaco-tribune.com\\\/it\\\/\",\"logo\":{\"@type\":\"ImageObject\",\"inLanguage\":\"it-IT\",\"@id\":\"https:\\\/\\\/www.monaco-tribune.com\\\/it\\\/#\\\/schema\\\/logo\\\/image\\\/\",\"url\":\"https:\\\/\\\/www.monaco-tribune.com\\\/wp-content\\\/uploads\\\/2022\\\/11\\\/logo-monaco-tribune.png\",\"contentUrl\":\"https:\\\/\\\/www.monaco-tribune.com\\\/wp-content\\\/uploads\\\/2022\\\/11\\\/logo-monaco-tribune.png\",\"width\":1548,\"height\":600,\"caption\":\"Monaco Tribune\"},\"image\":{\"@id\":\"https:\\\/\\\/www.monaco-tribune.com\\\/it\\\/#\\\/schema\\\/logo\\\/image\\\/\"},\"sameAs\":[\"https:\\\/\\\/www.facebook.com\\\/MonacoTribune\",\"https:\\\/\\\/x.com\\\/MonacoTribune\",\"https:\\\/\\\/www.instagram.com\\\/monacotribune\\\/\",\"https:\\\/\\\/www.linkedin.com\\\/company\\\/monaco-tribune\",\"https:\\\/\\\/www.youtube.com\\\/channel\\\/UCHle1MnG6hw1y4lWKijVbMA\"]},{\"@type\":\"Person\",\"@id\":\"https:\\\/\\\/www.monaco-tribune.com\\\/it\\\/#\\\/schema\\\/person\\\/3814f045714aae4bb4abbfb04158f169\",\"name\":\"Nassima Errami\",\"image\":{\"@type\":\"ImageObject\",\"inLanguage\":\"it-IT\",\"@id\":\"https:\\\/\\\/secure.gravatar.com\\\/avatar\\\/3c0c0266375bc79b6d945c432ea8992d44782f7779ffe49a3d62b6ce4d6a23e0?s=96&d=mm&r=g\",\"url\":\"https:\\\/\\\/secure.gravatar.com\\\/avatar\\\/3c0c0266375bc79b6d945c432ea8992d44782f7779ffe49a3d62b6ce4d6a23e0?s=96&d=mm&r=g\",\"contentUrl\":\"https:\\\/\\\/secure.gravatar.com\\\/avatar\\\/3c0c0266375bc79b6d945c432ea8992d44782f7779ffe49a3d62b6ce4d6a23e0?s=96&d=mm&r=g\",\"caption\":\"Nassima Errami\"},\"url\":\"https:\\\/\\\/www.monaco-tribune.com\\\/it\\\/author\\\/nassimaerrami\\\/\"}]}<\/script>\n<!-- \/ Yoast SEO Premium plugin. -->","yoast_head_json":{"title":"Il Principe Alberto e l\u2019arte: donazione per restaurare un arco in ferro nella citt\u00e0 di Cherbourg","description":"Il 9 dicembre, il Principe Alberto II di Monaco ha fatto una donazione di 1.100 euro all'associazione Bienvenue rue des Foss\u00e9s \u2013 Cherbourg et son","robots":{"index":"index","follow":"follow","max-snippet":"max-snippet:-1","max-image-preview":"max-image-preview:large","max-video-preview":"max-video-preview:-1"},"canonical":"https:\/\/www.monaco-tribune.com\/it\/2020\/12\/il-principe-alberto-e-il-patrimonio-artistico-donazione-per-restaurare-un-arco-in-ferro-battutto-nella-citta-di-cherbourg\/","og_locale":"it_IT","og_type":"article","og_title":"Il Principe Alberto e l\u2019arte: donazione per restaurare un arco in ferro nella citt\u00e0 di Cherbourg - Monaco Tribune","og_description":"Il 9 dicembre, il Principe Alberto II di Monaco ha fatto una donazione di 1.100 euro all'associazione Bienvenue rue des Foss\u00e9s \u2013 Cherbourg et son","og_url":"https:\/\/www.monaco-tribune.com\/it\/2020\/12\/il-principe-alberto-e-il-patrimonio-artistico-donazione-per-restaurare-un-arco-in-ferro-battutto-nella-citta-di-cherbourg\/","og_site_name":"Monaco Tribune","article_publisher":"https:\/\/www.facebook.com\/MonacoTribune","article_published_time":"2020-12-21T09:50:06+00:00","article_modified_time":"2020-12-22T09:57:30+00:00","og_image":[{"width":960,"height":640,"url":"https:\/\/www.monaco-tribune.com\/wp-content\/uploads\/2020\/12\/rue-des-fosses-cherbourg.jpg","type":"image\/jpeg"}],"author":"Nassima Errami","twitter_card":"summary_large_image","twitter_creator":"@MonacoTribune","twitter_site":"@MonacoTribune","schema":{"@context":"https:\/\/schema.org","@graph":[{"@type":"NewsArticle","@id":"https:\/\/www.monaco-tribune.com\/it\/2020\/12\/il-principe-alberto-e-il-patrimonio-artistico-donazione-per-restaurare-un-arco-in-ferro-battutto-nella-citta-di-cherbourg\/#article","isPartOf":{"@id":"https:\/\/www.monaco-tribune.com\/it\/2020\/12\/il-principe-alberto-e-il-patrimonio-artistico-donazione-per-restaurare-un-arco-in-ferro-battutto-nella-citta-di-cherbourg\/"},"author":{"name":"Nassima Errami","@id":"https:\/\/www.monaco-tribune.com\/it\/#\/schema\/person\/3814f045714aae4bb4abbfb04158f169"},"headline":"Il Principe Alberto e l\u2019arte: donazione per restaurare un arco in ferro nella citt\u00e0 di Cherbourg","datePublished":"2020-12-21T09:50:06+00:00","dateModified":"2020-12-22T09:57:30+00:00","mainEntityOfPage":{"@id":"https:\/\/www.monaco-tribune.com\/it\/2020\/12\/il-principe-alberto-e-il-patrimonio-artistico-donazione-per-restaurare-un-arco-in-ferro-battutto-nella-citta-di-cherbourg\/"},"wordCount":259,"publisher":{"@id":"https:\/\/www.monaco-tribune.com\/it\/#organization"},"image":{"@id":"https:\/\/www.monaco-tribune.com\/it\/2020\/12\/il-principe-alberto-e-il-patrimonio-artistico-donazione-per-restaurare-un-arco-in-ferro-battutto-nella-citta-di-cherbourg\/#primaryimage"},"thumbnailUrl":"https:\/\/www.monaco-tribune.com\/wp-content\/uploads\/2020\/12\/rue-des-fosses-cherbourg.jpg","keywords":["Principe Alberto II"],"articleSection":["Famiglia Principesca","Notizie"],"inLanguage":"it-IT","copyrightYear":"2020","copyrightHolder":{"@id":"https:\/\/www.monaco-tribune.com\/#organization"}},{"@type":"WebPage","@id":"https:\/\/www.monaco-tribune.com\/it\/2020\/12\/il-principe-alberto-e-il-patrimonio-artistico-donazione-per-restaurare-un-arco-in-ferro-battutto-nella-citta-di-cherbourg\/","url":"https:\/\/www.monaco-tribune.com\/it\/2020\/12\/il-principe-alberto-e-il-patrimonio-artistico-donazione-per-restaurare-un-arco-in-ferro-battutto-nella-citta-di-cherbourg\/","name":"Il Principe Alberto e l\u2019arte: donazione per restaurare un arco in ferro nella citt\u00e0 di Cherbourg","isPartOf":{"@id":"https:\/\/www.monaco-tribune.com\/it\/#website"},"primaryImageOfPage":{"@id":"https:\/\/www.monaco-tribune.com\/it\/2020\/12\/il-principe-alberto-e-il-patrimonio-artistico-donazione-per-restaurare-un-arco-in-ferro-battutto-nella-citta-di-cherbourg\/#primaryimage"},"image":{"@id":"https:\/\/www.monaco-tribune.com\/it\/2020\/12\/il-principe-alberto-e-il-patrimonio-artistico-donazione-per-restaurare-un-arco-in-ferro-battutto-nella-citta-di-cherbourg\/#primaryimage"},"thumbnailUrl":"https:\/\/www.monaco-tribune.com\/wp-content\/uploads\/2020\/12\/rue-des-fosses-cherbourg.jpg","datePublished":"2020-12-21T09:50:06+00:00","dateModified":"2020-12-22T09:57:30+00:00","description":"Il 9 dicembre, il Principe Alberto II di Monaco ha fatto una donazione di 1.100 euro all'associazione Bienvenue rue des Foss\u00e9s \u2013 Cherbourg et son","breadcrumb":{"@id":"https:\/\/www.monaco-tribune.com\/it\/2020\/12\/il-principe-alberto-e-il-patrimonio-artistico-donazione-per-restaurare-un-arco-in-ferro-battutto-nella-citta-di-cherbourg\/#breadcrumb"},"inLanguage":"it-IT","potentialAction":[{"@type":"ReadAction","target":["https:\/\/www.monaco-tribune.com\/it\/2020\/12\/il-principe-alberto-e-il-patrimonio-artistico-donazione-per-restaurare-un-arco-in-ferro-battutto-nella-citta-di-cherbourg\/"]}]},{"@type":"ImageObject","inLanguage":"it-IT","@id":"https:\/\/www.monaco-tribune.com\/it\/2020\/12\/il-principe-alberto-e-il-patrimonio-artistico-donazione-per-restaurare-un-arco-in-ferro-battutto-nella-citta-di-cherbourg\/#primaryimage","url":"https:\/\/www.monaco-tribune.com\/wp-content\/uploads\/2020\/12\/rue-des-fosses-cherbourg.jpg","contentUrl":"https:\/\/www.monaco-tribune.com\/wp-content\/uploads\/2020\/12\/rue-des-fosses-cherbourg.jpg","width":960,"height":640,"caption":"Coraline Berrat"},{"@type":"BreadcrumbList","@id":"https:\/\/www.monaco-tribune.com\/it\/2020\/12\/il-principe-alberto-e-il-patrimonio-artistico-donazione-per-restaurare-un-arco-in-ferro-battutto-nella-citta-di-cherbourg\/#breadcrumb","itemListElement":[{"@type":"ListItem","position":1,"name":"Accueil","item":"https:\/\/www.monaco-tribune.com\/it\/"},{"@type":"ListItem","position":2,"name":"Il Principe Alberto e l\u2019arte: donazione per restaurare un arco in ferro nella citt\u00e0 di Cherbourg"}]},{"@type":"WebSite","@id":"https:\/\/www.monaco-tribune.com\/it\/#website","url":"https:\/\/www.monaco-tribune.com\/it\/","name":"Monaco Tribune","description":"Monaco : actualit\u00e9s \u00e9conomiques, politiques, culturelles et sportives de Monaco et de la French Riviera.","publisher":{"@id":"https:\/\/www.monaco-tribune.com\/it\/#organization"},"potentialAction":[{"@type":"SearchAction","target":{"@type":"EntryPoint","urlTemplate":"https:\/\/www.monaco-tribune.com\/it\/?s={search_term_string}"},"query-input":{"@type":"PropertyValueSpecification","valueRequired":true,"valueName":"search_term_string"}}],"inLanguage":"it-IT"},{"@type":"Organization","@id":"https:\/\/www.monaco-tribune.com\/it\/#organization","name":"Monaco Tribune","url":"https:\/\/www.monaco-tribune.com\/it\/","logo":{"@type":"ImageObject","inLanguage":"it-IT","@id":"https:\/\/www.monaco-tribune.com\/it\/#\/schema\/logo\/image\/","url":"https:\/\/www.monaco-tribune.com\/wp-content\/uploads\/2022\/11\/logo-monaco-tribune.png","contentUrl":"https:\/\/www.monaco-tribune.com\/wp-content\/uploads\/2022\/11\/logo-monaco-tribune.png","width":1548,"height":600,"caption":"Monaco Tribune"},"image":{"@id":"https:\/\/www.monaco-tribune.com\/it\/#\/schema\/logo\/image\/"},"sameAs":["https:\/\/www.facebook.com\/MonacoTribune","https:\/\/x.com\/MonacoTribune","https:\/\/www.instagram.com\/monacotribune\/","https:\/\/www.linkedin.com\/company\/monaco-tribune","https:\/\/www.youtube.com\/channel\/UCHle1MnG6hw1y4lWKijVbMA"]},{"@type":"Person","@id":"https:\/\/www.monaco-tribune.com\/it\/#\/schema\/person\/3814f045714aae4bb4abbfb04158f169","name":"Nassima Errami","image":{"@type":"ImageObject","inLanguage":"it-IT","@id":"https:\/\/secure.gravatar.com\/avatar\/3c0c0266375bc79b6d945c432ea8992d44782f7779ffe49a3d62b6ce4d6a23e0?s=96&d=mm&r=g","url":"https:\/\/secure.gravatar.com\/avatar\/3c0c0266375bc79b6d945c432ea8992d44782f7779ffe49a3d62b6ce4d6a23e0?s=96&d=mm&r=g","contentUrl":"https:\/\/secure.gravatar.com\/avatar\/3c0c0266375bc79b6d945c432ea8992d44782f7779ffe49a3d62b6ce4d6a23e0?s=96&d=mm&r=g","caption":"Nassima Errami"},"url":"https:\/\/www.monaco-tribune.com\/it\/author\/nassimaerrami\/"}]}},"_links":{"self":[{"href":"https:\/\/www.monaco-tribune.com\/it\/wp-json\/wp\/v2\/posts\/59809","targetHints":{"allow":["GET"]}}],"collection":[{"href":"https:\/\/www.monaco-tribune.com\/it\/wp-json\/wp\/v2\/posts"}],"about":[{"href":"https:\/\/www.monaco-tribune.com\/it\/wp-json\/wp\/v2\/types\/post"}],"author":[{"embeddable":true,"href":"https:\/\/www.monaco-tribune.com\/it\/wp-json\/wp\/v2\/users\/41"}],"replies":[{"embeddable":true,"href":"https:\/\/www.monaco-tribune.com\/it\/wp-json\/wp\/v2\/comments?post=59809"}],"version-history":[{"count":0,"href":"https:\/\/www.monaco-tribune.com\/it\/wp-json\/wp\/v2\/posts\/59809\/revisions"}],"wp:featuredmedia":[{"embeddable":true,"href":"https:\/\/www.monaco-tribune.com\/it\/wp-json\/wp\/v2\/media\/59379"}],"wp:attachment":[{"href":"https:\/\/www.monaco-tribune.com\/it\/wp-json\/wp\/v2\/media?parent=59809"}],"wp:term":[{"taxonomy":"category","embeddable":true,"href":"https:\/\/www.monaco-tribune.com\/it\/wp-json\/wp\/v2\/categories?post=59809"},{"taxonomy":"post_tag","embeddable":true,"href":"https:\/\/www.monaco-tribune.com\/it\/wp-json\/wp\/v2\/tags?post=59809"},{"taxonomy":"sectag","embeddable":true,"href":"https:\/\/www.monaco-tribune.com\/it\/wp-json\/wp\/v2\/post_sectags?post=59809"},{"taxonomy":"format","embeddable":true,"href":"https:\/\/www.monaco-tribune.com\/it\/wp-json\/wp\/v2\/post_format?post=59809"}],"curies":[{"name":"wp","href":"https:\/\/api.w.org\/{rel}","templated":true}]}}