{"id":61173,"date":"2020-12-31T17:46:00","date_gmt":"2020-12-31T16:46:00","guid":{"rendered":"https:\/\/www.monaco-tribune.com\/?p=61173"},"modified":"2021-01-04T17:47:00","modified_gmt":"2021-01-04T16:47:00","slug":"yvan-griboval-celebre-velista-francese-al-servizio-del-principe-alberto-ii-e-degli-oceani","status":"publish","type":"post","link":"https:\/\/www.monaco-tribune.com\/it\/2020\/12\/yvan-griboval-celebre-velista-francese-al-servizio-del-principe-alberto-ii-e-degli-oceani\/","title":{"rendered":"Yvan Griboval: celebre velista francese al servizio del Principe Alberto II e degli oceani"},"content":{"rendered":"\n<p><strong>Dopo il suo arrivo a Monaco al termine della <\/strong><em><strong>Spedizione<\/strong><\/em><strong> <\/strong><em><strong>OceanoScientifica,&nbsp;<\/strong><\/em><strong>abbiamo avuto l&#8217;onore di incontrare il velista francese<\/strong> <strong>Yvan Griboval, per la quarta puntata della serie dedicata agli eroi del Mediterraneo. Il ritratto \u00e8 quello di un lupo solitario che lotta senza sosta per la salvaguardia dell&#8217;ambiente.<\/strong><\/p>\n\n\n\n<p>Non privatelo della sua libert\u00e0 o potrebbe morirne. Yvan Griboval (63 anni) si confida con noi: &#8220;Ho sofferto molto durante il lockdown. Ho provato a non trasgredire, a rispettare i divieti. Ma sento il bisogno di stare a contatto con il mare, \u00e8 l\u00ec che mi sento a casa&#8221;. Il mare. Questa distesa infinita, questo universo misterioso che il velista ha imparato a conoscere e ad amare fin da bambino. Cresciuto in Normandia, la sua regione di origine, \u00e8 qui che Griboval ha trovato rifugio durante il lockdown di marzo.<\/p>\n\n\n\n<h2 class=\"wp-block-heading\" id=\"h-sulle-orme-di-un-padre-artista-e-amante-della-pesca\">Sulle orme di un padre artista e amante della pesca<\/h2>\n\n\n\n<p>&#8220;La Normandia mi ha subito accolto&#8221;, ricorda il velista mentre parla del suo defunto padre, un abile pittore, ultimo impressionista della scuola di Rouen. &#8220;Camminavo appena e lui mi portava con s\u00e9 a dipingere un po&#8217; dappertutto. Ero sempre a contatto con la Senna e con il mare, sulle coste della Normandia. Mio padre era anche un grande pescatore di fiume, soprattutto di trote. Pescava addirittura i salmoni nella Senna!&#8221;<\/p>\n\n\n\n<blockquote class=\"wp-block-quote is-layout-flow wp-block-quote-is-layout-flow\"><p><em>Sulla terraferma siamo sempre intenti a imbrogliare, passiamo il nostro tempo a barcamenarci tra le costrizioni, giochiamo dei ruoli. Quello del padre di famiglia, del dirigente d&#8217;impresa, del partner. Possiamo farlo con molta onest\u00e0, ma ci ritroviamo sempre costretti dai doveri. In mare, torniamo selvaggi, quasi animali, con molta umilt\u00e0 e rispetto per l&#8217;ambiente che ci circonda<\/em><\/p><\/blockquote>\n\n\n\n<p>All&#8217;et\u00e0 di 10 anni, il piccolo Yvan, seguendo l&#8217;esempio del padre, scopre la sua passione per la pesca e partecipa a diverse gare. Il suo talento non tarda a emergere e vince tutti i titoli possibili e immaginabili: &#8220;L&#8217;orata pi\u00f9 grossa, il merluzzo pi\u00f9 grosso, la pi\u00f9 grande quantit\u00e0 di sgombri&#8221;. La sua bravura attira presto l&#8217;attenzione di un cliente del padre, che gli offre, all&#8217;et\u00e0 di 13 anni, la sua prima uscita in barca a bordo di una barca a vela sportiva a chiglia.<\/p>\n\n\n\n<p>&#8220;Mi aveva anche regalato un libro, dicendomi che se l&#8217;avessi imparato bene, avrei potuto veleggiare con lui la stagione successiva. Non mi impegnavo molto a scuola, ma quel libro, l&#8217;ho imparato da cima a fondo&#8221;. Che l&#8217;avventura abbia inizio. &#8220;Ho cominciato cos\u00ec a navigare a vela e a partecipare alle regate&#8221;. E da quel giorno non ha mai smesso. O quasi.<\/p>\n\n\n\n<p><strong>&gt;&gt; LEGGI ANCHE: <\/strong><a href=\"https:\/\/www.monaco-tribune.com\/it\/2020\/12\/pierre-frolla-lapneista-monegasco-impegnato-nella-salvaguardia-dellambiente\/\">Pierre Frolla, l\u2019apneista monegasco impegnato nella salvaguardia dell\u2019ambiente<\/a><\/p>\n\n\n\n<p>Figlio unico e &#8220;animo solitario&#8221;, come ama definirsi, il velista normanno comincia il suo percorso da autodidatta, unendo il suo desiderio per la competizione con la passione per la vela e il giornalismo, alla ricerca costante della libert\u00e0. Le gare si susseguono, cos\u00ec come le vittorie, finch\u00e9 anche la stampa comincia a parlare di lui.<\/p>\n\n\n\n<h2 class=\"wp-block-heading\" id=\"h-dalle-regate-alla-salvaguardia-dell-ambiente\">Dalle regate alla salvaguardia dell&#8217;ambiente<\/h2>\n\n\n\n<p>&#8220;Mi sarebbe piaciuto partecipare alla Vend\u00e9e Globe, ma \u00e8 troppo tardi per me&#8221;, confessa il velista. Quest&#8217;anno fa il tifo per Boris Hermann, <a href=\"https:\/\/www.monaco-tribune.com\/it\/2020\/11\/regata-vendee-globe-boris-herrmann-ycm-circumnaviga-il-mondo-in-solitaria-per-salvare-gli-oceani\/\">che partecipa alla competizione in solitaria a bordo della Seaexplorer-Yacht Club di Monaco<\/a>. &#8220;\u00c8 il primo skipper professionista a essersi mostrato interessato alla mia proposta, ovvero di equipaggiare le barche da competizione che fanno il giro del mondo con alcuni strumenti che possano aiutare gli scienziati a conoscere meglio gli oceani&#8221;.<\/p>\n\n\n\n<p><em>Quando sono tornato dal mio giro del mondo in solitaria, il 2 giugno 2017, allo Yacht Club di Monaco, ho promesso al Principe che avrei dedicato gli anni che mi restano per aiutarlo nella sua lotta per la salvaguardia degli oceani<\/em><\/p>\n\n\n\n<p>Ma oltre la competizione, la linfa vitale che anima Yvan Griboval \u00e8 la salvaguardia dell&#8217;ambiente. &#8220;Avere ricchezza materiale non ci rende differenti. Se perdiamo questo legame con la natura, perdiamo davvero tanto. Abbiamo moltissimo da imparare dalle popolazioni che vivono in osmosi con la natura. Come diceva Olivier De Kersauson [famoso velista francese], dobbiamo essere in grado di allontanarci dalle cose che non ci somigliano&#8221;.<\/p>\n\n\n\n<p><strong>&gt;&gt; LEGGI ANCHE:&nbsp;<\/strong><a href=\"https:\/\/www.monaco-tribune.com\/it\/2020\/09\/laurent-ballesta-eroe-del-mediterraneo-dei-nostri-tempi\/\">Laurent Ballesta: eroe del Mediterraneo dei nostri tempi<\/a><\/p>\n\n\n\n<p>Durante le interminabili giornate di lockdown, un&#8217;idea gli \u00e8 balenata in testa. &#8220;All&#8217;inizio del 2020, con il Covid e la pandemia, ho pensato che l&#8217;oceano potrebbe celare tutto ci\u00f2 che serve agli esseri umani per curarsi e preservare la salute. Va benissimo assumere farmaci prodotti attraverso processi chimici, ma dobbiamo prima di tutto ricorrere al biomimetismo per poter trovare quello che la natura \u00e8 capace di produrre senza la necessit\u00e0 di utilizzare stratagemmi chimici&#8221;.<\/p>\n\n\n\n<figure class=\"wp-block-image size-large\"><img loading=\"lazy\" decoding=\"async\" width=\"1024\" height=\"616\" src=\"https:\/\/www.monaco-tribune.com\/wp-content\/uploads\/2020\/12\/yvan-griboval-prince-albert-ii-1024x616.jpg\" alt=\"Yvan Griboval e il Prince Albert II\" class=\"wp-image-60563\" srcset=\"https:\/\/www.monaco-tribune.com\/wp-content\/uploads\/2020\/12\/yvan-griboval-prince-albert-ii-1024x616.jpg 1024w, https:\/\/www.monaco-tribune.com\/wp-content\/uploads\/2020\/12\/yvan-griboval-prince-albert-ii-499x300.jpg 499w, https:\/\/www.monaco-tribune.com\/wp-content\/uploads\/2020\/12\/yvan-griboval-prince-albert-ii-250x150.jpg 250w, https:\/\/www.monaco-tribune.com\/wp-content\/uploads\/2020\/12\/yvan-griboval-prince-albert-ii-768x462.jpg 768w, https:\/\/www.monaco-tribune.com\/wp-content\/uploads\/2020\/12\/yvan-griboval-prince-albert-ii-175x105.jpg 175w, https:\/\/www.monaco-tribune.com\/wp-content\/uploads\/2020\/12\/yvan-griboval-prince-albert-ii.jpg 1048w\" sizes=\"auto, (max-width: 1024px) 100vw, 1024px\" \/><figcaption>Yvan Griboval e il Prince Albert II<\/figcaption><\/figure>\n\n\n\n<h2 class=\"wp-block-heading\" id=\"h-un-ammirazione-profonda-per-il-principato-e-per-la-famiglia-principesca\">Un&#8217;ammirazione profonda per il Principato e per la Famiglia Principesca<\/h2>\n\n\n\n<p>In segno di liberazione, lo scorso ottobre Yvan Griboval, con un\u2019equipe di specialisti a bordo del maxi catamarano Amaala Explorer, \u00e8 partito per una spedizione nel Mediterraneo, per studiare da vicino i coralli e le loro incredibili risorse naturali. &#8220;Non l&#8217;abbiamo fatto per saccheggiare le riserve coralline, ma, al contrario, per copiare quello che i coralli sono in grado di fare e applicare queste abilit\u00e0 agli esseri umani, per il loro benessere e la loro salute&#8221;. In tutto questo, il sostegno del Principato, porto di attracco di Griboval dal 2019, non \u00e8 mai mancato. &#8220;Quando sono tornato dal mio giro del mondo in solitaria (il 2 giugno 2017 allo Yacht Club di Monaco), ho promesso al Principe che avrei dedicato gli anni che mi restano per aiutarlo nella sua lotta per la salvaguardia degli oceani&#8221;.<\/p>\n\n\n\n<p><em>Mi sento pi\u00f9 a casa quando attraverso i quaranta ruggenti e i cinquanta urlanti. Pi\u00f9 un luogo \u00e8 ostile, pi\u00f9 mi sento bene. Non ho paura, \u00e8 proprio l\u00ec che mi sento pi\u00f9 sereno. Non ho la stessa serenit\u00e0 sulla terraferma.&nbsp;<\/em><\/p>\n\n\n\n<p>Un onore e un orgoglio immenso essere al servizio di un Principe che Griboval considera come la sua &#8220;guida&#8221;, &#8220;un uomo fantastico, difficile da trovare su questo pianeta&#8221;. Un&#8217;ammirazione profonda e un legame viscerale con la famiglia principesca che il velista, padre di tre figli, racconta con emozione: &#8220;Quando il Principe Alberto II viene a lasciare gli ormeggi alla partenza per una spedizione o mi aspetta all&#8217;arrivo sul molo, non abbiamo neanche bisogno di parlare. Sa cosa ho vissuto. La comunicazione tra di noi \u00e8 stabilita. E non \u00e8 solo uno scambio tra un sovrano e un velista, ma tra due uomini&#8221;.<\/p>\n\n\n\n<p><strong>&gt;&gt; LEGGI ANCHE:&nbsp;<\/strong><a href=\"https:\/\/www.monaco-tribune.com\/it\/2020\/09\/eroi-del-mediterraneo-olivier-brunel-protettore-degli-animali-del-museo-oceanografico-di-monaco\/\">Eroi del Mediterraneo: Olivier Brunel protettore degli animali del Museo Oceanografico di Monaco<\/a><\/p>\n\n\n\n<p>Una ricchezza intellettuale che il velista ritrova anche a Monaco. &#8220;Allo Yacht Club incontro spesso persone davvero ricche, ma che non hanno mai dimenticato le loro origini&#8221;. Griboval, invece, guida sempre una vecchia Volkswagen Caddy del 2006 che posteggia accanto a Lamborghini, Porsche, Ferrari, Rolls-Royce e Bentley. &#8220;Mi piace incontrare le persone che conservano ancora l&#8217;umilt\u00e0 per riconoscere che niente \u00e8 mai davvero guadagnato e che dobbiamo lottare ogni giorno per andare avanti e arrivare dove vogliamo andare. Monaco spesso \u00e8 l&#8217;opposto dell&#8217;immagine che trasmette all&#8217;esterno. La vera Monaco \u00e8 fatta di uomini e donne di immenso valore&#8221;.<\/p>\n\n\n\n<p>Traduzione a cura di <a href=\"https:\/\/www.valentinaaliatranslator.com\/\">Valentina Alia<\/a><\/p>\n","protected":false},"excerpt":{"rendered":"<p>Dopo il suo arrivo a Monaco al termine della Spedizione OceanoScientifica,&nbsp;abbiamo avuto l&#8217;onore di incontrare il velista francese Yvan Griboval, [&hellip;]<\/p>\n","protected":false},"author":24,"featured_media":60567,"comment_status":"closed","ping_status":"closed","sticky":false,"template":"","format":"standard","meta":{"_acf_changed":false,"footnotes":""},"categories":[1839,1826],"tags":[],"post_sectags":[],"post_format":[],"class_list":["post-61173","post","type-post","status-publish","format-standard","has-post-thumbnail","hentry","category-green","category-la-nostra-scelta"],"acf":[],"yoast_head":"<!-- This site is optimized with the Yoast SEO Premium plugin v26.8 (Yoast SEO v27.5) - https:\/\/yoast.com\/product\/yoast-seo-premium-wordpress\/ -->\n<title>Yvan Griboval: celebre velista francese al servizio del Principe Alberto II e degli oceani<\/title>\n<meta name=\"description\" content=\"Dopo il suo arrivo a Monaco al termine della Spedizione OceanoScientifica,&nbsp;abbiamo avuto l&#039;onore di incontrare il velista francese Yvan Griboval, per\" \/>\n<meta name=\"robots\" content=\"index, follow, max-snippet:-1, max-image-preview:large, max-video-preview:-1\" \/>\n<link rel=\"canonical\" href=\"https:\/\/www.monaco-tribune.com\/it\/2020\/12\/yvan-griboval-celebre-velista-francese-al-servizio-del-principe-alberto-ii-e-degli-oceani\/\" \/>\n<meta property=\"og:locale\" content=\"it_IT\" \/>\n<meta property=\"og:type\" content=\"article\" \/>\n<meta property=\"og:title\" content=\"Yvan Griboval: celebre velista francese al servizio del Principe Alberto II e degli oceani - Monaco Tribune\" \/>\n<meta property=\"og:description\" content=\"Dopo il suo arrivo a Monaco al termine della Spedizione OceanoScientifica,&nbsp;abbiamo avuto l&#039;onore di incontrare il velista francese Yvan Griboval, per\" \/>\n<meta property=\"og:url\" content=\"https:\/\/www.monaco-tribune.com\/it\/2020\/12\/yvan-griboval-celebre-velista-francese-al-servizio-del-principe-alberto-ii-e-degli-oceani\/\" \/>\n<meta property=\"og:site_name\" content=\"Monaco Tribune\" \/>\n<meta property=\"article:publisher\" content=\"https:\/\/www.facebook.com\/MonacoTribune\" \/>\n<meta property=\"article:published_time\" content=\"2020-12-31T16:46:00+00:00\" \/>\n<meta property=\"article:modified_time\" content=\"2021-01-04T16:47:00+00:00\" \/>\n<meta property=\"og:image\" content=\"https:\/\/www.monaco-tribune.com\/wp-content\/uploads\/2020\/12\/yvan-griboval.jpg\" \/>\n\t<meta property=\"og:image:width\" content=\"1024\" \/>\n\t<meta property=\"og:image:height\" content=\"682\" \/>\n\t<meta property=\"og:image:type\" content=\"image\/jpeg\" \/>\n<meta name=\"author\" content=\"Romain Boisaubert\" \/>\n<meta name=\"twitter:card\" content=\"summary_large_image\" \/>\n<meta name=\"twitter:creator\" content=\"@MonacoTribune\" \/>\n<meta name=\"twitter:site\" content=\"@MonacoTribune\" \/>\n<script type=\"application\/ld+json\" class=\"yoast-schema-graph\">{\"@context\":\"https:\\\/\\\/schema.org\",\"@graph\":[{\"@type\":\"NewsArticle\",\"@id\":\"https:\\\/\\\/www.monaco-tribune.com\\\/it\\\/2020\\\/12\\\/yvan-griboval-celebre-velista-francese-al-servizio-del-principe-alberto-ii-e-degli-oceani\\\/#article\",\"isPartOf\":{\"@id\":\"https:\\\/\\\/www.monaco-tribune.com\\\/it\\\/2020\\\/12\\\/yvan-griboval-celebre-velista-francese-al-servizio-del-principe-alberto-ii-e-degli-oceani\\\/\"},\"author\":{\"name\":\"Romain Boisaubert\",\"@id\":\"https:\\\/\\\/www.monaco-tribune.com\\\/it\\\/#\\\/schema\\\/person\\\/330a3732947cf8cb41b2533a0eadd62e\"},\"headline\":\"Yvan Griboval: celebre velista francese al servizio del Principe Alberto II e degli oceani\",\"datePublished\":\"2020-12-31T16:46:00+00:00\",\"dateModified\":\"2021-01-04T16:47:00+00:00\",\"mainEntityOfPage\":{\"@id\":\"https:\\\/\\\/www.monaco-tribune.com\\\/it\\\/2020\\\/12\\\/yvan-griboval-celebre-velista-francese-al-servizio-del-principe-alberto-ii-e-degli-oceani\\\/\"},\"wordCount\":1196,\"publisher\":{\"@id\":\"https:\\\/\\\/www.monaco-tribune.com\\\/it\\\/#organization\"},\"image\":{\"@id\":\"https:\\\/\\\/www.monaco-tribune.com\\\/it\\\/2020\\\/12\\\/yvan-griboval-celebre-velista-francese-al-servizio-del-principe-alberto-ii-e-degli-oceani\\\/#primaryimage\"},\"thumbnailUrl\":\"https:\\\/\\\/www.monaco-tribune.com\\\/wp-content\\\/uploads\\\/2020\\\/12\\\/yvan-griboval.jpg\",\"articleSection\":[\"Green\",\"La nostra scelta\"],\"inLanguage\":\"it-IT\",\"copyrightYear\":\"2020\",\"copyrightHolder\":{\"@id\":\"https:\\\/\\\/www.monaco-tribune.com\\\/#organization\"}},{\"@type\":\"WebPage\",\"@id\":\"https:\\\/\\\/www.monaco-tribune.com\\\/it\\\/2020\\\/12\\\/yvan-griboval-celebre-velista-francese-al-servizio-del-principe-alberto-ii-e-degli-oceani\\\/\",\"url\":\"https:\\\/\\\/www.monaco-tribune.com\\\/it\\\/2020\\\/12\\\/yvan-griboval-celebre-velista-francese-al-servizio-del-principe-alberto-ii-e-degli-oceani\\\/\",\"name\":\"Yvan Griboval: celebre velista francese al servizio del Principe Alberto II e degli oceani\",\"isPartOf\":{\"@id\":\"https:\\\/\\\/www.monaco-tribune.com\\\/it\\\/#website\"},\"primaryImageOfPage\":{\"@id\":\"https:\\\/\\\/www.monaco-tribune.com\\\/it\\\/2020\\\/12\\\/yvan-griboval-celebre-velista-francese-al-servizio-del-principe-alberto-ii-e-degli-oceani\\\/#primaryimage\"},\"image\":{\"@id\":\"https:\\\/\\\/www.monaco-tribune.com\\\/it\\\/2020\\\/12\\\/yvan-griboval-celebre-velista-francese-al-servizio-del-principe-alberto-ii-e-degli-oceani\\\/#primaryimage\"},\"thumbnailUrl\":\"https:\\\/\\\/www.monaco-tribune.com\\\/wp-content\\\/uploads\\\/2020\\\/12\\\/yvan-griboval.jpg\",\"datePublished\":\"2020-12-31T16:46:00+00:00\",\"dateModified\":\"2021-01-04T16:47:00+00:00\",\"description\":\"Dopo il suo arrivo a Monaco al termine della Spedizione OceanoScientifica,&nbsp;abbiamo avuto l'onore di incontrare il velista francese Yvan Griboval, per\",\"breadcrumb\":{\"@id\":\"https:\\\/\\\/www.monaco-tribune.com\\\/it\\\/2020\\\/12\\\/yvan-griboval-celebre-velista-francese-al-servizio-del-principe-alberto-ii-e-degli-oceani\\\/#breadcrumb\"},\"inLanguage\":\"it-IT\",\"potentialAction\":[{\"@type\":\"ReadAction\",\"target\":[\"https:\\\/\\\/www.monaco-tribune.com\\\/it\\\/2020\\\/12\\\/yvan-griboval-celebre-velista-francese-al-servizio-del-principe-alberto-ii-e-degli-oceani\\\/\"]}]},{\"@type\":\"ImageObject\",\"inLanguage\":\"it-IT\",\"@id\":\"https:\\\/\\\/www.monaco-tribune.com\\\/it\\\/2020\\\/12\\\/yvan-griboval-celebre-velista-francese-al-servizio-del-principe-alberto-ii-e-degli-oceani\\\/#primaryimage\",\"url\":\"https:\\\/\\\/www.monaco-tribune.com\\\/wp-content\\\/uploads\\\/2020\\\/12\\\/yvan-griboval.jpg\",\"contentUrl\":\"https:\\\/\\\/www.monaco-tribune.com\\\/wp-content\\\/uploads\\\/2020\\\/12\\\/yvan-griboval.jpg\",\"width\":1024,\"height\":682,\"caption\":\"Yvan Griboval\"},{\"@type\":\"BreadcrumbList\",\"@id\":\"https:\\\/\\\/www.monaco-tribune.com\\\/it\\\/2020\\\/12\\\/yvan-griboval-celebre-velista-francese-al-servizio-del-principe-alberto-ii-e-degli-oceani\\\/#breadcrumb\",\"itemListElement\":[{\"@type\":\"ListItem\",\"position\":1,\"name\":\"Accueil\",\"item\":\"https:\\\/\\\/www.monaco-tribune.com\\\/it\\\/\"},{\"@type\":\"ListItem\",\"position\":2,\"name\":\"Yvan Griboval: celebre velista francese al servizio del Principe Alberto II e degli oceani\"}]},{\"@type\":\"WebSite\",\"@id\":\"https:\\\/\\\/www.monaco-tribune.com\\\/it\\\/#website\",\"url\":\"https:\\\/\\\/www.monaco-tribune.com\\\/it\\\/\",\"name\":\"Monaco Tribune\",\"description\":\"Monaco : actualit\u00e9s \u00e9conomiques, politiques, culturelles et sportives de Monaco et de la French Riviera.\",\"publisher\":{\"@id\":\"https:\\\/\\\/www.monaco-tribune.com\\\/it\\\/#organization\"},\"potentialAction\":[{\"@type\":\"SearchAction\",\"target\":{\"@type\":\"EntryPoint\",\"urlTemplate\":\"https:\\\/\\\/www.monaco-tribune.com\\\/it\\\/?s={search_term_string}\"},\"query-input\":{\"@type\":\"PropertyValueSpecification\",\"valueRequired\":true,\"valueName\":\"search_term_string\"}}],\"inLanguage\":\"it-IT\"},{\"@type\":\"Organization\",\"@id\":\"https:\\\/\\\/www.monaco-tribune.com\\\/it\\\/#organization\",\"name\":\"Monaco Tribune\",\"url\":\"https:\\\/\\\/www.monaco-tribune.com\\\/it\\\/\",\"logo\":{\"@type\":\"ImageObject\",\"inLanguage\":\"it-IT\",\"@id\":\"https:\\\/\\\/www.monaco-tribune.com\\\/it\\\/#\\\/schema\\\/logo\\\/image\\\/\",\"url\":\"https:\\\/\\\/www.monaco-tribune.com\\\/wp-content\\\/uploads\\\/2022\\\/11\\\/logo-monaco-tribune.png\",\"contentUrl\":\"https:\\\/\\\/www.monaco-tribune.com\\\/wp-content\\\/uploads\\\/2022\\\/11\\\/logo-monaco-tribune.png\",\"width\":1548,\"height\":600,\"caption\":\"Monaco Tribune\"},\"image\":{\"@id\":\"https:\\\/\\\/www.monaco-tribune.com\\\/it\\\/#\\\/schema\\\/logo\\\/image\\\/\"},\"sameAs\":[\"https:\\\/\\\/www.facebook.com\\\/MonacoTribune\",\"https:\\\/\\\/x.com\\\/MonacoTribune\",\"https:\\\/\\\/www.instagram.com\\\/monacotribune\\\/\",\"https:\\\/\\\/www.linkedin.com\\\/company\\\/monaco-tribune\",\"https:\\\/\\\/www.youtube.com\\\/channel\\\/UCHle1MnG6hw1y4lWKijVbMA\"]},{\"@type\":\"Person\",\"@id\":\"https:\\\/\\\/www.monaco-tribune.com\\\/it\\\/#\\\/schema\\\/person\\\/330a3732947cf8cb41b2533a0eadd62e\",\"name\":\"Romain Boisaubert\",\"image\":{\"@type\":\"ImageObject\",\"inLanguage\":\"it-IT\",\"@id\":\"https:\\\/\\\/secure.gravatar.com\\\/avatar\\\/f8b90d41f1eabd1cbe4cf59e09d8db41a697d51919bf2dfe727589a24a4a4d54?s=96&d=mm&r=g\",\"url\":\"https:\\\/\\\/secure.gravatar.com\\\/avatar\\\/f8b90d41f1eabd1cbe4cf59e09d8db41a697d51919bf2dfe727589a24a4a4d54?s=96&d=mm&r=g\",\"contentUrl\":\"https:\\\/\\\/secure.gravatar.com\\\/avatar\\\/f8b90d41f1eabd1cbe4cf59e09d8db41a697d51919bf2dfe727589a24a4a4d54?s=96&d=mm&r=g\",\"caption\":\"Romain Boisaubert\"},\"description\":\"Test bio\",\"url\":\"https:\\\/\\\/www.monaco-tribune.com\\\/it\\\/author\\\/romain-boisaubert\\\/\"}]}<\/script>\n<!-- \/ Yoast SEO Premium plugin. -->","yoast_head_json":{"title":"Yvan Griboval: celebre velista francese al servizio del Principe Alberto II e degli oceani","description":"Dopo il suo arrivo a Monaco al termine della Spedizione OceanoScientifica,&nbsp;abbiamo avuto l'onore di incontrare il velista francese Yvan Griboval, per","robots":{"index":"index","follow":"follow","max-snippet":"max-snippet:-1","max-image-preview":"max-image-preview:large","max-video-preview":"max-video-preview:-1"},"canonical":"https:\/\/www.monaco-tribune.com\/it\/2020\/12\/yvan-griboval-celebre-velista-francese-al-servizio-del-principe-alberto-ii-e-degli-oceani\/","og_locale":"it_IT","og_type":"article","og_title":"Yvan Griboval: celebre velista francese al servizio del Principe Alberto II e degli oceani - Monaco Tribune","og_description":"Dopo il suo arrivo a Monaco al termine della Spedizione OceanoScientifica,&nbsp;abbiamo avuto l'onore di incontrare il velista francese Yvan Griboval, per","og_url":"https:\/\/www.monaco-tribune.com\/it\/2020\/12\/yvan-griboval-celebre-velista-francese-al-servizio-del-principe-alberto-ii-e-degli-oceani\/","og_site_name":"Monaco Tribune","article_publisher":"https:\/\/www.facebook.com\/MonacoTribune","article_published_time":"2020-12-31T16:46:00+00:00","article_modified_time":"2021-01-04T16:47:00+00:00","og_image":[{"width":1024,"height":682,"url":"https:\/\/www.monaco-tribune.com\/wp-content\/uploads\/2020\/12\/yvan-griboval.jpg","type":"image\/jpeg"}],"author":"Romain Boisaubert","twitter_card":"summary_large_image","twitter_creator":"@MonacoTribune","twitter_site":"@MonacoTribune","schema":{"@context":"https:\/\/schema.org","@graph":[{"@type":"NewsArticle","@id":"https:\/\/www.monaco-tribune.com\/it\/2020\/12\/yvan-griboval-celebre-velista-francese-al-servizio-del-principe-alberto-ii-e-degli-oceani\/#article","isPartOf":{"@id":"https:\/\/www.monaco-tribune.com\/it\/2020\/12\/yvan-griboval-celebre-velista-francese-al-servizio-del-principe-alberto-ii-e-degli-oceani\/"},"author":{"name":"Romain Boisaubert","@id":"https:\/\/www.monaco-tribune.com\/it\/#\/schema\/person\/330a3732947cf8cb41b2533a0eadd62e"},"headline":"Yvan Griboval: celebre velista francese al servizio del Principe Alberto II e degli oceani","datePublished":"2020-12-31T16:46:00+00:00","dateModified":"2021-01-04T16:47:00+00:00","mainEntityOfPage":{"@id":"https:\/\/www.monaco-tribune.com\/it\/2020\/12\/yvan-griboval-celebre-velista-francese-al-servizio-del-principe-alberto-ii-e-degli-oceani\/"},"wordCount":1196,"publisher":{"@id":"https:\/\/www.monaco-tribune.com\/it\/#organization"},"image":{"@id":"https:\/\/www.monaco-tribune.com\/it\/2020\/12\/yvan-griboval-celebre-velista-francese-al-servizio-del-principe-alberto-ii-e-degli-oceani\/#primaryimage"},"thumbnailUrl":"https:\/\/www.monaco-tribune.com\/wp-content\/uploads\/2020\/12\/yvan-griboval.jpg","articleSection":["Green","La nostra scelta"],"inLanguage":"it-IT","copyrightYear":"2020","copyrightHolder":{"@id":"https:\/\/www.monaco-tribune.com\/#organization"}},{"@type":"WebPage","@id":"https:\/\/www.monaco-tribune.com\/it\/2020\/12\/yvan-griboval-celebre-velista-francese-al-servizio-del-principe-alberto-ii-e-degli-oceani\/","url":"https:\/\/www.monaco-tribune.com\/it\/2020\/12\/yvan-griboval-celebre-velista-francese-al-servizio-del-principe-alberto-ii-e-degli-oceani\/","name":"Yvan Griboval: celebre velista francese al servizio del Principe Alberto II e degli oceani","isPartOf":{"@id":"https:\/\/www.monaco-tribune.com\/it\/#website"},"primaryImageOfPage":{"@id":"https:\/\/www.monaco-tribune.com\/it\/2020\/12\/yvan-griboval-celebre-velista-francese-al-servizio-del-principe-alberto-ii-e-degli-oceani\/#primaryimage"},"image":{"@id":"https:\/\/www.monaco-tribune.com\/it\/2020\/12\/yvan-griboval-celebre-velista-francese-al-servizio-del-principe-alberto-ii-e-degli-oceani\/#primaryimage"},"thumbnailUrl":"https:\/\/www.monaco-tribune.com\/wp-content\/uploads\/2020\/12\/yvan-griboval.jpg","datePublished":"2020-12-31T16:46:00+00:00","dateModified":"2021-01-04T16:47:00+00:00","description":"Dopo il suo arrivo a Monaco al termine della Spedizione OceanoScientifica,&nbsp;abbiamo avuto l'onore di incontrare il velista francese Yvan Griboval, per","breadcrumb":{"@id":"https:\/\/www.monaco-tribune.com\/it\/2020\/12\/yvan-griboval-celebre-velista-francese-al-servizio-del-principe-alberto-ii-e-degli-oceani\/#breadcrumb"},"inLanguage":"it-IT","potentialAction":[{"@type":"ReadAction","target":["https:\/\/www.monaco-tribune.com\/it\/2020\/12\/yvan-griboval-celebre-velista-francese-al-servizio-del-principe-alberto-ii-e-degli-oceani\/"]}]},{"@type":"ImageObject","inLanguage":"it-IT","@id":"https:\/\/www.monaco-tribune.com\/it\/2020\/12\/yvan-griboval-celebre-velista-francese-al-servizio-del-principe-alberto-ii-e-degli-oceani\/#primaryimage","url":"https:\/\/www.monaco-tribune.com\/wp-content\/uploads\/2020\/12\/yvan-griboval.jpg","contentUrl":"https:\/\/www.monaco-tribune.com\/wp-content\/uploads\/2020\/12\/yvan-griboval.jpg","width":1024,"height":682,"caption":"Yvan Griboval"},{"@type":"BreadcrumbList","@id":"https:\/\/www.monaco-tribune.com\/it\/2020\/12\/yvan-griboval-celebre-velista-francese-al-servizio-del-principe-alberto-ii-e-degli-oceani\/#breadcrumb","itemListElement":[{"@type":"ListItem","position":1,"name":"Accueil","item":"https:\/\/www.monaco-tribune.com\/it\/"},{"@type":"ListItem","position":2,"name":"Yvan Griboval: celebre velista francese al servizio del Principe Alberto II e degli oceani"}]},{"@type":"WebSite","@id":"https:\/\/www.monaco-tribune.com\/it\/#website","url":"https:\/\/www.monaco-tribune.com\/it\/","name":"Monaco Tribune","description":"Monaco : actualit\u00e9s \u00e9conomiques, politiques, culturelles et sportives de Monaco et de la French Riviera.","publisher":{"@id":"https:\/\/www.monaco-tribune.com\/it\/#organization"},"potentialAction":[{"@type":"SearchAction","target":{"@type":"EntryPoint","urlTemplate":"https:\/\/www.monaco-tribune.com\/it\/?s={search_term_string}"},"query-input":{"@type":"PropertyValueSpecification","valueRequired":true,"valueName":"search_term_string"}}],"inLanguage":"it-IT"},{"@type":"Organization","@id":"https:\/\/www.monaco-tribune.com\/it\/#organization","name":"Monaco Tribune","url":"https:\/\/www.monaco-tribune.com\/it\/","logo":{"@type":"ImageObject","inLanguage":"it-IT","@id":"https:\/\/www.monaco-tribune.com\/it\/#\/schema\/logo\/image\/","url":"https:\/\/www.monaco-tribune.com\/wp-content\/uploads\/2022\/11\/logo-monaco-tribune.png","contentUrl":"https:\/\/www.monaco-tribune.com\/wp-content\/uploads\/2022\/11\/logo-monaco-tribune.png","width":1548,"height":600,"caption":"Monaco Tribune"},"image":{"@id":"https:\/\/www.monaco-tribune.com\/it\/#\/schema\/logo\/image\/"},"sameAs":["https:\/\/www.facebook.com\/MonacoTribune","https:\/\/x.com\/MonacoTribune","https:\/\/www.instagram.com\/monacotribune\/","https:\/\/www.linkedin.com\/company\/monaco-tribune","https:\/\/www.youtube.com\/channel\/UCHle1MnG6hw1y4lWKijVbMA"]},{"@type":"Person","@id":"https:\/\/www.monaco-tribune.com\/it\/#\/schema\/person\/330a3732947cf8cb41b2533a0eadd62e","name":"Romain Boisaubert","image":{"@type":"ImageObject","inLanguage":"it-IT","@id":"https:\/\/secure.gravatar.com\/avatar\/f8b90d41f1eabd1cbe4cf59e09d8db41a697d51919bf2dfe727589a24a4a4d54?s=96&d=mm&r=g","url":"https:\/\/secure.gravatar.com\/avatar\/f8b90d41f1eabd1cbe4cf59e09d8db41a697d51919bf2dfe727589a24a4a4d54?s=96&d=mm&r=g","contentUrl":"https:\/\/secure.gravatar.com\/avatar\/f8b90d41f1eabd1cbe4cf59e09d8db41a697d51919bf2dfe727589a24a4a4d54?s=96&d=mm&r=g","caption":"Romain Boisaubert"},"description":"Test bio","url":"https:\/\/www.monaco-tribune.com\/it\/author\/romain-boisaubert\/"}]}},"_links":{"self":[{"href":"https:\/\/www.monaco-tribune.com\/it\/wp-json\/wp\/v2\/posts\/61173","targetHints":{"allow":["GET"]}}],"collection":[{"href":"https:\/\/www.monaco-tribune.com\/it\/wp-json\/wp\/v2\/posts"}],"about":[{"href":"https:\/\/www.monaco-tribune.com\/it\/wp-json\/wp\/v2\/types\/post"}],"author":[{"embeddable":true,"href":"https:\/\/www.monaco-tribune.com\/it\/wp-json\/wp\/v2\/users\/24"}],"replies":[{"embeddable":true,"href":"https:\/\/www.monaco-tribune.com\/it\/wp-json\/wp\/v2\/comments?post=61173"}],"version-history":[{"count":0,"href":"https:\/\/www.monaco-tribune.com\/it\/wp-json\/wp\/v2\/posts\/61173\/revisions"}],"wp:featuredmedia":[{"embeddable":true,"href":"https:\/\/www.monaco-tribune.com\/it\/wp-json\/wp\/v2\/media\/60567"}],"wp:attachment":[{"href":"https:\/\/www.monaco-tribune.com\/it\/wp-json\/wp\/v2\/media?parent=61173"}],"wp:term":[{"taxonomy":"category","embeddable":true,"href":"https:\/\/www.monaco-tribune.com\/it\/wp-json\/wp\/v2\/categories?post=61173"},{"taxonomy":"post_tag","embeddable":true,"href":"https:\/\/www.monaco-tribune.com\/it\/wp-json\/wp\/v2\/tags?post=61173"},{"taxonomy":"sectag","embeddable":true,"href":"https:\/\/www.monaco-tribune.com\/it\/wp-json\/wp\/v2\/post_sectags?post=61173"},{"taxonomy":"format","embeddable":true,"href":"https:\/\/www.monaco-tribune.com\/it\/wp-json\/wp\/v2\/post_format?post=61173"}],"curies":[{"name":"wp","href":"https:\/\/api.w.org\/{rel}","templated":true}]}}