{"id":62605,"date":"2021-01-13T19:53:21","date_gmt":"2021-01-13T18:53:21","guid":{"rendered":"https:\/\/www.monaco-tribune.com\/2021\/01\/ogier-loeb-makinen-rohrl-sainz-le-5-leggende-del-rally-di-monte-carlo\/"},"modified":"2021-01-14T20:08:41","modified_gmt":"2021-01-14T19:08:41","slug":"ogier-loeb-makinen-rohrl-sainz-le-5-leggende-del-rally-di-monte-carlo","status":"publish","type":"post","link":"https:\/\/www.monaco-tribune.com\/it\/2021\/01\/ogier-loeb-makinen-rohrl-sainz-le-5-leggende-del-rally-di-monte-carlo\/","title":{"rendered":"Ogier, Loeb, M\u00e4kinen, R\u00f6hrl, Sainz\u2026 Le 5 leggende del Rally di Monte-Carlo"},"content":{"rendered":"\n<p><strong>A pochi giorni dalla 89<sup>a <\/sup>edizione del Rally di Monte-Carlo, abbiamo selezionato i 5 piloti che hanno segnato la storia della mitica gara monegasca. Dai due S\u00e9bastien, Ogier e Loeb, passando per Tommi M\u00e4kinen, Walter R\u00f6hrl e Carlos Sainz, analizziamo le cinque icone che hanno conquistato 25 vittorie complessive nel Principato.<\/strong><\/p>\n\n\n\n<h2 class=\"has-text-align-center wp-block-heading\" id=\"h-s-bastien-ogier-francia-7-volte-campione-del-rally-di-monte-carlo\">S\u00e9bastien Ogier (Francia), 7 volte campione del Rally di Monte-Carlo<\/h2>\n\n\n\n<p>Alcuni potrebbero affermare che S\u00e9bastien Ogier, al contrario dell\u2019altro S\u00e9bastein (Loeb), non sia \u201crealmente\u201d 7 volte campione del leggendario rally monegasco. Tecnicamente, infatti, nel 2009, data della sua prima vittoria nel Principato (e della sua prima gara, al volante di una Peugeot 207 S2000), il Rally di Monte-Carlo non era ancora iscritto nel calendario WRC, ma in quello ERC (European Rally Championship). <\/p>\n\n\n\n<p>Ma \u00e8 davvero cos\u00ec importante? Il 7 volte campione del mondo di rally ha conquistato la vittoria per 6 anni consecutivi (dal 2014 al 2019) su quelle strade che conosce a memoria e che affronta alla perfezione. Il futuro del pilota sembra ancora promettente: potrebbe infatti essere tra i campioni del rally di Monte-Carlo che hanno conquistato la vittoria con quattro case automobilistiche diverse.<\/p>\n\n\n\n<figure class=\"wp-block-gallery columns-2 is-cropped wp-block-gallery-1 is-layout-flex wp-block-gallery-is-layout-flex\"><ul class=\"blocks-gallery-grid\"><li class=\"blocks-gallery-item\"><figure><img loading=\"lazy\" decoding=\"async\" width=\"1024\" height=\"576\" src=\"https:\/\/www.monaco-tribune.com\/wp-content\/uploads\/2021\/01\/se\u0301bastien-ogier-rallye-monte-carlo-toyota-min.jpg\" alt=\"\" data-id=\"61734\" data-full-url=\"https:\/\/www.monaco-tribune.com\/wp-content\/uploads\/2021\/01\/se\u0301bastien-ogier-rallye-monte-carlo-toyota-min.jpg\" data-link=\"https:\/\/www.monaco-tribune.com\/?attachment_id=61734\" class=\"wp-image-61736\" srcset=\"https:\/\/www.monaco-tribune.com\/wp-content\/uploads\/2021\/01\/se\u0301bastien-ogier-rallye-monte-carlo-toyota-min.jpg 1024w, https:\/\/www.monaco-tribune.com\/wp-content\/uploads\/2021\/01\/se\u0301bastien-ogier-rallye-monte-carlo-toyota-min-533x300.jpg 533w\" sizes=\"auto, (max-width: 1024px) 100vw, 1024px\" \/><\/figure><\/li><li class=\"blocks-gallery-item\"><figure><img loading=\"lazy\" decoding=\"async\" width=\"1024\" height=\"653\" src=\"https:\/\/www.monaco-tribune.com\/wp-content\/uploads\/2021\/01\/sebastien-ogier-ford-fiesta-wrc-min.jpg\" alt=\"\" data-id=\"61738\" data-full-url=\"https:\/\/www.monaco-tribune.com\/wp-content\/uploads\/2021\/01\/sebastien-ogier-ford-fiesta-wrc-min.jpg\" data-link=\"https:\/\/www.monaco-tribune.com\/?attachment_id=61738\" class=\"wp-image-61740\" srcset=\"https:\/\/www.monaco-tribune.com\/wp-content\/uploads\/2021\/01\/sebastien-ogier-ford-fiesta-wrc-min.jpg 1024w, https:\/\/www.monaco-tribune.com\/wp-content\/uploads\/2021\/01\/sebastien-ogier-ford-fiesta-wrc-min-470x300.jpg 470w\" sizes=\"auto, (max-width: 1024px) 100vw, 1024px\" \/><\/figure><\/li><\/ul><\/figure>\n\n\n\n<h2 class=\"has-text-align-center wp-block-heading\" id=\"h-s-bastien-loeb-francia-7-volte-campione-del-rally-di-monte-carlo\">S\u00e9bastien Loeb (Francia), 7 volte campione del Rally di Monte-Carlo<\/h2>\n\n\n\n<p>Prima dell\u2019arrivo dell\u2019altro S\u00e9bastien (Ogier), Loeb \u00e8 stato per diverso tempo la stella indiscussa del circuito. Il sette volte campione del rally monegasco, originario dell\u2019Alsazia, ha segnato per sempre la storia del rally di Monte-Carlo nel decennio 2003-2013. Al volante della Citr\u00f6en, prima Xsara, poi C4 e infine DS3, in quei dieci anni il nove volte campione del mondo di rally si \u00e8 aggiudicato quasi tutte le vittorie. Solo Marcus Gr\u00f6nholm, nel 2006, \u00e8 riuscito a sottrargli il primo posto (nel 2010, 2011 e 2012, il rally faceva parte della categoria IRC e Loeb non ha partecipato). Quest\u2019anno, per\u00f2, S\u00e9bastien Loeb non correr\u00e0 nella famosa gara monegasca.<\/p>\n\n\n\n<figure class=\"wp-block-gallery aligncenter columns-2 is-cropped wp-block-gallery-2 is-layout-flex wp-block-gallery-is-layout-flex\"><ul class=\"blocks-gallery-grid\"><li class=\"blocks-gallery-item\"><figure><img loading=\"lazy\" decoding=\"async\" width=\"1024\" height=\"683\" src=\"https:\/\/www.monaco-tribune.com\/wp-content\/uploads\/2021\/01\/se\u0301bastien-loeb-wrc-rallye-monte-carlo-min.jpg\" alt=\"\" data-id=\"61726\" data-full-url=\"https:\/\/www.monaco-tribune.com\/wp-content\/uploads\/2021\/01\/se\u0301bastien-loeb-wrc-rallye-monte-carlo-min.jpg\" data-link=\"https:\/\/www.monaco-tribune.com\/?attachment_id=61726\" class=\"wp-image-61728\" srcset=\"https:\/\/www.monaco-tribune.com\/wp-content\/uploads\/2021\/01\/se\u0301bastien-loeb-wrc-rallye-monte-carlo-min.jpg 1024w, https:\/\/www.monaco-tribune.com\/wp-content\/uploads\/2021\/01\/se\u0301bastien-loeb-wrc-rallye-monte-carlo-min-450x300.jpg 450w\" sizes=\"auto, (max-width: 1024px) 100vw, 1024px\" \/><\/figure><\/li><li class=\"blocks-gallery-item\"><figure><img loading=\"lazy\" decoding=\"async\" width=\"1024\" height=\"576\" src=\"https:\/\/www.monaco-tribune.com\/wp-content\/uploads\/2021\/01\/rallye-monte-carlo-hyundai-min.jpg\" alt=\"\" data-id=\"61730\" data-full-url=\"https:\/\/www.monaco-tribune.com\/wp-content\/uploads\/2021\/01\/rallye-monte-carlo-hyundai-min.jpg\" data-link=\"https:\/\/www.monaco-tribune.com\/?attachment_id=61730\" class=\"wp-image-61732\" srcset=\"https:\/\/www.monaco-tribune.com\/wp-content\/uploads\/2021\/01\/rallye-monte-carlo-hyundai-min.jpg 1024w, https:\/\/www.monaco-tribune.com\/wp-content\/uploads\/2021\/01\/rallye-monte-carlo-hyundai-min-533x300.jpg 533w\" sizes=\"auto, (max-width: 1024px) 100vw, 1024px\" \/><\/figure><\/li><\/ul><\/figure>\n\n\n\n<h2 class=\"has-text-align-center wp-block-heading\" id=\"h-tommi-m-kinen-finlandia-4-volte-vincitore-del-rally-di-monte-carlo\">Tommi M\u00e4kinen (Finlandia), 4 volte vincitore del Rally di Monte-Carlo<\/h2>\n\n\n\n<p>Considerato come uno dei primi dei nostri tempi a prendere il soprannome di \u201cFinlandese volante\u201d, il pilota ha segnato la storia del WRC, proprio come Ari Vatanen, Timo M\u00e4kinen e Pauli Toivonen. Velocissimo in pista, M\u00e4kinen non esita mai nel correre qualche rischio. Nato nella citt\u00e0 finlandese di Puuppola, ha vinto il rally di Monte-Carlo per quattro volte consecutive tra il 1999 e il 2002. Quattro volte campione del mondo di rally (1996, 1997, 1998, 1999), il Finlandese volante \u00e8 stato il pilota simbolo degli ultimi anni del XX secolo, prima che S\u00e9bastien Loeb dominasse la scena mondiale per oltre dieci anni.<\/p>\n\n\n\n<figure class=\"wp-block-gallery aligncenter columns-2 is-cropped wp-block-gallery-3 is-layout-flex wp-block-gallery-is-layout-flex\"><ul class=\"blocks-gallery-grid\"><li class=\"blocks-gallery-item\"><figure><img loading=\"lazy\" decoding=\"async\" width=\"1024\" height=\"629\" src=\"https:\/\/www.monaco-tribune.com\/wp-content\/uploads\/2021\/01\/tommi-makinen-mitshubichi-min-e1610104225642.jpg\" alt=\"\" data-id=\"61750\" data-full-url=\"https:\/\/www.monaco-tribune.com\/wp-content\/uploads\/2021\/01\/tommi-makinen-mitshubichi-min-e1610104225642.jpg\" data-link=\"https:\/\/www.monaco-tribune.com\/?attachment_id=61750\" class=\"wp-image-61752\" srcset=\"https:\/\/www.monaco-tribune.com\/wp-content\/uploads\/2021\/01\/tommi-makinen-mitshubichi-min-e1610104225642.jpg 1024w, https:\/\/www.monaco-tribune.com\/wp-content\/uploads\/2021\/01\/tommi-makinen-mitshubichi-min-e1610104225642-488x300.jpg 488w\" sizes=\"auto, (max-width: 1024px) 100vw, 1024px\" \/><\/figure><\/li><li class=\"blocks-gallery-item\"><figure><img loading=\"lazy\" decoding=\"async\" width=\"1024\" height=\"660\" src=\"https:\/\/www.monaco-tribune.com\/wp-content\/uploads\/2021\/01\/tommi-makinen-rallye-monte-carlo-min-1-e1610104249949.jpg\" alt=\"\" data-id=\"61746\" data-full-url=\"https:\/\/www.monaco-tribune.com\/wp-content\/uploads\/2021\/01\/tommi-makinen-rallye-monte-carlo-min-1-e1610104249949.jpg\" data-link=\"https:\/\/www.monaco-tribune.com\/?attachment_id=61746\" class=\"wp-image-61748\" srcset=\"https:\/\/www.monaco-tribune.com\/wp-content\/uploads\/2021\/01\/tommi-makinen-rallye-monte-carlo-min-1-e1610104249949.jpg 1024w, https:\/\/www.monaco-tribune.com\/wp-content\/uploads\/2021\/01\/tommi-makinen-rallye-monte-carlo-min-1-e1610104249949-465x300.jpg 465w\" sizes=\"auto, (max-width: 1024px) 100vw, 1024px\" \/><\/figure><\/li><\/ul><\/figure>\n\n\n\n<h2 class=\"has-text-align-center wp-block-heading\" id=\"h-walter-r-hrl-germania-4-volte-campione-del-rally-di-monte-carlo\">Walter R\u00f6hrl (Germania), 4 volte campione del Rally di Monte-Carlo<\/h2>\n\n\n\n<p>Due volte campione del mondo di rally, il pilota tedesco \u00e8 il primo, e al momento l\u2019unico, ad aver vinto il rally di Monte-Carlo al volante di quattro case automobilistiche diverse. Quattro vittorie, quattro vetture! Fiat 131 Abarth, Opel Ascona 400, Lancia Rally 037 e Audi Sport Quattro A2, sono le quattro auto che hanno portato R\u00f6hrl alla vittoria nel 1980, 1982, 1983, 1984.<\/p>\n\n\n\n<blockquote class=\"wp-block-quote is-layout-flow wp-block-quote-is-layout-flow\"><p>Per me, una vittoria a Monaco \u00e8 molto di pi\u00f9 di un titolo mondiale<\/p><\/blockquote>\n\n\n\n<figure class=\"wp-block-gallery aligncenter columns-2 is-cropped wp-block-gallery-4 is-layout-flex wp-block-gallery-is-layout-flex\"><ul class=\"blocks-gallery-grid\"><li class=\"blocks-gallery-item\"><figure><img loading=\"lazy\" decoding=\"async\" width=\"1024\" height=\"698\" src=\"https:\/\/www.monaco-tribune.com\/wp-content\/uploads\/2021\/01\/walter-ro\u0308hrl-rallye-monte-carlo-min-e1610104273672.jpg\" alt=\"\" data-id=\"61758\" data-full-url=\"https:\/\/www.monaco-tribune.com\/wp-content\/uploads\/2021\/01\/walter-ro\u0308hrl-rallye-monte-carlo-min-e1610104273672.jpg\" data-link=\"https:\/\/www.monaco-tribune.com\/?attachment_id=61758\" class=\"wp-image-61760\" srcset=\"https:\/\/www.monaco-tribune.com\/wp-content\/uploads\/2021\/01\/walter-ro\u0308hrl-rallye-monte-carlo-min-e1610104273672.jpg 1024w, https:\/\/www.monaco-tribune.com\/wp-content\/uploads\/2021\/01\/walter-ro\u0308hrl-rallye-monte-carlo-min-e1610104273672-440x300.jpg 440w\" sizes=\"auto, (max-width: 1024px) 100vw, 1024px\" \/><\/figure><\/li><li class=\"blocks-gallery-item\"><figure><img loading=\"lazy\" decoding=\"async\" width=\"1024\" height=\"632\" src=\"https:\/\/www.monaco-tribune.com\/wp-content\/uploads\/2021\/01\/walter-ro\u0308hrl-rallye-monte-carlo-audi-min-e1610104290136.jpg\" alt=\"\" data-id=\"61762\" data-full-url=\"https:\/\/www.monaco-tribune.com\/wp-content\/uploads\/2021\/01\/walter-ro\u0308hrl-rallye-monte-carlo-audi-min-e1610104290136.jpg\" data-link=\"https:\/\/www.monaco-tribune.com\/?attachment_id=61762\" class=\"wp-image-61764\" srcset=\"https:\/\/www.monaco-tribune.com\/wp-content\/uploads\/2021\/01\/walter-ro\u0308hrl-rallye-monte-carlo-audi-min-e1610104290136.jpg 1024w, https:\/\/www.monaco-tribune.com\/wp-content\/uploads\/2021\/01\/walter-ro\u0308hrl-rallye-monte-carlo-audi-min-e1610104290136-486x300.jpg 486w\" sizes=\"auto, (max-width: 1024px) 100vw, 1024px\" \/><\/figure><\/li><\/ul><\/figure>\n\n\n\n<h2 class=\"has-text-align-center wp-block-heading\" id=\"h-carlos-sainz-spagna-3-volte-campione-del-rally-di-monte-carlo\">Carlos Sainz (Spagna), 3 volte campione del Rally di Monte-Carlo<\/h2>\n\n\n\n<p>La nuova generazione l\u2019ha conosciuto sui sentieri infuocati della Dakar in Africa, Sudamerica e adesso anche Arabia Saudita. Ma prima di aggiudicarsi tre vittorie del famoso rally-raid (2010, 2018, 2020), il padre del pilota di Formula 1 Carlos Sainz Jr (Ferrari) ha lasciato il segno sui percorsi di Monte-Carlo.<\/p>\n\n\n\n<p>Due volte campione del mondo di rally, nel 1990 e nel 1992, il pilota spagnolo ha dominato la gara monegasca in tre anni diversi (1991, 1995 e 1998), due volte con Toyota, alla guida di una Celica GT-4 ST165 e di una Corolla WRC, e una volta con Subaru, al voltante dell\u2019Impreza 555. Eletto l\u2019anno scorso miglior rallista della storia dal WRC, prima di S\u00e9bastien Loeb, Carlos Sainz merita senz\u2019altro un posto d\u2019onore in questa classifica.<\/p>\n\n\n\n<figure class=\"wp-block-gallery columns-2 is-cropped wp-block-gallery-5 is-layout-flex wp-block-gallery-is-layout-flex\"><ul class=\"blocks-gallery-grid\"><li class=\"blocks-gallery-item\"><figure><img loading=\"lazy\" decoding=\"async\" width=\"796\" height=\"489\" src=\"https:\/\/www.monaco-tribune.com\/wp-content\/uploads\/2021\/01\/ac072ed8653353a2db029e60c6cf9933-1.jpg\" alt=\"\" data-id=\"62065\" data-full-url=\"https:\/\/www.monaco-tribune.com\/wp-content\/uploads\/2021\/01\/ac072ed8653353a2db029e60c6cf9933-1.jpg\" data-link=\"https:\/\/www.monaco-tribune.com\/?attachment_id=62065\" class=\"wp-image-62067\" srcset=\"https:\/\/www.monaco-tribune.com\/wp-content\/uploads\/2021\/01\/ac072ed8653353a2db029e60c6cf9933-1.jpg 796w, https:\/\/www.monaco-tribune.com\/wp-content\/uploads\/2021\/01\/ac072ed8653353a2db029e60c6cf9933-1-488x300.jpg 488w\" sizes=\"auto, (max-width: 796px) 100vw, 796px\" \/><\/figure><\/li><li class=\"blocks-gallery-item\"><figure><img loading=\"lazy\" decoding=\"async\" width=\"624\" height=\"416\" src=\"https:\/\/www.monaco-tribune.com\/wp-content\/uploads\/2021\/01\/carlos-sainz-corolla-1.jpg\" alt=\"\" data-id=\"62069\" data-full-url=\"https:\/\/www.monaco-tribune.com\/wp-content\/uploads\/2021\/01\/carlos-sainz-corolla-1.jpg\" data-link=\"https:\/\/www.monaco-tribune.com\/?attachment_id=62069\" class=\"wp-image-62071\" srcset=\"https:\/\/www.monaco-tribune.com\/wp-content\/uploads\/2021\/01\/carlos-sainz-corolla-1.jpg 624w, https:\/\/www.monaco-tribune.com\/wp-content\/uploads\/2021\/01\/carlos-sainz-corolla-1-450x300.jpg 450w\" sizes=\"auto, (max-width: 624px) 100vw, 624px\" \/><\/figure><\/li><\/ul><\/figure>\n\n\n\n<p><strong>&gt;&gt; LEGGI ANCHE:<\/strong> <a href=\"https:\/\/www.monaco-tribune.com\/it\/2020\/11\/jacky-ickx-ormai-charles-leclerc-e-parte-del-patrimonio-italiano\/\">Jacky Ickx: \u201cOrmai Charles Leclerc \u00e8 parte del patrimonio italiano\u201d<\/a><\/p>\n\n\n\n<p>Traduzione a cura di <a href=\"https:\/\/www.valentinaaliatranslator.com\/\">Valentina Alia<\/a><\/p>\n","protected":false},"excerpt":{"rendered":"<p>A pochi giorni dalla 89a edizione del Rally di Monte-Carlo, abbiamo selezionato i 5 piloti che hanno segnato la storia [&hellip;]<\/p>\n","protected":false},"author":24,"featured_media":62055,"comment_status":"closed","ping_status":"closed","sticky":false,"template":"","format":"standard","meta":{"_acf_changed":false,"footnotes":""},"categories":[1826,1738,1743],"tags":[],"post_sectags":[],"post_format":[2486],"class_list":["post-62605","post","type-post","status-publish","format-standard","has-post-thumbnail","hentry","category-la-nostra-scelta","category-notizie","category-sport-it","format-servizio"],"acf":[],"yoast_head":"<!-- This site is optimized with the Yoast SEO Premium plugin v26.8 (Yoast SEO v27.4) - https:\/\/yoast.com\/product\/yoast-seo-premium-wordpress\/ -->\n<title>Ogier, Loeb, M\u00e4kinen, R\u00f6hrl, Sainz\u2026 Le 5 leggende del Rally di Monte-Carlo<\/title>\n<meta name=\"description\" content=\"A pochi giorni dalla 89a edizione del Rally di Monte-Carlo, abbiamo selezionato i 5 piloti che hanno segnato la storia della mitica gara monegasca. Dai\" \/>\n<meta name=\"robots\" content=\"index, follow, max-snippet:-1, max-image-preview:large, max-video-preview:-1\" \/>\n<link rel=\"canonical\" href=\"https:\/\/www.monaco-tribune.com\/it\/2021\/01\/ogier-loeb-makinen-rohrl-sainz-le-5-leggende-del-rally-di-monte-carlo\/\" \/>\n<meta property=\"og:locale\" content=\"it_IT\" \/>\n<meta property=\"og:type\" content=\"article\" \/>\n<meta property=\"og:title\" content=\"Ogier, Loeb, M\u00e4kinen, R\u00f6hrl, Sainz\u2026 Le 5 leggende del Rally di Monte-Carlo - Monaco Tribune\" \/>\n<meta property=\"og:description\" content=\"A pochi giorni dalla 89a edizione del Rally di Monte-Carlo, abbiamo selezionato i 5 piloti che hanno segnato la storia della mitica gara monegasca. Dai\" \/>\n<meta property=\"og:url\" content=\"https:\/\/www.monaco-tribune.com\/it\/2021\/01\/ogier-loeb-makinen-rohrl-sainz-le-5-leggende-del-rally-di-monte-carlo\/\" \/>\n<meta property=\"og:site_name\" content=\"Monaco Tribune\" \/>\n<meta property=\"article:publisher\" content=\"https:\/\/www.facebook.com\/MonacoTribune\" \/>\n<meta property=\"article:published_time\" content=\"2021-01-13T18:53:21+00:00\" \/>\n<meta property=\"article:modified_time\" content=\"2021-01-14T19:08:41+00:00\" \/>\n<meta property=\"og:image\" content=\"https:\/\/www.monaco-tribune.com\/wp-content\/uploads\/2021\/01\/ils-ont-marque\u0301-l-histoire-du-monte-carlo-wrc-min.jpg\" \/>\n\t<meta property=\"og:image:width\" content=\"1024\" \/>\n\t<meta property=\"og:image:height\" content=\"512\" \/>\n\t<meta property=\"og:image:type\" content=\"image\/jpeg\" \/>\n<meta name=\"author\" content=\"Romain Boisaubert\" \/>\n<meta name=\"twitter:card\" content=\"summary_large_image\" \/>\n<meta name=\"twitter:creator\" content=\"@MonacoTribune\" \/>\n<meta name=\"twitter:site\" content=\"@MonacoTribune\" \/>\n<script type=\"application\/ld+json\" class=\"yoast-schema-graph\">{\"@context\":\"https:\\\/\\\/schema.org\",\"@graph\":[{\"@type\":\"NewsArticle\",\"@id\":\"https:\\\/\\\/www.monaco-tribune.com\\\/it\\\/2021\\\/01\\\/ogier-loeb-makinen-rohrl-sainz-le-5-leggende-del-rally-di-monte-carlo\\\/#article\",\"isPartOf\":{\"@id\":\"https:\\\/\\\/www.monaco-tribune.com\\\/it\\\/2021\\\/01\\\/ogier-loeb-makinen-rohrl-sainz-le-5-leggende-del-rally-di-monte-carlo\\\/\"},\"author\":{\"name\":\"Romain Boisaubert\",\"@id\":\"https:\\\/\\\/www.monaco-tribune.com\\\/it\\\/#\\\/schema\\\/person\\\/330a3732947cf8cb41b2533a0eadd62e\"},\"headline\":\"Ogier, Loeb, M\u00e4kinen, R\u00f6hrl, Sainz\u2026 Le 5 leggende del Rally di Monte-Carlo\",\"datePublished\":\"2021-01-13T18:53:21+00:00\",\"dateModified\":\"2021-01-14T19:08:41+00:00\",\"mainEntityOfPage\":{\"@id\":\"https:\\\/\\\/www.monaco-tribune.com\\\/it\\\/2021\\\/01\\\/ogier-loeb-makinen-rohrl-sainz-le-5-leggende-del-rally-di-monte-carlo\\\/\"},\"wordCount\":652,\"publisher\":{\"@id\":\"https:\\\/\\\/www.monaco-tribune.com\\\/it\\\/#organization\"},\"image\":{\"@id\":\"https:\\\/\\\/www.monaco-tribune.com\\\/it\\\/2021\\\/01\\\/ogier-loeb-makinen-rohrl-sainz-le-5-leggende-del-rally-di-monte-carlo\\\/#primaryimage\"},\"thumbnailUrl\":\"https:\\\/\\\/www.monaco-tribune.com\\\/wp-content\\\/uploads\\\/2021\\\/01\\\/ils-ont-marque\u0301-l-histoire-du-monte-carlo-wrc-min.jpg\",\"articleSection\":[\"La nostra scelta\",\"Notizie\",\"Sport\"],\"inLanguage\":\"it-IT\",\"copyrightYear\":\"2021\",\"copyrightHolder\":{\"@id\":\"https:\\\/\\\/www.monaco-tribune.com\\\/#organization\"}},{\"@type\":\"WebPage\",\"@id\":\"https:\\\/\\\/www.monaco-tribune.com\\\/it\\\/2021\\\/01\\\/ogier-loeb-makinen-rohrl-sainz-le-5-leggende-del-rally-di-monte-carlo\\\/\",\"url\":\"https:\\\/\\\/www.monaco-tribune.com\\\/it\\\/2021\\\/01\\\/ogier-loeb-makinen-rohrl-sainz-le-5-leggende-del-rally-di-monte-carlo\\\/\",\"name\":\"Ogier, Loeb, M\u00e4kinen, R\u00f6hrl, Sainz\u2026 Le 5 leggende del Rally di Monte-Carlo\",\"isPartOf\":{\"@id\":\"https:\\\/\\\/www.monaco-tribune.com\\\/it\\\/#website\"},\"primaryImageOfPage\":{\"@id\":\"https:\\\/\\\/www.monaco-tribune.com\\\/it\\\/2021\\\/01\\\/ogier-loeb-makinen-rohrl-sainz-le-5-leggende-del-rally-di-monte-carlo\\\/#primaryimage\"},\"image\":{\"@id\":\"https:\\\/\\\/www.monaco-tribune.com\\\/it\\\/2021\\\/01\\\/ogier-loeb-makinen-rohrl-sainz-le-5-leggende-del-rally-di-monte-carlo\\\/#primaryimage\"},\"thumbnailUrl\":\"https:\\\/\\\/www.monaco-tribune.com\\\/wp-content\\\/uploads\\\/2021\\\/01\\\/ils-ont-marque\u0301-l-histoire-du-monte-carlo-wrc-min.jpg\",\"datePublished\":\"2021-01-13T18:53:21+00:00\",\"dateModified\":\"2021-01-14T19:08:41+00:00\",\"description\":\"A pochi giorni dalla 89a edizione del Rally di Monte-Carlo, abbiamo selezionato i 5 piloti che hanno segnato la storia della mitica gara monegasca. Dai\",\"breadcrumb\":{\"@id\":\"https:\\\/\\\/www.monaco-tribune.com\\\/it\\\/2021\\\/01\\\/ogier-loeb-makinen-rohrl-sainz-le-5-leggende-del-rally-di-monte-carlo\\\/#breadcrumb\"},\"inLanguage\":\"it-IT\",\"potentialAction\":[{\"@type\":\"ReadAction\",\"target\":[\"https:\\\/\\\/www.monaco-tribune.com\\\/it\\\/2021\\\/01\\\/ogier-loeb-makinen-rohrl-sainz-le-5-leggende-del-rally-di-monte-carlo\\\/\"]}]},{\"@type\":\"ImageObject\",\"inLanguage\":\"it-IT\",\"@id\":\"https:\\\/\\\/www.monaco-tribune.com\\\/it\\\/2021\\\/01\\\/ogier-loeb-makinen-rohrl-sainz-le-5-leggende-del-rally-di-monte-carlo\\\/#primaryimage\",\"url\":\"https:\\\/\\\/www.monaco-tribune.com\\\/wp-content\\\/uploads\\\/2021\\\/01\\\/ils-ont-marque\u0301-l-histoire-du-monte-carlo-wrc-min.jpg\",\"contentUrl\":\"https:\\\/\\\/www.monaco-tribune.com\\\/wp-content\\\/uploads\\\/2021\\\/01\\\/ils-ont-marque\u0301-l-histoire-du-monte-carlo-wrc-min.jpg\",\"width\":1024,\"height\":512,\"caption\":\"WRC\"},{\"@type\":\"BreadcrumbList\",\"@id\":\"https:\\\/\\\/www.monaco-tribune.com\\\/it\\\/2021\\\/01\\\/ogier-loeb-makinen-rohrl-sainz-le-5-leggende-del-rally-di-monte-carlo\\\/#breadcrumb\",\"itemListElement\":[{\"@type\":\"ListItem\",\"position\":1,\"name\":\"Accueil\",\"item\":\"https:\\\/\\\/www.monaco-tribune.com\\\/it\\\/\"},{\"@type\":\"ListItem\",\"position\":2,\"name\":\"Ogier, Loeb, M\u00e4kinen, R\u00f6hrl, Sainz\u2026 Le 5 leggende del Rally di Monte-Carlo\"}]},{\"@type\":\"WebSite\",\"@id\":\"https:\\\/\\\/www.monaco-tribune.com\\\/it\\\/#website\",\"url\":\"https:\\\/\\\/www.monaco-tribune.com\\\/it\\\/\",\"name\":\"Monaco Tribune\",\"description\":\"Monaco : actualit\u00e9s \u00e9conomiques, politiques, culturelles et sportives de Monaco et de la French Riviera.\",\"publisher\":{\"@id\":\"https:\\\/\\\/www.monaco-tribune.com\\\/it\\\/#organization\"},\"potentialAction\":[{\"@type\":\"SearchAction\",\"target\":{\"@type\":\"EntryPoint\",\"urlTemplate\":\"https:\\\/\\\/www.monaco-tribune.com\\\/it\\\/?s={search_term_string}\"},\"query-input\":{\"@type\":\"PropertyValueSpecification\",\"valueRequired\":true,\"valueName\":\"search_term_string\"}}],\"inLanguage\":\"it-IT\"},{\"@type\":\"Organization\",\"@id\":\"https:\\\/\\\/www.monaco-tribune.com\\\/it\\\/#organization\",\"name\":\"Monaco Tribune\",\"url\":\"https:\\\/\\\/www.monaco-tribune.com\\\/it\\\/\",\"logo\":{\"@type\":\"ImageObject\",\"inLanguage\":\"it-IT\",\"@id\":\"https:\\\/\\\/www.monaco-tribune.com\\\/it\\\/#\\\/schema\\\/logo\\\/image\\\/\",\"url\":\"https:\\\/\\\/www.monaco-tribune.com\\\/wp-content\\\/uploads\\\/2022\\\/11\\\/logo-monaco-tribune.png\",\"contentUrl\":\"https:\\\/\\\/www.monaco-tribune.com\\\/wp-content\\\/uploads\\\/2022\\\/11\\\/logo-monaco-tribune.png\",\"width\":1548,\"height\":600,\"caption\":\"Monaco Tribune\"},\"image\":{\"@id\":\"https:\\\/\\\/www.monaco-tribune.com\\\/it\\\/#\\\/schema\\\/logo\\\/image\\\/\"},\"sameAs\":[\"https:\\\/\\\/www.facebook.com\\\/MonacoTribune\",\"https:\\\/\\\/x.com\\\/MonacoTribune\",\"https:\\\/\\\/www.instagram.com\\\/monacotribune\\\/\",\"https:\\\/\\\/www.linkedin.com\\\/company\\\/monaco-tribune\",\"https:\\\/\\\/www.youtube.com\\\/channel\\\/UCHle1MnG6hw1y4lWKijVbMA\"]},{\"@type\":\"Person\",\"@id\":\"https:\\\/\\\/www.monaco-tribune.com\\\/it\\\/#\\\/schema\\\/person\\\/330a3732947cf8cb41b2533a0eadd62e\",\"name\":\"Romain Boisaubert\",\"image\":{\"@type\":\"ImageObject\",\"inLanguage\":\"it-IT\",\"@id\":\"https:\\\/\\\/secure.gravatar.com\\\/avatar\\\/f8b90d41f1eabd1cbe4cf59e09d8db41a697d51919bf2dfe727589a24a4a4d54?s=96&d=mm&r=g\",\"url\":\"https:\\\/\\\/secure.gravatar.com\\\/avatar\\\/f8b90d41f1eabd1cbe4cf59e09d8db41a697d51919bf2dfe727589a24a4a4d54?s=96&d=mm&r=g\",\"contentUrl\":\"https:\\\/\\\/secure.gravatar.com\\\/avatar\\\/f8b90d41f1eabd1cbe4cf59e09d8db41a697d51919bf2dfe727589a24a4a4d54?s=96&d=mm&r=g\",\"caption\":\"Romain Boisaubert\"},\"description\":\"Test bio\",\"url\":\"https:\\\/\\\/www.monaco-tribune.com\\\/it\\\/author\\\/romain-boisaubert\\\/\"}]}<\/script>\n<!-- \/ Yoast SEO Premium plugin. -->","yoast_head_json":{"title":"Ogier, Loeb, M\u00e4kinen, R\u00f6hrl, Sainz\u2026 Le 5 leggende del Rally di Monte-Carlo","description":"A pochi giorni dalla 89a edizione del Rally di Monte-Carlo, abbiamo selezionato i 5 piloti che hanno segnato la storia della mitica gara monegasca. Dai","robots":{"index":"index","follow":"follow","max-snippet":"max-snippet:-1","max-image-preview":"max-image-preview:large","max-video-preview":"max-video-preview:-1"},"canonical":"https:\/\/www.monaco-tribune.com\/it\/2021\/01\/ogier-loeb-makinen-rohrl-sainz-le-5-leggende-del-rally-di-monte-carlo\/","og_locale":"it_IT","og_type":"article","og_title":"Ogier, Loeb, M\u00e4kinen, R\u00f6hrl, Sainz\u2026 Le 5 leggende del Rally di Monte-Carlo - Monaco Tribune","og_description":"A pochi giorni dalla 89a edizione del Rally di Monte-Carlo, abbiamo selezionato i 5 piloti che hanno segnato la storia della mitica gara monegasca. Dai","og_url":"https:\/\/www.monaco-tribune.com\/it\/2021\/01\/ogier-loeb-makinen-rohrl-sainz-le-5-leggende-del-rally-di-monte-carlo\/","og_site_name":"Monaco Tribune","article_publisher":"https:\/\/www.facebook.com\/MonacoTribune","article_published_time":"2021-01-13T18:53:21+00:00","article_modified_time":"2021-01-14T19:08:41+00:00","og_image":[{"width":1024,"height":512,"url":"https:\/\/www.monaco-tribune.com\/wp-content\/uploads\/2021\/01\/ils-ont-marque\u0301-l-histoire-du-monte-carlo-wrc-min.jpg","type":"image\/jpeg"}],"author":"Romain Boisaubert","twitter_card":"summary_large_image","twitter_creator":"@MonacoTribune","twitter_site":"@MonacoTribune","schema":{"@context":"https:\/\/schema.org","@graph":[{"@type":"NewsArticle","@id":"https:\/\/www.monaco-tribune.com\/it\/2021\/01\/ogier-loeb-makinen-rohrl-sainz-le-5-leggende-del-rally-di-monte-carlo\/#article","isPartOf":{"@id":"https:\/\/www.monaco-tribune.com\/it\/2021\/01\/ogier-loeb-makinen-rohrl-sainz-le-5-leggende-del-rally-di-monte-carlo\/"},"author":{"name":"Romain Boisaubert","@id":"https:\/\/www.monaco-tribune.com\/it\/#\/schema\/person\/330a3732947cf8cb41b2533a0eadd62e"},"headline":"Ogier, Loeb, M\u00e4kinen, R\u00f6hrl, Sainz\u2026 Le 5 leggende del Rally di Monte-Carlo","datePublished":"2021-01-13T18:53:21+00:00","dateModified":"2021-01-14T19:08:41+00:00","mainEntityOfPage":{"@id":"https:\/\/www.monaco-tribune.com\/it\/2021\/01\/ogier-loeb-makinen-rohrl-sainz-le-5-leggende-del-rally-di-monte-carlo\/"},"wordCount":652,"publisher":{"@id":"https:\/\/www.monaco-tribune.com\/it\/#organization"},"image":{"@id":"https:\/\/www.monaco-tribune.com\/it\/2021\/01\/ogier-loeb-makinen-rohrl-sainz-le-5-leggende-del-rally-di-monte-carlo\/#primaryimage"},"thumbnailUrl":"https:\/\/www.monaco-tribune.com\/wp-content\/uploads\/2021\/01\/ils-ont-marque\u0301-l-histoire-du-monte-carlo-wrc-min.jpg","articleSection":["La nostra scelta","Notizie","Sport"],"inLanguage":"it-IT","copyrightYear":"2021","copyrightHolder":{"@id":"https:\/\/www.monaco-tribune.com\/#organization"}},{"@type":"WebPage","@id":"https:\/\/www.monaco-tribune.com\/it\/2021\/01\/ogier-loeb-makinen-rohrl-sainz-le-5-leggende-del-rally-di-monte-carlo\/","url":"https:\/\/www.monaco-tribune.com\/it\/2021\/01\/ogier-loeb-makinen-rohrl-sainz-le-5-leggende-del-rally-di-monte-carlo\/","name":"Ogier, Loeb, M\u00e4kinen, R\u00f6hrl, Sainz\u2026 Le 5 leggende del Rally di Monte-Carlo","isPartOf":{"@id":"https:\/\/www.monaco-tribune.com\/it\/#website"},"primaryImageOfPage":{"@id":"https:\/\/www.monaco-tribune.com\/it\/2021\/01\/ogier-loeb-makinen-rohrl-sainz-le-5-leggende-del-rally-di-monte-carlo\/#primaryimage"},"image":{"@id":"https:\/\/www.monaco-tribune.com\/it\/2021\/01\/ogier-loeb-makinen-rohrl-sainz-le-5-leggende-del-rally-di-monte-carlo\/#primaryimage"},"thumbnailUrl":"https:\/\/www.monaco-tribune.com\/wp-content\/uploads\/2021\/01\/ils-ont-marque\u0301-l-histoire-du-monte-carlo-wrc-min.jpg","datePublished":"2021-01-13T18:53:21+00:00","dateModified":"2021-01-14T19:08:41+00:00","description":"A pochi giorni dalla 89a edizione del Rally di Monte-Carlo, abbiamo selezionato i 5 piloti che hanno segnato la storia della mitica gara monegasca. Dai","breadcrumb":{"@id":"https:\/\/www.monaco-tribune.com\/it\/2021\/01\/ogier-loeb-makinen-rohrl-sainz-le-5-leggende-del-rally-di-monte-carlo\/#breadcrumb"},"inLanguage":"it-IT","potentialAction":[{"@type":"ReadAction","target":["https:\/\/www.monaco-tribune.com\/it\/2021\/01\/ogier-loeb-makinen-rohrl-sainz-le-5-leggende-del-rally-di-monte-carlo\/"]}]},{"@type":"ImageObject","inLanguage":"it-IT","@id":"https:\/\/www.monaco-tribune.com\/it\/2021\/01\/ogier-loeb-makinen-rohrl-sainz-le-5-leggende-del-rally-di-monte-carlo\/#primaryimage","url":"https:\/\/www.monaco-tribune.com\/wp-content\/uploads\/2021\/01\/ils-ont-marque\u0301-l-histoire-du-monte-carlo-wrc-min.jpg","contentUrl":"https:\/\/www.monaco-tribune.com\/wp-content\/uploads\/2021\/01\/ils-ont-marque\u0301-l-histoire-du-monte-carlo-wrc-min.jpg","width":1024,"height":512,"caption":"WRC"},{"@type":"BreadcrumbList","@id":"https:\/\/www.monaco-tribune.com\/it\/2021\/01\/ogier-loeb-makinen-rohrl-sainz-le-5-leggende-del-rally-di-monte-carlo\/#breadcrumb","itemListElement":[{"@type":"ListItem","position":1,"name":"Accueil","item":"https:\/\/www.monaco-tribune.com\/it\/"},{"@type":"ListItem","position":2,"name":"Ogier, Loeb, M\u00e4kinen, R\u00f6hrl, Sainz\u2026 Le 5 leggende del Rally di Monte-Carlo"}]},{"@type":"WebSite","@id":"https:\/\/www.monaco-tribune.com\/it\/#website","url":"https:\/\/www.monaco-tribune.com\/it\/","name":"Monaco Tribune","description":"Monaco : actualit\u00e9s \u00e9conomiques, politiques, culturelles et sportives de Monaco et de la French Riviera.","publisher":{"@id":"https:\/\/www.monaco-tribune.com\/it\/#organization"},"potentialAction":[{"@type":"SearchAction","target":{"@type":"EntryPoint","urlTemplate":"https:\/\/www.monaco-tribune.com\/it\/?s={search_term_string}"},"query-input":{"@type":"PropertyValueSpecification","valueRequired":true,"valueName":"search_term_string"}}],"inLanguage":"it-IT"},{"@type":"Organization","@id":"https:\/\/www.monaco-tribune.com\/it\/#organization","name":"Monaco Tribune","url":"https:\/\/www.monaco-tribune.com\/it\/","logo":{"@type":"ImageObject","inLanguage":"it-IT","@id":"https:\/\/www.monaco-tribune.com\/it\/#\/schema\/logo\/image\/","url":"https:\/\/www.monaco-tribune.com\/wp-content\/uploads\/2022\/11\/logo-monaco-tribune.png","contentUrl":"https:\/\/www.monaco-tribune.com\/wp-content\/uploads\/2022\/11\/logo-monaco-tribune.png","width":1548,"height":600,"caption":"Monaco Tribune"},"image":{"@id":"https:\/\/www.monaco-tribune.com\/it\/#\/schema\/logo\/image\/"},"sameAs":["https:\/\/www.facebook.com\/MonacoTribune","https:\/\/x.com\/MonacoTribune","https:\/\/www.instagram.com\/monacotribune\/","https:\/\/www.linkedin.com\/company\/monaco-tribune","https:\/\/www.youtube.com\/channel\/UCHle1MnG6hw1y4lWKijVbMA"]},{"@type":"Person","@id":"https:\/\/www.monaco-tribune.com\/it\/#\/schema\/person\/330a3732947cf8cb41b2533a0eadd62e","name":"Romain Boisaubert","image":{"@type":"ImageObject","inLanguage":"it-IT","@id":"https:\/\/secure.gravatar.com\/avatar\/f8b90d41f1eabd1cbe4cf59e09d8db41a697d51919bf2dfe727589a24a4a4d54?s=96&d=mm&r=g","url":"https:\/\/secure.gravatar.com\/avatar\/f8b90d41f1eabd1cbe4cf59e09d8db41a697d51919bf2dfe727589a24a4a4d54?s=96&d=mm&r=g","contentUrl":"https:\/\/secure.gravatar.com\/avatar\/f8b90d41f1eabd1cbe4cf59e09d8db41a697d51919bf2dfe727589a24a4a4d54?s=96&d=mm&r=g","caption":"Romain Boisaubert"},"description":"Test bio","url":"https:\/\/www.monaco-tribune.com\/it\/author\/romain-boisaubert\/"}]}},"_links":{"self":[{"href":"https:\/\/www.monaco-tribune.com\/it\/wp-json\/wp\/v2\/posts\/62605","targetHints":{"allow":["GET"]}}],"collection":[{"href":"https:\/\/www.monaco-tribune.com\/it\/wp-json\/wp\/v2\/posts"}],"about":[{"href":"https:\/\/www.monaco-tribune.com\/it\/wp-json\/wp\/v2\/types\/post"}],"author":[{"embeddable":true,"href":"https:\/\/www.monaco-tribune.com\/it\/wp-json\/wp\/v2\/users\/24"}],"replies":[{"embeddable":true,"href":"https:\/\/www.monaco-tribune.com\/it\/wp-json\/wp\/v2\/comments?post=62605"}],"version-history":[{"count":0,"href":"https:\/\/www.monaco-tribune.com\/it\/wp-json\/wp\/v2\/posts\/62605\/revisions"}],"wp:featuredmedia":[{"embeddable":true,"href":"https:\/\/www.monaco-tribune.com\/it\/wp-json\/wp\/v2\/media\/62055"}],"wp:attachment":[{"href":"https:\/\/www.monaco-tribune.com\/it\/wp-json\/wp\/v2\/media?parent=62605"}],"wp:term":[{"taxonomy":"category","embeddable":true,"href":"https:\/\/www.monaco-tribune.com\/it\/wp-json\/wp\/v2\/categories?post=62605"},{"taxonomy":"post_tag","embeddable":true,"href":"https:\/\/www.monaco-tribune.com\/it\/wp-json\/wp\/v2\/tags?post=62605"},{"taxonomy":"sectag","embeddable":true,"href":"https:\/\/www.monaco-tribune.com\/it\/wp-json\/wp\/v2\/post_sectags?post=62605"},{"taxonomy":"format","embeddable":true,"href":"https:\/\/www.monaco-tribune.com\/it\/wp-json\/wp\/v2\/post_format?post=62605"}],"curies":[{"name":"wp","href":"https:\/\/api.w.org\/{rel}","templated":true}]}}