{"id":62799,"date":"2021-01-14T20:05:25","date_gmt":"2021-01-14T19:05:25","guid":{"rendered":"https:\/\/www.monaco-tribune.com\/2021\/01\/covid-19-quarto-decesso-del-2021-a-monaco-massima-allerta-in-costa-azzurra\/"},"modified":"2021-01-14T20:05:30","modified_gmt":"2021-01-14T19:05:30","slug":"covid-19-quarto-decesso-del-2021-a-monaco-massima-allerta-in-costa-azzurra","status":"publish","type":"post","link":"https:\/\/www.monaco-tribune.com\/it\/2021\/01\/covid-19-quarto-decesso-del-2021-a-monaco-massima-allerta-in-costa-azzurra\/","title":{"rendered":"Covid-19: quarto decesso del 2021 a Monaco, massima allerta in Costa Azzurra"},"content":{"rendered":"\n<p><strong>Nonostante il coprifuoco anticipato alle 18:00, le citt\u00e0 della regione Provenza Alpi Costa Azzurra hanno registrato un aumento di casi. Lo stesso vale per Monaco, il cui bilancio sanitario \u00e8 salito a 1092 contagi dall&#8217;inizio della crisi.<\/strong><\/p>\n\n<p>Monaco e la Francia stanno assistendo all&#8217;<a href=\"https:\/\/www.monaco-tribune.com\/it\/2021\/01\/covid-19-screening-di-massa-a-monaco-dopo-le-feste\/\">aumento dei casi dovuti alle festivit\u00e0<\/a> appena trascorse. Con venticinque nuovi casi positivi registrati marted\u00ec 12 gennaio, nel Principato aumentano i contagi. Lo stesso giorno \u00e8 stato dichiarato il decesso di una donna di 75 anni. Si tratta della settima vittima residente a Monaco dall&#8217;inizio della pandemia e la quarta del 2021.<\/p>\n\n<p>Anche dall&#8217;altra parte della frontiera, nella regione delle Alpi Marittime, i numeri non sono buoni. Il tasso di incidenza \u00e8 salito a 456 e continua a crescere, cos\u00ec come il tasso di positivit\u00e0 (numero di casi positivi rispetto al numero di test effettuati).<\/p>\n\n<blockquote class=\"wp-block-quote is-layout-flow wp-block-quote-is-layout-flow\"><p>Evitiamo di programmare operazioni, ma forse dovremo chiudere pi\u00f9 sale operatorie, rinviare le operazioni non urgenti per avere a disposizione il personale.<\/p><cite>Anthony Valdez, direttore di igiene presso l&#8217;Agenzia regionale della Salute<\/cite><\/blockquote>\n\n<h2 class=\"wp-block-heading\" id=\"h-vers-une-saturation-des-h-pitaux-dans-les-alpes-maritimes\">Verso la saturazione degli ospedali nella regione delle Alpi Marittime<\/h2>\n\n<p>Se la curva dei ricoveri continua a salire nei prossimi dieci giorni, sar\u00e0 necessario trovare delle soluzioni per aumentare la capienza degli ospedali. Per il momento, secondo l&#8217;Agenzia Regionale della Salute, a causa dei pazienti Covid il tasso di occupazione degli ospedali e delle cliniche \u00e8 dell&#8217;86%.<\/p>\n\n<p>Visto l&#8217;aumento dei pazienti e il numero di letti insufficiente, il CHU di Nizza teme di essere a corto di infermieri. &#8220;A Grasse e Antibes abbiamo quasi raggiunto la capienza massima, ma restano ancora dei posti a Cannes&#8221;.<\/p>\n<figure class=\"wp-block-embed is-type-rich is-provider-twitter wp-block-embed-twitter\"><div class=\"wp-block-embed__wrapper\">\r\n<blockquote class=\"twitter-tweet\" data-width=\"500\" data-dnt=\"true\"><p lang=\"fr\" dir=\"ltr\">\ud83d\uded1<a href=\"https:\/\/twitter.com\/hashtag\/COVID19?src=hash&amp;ref_src=twsrc%5Etfw\">#COVID19<\/a>\ud83d\uded1Situation du 12 janvier compar\u00e9e aux donn\u00e9es du dernier rapport publi\u00e9 \ud83d\udc47<br>\u25b6\ufe0f1 113 personnes sont hospitalis\u00e9es (-35)<br>\u25b6\ufe0f318 personnes sont en r\u00e9animation (+6)<br>Depuis le d\u00e9but de l&#39;\u00e9pid\u00e9mie \ud83d\udc47<br>\u25b6\ufe0f3 871 personnes d\u00e9c\u00e9d\u00e9es (+29)<a href=\"https:\/\/t.co\/EYZiTsacMi\">https:\/\/t.co\/EYZiTsacMi<\/a> <a href=\"https:\/\/t.co\/SWRSB7BpCe\">pic.twitter.com\/SWRSB7BpCe<\/a><\/p>&mdash; ARS Paca (@ARSPaca) <a href=\"https:\/\/twitter.com\/ARSPaca\/status\/1349052157094457345?ref_src=twsrc%5Etfw\">January 12, 2021<\/a><\/blockquote><script async src=\"https:\/\/platform.twitter.com\/widgets.js\" charset=\"utf-8\"><\/script>\r\n<\/div><\/figure>\r\n","protected":false},"excerpt":{"rendered":"<p>Nonostante il coprifuoco anticipato alle 18:00, le citt\u00e0 della regione Provenza Alpi Costa Azzurra hanno registrato un aumento di casi. [&hellip;]<\/p>\n","protected":false},"author":41,"featured_media":62514,"comment_status":"closed","ping_status":"closed","sticky":false,"template":"","format":"standard","meta":{"_acf_changed":false,"footnotes":""},"categories":[1738,1752],"tags":[2886],"post_sectags":[],"post_format":[2478],"class_list":["post-62799","post","type-post","status-publish","format-standard","has-post-thumbnail","hentry","category-notizie","category-societa","tag-covid-19-it","format-notizia"],"acf":[],"yoast_head":"<!-- This site is optimized with the Yoast SEO Premium plugin v26.8 (Yoast SEO v27.4) - https:\/\/yoast.com\/product\/yoast-seo-premium-wordpress\/ -->\n<title>Covid-19: quarto decesso del 2021 a Monaco, massima allerta in Costa Azzurra<\/title>\n<meta name=\"description\" content=\"Nonostante il coprifuoco anticipato alle 18:00, le citt\u00e0 della regione Provenza Alpi Costa Azzurra hanno registrato un aumento di casi. Lo stesso vale per\" \/>\n<meta name=\"robots\" content=\"index, follow, max-snippet:-1, max-image-preview:large, max-video-preview:-1\" \/>\n<link rel=\"canonical\" href=\"https:\/\/www.monaco-tribune.com\/it\/2021\/01\/covid-19-quarto-decesso-del-2021-a-monaco-massima-allerta-in-costa-azzurra\/\" \/>\n<meta property=\"og:locale\" content=\"it_IT\" \/>\n<meta property=\"og:type\" content=\"article\" \/>\n<meta property=\"og:title\" content=\"Covid-19: quarto decesso del 2021 a Monaco, massima allerta in Costa Azzurra - Monaco Tribune\" \/>\n<meta property=\"og:description\" content=\"Nonostante il coprifuoco anticipato alle 18:00, le citt\u00e0 della regione Provenza Alpi Costa Azzurra hanno registrato un aumento di casi. Lo stesso vale per\" \/>\n<meta property=\"og:url\" content=\"https:\/\/www.monaco-tribune.com\/it\/2021\/01\/covid-19-quarto-decesso-del-2021-a-monaco-massima-allerta-in-costa-azzurra\/\" \/>\n<meta property=\"og:site_name\" content=\"Monaco Tribune\" \/>\n<meta property=\"article:publisher\" content=\"https:\/\/www.facebook.com\/MonacoTribune\" \/>\n<meta property=\"article:published_time\" content=\"2021-01-14T19:05:25+00:00\" \/>\n<meta property=\"article:modified_time\" content=\"2021-01-14T19:05:30+00:00\" \/>\n<meta property=\"og:image\" content=\"https:\/\/www.monaco-tribune.com\/wp-content\/uploads\/2021\/01\/de\u0301ce\u0300s-covid-monaco.jpg\" \/>\n\t<meta property=\"og:image:width\" content=\"1200\" \/>\n\t<meta property=\"og:image:height\" content=\"765\" \/>\n\t<meta property=\"og:image:type\" content=\"image\/jpeg\" \/>\n<meta name=\"author\" content=\"Nassima Errami\" \/>\n<meta name=\"twitter:card\" content=\"summary_large_image\" \/>\n<meta name=\"twitter:creator\" content=\"@MonacoTribune\" \/>\n<meta name=\"twitter:site\" content=\"@MonacoTribune\" \/>\n<script type=\"application\/ld+json\" class=\"yoast-schema-graph\">{\"@context\":\"https:\\\/\\\/schema.org\",\"@graph\":[{\"@type\":\"NewsArticle\",\"@id\":\"https:\\\/\\\/www.monaco-tribune.com\\\/it\\\/2021\\\/01\\\/covid-19-quarto-decesso-del-2021-a-monaco-massima-allerta-in-costa-azzurra\\\/#article\",\"isPartOf\":{\"@id\":\"https:\\\/\\\/www.monaco-tribune.com\\\/it\\\/2021\\\/01\\\/covid-19-quarto-decesso-del-2021-a-monaco-massima-allerta-in-costa-azzurra\\\/\"},\"author\":{\"name\":\"Nassima Errami\",\"@id\":\"https:\\\/\\\/www.monaco-tribune.com\\\/it\\\/#\\\/schema\\\/person\\\/3814f045714aae4bb4abbfb04158f169\"},\"headline\":\"Covid-19: quarto decesso del 2021 a Monaco, massima allerta in Costa Azzurra\",\"datePublished\":\"2021-01-14T19:05:25+00:00\",\"dateModified\":\"2021-01-14T19:05:30+00:00\",\"mainEntityOfPage\":{\"@id\":\"https:\\\/\\\/www.monaco-tribune.com\\\/it\\\/2021\\\/01\\\/covid-19-quarto-decesso-del-2021-a-monaco-massima-allerta-in-costa-azzurra\\\/\"},\"wordCount\":279,\"publisher\":{\"@id\":\"https:\\\/\\\/www.monaco-tribune.com\\\/it\\\/#organization\"},\"image\":{\"@id\":\"https:\\\/\\\/www.monaco-tribune.com\\\/it\\\/2021\\\/01\\\/covid-19-quarto-decesso-del-2021-a-monaco-massima-allerta-in-costa-azzurra\\\/#primaryimage\"},\"thumbnailUrl\":\"https:\\\/\\\/www.monaco-tribune.com\\\/wp-content\\\/uploads\\\/2021\\\/01\\\/de\u0301ce\u0300s-covid-monaco.jpg\",\"keywords\":[\"Covid-19\"],\"articleSection\":[\"Notizie\",\"Societ\u00e0\"],\"inLanguage\":\"it-IT\",\"copyrightYear\":\"2021\",\"copyrightHolder\":{\"@id\":\"https:\\\/\\\/www.monaco-tribune.com\\\/#organization\"}},{\"@type\":\"WebPage\",\"@id\":\"https:\\\/\\\/www.monaco-tribune.com\\\/it\\\/2021\\\/01\\\/covid-19-quarto-decesso-del-2021-a-monaco-massima-allerta-in-costa-azzurra\\\/\",\"url\":\"https:\\\/\\\/www.monaco-tribune.com\\\/it\\\/2021\\\/01\\\/covid-19-quarto-decesso-del-2021-a-monaco-massima-allerta-in-costa-azzurra\\\/\",\"name\":\"Covid-19: quarto decesso del 2021 a Monaco, massima allerta in Costa Azzurra\",\"isPartOf\":{\"@id\":\"https:\\\/\\\/www.monaco-tribune.com\\\/it\\\/#website\"},\"primaryImageOfPage\":{\"@id\":\"https:\\\/\\\/www.monaco-tribune.com\\\/it\\\/2021\\\/01\\\/covid-19-quarto-decesso-del-2021-a-monaco-massima-allerta-in-costa-azzurra\\\/#primaryimage\"},\"image\":{\"@id\":\"https:\\\/\\\/www.monaco-tribune.com\\\/it\\\/2021\\\/01\\\/covid-19-quarto-decesso-del-2021-a-monaco-massima-allerta-in-costa-azzurra\\\/#primaryimage\"},\"thumbnailUrl\":\"https:\\\/\\\/www.monaco-tribune.com\\\/wp-content\\\/uploads\\\/2021\\\/01\\\/de\u0301ce\u0300s-covid-monaco.jpg\",\"datePublished\":\"2021-01-14T19:05:25+00:00\",\"dateModified\":\"2021-01-14T19:05:30+00:00\",\"description\":\"Nonostante il coprifuoco anticipato alle 18:00, le citt\u00e0 della regione Provenza Alpi Costa Azzurra hanno registrato un aumento di casi. Lo stesso vale per\",\"breadcrumb\":{\"@id\":\"https:\\\/\\\/www.monaco-tribune.com\\\/it\\\/2021\\\/01\\\/covid-19-quarto-decesso-del-2021-a-monaco-massima-allerta-in-costa-azzurra\\\/#breadcrumb\"},\"inLanguage\":\"it-IT\",\"potentialAction\":[{\"@type\":\"ReadAction\",\"target\":[\"https:\\\/\\\/www.monaco-tribune.com\\\/it\\\/2021\\\/01\\\/covid-19-quarto-decesso-del-2021-a-monaco-massima-allerta-in-costa-azzurra\\\/\"]}]},{\"@type\":\"ImageObject\",\"inLanguage\":\"it-IT\",\"@id\":\"https:\\\/\\\/www.monaco-tribune.com\\\/it\\\/2021\\\/01\\\/covid-19-quarto-decesso-del-2021-a-monaco-massima-allerta-in-costa-azzurra\\\/#primaryimage\",\"url\":\"https:\\\/\\\/www.monaco-tribune.com\\\/wp-content\\\/uploads\\\/2021\\\/01\\\/de\u0301ce\u0300s-covid-monaco.jpg\",\"contentUrl\":\"https:\\\/\\\/www.monaco-tribune.com\\\/wp-content\\\/uploads\\\/2021\\\/01\\\/de\u0301ce\u0300s-covid-monaco.jpg\",\"width\":1200,\"height\":765,\"caption\":\"Unsplash\"},{\"@type\":\"BreadcrumbList\",\"@id\":\"https:\\\/\\\/www.monaco-tribune.com\\\/it\\\/2021\\\/01\\\/covid-19-quarto-decesso-del-2021-a-monaco-massima-allerta-in-costa-azzurra\\\/#breadcrumb\",\"itemListElement\":[{\"@type\":\"ListItem\",\"position\":1,\"name\":\"Accueil\",\"item\":\"https:\\\/\\\/www.monaco-tribune.com\\\/it\\\/\"},{\"@type\":\"ListItem\",\"position\":2,\"name\":\"Covid-19: quarto decesso del 2021 a Monaco, massima allerta in Costa Azzurra\"}]},{\"@type\":\"WebSite\",\"@id\":\"https:\\\/\\\/www.monaco-tribune.com\\\/it\\\/#website\",\"url\":\"https:\\\/\\\/www.monaco-tribune.com\\\/it\\\/\",\"name\":\"Monaco Tribune\",\"description\":\"Monaco : actualit\u00e9s \u00e9conomiques, politiques, culturelles et sportives de Monaco et de la French Riviera.\",\"publisher\":{\"@id\":\"https:\\\/\\\/www.monaco-tribune.com\\\/it\\\/#organization\"},\"potentialAction\":[{\"@type\":\"SearchAction\",\"target\":{\"@type\":\"EntryPoint\",\"urlTemplate\":\"https:\\\/\\\/www.monaco-tribune.com\\\/it\\\/?s={search_term_string}\"},\"query-input\":{\"@type\":\"PropertyValueSpecification\",\"valueRequired\":true,\"valueName\":\"search_term_string\"}}],\"inLanguage\":\"it-IT\"},{\"@type\":\"Organization\",\"@id\":\"https:\\\/\\\/www.monaco-tribune.com\\\/it\\\/#organization\",\"name\":\"Monaco Tribune\",\"url\":\"https:\\\/\\\/www.monaco-tribune.com\\\/it\\\/\",\"logo\":{\"@type\":\"ImageObject\",\"inLanguage\":\"it-IT\",\"@id\":\"https:\\\/\\\/www.monaco-tribune.com\\\/it\\\/#\\\/schema\\\/logo\\\/image\\\/\",\"url\":\"https:\\\/\\\/www.monaco-tribune.com\\\/wp-content\\\/uploads\\\/2022\\\/11\\\/logo-monaco-tribune.png\",\"contentUrl\":\"https:\\\/\\\/www.monaco-tribune.com\\\/wp-content\\\/uploads\\\/2022\\\/11\\\/logo-monaco-tribune.png\",\"width\":1548,\"height\":600,\"caption\":\"Monaco Tribune\"},\"image\":{\"@id\":\"https:\\\/\\\/www.monaco-tribune.com\\\/it\\\/#\\\/schema\\\/logo\\\/image\\\/\"},\"sameAs\":[\"https:\\\/\\\/www.facebook.com\\\/MonacoTribune\",\"https:\\\/\\\/x.com\\\/MonacoTribune\",\"https:\\\/\\\/www.instagram.com\\\/monacotribune\\\/\",\"https:\\\/\\\/www.linkedin.com\\\/company\\\/monaco-tribune\",\"https:\\\/\\\/www.youtube.com\\\/channel\\\/UCHle1MnG6hw1y4lWKijVbMA\"]},{\"@type\":\"Person\",\"@id\":\"https:\\\/\\\/www.monaco-tribune.com\\\/it\\\/#\\\/schema\\\/person\\\/3814f045714aae4bb4abbfb04158f169\",\"name\":\"Nassima Errami\",\"image\":{\"@type\":\"ImageObject\",\"inLanguage\":\"it-IT\",\"@id\":\"https:\\\/\\\/secure.gravatar.com\\\/avatar\\\/3c0c0266375bc79b6d945c432ea8992d44782f7779ffe49a3d62b6ce4d6a23e0?s=96&d=mm&r=g\",\"url\":\"https:\\\/\\\/secure.gravatar.com\\\/avatar\\\/3c0c0266375bc79b6d945c432ea8992d44782f7779ffe49a3d62b6ce4d6a23e0?s=96&d=mm&r=g\",\"contentUrl\":\"https:\\\/\\\/secure.gravatar.com\\\/avatar\\\/3c0c0266375bc79b6d945c432ea8992d44782f7779ffe49a3d62b6ce4d6a23e0?s=96&d=mm&r=g\",\"caption\":\"Nassima Errami\"},\"url\":\"https:\\\/\\\/www.monaco-tribune.com\\\/it\\\/author\\\/nassimaerrami\\\/\"}]}<\/script>\n<!-- \/ Yoast SEO Premium plugin. -->","yoast_head_json":{"title":"Covid-19: quarto decesso del 2021 a Monaco, massima allerta in Costa Azzurra","description":"Nonostante il coprifuoco anticipato alle 18:00, le citt\u00e0 della regione Provenza Alpi Costa Azzurra hanno registrato un aumento di casi. Lo stesso vale per","robots":{"index":"index","follow":"follow","max-snippet":"max-snippet:-1","max-image-preview":"max-image-preview:large","max-video-preview":"max-video-preview:-1"},"canonical":"https:\/\/www.monaco-tribune.com\/it\/2021\/01\/covid-19-quarto-decesso-del-2021-a-monaco-massima-allerta-in-costa-azzurra\/","og_locale":"it_IT","og_type":"article","og_title":"Covid-19: quarto decesso del 2021 a Monaco, massima allerta in Costa Azzurra - Monaco Tribune","og_description":"Nonostante il coprifuoco anticipato alle 18:00, le citt\u00e0 della regione Provenza Alpi Costa Azzurra hanno registrato un aumento di casi. Lo stesso vale per","og_url":"https:\/\/www.monaco-tribune.com\/it\/2021\/01\/covid-19-quarto-decesso-del-2021-a-monaco-massima-allerta-in-costa-azzurra\/","og_site_name":"Monaco Tribune","article_publisher":"https:\/\/www.facebook.com\/MonacoTribune","article_published_time":"2021-01-14T19:05:25+00:00","article_modified_time":"2021-01-14T19:05:30+00:00","og_image":[{"width":1200,"height":765,"url":"https:\/\/www.monaco-tribune.com\/wp-content\/uploads\/2021\/01\/de\u0301ce\u0300s-covid-monaco.jpg","type":"image\/jpeg"}],"author":"Nassima Errami","twitter_card":"summary_large_image","twitter_creator":"@MonacoTribune","twitter_site":"@MonacoTribune","schema":{"@context":"https:\/\/schema.org","@graph":[{"@type":"NewsArticle","@id":"https:\/\/www.monaco-tribune.com\/it\/2021\/01\/covid-19-quarto-decesso-del-2021-a-monaco-massima-allerta-in-costa-azzurra\/#article","isPartOf":{"@id":"https:\/\/www.monaco-tribune.com\/it\/2021\/01\/covid-19-quarto-decesso-del-2021-a-monaco-massima-allerta-in-costa-azzurra\/"},"author":{"name":"Nassima Errami","@id":"https:\/\/www.monaco-tribune.com\/it\/#\/schema\/person\/3814f045714aae4bb4abbfb04158f169"},"headline":"Covid-19: quarto decesso del 2021 a Monaco, massima allerta in Costa Azzurra","datePublished":"2021-01-14T19:05:25+00:00","dateModified":"2021-01-14T19:05:30+00:00","mainEntityOfPage":{"@id":"https:\/\/www.monaco-tribune.com\/it\/2021\/01\/covid-19-quarto-decesso-del-2021-a-monaco-massima-allerta-in-costa-azzurra\/"},"wordCount":279,"publisher":{"@id":"https:\/\/www.monaco-tribune.com\/it\/#organization"},"image":{"@id":"https:\/\/www.monaco-tribune.com\/it\/2021\/01\/covid-19-quarto-decesso-del-2021-a-monaco-massima-allerta-in-costa-azzurra\/#primaryimage"},"thumbnailUrl":"https:\/\/www.monaco-tribune.com\/wp-content\/uploads\/2021\/01\/de\u0301ce\u0300s-covid-monaco.jpg","keywords":["Covid-19"],"articleSection":["Notizie","Societ\u00e0"],"inLanguage":"it-IT","copyrightYear":"2021","copyrightHolder":{"@id":"https:\/\/www.monaco-tribune.com\/#organization"}},{"@type":"WebPage","@id":"https:\/\/www.monaco-tribune.com\/it\/2021\/01\/covid-19-quarto-decesso-del-2021-a-monaco-massima-allerta-in-costa-azzurra\/","url":"https:\/\/www.monaco-tribune.com\/it\/2021\/01\/covid-19-quarto-decesso-del-2021-a-monaco-massima-allerta-in-costa-azzurra\/","name":"Covid-19: quarto decesso del 2021 a Monaco, massima allerta in Costa Azzurra","isPartOf":{"@id":"https:\/\/www.monaco-tribune.com\/it\/#website"},"primaryImageOfPage":{"@id":"https:\/\/www.monaco-tribune.com\/it\/2021\/01\/covid-19-quarto-decesso-del-2021-a-monaco-massima-allerta-in-costa-azzurra\/#primaryimage"},"image":{"@id":"https:\/\/www.monaco-tribune.com\/it\/2021\/01\/covid-19-quarto-decesso-del-2021-a-monaco-massima-allerta-in-costa-azzurra\/#primaryimage"},"thumbnailUrl":"https:\/\/www.monaco-tribune.com\/wp-content\/uploads\/2021\/01\/de\u0301ce\u0300s-covid-monaco.jpg","datePublished":"2021-01-14T19:05:25+00:00","dateModified":"2021-01-14T19:05:30+00:00","description":"Nonostante il coprifuoco anticipato alle 18:00, le citt\u00e0 della regione Provenza Alpi Costa Azzurra hanno registrato un aumento di casi. Lo stesso vale per","breadcrumb":{"@id":"https:\/\/www.monaco-tribune.com\/it\/2021\/01\/covid-19-quarto-decesso-del-2021-a-monaco-massima-allerta-in-costa-azzurra\/#breadcrumb"},"inLanguage":"it-IT","potentialAction":[{"@type":"ReadAction","target":["https:\/\/www.monaco-tribune.com\/it\/2021\/01\/covid-19-quarto-decesso-del-2021-a-monaco-massima-allerta-in-costa-azzurra\/"]}]},{"@type":"ImageObject","inLanguage":"it-IT","@id":"https:\/\/www.monaco-tribune.com\/it\/2021\/01\/covid-19-quarto-decesso-del-2021-a-monaco-massima-allerta-in-costa-azzurra\/#primaryimage","url":"https:\/\/www.monaco-tribune.com\/wp-content\/uploads\/2021\/01\/de\u0301ce\u0300s-covid-monaco.jpg","contentUrl":"https:\/\/www.monaco-tribune.com\/wp-content\/uploads\/2021\/01\/de\u0301ce\u0300s-covid-monaco.jpg","width":1200,"height":765,"caption":"Unsplash"},{"@type":"BreadcrumbList","@id":"https:\/\/www.monaco-tribune.com\/it\/2021\/01\/covid-19-quarto-decesso-del-2021-a-monaco-massima-allerta-in-costa-azzurra\/#breadcrumb","itemListElement":[{"@type":"ListItem","position":1,"name":"Accueil","item":"https:\/\/www.monaco-tribune.com\/it\/"},{"@type":"ListItem","position":2,"name":"Covid-19: quarto decesso del 2021 a Monaco, massima allerta in Costa Azzurra"}]},{"@type":"WebSite","@id":"https:\/\/www.monaco-tribune.com\/it\/#website","url":"https:\/\/www.monaco-tribune.com\/it\/","name":"Monaco Tribune","description":"Monaco : actualit\u00e9s \u00e9conomiques, politiques, culturelles et sportives de Monaco et de la French Riviera.","publisher":{"@id":"https:\/\/www.monaco-tribune.com\/it\/#organization"},"potentialAction":[{"@type":"SearchAction","target":{"@type":"EntryPoint","urlTemplate":"https:\/\/www.monaco-tribune.com\/it\/?s={search_term_string}"},"query-input":{"@type":"PropertyValueSpecification","valueRequired":true,"valueName":"search_term_string"}}],"inLanguage":"it-IT"},{"@type":"Organization","@id":"https:\/\/www.monaco-tribune.com\/it\/#organization","name":"Monaco Tribune","url":"https:\/\/www.monaco-tribune.com\/it\/","logo":{"@type":"ImageObject","inLanguage":"it-IT","@id":"https:\/\/www.monaco-tribune.com\/it\/#\/schema\/logo\/image\/","url":"https:\/\/www.monaco-tribune.com\/wp-content\/uploads\/2022\/11\/logo-monaco-tribune.png","contentUrl":"https:\/\/www.monaco-tribune.com\/wp-content\/uploads\/2022\/11\/logo-monaco-tribune.png","width":1548,"height":600,"caption":"Monaco Tribune"},"image":{"@id":"https:\/\/www.monaco-tribune.com\/it\/#\/schema\/logo\/image\/"},"sameAs":["https:\/\/www.facebook.com\/MonacoTribune","https:\/\/x.com\/MonacoTribune","https:\/\/www.instagram.com\/monacotribune\/","https:\/\/www.linkedin.com\/company\/monaco-tribune","https:\/\/www.youtube.com\/channel\/UCHle1MnG6hw1y4lWKijVbMA"]},{"@type":"Person","@id":"https:\/\/www.monaco-tribune.com\/it\/#\/schema\/person\/3814f045714aae4bb4abbfb04158f169","name":"Nassima Errami","image":{"@type":"ImageObject","inLanguage":"it-IT","@id":"https:\/\/secure.gravatar.com\/avatar\/3c0c0266375bc79b6d945c432ea8992d44782f7779ffe49a3d62b6ce4d6a23e0?s=96&d=mm&r=g","url":"https:\/\/secure.gravatar.com\/avatar\/3c0c0266375bc79b6d945c432ea8992d44782f7779ffe49a3d62b6ce4d6a23e0?s=96&d=mm&r=g","contentUrl":"https:\/\/secure.gravatar.com\/avatar\/3c0c0266375bc79b6d945c432ea8992d44782f7779ffe49a3d62b6ce4d6a23e0?s=96&d=mm&r=g","caption":"Nassima Errami"},"url":"https:\/\/www.monaco-tribune.com\/it\/author\/nassimaerrami\/"}]}},"_links":{"self":[{"href":"https:\/\/www.monaco-tribune.com\/it\/wp-json\/wp\/v2\/posts\/62799","targetHints":{"allow":["GET"]}}],"collection":[{"href":"https:\/\/www.monaco-tribune.com\/it\/wp-json\/wp\/v2\/posts"}],"about":[{"href":"https:\/\/www.monaco-tribune.com\/it\/wp-json\/wp\/v2\/types\/post"}],"author":[{"embeddable":true,"href":"https:\/\/www.monaco-tribune.com\/it\/wp-json\/wp\/v2\/users\/41"}],"replies":[{"embeddable":true,"href":"https:\/\/www.monaco-tribune.com\/it\/wp-json\/wp\/v2\/comments?post=62799"}],"version-history":[{"count":0,"href":"https:\/\/www.monaco-tribune.com\/it\/wp-json\/wp\/v2\/posts\/62799\/revisions"}],"wp:featuredmedia":[{"embeddable":true,"href":"https:\/\/www.monaco-tribune.com\/it\/wp-json\/wp\/v2\/media\/62514"}],"wp:attachment":[{"href":"https:\/\/www.monaco-tribune.com\/it\/wp-json\/wp\/v2\/media?parent=62799"}],"wp:term":[{"taxonomy":"category","embeddable":true,"href":"https:\/\/www.monaco-tribune.com\/it\/wp-json\/wp\/v2\/categories?post=62799"},{"taxonomy":"post_tag","embeddable":true,"href":"https:\/\/www.monaco-tribune.com\/it\/wp-json\/wp\/v2\/tags?post=62799"},{"taxonomy":"sectag","embeddable":true,"href":"https:\/\/www.monaco-tribune.com\/it\/wp-json\/wp\/v2\/post_sectags?post=62799"},{"taxonomy":"format","embeddable":true,"href":"https:\/\/www.monaco-tribune.com\/it\/wp-json\/wp\/v2\/post_format?post=62799"}],"curies":[{"name":"wp","href":"https:\/\/api.w.org\/{rel}","templated":true}]}}