{"id":62994,"date":"2021-01-15T16:59:13","date_gmt":"2021-01-15T15:59:13","guid":{"rendered":"https:\/\/www.monaco-tribune.com\/2021\/01\/la-top-10-dei-nomi-piu-popolari-a-monaco-nel-2020\/"},"modified":"2021-01-15T16:59:18","modified_gmt":"2021-01-15T15:59:18","slug":"la-top-10-dei-nomi-piu-popolari-a-monaco-nel-2020","status":"publish","type":"post","link":"https:\/\/www.monaco-tribune.com\/it\/2021\/01\/la-top-10-dei-nomi-piu-popolari-a-monaco-nel-2020\/","title":{"rendered":"La top 10 dei nomi pi\u00f9 popolari a Monaco nel 2020"},"content":{"rendered":"\n<p><strong>Come da tradizione di inizio anno, il 13 gennaio il sindaco di Monaco ha condiviso i dati dello Stato Civile per l&#8217;anno appena trascorso. Oltre ai nomi pi\u00f9 popolari, troviamo anche le nascite, i matrimoni, i divorzi e i decessi avvenuti nel Principato, a prescindere dalla residenza o dalla nazionalit\u00e0.<\/strong><\/p>\n\n<p>Nel 2020, sono stati 911 i neonati venuti al mondo presso il Centro Ospedaliero Principessa Grace: 479 maschietti e 432 femminucce. Inoltre, 461 di queste nascite arrivano da coppie sposate, mentre 450 sono nati al di fuori del matrimonio.<\/p>\n\n<p>Nel 2020 non sono mancate le scelte abbastanza stravaganti. L&#8217;immaginazione, infatti, prende il volo quando si tratta di scegliere i nomi, anche se alcuni sono rimasti invariati dal 2019. Vi presentiamo la top 10 dei nomi di quest&#8217;anno fuori dal comune!<\/p>\n\n<h2 class=\"wp-block-heading\" id=\"h-le-top-5-pour-les-filles\">Top 5 nomi femminili<\/h2>\n\n<p><strong>Victoria<\/strong> &#8211; forma femminile di Victor. Nome di origine latina che vuol dire &#8220;vincitore&#8221;.<\/p>\n\n<p><strong>Alice\u00a0<\/strong>&#8211; deriva dal nome Adalhaid: &#8220;adal&#8221; significa &#8220;nobile&#8221; , mentre &#8220;haid&#8221; vuol dire discendenza&#8221;.<\/p>\n\n<p><strong>Mia\u00a0<\/strong>&#8211; deriva dal nome ebraico Miryam che significa &#8220;cara&#8221; e &#8220;amata&#8221;.<\/p>\n\n<p><strong>Chlo\u00e9\u00a0<\/strong>&#8211; deriva dal greco, in cui viene attribuito alla dea della natura. Significa &#8220;erba nascente&#8221;.<\/p>\n\n<p><strong>Th\u00e9a\u00a0<\/strong>&#8211; deriva dal nome Th\u00e9ana. Trae ispirazione dal termine greco &#8220;theos&#8221; che significa &#8220;Dio&#8221;.<\/p>\n\n<h2 class=\"wp-block-heading\" id=\"h-le-top-5-pour-les-gar-ons\">Top 5 nomi maschili<\/h2>\n\n<p><strong>L\u00e9o <\/strong>&#8211; ripreso dal latino &#8220;L\u00e9o&#8221; che vuol dire &#8220;leone&#8221;.<\/p>\n\n<p><strong>Gabriel <\/strong>&#8211; unione di due termini ebraici con il significato di &#8220;forza&#8221; e &#8220;Dio&#8221;.<\/p>\n\n<p><strong>Ethan\u00a0<\/strong>&#8211; nome ebraico che vuol dire &#8220;forte&#8221;, &#8220;robusto&#8221; o anche &#8220;impetuoso&#8221;.<\/p>\n\n<p><strong>Andrea\u00a0<\/strong>&#8211; nome di origine greca che simboleggia la &#8220;forza&#8221; e il &#8220;coraggio&#8221;.<\/p>\n\n<p><strong>Th\u00e9o\u00a0<\/strong>&#8211; deriva da \u00a0&#8220;Th\u00e9odore&#8221; che trae origine dal nome greco Th\u00e9od\u00f4ros con il significato di &#8220;dono di Dio&#8221;.<\/p>\n\n<p>.<\/p>\n","protected":false},"excerpt":{"rendered":"<p>Come da tradizione di inizio anno, il 13 gennaio il sindaco di Monaco ha condiviso i dati dello Stato Civile [&hellip;]<\/p>\n","protected":false},"author":41,"featured_media":62785,"comment_status":"closed","ping_status":"closed","sticky":false,"template":"","format":"standard","meta":{"_acf_changed":false,"footnotes":""},"categories":[1738,1752],"tags":[3014],"post_sectags":[],"post_format":[2486],"class_list":["post-62994","post","type-post","status-publish","format-standard","has-post-thumbnail","hentry","category-notizie","category-societa","tag-infanzia","format-servizio"],"acf":[],"yoast_head":"<!-- This site is optimized with the Yoast SEO Premium plugin v26.8 (Yoast SEO v27.5) - https:\/\/yoast.com\/product\/yoast-seo-premium-wordpress\/ -->\n<title>La top 10 dei nomi pi\u00f9 popolari a Monaco nel 2020<\/title>\n<meta name=\"description\" content=\"Come da tradizione di inizio anno, il 13 gennaio il sindaco di Monaco ha condiviso i dati dello Stato Civile per l&#039;anno appena trascorso. Oltre ai nomi\" \/>\n<meta name=\"robots\" content=\"index, follow, max-snippet:-1, max-image-preview:large, max-video-preview:-1\" \/>\n<link rel=\"canonical\" href=\"https:\/\/www.monaco-tribune.com\/it\/2021\/01\/la-top-10-dei-nomi-piu-popolari-a-monaco-nel-2020\/\" \/>\n<meta property=\"og:locale\" content=\"it_IT\" \/>\n<meta property=\"og:type\" content=\"article\" \/>\n<meta property=\"og:title\" content=\"La top 10 dei nomi pi\u00f9 popolari a Monaco nel 2020 - Monaco Tribune\" \/>\n<meta property=\"og:description\" content=\"Come da tradizione di inizio anno, il 13 gennaio il sindaco di Monaco ha condiviso i dati dello Stato Civile per l&#039;anno appena trascorso. Oltre ai nomi\" \/>\n<meta property=\"og:url\" content=\"https:\/\/www.monaco-tribune.com\/it\/2021\/01\/la-top-10-dei-nomi-piu-popolari-a-monaco-nel-2020\/\" \/>\n<meta property=\"og:site_name\" content=\"Monaco Tribune\" \/>\n<meta property=\"article:publisher\" content=\"https:\/\/www.facebook.com\/MonacoTribune\" \/>\n<meta property=\"article:published_time\" content=\"2021-01-15T15:59:13+00:00\" \/>\n<meta property=\"article:modified_time\" content=\"2021-01-15T15:59:18+00:00\" \/>\n<meta property=\"og:image\" content=\"https:\/\/www.monaco-tribune.com\/wp-content\/uploads\/2021\/01\/enfants-princes-monaco.jpg\" \/>\n\t<meta property=\"og:image:width\" content=\"1875\" \/>\n\t<meta property=\"og:image:height\" content=\"1250\" \/>\n\t<meta property=\"og:image:type\" content=\"image\/jpeg\" \/>\n<meta name=\"author\" content=\"Nassima Errami\" \/>\n<meta name=\"twitter:card\" content=\"summary_large_image\" \/>\n<meta name=\"twitter:creator\" content=\"@MonacoTribune\" \/>\n<meta name=\"twitter:site\" content=\"@MonacoTribune\" \/>\n<script type=\"application\/ld+json\" class=\"yoast-schema-graph\">{\"@context\":\"https:\\\/\\\/schema.org\",\"@graph\":[{\"@type\":\"NewsArticle\",\"@id\":\"https:\\\/\\\/www.monaco-tribune.com\\\/it\\\/2021\\\/01\\\/la-top-10-dei-nomi-piu-popolari-a-monaco-nel-2020\\\/#article\",\"isPartOf\":{\"@id\":\"https:\\\/\\\/www.monaco-tribune.com\\\/it\\\/2021\\\/01\\\/la-top-10-dei-nomi-piu-popolari-a-monaco-nel-2020\\\/\"},\"author\":{\"name\":\"Nassima Errami\",\"@id\":\"https:\\\/\\\/www.monaco-tribune.com\\\/it\\\/#\\\/schema\\\/person\\\/3814f045714aae4bb4abbfb04158f169\"},\"headline\":\"La top 10 dei nomi pi\u00f9 popolari a Monaco nel 2020\",\"datePublished\":\"2021-01-15T15:59:13+00:00\",\"dateModified\":\"2021-01-15T15:59:18+00:00\",\"mainEntityOfPage\":{\"@id\":\"https:\\\/\\\/www.monaco-tribune.com\\\/it\\\/2021\\\/01\\\/la-top-10-dei-nomi-piu-popolari-a-monaco-nel-2020\\\/\"},\"wordCount\":285,\"publisher\":{\"@id\":\"https:\\\/\\\/www.monaco-tribune.com\\\/it\\\/#organization\"},\"image\":{\"@id\":\"https:\\\/\\\/www.monaco-tribune.com\\\/it\\\/2021\\\/01\\\/la-top-10-dei-nomi-piu-popolari-a-monaco-nel-2020\\\/#primaryimage\"},\"thumbnailUrl\":\"https:\\\/\\\/www.monaco-tribune.com\\\/wp-content\\\/uploads\\\/2021\\\/01\\\/enfants-princes-monaco.jpg\",\"keywords\":[\"Infanzia\"],\"articleSection\":[\"Notizie\",\"Societ\u00e0\"],\"inLanguage\":\"it-IT\",\"copyrightYear\":\"2021\",\"copyrightHolder\":{\"@id\":\"https:\\\/\\\/www.monaco-tribune.com\\\/#organization\"}},{\"@type\":\"WebPage\",\"@id\":\"https:\\\/\\\/www.monaco-tribune.com\\\/it\\\/2021\\\/01\\\/la-top-10-dei-nomi-piu-popolari-a-monaco-nel-2020\\\/\",\"url\":\"https:\\\/\\\/www.monaco-tribune.com\\\/it\\\/2021\\\/01\\\/la-top-10-dei-nomi-piu-popolari-a-monaco-nel-2020\\\/\",\"name\":\"La top 10 dei nomi pi\u00f9 popolari a Monaco nel 2020\",\"isPartOf\":{\"@id\":\"https:\\\/\\\/www.monaco-tribune.com\\\/it\\\/#website\"},\"primaryImageOfPage\":{\"@id\":\"https:\\\/\\\/www.monaco-tribune.com\\\/it\\\/2021\\\/01\\\/la-top-10-dei-nomi-piu-popolari-a-monaco-nel-2020\\\/#primaryimage\"},\"image\":{\"@id\":\"https:\\\/\\\/www.monaco-tribune.com\\\/it\\\/2021\\\/01\\\/la-top-10-dei-nomi-piu-popolari-a-monaco-nel-2020\\\/#primaryimage\"},\"thumbnailUrl\":\"https:\\\/\\\/www.monaco-tribune.com\\\/wp-content\\\/uploads\\\/2021\\\/01\\\/enfants-princes-monaco.jpg\",\"datePublished\":\"2021-01-15T15:59:13+00:00\",\"dateModified\":\"2021-01-15T15:59:18+00:00\",\"description\":\"Come da tradizione di inizio anno, il 13 gennaio il sindaco di Monaco ha condiviso i dati dello Stato Civile per l'anno appena trascorso. Oltre ai nomi\",\"breadcrumb\":{\"@id\":\"https:\\\/\\\/www.monaco-tribune.com\\\/it\\\/2021\\\/01\\\/la-top-10-dei-nomi-piu-popolari-a-monaco-nel-2020\\\/#breadcrumb\"},\"inLanguage\":\"it-IT\",\"potentialAction\":[{\"@type\":\"ReadAction\",\"target\":[\"https:\\\/\\\/www.monaco-tribune.com\\\/it\\\/2021\\\/01\\\/la-top-10-dei-nomi-piu-popolari-a-monaco-nel-2020\\\/\"]}]},{\"@type\":\"ImageObject\",\"inLanguage\":\"it-IT\",\"@id\":\"https:\\\/\\\/www.monaco-tribune.com\\\/it\\\/2021\\\/01\\\/la-top-10-dei-nomi-piu-popolari-a-monaco-nel-2020\\\/#primaryimage\",\"url\":\"https:\\\/\\\/www.monaco-tribune.com\\\/wp-content\\\/uploads\\\/2021\\\/01\\\/enfants-princes-monaco.jpg\",\"contentUrl\":\"https:\\\/\\\/www.monaco-tribune.com\\\/wp-content\\\/uploads\\\/2021\\\/01\\\/enfants-princes-monaco.jpg\",\"width\":1875,\"height\":1250,\"caption\":\"Palazzo del Principe di Monaco\"},{\"@type\":\"BreadcrumbList\",\"@id\":\"https:\\\/\\\/www.monaco-tribune.com\\\/it\\\/2021\\\/01\\\/la-top-10-dei-nomi-piu-popolari-a-monaco-nel-2020\\\/#breadcrumb\",\"itemListElement\":[{\"@type\":\"ListItem\",\"position\":1,\"name\":\"Accueil\",\"item\":\"https:\\\/\\\/www.monaco-tribune.com\\\/it\\\/\"},{\"@type\":\"ListItem\",\"position\":2,\"name\":\"La top 10 dei nomi pi\u00f9 popolari a Monaco nel 2020\"}]},{\"@type\":\"WebSite\",\"@id\":\"https:\\\/\\\/www.monaco-tribune.com\\\/it\\\/#website\",\"url\":\"https:\\\/\\\/www.monaco-tribune.com\\\/it\\\/\",\"name\":\"Monaco Tribune\",\"description\":\"Monaco : actualit\u00e9s \u00e9conomiques, politiques, culturelles et sportives de Monaco et de la French Riviera.\",\"publisher\":{\"@id\":\"https:\\\/\\\/www.monaco-tribune.com\\\/it\\\/#organization\"},\"potentialAction\":[{\"@type\":\"SearchAction\",\"target\":{\"@type\":\"EntryPoint\",\"urlTemplate\":\"https:\\\/\\\/www.monaco-tribune.com\\\/it\\\/?s={search_term_string}\"},\"query-input\":{\"@type\":\"PropertyValueSpecification\",\"valueRequired\":true,\"valueName\":\"search_term_string\"}}],\"inLanguage\":\"it-IT\"},{\"@type\":\"Organization\",\"@id\":\"https:\\\/\\\/www.monaco-tribune.com\\\/it\\\/#organization\",\"name\":\"Monaco Tribune\",\"url\":\"https:\\\/\\\/www.monaco-tribune.com\\\/it\\\/\",\"logo\":{\"@type\":\"ImageObject\",\"inLanguage\":\"it-IT\",\"@id\":\"https:\\\/\\\/www.monaco-tribune.com\\\/it\\\/#\\\/schema\\\/logo\\\/image\\\/\",\"url\":\"https:\\\/\\\/www.monaco-tribune.com\\\/wp-content\\\/uploads\\\/2022\\\/11\\\/logo-monaco-tribune.png\",\"contentUrl\":\"https:\\\/\\\/www.monaco-tribune.com\\\/wp-content\\\/uploads\\\/2022\\\/11\\\/logo-monaco-tribune.png\",\"width\":1548,\"height\":600,\"caption\":\"Monaco Tribune\"},\"image\":{\"@id\":\"https:\\\/\\\/www.monaco-tribune.com\\\/it\\\/#\\\/schema\\\/logo\\\/image\\\/\"},\"sameAs\":[\"https:\\\/\\\/www.facebook.com\\\/MonacoTribune\",\"https:\\\/\\\/x.com\\\/MonacoTribune\",\"https:\\\/\\\/www.instagram.com\\\/monacotribune\\\/\",\"https:\\\/\\\/www.linkedin.com\\\/company\\\/monaco-tribune\",\"https:\\\/\\\/www.youtube.com\\\/channel\\\/UCHle1MnG6hw1y4lWKijVbMA\"]},{\"@type\":\"Person\",\"@id\":\"https:\\\/\\\/www.monaco-tribune.com\\\/it\\\/#\\\/schema\\\/person\\\/3814f045714aae4bb4abbfb04158f169\",\"name\":\"Nassima Errami\",\"image\":{\"@type\":\"ImageObject\",\"inLanguage\":\"it-IT\",\"@id\":\"https:\\\/\\\/secure.gravatar.com\\\/avatar\\\/3c0c0266375bc79b6d945c432ea8992d44782f7779ffe49a3d62b6ce4d6a23e0?s=96&d=mm&r=g\",\"url\":\"https:\\\/\\\/secure.gravatar.com\\\/avatar\\\/3c0c0266375bc79b6d945c432ea8992d44782f7779ffe49a3d62b6ce4d6a23e0?s=96&d=mm&r=g\",\"contentUrl\":\"https:\\\/\\\/secure.gravatar.com\\\/avatar\\\/3c0c0266375bc79b6d945c432ea8992d44782f7779ffe49a3d62b6ce4d6a23e0?s=96&d=mm&r=g\",\"caption\":\"Nassima Errami\"},\"url\":\"https:\\\/\\\/www.monaco-tribune.com\\\/it\\\/author\\\/nassimaerrami\\\/\"}]}<\/script>\n<!-- \/ Yoast SEO Premium plugin. -->","yoast_head_json":{"title":"La top 10 dei nomi pi\u00f9 popolari a Monaco nel 2020","description":"Come da tradizione di inizio anno, il 13 gennaio il sindaco di Monaco ha condiviso i dati dello Stato Civile per l'anno appena trascorso. Oltre ai nomi","robots":{"index":"index","follow":"follow","max-snippet":"max-snippet:-1","max-image-preview":"max-image-preview:large","max-video-preview":"max-video-preview:-1"},"canonical":"https:\/\/www.monaco-tribune.com\/it\/2021\/01\/la-top-10-dei-nomi-piu-popolari-a-monaco-nel-2020\/","og_locale":"it_IT","og_type":"article","og_title":"La top 10 dei nomi pi\u00f9 popolari a Monaco nel 2020 - Monaco Tribune","og_description":"Come da tradizione di inizio anno, il 13 gennaio il sindaco di Monaco ha condiviso i dati dello Stato Civile per l'anno appena trascorso. Oltre ai nomi","og_url":"https:\/\/www.monaco-tribune.com\/it\/2021\/01\/la-top-10-dei-nomi-piu-popolari-a-monaco-nel-2020\/","og_site_name":"Monaco Tribune","article_publisher":"https:\/\/www.facebook.com\/MonacoTribune","article_published_time":"2021-01-15T15:59:13+00:00","article_modified_time":"2021-01-15T15:59:18+00:00","og_image":[{"width":1875,"height":1250,"url":"https:\/\/www.monaco-tribune.com\/wp-content\/uploads\/2021\/01\/enfants-princes-monaco.jpg","type":"image\/jpeg"}],"author":"Nassima Errami","twitter_card":"summary_large_image","twitter_creator":"@MonacoTribune","twitter_site":"@MonacoTribune","schema":{"@context":"https:\/\/schema.org","@graph":[{"@type":"NewsArticle","@id":"https:\/\/www.monaco-tribune.com\/it\/2021\/01\/la-top-10-dei-nomi-piu-popolari-a-monaco-nel-2020\/#article","isPartOf":{"@id":"https:\/\/www.monaco-tribune.com\/it\/2021\/01\/la-top-10-dei-nomi-piu-popolari-a-monaco-nel-2020\/"},"author":{"name":"Nassima Errami","@id":"https:\/\/www.monaco-tribune.com\/it\/#\/schema\/person\/3814f045714aae4bb4abbfb04158f169"},"headline":"La top 10 dei nomi pi\u00f9 popolari a Monaco nel 2020","datePublished":"2021-01-15T15:59:13+00:00","dateModified":"2021-01-15T15:59:18+00:00","mainEntityOfPage":{"@id":"https:\/\/www.monaco-tribune.com\/it\/2021\/01\/la-top-10-dei-nomi-piu-popolari-a-monaco-nel-2020\/"},"wordCount":285,"publisher":{"@id":"https:\/\/www.monaco-tribune.com\/it\/#organization"},"image":{"@id":"https:\/\/www.monaco-tribune.com\/it\/2021\/01\/la-top-10-dei-nomi-piu-popolari-a-monaco-nel-2020\/#primaryimage"},"thumbnailUrl":"https:\/\/www.monaco-tribune.com\/wp-content\/uploads\/2021\/01\/enfants-princes-monaco.jpg","keywords":["Infanzia"],"articleSection":["Notizie","Societ\u00e0"],"inLanguage":"it-IT","copyrightYear":"2021","copyrightHolder":{"@id":"https:\/\/www.monaco-tribune.com\/#organization"}},{"@type":"WebPage","@id":"https:\/\/www.monaco-tribune.com\/it\/2021\/01\/la-top-10-dei-nomi-piu-popolari-a-monaco-nel-2020\/","url":"https:\/\/www.monaco-tribune.com\/it\/2021\/01\/la-top-10-dei-nomi-piu-popolari-a-monaco-nel-2020\/","name":"La top 10 dei nomi pi\u00f9 popolari a Monaco nel 2020","isPartOf":{"@id":"https:\/\/www.monaco-tribune.com\/it\/#website"},"primaryImageOfPage":{"@id":"https:\/\/www.monaco-tribune.com\/it\/2021\/01\/la-top-10-dei-nomi-piu-popolari-a-monaco-nel-2020\/#primaryimage"},"image":{"@id":"https:\/\/www.monaco-tribune.com\/it\/2021\/01\/la-top-10-dei-nomi-piu-popolari-a-monaco-nel-2020\/#primaryimage"},"thumbnailUrl":"https:\/\/www.monaco-tribune.com\/wp-content\/uploads\/2021\/01\/enfants-princes-monaco.jpg","datePublished":"2021-01-15T15:59:13+00:00","dateModified":"2021-01-15T15:59:18+00:00","description":"Come da tradizione di inizio anno, il 13 gennaio il sindaco di Monaco ha condiviso i dati dello Stato Civile per l'anno appena trascorso. Oltre ai nomi","breadcrumb":{"@id":"https:\/\/www.monaco-tribune.com\/it\/2021\/01\/la-top-10-dei-nomi-piu-popolari-a-monaco-nel-2020\/#breadcrumb"},"inLanguage":"it-IT","potentialAction":[{"@type":"ReadAction","target":["https:\/\/www.monaco-tribune.com\/it\/2021\/01\/la-top-10-dei-nomi-piu-popolari-a-monaco-nel-2020\/"]}]},{"@type":"ImageObject","inLanguage":"it-IT","@id":"https:\/\/www.monaco-tribune.com\/it\/2021\/01\/la-top-10-dei-nomi-piu-popolari-a-monaco-nel-2020\/#primaryimage","url":"https:\/\/www.monaco-tribune.com\/wp-content\/uploads\/2021\/01\/enfants-princes-monaco.jpg","contentUrl":"https:\/\/www.monaco-tribune.com\/wp-content\/uploads\/2021\/01\/enfants-princes-monaco.jpg","width":1875,"height":1250,"caption":"Palazzo del Principe di Monaco"},{"@type":"BreadcrumbList","@id":"https:\/\/www.monaco-tribune.com\/it\/2021\/01\/la-top-10-dei-nomi-piu-popolari-a-monaco-nel-2020\/#breadcrumb","itemListElement":[{"@type":"ListItem","position":1,"name":"Accueil","item":"https:\/\/www.monaco-tribune.com\/it\/"},{"@type":"ListItem","position":2,"name":"La top 10 dei nomi pi\u00f9 popolari a Monaco nel 2020"}]},{"@type":"WebSite","@id":"https:\/\/www.monaco-tribune.com\/it\/#website","url":"https:\/\/www.monaco-tribune.com\/it\/","name":"Monaco Tribune","description":"Monaco : actualit\u00e9s \u00e9conomiques, politiques, culturelles et sportives de Monaco et de la French Riviera.","publisher":{"@id":"https:\/\/www.monaco-tribune.com\/it\/#organization"},"potentialAction":[{"@type":"SearchAction","target":{"@type":"EntryPoint","urlTemplate":"https:\/\/www.monaco-tribune.com\/it\/?s={search_term_string}"},"query-input":{"@type":"PropertyValueSpecification","valueRequired":true,"valueName":"search_term_string"}}],"inLanguage":"it-IT"},{"@type":"Organization","@id":"https:\/\/www.monaco-tribune.com\/it\/#organization","name":"Monaco Tribune","url":"https:\/\/www.monaco-tribune.com\/it\/","logo":{"@type":"ImageObject","inLanguage":"it-IT","@id":"https:\/\/www.monaco-tribune.com\/it\/#\/schema\/logo\/image\/","url":"https:\/\/www.monaco-tribune.com\/wp-content\/uploads\/2022\/11\/logo-monaco-tribune.png","contentUrl":"https:\/\/www.monaco-tribune.com\/wp-content\/uploads\/2022\/11\/logo-monaco-tribune.png","width":1548,"height":600,"caption":"Monaco Tribune"},"image":{"@id":"https:\/\/www.monaco-tribune.com\/it\/#\/schema\/logo\/image\/"},"sameAs":["https:\/\/www.facebook.com\/MonacoTribune","https:\/\/x.com\/MonacoTribune","https:\/\/www.instagram.com\/monacotribune\/","https:\/\/www.linkedin.com\/company\/monaco-tribune","https:\/\/www.youtube.com\/channel\/UCHle1MnG6hw1y4lWKijVbMA"]},{"@type":"Person","@id":"https:\/\/www.monaco-tribune.com\/it\/#\/schema\/person\/3814f045714aae4bb4abbfb04158f169","name":"Nassima Errami","image":{"@type":"ImageObject","inLanguage":"it-IT","@id":"https:\/\/secure.gravatar.com\/avatar\/3c0c0266375bc79b6d945c432ea8992d44782f7779ffe49a3d62b6ce4d6a23e0?s=96&d=mm&r=g","url":"https:\/\/secure.gravatar.com\/avatar\/3c0c0266375bc79b6d945c432ea8992d44782f7779ffe49a3d62b6ce4d6a23e0?s=96&d=mm&r=g","contentUrl":"https:\/\/secure.gravatar.com\/avatar\/3c0c0266375bc79b6d945c432ea8992d44782f7779ffe49a3d62b6ce4d6a23e0?s=96&d=mm&r=g","caption":"Nassima Errami"},"url":"https:\/\/www.monaco-tribune.com\/it\/author\/nassimaerrami\/"}]}},"_links":{"self":[{"href":"https:\/\/www.monaco-tribune.com\/it\/wp-json\/wp\/v2\/posts\/62994","targetHints":{"allow":["GET"]}}],"collection":[{"href":"https:\/\/www.monaco-tribune.com\/it\/wp-json\/wp\/v2\/posts"}],"about":[{"href":"https:\/\/www.monaco-tribune.com\/it\/wp-json\/wp\/v2\/types\/post"}],"author":[{"embeddable":true,"href":"https:\/\/www.monaco-tribune.com\/it\/wp-json\/wp\/v2\/users\/41"}],"replies":[{"embeddable":true,"href":"https:\/\/www.monaco-tribune.com\/it\/wp-json\/wp\/v2\/comments?post=62994"}],"version-history":[{"count":0,"href":"https:\/\/www.monaco-tribune.com\/it\/wp-json\/wp\/v2\/posts\/62994\/revisions"}],"wp:featuredmedia":[{"embeddable":true,"href":"https:\/\/www.monaco-tribune.com\/it\/wp-json\/wp\/v2\/media\/62785"}],"wp:attachment":[{"href":"https:\/\/www.monaco-tribune.com\/it\/wp-json\/wp\/v2\/media?parent=62994"}],"wp:term":[{"taxonomy":"category","embeddable":true,"href":"https:\/\/www.monaco-tribune.com\/it\/wp-json\/wp\/v2\/categories?post=62994"},{"taxonomy":"post_tag","embeddable":true,"href":"https:\/\/www.monaco-tribune.com\/it\/wp-json\/wp\/v2\/tags?post=62994"},{"taxonomy":"sectag","embeddable":true,"href":"https:\/\/www.monaco-tribune.com\/it\/wp-json\/wp\/v2\/post_sectags?post=62994"},{"taxonomy":"format","embeddable":true,"href":"https:\/\/www.monaco-tribune.com\/it\/wp-json\/wp\/v2\/post_format?post=62994"}],"curies":[{"name":"wp","href":"https:\/\/api.w.org\/{rel}","templated":true}]}}