{"id":64887,"date":"2021-01-23T12:36:43","date_gmt":"2021-01-23T11:36:43","guid":{"rendered":"https:\/\/www.monaco-tribune.com\/2021\/01\/monaco-ventimiglia-in-dieci-minuti-grazie-a-una-navetta-da-12-milioni-di-euro\/"},"modified":"2021-01-23T12:39:37","modified_gmt":"2021-01-23T11:39:37","slug":"monaco-ventimiglia-in-dieci-minuti-grazie-a-una-navetta-da-12-milioni-di-euro","status":"publish","type":"post","link":"https:\/\/www.monaco-tribune.com\/it\/2021\/01\/monaco-ventimiglia-in-dieci-minuti-grazie-a-una-navetta-da-12-milioni-di-euro\/","title":{"rendered":"Monaco-Ventimiglia in dieci minuti grazie a una navetta da 1,2 milioni di euro"},"content":{"rendered":"\n<p><strong>Un catamarano dal design futuristico collegher\u00e0 presto il Principato a Ventimiglia, la citt\u00e0 italiana in cui sorge il terzo porto di Monaco. I test dovrebbero partire a fine febbraio, in modo da assicurare il collegamento dal mese di maggio.<\/strong><\/p>\n\n<p>Si tratta della nuovissima acquisizione della Societ\u00e0 internazionale portuaria monegasca: una potente imbarcazione battezzata &#8220;Monaco One&#8221; da 1,2 milioni di euro. Operativa gi\u00e0 in occasione del <a href=\"https:\/\/www.monaco-tribune.com\/it\/2021\/01\/il-gran-premio-non-si-ferma-lautomobile-club-monaco-smentisce-le-indiscrezioni\/\">Gran Premio di Monaco<\/a>, previsto per fine maggio, la navetta collegher\u00e0 il porto di Monaco con quello di Cala del Forte, <a href=\"https:\/\/www.monaco-tribune.com\/it\/2020\/10\/monaco-inaugura-il-terzo-porto-questa-volta-in-italia\/\">il terzo porto monegasco<\/a>, inaugurato in Italia a ottobre 2020. L&#8217;imbarcazione, tuttavia, non \u00e8 stata costruita a scopi commerciali, ma sar\u00e0 a disposizione dei clienti che hanno un&#8217;attivit\u00e0 nella citt\u00e0 italiana, e potr\u00e0 ospitare un massimo di dodici persone.<\/p>\n\n<blockquote class=\"wp-block-quote is-layout-flow wp-block-quote-is-layout-flow\"><p>La forma della barca ricorda un paio di ali rovesciate. \u00c8 un design che unisce la tecnologia marittima a quella aeronautica<\/p><cite>Daniel Realini, vicedirettore generale della Societ\u00e0 internazionale portuale monegasca<\/cite><\/blockquote>\n\n<h2 class=\"wp-block-heading\" id=\"h-plus-responsable-que-les-h-licopt-res\">Pi\u00f9 sostenibile rispetto agli elicotteri<\/h2>\n\n<p>Costruito dall&#8217;azienda Advanced Aerodynamic Vessels a La Rochelle, il catamarano \u00e8 dotato di due motori di 350 cavalli ciascuno. Con una velocit\u00e0 massima di 93 km\/h, consentir\u00e0 di collegare Monaco a Ventimiglia in 10\/15 minuti. Per fare un paragone, il tragitto in auto richiede circa mezz&#8217;ora.<\/p>\n\n<p>Ma \u00e8 proprio il consumo di benzina a fare la differenza tra questa e altre navette. Ma non solo, \u00e8 anche pi\u00f9 sostenibile di un elicottero, mezzo che inizialmente si pensava di utilizzare per effettuare il collegamento. L&#8217;azienda che ha progettato l&#8217;imbarcazione in meno di un anno stima che &#8220;rispetto a una barca normale che viaggia alla stessa velocit\u00e0, il consumo \u00e8 inferiore del 50%&#8221;. Uno dei motivi per cui il Principato ha messo gli occhi su questo nuovo tipo di servizio.<\/p>\n<figure class=\"wp-block-embed aligncenter is-type-video is-provider-youtube wp-block-embed-youtube wp-embed-aspect-16-9 wp-has-aspect-ratio\"><div class=\"wp-block-embed__wrapper\">\r\n<iframe title=\"La Rochelle : essais en mer de la navette A2V qui permettra de relier Monaco \u00e0 Vintimille en Italie\" width=\"500\" height=\"281\" src=\"https:\/\/www.youtube.com\/embed\/P-8h1Uq1Gp0?feature=oembed\" frameborder=\"0\" allow=\"accelerometer; autoplay; clipboard-write; encrypted-media; gyroscope; picture-in-picture; web-share\" referrerpolicy=\"strict-origin-when-cross-origin\" allowfullscreen><\/iframe>\r\n<\/div><\/figure>\r\n","protected":false},"excerpt":{"rendered":"<p>Un catamarano dal design futuristico collegher\u00e0 presto il Principato a Ventimiglia, la citt\u00e0 italiana in cui sorge il terzo porto [&hellip;]<\/p>\n","protected":false},"author":47,"featured_media":64148,"comment_status":"closed","ping_status":"closed","sticky":false,"template":"","format":"standard","meta":{"_acf_changed":false,"footnotes":""},"categories":[1739,1738],"tags":[2859],"post_sectags":[],"post_format":[2477],"class_list":["post-64887","post","type-post","status-publish","format-standard","has-post-thumbnail","hentry","category-business-it","category-notizie","tag-trasporto","format-info-pratiche"],"acf":[],"yoast_head":"<!-- This site is optimized with the Yoast SEO Premium plugin v26.8 (Yoast SEO v27.4) - https:\/\/yoast.com\/product\/yoast-seo-premium-wordpress\/ -->\n<title>Monaco-Ventimiglia in dieci minuti grazie a una navetta da 1,2 milioni di euro<\/title>\n<meta name=\"description\" content=\"Un catamarano dal design futuristico collegher\u00e0 presto il Principato a Ventimiglia, la citt\u00e0 italiana in cui sorge il terzo porto di Monaco. I test\" \/>\n<meta name=\"robots\" content=\"index, follow, max-snippet:-1, max-image-preview:large, max-video-preview:-1\" \/>\n<link rel=\"canonical\" href=\"https:\/\/www.monaco-tribune.com\/it\/2021\/01\/monaco-ventimiglia-in-dieci-minuti-grazie-a-una-navetta-da-12-milioni-di-euro\/\" \/>\n<meta property=\"og:locale\" content=\"it_IT\" \/>\n<meta property=\"og:type\" content=\"article\" \/>\n<meta property=\"og:title\" content=\"Monaco-Ventimiglia in dieci minuti grazie a una navetta da 1,2 milioni di euro - Monaco Tribune\" \/>\n<meta property=\"og:description\" content=\"Un catamarano dal design futuristico collegher\u00e0 presto il Principato a Ventimiglia, la citt\u00e0 italiana in cui sorge il terzo porto di Monaco. I test\" \/>\n<meta property=\"og:url\" content=\"https:\/\/www.monaco-tribune.com\/it\/2021\/01\/monaco-ventimiglia-in-dieci-minuti-grazie-a-una-navetta-da-12-milioni-di-euro\/\" \/>\n<meta property=\"og:site_name\" content=\"Monaco Tribune\" \/>\n<meta property=\"article:publisher\" content=\"https:\/\/www.facebook.com\/MonacoTribune\" \/>\n<meta property=\"article:published_time\" content=\"2021-01-23T11:36:43+00:00\" \/>\n<meta property=\"article:modified_time\" content=\"2021-01-23T11:39:37+00:00\" \/>\n<meta property=\"og:image\" content=\"https:\/\/www.monaco-tribune.com\/wp-content\/uploads\/2021\/01\/monaco-vintimille-navette-maritime.jpg\" \/>\n\t<meta property=\"og:image:width\" content=\"1000\" \/>\n\t<meta property=\"og:image:height\" content=\"653\" \/>\n\t<meta property=\"og:image:type\" content=\"image\/jpeg\" \/>\n<meta name=\"author\" content=\"Agathe Ch\u00e9reau\" \/>\n<meta name=\"twitter:card\" content=\"summary_large_image\" \/>\n<meta name=\"twitter:creator\" content=\"@MonacoTribune\" \/>\n<meta name=\"twitter:site\" content=\"@MonacoTribune\" \/>\n<script type=\"application\/ld+json\" class=\"yoast-schema-graph\">{\"@context\":\"https:\\\/\\\/schema.org\",\"@graph\":[{\"@type\":\"NewsArticle\",\"@id\":\"https:\\\/\\\/www.monaco-tribune.com\\\/it\\\/2021\\\/01\\\/monaco-ventimiglia-in-dieci-minuti-grazie-a-una-navetta-da-12-milioni-di-euro\\\/#article\",\"isPartOf\":{\"@id\":\"https:\\\/\\\/www.monaco-tribune.com\\\/it\\\/2021\\\/01\\\/monaco-ventimiglia-in-dieci-minuti-grazie-a-una-navetta-da-12-milioni-di-euro\\\/\"},\"author\":{\"name\":\"Agathe Ch\u00e9reau\",\"@id\":\"https:\\\/\\\/www.monaco-tribune.com\\\/it\\\/#\\\/schema\\\/person\\\/fba2f8d5a098d473c92e84cc43a8f730\"},\"headline\":\"Monaco-Ventimiglia in dieci minuti grazie a una navetta da 1,2 milioni di euro\",\"datePublished\":\"2021-01-23T11:36:43+00:00\",\"dateModified\":\"2021-01-23T11:39:37+00:00\",\"mainEntityOfPage\":{\"@id\":\"https:\\\/\\\/www.monaco-tribune.com\\\/it\\\/2021\\\/01\\\/monaco-ventimiglia-in-dieci-minuti-grazie-a-una-navetta-da-12-milioni-di-euro\\\/\"},\"wordCount\":302,\"publisher\":{\"@id\":\"https:\\\/\\\/www.monaco-tribune.com\\\/it\\\/#organization\"},\"image\":{\"@id\":\"https:\\\/\\\/www.monaco-tribune.com\\\/it\\\/2021\\\/01\\\/monaco-ventimiglia-in-dieci-minuti-grazie-a-una-navetta-da-12-milioni-di-euro\\\/#primaryimage\"},\"thumbnailUrl\":\"https:\\\/\\\/www.monaco-tribune.com\\\/wp-content\\\/uploads\\\/2021\\\/01\\\/monaco-vintimille-navette-maritime.jpg\",\"keywords\":[\"Trasporto\"],\"articleSection\":[\"Business\",\"Notizie\"],\"inLanguage\":\"it-IT\",\"copyrightYear\":\"2021\",\"copyrightHolder\":{\"@id\":\"https:\\\/\\\/www.monaco-tribune.com\\\/#organization\"}},{\"@type\":\"WebPage\",\"@id\":\"https:\\\/\\\/www.monaco-tribune.com\\\/it\\\/2021\\\/01\\\/monaco-ventimiglia-in-dieci-minuti-grazie-a-una-navetta-da-12-milioni-di-euro\\\/\",\"url\":\"https:\\\/\\\/www.monaco-tribune.com\\\/it\\\/2021\\\/01\\\/monaco-ventimiglia-in-dieci-minuti-grazie-a-una-navetta-da-12-milioni-di-euro\\\/\",\"name\":\"Monaco-Ventimiglia in dieci minuti grazie a una navetta da 1,2 milioni di euro\",\"isPartOf\":{\"@id\":\"https:\\\/\\\/www.monaco-tribune.com\\\/it\\\/#website\"},\"primaryImageOfPage\":{\"@id\":\"https:\\\/\\\/www.monaco-tribune.com\\\/it\\\/2021\\\/01\\\/monaco-ventimiglia-in-dieci-minuti-grazie-a-una-navetta-da-12-milioni-di-euro\\\/#primaryimage\"},\"image\":{\"@id\":\"https:\\\/\\\/www.monaco-tribune.com\\\/it\\\/2021\\\/01\\\/monaco-ventimiglia-in-dieci-minuti-grazie-a-una-navetta-da-12-milioni-di-euro\\\/#primaryimage\"},\"thumbnailUrl\":\"https:\\\/\\\/www.monaco-tribune.com\\\/wp-content\\\/uploads\\\/2021\\\/01\\\/monaco-vintimille-navette-maritime.jpg\",\"datePublished\":\"2021-01-23T11:36:43+00:00\",\"dateModified\":\"2021-01-23T11:39:37+00:00\",\"description\":\"Un catamarano dal design futuristico collegher\u00e0 presto il Principato a Ventimiglia, la citt\u00e0 italiana in cui sorge il terzo porto di Monaco. I test\",\"breadcrumb\":{\"@id\":\"https:\\\/\\\/www.monaco-tribune.com\\\/it\\\/2021\\\/01\\\/monaco-ventimiglia-in-dieci-minuti-grazie-a-una-navetta-da-12-milioni-di-euro\\\/#breadcrumb\"},\"inLanguage\":\"it-IT\",\"potentialAction\":[{\"@type\":\"ReadAction\",\"target\":[\"https:\\\/\\\/www.monaco-tribune.com\\\/it\\\/2021\\\/01\\\/monaco-ventimiglia-in-dieci-minuti-grazie-a-una-navetta-da-12-milioni-di-euro\\\/\"]}]},{\"@type\":\"ImageObject\",\"inLanguage\":\"it-IT\",\"@id\":\"https:\\\/\\\/www.monaco-tribune.com\\\/it\\\/2021\\\/01\\\/monaco-ventimiglia-in-dieci-minuti-grazie-a-una-navetta-da-12-milioni-di-euro\\\/#primaryimage\",\"url\":\"https:\\\/\\\/www.monaco-tribune.com\\\/wp-content\\\/uploads\\\/2021\\\/01\\\/monaco-vintimille-navette-maritime.jpg\",\"contentUrl\":\"https:\\\/\\\/www.monaco-tribune.com\\\/wp-content\\\/uploads\\\/2021\\\/01\\\/monaco-vintimille-navette-maritime.jpg\",\"width\":1000,\"height\":653,\"caption\":\"A2V\"},{\"@type\":\"BreadcrumbList\",\"@id\":\"https:\\\/\\\/www.monaco-tribune.com\\\/it\\\/2021\\\/01\\\/monaco-ventimiglia-in-dieci-minuti-grazie-a-una-navetta-da-12-milioni-di-euro\\\/#breadcrumb\",\"itemListElement\":[{\"@type\":\"ListItem\",\"position\":1,\"name\":\"Accueil\",\"item\":\"https:\\\/\\\/www.monaco-tribune.com\\\/it\\\/\"},{\"@type\":\"ListItem\",\"position\":2,\"name\":\"Monaco-Ventimiglia in dieci minuti grazie a una navetta da 1,2 milioni di euro\"}]},{\"@type\":\"WebSite\",\"@id\":\"https:\\\/\\\/www.monaco-tribune.com\\\/it\\\/#website\",\"url\":\"https:\\\/\\\/www.monaco-tribune.com\\\/it\\\/\",\"name\":\"Monaco Tribune\",\"description\":\"Monaco : actualit\u00e9s \u00e9conomiques, politiques, culturelles et sportives de Monaco et de la French Riviera.\",\"publisher\":{\"@id\":\"https:\\\/\\\/www.monaco-tribune.com\\\/it\\\/#organization\"},\"potentialAction\":[{\"@type\":\"SearchAction\",\"target\":{\"@type\":\"EntryPoint\",\"urlTemplate\":\"https:\\\/\\\/www.monaco-tribune.com\\\/it\\\/?s={search_term_string}\"},\"query-input\":{\"@type\":\"PropertyValueSpecification\",\"valueRequired\":true,\"valueName\":\"search_term_string\"}}],\"inLanguage\":\"it-IT\"},{\"@type\":\"Organization\",\"@id\":\"https:\\\/\\\/www.monaco-tribune.com\\\/it\\\/#organization\",\"name\":\"Monaco Tribune\",\"url\":\"https:\\\/\\\/www.monaco-tribune.com\\\/it\\\/\",\"logo\":{\"@type\":\"ImageObject\",\"inLanguage\":\"it-IT\",\"@id\":\"https:\\\/\\\/www.monaco-tribune.com\\\/it\\\/#\\\/schema\\\/logo\\\/image\\\/\",\"url\":\"https:\\\/\\\/www.monaco-tribune.com\\\/wp-content\\\/uploads\\\/2022\\\/11\\\/logo-monaco-tribune.png\",\"contentUrl\":\"https:\\\/\\\/www.monaco-tribune.com\\\/wp-content\\\/uploads\\\/2022\\\/11\\\/logo-monaco-tribune.png\",\"width\":1548,\"height\":600,\"caption\":\"Monaco Tribune\"},\"image\":{\"@id\":\"https:\\\/\\\/www.monaco-tribune.com\\\/it\\\/#\\\/schema\\\/logo\\\/image\\\/\"},\"sameAs\":[\"https:\\\/\\\/www.facebook.com\\\/MonacoTribune\",\"https:\\\/\\\/x.com\\\/MonacoTribune\",\"https:\\\/\\\/www.instagram.com\\\/monacotribune\\\/\",\"https:\\\/\\\/www.linkedin.com\\\/company\\\/monaco-tribune\",\"https:\\\/\\\/www.youtube.com\\\/channel\\\/UCHle1MnG6hw1y4lWKijVbMA\"]},{\"@type\":\"Person\",\"@id\":\"https:\\\/\\\/www.monaco-tribune.com\\\/it\\\/#\\\/schema\\\/person\\\/fba2f8d5a098d473c92e84cc43a8f730\",\"name\":\"Agathe Ch\u00e9reau\",\"image\":{\"@type\":\"ImageObject\",\"inLanguage\":\"it-IT\",\"@id\":\"https:\\\/\\\/secure.gravatar.com\\\/avatar\\\/884b20ed9d4430c24d77a3ad560b1c21da67bd6992531a1971822779f9988ea5?s=96&d=mm&r=g\",\"url\":\"https:\\\/\\\/secure.gravatar.com\\\/avatar\\\/884b20ed9d4430c24d77a3ad560b1c21da67bd6992531a1971822779f9988ea5?s=96&d=mm&r=g\",\"contentUrl\":\"https:\\\/\\\/secure.gravatar.com\\\/avatar\\\/884b20ed9d4430c24d77a3ad560b1c21da67bd6992531a1971822779f9988ea5?s=96&d=mm&r=g\",\"caption\":\"Agathe Ch\u00e9reau\"},\"url\":\"https:\\\/\\\/www.monaco-tribune.com\\\/it\\\/author\\\/agathechereau\\\/\"}]}<\/script>\n<!-- \/ Yoast SEO Premium plugin. -->","yoast_head_json":{"title":"Monaco-Ventimiglia in dieci minuti grazie a una navetta da 1,2 milioni di euro","description":"Un catamarano dal design futuristico collegher\u00e0 presto il Principato a Ventimiglia, la citt\u00e0 italiana in cui sorge il terzo porto di Monaco. I test","robots":{"index":"index","follow":"follow","max-snippet":"max-snippet:-1","max-image-preview":"max-image-preview:large","max-video-preview":"max-video-preview:-1"},"canonical":"https:\/\/www.monaco-tribune.com\/it\/2021\/01\/monaco-ventimiglia-in-dieci-minuti-grazie-a-una-navetta-da-12-milioni-di-euro\/","og_locale":"it_IT","og_type":"article","og_title":"Monaco-Ventimiglia in dieci minuti grazie a una navetta da 1,2 milioni di euro - Monaco Tribune","og_description":"Un catamarano dal design futuristico collegher\u00e0 presto il Principato a Ventimiglia, la citt\u00e0 italiana in cui sorge il terzo porto di Monaco. I test","og_url":"https:\/\/www.monaco-tribune.com\/it\/2021\/01\/monaco-ventimiglia-in-dieci-minuti-grazie-a-una-navetta-da-12-milioni-di-euro\/","og_site_name":"Monaco Tribune","article_publisher":"https:\/\/www.facebook.com\/MonacoTribune","article_published_time":"2021-01-23T11:36:43+00:00","article_modified_time":"2021-01-23T11:39:37+00:00","og_image":[{"width":1000,"height":653,"url":"https:\/\/www.monaco-tribune.com\/wp-content\/uploads\/2021\/01\/monaco-vintimille-navette-maritime.jpg","type":"image\/jpeg"}],"author":"Agathe Ch\u00e9reau","twitter_card":"summary_large_image","twitter_creator":"@MonacoTribune","twitter_site":"@MonacoTribune","schema":{"@context":"https:\/\/schema.org","@graph":[{"@type":"NewsArticle","@id":"https:\/\/www.monaco-tribune.com\/it\/2021\/01\/monaco-ventimiglia-in-dieci-minuti-grazie-a-una-navetta-da-12-milioni-di-euro\/#article","isPartOf":{"@id":"https:\/\/www.monaco-tribune.com\/it\/2021\/01\/monaco-ventimiglia-in-dieci-minuti-grazie-a-una-navetta-da-12-milioni-di-euro\/"},"author":{"name":"Agathe Ch\u00e9reau","@id":"https:\/\/www.monaco-tribune.com\/it\/#\/schema\/person\/fba2f8d5a098d473c92e84cc43a8f730"},"headline":"Monaco-Ventimiglia in dieci minuti grazie a una navetta da 1,2 milioni di euro","datePublished":"2021-01-23T11:36:43+00:00","dateModified":"2021-01-23T11:39:37+00:00","mainEntityOfPage":{"@id":"https:\/\/www.monaco-tribune.com\/it\/2021\/01\/monaco-ventimiglia-in-dieci-minuti-grazie-a-una-navetta-da-12-milioni-di-euro\/"},"wordCount":302,"publisher":{"@id":"https:\/\/www.monaco-tribune.com\/it\/#organization"},"image":{"@id":"https:\/\/www.monaco-tribune.com\/it\/2021\/01\/monaco-ventimiglia-in-dieci-minuti-grazie-a-una-navetta-da-12-milioni-di-euro\/#primaryimage"},"thumbnailUrl":"https:\/\/www.monaco-tribune.com\/wp-content\/uploads\/2021\/01\/monaco-vintimille-navette-maritime.jpg","keywords":["Trasporto"],"articleSection":["Business","Notizie"],"inLanguage":"it-IT","copyrightYear":"2021","copyrightHolder":{"@id":"https:\/\/www.monaco-tribune.com\/#organization"}},{"@type":"WebPage","@id":"https:\/\/www.monaco-tribune.com\/it\/2021\/01\/monaco-ventimiglia-in-dieci-minuti-grazie-a-una-navetta-da-12-milioni-di-euro\/","url":"https:\/\/www.monaco-tribune.com\/it\/2021\/01\/monaco-ventimiglia-in-dieci-minuti-grazie-a-una-navetta-da-12-milioni-di-euro\/","name":"Monaco-Ventimiglia in dieci minuti grazie a una navetta da 1,2 milioni di euro","isPartOf":{"@id":"https:\/\/www.monaco-tribune.com\/it\/#website"},"primaryImageOfPage":{"@id":"https:\/\/www.monaco-tribune.com\/it\/2021\/01\/monaco-ventimiglia-in-dieci-minuti-grazie-a-una-navetta-da-12-milioni-di-euro\/#primaryimage"},"image":{"@id":"https:\/\/www.monaco-tribune.com\/it\/2021\/01\/monaco-ventimiglia-in-dieci-minuti-grazie-a-una-navetta-da-12-milioni-di-euro\/#primaryimage"},"thumbnailUrl":"https:\/\/www.monaco-tribune.com\/wp-content\/uploads\/2021\/01\/monaco-vintimille-navette-maritime.jpg","datePublished":"2021-01-23T11:36:43+00:00","dateModified":"2021-01-23T11:39:37+00:00","description":"Un catamarano dal design futuristico collegher\u00e0 presto il Principato a Ventimiglia, la citt\u00e0 italiana in cui sorge il terzo porto di Monaco. I test","breadcrumb":{"@id":"https:\/\/www.monaco-tribune.com\/it\/2021\/01\/monaco-ventimiglia-in-dieci-minuti-grazie-a-una-navetta-da-12-milioni-di-euro\/#breadcrumb"},"inLanguage":"it-IT","potentialAction":[{"@type":"ReadAction","target":["https:\/\/www.monaco-tribune.com\/it\/2021\/01\/monaco-ventimiglia-in-dieci-minuti-grazie-a-una-navetta-da-12-milioni-di-euro\/"]}]},{"@type":"ImageObject","inLanguage":"it-IT","@id":"https:\/\/www.monaco-tribune.com\/it\/2021\/01\/monaco-ventimiglia-in-dieci-minuti-grazie-a-una-navetta-da-12-milioni-di-euro\/#primaryimage","url":"https:\/\/www.monaco-tribune.com\/wp-content\/uploads\/2021\/01\/monaco-vintimille-navette-maritime.jpg","contentUrl":"https:\/\/www.monaco-tribune.com\/wp-content\/uploads\/2021\/01\/monaco-vintimille-navette-maritime.jpg","width":1000,"height":653,"caption":"A2V"},{"@type":"BreadcrumbList","@id":"https:\/\/www.monaco-tribune.com\/it\/2021\/01\/monaco-ventimiglia-in-dieci-minuti-grazie-a-una-navetta-da-12-milioni-di-euro\/#breadcrumb","itemListElement":[{"@type":"ListItem","position":1,"name":"Accueil","item":"https:\/\/www.monaco-tribune.com\/it\/"},{"@type":"ListItem","position":2,"name":"Monaco-Ventimiglia in dieci minuti grazie a una navetta da 1,2 milioni di euro"}]},{"@type":"WebSite","@id":"https:\/\/www.monaco-tribune.com\/it\/#website","url":"https:\/\/www.monaco-tribune.com\/it\/","name":"Monaco Tribune","description":"Monaco : actualit\u00e9s \u00e9conomiques, politiques, culturelles et sportives de Monaco et de la French Riviera.","publisher":{"@id":"https:\/\/www.monaco-tribune.com\/it\/#organization"},"potentialAction":[{"@type":"SearchAction","target":{"@type":"EntryPoint","urlTemplate":"https:\/\/www.monaco-tribune.com\/it\/?s={search_term_string}"},"query-input":{"@type":"PropertyValueSpecification","valueRequired":true,"valueName":"search_term_string"}}],"inLanguage":"it-IT"},{"@type":"Organization","@id":"https:\/\/www.monaco-tribune.com\/it\/#organization","name":"Monaco Tribune","url":"https:\/\/www.monaco-tribune.com\/it\/","logo":{"@type":"ImageObject","inLanguage":"it-IT","@id":"https:\/\/www.monaco-tribune.com\/it\/#\/schema\/logo\/image\/","url":"https:\/\/www.monaco-tribune.com\/wp-content\/uploads\/2022\/11\/logo-monaco-tribune.png","contentUrl":"https:\/\/www.monaco-tribune.com\/wp-content\/uploads\/2022\/11\/logo-monaco-tribune.png","width":1548,"height":600,"caption":"Monaco Tribune"},"image":{"@id":"https:\/\/www.monaco-tribune.com\/it\/#\/schema\/logo\/image\/"},"sameAs":["https:\/\/www.facebook.com\/MonacoTribune","https:\/\/x.com\/MonacoTribune","https:\/\/www.instagram.com\/monacotribune\/","https:\/\/www.linkedin.com\/company\/monaco-tribune","https:\/\/www.youtube.com\/channel\/UCHle1MnG6hw1y4lWKijVbMA"]},{"@type":"Person","@id":"https:\/\/www.monaco-tribune.com\/it\/#\/schema\/person\/fba2f8d5a098d473c92e84cc43a8f730","name":"Agathe Ch\u00e9reau","image":{"@type":"ImageObject","inLanguage":"it-IT","@id":"https:\/\/secure.gravatar.com\/avatar\/884b20ed9d4430c24d77a3ad560b1c21da67bd6992531a1971822779f9988ea5?s=96&d=mm&r=g","url":"https:\/\/secure.gravatar.com\/avatar\/884b20ed9d4430c24d77a3ad560b1c21da67bd6992531a1971822779f9988ea5?s=96&d=mm&r=g","contentUrl":"https:\/\/secure.gravatar.com\/avatar\/884b20ed9d4430c24d77a3ad560b1c21da67bd6992531a1971822779f9988ea5?s=96&d=mm&r=g","caption":"Agathe Ch\u00e9reau"},"url":"https:\/\/www.monaco-tribune.com\/it\/author\/agathechereau\/"}]}},"_links":{"self":[{"href":"https:\/\/www.monaco-tribune.com\/it\/wp-json\/wp\/v2\/posts\/64887","targetHints":{"allow":["GET"]}}],"collection":[{"href":"https:\/\/www.monaco-tribune.com\/it\/wp-json\/wp\/v2\/posts"}],"about":[{"href":"https:\/\/www.monaco-tribune.com\/it\/wp-json\/wp\/v2\/types\/post"}],"author":[{"embeddable":true,"href":"https:\/\/www.monaco-tribune.com\/it\/wp-json\/wp\/v2\/users\/47"}],"replies":[{"embeddable":true,"href":"https:\/\/www.monaco-tribune.com\/it\/wp-json\/wp\/v2\/comments?post=64887"}],"version-history":[{"count":0,"href":"https:\/\/www.monaco-tribune.com\/it\/wp-json\/wp\/v2\/posts\/64887\/revisions"}],"wp:featuredmedia":[{"embeddable":true,"href":"https:\/\/www.monaco-tribune.com\/it\/wp-json\/wp\/v2\/media\/64148"}],"wp:attachment":[{"href":"https:\/\/www.monaco-tribune.com\/it\/wp-json\/wp\/v2\/media?parent=64887"}],"wp:term":[{"taxonomy":"category","embeddable":true,"href":"https:\/\/www.monaco-tribune.com\/it\/wp-json\/wp\/v2\/categories?post=64887"},{"taxonomy":"post_tag","embeddable":true,"href":"https:\/\/www.monaco-tribune.com\/it\/wp-json\/wp\/v2\/tags?post=64887"},{"taxonomy":"sectag","embeddable":true,"href":"https:\/\/www.monaco-tribune.com\/it\/wp-json\/wp\/v2\/post_sectags?post=64887"},{"taxonomy":"format","embeddable":true,"href":"https:\/\/www.monaco-tribune.com\/it\/wp-json\/wp\/v2\/post_format?post=64887"}],"curies":[{"name":"wp","href":"https:\/\/api.w.org\/{rel}","templated":true}]}}