{"id":64891,"date":"2021-01-23T13:17:41","date_gmt":"2021-01-23T12:17:41","guid":{"rendered":"https:\/\/www.monaco-tribune.com\/2021\/01\/chi-e-krepin-diatta-lultimo-acquisto-dellas-monaco\/"},"modified":"2021-01-23T13:27:56","modified_gmt":"2021-01-23T12:27:56","slug":"chi-e-krepin-diatta-lultimo-acquisto-dellas-monaco","status":"publish","type":"post","link":"https:\/\/www.monaco-tribune.com\/it\/2021\/01\/chi-e-krepin-diatta-lultimo-acquisto-dellas-monaco\/","title":{"rendered":"Chi \u00e8 Kr\u00e9pin Diatta, l&#8217;ultimo acquisto dell&#8217;AS Monaco"},"content":{"rendered":"\n<p><strong>Arrivato gioved\u00ec sera nel Principato direttamente dal Club Bruges, il calciatore senegalese di 21 anni ha firmato un contratto di cinque anni con l&#8217;AS Monaco. Calciatore abile e scattante, Kr\u00e9pin Diatta si far\u00e0 posto rapidamente tra gli undici di Niko Kovacs.<\/strong><\/p>\n\n<h2 class=\"has-text-align-center wp-block-heading\" id=\"h-souvent-compar-sadio-man\">Le somiglianze con Sadio Man\u00e9<\/h2>\n\n<p>Veloce, tecnico, originario del sud del Senegal, Kr\u00e9pin Diatta ha diversi punti in comune con la star del Liverpool. Al punto che, Ole Gunnar Solskjaer, l&#8217;allenatore del Manchester United che segue con attenzione i progressi dell&#8217;ala senegalese, ha apertamente dichiarato: &#8220;Ha qualit\u00e0 che sono simili a quelle di Sadio Man\u00e9. \u00c8 veloce, imprevedibile. Pu\u00f2 assolutamente diventare bravo quanto lui&#8221;. Lodi condivise anche dallo stesso Sadio Man\u00e9: &#8220;\u00c8 un giovane talento che ha un futuro davanti a s\u00e9. E tocca ai giocatori pi\u00f9 esperti aiutarlo ad andare ancora pi\u00f9 lontano&#8221;.<\/p>\n\n<h2 class=\"has-text-align-center wp-block-heading\" id=\"h-r-v-l-sarpsborg-en-norv-ge\">I primi successi nello Sarpsborg, in Novergia<\/h2>\n\n<p>Dopo essersi formato presso la Oslo Football Academy in Senengal, Kr\u00e9pin Diatta arriva in Europa nel 2017, direzione Norvegia. Durante la stagione scandinava, il giocatore nato a Dakar non ha mai smesso di stupire (11 goal e 22 presenze), nonostante lo shock climatico e culturale. I suoi successi, lo fanno notare al Club Bruges e inizia cos\u00ec la sua avventura in Belgio.<\/p>\n<blockquote class=\"twitter-tweet tw-align-center\"><p lang=\"fr\" dir=\"ltr\">\ud83d\udc4b \ud835\ude52\ud835\ude5a\ud835\ude61\ud835\ude58\ud835\ude64\ud835\ude62\ud835\ude5a \ud835\ude46\ud835\ude67\ud835\ude5a\ud835\ude65\ud835\ude5e\ud835\ude63 \ud835\ude3f\ud835\ude5e\ud835\ude56\ud835\ude69\ud835\ude69\ud835\ude56 \ud83c\uddf2\ud83c\udde8 <br\/>\ud835\ude7b\ud835\ude8e \ud835\ude8c\ud835\ude98\ud835\ude9e\ud835\ude9d\ud835\ude8e\ud835\ude8a\ud835\ude9e \ud835\ude9c\ud835\ude9e\ud835\ude92\ud835\ude9c\ud835\ude9c\ud835\ude8e \ud83d\udc4c<a href=\"https:\/\/twitter.com\/hashtag\/WelcomeKrepin?src=hash&#038;ref_src=twsrc%5Etfw\">#WelcomeKrepin<\/a> <a href=\"https:\/\/t.co\/NIWnouUMO6\">pic.twitter.com\/NIWnouUMO6<\/a><\/p>\u2014 AS Monaco \ud83c\uddf2\ud83c\udde8 (@AS_Monaco) <a href=\"https:\/\/twitter.com\/AS_Monaco\/status\/1352337671234985989?ref_src=twsrc%5Etfw\">January 21, 2021<\/a><\/blockquote> <script async=\"\" src=\"https:\/\/platform.twitter.com\/widgets.js\" charset=\"utf-8\"><\/script>\n<h2 class=\"has-text-align-center wp-block-heading\" id=\"h-meilleur-jeune-de-la-derni-re-coupe-d-afrique-des-nations\">La maglia gialla dell&#8217;ultima Coppa delle nazioni africane<\/h2>\n\n<p>A soli 21 anni, Kr\u00e9pin Diatta conta gi\u00e0 16 selezioni con i &#8220;Leoni del Teranga&#8221;. Ma dovr\u00e0 attendere il 2019, per partecipare alla CAN in Egitto e fare vedere di che pasta \u00e8 fatto. In occasione della sua prima apparizione, il senegalese viene subito eletto l&#8217;uomo del match. Ha mostrato talmente tanto talento da non aver pi\u00f9 lasciato la squadra, fino all&#8217;ultima maledetta finale persa contro l&#8217;Algeria (1-0).<\/p>\n\n<h2 class=\"has-text-align-center wp-block-heading\" id=\"h-pr-sent-cette-saison-en-ligue-des-champions\">In campo durante la stagione di Champions League<\/h2>\n\n<p>Durante tre stagioni della Jupiler Pro League, la serie A del Belgio, Kr\u00e9pin Diatta non ha fatto che brillare nel Club Bruges. Questa stagione, l&#8217;ultimo acquisto monegasco ha partecipato a cinque incontri di Champions League, in una fase a gironi che ha visto il Belgio arrivare terzo, dopo la Borussia Dortmund e la Lazio, ma davanti il Zenit San Pietroburgo. Nonostante nel campionato belga non sia mai riuscito a segnare, durante la Champions Diatta ha portato a casa 10 goal e 24 presenze.<\/p>\n\n<h2 class=\"has-text-align-center wp-block-heading\" id=\"h-dans-le-viseur-de-nombreux-clubs-europ-ens\">Adocchiato da diverse squadre europee<\/h2>\n\n<p>&#8220;Siamo felici che Kr\u00e9pin, nonostante fosse stato adocchiato da diverse squadre europee, si unisca all&#8217;AS Monaco. \u00c8 un giovane giocatore di talento, che ha dato prova di molte qualit\u00e0 durante il campionato belga e che \u00e8 determinato a continuare la sua crescita a Monaco, nella Ligue 1&#8221;, dichiara soddisfatto il vicepresidente e direttore generale dell&#8217;AS Monaco, Oleg Petrov, in occasione dell&#8217;arrivo del senegalese nel Principato. Kr\u00e9pin Diatta \u00e8 stata la star del Belgio per due stagioni, e per questo ha iniziato a essere molto desiderato da diverse squadre, tra cui il Dortmund, il Manchester United e il Milan. Ma Diatta ha scelto Monaco per continuare a crescere: &#8220;Sono davvero contento di unirmi al Monaco e di avere la possibilit\u00e0 di crescere in una squadra famosa e ambiziosa del campionato di Francia&#8221;.<\/p>\n\n<p>.<\/p>\n\n<p>.<\/p>\n","protected":false},"excerpt":{"rendered":"<p>Arrivato gioved\u00ec sera nel Principato direttamente dal Club Bruges, il calciatore senegalese di 21 anni ha firmato un contratto di [&hellip;]<\/p>\n","protected":false},"author":24,"featured_media":64333,"comment_status":"closed","ping_status":"closed","sticky":false,"template":"","format":"standard","meta":{"_acf_changed":false,"footnotes":""},"categories":[1738,1743],"tags":[2846],"post_sectags":[],"post_format":[2478],"class_list":["post-64891","post","type-post","status-publish","format-standard","has-post-thumbnail","hentry","category-notizie","category-sport-it","tag-as-monaco-it-2","format-notizia"],"acf":[],"yoast_head":"<!-- This site is optimized with the Yoast SEO Premium plugin v26.8 (Yoast SEO v27.5) - https:\/\/yoast.com\/product\/yoast-seo-premium-wordpress\/ -->\n<title>Chi \u00e8 Kr\u00e9pin Diatta, l&#039;ultimo acquisto dell&#039;AS Monaco<\/title>\n<meta name=\"description\" content=\"Arrivato gioved\u00ec sera nel Principato direttamente dal Club Bruges, il calciatore senegalese di 21 anni ha firmato un contratto di cinque anni con l&#039;AS\" \/>\n<meta name=\"robots\" content=\"index, follow, max-snippet:-1, max-image-preview:large, max-video-preview:-1\" \/>\n<link rel=\"canonical\" href=\"https:\/\/www.monaco-tribune.com\/it\/2021\/01\/chi-e-krepin-diatta-lultimo-acquisto-dellas-monaco\/\" \/>\n<meta property=\"og:locale\" content=\"it_IT\" \/>\n<meta property=\"og:type\" content=\"article\" \/>\n<meta property=\"og:title\" content=\"Chi \u00e8 Kr\u00e9pin Diatta, l&#039;ultimo acquisto dell&#039;AS Monaco - Monaco Tribune\" \/>\n<meta property=\"og:description\" content=\"Arrivato gioved\u00ec sera nel Principato direttamente dal Club Bruges, il calciatore senegalese di 21 anni ha firmato un contratto di cinque anni con l&#039;AS\" \/>\n<meta property=\"og:url\" content=\"https:\/\/www.monaco-tribune.com\/it\/2021\/01\/chi-e-krepin-diatta-lultimo-acquisto-dellas-monaco\/\" \/>\n<meta property=\"og:site_name\" content=\"Monaco Tribune\" \/>\n<meta property=\"article:publisher\" content=\"https:\/\/www.facebook.com\/MonacoTribune\" \/>\n<meta property=\"article:published_time\" content=\"2021-01-23T12:17:41+00:00\" \/>\n<meta property=\"article:modified_time\" content=\"2021-01-23T12:27:56+00:00\" \/>\n<meta property=\"og:image\" content=\"https:\/\/www.monaco-tribune.com\/wp-content\/uploads\/2021\/01\/kre\u0301pin-diatta-as-monaco.jpg\" \/>\n\t<meta property=\"og:image:width\" content=\"1600\" \/>\n\t<meta property=\"og:image:height\" content=\"992\" \/>\n\t<meta property=\"og:image:type\" content=\"image\/jpeg\" \/>\n<meta name=\"author\" content=\"Romain Boisaubert\" \/>\n<meta name=\"twitter:card\" content=\"summary_large_image\" \/>\n<meta name=\"twitter:creator\" content=\"@MonacoTribune\" \/>\n<meta name=\"twitter:site\" content=\"@MonacoTribune\" \/>\n<script type=\"application\/ld+json\" class=\"yoast-schema-graph\">{\"@context\":\"https:\\\/\\\/schema.org\",\"@graph\":[{\"@type\":\"NewsArticle\",\"@id\":\"https:\\\/\\\/www.monaco-tribune.com\\\/it\\\/2021\\\/01\\\/chi-e-krepin-diatta-lultimo-acquisto-dellas-monaco\\\/#article\",\"isPartOf\":{\"@id\":\"https:\\\/\\\/www.monaco-tribune.com\\\/it\\\/2021\\\/01\\\/chi-e-krepin-diatta-lultimo-acquisto-dellas-monaco\\\/\"},\"author\":{\"name\":\"Romain Boisaubert\",\"@id\":\"https:\\\/\\\/www.monaco-tribune.com\\\/it\\\/#\\\/schema\\\/person\\\/330a3732947cf8cb41b2533a0eadd62e\"},\"headline\":\"Chi \u00e8 Kr\u00e9pin Diatta, l&#8217;ultimo acquisto dell&#8217;AS Monaco\",\"datePublished\":\"2021-01-23T12:17:41+00:00\",\"dateModified\":\"2021-01-23T12:27:56+00:00\",\"mainEntityOfPage\":{\"@id\":\"https:\\\/\\\/www.monaco-tribune.com\\\/it\\\/2021\\\/01\\\/chi-e-krepin-diatta-lultimo-acquisto-dellas-monaco\\\/\"},\"wordCount\":529,\"publisher\":{\"@id\":\"https:\\\/\\\/www.monaco-tribune.com\\\/it\\\/#organization\"},\"image\":{\"@id\":\"https:\\\/\\\/www.monaco-tribune.com\\\/it\\\/2021\\\/01\\\/chi-e-krepin-diatta-lultimo-acquisto-dellas-monaco\\\/#primaryimage\"},\"thumbnailUrl\":\"https:\\\/\\\/www.monaco-tribune.com\\\/wp-content\\\/uploads\\\/2021\\\/01\\\/kre\u0301pin-diatta-as-monaco.jpg\",\"keywords\":[\"AS Monaco\"],\"articleSection\":[\"Notizie\",\"Sport\"],\"inLanguage\":\"it-IT\",\"copyrightYear\":\"2021\",\"copyrightHolder\":{\"@id\":\"https:\\\/\\\/www.monaco-tribune.com\\\/#organization\"}},{\"@type\":\"WebPage\",\"@id\":\"https:\\\/\\\/www.monaco-tribune.com\\\/it\\\/2021\\\/01\\\/chi-e-krepin-diatta-lultimo-acquisto-dellas-monaco\\\/\",\"url\":\"https:\\\/\\\/www.monaco-tribune.com\\\/it\\\/2021\\\/01\\\/chi-e-krepin-diatta-lultimo-acquisto-dellas-monaco\\\/\",\"name\":\"Chi \u00e8 Kr\u00e9pin Diatta, l'ultimo acquisto dell'AS Monaco\",\"isPartOf\":{\"@id\":\"https:\\\/\\\/www.monaco-tribune.com\\\/it\\\/#website\"},\"primaryImageOfPage\":{\"@id\":\"https:\\\/\\\/www.monaco-tribune.com\\\/it\\\/2021\\\/01\\\/chi-e-krepin-diatta-lultimo-acquisto-dellas-monaco\\\/#primaryimage\"},\"image\":{\"@id\":\"https:\\\/\\\/www.monaco-tribune.com\\\/it\\\/2021\\\/01\\\/chi-e-krepin-diatta-lultimo-acquisto-dellas-monaco\\\/#primaryimage\"},\"thumbnailUrl\":\"https:\\\/\\\/www.monaco-tribune.com\\\/wp-content\\\/uploads\\\/2021\\\/01\\\/kre\u0301pin-diatta-as-monaco.jpg\",\"datePublished\":\"2021-01-23T12:17:41+00:00\",\"dateModified\":\"2021-01-23T12:27:56+00:00\",\"description\":\"Arrivato gioved\u00ec sera nel Principato direttamente dal Club Bruges, il calciatore senegalese di 21 anni ha firmato un contratto di cinque anni con l'AS\",\"breadcrumb\":{\"@id\":\"https:\\\/\\\/www.monaco-tribune.com\\\/it\\\/2021\\\/01\\\/chi-e-krepin-diatta-lultimo-acquisto-dellas-monaco\\\/#breadcrumb\"},\"inLanguage\":\"it-IT\",\"potentialAction\":[{\"@type\":\"ReadAction\",\"target\":[\"https:\\\/\\\/www.monaco-tribune.com\\\/it\\\/2021\\\/01\\\/chi-e-krepin-diatta-lultimo-acquisto-dellas-monaco\\\/\"]}]},{\"@type\":\"ImageObject\",\"inLanguage\":\"it-IT\",\"@id\":\"https:\\\/\\\/www.monaco-tribune.com\\\/it\\\/2021\\\/01\\\/chi-e-krepin-diatta-lultimo-acquisto-dellas-monaco\\\/#primaryimage\",\"url\":\"https:\\\/\\\/www.monaco-tribune.com\\\/wp-content\\\/uploads\\\/2021\\\/01\\\/kre\u0301pin-diatta-as-monaco.jpg\",\"contentUrl\":\"https:\\\/\\\/www.monaco-tribune.com\\\/wp-content\\\/uploads\\\/2021\\\/01\\\/kre\u0301pin-diatta-as-monaco.jpg\",\"width\":1600,\"height\":992,\"caption\":\"AS Monaco\"},{\"@type\":\"BreadcrumbList\",\"@id\":\"https:\\\/\\\/www.monaco-tribune.com\\\/it\\\/2021\\\/01\\\/chi-e-krepin-diatta-lultimo-acquisto-dellas-monaco\\\/#breadcrumb\",\"itemListElement\":[{\"@type\":\"ListItem\",\"position\":1,\"name\":\"Accueil\",\"item\":\"https:\\\/\\\/www.monaco-tribune.com\\\/it\\\/\"},{\"@type\":\"ListItem\",\"position\":2,\"name\":\"Chi \u00e8 Kr\u00e9pin Diatta, l&rsquo;ultimo acquisto dell&rsquo;AS Monaco\"}]},{\"@type\":\"WebSite\",\"@id\":\"https:\\\/\\\/www.monaco-tribune.com\\\/it\\\/#website\",\"url\":\"https:\\\/\\\/www.monaco-tribune.com\\\/it\\\/\",\"name\":\"Monaco Tribune\",\"description\":\"Monaco : actualit\u00e9s \u00e9conomiques, politiques, culturelles et sportives de Monaco et de la French Riviera.\",\"publisher\":{\"@id\":\"https:\\\/\\\/www.monaco-tribune.com\\\/it\\\/#organization\"},\"potentialAction\":[{\"@type\":\"SearchAction\",\"target\":{\"@type\":\"EntryPoint\",\"urlTemplate\":\"https:\\\/\\\/www.monaco-tribune.com\\\/it\\\/?s={search_term_string}\"},\"query-input\":{\"@type\":\"PropertyValueSpecification\",\"valueRequired\":true,\"valueName\":\"search_term_string\"}}],\"inLanguage\":\"it-IT\"},{\"@type\":\"Organization\",\"@id\":\"https:\\\/\\\/www.monaco-tribune.com\\\/it\\\/#organization\",\"name\":\"Monaco Tribune\",\"url\":\"https:\\\/\\\/www.monaco-tribune.com\\\/it\\\/\",\"logo\":{\"@type\":\"ImageObject\",\"inLanguage\":\"it-IT\",\"@id\":\"https:\\\/\\\/www.monaco-tribune.com\\\/it\\\/#\\\/schema\\\/logo\\\/image\\\/\",\"url\":\"https:\\\/\\\/www.monaco-tribune.com\\\/wp-content\\\/uploads\\\/2022\\\/11\\\/logo-monaco-tribune.png\",\"contentUrl\":\"https:\\\/\\\/www.monaco-tribune.com\\\/wp-content\\\/uploads\\\/2022\\\/11\\\/logo-monaco-tribune.png\",\"width\":1548,\"height\":600,\"caption\":\"Monaco Tribune\"},\"image\":{\"@id\":\"https:\\\/\\\/www.monaco-tribune.com\\\/it\\\/#\\\/schema\\\/logo\\\/image\\\/\"},\"sameAs\":[\"https:\\\/\\\/www.facebook.com\\\/MonacoTribune\",\"https:\\\/\\\/x.com\\\/MonacoTribune\",\"https:\\\/\\\/www.instagram.com\\\/monacotribune\\\/\",\"https:\\\/\\\/www.linkedin.com\\\/company\\\/monaco-tribune\",\"https:\\\/\\\/www.youtube.com\\\/channel\\\/UCHle1MnG6hw1y4lWKijVbMA\"]},{\"@type\":\"Person\",\"@id\":\"https:\\\/\\\/www.monaco-tribune.com\\\/it\\\/#\\\/schema\\\/person\\\/330a3732947cf8cb41b2533a0eadd62e\",\"name\":\"Romain Boisaubert\",\"image\":{\"@type\":\"ImageObject\",\"inLanguage\":\"it-IT\",\"@id\":\"https:\\\/\\\/secure.gravatar.com\\\/avatar\\\/f8b90d41f1eabd1cbe4cf59e09d8db41a697d51919bf2dfe727589a24a4a4d54?s=96&d=mm&r=g\",\"url\":\"https:\\\/\\\/secure.gravatar.com\\\/avatar\\\/f8b90d41f1eabd1cbe4cf59e09d8db41a697d51919bf2dfe727589a24a4a4d54?s=96&d=mm&r=g\",\"contentUrl\":\"https:\\\/\\\/secure.gravatar.com\\\/avatar\\\/f8b90d41f1eabd1cbe4cf59e09d8db41a697d51919bf2dfe727589a24a4a4d54?s=96&d=mm&r=g\",\"caption\":\"Romain Boisaubert\"},\"description\":\"Test bio\",\"url\":\"https:\\\/\\\/www.monaco-tribune.com\\\/it\\\/author\\\/romain-boisaubert\\\/\"}]}<\/script>\n<!-- \/ Yoast SEO Premium plugin. -->","yoast_head_json":{"title":"Chi \u00e8 Kr\u00e9pin Diatta, l'ultimo acquisto dell'AS Monaco","description":"Arrivato gioved\u00ec sera nel Principato direttamente dal Club Bruges, il calciatore senegalese di 21 anni ha firmato un contratto di cinque anni con l'AS","robots":{"index":"index","follow":"follow","max-snippet":"max-snippet:-1","max-image-preview":"max-image-preview:large","max-video-preview":"max-video-preview:-1"},"canonical":"https:\/\/www.monaco-tribune.com\/it\/2021\/01\/chi-e-krepin-diatta-lultimo-acquisto-dellas-monaco\/","og_locale":"it_IT","og_type":"article","og_title":"Chi \u00e8 Kr\u00e9pin Diatta, l'ultimo acquisto dell'AS Monaco - Monaco Tribune","og_description":"Arrivato gioved\u00ec sera nel Principato direttamente dal Club Bruges, il calciatore senegalese di 21 anni ha firmato un contratto di cinque anni con l'AS","og_url":"https:\/\/www.monaco-tribune.com\/it\/2021\/01\/chi-e-krepin-diatta-lultimo-acquisto-dellas-monaco\/","og_site_name":"Monaco Tribune","article_publisher":"https:\/\/www.facebook.com\/MonacoTribune","article_published_time":"2021-01-23T12:17:41+00:00","article_modified_time":"2021-01-23T12:27:56+00:00","og_image":[{"width":1600,"height":992,"url":"https:\/\/www.monaco-tribune.com\/wp-content\/uploads\/2021\/01\/kre\u0301pin-diatta-as-monaco.jpg","type":"image\/jpeg"}],"author":"Romain Boisaubert","twitter_card":"summary_large_image","twitter_creator":"@MonacoTribune","twitter_site":"@MonacoTribune","schema":{"@context":"https:\/\/schema.org","@graph":[{"@type":"NewsArticle","@id":"https:\/\/www.monaco-tribune.com\/it\/2021\/01\/chi-e-krepin-diatta-lultimo-acquisto-dellas-monaco\/#article","isPartOf":{"@id":"https:\/\/www.monaco-tribune.com\/it\/2021\/01\/chi-e-krepin-diatta-lultimo-acquisto-dellas-monaco\/"},"author":{"name":"Romain Boisaubert","@id":"https:\/\/www.monaco-tribune.com\/it\/#\/schema\/person\/330a3732947cf8cb41b2533a0eadd62e"},"headline":"Chi \u00e8 Kr\u00e9pin Diatta, l&#8217;ultimo acquisto dell&#8217;AS Monaco","datePublished":"2021-01-23T12:17:41+00:00","dateModified":"2021-01-23T12:27:56+00:00","mainEntityOfPage":{"@id":"https:\/\/www.monaco-tribune.com\/it\/2021\/01\/chi-e-krepin-diatta-lultimo-acquisto-dellas-monaco\/"},"wordCount":529,"publisher":{"@id":"https:\/\/www.monaco-tribune.com\/it\/#organization"},"image":{"@id":"https:\/\/www.monaco-tribune.com\/it\/2021\/01\/chi-e-krepin-diatta-lultimo-acquisto-dellas-monaco\/#primaryimage"},"thumbnailUrl":"https:\/\/www.monaco-tribune.com\/wp-content\/uploads\/2021\/01\/kre\u0301pin-diatta-as-monaco.jpg","keywords":["AS Monaco"],"articleSection":["Notizie","Sport"],"inLanguage":"it-IT","copyrightYear":"2021","copyrightHolder":{"@id":"https:\/\/www.monaco-tribune.com\/#organization"}},{"@type":"WebPage","@id":"https:\/\/www.monaco-tribune.com\/it\/2021\/01\/chi-e-krepin-diatta-lultimo-acquisto-dellas-monaco\/","url":"https:\/\/www.monaco-tribune.com\/it\/2021\/01\/chi-e-krepin-diatta-lultimo-acquisto-dellas-monaco\/","name":"Chi \u00e8 Kr\u00e9pin Diatta, l'ultimo acquisto dell'AS Monaco","isPartOf":{"@id":"https:\/\/www.monaco-tribune.com\/it\/#website"},"primaryImageOfPage":{"@id":"https:\/\/www.monaco-tribune.com\/it\/2021\/01\/chi-e-krepin-diatta-lultimo-acquisto-dellas-monaco\/#primaryimage"},"image":{"@id":"https:\/\/www.monaco-tribune.com\/it\/2021\/01\/chi-e-krepin-diatta-lultimo-acquisto-dellas-monaco\/#primaryimage"},"thumbnailUrl":"https:\/\/www.monaco-tribune.com\/wp-content\/uploads\/2021\/01\/kre\u0301pin-diatta-as-monaco.jpg","datePublished":"2021-01-23T12:17:41+00:00","dateModified":"2021-01-23T12:27:56+00:00","description":"Arrivato gioved\u00ec sera nel Principato direttamente dal Club Bruges, il calciatore senegalese di 21 anni ha firmato un contratto di cinque anni con l'AS","breadcrumb":{"@id":"https:\/\/www.monaco-tribune.com\/it\/2021\/01\/chi-e-krepin-diatta-lultimo-acquisto-dellas-monaco\/#breadcrumb"},"inLanguage":"it-IT","potentialAction":[{"@type":"ReadAction","target":["https:\/\/www.monaco-tribune.com\/it\/2021\/01\/chi-e-krepin-diatta-lultimo-acquisto-dellas-monaco\/"]}]},{"@type":"ImageObject","inLanguage":"it-IT","@id":"https:\/\/www.monaco-tribune.com\/it\/2021\/01\/chi-e-krepin-diatta-lultimo-acquisto-dellas-monaco\/#primaryimage","url":"https:\/\/www.monaco-tribune.com\/wp-content\/uploads\/2021\/01\/kre\u0301pin-diatta-as-monaco.jpg","contentUrl":"https:\/\/www.monaco-tribune.com\/wp-content\/uploads\/2021\/01\/kre\u0301pin-diatta-as-monaco.jpg","width":1600,"height":992,"caption":"AS Monaco"},{"@type":"BreadcrumbList","@id":"https:\/\/www.monaco-tribune.com\/it\/2021\/01\/chi-e-krepin-diatta-lultimo-acquisto-dellas-monaco\/#breadcrumb","itemListElement":[{"@type":"ListItem","position":1,"name":"Accueil","item":"https:\/\/www.monaco-tribune.com\/it\/"},{"@type":"ListItem","position":2,"name":"Chi \u00e8 Kr\u00e9pin Diatta, l&rsquo;ultimo acquisto dell&rsquo;AS Monaco"}]},{"@type":"WebSite","@id":"https:\/\/www.monaco-tribune.com\/it\/#website","url":"https:\/\/www.monaco-tribune.com\/it\/","name":"Monaco Tribune","description":"Monaco : actualit\u00e9s \u00e9conomiques, politiques, culturelles et sportives de Monaco et de la French Riviera.","publisher":{"@id":"https:\/\/www.monaco-tribune.com\/it\/#organization"},"potentialAction":[{"@type":"SearchAction","target":{"@type":"EntryPoint","urlTemplate":"https:\/\/www.monaco-tribune.com\/it\/?s={search_term_string}"},"query-input":{"@type":"PropertyValueSpecification","valueRequired":true,"valueName":"search_term_string"}}],"inLanguage":"it-IT"},{"@type":"Organization","@id":"https:\/\/www.monaco-tribune.com\/it\/#organization","name":"Monaco Tribune","url":"https:\/\/www.monaco-tribune.com\/it\/","logo":{"@type":"ImageObject","inLanguage":"it-IT","@id":"https:\/\/www.monaco-tribune.com\/it\/#\/schema\/logo\/image\/","url":"https:\/\/www.monaco-tribune.com\/wp-content\/uploads\/2022\/11\/logo-monaco-tribune.png","contentUrl":"https:\/\/www.monaco-tribune.com\/wp-content\/uploads\/2022\/11\/logo-monaco-tribune.png","width":1548,"height":600,"caption":"Monaco Tribune"},"image":{"@id":"https:\/\/www.monaco-tribune.com\/it\/#\/schema\/logo\/image\/"},"sameAs":["https:\/\/www.facebook.com\/MonacoTribune","https:\/\/x.com\/MonacoTribune","https:\/\/www.instagram.com\/monacotribune\/","https:\/\/www.linkedin.com\/company\/monaco-tribune","https:\/\/www.youtube.com\/channel\/UCHle1MnG6hw1y4lWKijVbMA"]},{"@type":"Person","@id":"https:\/\/www.monaco-tribune.com\/it\/#\/schema\/person\/330a3732947cf8cb41b2533a0eadd62e","name":"Romain Boisaubert","image":{"@type":"ImageObject","inLanguage":"it-IT","@id":"https:\/\/secure.gravatar.com\/avatar\/f8b90d41f1eabd1cbe4cf59e09d8db41a697d51919bf2dfe727589a24a4a4d54?s=96&d=mm&r=g","url":"https:\/\/secure.gravatar.com\/avatar\/f8b90d41f1eabd1cbe4cf59e09d8db41a697d51919bf2dfe727589a24a4a4d54?s=96&d=mm&r=g","contentUrl":"https:\/\/secure.gravatar.com\/avatar\/f8b90d41f1eabd1cbe4cf59e09d8db41a697d51919bf2dfe727589a24a4a4d54?s=96&d=mm&r=g","caption":"Romain Boisaubert"},"description":"Test bio","url":"https:\/\/www.monaco-tribune.com\/it\/author\/romain-boisaubert\/"}]}},"_links":{"self":[{"href":"https:\/\/www.monaco-tribune.com\/it\/wp-json\/wp\/v2\/posts\/64891","targetHints":{"allow":["GET"]}}],"collection":[{"href":"https:\/\/www.monaco-tribune.com\/it\/wp-json\/wp\/v2\/posts"}],"about":[{"href":"https:\/\/www.monaco-tribune.com\/it\/wp-json\/wp\/v2\/types\/post"}],"author":[{"embeddable":true,"href":"https:\/\/www.monaco-tribune.com\/it\/wp-json\/wp\/v2\/users\/24"}],"replies":[{"embeddable":true,"href":"https:\/\/www.monaco-tribune.com\/it\/wp-json\/wp\/v2\/comments?post=64891"}],"version-history":[{"count":0,"href":"https:\/\/www.monaco-tribune.com\/it\/wp-json\/wp\/v2\/posts\/64891\/revisions"}],"wp:featuredmedia":[{"embeddable":true,"href":"https:\/\/www.monaco-tribune.com\/it\/wp-json\/wp\/v2\/media\/64333"}],"wp:attachment":[{"href":"https:\/\/www.monaco-tribune.com\/it\/wp-json\/wp\/v2\/media?parent=64891"}],"wp:term":[{"taxonomy":"category","embeddable":true,"href":"https:\/\/www.monaco-tribune.com\/it\/wp-json\/wp\/v2\/categories?post=64891"},{"taxonomy":"post_tag","embeddable":true,"href":"https:\/\/www.monaco-tribune.com\/it\/wp-json\/wp\/v2\/tags?post=64891"},{"taxonomy":"sectag","embeddable":true,"href":"https:\/\/www.monaco-tribune.com\/it\/wp-json\/wp\/v2\/post_sectags?post=64891"},{"taxonomy":"format","embeddable":true,"href":"https:\/\/www.monaco-tribune.com\/it\/wp-json\/wp\/v2\/post_format?post=64891"}],"curies":[{"name":"wp","href":"https:\/\/api.w.org\/{rel}","templated":true}]}}