{"id":66324,"date":"2021-01-29T11:31:04","date_gmt":"2021-01-29T10:31:04","guid":{"rendered":"https:\/\/www.monaco-tribune.com\/2021\/01\/video-alla-scoperta-del-sentiero-di-friedrich-nietzsche-sulle-cime-di-eze\/"},"modified":"2021-01-29T11:31:47","modified_gmt":"2021-01-29T10:31:47","slug":"video-alla-scoperta-del-sentiero-di-friedrich-nietzsche-sulle-cime-di-eze","status":"publish","type":"post","link":"https:\/\/www.monaco-tribune.com\/it\/2021\/01\/video-alla-scoperta-del-sentiero-di-friedrich-nietzsche-sulle-cime-di-eze\/","title":{"rendered":"VIDEO. Alla scoperta del sentiero di Friedrich Nietzsche, sulle cime di \u00c8ze"},"content":{"rendered":"\n<p><strong>Tra i ripidi sentieri del sentiero di Nietzsche, che alla fine del XIX secolo ha ispirato il filosofo e poeta da cui prende il nome, il nostro giornalista, Beno\u00eet Sorre, ci far\u00e0 scoprire un angolo di paradiso nascosto tra \u00c8ze-sur-Mer ed \u00c8ze Village.<\/strong><\/p>\n\n\n\n<p>Il percorso di 2 chilometri dura circa un&#8217;ora e trenta minuti. Un sentiero unico nel suo genere, molto apprezzato dagli escursionisti che si lasciano incantare dai panorami mozzafiato tra mare, montagna e foreste. Dal lungomare di \u00c8ze alle stradine bucoliche del centro storico, venite con noi alla scoperta di questo luogo incredibile. Pronti? Si parte! <\/p>\n\n\n\n<figure class=\"wp-block-embed aligncenter is-type-video is-provider-youtube wp-block-embed-youtube wp-embed-aspect-4-3 wp-has-aspect-ratio\"><div class=\"wp-block-embed__wrapper\">\n<iframe title=\"Alla scoperta del sentiero di Friedrich Nietzsche, sulle cime di \u00c8ze\" width=\"500\" height=\"375\" src=\"https:\/\/www.youtube.com\/embed\/nPKe1siQ2fI?feature=oembed\" frameborder=\"0\" allow=\"accelerometer; autoplay; clipboard-write; encrypted-media; gyroscope; picture-in-picture; web-share\" referrerpolicy=\"strict-origin-when-cross-origin\" allowfullscreen><\/iframe>\n<\/div><\/figure>\n","protected":false},"excerpt":{"rendered":"<p>Tra i ripidi sentieri del sentiero di Nietzsche, che alla fine del XIX secolo ha ispirato il filosofo e poeta [&hellip;]<\/p>\n","protected":false},"author":44,"featured_media":66258,"comment_status":"closed","ping_status":"closed","sticky":false,"template":"","format":"standard","meta":{"_acf_changed":false,"footnotes":""},"categories":[1740,1738],"tags":[],"post_sectags":[],"post_format":[2484],"class_list":["post-66324","post","type-post","status-publish","format-standard","has-post-thumbnail","hentry","category-cosa-fare","category-notizie","format-video-it"],"acf":[],"yoast_head":"<!-- This site is optimized with the Yoast SEO Premium plugin v26.8 (Yoast SEO v27.5) - https:\/\/yoast.com\/product\/yoast-seo-premium-wordpress\/ -->\n<title>VIDEO. Alla scoperta del sentiero di Friedrich Nietzsche, sulle cime di \u00c8ze<\/title>\n<meta name=\"description\" content=\"Tra i ripidi sentieri del sentiero di Nietzsche, che alla fine del XIX secolo ha ispirato il filosofo e poeta da cui prende il nome, il nostro\" \/>\n<meta name=\"robots\" content=\"index, follow, max-snippet:-1, max-image-preview:large, max-video-preview:-1\" \/>\n<link rel=\"canonical\" href=\"https:\/\/www.monaco-tribune.com\/it\/2021\/01\/video-alla-scoperta-del-sentiero-di-friedrich-nietzsche-sulle-cime-di-eze\/\" \/>\n<meta property=\"og:locale\" content=\"it_IT\" \/>\n<meta property=\"og:type\" content=\"article\" \/>\n<meta property=\"og:title\" content=\"VIDEO. Alla scoperta del sentiero di Friedrich Nietzsche, sulle cime di \u00c8ze - Monaco Tribune\" \/>\n<meta property=\"og:description\" content=\"Tra i ripidi sentieri del sentiero di Nietzsche, che alla fine del XIX secolo ha ispirato il filosofo e poeta da cui prende il nome, il nostro\" \/>\n<meta property=\"og:url\" content=\"https:\/\/www.monaco-tribune.com\/it\/2021\/01\/video-alla-scoperta-del-sentiero-di-friedrich-nietzsche-sulle-cime-di-eze\/\" \/>\n<meta property=\"og:site_name\" content=\"Monaco Tribune\" \/>\n<meta property=\"article:publisher\" content=\"https:\/\/www.facebook.com\/MonacoTribune\" \/>\n<meta property=\"article:published_time\" content=\"2021-01-29T10:31:04+00:00\" \/>\n<meta property=\"article:modified_time\" content=\"2021-01-29T10:31:47+00:00\" \/>\n<meta property=\"og:image\" content=\"https:\/\/www.monaco-tribune.com\/wp-content\/uploads\/2021\/01\/eze-village.jpg\" \/>\n\t<meta property=\"og:image:width\" content=\"1200\" \/>\n\t<meta property=\"og:image:height\" content=\"696\" \/>\n\t<meta property=\"og:image:type\" content=\"image\/jpeg\" \/>\n<meta name=\"author\" content=\"Beno\u00eet Sorre\" \/>\n<meta name=\"twitter:card\" content=\"summary_large_image\" \/>\n<meta name=\"twitter:creator\" content=\"@MonacoTribune\" \/>\n<meta name=\"twitter:site\" content=\"@MonacoTribune\" \/>\n<script type=\"application\/ld+json\" class=\"yoast-schema-graph\">{\"@context\":\"https:\\\/\\\/schema.org\",\"@graph\":[{\"@type\":\"NewsArticle\",\"@id\":\"https:\\\/\\\/www.monaco-tribune.com\\\/it\\\/2021\\\/01\\\/video-alla-scoperta-del-sentiero-di-friedrich-nietzsche-sulle-cime-di-eze\\\/#article\",\"isPartOf\":{\"@id\":\"https:\\\/\\\/www.monaco-tribune.com\\\/it\\\/2021\\\/01\\\/video-alla-scoperta-del-sentiero-di-friedrich-nietzsche-sulle-cime-di-eze\\\/\"},\"author\":{\"name\":\"Beno\u00eet Sorre\",\"@id\":\"https:\\\/\\\/www.monaco-tribune.com\\\/it\\\/#\\\/schema\\\/person\\\/98af1072b5bb7bcc9547c46546cadfd5\"},\"headline\":\"VIDEO. Alla scoperta del sentiero di Friedrich Nietzsche, sulle cime di \u00c8ze\",\"datePublished\":\"2021-01-29T10:31:04+00:00\",\"dateModified\":\"2021-01-29T10:31:47+00:00\",\"mainEntityOfPage\":{\"@id\":\"https:\\\/\\\/www.monaco-tribune.com\\\/it\\\/2021\\\/01\\\/video-alla-scoperta-del-sentiero-di-friedrich-nietzsche-sulle-cime-di-eze\\\/\"},\"wordCount\":117,\"publisher\":{\"@id\":\"https:\\\/\\\/www.monaco-tribune.com\\\/it\\\/#organization\"},\"image\":{\"@id\":\"https:\\\/\\\/www.monaco-tribune.com\\\/it\\\/2021\\\/01\\\/video-alla-scoperta-del-sentiero-di-friedrich-nietzsche-sulle-cime-di-eze\\\/#primaryimage\"},\"thumbnailUrl\":\"https:\\\/\\\/www.monaco-tribune.com\\\/wp-content\\\/uploads\\\/2021\\\/01\\\/eze-village.jpg\",\"articleSection\":[\"Cosa fare\",\"Notizie\"],\"inLanguage\":\"it-IT\",\"copyrightYear\":\"2021\",\"copyrightHolder\":{\"@id\":\"https:\\\/\\\/www.monaco-tribune.com\\\/#organization\"}},{\"@type\":\"WebPage\",\"@id\":\"https:\\\/\\\/www.monaco-tribune.com\\\/it\\\/2021\\\/01\\\/video-alla-scoperta-del-sentiero-di-friedrich-nietzsche-sulle-cime-di-eze\\\/\",\"url\":\"https:\\\/\\\/www.monaco-tribune.com\\\/it\\\/2021\\\/01\\\/video-alla-scoperta-del-sentiero-di-friedrich-nietzsche-sulle-cime-di-eze\\\/\",\"name\":\"VIDEO. Alla scoperta del sentiero di Friedrich Nietzsche, sulle cime di \u00c8ze\",\"isPartOf\":{\"@id\":\"https:\\\/\\\/www.monaco-tribune.com\\\/it\\\/#website\"},\"primaryImageOfPage\":{\"@id\":\"https:\\\/\\\/www.monaco-tribune.com\\\/it\\\/2021\\\/01\\\/video-alla-scoperta-del-sentiero-di-friedrich-nietzsche-sulle-cime-di-eze\\\/#primaryimage\"},\"image\":{\"@id\":\"https:\\\/\\\/www.monaco-tribune.com\\\/it\\\/2021\\\/01\\\/video-alla-scoperta-del-sentiero-di-friedrich-nietzsche-sulle-cime-di-eze\\\/#primaryimage\"},\"thumbnailUrl\":\"https:\\\/\\\/www.monaco-tribune.com\\\/wp-content\\\/uploads\\\/2021\\\/01\\\/eze-village.jpg\",\"datePublished\":\"2021-01-29T10:31:04+00:00\",\"dateModified\":\"2021-01-29T10:31:47+00:00\",\"description\":\"Tra i ripidi sentieri del sentiero di Nietzsche, che alla fine del XIX secolo ha ispirato il filosofo e poeta da cui prende il nome, il nostro\",\"breadcrumb\":{\"@id\":\"https:\\\/\\\/www.monaco-tribune.com\\\/it\\\/2021\\\/01\\\/video-alla-scoperta-del-sentiero-di-friedrich-nietzsche-sulle-cime-di-eze\\\/#breadcrumb\"},\"inLanguage\":\"it-IT\",\"potentialAction\":[{\"@type\":\"ReadAction\",\"target\":[\"https:\\\/\\\/www.monaco-tribune.com\\\/it\\\/2021\\\/01\\\/video-alla-scoperta-del-sentiero-di-friedrich-nietzsche-sulle-cime-di-eze\\\/\"]}]},{\"@type\":\"ImageObject\",\"inLanguage\":\"it-IT\",\"@id\":\"https:\\\/\\\/www.monaco-tribune.com\\\/it\\\/2021\\\/01\\\/video-alla-scoperta-del-sentiero-di-friedrich-nietzsche-sulle-cime-di-eze\\\/#primaryimage\",\"url\":\"https:\\\/\\\/www.monaco-tribune.com\\\/wp-content\\\/uploads\\\/2021\\\/01\\\/eze-village.jpg\",\"contentUrl\":\"https:\\\/\\\/www.monaco-tribune.com\\\/wp-content\\\/uploads\\\/2021\\\/01\\\/eze-village.jpg\",\"width\":1200,\"height\":696,\"caption\":\"Eze Village\"},{\"@type\":\"BreadcrumbList\",\"@id\":\"https:\\\/\\\/www.monaco-tribune.com\\\/it\\\/2021\\\/01\\\/video-alla-scoperta-del-sentiero-di-friedrich-nietzsche-sulle-cime-di-eze\\\/#breadcrumb\",\"itemListElement\":[{\"@type\":\"ListItem\",\"position\":1,\"name\":\"Accueil\",\"item\":\"https:\\\/\\\/www.monaco-tribune.com\\\/it\\\/\"},{\"@type\":\"ListItem\",\"position\":2,\"name\":\"VIDEO. Alla scoperta del sentiero di Friedrich Nietzsche, sulle cime di \u00c8ze\"}]},{\"@type\":\"WebSite\",\"@id\":\"https:\\\/\\\/www.monaco-tribune.com\\\/it\\\/#website\",\"url\":\"https:\\\/\\\/www.monaco-tribune.com\\\/it\\\/\",\"name\":\"Monaco Tribune\",\"description\":\"Monaco : actualit\u00e9s \u00e9conomiques, politiques, culturelles et sportives de Monaco et de la French Riviera.\",\"publisher\":{\"@id\":\"https:\\\/\\\/www.monaco-tribune.com\\\/it\\\/#organization\"},\"potentialAction\":[{\"@type\":\"SearchAction\",\"target\":{\"@type\":\"EntryPoint\",\"urlTemplate\":\"https:\\\/\\\/www.monaco-tribune.com\\\/it\\\/?s={search_term_string}\"},\"query-input\":{\"@type\":\"PropertyValueSpecification\",\"valueRequired\":true,\"valueName\":\"search_term_string\"}}],\"inLanguage\":\"it-IT\"},{\"@type\":\"Organization\",\"@id\":\"https:\\\/\\\/www.monaco-tribune.com\\\/it\\\/#organization\",\"name\":\"Monaco Tribune\",\"url\":\"https:\\\/\\\/www.monaco-tribune.com\\\/it\\\/\",\"logo\":{\"@type\":\"ImageObject\",\"inLanguage\":\"it-IT\",\"@id\":\"https:\\\/\\\/www.monaco-tribune.com\\\/it\\\/#\\\/schema\\\/logo\\\/image\\\/\",\"url\":\"https:\\\/\\\/www.monaco-tribune.com\\\/wp-content\\\/uploads\\\/2022\\\/11\\\/logo-monaco-tribune.png\",\"contentUrl\":\"https:\\\/\\\/www.monaco-tribune.com\\\/wp-content\\\/uploads\\\/2022\\\/11\\\/logo-monaco-tribune.png\",\"width\":1548,\"height\":600,\"caption\":\"Monaco Tribune\"},\"image\":{\"@id\":\"https:\\\/\\\/www.monaco-tribune.com\\\/it\\\/#\\\/schema\\\/logo\\\/image\\\/\"},\"sameAs\":[\"https:\\\/\\\/www.facebook.com\\\/MonacoTribune\",\"https:\\\/\\\/x.com\\\/MonacoTribune\",\"https:\\\/\\\/www.instagram.com\\\/monacotribune\\\/\",\"https:\\\/\\\/www.linkedin.com\\\/company\\\/monaco-tribune\",\"https:\\\/\\\/www.youtube.com\\\/channel\\\/UCHle1MnG6hw1y4lWKijVbMA\"]},{\"@type\":\"Person\",\"@id\":\"https:\\\/\\\/www.monaco-tribune.com\\\/it\\\/#\\\/schema\\\/person\\\/98af1072b5bb7bcc9547c46546cadfd5\",\"name\":\"Beno\u00eet Sorre\",\"image\":{\"@type\":\"ImageObject\",\"inLanguage\":\"it-IT\",\"@id\":\"https:\\\/\\\/secure.gravatar.com\\\/avatar\\\/74c032faefbed44fc1f2f82edec4cd7aeb31bc4b9af028fb8700419677676722?s=96&d=mm&r=g\",\"url\":\"https:\\\/\\\/secure.gravatar.com\\\/avatar\\\/74c032faefbed44fc1f2f82edec4cd7aeb31bc4b9af028fb8700419677676722?s=96&d=mm&r=g\",\"contentUrl\":\"https:\\\/\\\/secure.gravatar.com\\\/avatar\\\/74c032faefbed44fc1f2f82edec4cd7aeb31bc4b9af028fb8700419677676722?s=96&d=mm&r=g\",\"caption\":\"Beno\u00eet Sorre\"},\"url\":\"https:\\\/\\\/www.monaco-tribune.com\\\/it\\\/author\\\/benoitsorre\\\/\"}]}<\/script>\n<!-- \/ Yoast SEO Premium plugin. -->","yoast_head_json":{"title":"VIDEO. Alla scoperta del sentiero di Friedrich Nietzsche, sulle cime di \u00c8ze","description":"Tra i ripidi sentieri del sentiero di Nietzsche, che alla fine del XIX secolo ha ispirato il filosofo e poeta da cui prende il nome, il nostro","robots":{"index":"index","follow":"follow","max-snippet":"max-snippet:-1","max-image-preview":"max-image-preview:large","max-video-preview":"max-video-preview:-1"},"canonical":"https:\/\/www.monaco-tribune.com\/it\/2021\/01\/video-alla-scoperta-del-sentiero-di-friedrich-nietzsche-sulle-cime-di-eze\/","og_locale":"it_IT","og_type":"article","og_title":"VIDEO. Alla scoperta del sentiero di Friedrich Nietzsche, sulle cime di \u00c8ze - Monaco Tribune","og_description":"Tra i ripidi sentieri del sentiero di Nietzsche, che alla fine del XIX secolo ha ispirato il filosofo e poeta da cui prende il nome, il nostro","og_url":"https:\/\/www.monaco-tribune.com\/it\/2021\/01\/video-alla-scoperta-del-sentiero-di-friedrich-nietzsche-sulle-cime-di-eze\/","og_site_name":"Monaco Tribune","article_publisher":"https:\/\/www.facebook.com\/MonacoTribune","article_published_time":"2021-01-29T10:31:04+00:00","article_modified_time":"2021-01-29T10:31:47+00:00","og_image":[{"width":1200,"height":696,"url":"https:\/\/www.monaco-tribune.com\/wp-content\/uploads\/2021\/01\/eze-village.jpg","type":"image\/jpeg"}],"author":"Beno\u00eet Sorre","twitter_card":"summary_large_image","twitter_creator":"@MonacoTribune","twitter_site":"@MonacoTribune","schema":{"@context":"https:\/\/schema.org","@graph":[{"@type":"NewsArticle","@id":"https:\/\/www.monaco-tribune.com\/it\/2021\/01\/video-alla-scoperta-del-sentiero-di-friedrich-nietzsche-sulle-cime-di-eze\/#article","isPartOf":{"@id":"https:\/\/www.monaco-tribune.com\/it\/2021\/01\/video-alla-scoperta-del-sentiero-di-friedrich-nietzsche-sulle-cime-di-eze\/"},"author":{"name":"Beno\u00eet Sorre","@id":"https:\/\/www.monaco-tribune.com\/it\/#\/schema\/person\/98af1072b5bb7bcc9547c46546cadfd5"},"headline":"VIDEO. Alla scoperta del sentiero di Friedrich Nietzsche, sulle cime di \u00c8ze","datePublished":"2021-01-29T10:31:04+00:00","dateModified":"2021-01-29T10:31:47+00:00","mainEntityOfPage":{"@id":"https:\/\/www.monaco-tribune.com\/it\/2021\/01\/video-alla-scoperta-del-sentiero-di-friedrich-nietzsche-sulle-cime-di-eze\/"},"wordCount":117,"publisher":{"@id":"https:\/\/www.monaco-tribune.com\/it\/#organization"},"image":{"@id":"https:\/\/www.monaco-tribune.com\/it\/2021\/01\/video-alla-scoperta-del-sentiero-di-friedrich-nietzsche-sulle-cime-di-eze\/#primaryimage"},"thumbnailUrl":"https:\/\/www.monaco-tribune.com\/wp-content\/uploads\/2021\/01\/eze-village.jpg","articleSection":["Cosa fare","Notizie"],"inLanguage":"it-IT","copyrightYear":"2021","copyrightHolder":{"@id":"https:\/\/www.monaco-tribune.com\/#organization"}},{"@type":"WebPage","@id":"https:\/\/www.monaco-tribune.com\/it\/2021\/01\/video-alla-scoperta-del-sentiero-di-friedrich-nietzsche-sulle-cime-di-eze\/","url":"https:\/\/www.monaco-tribune.com\/it\/2021\/01\/video-alla-scoperta-del-sentiero-di-friedrich-nietzsche-sulle-cime-di-eze\/","name":"VIDEO. Alla scoperta del sentiero di Friedrich Nietzsche, sulle cime di \u00c8ze","isPartOf":{"@id":"https:\/\/www.monaco-tribune.com\/it\/#website"},"primaryImageOfPage":{"@id":"https:\/\/www.monaco-tribune.com\/it\/2021\/01\/video-alla-scoperta-del-sentiero-di-friedrich-nietzsche-sulle-cime-di-eze\/#primaryimage"},"image":{"@id":"https:\/\/www.monaco-tribune.com\/it\/2021\/01\/video-alla-scoperta-del-sentiero-di-friedrich-nietzsche-sulle-cime-di-eze\/#primaryimage"},"thumbnailUrl":"https:\/\/www.monaco-tribune.com\/wp-content\/uploads\/2021\/01\/eze-village.jpg","datePublished":"2021-01-29T10:31:04+00:00","dateModified":"2021-01-29T10:31:47+00:00","description":"Tra i ripidi sentieri del sentiero di Nietzsche, che alla fine del XIX secolo ha ispirato il filosofo e poeta da cui prende il nome, il nostro","breadcrumb":{"@id":"https:\/\/www.monaco-tribune.com\/it\/2021\/01\/video-alla-scoperta-del-sentiero-di-friedrich-nietzsche-sulle-cime-di-eze\/#breadcrumb"},"inLanguage":"it-IT","potentialAction":[{"@type":"ReadAction","target":["https:\/\/www.monaco-tribune.com\/it\/2021\/01\/video-alla-scoperta-del-sentiero-di-friedrich-nietzsche-sulle-cime-di-eze\/"]}]},{"@type":"ImageObject","inLanguage":"it-IT","@id":"https:\/\/www.monaco-tribune.com\/it\/2021\/01\/video-alla-scoperta-del-sentiero-di-friedrich-nietzsche-sulle-cime-di-eze\/#primaryimage","url":"https:\/\/www.monaco-tribune.com\/wp-content\/uploads\/2021\/01\/eze-village.jpg","contentUrl":"https:\/\/www.monaco-tribune.com\/wp-content\/uploads\/2021\/01\/eze-village.jpg","width":1200,"height":696,"caption":"Eze Village"},{"@type":"BreadcrumbList","@id":"https:\/\/www.monaco-tribune.com\/it\/2021\/01\/video-alla-scoperta-del-sentiero-di-friedrich-nietzsche-sulle-cime-di-eze\/#breadcrumb","itemListElement":[{"@type":"ListItem","position":1,"name":"Accueil","item":"https:\/\/www.monaco-tribune.com\/it\/"},{"@type":"ListItem","position":2,"name":"VIDEO. Alla scoperta del sentiero di Friedrich Nietzsche, sulle cime di \u00c8ze"}]},{"@type":"WebSite","@id":"https:\/\/www.monaco-tribune.com\/it\/#website","url":"https:\/\/www.monaco-tribune.com\/it\/","name":"Monaco Tribune","description":"Monaco : actualit\u00e9s \u00e9conomiques, politiques, culturelles et sportives de Monaco et de la French Riviera.","publisher":{"@id":"https:\/\/www.monaco-tribune.com\/it\/#organization"},"potentialAction":[{"@type":"SearchAction","target":{"@type":"EntryPoint","urlTemplate":"https:\/\/www.monaco-tribune.com\/it\/?s={search_term_string}"},"query-input":{"@type":"PropertyValueSpecification","valueRequired":true,"valueName":"search_term_string"}}],"inLanguage":"it-IT"},{"@type":"Organization","@id":"https:\/\/www.monaco-tribune.com\/it\/#organization","name":"Monaco Tribune","url":"https:\/\/www.monaco-tribune.com\/it\/","logo":{"@type":"ImageObject","inLanguage":"it-IT","@id":"https:\/\/www.monaco-tribune.com\/it\/#\/schema\/logo\/image\/","url":"https:\/\/www.monaco-tribune.com\/wp-content\/uploads\/2022\/11\/logo-monaco-tribune.png","contentUrl":"https:\/\/www.monaco-tribune.com\/wp-content\/uploads\/2022\/11\/logo-monaco-tribune.png","width":1548,"height":600,"caption":"Monaco Tribune"},"image":{"@id":"https:\/\/www.monaco-tribune.com\/it\/#\/schema\/logo\/image\/"},"sameAs":["https:\/\/www.facebook.com\/MonacoTribune","https:\/\/x.com\/MonacoTribune","https:\/\/www.instagram.com\/monacotribune\/","https:\/\/www.linkedin.com\/company\/monaco-tribune","https:\/\/www.youtube.com\/channel\/UCHle1MnG6hw1y4lWKijVbMA"]},{"@type":"Person","@id":"https:\/\/www.monaco-tribune.com\/it\/#\/schema\/person\/98af1072b5bb7bcc9547c46546cadfd5","name":"Beno\u00eet Sorre","image":{"@type":"ImageObject","inLanguage":"it-IT","@id":"https:\/\/secure.gravatar.com\/avatar\/74c032faefbed44fc1f2f82edec4cd7aeb31bc4b9af028fb8700419677676722?s=96&d=mm&r=g","url":"https:\/\/secure.gravatar.com\/avatar\/74c032faefbed44fc1f2f82edec4cd7aeb31bc4b9af028fb8700419677676722?s=96&d=mm&r=g","contentUrl":"https:\/\/secure.gravatar.com\/avatar\/74c032faefbed44fc1f2f82edec4cd7aeb31bc4b9af028fb8700419677676722?s=96&d=mm&r=g","caption":"Beno\u00eet Sorre"},"url":"https:\/\/www.monaco-tribune.com\/it\/author\/benoitsorre\/"}]}},"_links":{"self":[{"href":"https:\/\/www.monaco-tribune.com\/it\/wp-json\/wp\/v2\/posts\/66324","targetHints":{"allow":["GET"]}}],"collection":[{"href":"https:\/\/www.monaco-tribune.com\/it\/wp-json\/wp\/v2\/posts"}],"about":[{"href":"https:\/\/www.monaco-tribune.com\/it\/wp-json\/wp\/v2\/types\/post"}],"author":[{"embeddable":true,"href":"https:\/\/www.monaco-tribune.com\/it\/wp-json\/wp\/v2\/users\/44"}],"replies":[{"embeddable":true,"href":"https:\/\/www.monaco-tribune.com\/it\/wp-json\/wp\/v2\/comments?post=66324"}],"version-history":[{"count":0,"href":"https:\/\/www.monaco-tribune.com\/it\/wp-json\/wp\/v2\/posts\/66324\/revisions"}],"wp:featuredmedia":[{"embeddable":true,"href":"https:\/\/www.monaco-tribune.com\/it\/wp-json\/wp\/v2\/media\/66258"}],"wp:attachment":[{"href":"https:\/\/www.monaco-tribune.com\/it\/wp-json\/wp\/v2\/media?parent=66324"}],"wp:term":[{"taxonomy":"category","embeddable":true,"href":"https:\/\/www.monaco-tribune.com\/it\/wp-json\/wp\/v2\/categories?post=66324"},{"taxonomy":"post_tag","embeddable":true,"href":"https:\/\/www.monaco-tribune.com\/it\/wp-json\/wp\/v2\/tags?post=66324"},{"taxonomy":"sectag","embeddable":true,"href":"https:\/\/www.monaco-tribune.com\/it\/wp-json\/wp\/v2\/post_sectags?post=66324"},{"taxonomy":"format","embeddable":true,"href":"https:\/\/www.monaco-tribune.com\/it\/wp-json\/wp\/v2\/post_format?post=66324"}],"curies":[{"name":"wp","href":"https:\/\/api.w.org\/{rel}","templated":true}]}}