{"id":66355,"date":"2021-01-29T12:21:34","date_gmt":"2021-01-29T11:21:34","guid":{"rendered":"https:\/\/www.monaco-tribune.com\/2021\/01\/boris-herrmann-seaexplorer-yacht-club-de-monaco-non-avrei-mai-osato-immaginare-un-risultato-simile\/"},"modified":"2021-01-29T12:23:40","modified_gmt":"2021-01-29T11:23:40","slug":"boris-herrmann-seaexplorer-yacht-club-de-monaco-non-avrei-mai-osato-immaginare-un-risultato-simile","status":"publish","type":"post","link":"https:\/\/www.monaco-tribune.com\/it\/2021\/01\/boris-herrmann-seaexplorer-yacht-club-de-monaco-non-avrei-mai-osato-immaginare-un-risultato-simile\/","title":{"rendered":"Boris Herrmann (Vend\u00e9e Globe): &#8220;Non avrei mai osato immaginare un risultato simile&#8221;"},"content":{"rendered":"\n<p><strong>Il 28 gennaio, a Les Sables-d&#8217;Olonne, Boris Herrmann (SeaExplorer\/Yacht Club de Monaco) ha varcato la linea di arrivo della Vend\u00e9e Globe. Il velista tedesco ha terminato il suo primo giro del mondo in 80 giorni e 21 ore. Dopo essere stato in lizza per il podio per diverso tempo, proprio alla fine l&#8217;amico di Pierre Casiraghi ha perso la possibilit\u00e0 di vincere la gara dopo una collisione con un peschereccio spagnolo poco prima dell&#8217;arrivo. <\/strong><\/p>\n\n\n\n<p>Stava quasi per compiere un&#8217;impresa eroica. Ma nella notte di mercoled\u00ec un peschereccio ha infranto tutti i suoi sogni: <em>&#8220;Un incubo&#8221;<\/em>, ammette in conferenza stampa, qualche ora dopo l&#8217;arrivo di gioved\u00ec alle 11:16 a Les Sables-d&#8217;Olonne, terminando la gara in quinta posizione. <em>&#8220;Il radar e le luci di navigazione erano accese. Nonostante ci\u00f2, sono entrato in collisione con un peschereccio. La mia teoria \u00e8 che, attraverso le mie due vele davanti, con questa angolazione particolare, non \u00e8 riuscito a vedermi&#8230;&#8221;<\/em><\/p>\n\n\n\n<p> <strong>&gt;&gt; LEGGI ANCHE: <\/strong><a href=\"https:\/\/www.monaco-tribune.com\/it\/2020\/11\/regata-vendee-globe-boris-herrmann-ycm-circumnaviga-il-mondo-in-solitaria-per-salvare-gli-oceani\/\">Regata Vend\u00e9e Globe: Boris Herrmann circumnaviga il mondo in solitaria per salvare gli oceani<\/a><\/p>\n\n\n\n<p>Per la sua prima Vend\u00e9e Globe, il velista tedesco di 39 anni \u00e8 riuscito a portare a casa un ottimo risultato per il Principato, al termine di una competizione ricca di emozioni. <em>&#8220;Non avrei mai osato immaginare un risultato simile! In pubblico, non ho mai voluto dire che il mio obiettive era arrivare quinto<\/em>&#8220;, sorride. <em>Poteva andare meglio, certo, ma poi c&#8217;\u00e8 il fattore avventura che entra in gioco.&#8221;<\/em><\/p>\n\n\n\n<h2 class=\"wp-block-heading\" id=\"h-il-principe-alberto-ii-si-congratulato-con-boris-herrmann-di-persona\">Il Principe Alberto II si \u00e8 congratulato con Boris Herrmann di persona <\/h2>\n\n\n\n<p>Salito alla fine in quarta posizione, davanti a Thomas Ruyant (LinkedOut), grazie al salvataggio di Kevin Escoffier che gli ha fatto guadagnare tempo in classifica, Boris Hermann sente di essersi avvicinato a qualcosa di straordinario. <em>&#8220;Avvicinarsi cos\u00ec al podio della Vend\u00e9e Globe, \u00e8 una cosa che non succede spesso nella vita. Ed \u00e8 successo in un modo del tutto inaspettato. E io me lo sono lasciato scappare come uno stupido\u2026&#8221;<\/em> <\/p>\n\n\n\n<p> <strong>&gt;&gt; LEGGI ANCHE:<\/strong> <a href=\"https:\/\/www.monaco-tribune.com\/it\/2020\/12\/yvan-griboval-celebre-velista-francese-al-servizio-del-principe-alberto-ii-e-degli-oceani\/\">Yvan Griboval: celebre velista francese al servizio del Principe Alberto II e degli oceani<\/a><\/p>\n\n\n\n<p>Il Principe Alberto II, che ci teneva a essere presente a Les Sables-d\u2019Olonne, ha accolto Boris al suo arrivo. &#8221; <em>Neanche ci speravamo che potesse arrivare tra i primi 5 alla sua prima partecipazione. Io, personalmente, sono molto soddisfatto del suo risultato e di come ha agito durante tutta la Vend\u00e9e Globe. \u00c8 un grande velista&#8221;, <\/em>si congratula il Sovrano. <em>Il mare e il Principato hanno da sempre un legame indissolubile. Penso per esempio al Principe Alberto I. E all&#8217;alba del centenario della sua scomparsa, \u00e8 bello che questa relazione tra Monaco e il mare continui grazie ad avventure come quella di Boris, che diffondono anche il messaggio condiviso dalla mia Fondazione sulla salvaguardia degli oceani<sup>.<\/sup><\/em>&#8220;<\/p>\n\n\n\n<h2 class=\"wp-block-heading\" id=\"h-un-aiuto-prezioso-per-gli-scienziati-e-la-salvaguardia-degli-oceani\">Un aiuto prezioso per gli scienziati e la salvaguardia degli oceani <\/h2>\n\n\n\n<p>Oltre alla semplice prova sportiva, lo skipper del Team Malizia ha intrapreso la Vend\u00e9e Globe con l&#8217;obiettivo di raccogliere dati oceanografici da trasmettere agli scienziati del programma dell\u2019Istituto Max-Planck di meteorologia ad Amburgo, di G\u00e9omar a Kiel, in Germania, e dell\u2019Ifremer a Brest. Temperatura dell&#8217;aria, dell&#8217;acqua o ancora salinit\u00e0, PH e CO2 degli oceani sono alcune delle informazioni raccolte durante questo giro del mondo e soprattutto nelle regioni pi\u00f9 remote difficili da raggiungere per gli scienziati.<\/p>\n\n\n\n<p>&#8221; <em>\u00c8 stato semplicemente straordinario, e la brutta avaria che ha affrontato la notte scorsa e il modo in cui l&#8217;ha gestita dimostrano quanto sia in gamba come velista<\/em> &#8221; racconta Pierre Casiraghi, anche lui presente all&#8217;arrivo a fianco di Bernard d\u2019Alessandri, Segretario generale dello Y.C.M, che non ha nascosta la soddisfazione. &#8221; <em>Aveva tutte le qualit\u00e0 necessarie per fare una bella gara, ha fatto meglio di cos\u00ec. \u00c8 veramente eccezionale, sono cos\u00ec fiero di lui.<\/em> &#8220;<\/p>\n\n\n\n<div class=\"wp-block-image\"><figure class=\"aligncenter size-large\"><img loading=\"lazy\" decoding=\"async\" width=\"1024\" height=\"640\" src=\"https:\/\/www.monaco-tribune.com\/wp-content\/uploads\/2021\/01\/capture-de\u0301cran-2021-01-28-a\u0300-19.14.10-min-min.png\" alt=\"\" class=\"wp-image-66086\" srcset=\"https:\/\/www.monaco-tribune.com\/wp-content\/uploads\/2021\/01\/capture-de\u0301cran-2021-01-28-a\u0300-19.14.10-min-min.png 1024w, https:\/\/www.monaco-tribune.com\/wp-content\/uploads\/2021\/01\/capture-de\u0301cran-2021-01-28-a\u0300-19.14.10-min-min-480x300.png 480w\" sizes=\"auto, (max-width: 1024px) 100vw, 1024px\" \/><figcaption>Borris Herrmann (SeaExplorer\/Yacht Club de Monaco)<\/figcaption><\/figure><\/div>\n","protected":false},"excerpt":{"rendered":"<p>Il 28 gennaio, a Les Sables-d&#8217;Olonne, Boris Herrmann (SeaExplorer\/Yacht Club de Monaco) ha varcato la linea di arrivo della Vend\u00e9e [&hellip;]<\/p>\n","protected":false},"author":24,"featured_media":66082,"comment_status":"closed","ping_status":"closed","sticky":false,"template":"","format":"standard","meta":{"_acf_changed":false,"footnotes":""},"categories":[1839,1738,1743],"tags":[3018],"post_sectags":[],"post_format":[2478],"class_list":["post-66355","post","type-post","status-publish","format-standard","has-post-thumbnail","hentry","category-green","category-notizie","category-sport-it","tag-nautica","format-notizia"],"acf":[],"yoast_head":"<!-- This site is optimized with the Yoast SEO Premium plugin v26.8 (Yoast SEO v27.5) - https:\/\/yoast.com\/product\/yoast-seo-premium-wordpress\/ -->\n<title>Boris Herrmann (Vend\u00e9e Globe): &quot;Non avrei mai osato immaginare un risultato simile&quot;<\/title>\n<meta name=\"description\" content=\"Il 28 gennaio, a Les Sables-d&#039;Olonne, Boris Herrmann (SeaExplorer\/Yacht Club de Monaco) ha varcato la linea di arrivo della Vend\u00e9e Globe. Il velista\" \/>\n<meta name=\"robots\" content=\"index, follow, max-snippet:-1, max-image-preview:large, max-video-preview:-1\" \/>\n<link rel=\"canonical\" href=\"https:\/\/www.monaco-tribune.com\/it\/2021\/01\/boris-herrmann-seaexplorer-yacht-club-de-monaco-non-avrei-mai-osato-immaginare-un-risultato-simile\/\" \/>\n<meta property=\"og:locale\" content=\"it_IT\" \/>\n<meta property=\"og:type\" content=\"article\" \/>\n<meta property=\"og:title\" content=\"Boris Herrmann (Vend\u00e9e Globe): &quot;Non avrei mai osato immaginare un risultato simile&quot; - Monaco Tribune\" \/>\n<meta property=\"og:description\" content=\"Il 28 gennaio, a Les Sables-d&#039;Olonne, Boris Herrmann (SeaExplorer\/Yacht Club de Monaco) ha varcato la linea di arrivo della Vend\u00e9e Globe. Il velista\" \/>\n<meta property=\"og:url\" content=\"https:\/\/www.monaco-tribune.com\/it\/2021\/01\/boris-herrmann-seaexplorer-yacht-club-de-monaco-non-avrei-mai-osato-immaginare-un-risultato-simile\/\" \/>\n<meta property=\"og:site_name\" content=\"Monaco Tribune\" \/>\n<meta property=\"article:publisher\" content=\"https:\/\/www.facebook.com\/MonacoTribune\" \/>\n<meta property=\"article:published_time\" content=\"2021-01-29T11:21:34+00:00\" \/>\n<meta property=\"article:modified_time\" content=\"2021-01-29T11:23:40+00:00\" \/>\n<meta property=\"og:image\" content=\"https:\/\/www.monaco-tribune.com\/wp-content\/uploads\/2021\/01\/capture-de\u0301cran-2021-01-28-a\u0300-19.10.35-min.png\" \/>\n\t<meta property=\"og:image:width\" content=\"1127\" \/>\n\t<meta property=\"og:image:height\" content=\"726\" \/>\n\t<meta property=\"og:image:type\" content=\"image\/png\" \/>\n<meta name=\"author\" content=\"Romain Boisaubert\" \/>\n<meta name=\"twitter:card\" content=\"summary_large_image\" \/>\n<meta name=\"twitter:creator\" content=\"@MonacoTribune\" \/>\n<meta name=\"twitter:site\" content=\"@MonacoTribune\" \/>\n<script type=\"application\/ld+json\" class=\"yoast-schema-graph\">{\"@context\":\"https:\\\/\\\/schema.org\",\"@graph\":[{\"@type\":\"NewsArticle\",\"@id\":\"https:\\\/\\\/www.monaco-tribune.com\\\/it\\\/2021\\\/01\\\/boris-herrmann-seaexplorer-yacht-club-de-monaco-non-avrei-mai-osato-immaginare-un-risultato-simile\\\/#article\",\"isPartOf\":{\"@id\":\"https:\\\/\\\/www.monaco-tribune.com\\\/it\\\/2021\\\/01\\\/boris-herrmann-seaexplorer-yacht-club-de-monaco-non-avrei-mai-osato-immaginare-un-risultato-simile\\\/\"},\"author\":{\"name\":\"Romain Boisaubert\",\"@id\":\"https:\\\/\\\/www.monaco-tribune.com\\\/it\\\/#\\\/schema\\\/person\\\/330a3732947cf8cb41b2533a0eadd62e\"},\"headline\":\"Boris Herrmann (Vend\u00e9e Globe): &#8220;Non avrei mai osato immaginare un risultato simile&#8221;\",\"datePublished\":\"2021-01-29T11:21:34+00:00\",\"dateModified\":\"2021-01-29T11:23:40+00:00\",\"mainEntityOfPage\":{\"@id\":\"https:\\\/\\\/www.monaco-tribune.com\\\/it\\\/2021\\\/01\\\/boris-herrmann-seaexplorer-yacht-club-de-monaco-non-avrei-mai-osato-immaginare-un-risultato-simile\\\/\"},\"wordCount\":646,\"publisher\":{\"@id\":\"https:\\\/\\\/www.monaco-tribune.com\\\/it\\\/#organization\"},\"image\":{\"@id\":\"https:\\\/\\\/www.monaco-tribune.com\\\/it\\\/2021\\\/01\\\/boris-herrmann-seaexplorer-yacht-club-de-monaco-non-avrei-mai-osato-immaginare-un-risultato-simile\\\/#primaryimage\"},\"thumbnailUrl\":\"https:\\\/\\\/www.monaco-tribune.com\\\/wp-content\\\/uploads\\\/2021\\\/01\\\/capture-de\u0301cran-2021-01-28-a\u0300-19.10.35-min.png\",\"keywords\":[\"Nautica\"],\"articleSection\":[\"Green\",\"Notizie\",\"Sport\"],\"inLanguage\":\"it-IT\",\"copyrightYear\":\"2021\",\"copyrightHolder\":{\"@id\":\"https:\\\/\\\/www.monaco-tribune.com\\\/#organization\"}},{\"@type\":\"WebPage\",\"@id\":\"https:\\\/\\\/www.monaco-tribune.com\\\/it\\\/2021\\\/01\\\/boris-herrmann-seaexplorer-yacht-club-de-monaco-non-avrei-mai-osato-immaginare-un-risultato-simile\\\/\",\"url\":\"https:\\\/\\\/www.monaco-tribune.com\\\/it\\\/2021\\\/01\\\/boris-herrmann-seaexplorer-yacht-club-de-monaco-non-avrei-mai-osato-immaginare-un-risultato-simile\\\/\",\"name\":\"Boris Herrmann (Vend\u00e9e Globe): \\\"Non avrei mai osato immaginare un risultato simile\\\"\",\"isPartOf\":{\"@id\":\"https:\\\/\\\/www.monaco-tribune.com\\\/it\\\/#website\"},\"primaryImageOfPage\":{\"@id\":\"https:\\\/\\\/www.monaco-tribune.com\\\/it\\\/2021\\\/01\\\/boris-herrmann-seaexplorer-yacht-club-de-monaco-non-avrei-mai-osato-immaginare-un-risultato-simile\\\/#primaryimage\"},\"image\":{\"@id\":\"https:\\\/\\\/www.monaco-tribune.com\\\/it\\\/2021\\\/01\\\/boris-herrmann-seaexplorer-yacht-club-de-monaco-non-avrei-mai-osato-immaginare-un-risultato-simile\\\/#primaryimage\"},\"thumbnailUrl\":\"https:\\\/\\\/www.monaco-tribune.com\\\/wp-content\\\/uploads\\\/2021\\\/01\\\/capture-de\u0301cran-2021-01-28-a\u0300-19.10.35-min.png\",\"datePublished\":\"2021-01-29T11:21:34+00:00\",\"dateModified\":\"2021-01-29T11:23:40+00:00\",\"description\":\"Il 28 gennaio, a Les Sables-d'Olonne, Boris Herrmann (SeaExplorer\\\/Yacht Club de Monaco) ha varcato la linea di arrivo della Vend\u00e9e Globe. Il velista\",\"breadcrumb\":{\"@id\":\"https:\\\/\\\/www.monaco-tribune.com\\\/it\\\/2021\\\/01\\\/boris-herrmann-seaexplorer-yacht-club-de-monaco-non-avrei-mai-osato-immaginare-un-risultato-simile\\\/#breadcrumb\"},\"inLanguage\":\"it-IT\",\"potentialAction\":[{\"@type\":\"ReadAction\",\"target\":[\"https:\\\/\\\/www.monaco-tribune.com\\\/it\\\/2021\\\/01\\\/boris-herrmann-seaexplorer-yacht-club-de-monaco-non-avrei-mai-osato-immaginare-un-risultato-simile\\\/\"]}]},{\"@type\":\"ImageObject\",\"inLanguage\":\"it-IT\",\"@id\":\"https:\\\/\\\/www.monaco-tribune.com\\\/it\\\/2021\\\/01\\\/boris-herrmann-seaexplorer-yacht-club-de-monaco-non-avrei-mai-osato-immaginare-un-risultato-simile\\\/#primaryimage\",\"url\":\"https:\\\/\\\/www.monaco-tribune.com\\\/wp-content\\\/uploads\\\/2021\\\/01\\\/capture-de\u0301cran-2021-01-28-a\u0300-19.10.35-min.png\",\"contentUrl\":\"https:\\\/\\\/www.monaco-tribune.com\\\/wp-content\\\/uploads\\\/2021\\\/01\\\/capture-de\u0301cran-2021-01-28-a\u0300-19.10.35-min.png\",\"width\":1127,\"height\":726,\"caption\":\"Yacht Club Monaco\"},{\"@type\":\"BreadcrumbList\",\"@id\":\"https:\\\/\\\/www.monaco-tribune.com\\\/it\\\/2021\\\/01\\\/boris-herrmann-seaexplorer-yacht-club-de-monaco-non-avrei-mai-osato-immaginare-un-risultato-simile\\\/#breadcrumb\",\"itemListElement\":[{\"@type\":\"ListItem\",\"position\":1,\"name\":\"Accueil\",\"item\":\"https:\\\/\\\/www.monaco-tribune.com\\\/it\\\/\"},{\"@type\":\"ListItem\",\"position\":2,\"name\":\"Boris Herrmann (Vend\u00e9e Globe): \u00ab\u00a0Non avrei mai osato immaginare un risultato simile\u00a0\u00bb\"}]},{\"@type\":\"WebSite\",\"@id\":\"https:\\\/\\\/www.monaco-tribune.com\\\/it\\\/#website\",\"url\":\"https:\\\/\\\/www.monaco-tribune.com\\\/it\\\/\",\"name\":\"Monaco Tribune\",\"description\":\"Monaco : actualit\u00e9s \u00e9conomiques, politiques, culturelles et sportives de Monaco et de la French Riviera.\",\"publisher\":{\"@id\":\"https:\\\/\\\/www.monaco-tribune.com\\\/it\\\/#organization\"},\"potentialAction\":[{\"@type\":\"SearchAction\",\"target\":{\"@type\":\"EntryPoint\",\"urlTemplate\":\"https:\\\/\\\/www.monaco-tribune.com\\\/it\\\/?s={search_term_string}\"},\"query-input\":{\"@type\":\"PropertyValueSpecification\",\"valueRequired\":true,\"valueName\":\"search_term_string\"}}],\"inLanguage\":\"it-IT\"},{\"@type\":\"Organization\",\"@id\":\"https:\\\/\\\/www.monaco-tribune.com\\\/it\\\/#organization\",\"name\":\"Monaco Tribune\",\"url\":\"https:\\\/\\\/www.monaco-tribune.com\\\/it\\\/\",\"logo\":{\"@type\":\"ImageObject\",\"inLanguage\":\"it-IT\",\"@id\":\"https:\\\/\\\/www.monaco-tribune.com\\\/it\\\/#\\\/schema\\\/logo\\\/image\\\/\",\"url\":\"https:\\\/\\\/www.monaco-tribune.com\\\/wp-content\\\/uploads\\\/2022\\\/11\\\/logo-monaco-tribune.png\",\"contentUrl\":\"https:\\\/\\\/www.monaco-tribune.com\\\/wp-content\\\/uploads\\\/2022\\\/11\\\/logo-monaco-tribune.png\",\"width\":1548,\"height\":600,\"caption\":\"Monaco Tribune\"},\"image\":{\"@id\":\"https:\\\/\\\/www.monaco-tribune.com\\\/it\\\/#\\\/schema\\\/logo\\\/image\\\/\"},\"sameAs\":[\"https:\\\/\\\/www.facebook.com\\\/MonacoTribune\",\"https:\\\/\\\/x.com\\\/MonacoTribune\",\"https:\\\/\\\/www.instagram.com\\\/monacotribune\\\/\",\"https:\\\/\\\/www.linkedin.com\\\/company\\\/monaco-tribune\",\"https:\\\/\\\/www.youtube.com\\\/channel\\\/UCHle1MnG6hw1y4lWKijVbMA\"]},{\"@type\":\"Person\",\"@id\":\"https:\\\/\\\/www.monaco-tribune.com\\\/it\\\/#\\\/schema\\\/person\\\/330a3732947cf8cb41b2533a0eadd62e\",\"name\":\"Romain Boisaubert\",\"image\":{\"@type\":\"ImageObject\",\"inLanguage\":\"it-IT\",\"@id\":\"https:\\\/\\\/secure.gravatar.com\\\/avatar\\\/f8b90d41f1eabd1cbe4cf59e09d8db41a697d51919bf2dfe727589a24a4a4d54?s=96&d=mm&r=g\",\"url\":\"https:\\\/\\\/secure.gravatar.com\\\/avatar\\\/f8b90d41f1eabd1cbe4cf59e09d8db41a697d51919bf2dfe727589a24a4a4d54?s=96&d=mm&r=g\",\"contentUrl\":\"https:\\\/\\\/secure.gravatar.com\\\/avatar\\\/f8b90d41f1eabd1cbe4cf59e09d8db41a697d51919bf2dfe727589a24a4a4d54?s=96&d=mm&r=g\",\"caption\":\"Romain Boisaubert\"},\"description\":\"Test bio\",\"url\":\"https:\\\/\\\/www.monaco-tribune.com\\\/it\\\/author\\\/romain-boisaubert\\\/\"}]}<\/script>\n<!-- \/ Yoast SEO Premium plugin. -->","yoast_head_json":{"title":"Boris Herrmann (Vend\u00e9e Globe): \"Non avrei mai osato immaginare un risultato simile\"","description":"Il 28 gennaio, a Les Sables-d'Olonne, Boris Herrmann (SeaExplorer\/Yacht Club de Monaco) ha varcato la linea di arrivo della Vend\u00e9e Globe. Il velista","robots":{"index":"index","follow":"follow","max-snippet":"max-snippet:-1","max-image-preview":"max-image-preview:large","max-video-preview":"max-video-preview:-1"},"canonical":"https:\/\/www.monaco-tribune.com\/it\/2021\/01\/boris-herrmann-seaexplorer-yacht-club-de-monaco-non-avrei-mai-osato-immaginare-un-risultato-simile\/","og_locale":"it_IT","og_type":"article","og_title":"Boris Herrmann (Vend\u00e9e Globe): \"Non avrei mai osato immaginare un risultato simile\" - Monaco Tribune","og_description":"Il 28 gennaio, a Les Sables-d'Olonne, Boris Herrmann (SeaExplorer\/Yacht Club de Monaco) ha varcato la linea di arrivo della Vend\u00e9e Globe. Il velista","og_url":"https:\/\/www.monaco-tribune.com\/it\/2021\/01\/boris-herrmann-seaexplorer-yacht-club-de-monaco-non-avrei-mai-osato-immaginare-un-risultato-simile\/","og_site_name":"Monaco Tribune","article_publisher":"https:\/\/www.facebook.com\/MonacoTribune","article_published_time":"2021-01-29T11:21:34+00:00","article_modified_time":"2021-01-29T11:23:40+00:00","og_image":[{"width":1127,"height":726,"url":"https:\/\/www.monaco-tribune.com\/wp-content\/uploads\/2021\/01\/capture-de\u0301cran-2021-01-28-a\u0300-19.10.35-min.png","type":"image\/png"}],"author":"Romain Boisaubert","twitter_card":"summary_large_image","twitter_creator":"@MonacoTribune","twitter_site":"@MonacoTribune","schema":{"@context":"https:\/\/schema.org","@graph":[{"@type":"NewsArticle","@id":"https:\/\/www.monaco-tribune.com\/it\/2021\/01\/boris-herrmann-seaexplorer-yacht-club-de-monaco-non-avrei-mai-osato-immaginare-un-risultato-simile\/#article","isPartOf":{"@id":"https:\/\/www.monaco-tribune.com\/it\/2021\/01\/boris-herrmann-seaexplorer-yacht-club-de-monaco-non-avrei-mai-osato-immaginare-un-risultato-simile\/"},"author":{"name":"Romain Boisaubert","@id":"https:\/\/www.monaco-tribune.com\/it\/#\/schema\/person\/330a3732947cf8cb41b2533a0eadd62e"},"headline":"Boris Herrmann (Vend\u00e9e Globe): &#8220;Non avrei mai osato immaginare un risultato simile&#8221;","datePublished":"2021-01-29T11:21:34+00:00","dateModified":"2021-01-29T11:23:40+00:00","mainEntityOfPage":{"@id":"https:\/\/www.monaco-tribune.com\/it\/2021\/01\/boris-herrmann-seaexplorer-yacht-club-de-monaco-non-avrei-mai-osato-immaginare-un-risultato-simile\/"},"wordCount":646,"publisher":{"@id":"https:\/\/www.monaco-tribune.com\/it\/#organization"},"image":{"@id":"https:\/\/www.monaco-tribune.com\/it\/2021\/01\/boris-herrmann-seaexplorer-yacht-club-de-monaco-non-avrei-mai-osato-immaginare-un-risultato-simile\/#primaryimage"},"thumbnailUrl":"https:\/\/www.monaco-tribune.com\/wp-content\/uploads\/2021\/01\/capture-de\u0301cran-2021-01-28-a\u0300-19.10.35-min.png","keywords":["Nautica"],"articleSection":["Green","Notizie","Sport"],"inLanguage":"it-IT","copyrightYear":"2021","copyrightHolder":{"@id":"https:\/\/www.monaco-tribune.com\/#organization"}},{"@type":"WebPage","@id":"https:\/\/www.monaco-tribune.com\/it\/2021\/01\/boris-herrmann-seaexplorer-yacht-club-de-monaco-non-avrei-mai-osato-immaginare-un-risultato-simile\/","url":"https:\/\/www.monaco-tribune.com\/it\/2021\/01\/boris-herrmann-seaexplorer-yacht-club-de-monaco-non-avrei-mai-osato-immaginare-un-risultato-simile\/","name":"Boris Herrmann (Vend\u00e9e Globe): \"Non avrei mai osato immaginare un risultato simile\"","isPartOf":{"@id":"https:\/\/www.monaco-tribune.com\/it\/#website"},"primaryImageOfPage":{"@id":"https:\/\/www.monaco-tribune.com\/it\/2021\/01\/boris-herrmann-seaexplorer-yacht-club-de-monaco-non-avrei-mai-osato-immaginare-un-risultato-simile\/#primaryimage"},"image":{"@id":"https:\/\/www.monaco-tribune.com\/it\/2021\/01\/boris-herrmann-seaexplorer-yacht-club-de-monaco-non-avrei-mai-osato-immaginare-un-risultato-simile\/#primaryimage"},"thumbnailUrl":"https:\/\/www.monaco-tribune.com\/wp-content\/uploads\/2021\/01\/capture-de\u0301cran-2021-01-28-a\u0300-19.10.35-min.png","datePublished":"2021-01-29T11:21:34+00:00","dateModified":"2021-01-29T11:23:40+00:00","description":"Il 28 gennaio, a Les Sables-d'Olonne, Boris Herrmann (SeaExplorer\/Yacht Club de Monaco) ha varcato la linea di arrivo della Vend\u00e9e Globe. Il velista","breadcrumb":{"@id":"https:\/\/www.monaco-tribune.com\/it\/2021\/01\/boris-herrmann-seaexplorer-yacht-club-de-monaco-non-avrei-mai-osato-immaginare-un-risultato-simile\/#breadcrumb"},"inLanguage":"it-IT","potentialAction":[{"@type":"ReadAction","target":["https:\/\/www.monaco-tribune.com\/it\/2021\/01\/boris-herrmann-seaexplorer-yacht-club-de-monaco-non-avrei-mai-osato-immaginare-un-risultato-simile\/"]}]},{"@type":"ImageObject","inLanguage":"it-IT","@id":"https:\/\/www.monaco-tribune.com\/it\/2021\/01\/boris-herrmann-seaexplorer-yacht-club-de-monaco-non-avrei-mai-osato-immaginare-un-risultato-simile\/#primaryimage","url":"https:\/\/www.monaco-tribune.com\/wp-content\/uploads\/2021\/01\/capture-de\u0301cran-2021-01-28-a\u0300-19.10.35-min.png","contentUrl":"https:\/\/www.monaco-tribune.com\/wp-content\/uploads\/2021\/01\/capture-de\u0301cran-2021-01-28-a\u0300-19.10.35-min.png","width":1127,"height":726,"caption":"Yacht Club Monaco"},{"@type":"BreadcrumbList","@id":"https:\/\/www.monaco-tribune.com\/it\/2021\/01\/boris-herrmann-seaexplorer-yacht-club-de-monaco-non-avrei-mai-osato-immaginare-un-risultato-simile\/#breadcrumb","itemListElement":[{"@type":"ListItem","position":1,"name":"Accueil","item":"https:\/\/www.monaco-tribune.com\/it\/"},{"@type":"ListItem","position":2,"name":"Boris Herrmann (Vend\u00e9e Globe): \u00ab\u00a0Non avrei mai osato immaginare un risultato simile\u00a0\u00bb"}]},{"@type":"WebSite","@id":"https:\/\/www.monaco-tribune.com\/it\/#website","url":"https:\/\/www.monaco-tribune.com\/it\/","name":"Monaco Tribune","description":"Monaco : actualit\u00e9s \u00e9conomiques, politiques, culturelles et sportives de Monaco et de la French Riviera.","publisher":{"@id":"https:\/\/www.monaco-tribune.com\/it\/#organization"},"potentialAction":[{"@type":"SearchAction","target":{"@type":"EntryPoint","urlTemplate":"https:\/\/www.monaco-tribune.com\/it\/?s={search_term_string}"},"query-input":{"@type":"PropertyValueSpecification","valueRequired":true,"valueName":"search_term_string"}}],"inLanguage":"it-IT"},{"@type":"Organization","@id":"https:\/\/www.monaco-tribune.com\/it\/#organization","name":"Monaco Tribune","url":"https:\/\/www.monaco-tribune.com\/it\/","logo":{"@type":"ImageObject","inLanguage":"it-IT","@id":"https:\/\/www.monaco-tribune.com\/it\/#\/schema\/logo\/image\/","url":"https:\/\/www.monaco-tribune.com\/wp-content\/uploads\/2022\/11\/logo-monaco-tribune.png","contentUrl":"https:\/\/www.monaco-tribune.com\/wp-content\/uploads\/2022\/11\/logo-monaco-tribune.png","width":1548,"height":600,"caption":"Monaco Tribune"},"image":{"@id":"https:\/\/www.monaco-tribune.com\/it\/#\/schema\/logo\/image\/"},"sameAs":["https:\/\/www.facebook.com\/MonacoTribune","https:\/\/x.com\/MonacoTribune","https:\/\/www.instagram.com\/monacotribune\/","https:\/\/www.linkedin.com\/company\/monaco-tribune","https:\/\/www.youtube.com\/channel\/UCHle1MnG6hw1y4lWKijVbMA"]},{"@type":"Person","@id":"https:\/\/www.monaco-tribune.com\/it\/#\/schema\/person\/330a3732947cf8cb41b2533a0eadd62e","name":"Romain Boisaubert","image":{"@type":"ImageObject","inLanguage":"it-IT","@id":"https:\/\/secure.gravatar.com\/avatar\/f8b90d41f1eabd1cbe4cf59e09d8db41a697d51919bf2dfe727589a24a4a4d54?s=96&d=mm&r=g","url":"https:\/\/secure.gravatar.com\/avatar\/f8b90d41f1eabd1cbe4cf59e09d8db41a697d51919bf2dfe727589a24a4a4d54?s=96&d=mm&r=g","contentUrl":"https:\/\/secure.gravatar.com\/avatar\/f8b90d41f1eabd1cbe4cf59e09d8db41a697d51919bf2dfe727589a24a4a4d54?s=96&d=mm&r=g","caption":"Romain Boisaubert"},"description":"Test bio","url":"https:\/\/www.monaco-tribune.com\/it\/author\/romain-boisaubert\/"}]}},"_links":{"self":[{"href":"https:\/\/www.monaco-tribune.com\/it\/wp-json\/wp\/v2\/posts\/66355","targetHints":{"allow":["GET"]}}],"collection":[{"href":"https:\/\/www.monaco-tribune.com\/it\/wp-json\/wp\/v2\/posts"}],"about":[{"href":"https:\/\/www.monaco-tribune.com\/it\/wp-json\/wp\/v2\/types\/post"}],"author":[{"embeddable":true,"href":"https:\/\/www.monaco-tribune.com\/it\/wp-json\/wp\/v2\/users\/24"}],"replies":[{"embeddable":true,"href":"https:\/\/www.monaco-tribune.com\/it\/wp-json\/wp\/v2\/comments?post=66355"}],"version-history":[{"count":0,"href":"https:\/\/www.monaco-tribune.com\/it\/wp-json\/wp\/v2\/posts\/66355\/revisions"}],"wp:featuredmedia":[{"embeddable":true,"href":"https:\/\/www.monaco-tribune.com\/it\/wp-json\/wp\/v2\/media\/66082"}],"wp:attachment":[{"href":"https:\/\/www.monaco-tribune.com\/it\/wp-json\/wp\/v2\/media?parent=66355"}],"wp:term":[{"taxonomy":"category","embeddable":true,"href":"https:\/\/www.monaco-tribune.com\/it\/wp-json\/wp\/v2\/categories?post=66355"},{"taxonomy":"post_tag","embeddable":true,"href":"https:\/\/www.monaco-tribune.com\/it\/wp-json\/wp\/v2\/tags?post=66355"},{"taxonomy":"sectag","embeddable":true,"href":"https:\/\/www.monaco-tribune.com\/it\/wp-json\/wp\/v2\/post_sectags?post=66355"},{"taxonomy":"format","embeddable":true,"href":"https:\/\/www.monaco-tribune.com\/it\/wp-json\/wp\/v2\/post_format?post=66355"}],"curies":[{"name":"wp","href":"https:\/\/api.w.org\/{rel}","templated":true}]}}