{"id":67500,"date":"2021-02-05T18:19:13","date_gmt":"2021-02-05T17:19:13","guid":{"rendered":"https:\/\/www.monaco-tribune.com\/2021\/02\/violenza-sulle-donne-nel-2020-il-report-di-monaco\/"},"modified":"2021-02-06T09:59:04","modified_gmt":"2021-02-06T08:59:04","slug":"violenza-sulle-donne-nel-2020-il-report-di-monaco","status":"publish","type":"post","link":"https:\/\/www.monaco-tribune.com\/it\/2021\/02\/violenza-sulle-donne-nel-2020-il-report-di-monaco\/","title":{"rendered":"Violenza sulle donne nel 2020. Il report di Monaco"},"content":{"rendered":"\n<p><strong>L&#8217;Istituto monegasco di statistica e studi economici (IMSEE) ha appena pubblicato una nuova indagine sulle violenze subite dalle donne lo scorso anno nel Principato.<\/strong><\/p>\n\n\n\n<p>Anche se \u00e8 solo il secondo rapporto disponibile sulla violenza nei confronti delle donne a Monaco, lo studio si \u00e8 rivelato comunque utile per monitorare l&#8217;evoluzione di questa terribile piaga. Nonostante un 2020 molto particolare, le cifre del Principato restano perlopi\u00f9 stabili rispetto a quelle del 2019. Tuttavia, la crisi sanitaria ha comunque influito.<\/p>\n\n\n\n<p>In seguito al lockdown, le violenze registrate si sono concentrate sopratutto tra i residenti a Monaco. Di conseguenza, anche i casi registrati dal Centro Ospedaliero Principessa Grace (CHPG) sono diminuiti. Ancora oggi, le violenze avvengono soprattutto in casa da parte di membri della famiglia, una volta su due da parte del proprio compagno. Quest&#8217;anno, sono state avviate 50 procedure contro le 33 dell&#8217;anno scorso, a riprova che le donne sono sempre pi\u00f9 propense a sporgere denuncia.<\/p>\n\n\n\n<h2 class=\"wp-block-heading\" id=\"h-mobilitare-la-societ-per-combattera-contro-questa-violenza\">Mobilitare la societ\u00e0 per combattera contro questa violenza<\/h2>\n\n\n\n<p>C\u00e9line Cottalorda, sovraintendente del Comitato per la promozione e la salvaguardia dei diritti delle donne, ricorda che &#8220;questo report cita soltanto le violenze che sono state dichiarate&#8221;. La cifra complessiva raccoglie le testimonianze provenienti da diverse enti: la Direzione della Sicurezza Pubblica, l&#8217;Associazione di supporto alle vittime di reati penali, il Centro Ospedaliero Principessa Grace, la Direzione dei Servizi Giudiziari e, da quest&#8217;anno, la Direzione delle iniziative e del supporto sociale.<\/p>\n\n\n\n<blockquote class=\"wp-block-quote is-layout-flow wp-block-quote-is-layout-flow\"><p><em>In un mese, abbiamo ricevuto otto nuove chiamate, di cui cinque da persone che non sopportavano pi\u00f9 di vivere insieme<\/em><\/p><\/blockquote>\n\n\n\n<p>Il report \u00e8 stato una delle prime iniziative condotte dal Comitato per la promozione e la salvaguardia dei diritti delle donne, creato nel 2018. Avvalersi di cifre quantificabili su questo fenomeno sembrerebbe indispensabile per poter adattare le azioni da intraprendere a seconda delle vittime. Neanche Monaco, quindi, sfugge alle violenze sulle donne, anche se il paese registra meno casi rispetto ai suoi vicini. I numeri evidenziati dal rapporto consentono anche di monitorare l&#8217;effetto delle campagne di sensibilizzazione organizzate dal Comitato.<\/p>\n\n\n\n<p><strong>&gt;&gt; LEGGI ANCHE: <\/strong><a href=\"https:\/\/www.monaco-tribune.com\/it\/2020\/11\/limpegno-di-monaco-nella-lotta-alla-violenza-sulle-donne\/\">L\u2019impegno di Monaco nella lotta alla violenza sulle donne<\/a><\/p>\n\n\n\n<p>Sono moltissimi i motivi per cui una donna vittima di violenza spesso resta in silenzio: perch\u00e9 non sa a chi rivolgersi, perch\u00e9 prova vergogna, perch\u00e9 \u00e8 terrorizzata o ancora perch\u00e9 si sente soggiogata. Per rompere questo silenzio, l&#8217;Associazione di supporto alle vittime di reati penali (AVIP) \u00e8 disponibile anche a Monaco.<\/p>\n\n\n\n<h2 class=\"wp-block-heading\" id=\"h-42-donne-vittime-di-violenza\">42 donne vittime di violenza <\/h2>\n\n\n\n<p>Cos\u00ec come nel 2019, nel 2020 i numeri registrati dall&#8217;AVIP non sono cambiati: le donne vittime di violenza sono state 42. Quello che cambia, invece, \u00e8 il tipo di abuso. Il 36%, infatti, sembrano essere violenze fisiche, mentre il 31% sono casi di violenza psicologica. In generale, la molestia, che sia psicologica o sessuale, rappresenta il 19% dei casi, con una prevalenza del 14% di violenze carnali.<\/p>\n\n\n\n<p>Durante il lockdown, in tutta Europa \u00e8 stato registrato un aumento delle violenze domestiche, Monaco per\u00f2 ha fatto leggermente eccezione. L&#8217;AVIP ha ricevuto un maggior numero di chiamate in quel periodo, ma si trattava perlopi\u00f9 di violenze psicologiche. &#8220;In un mese, abbiamo ricevuto otto nuove chiamate, di cui cinque da persone che non sopportavano pi\u00f9 di vivere insieme&#8221;, conferma Val\u00e9rie Campora, direttrice dell&#8217;associazione.<\/p>\n","protected":false},"excerpt":{"rendered":"<p>L&#8217;Istituto monegasco di statistica e studi economici (IMSEE) ha appena pubblicato una nuova indagine sulle violenze subite dalle donne lo [&hellip;]<\/p>\n","protected":false},"author":47,"featured_media":49515,"comment_status":"closed","ping_status":"closed","sticky":false,"template":"","format":"standard","meta":{"_acf_changed":false,"footnotes":""},"categories":[1738,1752],"tags":[],"post_sectags":[],"post_format":[2478],"class_list":["post-67500","post","type-post","status-publish","format-standard","has-post-thumbnail","hentry","category-notizie","category-societa","format-notizia"],"acf":[],"yoast_head":"<!-- This site is optimized with the Yoast SEO Premium plugin v26.8 (Yoast SEO v27.5) - https:\/\/yoast.com\/product\/yoast-seo-premium-wordpress\/ -->\n<title>Violenza sulle donne nel 2020. Il report di Monaco<\/title>\n<meta name=\"description\" content=\"L&#039;Istituto monegasco di statistica e studi economici (IMSEE) ha appena pubblicato una nuova indagine sulle violenze subite dalle donne lo scorso anno nel\" \/>\n<meta name=\"robots\" content=\"index, follow, max-snippet:-1, max-image-preview:large, max-video-preview:-1\" \/>\n<link rel=\"canonical\" href=\"https:\/\/www.monaco-tribune.com\/it\/2021\/02\/violenza-sulle-donne-nel-2020-il-report-di-monaco\/\" \/>\n<meta property=\"og:locale\" content=\"it_IT\" \/>\n<meta property=\"og:type\" content=\"article\" \/>\n<meta property=\"og:title\" content=\"Violenza sulle donne nel 2020. Il report di Monaco - Monaco Tribune\" \/>\n<meta property=\"og:description\" content=\"L&#039;Istituto monegasco di statistica e studi economici (IMSEE) ha appena pubblicato una nuova indagine sulle violenze subite dalle donne lo scorso anno nel\" \/>\n<meta property=\"og:url\" content=\"https:\/\/www.monaco-tribune.com\/it\/2021\/02\/violenza-sulle-donne-nel-2020-il-report-di-monaco\/\" \/>\n<meta property=\"og:site_name\" content=\"Monaco Tribune\" \/>\n<meta property=\"article:publisher\" content=\"https:\/\/www.facebook.com\/MonacoTribune\" \/>\n<meta property=\"article:published_time\" content=\"2021-02-05T17:19:13+00:00\" \/>\n<meta property=\"article:modified_time\" content=\"2021-02-06T08:59:04+00:00\" \/>\n<meta property=\"og:image\" content=\"https:\/\/www.monaco-tribune.com\/wp-content\/uploads\/2020\/11\/comite\u0301-droit-des-femmes.jpg\" \/>\n\t<meta property=\"og:image:width\" content=\"1024\" \/>\n\t<meta property=\"og:image:height\" content=\"683\" \/>\n\t<meta property=\"og:image:type\" content=\"image\/jpeg\" \/>\n<meta name=\"author\" content=\"Agathe Ch\u00e9reau\" \/>\n<meta name=\"twitter:card\" content=\"summary_large_image\" \/>\n<meta name=\"twitter:creator\" content=\"@MonacoTribune\" \/>\n<meta name=\"twitter:site\" content=\"@MonacoTribune\" \/>\n<script type=\"application\/ld+json\" class=\"yoast-schema-graph\">{\"@context\":\"https:\\\/\\\/schema.org\",\"@graph\":[{\"@type\":\"NewsArticle\",\"@id\":\"https:\\\/\\\/www.monaco-tribune.com\\\/it\\\/2021\\\/02\\\/violenza-sulle-donne-nel-2020-il-report-di-monaco\\\/#article\",\"isPartOf\":{\"@id\":\"https:\\\/\\\/www.monaco-tribune.com\\\/it\\\/2021\\\/02\\\/violenza-sulle-donne-nel-2020-il-report-di-monaco\\\/\"},\"author\":{\"name\":\"Agathe Ch\u00e9reau\",\"@id\":\"https:\\\/\\\/www.monaco-tribune.com\\\/it\\\/#\\\/schema\\\/person\\\/fba2f8d5a098d473c92e84cc43a8f730\"},\"headline\":\"Violenza sulle donne nel 2020. Il report di Monaco\",\"datePublished\":\"2021-02-05T17:19:13+00:00\",\"dateModified\":\"2021-02-06T08:59:04+00:00\",\"mainEntityOfPage\":{\"@id\":\"https:\\\/\\\/www.monaco-tribune.com\\\/it\\\/2021\\\/02\\\/violenza-sulle-donne-nel-2020-il-report-di-monaco\\\/\"},\"wordCount\":534,\"publisher\":{\"@id\":\"https:\\\/\\\/www.monaco-tribune.com\\\/it\\\/#organization\"},\"image\":{\"@id\":\"https:\\\/\\\/www.monaco-tribune.com\\\/it\\\/2021\\\/02\\\/violenza-sulle-donne-nel-2020-il-report-di-monaco\\\/#primaryimage\"},\"thumbnailUrl\":\"https:\\\/\\\/www.monaco-tribune.com\\\/wp-content\\\/uploads\\\/2020\\\/11\\\/comite\u0301-droit-des-femmes.jpg\",\"articleSection\":[\"Notizie\",\"Societ\u00e0\"],\"inLanguage\":\"it-IT\",\"copyrightYear\":\"2021\",\"copyrightHolder\":{\"@id\":\"https:\\\/\\\/www.monaco-tribune.com\\\/#organization\"}},{\"@type\":\"WebPage\",\"@id\":\"https:\\\/\\\/www.monaco-tribune.com\\\/it\\\/2021\\\/02\\\/violenza-sulle-donne-nel-2020-il-report-di-monaco\\\/\",\"url\":\"https:\\\/\\\/www.monaco-tribune.com\\\/it\\\/2021\\\/02\\\/violenza-sulle-donne-nel-2020-il-report-di-monaco\\\/\",\"name\":\"Violenza sulle donne nel 2020. Il report di Monaco\",\"isPartOf\":{\"@id\":\"https:\\\/\\\/www.monaco-tribune.com\\\/it\\\/#website\"},\"primaryImageOfPage\":{\"@id\":\"https:\\\/\\\/www.monaco-tribune.com\\\/it\\\/2021\\\/02\\\/violenza-sulle-donne-nel-2020-il-report-di-monaco\\\/#primaryimage\"},\"image\":{\"@id\":\"https:\\\/\\\/www.monaco-tribune.com\\\/it\\\/2021\\\/02\\\/violenza-sulle-donne-nel-2020-il-report-di-monaco\\\/#primaryimage\"},\"thumbnailUrl\":\"https:\\\/\\\/www.monaco-tribune.com\\\/wp-content\\\/uploads\\\/2020\\\/11\\\/comite\u0301-droit-des-femmes.jpg\",\"datePublished\":\"2021-02-05T17:19:13+00:00\",\"dateModified\":\"2021-02-06T08:59:04+00:00\",\"description\":\"L'Istituto monegasco di statistica e studi economici (IMSEE) ha appena pubblicato una nuova indagine sulle violenze subite dalle donne lo scorso anno nel\",\"breadcrumb\":{\"@id\":\"https:\\\/\\\/www.monaco-tribune.com\\\/it\\\/2021\\\/02\\\/violenza-sulle-donne-nel-2020-il-report-di-monaco\\\/#breadcrumb\"},\"inLanguage\":\"it-IT\",\"potentialAction\":[{\"@type\":\"ReadAction\",\"target\":[\"https:\\\/\\\/www.monaco-tribune.com\\\/it\\\/2021\\\/02\\\/violenza-sulle-donne-nel-2020-il-report-di-monaco\\\/\"]}]},{\"@type\":\"ImageObject\",\"inLanguage\":\"it-IT\",\"@id\":\"https:\\\/\\\/www.monaco-tribune.com\\\/it\\\/2021\\\/02\\\/violenza-sulle-donne-nel-2020-il-report-di-monaco\\\/#primaryimage\",\"url\":\"https:\\\/\\\/www.monaco-tribune.com\\\/wp-content\\\/uploads\\\/2020\\\/11\\\/comite\u0301-droit-des-femmes.jpg\",\"contentUrl\":\"https:\\\/\\\/www.monaco-tribune.com\\\/wp-content\\\/uploads\\\/2020\\\/11\\\/comite\u0301-droit-des-femmes.jpg\",\"width\":1024,\"height\":683,\"caption\":\"Governo di Monaco\"},{\"@type\":\"BreadcrumbList\",\"@id\":\"https:\\\/\\\/www.monaco-tribune.com\\\/it\\\/2021\\\/02\\\/violenza-sulle-donne-nel-2020-il-report-di-monaco\\\/#breadcrumb\",\"itemListElement\":[{\"@type\":\"ListItem\",\"position\":1,\"name\":\"Accueil\",\"item\":\"https:\\\/\\\/www.monaco-tribune.com\\\/it\\\/\"},{\"@type\":\"ListItem\",\"position\":2,\"name\":\"Violenza sulle donne nel 2020. Il report di Monaco\"}]},{\"@type\":\"WebSite\",\"@id\":\"https:\\\/\\\/www.monaco-tribune.com\\\/it\\\/#website\",\"url\":\"https:\\\/\\\/www.monaco-tribune.com\\\/it\\\/\",\"name\":\"Monaco Tribune\",\"description\":\"Monaco : actualit\u00e9s \u00e9conomiques, politiques, culturelles et sportives de Monaco et de la French Riviera.\",\"publisher\":{\"@id\":\"https:\\\/\\\/www.monaco-tribune.com\\\/it\\\/#organization\"},\"potentialAction\":[{\"@type\":\"SearchAction\",\"target\":{\"@type\":\"EntryPoint\",\"urlTemplate\":\"https:\\\/\\\/www.monaco-tribune.com\\\/it\\\/?s={search_term_string}\"},\"query-input\":{\"@type\":\"PropertyValueSpecification\",\"valueRequired\":true,\"valueName\":\"search_term_string\"}}],\"inLanguage\":\"it-IT\"},{\"@type\":\"Organization\",\"@id\":\"https:\\\/\\\/www.monaco-tribune.com\\\/it\\\/#organization\",\"name\":\"Monaco Tribune\",\"url\":\"https:\\\/\\\/www.monaco-tribune.com\\\/it\\\/\",\"logo\":{\"@type\":\"ImageObject\",\"inLanguage\":\"it-IT\",\"@id\":\"https:\\\/\\\/www.monaco-tribune.com\\\/it\\\/#\\\/schema\\\/logo\\\/image\\\/\",\"url\":\"https:\\\/\\\/www.monaco-tribune.com\\\/wp-content\\\/uploads\\\/2022\\\/11\\\/logo-monaco-tribune.png\",\"contentUrl\":\"https:\\\/\\\/www.monaco-tribune.com\\\/wp-content\\\/uploads\\\/2022\\\/11\\\/logo-monaco-tribune.png\",\"width\":1548,\"height\":600,\"caption\":\"Monaco Tribune\"},\"image\":{\"@id\":\"https:\\\/\\\/www.monaco-tribune.com\\\/it\\\/#\\\/schema\\\/logo\\\/image\\\/\"},\"sameAs\":[\"https:\\\/\\\/www.facebook.com\\\/MonacoTribune\",\"https:\\\/\\\/x.com\\\/MonacoTribune\",\"https:\\\/\\\/www.instagram.com\\\/monacotribune\\\/\",\"https:\\\/\\\/www.linkedin.com\\\/company\\\/monaco-tribune\",\"https:\\\/\\\/www.youtube.com\\\/channel\\\/UCHle1MnG6hw1y4lWKijVbMA\"]},{\"@type\":\"Person\",\"@id\":\"https:\\\/\\\/www.monaco-tribune.com\\\/it\\\/#\\\/schema\\\/person\\\/fba2f8d5a098d473c92e84cc43a8f730\",\"name\":\"Agathe Ch\u00e9reau\",\"image\":{\"@type\":\"ImageObject\",\"inLanguage\":\"it-IT\",\"@id\":\"https:\\\/\\\/secure.gravatar.com\\\/avatar\\\/884b20ed9d4430c24d77a3ad560b1c21da67bd6992531a1971822779f9988ea5?s=96&d=mm&r=g\",\"url\":\"https:\\\/\\\/secure.gravatar.com\\\/avatar\\\/884b20ed9d4430c24d77a3ad560b1c21da67bd6992531a1971822779f9988ea5?s=96&d=mm&r=g\",\"contentUrl\":\"https:\\\/\\\/secure.gravatar.com\\\/avatar\\\/884b20ed9d4430c24d77a3ad560b1c21da67bd6992531a1971822779f9988ea5?s=96&d=mm&r=g\",\"caption\":\"Agathe Ch\u00e9reau\"},\"url\":\"https:\\\/\\\/www.monaco-tribune.com\\\/it\\\/author\\\/agathechereau\\\/\"}]}<\/script>\n<!-- \/ Yoast SEO Premium plugin. -->","yoast_head_json":{"title":"Violenza sulle donne nel 2020. Il report di Monaco","description":"L'Istituto monegasco di statistica e studi economici (IMSEE) ha appena pubblicato una nuova indagine sulle violenze subite dalle donne lo scorso anno nel","robots":{"index":"index","follow":"follow","max-snippet":"max-snippet:-1","max-image-preview":"max-image-preview:large","max-video-preview":"max-video-preview:-1"},"canonical":"https:\/\/www.monaco-tribune.com\/it\/2021\/02\/violenza-sulle-donne-nel-2020-il-report-di-monaco\/","og_locale":"it_IT","og_type":"article","og_title":"Violenza sulle donne nel 2020. Il report di Monaco - Monaco Tribune","og_description":"L'Istituto monegasco di statistica e studi economici (IMSEE) ha appena pubblicato una nuova indagine sulle violenze subite dalle donne lo scorso anno nel","og_url":"https:\/\/www.monaco-tribune.com\/it\/2021\/02\/violenza-sulle-donne-nel-2020-il-report-di-monaco\/","og_site_name":"Monaco Tribune","article_publisher":"https:\/\/www.facebook.com\/MonacoTribune","article_published_time":"2021-02-05T17:19:13+00:00","article_modified_time":"2021-02-06T08:59:04+00:00","og_image":[{"width":1024,"height":683,"url":"https:\/\/www.monaco-tribune.com\/wp-content\/uploads\/2020\/11\/comite\u0301-droit-des-femmes.jpg","type":"image\/jpeg"}],"author":"Agathe Ch\u00e9reau","twitter_card":"summary_large_image","twitter_creator":"@MonacoTribune","twitter_site":"@MonacoTribune","schema":{"@context":"https:\/\/schema.org","@graph":[{"@type":"NewsArticle","@id":"https:\/\/www.monaco-tribune.com\/it\/2021\/02\/violenza-sulle-donne-nel-2020-il-report-di-monaco\/#article","isPartOf":{"@id":"https:\/\/www.monaco-tribune.com\/it\/2021\/02\/violenza-sulle-donne-nel-2020-il-report-di-monaco\/"},"author":{"name":"Agathe Ch\u00e9reau","@id":"https:\/\/www.monaco-tribune.com\/it\/#\/schema\/person\/fba2f8d5a098d473c92e84cc43a8f730"},"headline":"Violenza sulle donne nel 2020. Il report di Monaco","datePublished":"2021-02-05T17:19:13+00:00","dateModified":"2021-02-06T08:59:04+00:00","mainEntityOfPage":{"@id":"https:\/\/www.monaco-tribune.com\/it\/2021\/02\/violenza-sulle-donne-nel-2020-il-report-di-monaco\/"},"wordCount":534,"publisher":{"@id":"https:\/\/www.monaco-tribune.com\/it\/#organization"},"image":{"@id":"https:\/\/www.monaco-tribune.com\/it\/2021\/02\/violenza-sulle-donne-nel-2020-il-report-di-monaco\/#primaryimage"},"thumbnailUrl":"https:\/\/www.monaco-tribune.com\/wp-content\/uploads\/2020\/11\/comite\u0301-droit-des-femmes.jpg","articleSection":["Notizie","Societ\u00e0"],"inLanguage":"it-IT","copyrightYear":"2021","copyrightHolder":{"@id":"https:\/\/www.monaco-tribune.com\/#organization"}},{"@type":"WebPage","@id":"https:\/\/www.monaco-tribune.com\/it\/2021\/02\/violenza-sulle-donne-nel-2020-il-report-di-monaco\/","url":"https:\/\/www.monaco-tribune.com\/it\/2021\/02\/violenza-sulle-donne-nel-2020-il-report-di-monaco\/","name":"Violenza sulle donne nel 2020. Il report di Monaco","isPartOf":{"@id":"https:\/\/www.monaco-tribune.com\/it\/#website"},"primaryImageOfPage":{"@id":"https:\/\/www.monaco-tribune.com\/it\/2021\/02\/violenza-sulle-donne-nel-2020-il-report-di-monaco\/#primaryimage"},"image":{"@id":"https:\/\/www.monaco-tribune.com\/it\/2021\/02\/violenza-sulle-donne-nel-2020-il-report-di-monaco\/#primaryimage"},"thumbnailUrl":"https:\/\/www.monaco-tribune.com\/wp-content\/uploads\/2020\/11\/comite\u0301-droit-des-femmes.jpg","datePublished":"2021-02-05T17:19:13+00:00","dateModified":"2021-02-06T08:59:04+00:00","description":"L'Istituto monegasco di statistica e studi economici (IMSEE) ha appena pubblicato una nuova indagine sulle violenze subite dalle donne lo scorso anno nel","breadcrumb":{"@id":"https:\/\/www.monaco-tribune.com\/it\/2021\/02\/violenza-sulle-donne-nel-2020-il-report-di-monaco\/#breadcrumb"},"inLanguage":"it-IT","potentialAction":[{"@type":"ReadAction","target":["https:\/\/www.monaco-tribune.com\/it\/2021\/02\/violenza-sulle-donne-nel-2020-il-report-di-monaco\/"]}]},{"@type":"ImageObject","inLanguage":"it-IT","@id":"https:\/\/www.monaco-tribune.com\/it\/2021\/02\/violenza-sulle-donne-nel-2020-il-report-di-monaco\/#primaryimage","url":"https:\/\/www.monaco-tribune.com\/wp-content\/uploads\/2020\/11\/comite\u0301-droit-des-femmes.jpg","contentUrl":"https:\/\/www.monaco-tribune.com\/wp-content\/uploads\/2020\/11\/comite\u0301-droit-des-femmes.jpg","width":1024,"height":683,"caption":"Governo di Monaco"},{"@type":"BreadcrumbList","@id":"https:\/\/www.monaco-tribune.com\/it\/2021\/02\/violenza-sulle-donne-nel-2020-il-report-di-monaco\/#breadcrumb","itemListElement":[{"@type":"ListItem","position":1,"name":"Accueil","item":"https:\/\/www.monaco-tribune.com\/it\/"},{"@type":"ListItem","position":2,"name":"Violenza sulle donne nel 2020. Il report di Monaco"}]},{"@type":"WebSite","@id":"https:\/\/www.monaco-tribune.com\/it\/#website","url":"https:\/\/www.monaco-tribune.com\/it\/","name":"Monaco Tribune","description":"Monaco : actualit\u00e9s \u00e9conomiques, politiques, culturelles et sportives de Monaco et de la French Riviera.","publisher":{"@id":"https:\/\/www.monaco-tribune.com\/it\/#organization"},"potentialAction":[{"@type":"SearchAction","target":{"@type":"EntryPoint","urlTemplate":"https:\/\/www.monaco-tribune.com\/it\/?s={search_term_string}"},"query-input":{"@type":"PropertyValueSpecification","valueRequired":true,"valueName":"search_term_string"}}],"inLanguage":"it-IT"},{"@type":"Organization","@id":"https:\/\/www.monaco-tribune.com\/it\/#organization","name":"Monaco Tribune","url":"https:\/\/www.monaco-tribune.com\/it\/","logo":{"@type":"ImageObject","inLanguage":"it-IT","@id":"https:\/\/www.monaco-tribune.com\/it\/#\/schema\/logo\/image\/","url":"https:\/\/www.monaco-tribune.com\/wp-content\/uploads\/2022\/11\/logo-monaco-tribune.png","contentUrl":"https:\/\/www.monaco-tribune.com\/wp-content\/uploads\/2022\/11\/logo-monaco-tribune.png","width":1548,"height":600,"caption":"Monaco Tribune"},"image":{"@id":"https:\/\/www.monaco-tribune.com\/it\/#\/schema\/logo\/image\/"},"sameAs":["https:\/\/www.facebook.com\/MonacoTribune","https:\/\/x.com\/MonacoTribune","https:\/\/www.instagram.com\/monacotribune\/","https:\/\/www.linkedin.com\/company\/monaco-tribune","https:\/\/www.youtube.com\/channel\/UCHle1MnG6hw1y4lWKijVbMA"]},{"@type":"Person","@id":"https:\/\/www.monaco-tribune.com\/it\/#\/schema\/person\/fba2f8d5a098d473c92e84cc43a8f730","name":"Agathe Ch\u00e9reau","image":{"@type":"ImageObject","inLanguage":"it-IT","@id":"https:\/\/secure.gravatar.com\/avatar\/884b20ed9d4430c24d77a3ad560b1c21da67bd6992531a1971822779f9988ea5?s=96&d=mm&r=g","url":"https:\/\/secure.gravatar.com\/avatar\/884b20ed9d4430c24d77a3ad560b1c21da67bd6992531a1971822779f9988ea5?s=96&d=mm&r=g","contentUrl":"https:\/\/secure.gravatar.com\/avatar\/884b20ed9d4430c24d77a3ad560b1c21da67bd6992531a1971822779f9988ea5?s=96&d=mm&r=g","caption":"Agathe Ch\u00e9reau"},"url":"https:\/\/www.monaco-tribune.com\/it\/author\/agathechereau\/"}]}},"_links":{"self":[{"href":"https:\/\/www.monaco-tribune.com\/it\/wp-json\/wp\/v2\/posts\/67500","targetHints":{"allow":["GET"]}}],"collection":[{"href":"https:\/\/www.monaco-tribune.com\/it\/wp-json\/wp\/v2\/posts"}],"about":[{"href":"https:\/\/www.monaco-tribune.com\/it\/wp-json\/wp\/v2\/types\/post"}],"author":[{"embeddable":true,"href":"https:\/\/www.monaco-tribune.com\/it\/wp-json\/wp\/v2\/users\/47"}],"replies":[{"embeddable":true,"href":"https:\/\/www.monaco-tribune.com\/it\/wp-json\/wp\/v2\/comments?post=67500"}],"version-history":[{"count":0,"href":"https:\/\/www.monaco-tribune.com\/it\/wp-json\/wp\/v2\/posts\/67500\/revisions"}],"wp:featuredmedia":[{"embeddable":true,"href":"https:\/\/www.monaco-tribune.com\/it\/wp-json\/wp\/v2\/media\/49515"}],"wp:attachment":[{"href":"https:\/\/www.monaco-tribune.com\/it\/wp-json\/wp\/v2\/media?parent=67500"}],"wp:term":[{"taxonomy":"category","embeddable":true,"href":"https:\/\/www.monaco-tribune.com\/it\/wp-json\/wp\/v2\/categories?post=67500"},{"taxonomy":"post_tag","embeddable":true,"href":"https:\/\/www.monaco-tribune.com\/it\/wp-json\/wp\/v2\/tags?post=67500"},{"taxonomy":"sectag","embeddable":true,"href":"https:\/\/www.monaco-tribune.com\/it\/wp-json\/wp\/v2\/post_sectags?post=67500"},{"taxonomy":"format","embeddable":true,"href":"https:\/\/www.monaco-tribune.com\/it\/wp-json\/wp\/v2\/post_format?post=67500"}],"curies":[{"name":"wp","href":"https:\/\/api.w.org\/{rel}","templated":true}]}}