{"id":67710,"date":"2021-02-08T16:14:42","date_gmt":"2021-02-08T15:14:42","guid":{"rendered":"https:\/\/www.monaco-tribune.com\/2021\/02\/cambiamenti-climatici-sulla-costa-azzurra-cosa-ci-riserva-il-futuro\/"},"modified":"2021-04-12T08:58:44","modified_gmt":"2021-04-12T06:58:44","slug":"cambiamenti-climatici-sulla-costa-azzurra-cosa-ci-riserva-il-futuro","status":"publish","type":"post","link":"https:\/\/www.monaco-tribune.com\/it\/2021\/02\/cambiamenti-climatici-sulla-costa-azzurra-cosa-ci-riserva-il-futuro\/","title":{"rendered":"L&#8217;impatto dei cambiamenti climatici sulla Costa azzurra: cosa ci riserva il futuro?"},"content":{"rendered":"\n<p><p><strong>Inondazioni, tempeste continue e zanzare a volont\u00e0. Secondo M\u00e9t\u00e9o France, l&#8217;aumento delle temperature nella regione Provenza-Alpi-Costa Azzurra di 0,3\u00b0 ogni dieci anni potrebbe ridisegnare l&#8217;intero ecosistema provenzale entro il prossimo secolo.<\/strong><\/p><\/p>\n\n<p>Piogge torrenziali, inondazioni devastanti e frane. A ottobre scorso, la <a href=\"https:\/\/www.monaco-tribune.com\/it\/2020\/10\/tempesta-alex-monaco-va-in-soccorso-della-francia\/\">tempesta Alex<\/a> ha inondato l&#8217;entroterra nizzardo, e alcune zone d&#8217;Italia, distruggendo strade e abitazioni di diversi paesi della regione delle Alpi Marittime. Un dramma che non \u00e8 certo una novit\u00e0, visto l&#8217;aumento della frequenza di tempeste e rischi d&#8217;inondazione in tutta Europa. <a href=\"https:\/\/news.un.org\/fr\/story\/2020\/10\/1079642\">Secondo un rapporto dell&#8217;ONU<\/a>, tra l&#8217;altro, negli ultimi vent&#8217;anni il numero di catastrofi naturali \u00e8 raddoppiato in tutto il mondo.<\/p>\n\n<h2 class=\"wp-block-heading\" id=\"h-la-chaleur-s-empare-du-sud-de-la-france\">Il Sud della Francia stretto in una morsa di calore<\/h2>\n\n<p>Attualmente la temperatura del pianeta aumenta di 0,2\u00b0 ogni dieci anni, ma il dato \u00e8 leggermente superiore nella regione Provenza-Alpi-Costa Azzurra, che avanza a 0,3\u00b0 per decennio. &#8220;I tre anni pi\u00f9 caldi sono inoltre stati osservati negli ultimi due decenni&#8221;, sottolinea C\u00e9cile Guyon, climatologa di M\u00e9t\u00e9o France. Dati ancora pi\u00f9 allarmanti sono quelli legati all&#8217;<a href=\"https:\/\/www.monaco-tribune.com\/it\/2020\/12\/temperature-sempre-piu-alte-e-ondate-di-calore-il-2020-potrebbe-essere-lanno-piu-caldo-di-sempre\/\">intensificazione dei periodi di siccit\u00e0 e delle ondate di calore<\/a>. &#8220;Da qui alla fine del secolo, l&#8217;umidit\u00e0 media del terreno potrebbe essere simile a quella riscontrata nei periodi di siccit\u00e0 estrema che si verificano oggi&#8221;, prosegue l&#8217;esperta. Ma non \u00e8 tutto, secondo Guyon anche gli incendi negli boschi e nelle foreste saranno molto pi\u00f9 frequenti.<\/p>\n\n<div class=\"wp-block-image\"><figure class=\"aligncenter size-large\"><img loading=\"lazy\" decoding=\"async\" width=\"1024\" height=\"575\" src=\"https:\/\/www.monaco-tribune.com\/wp-content\/uploads\/2020\/12\/canicule-nice.jpg\" alt=\"Ondata di caldo a Nizza\" class=\"wp-image-59325\" srcset=\"https:\/\/www.monaco-tribune.com\/wp-content\/uploads\/2020\/12\/canicule-nice.jpg 1024w, https:\/\/www.monaco-tribune.com\/wp-content\/uploads\/2020\/12\/canicule-nice-534x300.jpg 534w, https:\/\/www.monaco-tribune.com\/wp-content\/uploads\/2020\/12\/canicule-nice-267x150.jpg 267w, https:\/\/www.monaco-tribune.com\/wp-content\/uploads\/2020\/12\/canicule-nice-768x431.jpg 768w, https:\/\/www.monaco-tribune.com\/wp-content\/uploads\/2020\/12\/canicule-nice-175x98.jpg 175w\" sizes=\"auto, (max-width: 1024px) 100vw, 1024px\" \/><figcaption>Unsplash<\/figcaption><\/figure><\/div>\n\n<h2 class=\"wp-block-heading\" id=\"h-quand-la-mer-m-diterran-e-grignote-son-littoral-c-tier\">Il mar Mediterraneo inghiotte il litorale<\/h2>\n\n<p>A causa del riscaldamento globale e dello scioglimento dei ghiacci, nei prossimi secoli il livello del mare potrebbe innalzarsi notevolmente. L&#8217;aumento delle acque del Mediterraneo e le tempeste sempre pi\u00f9 frequenti che si abbattono sul litorale provenzale potrebbero intensificare il processo di erosione delle spiagge sabbiose della Costa Azzurra, gi\u00e0 messe a dura prova dall&#8217;antropizzazione del litorale e dal turismo.<\/p>\n\n<p><p>Dal 1890, le piccole baie con spiagge sabbiose della Provenza hanno perso pi\u00f9 della met\u00e0 della loro superficie, un fenomeno che le rende ancora pi\u00f9 vulnerabili all&#8217;erosione. Queste insenature sono ormai entrate nella lista rossa degli ecosistemi francesi redatta dall&#8217;Unione mondiale per la conservazione della natura (IUCN).<\/p><\/p>\n\n<h2 class=\"wp-block-heading\" id=\"h-une-possible-pullulation-des-moustiques\">Saremo sommersi dalle zanzare?<\/h2>\n\n<p><p>Ci sono alcune specie di animali, tuttavia, che potranno trovare giovamento dai cambiamenti climatici sulla Costa Azzurra. Le zanzare, infatti, potrebbero aumentare in modo esponenziale: &#8220;pi\u00f9 fa caldo, pi\u00f9 questi insetti sono in grado di riprodursi rapidamente&#8221;, spiega C\u00e9cilia Claeys, ricercatrice in sociologia dell&#8217;ambiente all&#8217;universit\u00e0 Aix-Marseille. &#8220;Possiamo osservare, per esempio, la presenza di zanzare tigre in nuove zone, soprattutto montuose, che si trovano a un altitudine pi\u00f9 elevata&#8221;.<\/p><\/p>\n\n<p><p>Tuttavia, le zanzare tigre si moltiplicheranno soprattutto nelle zone urbane: la specie, infatti, si trova gi\u00e0 a suo agio a vivere in citt\u00e0, grazie alle diverse pozze d&#8217;acqua in cui deporre le uova e a un&#8217;alta concentrazione di possibili &#8220;prede&#8221;. Per quanto riguarda le zanzare autoctone, una sovrappopolazione della specie potrebbe portare alla ricomparsa della malaria nella regione, scomparsa gi\u00e0 dagli anni &#8217;60.<\/p><\/p>\n\n<div class=\"wp-block-image\"><figure class=\"aligncenter size-large\"><img loading=\"lazy\" decoding=\"async\" width=\"1024\" height=\"678\" src=\"https:\/\/www.monaco-tribune.com\/wp-content\/uploads\/2021\/02\/moustique-tigre-1024x678.jpg\" alt=\"zanzara-tigre\" class=\"wp-image-67636\" srcset=\"https:\/\/www.monaco-tribune.com\/wp-content\/uploads\/2021\/02\/moustique-tigre-1024x678.jpg 1024w, https:\/\/www.monaco-tribune.com\/wp-content\/uploads\/2021\/02\/moustique-tigre-453x300.jpg 453w, https:\/\/www.monaco-tribune.com\/wp-content\/uploads\/2021\/02\/moustique-tigre.jpg 1200w\" sizes=\"auto, (max-width: 1024px) 100vw, 1024px\" \/><figcaption>Zanzara tigre \/ Wikip\u00e9dia<\/figcaption><\/figure><\/div>\n","protected":false},"excerpt":{"rendered":"<p>Inondazioni, tempeste continue e zanzare a volont\u00e0. Secondo M\u00e9t\u00e9o France, l&#8217;aumento delle temperature nella regione Provenza-Alpi-Costa Azzurra di 0,3\u00b0 ogni [&hellip;]<\/p>\n","protected":false},"author":50,"featured_media":67634,"comment_status":"closed","ping_status":"closed","sticky":false,"template":"","format":"standard","meta":{"_acf_changed":false,"footnotes":""},"categories":[1826,1738,1752],"tags":[2954],"post_sectags":[],"post_format":[2475],"class_list":["post-67710","post","type-post","status-publish","format-standard","has-post-thumbnail","hentry","category-la-nostra-scelta","category-notizie","category-societa","tag-turismo","format-inchiesta"],"acf":[],"yoast_head":"<!-- This site is optimized with the Yoast SEO Premium plugin v26.8 (Yoast SEO v27.4) - https:\/\/yoast.com\/product\/yoast-seo-premium-wordpress\/ -->\n<title>L&#039;impatto dei cambiamenti climatici sulla Costa azzurra: cosa ci riserva il futuro?<\/title>\n<meta name=\"description\" content=\"Inondazioni, tempeste continue e zanzare a volont\u00e0. Secondo M\u00e9t\u00e9o France, l&#039;aumento delle temperature nella regione Provenza-Alpi-Costa Azzurra di 0,3\u00b0\" \/>\n<meta name=\"robots\" content=\"index, follow, max-snippet:-1, max-image-preview:large, max-video-preview:-1\" \/>\n<link rel=\"canonical\" href=\"https:\/\/www.monaco-tribune.com\/it\/2021\/02\/cambiamenti-climatici-sulla-costa-azzurra-cosa-ci-riserva-il-futuro\/\" \/>\n<meta property=\"og:locale\" content=\"it_IT\" \/>\n<meta property=\"og:type\" content=\"article\" \/>\n<meta property=\"og:title\" content=\"L&#039;impatto dei cambiamenti climatici sulla Costa azzurra: cosa ci riserva il futuro? - Monaco Tribune\" \/>\n<meta property=\"og:description\" content=\"Inondazioni, tempeste continue e zanzare a volont\u00e0. Secondo M\u00e9t\u00e9o France, l&#039;aumento delle temperature nella regione Provenza-Alpi-Costa Azzurra di 0,3\u00b0\" \/>\n<meta property=\"og:url\" content=\"https:\/\/www.monaco-tribune.com\/it\/2021\/02\/cambiamenti-climatici-sulla-costa-azzurra-cosa-ci-riserva-il-futuro\/\" \/>\n<meta property=\"og:site_name\" content=\"Monaco Tribune\" \/>\n<meta property=\"article:publisher\" content=\"https:\/\/www.facebook.com\/MonacoTribune\" \/>\n<meta property=\"article:published_time\" content=\"2021-02-08T15:14:42+00:00\" \/>\n<meta property=\"article:modified_time\" content=\"2021-04-12T06:58:44+00:00\" \/>\n<meta property=\"og:image\" content=\"https:\/\/www.monaco-tribune.com\/wp-content\/uploads\/2021\/02\/cote-azur-changement-climatique-1.jpg\" \/>\n\t<meta property=\"og:image:width\" content=\"1200\" \/>\n\t<meta property=\"og:image:height\" content=\"800\" \/>\n\t<meta property=\"og:image:type\" content=\"image\/jpeg\" \/>\n<meta name=\"author\" content=\"Aliz\u00e9e Mosconi\" \/>\n<meta name=\"twitter:card\" content=\"summary_large_image\" \/>\n<meta name=\"twitter:creator\" content=\"@MonacoTribune\" \/>\n<meta name=\"twitter:site\" content=\"@MonacoTribune\" \/>\n<script type=\"application\/ld+json\" class=\"yoast-schema-graph\">{\"@context\":\"https:\\\/\\\/schema.org\",\"@graph\":[{\"@type\":\"NewsArticle\",\"@id\":\"https:\\\/\\\/www.monaco-tribune.com\\\/it\\\/2021\\\/02\\\/cambiamenti-climatici-sulla-costa-azzurra-cosa-ci-riserva-il-futuro\\\/#article\",\"isPartOf\":{\"@id\":\"https:\\\/\\\/www.monaco-tribune.com\\\/it\\\/2021\\\/02\\\/cambiamenti-climatici-sulla-costa-azzurra-cosa-ci-riserva-il-futuro\\\/\"},\"author\":{\"name\":\"Aliz\u00e9e Mosconi\",\"@id\":\"https:\\\/\\\/www.monaco-tribune.com\\\/it\\\/#\\\/schema\\\/person\\\/bb7eedbeede1d20ce8d51e52bde2c1e8\"},\"headline\":\"L&#8217;impatto dei cambiamenti climatici sulla Costa azzurra: cosa ci riserva il futuro?\",\"datePublished\":\"2021-02-08T15:14:42+00:00\",\"dateModified\":\"2021-04-12T06:58:44+00:00\",\"mainEntityOfPage\":{\"@id\":\"https:\\\/\\\/www.monaco-tribune.com\\\/it\\\/2021\\\/02\\\/cambiamenti-climatici-sulla-costa-azzurra-cosa-ci-riserva-il-futuro\\\/\"},\"wordCount\":505,\"publisher\":{\"@id\":\"https:\\\/\\\/www.monaco-tribune.com\\\/it\\\/#organization\"},\"image\":{\"@id\":\"https:\\\/\\\/www.monaco-tribune.com\\\/it\\\/2021\\\/02\\\/cambiamenti-climatici-sulla-costa-azzurra-cosa-ci-riserva-il-futuro\\\/#primaryimage\"},\"thumbnailUrl\":\"https:\\\/\\\/www.monaco-tribune.com\\\/wp-content\\\/uploads\\\/2021\\\/02\\\/cote-azur-changement-climatique-1.jpg\",\"keywords\":[\"Turismo\"],\"articleSection\":[\"La nostra scelta\",\"Notizie\",\"Societ\u00e0\"],\"inLanguage\":\"it-IT\",\"copyrightYear\":\"2021\",\"copyrightHolder\":{\"@id\":\"https:\\\/\\\/www.monaco-tribune.com\\\/#organization\"}},{\"@type\":\"WebPage\",\"@id\":\"https:\\\/\\\/www.monaco-tribune.com\\\/it\\\/2021\\\/02\\\/cambiamenti-climatici-sulla-costa-azzurra-cosa-ci-riserva-il-futuro\\\/\",\"url\":\"https:\\\/\\\/www.monaco-tribune.com\\\/it\\\/2021\\\/02\\\/cambiamenti-climatici-sulla-costa-azzurra-cosa-ci-riserva-il-futuro\\\/\",\"name\":\"L'impatto dei cambiamenti climatici sulla Costa azzurra: cosa ci riserva il futuro?\",\"isPartOf\":{\"@id\":\"https:\\\/\\\/www.monaco-tribune.com\\\/it\\\/#website\"},\"primaryImageOfPage\":{\"@id\":\"https:\\\/\\\/www.monaco-tribune.com\\\/it\\\/2021\\\/02\\\/cambiamenti-climatici-sulla-costa-azzurra-cosa-ci-riserva-il-futuro\\\/#primaryimage\"},\"image\":{\"@id\":\"https:\\\/\\\/www.monaco-tribune.com\\\/it\\\/2021\\\/02\\\/cambiamenti-climatici-sulla-costa-azzurra-cosa-ci-riserva-il-futuro\\\/#primaryimage\"},\"thumbnailUrl\":\"https:\\\/\\\/www.monaco-tribune.com\\\/wp-content\\\/uploads\\\/2021\\\/02\\\/cote-azur-changement-climatique-1.jpg\",\"datePublished\":\"2021-02-08T15:14:42+00:00\",\"dateModified\":\"2021-04-12T06:58:44+00:00\",\"description\":\"Inondazioni, tempeste continue e zanzare a volont\u00e0. Secondo M\u00e9t\u00e9o France, l'aumento delle temperature nella regione Provenza-Alpi-Costa Azzurra di 0,3\u00b0\",\"breadcrumb\":{\"@id\":\"https:\\\/\\\/www.monaco-tribune.com\\\/it\\\/2021\\\/02\\\/cambiamenti-climatici-sulla-costa-azzurra-cosa-ci-riserva-il-futuro\\\/#breadcrumb\"},\"inLanguage\":\"it-IT\",\"potentialAction\":[{\"@type\":\"ReadAction\",\"target\":[\"https:\\\/\\\/www.monaco-tribune.com\\\/it\\\/2021\\\/02\\\/cambiamenti-climatici-sulla-costa-azzurra-cosa-ci-riserva-il-futuro\\\/\"]}]},{\"@type\":\"ImageObject\",\"inLanguage\":\"it-IT\",\"@id\":\"https:\\\/\\\/www.monaco-tribune.com\\\/it\\\/2021\\\/02\\\/cambiamenti-climatici-sulla-costa-azzurra-cosa-ci-riserva-il-futuro\\\/#primaryimage\",\"url\":\"https:\\\/\\\/www.monaco-tribune.com\\\/wp-content\\\/uploads\\\/2021\\\/02\\\/cote-azur-changement-climatique-1.jpg\",\"contentUrl\":\"https:\\\/\\\/www.monaco-tribune.com\\\/wp-content\\\/uploads\\\/2021\\\/02\\\/cote-azur-changement-climatique-1.jpg\",\"width\":1200,\"height\":800,\"caption\":\"Unsplash\"},{\"@type\":\"BreadcrumbList\",\"@id\":\"https:\\\/\\\/www.monaco-tribune.com\\\/it\\\/2021\\\/02\\\/cambiamenti-climatici-sulla-costa-azzurra-cosa-ci-riserva-il-futuro\\\/#breadcrumb\",\"itemListElement\":[{\"@type\":\"ListItem\",\"position\":1,\"name\":\"Accueil\",\"item\":\"https:\\\/\\\/www.monaco-tribune.com\\\/it\\\/\"},{\"@type\":\"ListItem\",\"position\":2,\"name\":\"L&rsquo;impatto dei cambiamenti climatici sulla Costa azzurra: cosa ci riserva il futuro?\"}]},{\"@type\":\"WebSite\",\"@id\":\"https:\\\/\\\/www.monaco-tribune.com\\\/it\\\/#website\",\"url\":\"https:\\\/\\\/www.monaco-tribune.com\\\/it\\\/\",\"name\":\"Monaco Tribune\",\"description\":\"Monaco : actualit\u00e9s \u00e9conomiques, politiques, culturelles et sportives de Monaco et de la French Riviera.\",\"publisher\":{\"@id\":\"https:\\\/\\\/www.monaco-tribune.com\\\/it\\\/#organization\"},\"potentialAction\":[{\"@type\":\"SearchAction\",\"target\":{\"@type\":\"EntryPoint\",\"urlTemplate\":\"https:\\\/\\\/www.monaco-tribune.com\\\/it\\\/?s={search_term_string}\"},\"query-input\":{\"@type\":\"PropertyValueSpecification\",\"valueRequired\":true,\"valueName\":\"search_term_string\"}}],\"inLanguage\":\"it-IT\"},{\"@type\":\"Organization\",\"@id\":\"https:\\\/\\\/www.monaco-tribune.com\\\/it\\\/#organization\",\"name\":\"Monaco Tribune\",\"url\":\"https:\\\/\\\/www.monaco-tribune.com\\\/it\\\/\",\"logo\":{\"@type\":\"ImageObject\",\"inLanguage\":\"it-IT\",\"@id\":\"https:\\\/\\\/www.monaco-tribune.com\\\/it\\\/#\\\/schema\\\/logo\\\/image\\\/\",\"url\":\"https:\\\/\\\/www.monaco-tribune.com\\\/wp-content\\\/uploads\\\/2022\\\/11\\\/logo-monaco-tribune.png\",\"contentUrl\":\"https:\\\/\\\/www.monaco-tribune.com\\\/wp-content\\\/uploads\\\/2022\\\/11\\\/logo-monaco-tribune.png\",\"width\":1548,\"height\":600,\"caption\":\"Monaco Tribune\"},\"image\":{\"@id\":\"https:\\\/\\\/www.monaco-tribune.com\\\/it\\\/#\\\/schema\\\/logo\\\/image\\\/\"},\"sameAs\":[\"https:\\\/\\\/www.facebook.com\\\/MonacoTribune\",\"https:\\\/\\\/x.com\\\/MonacoTribune\",\"https:\\\/\\\/www.instagram.com\\\/monacotribune\\\/\",\"https:\\\/\\\/www.linkedin.com\\\/company\\\/monaco-tribune\",\"https:\\\/\\\/www.youtube.com\\\/channel\\\/UCHle1MnG6hw1y4lWKijVbMA\"]},{\"@type\":\"Person\",\"@id\":\"https:\\\/\\\/www.monaco-tribune.com\\\/it\\\/#\\\/schema\\\/person\\\/bb7eedbeede1d20ce8d51e52bde2c1e8\",\"name\":\"Aliz\u00e9e Mosconi\",\"image\":{\"@type\":\"ImageObject\",\"inLanguage\":\"it-IT\",\"@id\":\"https:\\\/\\\/secure.gravatar.com\\\/avatar\\\/a01ecf8f75ca312b8db6f53ca7d56a4f7d4dd75acdd7f8605efab1d10294a17f?s=96&d=mm&r=g\",\"url\":\"https:\\\/\\\/secure.gravatar.com\\\/avatar\\\/a01ecf8f75ca312b8db6f53ca7d56a4f7d4dd75acdd7f8605efab1d10294a17f?s=96&d=mm&r=g\",\"contentUrl\":\"https:\\\/\\\/secure.gravatar.com\\\/avatar\\\/a01ecf8f75ca312b8db6f53ca7d56a4f7d4dd75acdd7f8605efab1d10294a17f?s=96&d=mm&r=g\",\"caption\":\"Aliz\u00e9e Mosconi\"},\"url\":\"https:\\\/\\\/www.monaco-tribune.com\\\/it\\\/author\\\/alizeemosconi\\\/\"}]}<\/script>\n<!-- \/ Yoast SEO Premium plugin. -->","yoast_head_json":{"title":"L'impatto dei cambiamenti climatici sulla Costa azzurra: cosa ci riserva il futuro?","description":"Inondazioni, tempeste continue e zanzare a volont\u00e0. Secondo M\u00e9t\u00e9o France, l'aumento delle temperature nella regione Provenza-Alpi-Costa Azzurra di 0,3\u00b0","robots":{"index":"index","follow":"follow","max-snippet":"max-snippet:-1","max-image-preview":"max-image-preview:large","max-video-preview":"max-video-preview:-1"},"canonical":"https:\/\/www.monaco-tribune.com\/it\/2021\/02\/cambiamenti-climatici-sulla-costa-azzurra-cosa-ci-riserva-il-futuro\/","og_locale":"it_IT","og_type":"article","og_title":"L'impatto dei cambiamenti climatici sulla Costa azzurra: cosa ci riserva il futuro? - Monaco Tribune","og_description":"Inondazioni, tempeste continue e zanzare a volont\u00e0. Secondo M\u00e9t\u00e9o France, l'aumento delle temperature nella regione Provenza-Alpi-Costa Azzurra di 0,3\u00b0","og_url":"https:\/\/www.monaco-tribune.com\/it\/2021\/02\/cambiamenti-climatici-sulla-costa-azzurra-cosa-ci-riserva-il-futuro\/","og_site_name":"Monaco Tribune","article_publisher":"https:\/\/www.facebook.com\/MonacoTribune","article_published_time":"2021-02-08T15:14:42+00:00","article_modified_time":"2021-04-12T06:58:44+00:00","og_image":[{"width":1200,"height":800,"url":"https:\/\/www.monaco-tribune.com\/wp-content\/uploads\/2021\/02\/cote-azur-changement-climatique-1.jpg","type":"image\/jpeg"}],"author":"Aliz\u00e9e Mosconi","twitter_card":"summary_large_image","twitter_creator":"@MonacoTribune","twitter_site":"@MonacoTribune","schema":{"@context":"https:\/\/schema.org","@graph":[{"@type":"NewsArticle","@id":"https:\/\/www.monaco-tribune.com\/it\/2021\/02\/cambiamenti-climatici-sulla-costa-azzurra-cosa-ci-riserva-il-futuro\/#article","isPartOf":{"@id":"https:\/\/www.monaco-tribune.com\/it\/2021\/02\/cambiamenti-climatici-sulla-costa-azzurra-cosa-ci-riserva-il-futuro\/"},"author":{"name":"Aliz\u00e9e Mosconi","@id":"https:\/\/www.monaco-tribune.com\/it\/#\/schema\/person\/bb7eedbeede1d20ce8d51e52bde2c1e8"},"headline":"L&#8217;impatto dei cambiamenti climatici sulla Costa azzurra: cosa ci riserva il futuro?","datePublished":"2021-02-08T15:14:42+00:00","dateModified":"2021-04-12T06:58:44+00:00","mainEntityOfPage":{"@id":"https:\/\/www.monaco-tribune.com\/it\/2021\/02\/cambiamenti-climatici-sulla-costa-azzurra-cosa-ci-riserva-il-futuro\/"},"wordCount":505,"publisher":{"@id":"https:\/\/www.monaco-tribune.com\/it\/#organization"},"image":{"@id":"https:\/\/www.monaco-tribune.com\/it\/2021\/02\/cambiamenti-climatici-sulla-costa-azzurra-cosa-ci-riserva-il-futuro\/#primaryimage"},"thumbnailUrl":"https:\/\/www.monaco-tribune.com\/wp-content\/uploads\/2021\/02\/cote-azur-changement-climatique-1.jpg","keywords":["Turismo"],"articleSection":["La nostra scelta","Notizie","Societ\u00e0"],"inLanguage":"it-IT","copyrightYear":"2021","copyrightHolder":{"@id":"https:\/\/www.monaco-tribune.com\/#organization"}},{"@type":"WebPage","@id":"https:\/\/www.monaco-tribune.com\/it\/2021\/02\/cambiamenti-climatici-sulla-costa-azzurra-cosa-ci-riserva-il-futuro\/","url":"https:\/\/www.monaco-tribune.com\/it\/2021\/02\/cambiamenti-climatici-sulla-costa-azzurra-cosa-ci-riserva-il-futuro\/","name":"L'impatto dei cambiamenti climatici sulla Costa azzurra: cosa ci riserva il futuro?","isPartOf":{"@id":"https:\/\/www.monaco-tribune.com\/it\/#website"},"primaryImageOfPage":{"@id":"https:\/\/www.monaco-tribune.com\/it\/2021\/02\/cambiamenti-climatici-sulla-costa-azzurra-cosa-ci-riserva-il-futuro\/#primaryimage"},"image":{"@id":"https:\/\/www.monaco-tribune.com\/it\/2021\/02\/cambiamenti-climatici-sulla-costa-azzurra-cosa-ci-riserva-il-futuro\/#primaryimage"},"thumbnailUrl":"https:\/\/www.monaco-tribune.com\/wp-content\/uploads\/2021\/02\/cote-azur-changement-climatique-1.jpg","datePublished":"2021-02-08T15:14:42+00:00","dateModified":"2021-04-12T06:58:44+00:00","description":"Inondazioni, tempeste continue e zanzare a volont\u00e0. Secondo M\u00e9t\u00e9o France, l'aumento delle temperature nella regione Provenza-Alpi-Costa Azzurra di 0,3\u00b0","breadcrumb":{"@id":"https:\/\/www.monaco-tribune.com\/it\/2021\/02\/cambiamenti-climatici-sulla-costa-azzurra-cosa-ci-riserva-il-futuro\/#breadcrumb"},"inLanguage":"it-IT","potentialAction":[{"@type":"ReadAction","target":["https:\/\/www.monaco-tribune.com\/it\/2021\/02\/cambiamenti-climatici-sulla-costa-azzurra-cosa-ci-riserva-il-futuro\/"]}]},{"@type":"ImageObject","inLanguage":"it-IT","@id":"https:\/\/www.monaco-tribune.com\/it\/2021\/02\/cambiamenti-climatici-sulla-costa-azzurra-cosa-ci-riserva-il-futuro\/#primaryimage","url":"https:\/\/www.monaco-tribune.com\/wp-content\/uploads\/2021\/02\/cote-azur-changement-climatique-1.jpg","contentUrl":"https:\/\/www.monaco-tribune.com\/wp-content\/uploads\/2021\/02\/cote-azur-changement-climatique-1.jpg","width":1200,"height":800,"caption":"Unsplash"},{"@type":"BreadcrumbList","@id":"https:\/\/www.monaco-tribune.com\/it\/2021\/02\/cambiamenti-climatici-sulla-costa-azzurra-cosa-ci-riserva-il-futuro\/#breadcrumb","itemListElement":[{"@type":"ListItem","position":1,"name":"Accueil","item":"https:\/\/www.monaco-tribune.com\/it\/"},{"@type":"ListItem","position":2,"name":"L&rsquo;impatto dei cambiamenti climatici sulla Costa azzurra: cosa ci riserva il futuro?"}]},{"@type":"WebSite","@id":"https:\/\/www.monaco-tribune.com\/it\/#website","url":"https:\/\/www.monaco-tribune.com\/it\/","name":"Monaco Tribune","description":"Monaco : actualit\u00e9s \u00e9conomiques, politiques, culturelles et sportives de Monaco et de la French Riviera.","publisher":{"@id":"https:\/\/www.monaco-tribune.com\/it\/#organization"},"potentialAction":[{"@type":"SearchAction","target":{"@type":"EntryPoint","urlTemplate":"https:\/\/www.monaco-tribune.com\/it\/?s={search_term_string}"},"query-input":{"@type":"PropertyValueSpecification","valueRequired":true,"valueName":"search_term_string"}}],"inLanguage":"it-IT"},{"@type":"Organization","@id":"https:\/\/www.monaco-tribune.com\/it\/#organization","name":"Monaco Tribune","url":"https:\/\/www.monaco-tribune.com\/it\/","logo":{"@type":"ImageObject","inLanguage":"it-IT","@id":"https:\/\/www.monaco-tribune.com\/it\/#\/schema\/logo\/image\/","url":"https:\/\/www.monaco-tribune.com\/wp-content\/uploads\/2022\/11\/logo-monaco-tribune.png","contentUrl":"https:\/\/www.monaco-tribune.com\/wp-content\/uploads\/2022\/11\/logo-monaco-tribune.png","width":1548,"height":600,"caption":"Monaco Tribune"},"image":{"@id":"https:\/\/www.monaco-tribune.com\/it\/#\/schema\/logo\/image\/"},"sameAs":["https:\/\/www.facebook.com\/MonacoTribune","https:\/\/x.com\/MonacoTribune","https:\/\/www.instagram.com\/monacotribune\/","https:\/\/www.linkedin.com\/company\/monaco-tribune","https:\/\/www.youtube.com\/channel\/UCHle1MnG6hw1y4lWKijVbMA"]},{"@type":"Person","@id":"https:\/\/www.monaco-tribune.com\/it\/#\/schema\/person\/bb7eedbeede1d20ce8d51e52bde2c1e8","name":"Aliz\u00e9e Mosconi","image":{"@type":"ImageObject","inLanguage":"it-IT","@id":"https:\/\/secure.gravatar.com\/avatar\/a01ecf8f75ca312b8db6f53ca7d56a4f7d4dd75acdd7f8605efab1d10294a17f?s=96&d=mm&r=g","url":"https:\/\/secure.gravatar.com\/avatar\/a01ecf8f75ca312b8db6f53ca7d56a4f7d4dd75acdd7f8605efab1d10294a17f?s=96&d=mm&r=g","contentUrl":"https:\/\/secure.gravatar.com\/avatar\/a01ecf8f75ca312b8db6f53ca7d56a4f7d4dd75acdd7f8605efab1d10294a17f?s=96&d=mm&r=g","caption":"Aliz\u00e9e Mosconi"},"url":"https:\/\/www.monaco-tribune.com\/it\/author\/alizeemosconi\/"}]}},"_links":{"self":[{"href":"https:\/\/www.monaco-tribune.com\/it\/wp-json\/wp\/v2\/posts\/67710","targetHints":{"allow":["GET"]}}],"collection":[{"href":"https:\/\/www.monaco-tribune.com\/it\/wp-json\/wp\/v2\/posts"}],"about":[{"href":"https:\/\/www.monaco-tribune.com\/it\/wp-json\/wp\/v2\/types\/post"}],"author":[{"embeddable":true,"href":"https:\/\/www.monaco-tribune.com\/it\/wp-json\/wp\/v2\/users\/50"}],"replies":[{"embeddable":true,"href":"https:\/\/www.monaco-tribune.com\/it\/wp-json\/wp\/v2\/comments?post=67710"}],"version-history":[{"count":0,"href":"https:\/\/www.monaco-tribune.com\/it\/wp-json\/wp\/v2\/posts\/67710\/revisions"}],"wp:featuredmedia":[{"embeddable":true,"href":"https:\/\/www.monaco-tribune.com\/it\/wp-json\/wp\/v2\/media\/67634"}],"wp:attachment":[{"href":"https:\/\/www.monaco-tribune.com\/it\/wp-json\/wp\/v2\/media?parent=67710"}],"wp:term":[{"taxonomy":"category","embeddable":true,"href":"https:\/\/www.monaco-tribune.com\/it\/wp-json\/wp\/v2\/categories?post=67710"},{"taxonomy":"post_tag","embeddable":true,"href":"https:\/\/www.monaco-tribune.com\/it\/wp-json\/wp\/v2\/tags?post=67710"},{"taxonomy":"sectag","embeddable":true,"href":"https:\/\/www.monaco-tribune.com\/it\/wp-json\/wp\/v2\/post_sectags?post=67710"},{"taxonomy":"format","embeddable":true,"href":"https:\/\/www.monaco-tribune.com\/it\/wp-json\/wp\/v2\/post_format?post=67710"}],"curies":[{"name":"wp","href":"https:\/\/api.w.org\/{rel}","templated":true}]}}