{"id":69278,"date":"2021-02-19T19:07:17","date_gmt":"2021-02-19T18:07:17","guid":{"rendered":"https:\/\/www.monaco-tribune.com\/2021\/02\/i-cambiamenti-climatici-potrebbero-cambiare-il-futuro-del-vino\/"},"modified":"2021-02-19T19:07:24","modified_gmt":"2021-02-19T18:07:24","slug":"i-cambiamenti-climatici-potrebbero-cambiare-il-futuro-del-vino","status":"publish","type":"post","link":"https:\/\/www.monaco-tribune.com\/it\/2021\/02\/i-cambiamenti-climatici-potrebbero-cambiare-il-futuro-del-vino\/","title":{"rendered":"I cambiamenti climatici potrebbero cambiare il futuro del vino"},"content":{"rendered":"\n<p><strong>Nell\u2019era dei cambiamenti climatici, il caldo e la siccit\u00e0 potrebbero essere una minaccia a lungo termine per i vigneti della Costa Azzurra. Con un aumento della temperatura nella regione di 0,3\u00b0C ogni dieci anni, il dipartimento delle Haut-Alpes potrebbe presto diventare il paradiso dei viticoltori! Il <em>grand cru<\/em> di domani potrebbe essere coltivato proprio in queste terre\u2026<\/strong><\/p>\n\n<p>Incastonato tra le colline nizzarde, lo Ch\u00e2teau de Bellet e i suoi vitigni prosperano tutt\u2019oggi avvolti dalle brezze marine del Mediterraneo e dalle lontane influenze alpine. Come molte aziende vinicole della Costa Azzurra, i tredici ettari della propriet\u00e0 sono di recente stati colpiti da intensi periodi di siccit\u00e0. Anomalie del clima che potrebbero, a lungo termina, minacciare la qualit\u00e0 dei famosi vini della regione. \u201cAlcune aziende vinicole vicine si sono gi\u00e0 attrezzate per irrigare le vigne\u201d, afferma Oph\u00e9lie Guinard, responsabile dello Ch\u00e2teau de Bellet, che al momento non ha investito in \u201cqueste costose istallazioni\u201d. Tuttavia, il timore di perdere un\u2019altra volta il 30% della produzione si fa sentire, come gi\u00e0 successo nel 2017, \u201cun\u2019annata particolarmente arida\u201d.<\/p>\n\n<blockquote class=\"wp-block-quote is-layout-flow wp-block-quote-is-layout-flow\"><p><em>\u00c8 la qualit\u00e0 del vino che rischia di essere compromessa<\/em><\/p><\/blockquote>\n\n<div class=\"wp-block-image\"><figure class=\"aligncenter size-large is-resized\"><img loading=\"lazy\" decoding=\"async\" src=\"https:\/\/www.monaco-tribune.com\/wp-content\/uploads\/2020\/05\/cha&#x302;teau-de-bellet-photo-1024x1024.jpg\" alt=\"Cha&#x302;teau de Bellet Vini di Nizza\" class=\"wp-image-27587\" width=\"768\" height=\"768\"\/><figcaption>Cha\u0302teau de Bellet<\/figcaption><\/figure><\/div>\n\n<h2 class=\"wp-block-heading\" id=\"h-des-r-coltes-pr-coces\">L\u2019anticipo della vendemmia<\/h2>\n\n<p>\u201cLe vendemmie, che prima iniziavano a met\u00e0 settembre, a volte possono cominciare molto prima, gi\u00e0 dalla fine di agosto\u201d, spiega Oph\u00e9lie Guinard che ha avuto modo di osservare i cambiamenti nel corso degli ultimi dieci anni. \u201cIn generale, i periodi per raccogliere l\u2019uva sono sempre pi\u00f9 brevi. Siamo passati dai sei mesi alle tre settimane, ma sempre con lo stesso carico di lavoro. Siamo degli atleti!<\/p>\n\n<p>\u201cMa anche se l\u2019uva ha la capacit\u00e0 di adattarsi alle nuove condizioni climatiche, la qualit\u00e0 del vino, invece, rischia di risentirne e potrebbe non attirare pi\u00f9 cos\u00ec tanto i consumatori\u201d precisa I\u00f1aki Garcia de Cortazar, direttore del reparto agroclimatico del centro Inrae di Avignone.\u00a0Lo scienziato afferma che l\u2019aumento continuo delle temperature, anche di notte, potrebbe modificare considerevolmente la composizione degli acini d\u2019uva, e quindi la qualit\u00e0 del vino.<\/p>\n\n<p><strong>&gt;&gt; LEGGI ANCHE: <\/strong><a href=\"https:\/\/www.monaco-tribune.com\/it\/2021\/02\/cambiamenti-climatici-sulla-costa-azzurra-cosa-ci-riserva-il-futuro\/\">L\u2019impatto dei cambiamenti climatici sulla Costa azzurra: cosa ci riserva il futuro?<\/a><\/p>\n\n<h2 class=\"wp-block-heading\" id=\"h-cr-er-de-nouveaux-c-pages-plus-r-sistants\">Creare nuove variet\u00e0 pi\u00f9 resistenti<\/h2>\n\n<p>Secondo lo scienziato, elaborare nuove variet\u00e0 di viti pi\u00f9 resistenti \u00e8 una soluzione ancora lontana, che pu\u00f2 facilmente richiedere una decina d\u2019anni, senza contare il periodo di promozione di queste nuove piante presso i produttori. \u201cEsistono altre soluzioni\u201d, ricorda il ricercatore, \u201c\u00e8 possibile selezionare delle viti pi\u00f9 resistenti all\u2019interno della stessa variet\u00e0, valorizzare antiche variet\u00e0 di viti autoctone ormai abbandonate a livello locale, coltivare all\u2019interno delle serre, oppure prendere in considerazione l\u2019idea di piantare le variet\u00e0 delle regioni pi\u00f9 calde sulla Costa azzurra, come le uve italiane o quelle greche\u201d.<\/p>\n\n<blockquote class=\"wp-block-quote is-layout-flow wp-block-quote-is-layout-flow\"><p>I vini dell\u2019arco alpino attirano un numero crescente di consumatori<\/p><\/blockquote>\n\n<h2 class=\"wp-block-heading\" id=\"h-un-eldorado-montagnard\">Un paradiso alpino<\/h2>\n\n<p>Alcune regioni che poco si prestavano alla viticultura, potrebbero invece iniziare a produrre i <em>grand cru <\/em>di domani. \u201cLa produzioni di vino nelle zone settentrionali e montuose della Francia \u00e8 migliorata negli ultimi vent\u2019anni\u201d, conclude I\u00f1aki Garcia de Cortazar.<\/p>\n\n<p>Immersa tra le pendici delle alpi della Durance, l\u2019azienda vinicola Le domaine Allemande ne \u00e8 un esempio lampante. Qui, l\u2019altitudine raggiunge i 700 metri e i vigneti beneficiano di un\u2019ampia escursione termica tipica delle regioni di montagna: \u201cgiornate soleggiate e notti fresche\u201d, riassume Laetitia Allemand, che ha rilevato l\u2019azienda di famiglia nel 2017: un vigneto creato da suo nonno negli anni \u201950. Tra l\u2019uva chardonnay, oggi cresce una famosa variet\u00e0 locale, abbandonata alla fine del secolo scorso: il <em>mollard<\/em>, che letteralmente in francese vuol dire \u201ccollinetta\u201d.<\/p>\n\n<div class=\"wp-block-image\"><figure class=\"alignleft size-large is-resized\"><img loading=\"lazy\" decoding=\"async\" src=\"https:\/\/www.monaco-tribune.com\/wp-content\/uploads\/2021\/02\/17164-6470-copie-1-731x1024.jpg\" alt=\"Laetitia Allemand enologa\" class=\"wp-image-69044\" width=\"366\" height=\"512\" srcset=\"https:\/\/www.monaco-tribune.com\/wp-content\/uploads\/2021\/02\/17164-6470-copie-1-731x1024.jpg 731w, https:\/\/www.monaco-tribune.com\/wp-content\/uploads\/2021\/02\/17164-6470-copie-1-214x300.jpg 214w, https:\/\/www.monaco-tribune.com\/wp-content\/uploads\/2021\/02\/17164-6470-copie-1.jpg 1200w\" sizes=\"auto, (max-width: 366px) 100vw, 366px\" \/><figcaption>Laetitia Allemand<\/figcaption><\/figure><\/div>\n\n<h2 class=\"wp-block-heading\" id=\"h-la-renaissance-d-un-c-page-oubli\">La rinascita di una variet\u00e0 dimenticata<\/h2>\n\n<p>Negli anni \u201980, i viticoltori delle Haut-Alpes spesso sradicavano le viti di mollard per sostituirle con le variet\u00e0 internazionali, come il cabernet o il merlot. Ormai, non resta che qualche vite, spesso anche malata, in alcune aziende vinicole. \u201cCon l\u2019andare del tempo, il mollard avrebbe potuto scomparire nel giro di cinquant\u2019anni\u201d, spiega l\u2019enologa, \u201cma mio padre \u00e8 riuscito a salvare questa specie vegetale, dopo aver passato una decina d\u2019anni a selezionare i migliori esemplari di questa variet\u00e0 autoctona con una coltivazione sperimentale, a fianco dell\u2019Istituto Francese della vigna e del vino (IFV)\u201d.<\/p>\n\n<p>Destino straordinario quello del mollard, che sembra riuscire ad adattarsi al meglio ai cambiamenti climatici. \u201cLa sua fioritura tardiva gli permette di evitare le gelate della primavera, al contrario della nostra variet\u00e0 chardonnay che si risveglia prima\u201d, afferma entusiasta Laetitia Allemand. L\u2019aumento delle temperature ha persino agevolato il mollard, provocando un aumento della quantit\u00e0 di zucchero presente negli acini e attenuandone l\u2019acidit\u00e0. \u201cOggi, i vini dell\u2019arco alpino attirano un numero crescente di consumatori, amanti dei vini meno alcolici!\u201d.<\/p>\n\n<p><strong>&gt;&gt; LEGGI ANCHE: <\/strong><a href=\"https:\/\/www.monaco-tribune.com\/it\/2020\/05\/sconosciuti-ma-singolari-scoprite-i-vini-di-nizza\/\">Sconosciuti ma singolari, scoprite i vini di Nizza<\/a><\/p>\n","protected":false},"excerpt":{"rendered":"<p>Nell\u2019era dei cambiamenti climatici, il caldo e la siccit\u00e0 potrebbero essere una minaccia a lungo termine per i vigneti della [&hellip;]<\/p>\n","protected":false},"author":50,"featured_media":69050,"comment_status":"closed","ping_status":"closed","sticky":false,"template":"","format":"standard","meta":{"_acf_changed":false,"footnotes":""},"categories":[1839,1826,1738],"tags":[2872],"post_sectags":[],"post_format":[2475],"class_list":["post-69278","post","type-post","status-publish","format-standard","has-post-thumbnail","hentry","category-green","category-la-nostra-scelta","category-notizie","tag-gastronomia","format-inchiesta"],"acf":[],"yoast_head":"<!-- This site is optimized with the Yoast SEO Premium plugin v26.8 (Yoast SEO v27.4) - https:\/\/yoast.com\/product\/yoast-seo-premium-wordpress\/ -->\n<title>I cambiamenti climatici potrebbero cambiare il futuro del vino<\/title>\n<meta name=\"description\" content=\"Nell\u2019era dei cambiamenti climatici, il caldo e la siccit\u00e0 potrebbero essere una minaccia a lungo termine per i vigneti della Costa Azzurra. Con un aumento\" \/>\n<meta name=\"robots\" content=\"index, follow, max-snippet:-1, max-image-preview:large, max-video-preview:-1\" \/>\n<link rel=\"canonical\" href=\"https:\/\/www.monaco-tribune.com\/it\/2021\/02\/i-cambiamenti-climatici-potrebbero-cambiare-il-futuro-del-vino\/\" \/>\n<meta property=\"og:locale\" content=\"it_IT\" \/>\n<meta property=\"og:type\" content=\"article\" \/>\n<meta property=\"og:title\" content=\"I cambiamenti climatici potrebbero cambiare il futuro del vino - Monaco Tribune\" \/>\n<meta property=\"og:description\" content=\"Nell\u2019era dei cambiamenti climatici, il caldo e la siccit\u00e0 potrebbero essere una minaccia a lungo termine per i vigneti della Costa Azzurra. Con un aumento\" \/>\n<meta property=\"og:url\" content=\"https:\/\/www.monaco-tribune.com\/it\/2021\/02\/i-cambiamenti-climatici-potrebbero-cambiare-il-futuro-del-vino\/\" \/>\n<meta property=\"og:site_name\" content=\"Monaco Tribune\" \/>\n<meta property=\"article:publisher\" content=\"https:\/\/www.facebook.com\/MonacoTribune\" \/>\n<meta property=\"article:published_time\" content=\"2021-02-19T18:07:17+00:00\" \/>\n<meta property=\"article:modified_time\" content=\"2021-02-19T18:07:24+00:00\" \/>\n<meta property=\"og:image\" content=\"https:\/\/www.monaco-tribune.com\/wp-content\/uploads\/2021\/02\/photo-domaine-credits-jean-luc-armand-1.jpg\" \/>\n\t<meta property=\"og:image:width\" content=\"1200\" \/>\n\t<meta property=\"og:image:height\" content=\"727\" \/>\n\t<meta property=\"og:image:type\" content=\"image\/jpeg\" \/>\n<meta name=\"author\" content=\"Aliz\u00e9e Mosconi\" \/>\n<meta name=\"twitter:card\" content=\"summary_large_image\" \/>\n<meta name=\"twitter:creator\" content=\"@MonacoTribune\" \/>\n<meta name=\"twitter:site\" content=\"@MonacoTribune\" \/>\n<script type=\"application\/ld+json\" class=\"yoast-schema-graph\">{\"@context\":\"https:\\\/\\\/schema.org\",\"@graph\":[{\"@type\":\"NewsArticle\",\"@id\":\"https:\\\/\\\/www.monaco-tribune.com\\\/it\\\/2021\\\/02\\\/i-cambiamenti-climatici-potrebbero-cambiare-il-futuro-del-vino\\\/#article\",\"isPartOf\":{\"@id\":\"https:\\\/\\\/www.monaco-tribune.com\\\/it\\\/2021\\\/02\\\/i-cambiamenti-climatici-potrebbero-cambiare-il-futuro-del-vino\\\/\"},\"author\":{\"name\":\"Aliz\u00e9e Mosconi\",\"@id\":\"https:\\\/\\\/www.monaco-tribune.com\\\/it\\\/#\\\/schema\\\/person\\\/bb7eedbeede1d20ce8d51e52bde2c1e8\"},\"headline\":\"I cambiamenti climatici potrebbero cambiare il futuro del vino\",\"datePublished\":\"2021-02-19T18:07:17+00:00\",\"dateModified\":\"2021-02-19T18:07:24+00:00\",\"mainEntityOfPage\":{\"@id\":\"https:\\\/\\\/www.monaco-tribune.com\\\/it\\\/2021\\\/02\\\/i-cambiamenti-climatici-potrebbero-cambiare-il-futuro-del-vino\\\/\"},\"wordCount\":796,\"publisher\":{\"@id\":\"https:\\\/\\\/www.monaco-tribune.com\\\/it\\\/#organization\"},\"image\":{\"@id\":\"https:\\\/\\\/www.monaco-tribune.com\\\/it\\\/2021\\\/02\\\/i-cambiamenti-climatici-potrebbero-cambiare-il-futuro-del-vino\\\/#primaryimage\"},\"thumbnailUrl\":\"https:\\\/\\\/www.monaco-tribune.com\\\/wp-content\\\/uploads\\\/2021\\\/02\\\/photo-domaine-credits-jean-luc-armand-1.jpg\",\"keywords\":[\"Gastronomia\"],\"articleSection\":[\"Green\",\"La nostra scelta\",\"Notizie\"],\"inLanguage\":\"it-IT\",\"copyrightYear\":\"2021\",\"copyrightHolder\":{\"@id\":\"https:\\\/\\\/www.monaco-tribune.com\\\/#organization\"}},{\"@type\":\"WebPage\",\"@id\":\"https:\\\/\\\/www.monaco-tribune.com\\\/it\\\/2021\\\/02\\\/i-cambiamenti-climatici-potrebbero-cambiare-il-futuro-del-vino\\\/\",\"url\":\"https:\\\/\\\/www.monaco-tribune.com\\\/it\\\/2021\\\/02\\\/i-cambiamenti-climatici-potrebbero-cambiare-il-futuro-del-vino\\\/\",\"name\":\"I cambiamenti climatici potrebbero cambiare il futuro del vino\",\"isPartOf\":{\"@id\":\"https:\\\/\\\/www.monaco-tribune.com\\\/it\\\/#website\"},\"primaryImageOfPage\":{\"@id\":\"https:\\\/\\\/www.monaco-tribune.com\\\/it\\\/2021\\\/02\\\/i-cambiamenti-climatici-potrebbero-cambiare-il-futuro-del-vino\\\/#primaryimage\"},\"image\":{\"@id\":\"https:\\\/\\\/www.monaco-tribune.com\\\/it\\\/2021\\\/02\\\/i-cambiamenti-climatici-potrebbero-cambiare-il-futuro-del-vino\\\/#primaryimage\"},\"thumbnailUrl\":\"https:\\\/\\\/www.monaco-tribune.com\\\/wp-content\\\/uploads\\\/2021\\\/02\\\/photo-domaine-credits-jean-luc-armand-1.jpg\",\"datePublished\":\"2021-02-19T18:07:17+00:00\",\"dateModified\":\"2021-02-19T18:07:24+00:00\",\"description\":\"Nell\u2019era dei cambiamenti climatici, il caldo e la siccit\u00e0 potrebbero essere una minaccia a lungo termine per i vigneti della Costa Azzurra. Con un aumento\",\"breadcrumb\":{\"@id\":\"https:\\\/\\\/www.monaco-tribune.com\\\/it\\\/2021\\\/02\\\/i-cambiamenti-climatici-potrebbero-cambiare-il-futuro-del-vino\\\/#breadcrumb\"},\"inLanguage\":\"it-IT\",\"potentialAction\":[{\"@type\":\"ReadAction\",\"target\":[\"https:\\\/\\\/www.monaco-tribune.com\\\/it\\\/2021\\\/02\\\/i-cambiamenti-climatici-potrebbero-cambiare-il-futuro-del-vino\\\/\"]}]},{\"@type\":\"ImageObject\",\"inLanguage\":\"it-IT\",\"@id\":\"https:\\\/\\\/www.monaco-tribune.com\\\/it\\\/2021\\\/02\\\/i-cambiamenti-climatici-potrebbero-cambiare-il-futuro-del-vino\\\/#primaryimage\",\"url\":\"https:\\\/\\\/www.monaco-tribune.com\\\/wp-content\\\/uploads\\\/2021\\\/02\\\/photo-domaine-credits-jean-luc-armand-1.jpg\",\"contentUrl\":\"https:\\\/\\\/www.monaco-tribune.com\\\/wp-content\\\/uploads\\\/2021\\\/02\\\/photo-domaine-credits-jean-luc-armand-1.jpg\",\"width\":1200,\"height\":727,\"caption\":\"Foto Domaine credits Jean Luc Armand (1)\"},{\"@type\":\"BreadcrumbList\",\"@id\":\"https:\\\/\\\/www.monaco-tribune.com\\\/it\\\/2021\\\/02\\\/i-cambiamenti-climatici-potrebbero-cambiare-il-futuro-del-vino\\\/#breadcrumb\",\"itemListElement\":[{\"@type\":\"ListItem\",\"position\":1,\"name\":\"Accueil\",\"item\":\"https:\\\/\\\/www.monaco-tribune.com\\\/it\\\/\"},{\"@type\":\"ListItem\",\"position\":2,\"name\":\"I cambiamenti climatici potrebbero cambiare il futuro del vino\"}]},{\"@type\":\"WebSite\",\"@id\":\"https:\\\/\\\/www.monaco-tribune.com\\\/it\\\/#website\",\"url\":\"https:\\\/\\\/www.monaco-tribune.com\\\/it\\\/\",\"name\":\"Monaco Tribune\",\"description\":\"Monaco : actualit\u00e9s \u00e9conomiques, politiques, culturelles et sportives de Monaco et de la French Riviera.\",\"publisher\":{\"@id\":\"https:\\\/\\\/www.monaco-tribune.com\\\/it\\\/#organization\"},\"potentialAction\":[{\"@type\":\"SearchAction\",\"target\":{\"@type\":\"EntryPoint\",\"urlTemplate\":\"https:\\\/\\\/www.monaco-tribune.com\\\/it\\\/?s={search_term_string}\"},\"query-input\":{\"@type\":\"PropertyValueSpecification\",\"valueRequired\":true,\"valueName\":\"search_term_string\"}}],\"inLanguage\":\"it-IT\"},{\"@type\":\"Organization\",\"@id\":\"https:\\\/\\\/www.monaco-tribune.com\\\/it\\\/#organization\",\"name\":\"Monaco Tribune\",\"url\":\"https:\\\/\\\/www.monaco-tribune.com\\\/it\\\/\",\"logo\":{\"@type\":\"ImageObject\",\"inLanguage\":\"it-IT\",\"@id\":\"https:\\\/\\\/www.monaco-tribune.com\\\/it\\\/#\\\/schema\\\/logo\\\/image\\\/\",\"url\":\"https:\\\/\\\/www.monaco-tribune.com\\\/wp-content\\\/uploads\\\/2022\\\/11\\\/logo-monaco-tribune.png\",\"contentUrl\":\"https:\\\/\\\/www.monaco-tribune.com\\\/wp-content\\\/uploads\\\/2022\\\/11\\\/logo-monaco-tribune.png\",\"width\":1548,\"height\":600,\"caption\":\"Monaco Tribune\"},\"image\":{\"@id\":\"https:\\\/\\\/www.monaco-tribune.com\\\/it\\\/#\\\/schema\\\/logo\\\/image\\\/\"},\"sameAs\":[\"https:\\\/\\\/www.facebook.com\\\/MonacoTribune\",\"https:\\\/\\\/x.com\\\/MonacoTribune\",\"https:\\\/\\\/www.instagram.com\\\/monacotribune\\\/\",\"https:\\\/\\\/www.linkedin.com\\\/company\\\/monaco-tribune\",\"https:\\\/\\\/www.youtube.com\\\/channel\\\/UCHle1MnG6hw1y4lWKijVbMA\"]},{\"@type\":\"Person\",\"@id\":\"https:\\\/\\\/www.monaco-tribune.com\\\/it\\\/#\\\/schema\\\/person\\\/bb7eedbeede1d20ce8d51e52bde2c1e8\",\"name\":\"Aliz\u00e9e Mosconi\",\"image\":{\"@type\":\"ImageObject\",\"inLanguage\":\"it-IT\",\"@id\":\"https:\\\/\\\/secure.gravatar.com\\\/avatar\\\/a01ecf8f75ca312b8db6f53ca7d56a4f7d4dd75acdd7f8605efab1d10294a17f?s=96&d=mm&r=g\",\"url\":\"https:\\\/\\\/secure.gravatar.com\\\/avatar\\\/a01ecf8f75ca312b8db6f53ca7d56a4f7d4dd75acdd7f8605efab1d10294a17f?s=96&d=mm&r=g\",\"contentUrl\":\"https:\\\/\\\/secure.gravatar.com\\\/avatar\\\/a01ecf8f75ca312b8db6f53ca7d56a4f7d4dd75acdd7f8605efab1d10294a17f?s=96&d=mm&r=g\",\"caption\":\"Aliz\u00e9e Mosconi\"},\"url\":\"https:\\\/\\\/www.monaco-tribune.com\\\/it\\\/author\\\/alizeemosconi\\\/\"}]}<\/script>\n<!-- \/ Yoast SEO Premium plugin. -->","yoast_head_json":{"title":"I cambiamenti climatici potrebbero cambiare il futuro del vino","description":"Nell\u2019era dei cambiamenti climatici, il caldo e la siccit\u00e0 potrebbero essere una minaccia a lungo termine per i vigneti della Costa Azzurra. Con un aumento","robots":{"index":"index","follow":"follow","max-snippet":"max-snippet:-1","max-image-preview":"max-image-preview:large","max-video-preview":"max-video-preview:-1"},"canonical":"https:\/\/www.monaco-tribune.com\/it\/2021\/02\/i-cambiamenti-climatici-potrebbero-cambiare-il-futuro-del-vino\/","og_locale":"it_IT","og_type":"article","og_title":"I cambiamenti climatici potrebbero cambiare il futuro del vino - Monaco Tribune","og_description":"Nell\u2019era dei cambiamenti climatici, il caldo e la siccit\u00e0 potrebbero essere una minaccia a lungo termine per i vigneti della Costa Azzurra. Con un aumento","og_url":"https:\/\/www.monaco-tribune.com\/it\/2021\/02\/i-cambiamenti-climatici-potrebbero-cambiare-il-futuro-del-vino\/","og_site_name":"Monaco Tribune","article_publisher":"https:\/\/www.facebook.com\/MonacoTribune","article_published_time":"2021-02-19T18:07:17+00:00","article_modified_time":"2021-02-19T18:07:24+00:00","og_image":[{"width":1200,"height":727,"url":"https:\/\/www.monaco-tribune.com\/wp-content\/uploads\/2021\/02\/photo-domaine-credits-jean-luc-armand-1.jpg","type":"image\/jpeg"}],"author":"Aliz\u00e9e Mosconi","twitter_card":"summary_large_image","twitter_creator":"@MonacoTribune","twitter_site":"@MonacoTribune","schema":{"@context":"https:\/\/schema.org","@graph":[{"@type":"NewsArticle","@id":"https:\/\/www.monaco-tribune.com\/it\/2021\/02\/i-cambiamenti-climatici-potrebbero-cambiare-il-futuro-del-vino\/#article","isPartOf":{"@id":"https:\/\/www.monaco-tribune.com\/it\/2021\/02\/i-cambiamenti-climatici-potrebbero-cambiare-il-futuro-del-vino\/"},"author":{"name":"Aliz\u00e9e Mosconi","@id":"https:\/\/www.monaco-tribune.com\/it\/#\/schema\/person\/bb7eedbeede1d20ce8d51e52bde2c1e8"},"headline":"I cambiamenti climatici potrebbero cambiare il futuro del vino","datePublished":"2021-02-19T18:07:17+00:00","dateModified":"2021-02-19T18:07:24+00:00","mainEntityOfPage":{"@id":"https:\/\/www.monaco-tribune.com\/it\/2021\/02\/i-cambiamenti-climatici-potrebbero-cambiare-il-futuro-del-vino\/"},"wordCount":796,"publisher":{"@id":"https:\/\/www.monaco-tribune.com\/it\/#organization"},"image":{"@id":"https:\/\/www.monaco-tribune.com\/it\/2021\/02\/i-cambiamenti-climatici-potrebbero-cambiare-il-futuro-del-vino\/#primaryimage"},"thumbnailUrl":"https:\/\/www.monaco-tribune.com\/wp-content\/uploads\/2021\/02\/photo-domaine-credits-jean-luc-armand-1.jpg","keywords":["Gastronomia"],"articleSection":["Green","La nostra scelta","Notizie"],"inLanguage":"it-IT","copyrightYear":"2021","copyrightHolder":{"@id":"https:\/\/www.monaco-tribune.com\/#organization"}},{"@type":"WebPage","@id":"https:\/\/www.monaco-tribune.com\/it\/2021\/02\/i-cambiamenti-climatici-potrebbero-cambiare-il-futuro-del-vino\/","url":"https:\/\/www.monaco-tribune.com\/it\/2021\/02\/i-cambiamenti-climatici-potrebbero-cambiare-il-futuro-del-vino\/","name":"I cambiamenti climatici potrebbero cambiare il futuro del vino","isPartOf":{"@id":"https:\/\/www.monaco-tribune.com\/it\/#website"},"primaryImageOfPage":{"@id":"https:\/\/www.monaco-tribune.com\/it\/2021\/02\/i-cambiamenti-climatici-potrebbero-cambiare-il-futuro-del-vino\/#primaryimage"},"image":{"@id":"https:\/\/www.monaco-tribune.com\/it\/2021\/02\/i-cambiamenti-climatici-potrebbero-cambiare-il-futuro-del-vino\/#primaryimage"},"thumbnailUrl":"https:\/\/www.monaco-tribune.com\/wp-content\/uploads\/2021\/02\/photo-domaine-credits-jean-luc-armand-1.jpg","datePublished":"2021-02-19T18:07:17+00:00","dateModified":"2021-02-19T18:07:24+00:00","description":"Nell\u2019era dei cambiamenti climatici, il caldo e la siccit\u00e0 potrebbero essere una minaccia a lungo termine per i vigneti della Costa Azzurra. Con un aumento","breadcrumb":{"@id":"https:\/\/www.monaco-tribune.com\/it\/2021\/02\/i-cambiamenti-climatici-potrebbero-cambiare-il-futuro-del-vino\/#breadcrumb"},"inLanguage":"it-IT","potentialAction":[{"@type":"ReadAction","target":["https:\/\/www.monaco-tribune.com\/it\/2021\/02\/i-cambiamenti-climatici-potrebbero-cambiare-il-futuro-del-vino\/"]}]},{"@type":"ImageObject","inLanguage":"it-IT","@id":"https:\/\/www.monaco-tribune.com\/it\/2021\/02\/i-cambiamenti-climatici-potrebbero-cambiare-il-futuro-del-vino\/#primaryimage","url":"https:\/\/www.monaco-tribune.com\/wp-content\/uploads\/2021\/02\/photo-domaine-credits-jean-luc-armand-1.jpg","contentUrl":"https:\/\/www.monaco-tribune.com\/wp-content\/uploads\/2021\/02\/photo-domaine-credits-jean-luc-armand-1.jpg","width":1200,"height":727,"caption":"Foto Domaine credits Jean Luc Armand (1)"},{"@type":"BreadcrumbList","@id":"https:\/\/www.monaco-tribune.com\/it\/2021\/02\/i-cambiamenti-climatici-potrebbero-cambiare-il-futuro-del-vino\/#breadcrumb","itemListElement":[{"@type":"ListItem","position":1,"name":"Accueil","item":"https:\/\/www.monaco-tribune.com\/it\/"},{"@type":"ListItem","position":2,"name":"I cambiamenti climatici potrebbero cambiare il futuro del vino"}]},{"@type":"WebSite","@id":"https:\/\/www.monaco-tribune.com\/it\/#website","url":"https:\/\/www.monaco-tribune.com\/it\/","name":"Monaco Tribune","description":"Monaco : actualit\u00e9s \u00e9conomiques, politiques, culturelles et sportives de Monaco et de la French Riviera.","publisher":{"@id":"https:\/\/www.monaco-tribune.com\/it\/#organization"},"potentialAction":[{"@type":"SearchAction","target":{"@type":"EntryPoint","urlTemplate":"https:\/\/www.monaco-tribune.com\/it\/?s={search_term_string}"},"query-input":{"@type":"PropertyValueSpecification","valueRequired":true,"valueName":"search_term_string"}}],"inLanguage":"it-IT"},{"@type":"Organization","@id":"https:\/\/www.monaco-tribune.com\/it\/#organization","name":"Monaco Tribune","url":"https:\/\/www.monaco-tribune.com\/it\/","logo":{"@type":"ImageObject","inLanguage":"it-IT","@id":"https:\/\/www.monaco-tribune.com\/it\/#\/schema\/logo\/image\/","url":"https:\/\/www.monaco-tribune.com\/wp-content\/uploads\/2022\/11\/logo-monaco-tribune.png","contentUrl":"https:\/\/www.monaco-tribune.com\/wp-content\/uploads\/2022\/11\/logo-monaco-tribune.png","width":1548,"height":600,"caption":"Monaco Tribune"},"image":{"@id":"https:\/\/www.monaco-tribune.com\/it\/#\/schema\/logo\/image\/"},"sameAs":["https:\/\/www.facebook.com\/MonacoTribune","https:\/\/x.com\/MonacoTribune","https:\/\/www.instagram.com\/monacotribune\/","https:\/\/www.linkedin.com\/company\/monaco-tribune","https:\/\/www.youtube.com\/channel\/UCHle1MnG6hw1y4lWKijVbMA"]},{"@type":"Person","@id":"https:\/\/www.monaco-tribune.com\/it\/#\/schema\/person\/bb7eedbeede1d20ce8d51e52bde2c1e8","name":"Aliz\u00e9e Mosconi","image":{"@type":"ImageObject","inLanguage":"it-IT","@id":"https:\/\/secure.gravatar.com\/avatar\/a01ecf8f75ca312b8db6f53ca7d56a4f7d4dd75acdd7f8605efab1d10294a17f?s=96&d=mm&r=g","url":"https:\/\/secure.gravatar.com\/avatar\/a01ecf8f75ca312b8db6f53ca7d56a4f7d4dd75acdd7f8605efab1d10294a17f?s=96&d=mm&r=g","contentUrl":"https:\/\/secure.gravatar.com\/avatar\/a01ecf8f75ca312b8db6f53ca7d56a4f7d4dd75acdd7f8605efab1d10294a17f?s=96&d=mm&r=g","caption":"Aliz\u00e9e Mosconi"},"url":"https:\/\/www.monaco-tribune.com\/it\/author\/alizeemosconi\/"}]}},"_links":{"self":[{"href":"https:\/\/www.monaco-tribune.com\/it\/wp-json\/wp\/v2\/posts\/69278","targetHints":{"allow":["GET"]}}],"collection":[{"href":"https:\/\/www.monaco-tribune.com\/it\/wp-json\/wp\/v2\/posts"}],"about":[{"href":"https:\/\/www.monaco-tribune.com\/it\/wp-json\/wp\/v2\/types\/post"}],"author":[{"embeddable":true,"href":"https:\/\/www.monaco-tribune.com\/it\/wp-json\/wp\/v2\/users\/50"}],"replies":[{"embeddable":true,"href":"https:\/\/www.monaco-tribune.com\/it\/wp-json\/wp\/v2\/comments?post=69278"}],"version-history":[{"count":0,"href":"https:\/\/www.monaco-tribune.com\/it\/wp-json\/wp\/v2\/posts\/69278\/revisions"}],"wp:featuredmedia":[{"embeddable":true,"href":"https:\/\/www.monaco-tribune.com\/it\/wp-json\/wp\/v2\/media\/69050"}],"wp:attachment":[{"href":"https:\/\/www.monaco-tribune.com\/it\/wp-json\/wp\/v2\/media?parent=69278"}],"wp:term":[{"taxonomy":"category","embeddable":true,"href":"https:\/\/www.monaco-tribune.com\/it\/wp-json\/wp\/v2\/categories?post=69278"},{"taxonomy":"post_tag","embeddable":true,"href":"https:\/\/www.monaco-tribune.com\/it\/wp-json\/wp\/v2\/tags?post=69278"},{"taxonomy":"sectag","embeddable":true,"href":"https:\/\/www.monaco-tribune.com\/it\/wp-json\/wp\/v2\/post_sectags?post=69278"},{"taxonomy":"format","embeddable":true,"href":"https:\/\/www.monaco-tribune.com\/it\/wp-json\/wp\/v2\/post_format?post=69278"}],"curies":[{"name":"wp","href":"https:\/\/api.w.org\/{rel}","templated":true}]}}