{"id":69595,"date":"2021-02-23T18:17:59","date_gmt":"2021-02-23T17:17:59","guid":{"rendered":"https:\/\/www.monaco-tribune.com\/2021\/02\/la-fondazione-principe-alberto-ii-lancia-un-concorso-di-fotografia-naturalistica\/"},"modified":"2021-02-23T18:20:57","modified_gmt":"2021-02-23T17:20:57","slug":"la-fondazione-principe-alberto-ii-lancia-un-concorso-di-fotografia-naturalistica","status":"publish","type":"post","link":"https:\/\/www.monaco-tribune.com\/it\/2021\/02\/la-fondazione-principe-alberto-ii-lancia-un-concorso-di-fotografia-naturalistica\/","title":{"rendered":"La Fondazione Principe Alberto II lancia un concorso di fotografia naturalistica"},"content":{"rendered":"\n<p><strong>In occasione del suo 15\u00b0 anniversario, la Fondazione Principe Alberto II di Monaco ha lanciato un concorso internazionale di fotografia naturalistica.<\/strong><\/p>\n\n\n\n<p>L&#8217;ambiente: \u00e8 intorno a questa tematica che ruota il concorso internazionale di fotografia della Fondazione Principe Alberto II. Un tema che prende ancora pi\u00f9 significato vista l&#8217;attuale crisi sanitaria. Il concorso chiamato &#8220;L&#8217;uomo e la fauna selvatica: destini incrociati, territori condivisi&#8221; \u00e8 in partenariato con Barclays Private Bank e Monaco Digital.<\/p>\n\n\n\n<blockquote class=\"wp-block-quote is-layout-flow wp-block-quote-is-layout-flow\"><p>Speriamo che questa campagna possa contribuire agli sforzi compiuti per sviluppare un rapporto armonioso con la natura<\/p><cite>Olivier Wenden, Vice-presidente e amministratore delegato della Fondazione<\/cite><\/blockquote>\n\n\n\n<h2 class=\"wp-block-heading\" id=\"h-una-giuria-di-qualit\">Una giuria di qualit\u00e0<\/h2>\n\n\n\n<p>Il vincitore del premio di fotografia naturalistica e i vincitori delle tre categorie del concorso saranno scelti da una giuria formata da fotografi professionisti e rappresentanti di enti che lottano per uno sviluppo pi\u00f9 sostenibile. Anche il pubblico avr\u00e0 voce in capitolo, con la possibilit\u00e0 di votare la foto preferita sulla pagina del concorso.<\/p>\n\n\n\n<p>Tra i membri della giuria troviamo Ragnar Axelsson, alias RAX, fotoreporter e documentarista specializzato nell&#8217;Artico, Frederick Dharshie Wissah, fotografo naturalista vincitore del CIWEM nel 2019 o ancora Lisa Samford, Direttrice generale di Jackson Wild. Le foto pi\u00f9 belle saranno esposte a Monaco dal 4 maggio al 1\u00b0 giugno 2021.<\/p>\n\n\n\n<p>Attraverso la piattaforma <a href=\"https:\/\/www.photocrowd.com\/pa2faward\/\">Photocrowd<\/a>, dal 22 febbraio al 28 marzo 2021, i partecipanti potranno presentare fino a cinque fotografie nelle categorie &#8220;Meraviglie della fauna selvatica&#8221;, &#8220;Fauna selvatica in crisi&#8221; e &#8220;Una luce di speranza&#8221;.<\/p>\n","protected":false},"excerpt":{"rendered":"<p>In occasione del suo 15\u00b0 anniversario, la Fondazione Principe Alberto II di Monaco ha lanciato un concorso internazionale di fotografia [&hellip;]<\/p>\n","protected":false},"author":47,"featured_media":69546,"comment_status":"closed","ping_status":"closed","sticky":false,"template":"","format":"standard","meta":{"_acf_changed":false,"footnotes":""},"categories":[1839,1738],"tags":[3205],"post_sectags":[],"post_format":[2478],"class_list":["post-69595","post","type-post","status-publish","format-standard","has-post-thumbnail","hentry","category-green","category-notizie","tag-fondazione-del-principe","format-notizia"],"acf":[],"yoast_head":"<!-- This site is optimized with the Yoast SEO Premium plugin v26.8 (Yoast SEO v27.5) - https:\/\/yoast.com\/product\/yoast-seo-premium-wordpress\/ -->\n<title>La Fondazione Principe Alberto II lancia un concorso di fotografia naturalistica<\/title>\n<meta name=\"description\" content=\"In occasione del suo 15\u00b0 anniversario, la Fondazione Principe Alberto II di Monaco ha lanciato un concorso internazionale di fotografia naturalistica.\" \/>\n<meta name=\"robots\" content=\"index, follow, max-snippet:-1, max-image-preview:large, max-video-preview:-1\" \/>\n<link rel=\"canonical\" href=\"https:\/\/www.monaco-tribune.com\/it\/2021\/02\/la-fondazione-principe-alberto-ii-lancia-un-concorso-di-fotografia-naturalistica\/\" \/>\n<meta property=\"og:locale\" content=\"it_IT\" \/>\n<meta property=\"og:type\" content=\"article\" \/>\n<meta property=\"og:title\" content=\"La Fondazione Principe Alberto II lancia un concorso di fotografia naturalistica - Monaco Tribune\" \/>\n<meta property=\"og:description\" content=\"In occasione del suo 15\u00b0 anniversario, la Fondazione Principe Alberto II di Monaco ha lanciato un concorso internazionale di fotografia naturalistica.\" \/>\n<meta property=\"og:url\" content=\"https:\/\/www.monaco-tribune.com\/it\/2021\/02\/la-fondazione-principe-alberto-ii-lancia-un-concorso-di-fotografia-naturalistica\/\" \/>\n<meta property=\"og:site_name\" content=\"Monaco Tribune\" \/>\n<meta property=\"article:publisher\" content=\"https:\/\/www.facebook.com\/MonacoTribune\" \/>\n<meta property=\"article:published_time\" content=\"2021-02-23T17:17:59+00:00\" \/>\n<meta property=\"article:modified_time\" content=\"2021-02-23T17:20:57+00:00\" \/>\n<meta property=\"og:image\" content=\"https:\/\/www.monaco-tribune.com\/wp-content\/uploads\/2021\/02\/concours-photo-1.jpg\" \/>\n\t<meta property=\"og:image:width\" content=\"1200\" \/>\n\t<meta property=\"og:image:height\" content=\"799\" \/>\n\t<meta property=\"og:image:type\" content=\"image\/jpeg\" \/>\n<meta name=\"author\" content=\"Agathe Ch\u00e9reau\" \/>\n<meta name=\"twitter:card\" content=\"summary_large_image\" \/>\n<meta name=\"twitter:creator\" content=\"@MonacoTribune\" \/>\n<meta name=\"twitter:site\" content=\"@MonacoTribune\" \/>\n<script type=\"application\/ld+json\" class=\"yoast-schema-graph\">{\"@context\":\"https:\\\/\\\/schema.org\",\"@graph\":[{\"@type\":\"NewsArticle\",\"@id\":\"https:\\\/\\\/www.monaco-tribune.com\\\/it\\\/2021\\\/02\\\/la-fondazione-principe-alberto-ii-lancia-un-concorso-di-fotografia-naturalistica\\\/#article\",\"isPartOf\":{\"@id\":\"https:\\\/\\\/www.monaco-tribune.com\\\/it\\\/2021\\\/02\\\/la-fondazione-principe-alberto-ii-lancia-un-concorso-di-fotografia-naturalistica\\\/\"},\"author\":{\"name\":\"Agathe Ch\u00e9reau\",\"@id\":\"https:\\\/\\\/www.monaco-tribune.com\\\/it\\\/#\\\/schema\\\/person\\\/fba2f8d5a098d473c92e84cc43a8f730\"},\"headline\":\"La Fondazione Principe Alberto II lancia un concorso di fotografia naturalistica\",\"datePublished\":\"2021-02-23T17:17:59+00:00\",\"dateModified\":\"2021-02-23T17:20:57+00:00\",\"mainEntityOfPage\":{\"@id\":\"https:\\\/\\\/www.monaco-tribune.com\\\/it\\\/2021\\\/02\\\/la-fondazione-principe-alberto-ii-lancia-un-concorso-di-fotografia-naturalistica\\\/\"},\"wordCount\":243,\"publisher\":{\"@id\":\"https:\\\/\\\/www.monaco-tribune.com\\\/it\\\/#organization\"},\"image\":{\"@id\":\"https:\\\/\\\/www.monaco-tribune.com\\\/it\\\/2021\\\/02\\\/la-fondazione-principe-alberto-ii-lancia-un-concorso-di-fotografia-naturalistica\\\/#primaryimage\"},\"thumbnailUrl\":\"https:\\\/\\\/www.monaco-tribune.com\\\/wp-content\\\/uploads\\\/2021\\\/02\\\/concours-photo-1.jpg\",\"keywords\":[\"Fondazione del Principe\"],\"articleSection\":[\"Green\",\"Notizie\"],\"inLanguage\":\"it-IT\",\"copyrightYear\":\"2021\",\"copyrightHolder\":{\"@id\":\"https:\\\/\\\/www.monaco-tribune.com\\\/#organization\"}},{\"@type\":\"WebPage\",\"@id\":\"https:\\\/\\\/www.monaco-tribune.com\\\/it\\\/2021\\\/02\\\/la-fondazione-principe-alberto-ii-lancia-un-concorso-di-fotografia-naturalistica\\\/\",\"url\":\"https:\\\/\\\/www.monaco-tribune.com\\\/it\\\/2021\\\/02\\\/la-fondazione-principe-alberto-ii-lancia-un-concorso-di-fotografia-naturalistica\\\/\",\"name\":\"La Fondazione Principe Alberto II lancia un concorso di fotografia naturalistica\",\"isPartOf\":{\"@id\":\"https:\\\/\\\/www.monaco-tribune.com\\\/it\\\/#website\"},\"primaryImageOfPage\":{\"@id\":\"https:\\\/\\\/www.monaco-tribune.com\\\/it\\\/2021\\\/02\\\/la-fondazione-principe-alberto-ii-lancia-un-concorso-di-fotografia-naturalistica\\\/#primaryimage\"},\"image\":{\"@id\":\"https:\\\/\\\/www.monaco-tribune.com\\\/it\\\/2021\\\/02\\\/la-fondazione-principe-alberto-ii-lancia-un-concorso-di-fotografia-naturalistica\\\/#primaryimage\"},\"thumbnailUrl\":\"https:\\\/\\\/www.monaco-tribune.com\\\/wp-content\\\/uploads\\\/2021\\\/02\\\/concours-photo-1.jpg\",\"datePublished\":\"2021-02-23T17:17:59+00:00\",\"dateModified\":\"2021-02-23T17:20:57+00:00\",\"description\":\"In occasione del suo 15\u00b0 anniversario, la Fondazione Principe Alberto II di Monaco ha lanciato un concorso internazionale di fotografia naturalistica.\",\"breadcrumb\":{\"@id\":\"https:\\\/\\\/www.monaco-tribune.com\\\/it\\\/2021\\\/02\\\/la-fondazione-principe-alberto-ii-lancia-un-concorso-di-fotografia-naturalistica\\\/#breadcrumb\"},\"inLanguage\":\"it-IT\",\"potentialAction\":[{\"@type\":\"ReadAction\",\"target\":[\"https:\\\/\\\/www.monaco-tribune.com\\\/it\\\/2021\\\/02\\\/la-fondazione-principe-alberto-ii-lancia-un-concorso-di-fotografia-naturalistica\\\/\"]}]},{\"@type\":\"ImageObject\",\"inLanguage\":\"it-IT\",\"@id\":\"https:\\\/\\\/www.monaco-tribune.com\\\/it\\\/2021\\\/02\\\/la-fondazione-principe-alberto-ii-lancia-un-concorso-di-fotografia-naturalistica\\\/#primaryimage\",\"url\":\"https:\\\/\\\/www.monaco-tribune.com\\\/wp-content\\\/uploads\\\/2021\\\/02\\\/concours-photo-1.jpg\",\"contentUrl\":\"https:\\\/\\\/www.monaco-tribune.com\\\/wp-content\\\/uploads\\\/2021\\\/02\\\/concours-photo-1.jpg\",\"width\":1200,\"height\":799,\"caption\":\"Unsplash\"},{\"@type\":\"BreadcrumbList\",\"@id\":\"https:\\\/\\\/www.monaco-tribune.com\\\/it\\\/2021\\\/02\\\/la-fondazione-principe-alberto-ii-lancia-un-concorso-di-fotografia-naturalistica\\\/#breadcrumb\",\"itemListElement\":[{\"@type\":\"ListItem\",\"position\":1,\"name\":\"Accueil\",\"item\":\"https:\\\/\\\/www.monaco-tribune.com\\\/it\\\/\"},{\"@type\":\"ListItem\",\"position\":2,\"name\":\"La Fondazione Principe Alberto II lancia un concorso di fotografia naturalistica\"}]},{\"@type\":\"WebSite\",\"@id\":\"https:\\\/\\\/www.monaco-tribune.com\\\/it\\\/#website\",\"url\":\"https:\\\/\\\/www.monaco-tribune.com\\\/it\\\/\",\"name\":\"Monaco Tribune\",\"description\":\"Monaco : actualit\u00e9s \u00e9conomiques, politiques, culturelles et sportives de Monaco et de la French Riviera.\",\"publisher\":{\"@id\":\"https:\\\/\\\/www.monaco-tribune.com\\\/it\\\/#organization\"},\"potentialAction\":[{\"@type\":\"SearchAction\",\"target\":{\"@type\":\"EntryPoint\",\"urlTemplate\":\"https:\\\/\\\/www.monaco-tribune.com\\\/it\\\/?s={search_term_string}\"},\"query-input\":{\"@type\":\"PropertyValueSpecification\",\"valueRequired\":true,\"valueName\":\"search_term_string\"}}],\"inLanguage\":\"it-IT\"},{\"@type\":\"Organization\",\"@id\":\"https:\\\/\\\/www.monaco-tribune.com\\\/it\\\/#organization\",\"name\":\"Monaco Tribune\",\"url\":\"https:\\\/\\\/www.monaco-tribune.com\\\/it\\\/\",\"logo\":{\"@type\":\"ImageObject\",\"inLanguage\":\"it-IT\",\"@id\":\"https:\\\/\\\/www.monaco-tribune.com\\\/it\\\/#\\\/schema\\\/logo\\\/image\\\/\",\"url\":\"https:\\\/\\\/www.monaco-tribune.com\\\/wp-content\\\/uploads\\\/2022\\\/11\\\/logo-monaco-tribune.png\",\"contentUrl\":\"https:\\\/\\\/www.monaco-tribune.com\\\/wp-content\\\/uploads\\\/2022\\\/11\\\/logo-monaco-tribune.png\",\"width\":1548,\"height\":600,\"caption\":\"Monaco Tribune\"},\"image\":{\"@id\":\"https:\\\/\\\/www.monaco-tribune.com\\\/it\\\/#\\\/schema\\\/logo\\\/image\\\/\"},\"sameAs\":[\"https:\\\/\\\/www.facebook.com\\\/MonacoTribune\",\"https:\\\/\\\/x.com\\\/MonacoTribune\",\"https:\\\/\\\/www.instagram.com\\\/monacotribune\\\/\",\"https:\\\/\\\/www.linkedin.com\\\/company\\\/monaco-tribune\",\"https:\\\/\\\/www.youtube.com\\\/channel\\\/UCHle1MnG6hw1y4lWKijVbMA\"]},{\"@type\":\"Person\",\"@id\":\"https:\\\/\\\/www.monaco-tribune.com\\\/it\\\/#\\\/schema\\\/person\\\/fba2f8d5a098d473c92e84cc43a8f730\",\"name\":\"Agathe Ch\u00e9reau\",\"image\":{\"@type\":\"ImageObject\",\"inLanguage\":\"it-IT\",\"@id\":\"https:\\\/\\\/secure.gravatar.com\\\/avatar\\\/884b20ed9d4430c24d77a3ad560b1c21da67bd6992531a1971822779f9988ea5?s=96&d=mm&r=g\",\"url\":\"https:\\\/\\\/secure.gravatar.com\\\/avatar\\\/884b20ed9d4430c24d77a3ad560b1c21da67bd6992531a1971822779f9988ea5?s=96&d=mm&r=g\",\"contentUrl\":\"https:\\\/\\\/secure.gravatar.com\\\/avatar\\\/884b20ed9d4430c24d77a3ad560b1c21da67bd6992531a1971822779f9988ea5?s=96&d=mm&r=g\",\"caption\":\"Agathe Ch\u00e9reau\"},\"url\":\"https:\\\/\\\/www.monaco-tribune.com\\\/it\\\/author\\\/agathechereau\\\/\"}]}<\/script>\n<!-- \/ Yoast SEO Premium plugin. -->","yoast_head_json":{"title":"La Fondazione Principe Alberto II lancia un concorso di fotografia naturalistica","description":"In occasione del suo 15\u00b0 anniversario, la Fondazione Principe Alberto II di Monaco ha lanciato un concorso internazionale di fotografia naturalistica.","robots":{"index":"index","follow":"follow","max-snippet":"max-snippet:-1","max-image-preview":"max-image-preview:large","max-video-preview":"max-video-preview:-1"},"canonical":"https:\/\/www.monaco-tribune.com\/it\/2021\/02\/la-fondazione-principe-alberto-ii-lancia-un-concorso-di-fotografia-naturalistica\/","og_locale":"it_IT","og_type":"article","og_title":"La Fondazione Principe Alberto II lancia un concorso di fotografia naturalistica - Monaco Tribune","og_description":"In occasione del suo 15\u00b0 anniversario, la Fondazione Principe Alberto II di Monaco ha lanciato un concorso internazionale di fotografia naturalistica.","og_url":"https:\/\/www.monaco-tribune.com\/it\/2021\/02\/la-fondazione-principe-alberto-ii-lancia-un-concorso-di-fotografia-naturalistica\/","og_site_name":"Monaco Tribune","article_publisher":"https:\/\/www.facebook.com\/MonacoTribune","article_published_time":"2021-02-23T17:17:59+00:00","article_modified_time":"2021-02-23T17:20:57+00:00","og_image":[{"width":1200,"height":799,"url":"https:\/\/www.monaco-tribune.com\/wp-content\/uploads\/2021\/02\/concours-photo-1.jpg","type":"image\/jpeg"}],"author":"Agathe Ch\u00e9reau","twitter_card":"summary_large_image","twitter_creator":"@MonacoTribune","twitter_site":"@MonacoTribune","schema":{"@context":"https:\/\/schema.org","@graph":[{"@type":"NewsArticle","@id":"https:\/\/www.monaco-tribune.com\/it\/2021\/02\/la-fondazione-principe-alberto-ii-lancia-un-concorso-di-fotografia-naturalistica\/#article","isPartOf":{"@id":"https:\/\/www.monaco-tribune.com\/it\/2021\/02\/la-fondazione-principe-alberto-ii-lancia-un-concorso-di-fotografia-naturalistica\/"},"author":{"name":"Agathe Ch\u00e9reau","@id":"https:\/\/www.monaco-tribune.com\/it\/#\/schema\/person\/fba2f8d5a098d473c92e84cc43a8f730"},"headline":"La Fondazione Principe Alberto II lancia un concorso di fotografia naturalistica","datePublished":"2021-02-23T17:17:59+00:00","dateModified":"2021-02-23T17:20:57+00:00","mainEntityOfPage":{"@id":"https:\/\/www.monaco-tribune.com\/it\/2021\/02\/la-fondazione-principe-alberto-ii-lancia-un-concorso-di-fotografia-naturalistica\/"},"wordCount":243,"publisher":{"@id":"https:\/\/www.monaco-tribune.com\/it\/#organization"},"image":{"@id":"https:\/\/www.monaco-tribune.com\/it\/2021\/02\/la-fondazione-principe-alberto-ii-lancia-un-concorso-di-fotografia-naturalistica\/#primaryimage"},"thumbnailUrl":"https:\/\/www.monaco-tribune.com\/wp-content\/uploads\/2021\/02\/concours-photo-1.jpg","keywords":["Fondazione del Principe"],"articleSection":["Green","Notizie"],"inLanguage":"it-IT","copyrightYear":"2021","copyrightHolder":{"@id":"https:\/\/www.monaco-tribune.com\/#organization"}},{"@type":"WebPage","@id":"https:\/\/www.monaco-tribune.com\/it\/2021\/02\/la-fondazione-principe-alberto-ii-lancia-un-concorso-di-fotografia-naturalistica\/","url":"https:\/\/www.monaco-tribune.com\/it\/2021\/02\/la-fondazione-principe-alberto-ii-lancia-un-concorso-di-fotografia-naturalistica\/","name":"La Fondazione Principe Alberto II lancia un concorso di fotografia naturalistica","isPartOf":{"@id":"https:\/\/www.monaco-tribune.com\/it\/#website"},"primaryImageOfPage":{"@id":"https:\/\/www.monaco-tribune.com\/it\/2021\/02\/la-fondazione-principe-alberto-ii-lancia-un-concorso-di-fotografia-naturalistica\/#primaryimage"},"image":{"@id":"https:\/\/www.monaco-tribune.com\/it\/2021\/02\/la-fondazione-principe-alberto-ii-lancia-un-concorso-di-fotografia-naturalistica\/#primaryimage"},"thumbnailUrl":"https:\/\/www.monaco-tribune.com\/wp-content\/uploads\/2021\/02\/concours-photo-1.jpg","datePublished":"2021-02-23T17:17:59+00:00","dateModified":"2021-02-23T17:20:57+00:00","description":"In occasione del suo 15\u00b0 anniversario, la Fondazione Principe Alberto II di Monaco ha lanciato un concorso internazionale di fotografia naturalistica.","breadcrumb":{"@id":"https:\/\/www.monaco-tribune.com\/it\/2021\/02\/la-fondazione-principe-alberto-ii-lancia-un-concorso-di-fotografia-naturalistica\/#breadcrumb"},"inLanguage":"it-IT","potentialAction":[{"@type":"ReadAction","target":["https:\/\/www.monaco-tribune.com\/it\/2021\/02\/la-fondazione-principe-alberto-ii-lancia-un-concorso-di-fotografia-naturalistica\/"]}]},{"@type":"ImageObject","inLanguage":"it-IT","@id":"https:\/\/www.monaco-tribune.com\/it\/2021\/02\/la-fondazione-principe-alberto-ii-lancia-un-concorso-di-fotografia-naturalistica\/#primaryimage","url":"https:\/\/www.monaco-tribune.com\/wp-content\/uploads\/2021\/02\/concours-photo-1.jpg","contentUrl":"https:\/\/www.monaco-tribune.com\/wp-content\/uploads\/2021\/02\/concours-photo-1.jpg","width":1200,"height":799,"caption":"Unsplash"},{"@type":"BreadcrumbList","@id":"https:\/\/www.monaco-tribune.com\/it\/2021\/02\/la-fondazione-principe-alberto-ii-lancia-un-concorso-di-fotografia-naturalistica\/#breadcrumb","itemListElement":[{"@type":"ListItem","position":1,"name":"Accueil","item":"https:\/\/www.monaco-tribune.com\/it\/"},{"@type":"ListItem","position":2,"name":"La Fondazione Principe Alberto II lancia un concorso di fotografia naturalistica"}]},{"@type":"WebSite","@id":"https:\/\/www.monaco-tribune.com\/it\/#website","url":"https:\/\/www.monaco-tribune.com\/it\/","name":"Monaco Tribune","description":"Monaco : actualit\u00e9s \u00e9conomiques, politiques, culturelles et sportives de Monaco et de la French Riviera.","publisher":{"@id":"https:\/\/www.monaco-tribune.com\/it\/#organization"},"potentialAction":[{"@type":"SearchAction","target":{"@type":"EntryPoint","urlTemplate":"https:\/\/www.monaco-tribune.com\/it\/?s={search_term_string}"},"query-input":{"@type":"PropertyValueSpecification","valueRequired":true,"valueName":"search_term_string"}}],"inLanguage":"it-IT"},{"@type":"Organization","@id":"https:\/\/www.monaco-tribune.com\/it\/#organization","name":"Monaco Tribune","url":"https:\/\/www.monaco-tribune.com\/it\/","logo":{"@type":"ImageObject","inLanguage":"it-IT","@id":"https:\/\/www.monaco-tribune.com\/it\/#\/schema\/logo\/image\/","url":"https:\/\/www.monaco-tribune.com\/wp-content\/uploads\/2022\/11\/logo-monaco-tribune.png","contentUrl":"https:\/\/www.monaco-tribune.com\/wp-content\/uploads\/2022\/11\/logo-monaco-tribune.png","width":1548,"height":600,"caption":"Monaco Tribune"},"image":{"@id":"https:\/\/www.monaco-tribune.com\/it\/#\/schema\/logo\/image\/"},"sameAs":["https:\/\/www.facebook.com\/MonacoTribune","https:\/\/x.com\/MonacoTribune","https:\/\/www.instagram.com\/monacotribune\/","https:\/\/www.linkedin.com\/company\/monaco-tribune","https:\/\/www.youtube.com\/channel\/UCHle1MnG6hw1y4lWKijVbMA"]},{"@type":"Person","@id":"https:\/\/www.monaco-tribune.com\/it\/#\/schema\/person\/fba2f8d5a098d473c92e84cc43a8f730","name":"Agathe Ch\u00e9reau","image":{"@type":"ImageObject","inLanguage":"it-IT","@id":"https:\/\/secure.gravatar.com\/avatar\/884b20ed9d4430c24d77a3ad560b1c21da67bd6992531a1971822779f9988ea5?s=96&d=mm&r=g","url":"https:\/\/secure.gravatar.com\/avatar\/884b20ed9d4430c24d77a3ad560b1c21da67bd6992531a1971822779f9988ea5?s=96&d=mm&r=g","contentUrl":"https:\/\/secure.gravatar.com\/avatar\/884b20ed9d4430c24d77a3ad560b1c21da67bd6992531a1971822779f9988ea5?s=96&d=mm&r=g","caption":"Agathe Ch\u00e9reau"},"url":"https:\/\/www.monaco-tribune.com\/it\/author\/agathechereau\/"}]}},"_links":{"self":[{"href":"https:\/\/www.monaco-tribune.com\/it\/wp-json\/wp\/v2\/posts\/69595","targetHints":{"allow":["GET"]}}],"collection":[{"href":"https:\/\/www.monaco-tribune.com\/it\/wp-json\/wp\/v2\/posts"}],"about":[{"href":"https:\/\/www.monaco-tribune.com\/it\/wp-json\/wp\/v2\/types\/post"}],"author":[{"embeddable":true,"href":"https:\/\/www.monaco-tribune.com\/it\/wp-json\/wp\/v2\/users\/47"}],"replies":[{"embeddable":true,"href":"https:\/\/www.monaco-tribune.com\/it\/wp-json\/wp\/v2\/comments?post=69595"}],"version-history":[{"count":0,"href":"https:\/\/www.monaco-tribune.com\/it\/wp-json\/wp\/v2\/posts\/69595\/revisions"}],"wp:featuredmedia":[{"embeddable":true,"href":"https:\/\/www.monaco-tribune.com\/it\/wp-json\/wp\/v2\/media\/69546"}],"wp:attachment":[{"href":"https:\/\/www.monaco-tribune.com\/it\/wp-json\/wp\/v2\/media?parent=69595"}],"wp:term":[{"taxonomy":"category","embeddable":true,"href":"https:\/\/www.monaco-tribune.com\/it\/wp-json\/wp\/v2\/categories?post=69595"},{"taxonomy":"post_tag","embeddable":true,"href":"https:\/\/www.monaco-tribune.com\/it\/wp-json\/wp\/v2\/tags?post=69595"},{"taxonomy":"sectag","embeddable":true,"href":"https:\/\/www.monaco-tribune.com\/it\/wp-json\/wp\/v2\/post_sectags?post=69595"},{"taxonomy":"format","embeddable":true,"href":"https:\/\/www.monaco-tribune.com\/it\/wp-json\/wp\/v2\/post_format?post=69595"}],"curies":[{"name":"wp","href":"https:\/\/api.w.org\/{rel}","templated":true}]}}