{"id":70769,"date":"2021-03-08T17:21:34","date_gmt":"2021-03-08T16:21:34","guid":{"rendered":"https:\/\/www.monaco-tribune.com\/2021\/03\/la-lotta-per-i-diritti-delle-donne-non-si-ferma-soprattutto-a-monaco\/"},"modified":"2021-03-08T17:28:19","modified_gmt":"2021-03-08T16:28:19","slug":"la-lotta-per-i-diritti-delle-donne-non-si-ferma-soprattutto-a-monaco","status":"publish","type":"post","link":"https:\/\/www.monaco-tribune.com\/it\/2021\/03\/la-lotta-per-i-diritti-delle-donne-non-si-ferma-soprattutto-a-monaco\/","title":{"rendered":"La lotta per i diritti delle donne non si ferma, soprattutto a Monaco"},"content":{"rendered":"\n<p><strong>L&#8217;8 marzo \u00e8 una giornata importante per fare il punto della situazione e riflettere sui diritti delle donne in tutto il mondo. A Monaco, come in qualsiasi altro paese, ognuno festeggia la ricorrenza a modo suo. Ecco come Monaco Tribune ha deciso di rendergli omaggio.<\/strong><\/p>\n\n\n\n<p>La ricorrenza dell&#8217;8 marzo come Giornata internazionale dei diritti delle donne \u00e8 stata voluta dall&#8217;ONU e nasce come momento di sensibilizzazione e mobilitazione nel 1977. Per l&#8217;occasione, Monaco Tribune rende omaggio, oggi pi\u00f9 che mai, a quelle donne che lottano per il cambiamento.<\/p>\n\n\n\n<p>Questa settimana, abbiamo deciso di lanciare una serie di articoli per dare voce a quelle associazioni che operano, spesso gi\u00e0 da diverso tempo, per migliorare la vita delle donne nel Principato. Alcune sostengono le donne nel mondo del lavoro, altre puntano sull&#8217;istruzione e altre ancora appoggiano le donne nei ruoli dirigenziali. Il minimo comun denominatore? Puntare all&#8217;uguaglianza tra uomini e donne e lottare contro le discriminazioni.<\/p>\n\n\n\n<p>Tantissime organizzazioni, come Femmes Leaders Mondiales Monaco, Aux Coeurs des Mots, She Can He Can e l&#8217;Associazione delle donne imprenditrici di Monaco, hanno bisogno di tutto il nostro sostegno per riuscire a farsi ascoltare.<\/p>\n\n\n\n<hr class=\"wp-block-separator\"\/>\n\n\n\n<h2 class=\"wp-block-heading\" id=\"h-2020-un-anno-particolare\">2020, un anno particolare<\/h2>\n\n\n\n<p>Il 2020 appena trascorso, e in particolare il lockdown che abbiamo vissuto, hanno contribuito ad accrescere le difficolt\u00e0 di una lotta gi\u00e0 di per s\u00e9 complicata. Prendiamo per esempio le violenze contro le donne: anche se i numeri sono rimasti invariati nel Principato, a causa delle restrizioni le donne vittime di violenza sono sempre pi\u00f9 isolate. Prevenire questo genere di abusi \u00e8 uno dei tanti obiettivi del Comitato dei diritti delle donne di Monaco.<\/p>\n\n\n\n<p><strong>&gt;&gt; LEGGI ANCHE: <\/strong><a href=\"https:\/\/www.monaco-tribune.com\/it\/2021\/02\/violenza-sulle-donne-nel-2020-il-report-di-monaco\/\">Violenza sulle donne nel 2020. Il report di Monaco<\/a><\/p>\n\n\n\n<hr class=\"wp-block-separator\"\/>\n\n\n\n<h2 class=\"wp-block-heading\" id=\"h-8marsmonaco\">#8MarsMonaco<\/h2>\n\n\n\n<p>Sono tante le donne che hanno giocato un ruolo fondamentale nella gestione della crisi sanitaria. Per questo motivo, la campagna <a href=\"https:\/\/twitter.com\/hashtag\/8MarsMonaco\">#8MarsMonaco<\/a>, lanciata quest&#8217;anno dal Comitato per la promozione e la salvaguardia dei diritti delle donne, \u00e8 stata dedicata a tutte le figure femminili in prima linea durante il lockdown di marzo 2020.<\/p>\n\n\n\n<p>Attraverso 64 ritratti fotografici, l&#8217;artista Anthony Alberti, alias Mr One Teas, ha voluto rendere omaggio alle eroine della vita quotidiana. Da qualche giorno, i loro volti sono in mostra agli ingressi del Principato, sulla Rocca o ancora nel centro commerciale di Fontvieille.<\/p>\n\n\n\n<blockquote class=\"wp-block-quote is-layout-flow wp-block-quote-is-layout-flow\"><p>Quest&#8217;anno pi\u00f9 che mai, il mio obiettivo era quello di far cadere le maschere per scoprire i sorrisi di tutte queste donne<\/p><cite>Anthony Alberti, alias Mr One Teas<\/cite><\/blockquote>\n\n\n\n<p>Il Principe Alberto II, la Principessa Charl\u00e8ne e alcuni rappresentanti del Governo del principe hanno preso parte all&#8217;iniziativa registrando un video per ringraziare le donne che hanno partecipato all&#8217;operazione #8MarsMonaco.<\/p>\n\n\n\n<iframe src=\"https:\/\/www.facebook.com\/plugins\/video.php?height=314&amp;href=https%3A%2F%2Fwww.facebook.com%2Fmonacodfm%2Fvideos%2F444458893426535%2F&amp;show_text=false&amp;width=560\" width=\"560\" height=\"314\" style=\"border:none;overflow:hidden\" scrolling=\"no\" frameborder=\"0\" allowfullscreen=\"true\" allow=\"autoplay; clipboard-write; encrypted-media; picture-in-picture; web-share\"><\/iframe>\n","protected":false},"excerpt":{"rendered":"<p>L&#8217;8 marzo \u00e8 una giornata importante per fare il punto della situazione e riflettere sui diritti delle donne in tutto [&hellip;]<\/p>\n","protected":false},"author":47,"featured_media":70743,"comment_status":"closed","ping_status":"closed","sticky":false,"template":"","format":"standard","meta":{"_acf_changed":false,"footnotes":""},"categories":[1826,1752],"tags":[2951],"post_sectags":[],"post_format":[2469],"class_list":["post-70769","post","type-post","status-publish","format-standard","has-post-thumbnail","hentry","category-la-nostra-scelta","category-societa","tag-associazioni","format-analisi"],"acf":[],"yoast_head":"<!-- This site is optimized with the Yoast SEO Premium plugin v26.8 (Yoast SEO v27.4) - https:\/\/yoast.com\/product\/yoast-seo-premium-wordpress\/ -->\n<title>La lotta per i diritti delle donne non si ferma, soprattutto a Monaco<\/title>\n<meta name=\"description\" content=\"L&#039;8 marzo \u00e8 una giornata importante per fare il punto della situazione e riflettere sui diritti delle donne in tutto il mondo. A Monaco, come in qualsiasi\" \/>\n<meta name=\"robots\" content=\"index, follow, max-snippet:-1, max-image-preview:large, max-video-preview:-1\" \/>\n<link rel=\"canonical\" href=\"https:\/\/www.monaco-tribune.com\/it\/2021\/03\/la-lotta-per-i-diritti-delle-donne-non-si-ferma-soprattutto-a-monaco\/\" \/>\n<meta property=\"og:locale\" content=\"it_IT\" \/>\n<meta property=\"og:type\" content=\"article\" \/>\n<meta property=\"og:title\" content=\"La lotta per i diritti delle donne non si ferma, soprattutto a Monaco - Monaco Tribune\" \/>\n<meta property=\"og:description\" content=\"L&#039;8 marzo \u00e8 una giornata importante per fare il punto della situazione e riflettere sui diritti delle donne in tutto il mondo. A Monaco, come in qualsiasi\" \/>\n<meta property=\"og:url\" content=\"https:\/\/www.monaco-tribune.com\/it\/2021\/03\/la-lotta-per-i-diritti-delle-donne-non-si-ferma-soprattutto-a-monaco\/\" \/>\n<meta property=\"og:site_name\" content=\"Monaco Tribune\" \/>\n<meta property=\"article:publisher\" content=\"https:\/\/www.facebook.com\/MonacoTribune\" \/>\n<meta property=\"article:published_time\" content=\"2021-03-08T16:21:34+00:00\" \/>\n<meta property=\"article:modified_time\" content=\"2021-03-08T16:28:19+00:00\" \/>\n<meta property=\"og:image\" content=\"https:\/\/www.monaco-tribune.com\/wp-content\/uploads\/2021\/03\/8-mars-monaco-princesse-charlene.png\" \/>\n\t<meta property=\"og:image:width\" content=\"1200\" \/>\n\t<meta property=\"og:image:height\" content=\"697\" \/>\n\t<meta property=\"og:image:type\" content=\"image\/png\" \/>\n<meta name=\"author\" content=\"Agathe Ch\u00e9reau\" \/>\n<meta name=\"twitter:card\" content=\"summary_large_image\" \/>\n<meta name=\"twitter:creator\" content=\"@MonacoTribune\" \/>\n<meta name=\"twitter:site\" content=\"@MonacoTribune\" \/>\n<script type=\"application\/ld+json\" class=\"yoast-schema-graph\">{\"@context\":\"https:\\\/\\\/schema.org\",\"@graph\":[{\"@type\":\"NewsArticle\",\"@id\":\"https:\\\/\\\/www.monaco-tribune.com\\\/it\\\/2021\\\/03\\\/la-lotta-per-i-diritti-delle-donne-non-si-ferma-soprattutto-a-monaco\\\/#article\",\"isPartOf\":{\"@id\":\"https:\\\/\\\/www.monaco-tribune.com\\\/it\\\/2021\\\/03\\\/la-lotta-per-i-diritti-delle-donne-non-si-ferma-soprattutto-a-monaco\\\/\"},\"author\":{\"name\":\"Agathe Ch\u00e9reau\",\"@id\":\"https:\\\/\\\/www.monaco-tribune.com\\\/it\\\/#\\\/schema\\\/person\\\/fba2f8d5a098d473c92e84cc43a8f730\"},\"headline\":\"La lotta per i diritti delle donne non si ferma, soprattutto a Monaco\",\"datePublished\":\"2021-03-08T16:21:34+00:00\",\"dateModified\":\"2021-03-08T16:28:19+00:00\",\"mainEntityOfPage\":{\"@id\":\"https:\\\/\\\/www.monaco-tribune.com\\\/it\\\/2021\\\/03\\\/la-lotta-per-i-diritti-delle-donne-non-si-ferma-soprattutto-a-monaco\\\/\"},\"wordCount\":446,\"publisher\":{\"@id\":\"https:\\\/\\\/www.monaco-tribune.com\\\/it\\\/#organization\"},\"image\":{\"@id\":\"https:\\\/\\\/www.monaco-tribune.com\\\/it\\\/2021\\\/03\\\/la-lotta-per-i-diritti-delle-donne-non-si-ferma-soprattutto-a-monaco\\\/#primaryimage\"},\"thumbnailUrl\":\"https:\\\/\\\/www.monaco-tribune.com\\\/wp-content\\\/uploads\\\/2021\\\/03\\\/8-mars-monaco-princesse-charlene.png\",\"keywords\":[\"Associazioni\"],\"articleSection\":[\"La nostra scelta\",\"Societ\u00e0\"],\"inLanguage\":\"it-IT\",\"copyrightYear\":\"2021\",\"copyrightHolder\":{\"@id\":\"https:\\\/\\\/www.monaco-tribune.com\\\/#organization\"}},{\"@type\":\"WebPage\",\"@id\":\"https:\\\/\\\/www.monaco-tribune.com\\\/it\\\/2021\\\/03\\\/la-lotta-per-i-diritti-delle-donne-non-si-ferma-soprattutto-a-monaco\\\/\",\"url\":\"https:\\\/\\\/www.monaco-tribune.com\\\/it\\\/2021\\\/03\\\/la-lotta-per-i-diritti-delle-donne-non-si-ferma-soprattutto-a-monaco\\\/\",\"name\":\"La lotta per i diritti delle donne non si ferma, soprattutto a Monaco\",\"isPartOf\":{\"@id\":\"https:\\\/\\\/www.monaco-tribune.com\\\/it\\\/#website\"},\"primaryImageOfPage\":{\"@id\":\"https:\\\/\\\/www.monaco-tribune.com\\\/it\\\/2021\\\/03\\\/la-lotta-per-i-diritti-delle-donne-non-si-ferma-soprattutto-a-monaco\\\/#primaryimage\"},\"image\":{\"@id\":\"https:\\\/\\\/www.monaco-tribune.com\\\/it\\\/2021\\\/03\\\/la-lotta-per-i-diritti-delle-donne-non-si-ferma-soprattutto-a-monaco\\\/#primaryimage\"},\"thumbnailUrl\":\"https:\\\/\\\/www.monaco-tribune.com\\\/wp-content\\\/uploads\\\/2021\\\/03\\\/8-mars-monaco-princesse-charlene.png\",\"datePublished\":\"2021-03-08T16:21:34+00:00\",\"dateModified\":\"2021-03-08T16:28:19+00:00\",\"description\":\"L'8 marzo \u00e8 una giornata importante per fare il punto della situazione e riflettere sui diritti delle donne in tutto il mondo. A Monaco, come in qualsiasi\",\"breadcrumb\":{\"@id\":\"https:\\\/\\\/www.monaco-tribune.com\\\/it\\\/2021\\\/03\\\/la-lotta-per-i-diritti-delle-donne-non-si-ferma-soprattutto-a-monaco\\\/#breadcrumb\"},\"inLanguage\":\"it-IT\",\"potentialAction\":[{\"@type\":\"ReadAction\",\"target\":[\"https:\\\/\\\/www.monaco-tribune.com\\\/it\\\/2021\\\/03\\\/la-lotta-per-i-diritti-delle-donne-non-si-ferma-soprattutto-a-monaco\\\/\"]}]},{\"@type\":\"ImageObject\",\"inLanguage\":\"it-IT\",\"@id\":\"https:\\\/\\\/www.monaco-tribune.com\\\/it\\\/2021\\\/03\\\/la-lotta-per-i-diritti-delle-donne-non-si-ferma-soprattutto-a-monaco\\\/#primaryimage\",\"url\":\"https:\\\/\\\/www.monaco-tribune.com\\\/wp-content\\\/uploads\\\/2021\\\/03\\\/8-mars-monaco-princesse-charlene.png\",\"contentUrl\":\"https:\\\/\\\/www.monaco-tribune.com\\\/wp-content\\\/uploads\\\/2021\\\/03\\\/8-mars-monaco-princesse-charlene.png\",\"width\":1200,\"height\":697,\"caption\":\"Comitato dei diritti delle donne Monaco\"},{\"@type\":\"BreadcrumbList\",\"@id\":\"https:\\\/\\\/www.monaco-tribune.com\\\/it\\\/2021\\\/03\\\/la-lotta-per-i-diritti-delle-donne-non-si-ferma-soprattutto-a-monaco\\\/#breadcrumb\",\"itemListElement\":[{\"@type\":\"ListItem\",\"position\":1,\"name\":\"Accueil\",\"item\":\"https:\\\/\\\/www.monaco-tribune.com\\\/it\\\/\"},{\"@type\":\"ListItem\",\"position\":2,\"name\":\"La lotta per i diritti delle donne non si ferma, soprattutto a Monaco\"}]},{\"@type\":\"WebSite\",\"@id\":\"https:\\\/\\\/www.monaco-tribune.com\\\/it\\\/#website\",\"url\":\"https:\\\/\\\/www.monaco-tribune.com\\\/it\\\/\",\"name\":\"Monaco Tribune\",\"description\":\"Monaco : actualit\u00e9s \u00e9conomiques, politiques, culturelles et sportives de Monaco et de la French Riviera.\",\"publisher\":{\"@id\":\"https:\\\/\\\/www.monaco-tribune.com\\\/it\\\/#organization\"},\"potentialAction\":[{\"@type\":\"SearchAction\",\"target\":{\"@type\":\"EntryPoint\",\"urlTemplate\":\"https:\\\/\\\/www.monaco-tribune.com\\\/it\\\/?s={search_term_string}\"},\"query-input\":{\"@type\":\"PropertyValueSpecification\",\"valueRequired\":true,\"valueName\":\"search_term_string\"}}],\"inLanguage\":\"it-IT\"},{\"@type\":\"Organization\",\"@id\":\"https:\\\/\\\/www.monaco-tribune.com\\\/it\\\/#organization\",\"name\":\"Monaco Tribune\",\"url\":\"https:\\\/\\\/www.monaco-tribune.com\\\/it\\\/\",\"logo\":{\"@type\":\"ImageObject\",\"inLanguage\":\"it-IT\",\"@id\":\"https:\\\/\\\/www.monaco-tribune.com\\\/it\\\/#\\\/schema\\\/logo\\\/image\\\/\",\"url\":\"https:\\\/\\\/www.monaco-tribune.com\\\/wp-content\\\/uploads\\\/2022\\\/11\\\/logo-monaco-tribune.png\",\"contentUrl\":\"https:\\\/\\\/www.monaco-tribune.com\\\/wp-content\\\/uploads\\\/2022\\\/11\\\/logo-monaco-tribune.png\",\"width\":1548,\"height\":600,\"caption\":\"Monaco Tribune\"},\"image\":{\"@id\":\"https:\\\/\\\/www.monaco-tribune.com\\\/it\\\/#\\\/schema\\\/logo\\\/image\\\/\"},\"sameAs\":[\"https:\\\/\\\/www.facebook.com\\\/MonacoTribune\",\"https:\\\/\\\/x.com\\\/MonacoTribune\",\"https:\\\/\\\/www.instagram.com\\\/monacotribune\\\/\",\"https:\\\/\\\/www.linkedin.com\\\/company\\\/monaco-tribune\",\"https:\\\/\\\/www.youtube.com\\\/channel\\\/UCHle1MnG6hw1y4lWKijVbMA\"]},{\"@type\":\"Person\",\"@id\":\"https:\\\/\\\/www.monaco-tribune.com\\\/it\\\/#\\\/schema\\\/person\\\/fba2f8d5a098d473c92e84cc43a8f730\",\"name\":\"Agathe Ch\u00e9reau\",\"image\":{\"@type\":\"ImageObject\",\"inLanguage\":\"it-IT\",\"@id\":\"https:\\\/\\\/secure.gravatar.com\\\/avatar\\\/884b20ed9d4430c24d77a3ad560b1c21da67bd6992531a1971822779f9988ea5?s=96&d=mm&r=g\",\"url\":\"https:\\\/\\\/secure.gravatar.com\\\/avatar\\\/884b20ed9d4430c24d77a3ad560b1c21da67bd6992531a1971822779f9988ea5?s=96&d=mm&r=g\",\"contentUrl\":\"https:\\\/\\\/secure.gravatar.com\\\/avatar\\\/884b20ed9d4430c24d77a3ad560b1c21da67bd6992531a1971822779f9988ea5?s=96&d=mm&r=g\",\"caption\":\"Agathe Ch\u00e9reau\"},\"url\":\"https:\\\/\\\/www.monaco-tribune.com\\\/it\\\/author\\\/agathechereau\\\/\"}]}<\/script>\n<!-- \/ Yoast SEO Premium plugin. -->","yoast_head_json":{"title":"La lotta per i diritti delle donne non si ferma, soprattutto a Monaco","description":"L'8 marzo \u00e8 una giornata importante per fare il punto della situazione e riflettere sui diritti delle donne in tutto il mondo. A Monaco, come in qualsiasi","robots":{"index":"index","follow":"follow","max-snippet":"max-snippet:-1","max-image-preview":"max-image-preview:large","max-video-preview":"max-video-preview:-1"},"canonical":"https:\/\/www.monaco-tribune.com\/it\/2021\/03\/la-lotta-per-i-diritti-delle-donne-non-si-ferma-soprattutto-a-monaco\/","og_locale":"it_IT","og_type":"article","og_title":"La lotta per i diritti delle donne non si ferma, soprattutto a Monaco - Monaco Tribune","og_description":"L'8 marzo \u00e8 una giornata importante per fare il punto della situazione e riflettere sui diritti delle donne in tutto il mondo. A Monaco, come in qualsiasi","og_url":"https:\/\/www.monaco-tribune.com\/it\/2021\/03\/la-lotta-per-i-diritti-delle-donne-non-si-ferma-soprattutto-a-monaco\/","og_site_name":"Monaco Tribune","article_publisher":"https:\/\/www.facebook.com\/MonacoTribune","article_published_time":"2021-03-08T16:21:34+00:00","article_modified_time":"2021-03-08T16:28:19+00:00","og_image":[{"width":1200,"height":697,"url":"https:\/\/www.monaco-tribune.com\/wp-content\/uploads\/2021\/03\/8-mars-monaco-princesse-charlene.png","type":"image\/png"}],"author":"Agathe Ch\u00e9reau","twitter_card":"summary_large_image","twitter_creator":"@MonacoTribune","twitter_site":"@MonacoTribune","schema":{"@context":"https:\/\/schema.org","@graph":[{"@type":"NewsArticle","@id":"https:\/\/www.monaco-tribune.com\/it\/2021\/03\/la-lotta-per-i-diritti-delle-donne-non-si-ferma-soprattutto-a-monaco\/#article","isPartOf":{"@id":"https:\/\/www.monaco-tribune.com\/it\/2021\/03\/la-lotta-per-i-diritti-delle-donne-non-si-ferma-soprattutto-a-monaco\/"},"author":{"name":"Agathe Ch\u00e9reau","@id":"https:\/\/www.monaco-tribune.com\/it\/#\/schema\/person\/fba2f8d5a098d473c92e84cc43a8f730"},"headline":"La lotta per i diritti delle donne non si ferma, soprattutto a Monaco","datePublished":"2021-03-08T16:21:34+00:00","dateModified":"2021-03-08T16:28:19+00:00","mainEntityOfPage":{"@id":"https:\/\/www.monaco-tribune.com\/it\/2021\/03\/la-lotta-per-i-diritti-delle-donne-non-si-ferma-soprattutto-a-monaco\/"},"wordCount":446,"publisher":{"@id":"https:\/\/www.monaco-tribune.com\/it\/#organization"},"image":{"@id":"https:\/\/www.monaco-tribune.com\/it\/2021\/03\/la-lotta-per-i-diritti-delle-donne-non-si-ferma-soprattutto-a-monaco\/#primaryimage"},"thumbnailUrl":"https:\/\/www.monaco-tribune.com\/wp-content\/uploads\/2021\/03\/8-mars-monaco-princesse-charlene.png","keywords":["Associazioni"],"articleSection":["La nostra scelta","Societ\u00e0"],"inLanguage":"it-IT","copyrightYear":"2021","copyrightHolder":{"@id":"https:\/\/www.monaco-tribune.com\/#organization"}},{"@type":"WebPage","@id":"https:\/\/www.monaco-tribune.com\/it\/2021\/03\/la-lotta-per-i-diritti-delle-donne-non-si-ferma-soprattutto-a-monaco\/","url":"https:\/\/www.monaco-tribune.com\/it\/2021\/03\/la-lotta-per-i-diritti-delle-donne-non-si-ferma-soprattutto-a-monaco\/","name":"La lotta per i diritti delle donne non si ferma, soprattutto a Monaco","isPartOf":{"@id":"https:\/\/www.monaco-tribune.com\/it\/#website"},"primaryImageOfPage":{"@id":"https:\/\/www.monaco-tribune.com\/it\/2021\/03\/la-lotta-per-i-diritti-delle-donne-non-si-ferma-soprattutto-a-monaco\/#primaryimage"},"image":{"@id":"https:\/\/www.monaco-tribune.com\/it\/2021\/03\/la-lotta-per-i-diritti-delle-donne-non-si-ferma-soprattutto-a-monaco\/#primaryimage"},"thumbnailUrl":"https:\/\/www.monaco-tribune.com\/wp-content\/uploads\/2021\/03\/8-mars-monaco-princesse-charlene.png","datePublished":"2021-03-08T16:21:34+00:00","dateModified":"2021-03-08T16:28:19+00:00","description":"L'8 marzo \u00e8 una giornata importante per fare il punto della situazione e riflettere sui diritti delle donne in tutto il mondo. A Monaco, come in qualsiasi","breadcrumb":{"@id":"https:\/\/www.monaco-tribune.com\/it\/2021\/03\/la-lotta-per-i-diritti-delle-donne-non-si-ferma-soprattutto-a-monaco\/#breadcrumb"},"inLanguage":"it-IT","potentialAction":[{"@type":"ReadAction","target":["https:\/\/www.monaco-tribune.com\/it\/2021\/03\/la-lotta-per-i-diritti-delle-donne-non-si-ferma-soprattutto-a-monaco\/"]}]},{"@type":"ImageObject","inLanguage":"it-IT","@id":"https:\/\/www.monaco-tribune.com\/it\/2021\/03\/la-lotta-per-i-diritti-delle-donne-non-si-ferma-soprattutto-a-monaco\/#primaryimage","url":"https:\/\/www.monaco-tribune.com\/wp-content\/uploads\/2021\/03\/8-mars-monaco-princesse-charlene.png","contentUrl":"https:\/\/www.monaco-tribune.com\/wp-content\/uploads\/2021\/03\/8-mars-monaco-princesse-charlene.png","width":1200,"height":697,"caption":"Comitato dei diritti delle donne Monaco"},{"@type":"BreadcrumbList","@id":"https:\/\/www.monaco-tribune.com\/it\/2021\/03\/la-lotta-per-i-diritti-delle-donne-non-si-ferma-soprattutto-a-monaco\/#breadcrumb","itemListElement":[{"@type":"ListItem","position":1,"name":"Accueil","item":"https:\/\/www.monaco-tribune.com\/it\/"},{"@type":"ListItem","position":2,"name":"La lotta per i diritti delle donne non si ferma, soprattutto a Monaco"}]},{"@type":"WebSite","@id":"https:\/\/www.monaco-tribune.com\/it\/#website","url":"https:\/\/www.monaco-tribune.com\/it\/","name":"Monaco Tribune","description":"Monaco : actualit\u00e9s \u00e9conomiques, politiques, culturelles et sportives de Monaco et de la French Riviera.","publisher":{"@id":"https:\/\/www.monaco-tribune.com\/it\/#organization"},"potentialAction":[{"@type":"SearchAction","target":{"@type":"EntryPoint","urlTemplate":"https:\/\/www.monaco-tribune.com\/it\/?s={search_term_string}"},"query-input":{"@type":"PropertyValueSpecification","valueRequired":true,"valueName":"search_term_string"}}],"inLanguage":"it-IT"},{"@type":"Organization","@id":"https:\/\/www.monaco-tribune.com\/it\/#organization","name":"Monaco Tribune","url":"https:\/\/www.monaco-tribune.com\/it\/","logo":{"@type":"ImageObject","inLanguage":"it-IT","@id":"https:\/\/www.monaco-tribune.com\/it\/#\/schema\/logo\/image\/","url":"https:\/\/www.monaco-tribune.com\/wp-content\/uploads\/2022\/11\/logo-monaco-tribune.png","contentUrl":"https:\/\/www.monaco-tribune.com\/wp-content\/uploads\/2022\/11\/logo-monaco-tribune.png","width":1548,"height":600,"caption":"Monaco Tribune"},"image":{"@id":"https:\/\/www.monaco-tribune.com\/it\/#\/schema\/logo\/image\/"},"sameAs":["https:\/\/www.facebook.com\/MonacoTribune","https:\/\/x.com\/MonacoTribune","https:\/\/www.instagram.com\/monacotribune\/","https:\/\/www.linkedin.com\/company\/monaco-tribune","https:\/\/www.youtube.com\/channel\/UCHle1MnG6hw1y4lWKijVbMA"]},{"@type":"Person","@id":"https:\/\/www.monaco-tribune.com\/it\/#\/schema\/person\/fba2f8d5a098d473c92e84cc43a8f730","name":"Agathe Ch\u00e9reau","image":{"@type":"ImageObject","inLanguage":"it-IT","@id":"https:\/\/secure.gravatar.com\/avatar\/884b20ed9d4430c24d77a3ad560b1c21da67bd6992531a1971822779f9988ea5?s=96&d=mm&r=g","url":"https:\/\/secure.gravatar.com\/avatar\/884b20ed9d4430c24d77a3ad560b1c21da67bd6992531a1971822779f9988ea5?s=96&d=mm&r=g","contentUrl":"https:\/\/secure.gravatar.com\/avatar\/884b20ed9d4430c24d77a3ad560b1c21da67bd6992531a1971822779f9988ea5?s=96&d=mm&r=g","caption":"Agathe Ch\u00e9reau"},"url":"https:\/\/www.monaco-tribune.com\/it\/author\/agathechereau\/"}]}},"_links":{"self":[{"href":"https:\/\/www.monaco-tribune.com\/it\/wp-json\/wp\/v2\/posts\/70769","targetHints":{"allow":["GET"]}}],"collection":[{"href":"https:\/\/www.monaco-tribune.com\/it\/wp-json\/wp\/v2\/posts"}],"about":[{"href":"https:\/\/www.monaco-tribune.com\/it\/wp-json\/wp\/v2\/types\/post"}],"author":[{"embeddable":true,"href":"https:\/\/www.monaco-tribune.com\/it\/wp-json\/wp\/v2\/users\/47"}],"replies":[{"embeddable":true,"href":"https:\/\/www.monaco-tribune.com\/it\/wp-json\/wp\/v2\/comments?post=70769"}],"version-history":[{"count":0,"href":"https:\/\/www.monaco-tribune.com\/it\/wp-json\/wp\/v2\/posts\/70769\/revisions"}],"wp:featuredmedia":[{"embeddable":true,"href":"https:\/\/www.monaco-tribune.com\/it\/wp-json\/wp\/v2\/media\/70743"}],"wp:attachment":[{"href":"https:\/\/www.monaco-tribune.com\/it\/wp-json\/wp\/v2\/media?parent=70769"}],"wp:term":[{"taxonomy":"category","embeddable":true,"href":"https:\/\/www.monaco-tribune.com\/it\/wp-json\/wp\/v2\/categories?post=70769"},{"taxonomy":"post_tag","embeddable":true,"href":"https:\/\/www.monaco-tribune.com\/it\/wp-json\/wp\/v2\/tags?post=70769"},{"taxonomy":"sectag","embeddable":true,"href":"https:\/\/www.monaco-tribune.com\/it\/wp-json\/wp\/v2\/post_sectags?post=70769"},{"taxonomy":"format","embeddable":true,"href":"https:\/\/www.monaco-tribune.com\/it\/wp-json\/wp\/v2\/post_format?post=70769"}],"curies":[{"name":"wp","href":"https:\/\/api.w.org\/{rel}","templated":true}]}}