{"id":71067,"date":"2021-03-09T16:57:01","date_gmt":"2021-03-09T15:57:01","guid":{"rendered":"https:\/\/www.monaco-tribune.com\/2021\/03\/she-can-he-can-lassociazione-monegasca-che-lotta-ogni-giorno-per-la-parita-dei-sessi\/"},"modified":"2021-03-09T17:03:46","modified_gmt":"2021-03-09T16:03:46","slug":"she-can-he-can-lassociazione-monegasca-che-lotta-ogni-giorno-per-la-parita-dei-sessi","status":"publish","type":"post","link":"https:\/\/www.monaco-tribune.com\/it\/2021\/03\/she-can-he-can-lassociazione-monegasca-che-lotta-ogni-giorno-per-la-parita-dei-sessi\/","title":{"rendered":"She Can He Can: l&#8217;associazione monegasca che lotta ogni giorno per la parit\u00e0 dei sessi"},"content":{"rendered":"\n<p><strong>Per inaugurare la nostra serie di articoli dedicata alla Giornata Internazionale dei diritti delle donne, abbiamo pensato di iniziare da un&#8217;associazione che opera nel settore dal 2011. Secondo She Can He Can, la parit\u00e0 riguarda sia gli uomini che le donne.<\/strong><\/p>\n\n\n\n<p>Nata inizialmente con il nome Gender Hopes, l&#8217;associazione si dedicava soprattutto a combattere la violenza domestica a Monaco e, in quel periodo, era una delle poche a farlo. Non appena la tematica si \u00e8 diffusa nel Principato ed \u00e8 nato il Comitato dei diritti delle donne, She Can He Can si \u00e8 allontanata dal suo primissimo obiettivo per combattere altre sfide. &#8220;Secondo me, la violenza domestica \u00e8 il risultato della somma di tutte le discriminazioni che avvengono in precedenza, quindi all&#8217;inizio ci siamo concentrati su questa&#8221;, sottolinea Vibeke Brask Thomsen, presidentessa dell&#8217;associazione.<\/p>\n\n\n\n<div class=\"wp-block-image\"><figure class=\"alignright size-large is-resized\"><img loading=\"lazy\" decoding=\"async\" src=\"https:\/\/www.monaco-tribune.com\/wp-content\/uploads\/2021\/03\/vibeke-brask-thomsen.png\" alt=\"\" class=\"wp-image-70967\" width=\"193\" height=\"193\"\/><\/figure><\/div>\n\n\n\n<blockquote class=\"wp-block-quote is-layout-flow wp-block-quote-is-layout-flow\"><p>La giornata dell&#8217;8 marzo \u00e8 necessaria proprio perch\u00e9 non siamo tutti uguali, ma in un mondo perfetto non esisterebbe.<\/p><cite>Vibeke Brask Thomsen, presidentessa dell&#8217;associazione She Can He Can<\/cite><\/blockquote>\n\n\n\n<p><\/p>\n\n\n\n<p><\/p>\n\n\n\n<p><\/p>\n\n\n\n<p><\/p>\n\n\n\n<h2 class=\"wp-block-heading\" id=\"h-comincia-tutto-con-l-istruzione\">Comincia tutto con l&#8217;istruzione<\/h2>\n\n\n\n<p>She Can He Can punta sull&#8217;istruzione dei bambini, ma anche degli adulti, per eliminare il problema alla radice. L&#8217;associazione organizza alcuni workshop nelle scuole e nelle aziende per trattare temi come la diversit\u00e0, l&#8217;inclusione e gli stereotipi.<\/p>\n\n\n\n<p>Inoltre, questo \u00e8 il terzo anno consecutivo in cui sono stati organizzati club di lettura per i bambini dagli 8 agli 11 anni. &#8220;Quando una delle mie figlie era in terza elementare, aveva 15 storie da leggere con neanche un personaggio di colore e solo due donne&#8221;: \u00e8 davanti a questa realt\u00e0 che la fondatrice dell&#8217;associazione ha voluto creare uno spazio in cui fosse possibile leggere libri diversi, con personaggi che appartenessero alle minoranze.<\/p>\n\n\n\n<p><strong>&gt;&gt; LEGGI ANCHE: <\/strong><a href=\"https:\/\/www.monaco-tribune.com\/it\/2021\/03\/la-lotta-per-i-diritti-delle-donne-non-si-ferma-soprattutto-a-monaco\/\">La lotta per i diritti delle donne non si ferma, soprattutto a Monaco<\/a><\/p>\n\n\n\n<h2 class=\"wp-block-heading\" id=\"h-la-precariet-mestruale-una-lotta-recente\">La &#8220;precariet\u00e0 mestruale&#8221;, una lotta recente<\/h2>\n\n\n\n<p>Spesso ritenuta secondaria, la lotta per l&#8217;equo accesso a prodotti per l&#8217;igiene durante il ciclo mestruale \u00e8 fondamentale per l&#8217;associazione, che ha lanciato l&#8217;iniziativa Red Box Project: &#8220;Quando un uomo va in un bagno pubblico, trova tutto quello di cui ha bisogno&#8221;. L&#8217;iniziativa vuole rompere i tab\u00f9 sulle mestruazioni e spingere le istituzioni, le scuole e anche le aziende a offrire i prodotti necessari gratuitamente.<\/p>\n\n\n\n<h2 class=\"wp-block-heading\" id=\"h-alcune-date-importanti\">Alcune date importanti<\/h2>\n\n\n\n<p>Sono diverse le date da ricordare per l&#8217;associazione, una di queste \u00e8 il 25 novembre. She Can He Can, insieme a Fight Aids Monaco, ha lavorato molto alla campagna per la Giornata internazionale della lotta contro la violenza sulle donne. Oltre 120 uomini, del calibro di Louis Ducret, <a href=\"https:\/\/www.monaco-tribune.com\/it\/2020\/11\/limpegno-di-monaco-nella-lotta-alla-violenza-sulle-donne\/\">hanno prestato il loro volto<\/a> e diffuso messaggi come &#8220;un vero uomo non picchia una donna&#8221;.<\/p>\n\n\n\n<div class=\"wp-block-image\"><figure class=\"aligncenter size-large\"><img loading=\"lazy\" decoding=\"async\" width=\"1024\" height=\"498\" src=\"https:\/\/www.monaco-tribune.com\/wp-content\/uploads\/2020\/11\/she-can-he-can-monaco-1-1024x498.png\" alt=\"She Can He Can Monaco (1)\" class=\"wp-image-49771\" srcset=\"https:\/\/www.monaco-tribune.com\/wp-content\/uploads\/2020\/11\/she-can-he-can-monaco-1-1024x498.png 1024w, https:\/\/www.monaco-tribune.com\/wp-content\/uploads\/2020\/11\/she-can-he-can-monaco-1-600x292.png 600w, https:\/\/www.monaco-tribune.com\/wp-content\/uploads\/2020\/11\/she-can-he-can-monaco-1.png 1200w\" sizes=\"auto, (max-width: 1024px) 100vw, 1024px\" \/><figcaption>La campagna per la Giornata internazionale della lotta contro la violenza sulle donne \u00a9 She Can He Can <\/figcaption><\/figure><\/div>\n\n\n\n<p>Ogni 11 ottobre, l&#8217;associazione festeggia la Giornata internazionale delle bambine organizzando un incontro tra gli alunni del liceo e il Consiglio Nazionale, per poter comprendere meglio l&#8217;importanza delle donne nella politica.<\/p>\n\n\n\n<h2 class=\"wp-block-heading\" id=\"h-progetti-per-il-2021\">Progetti per il 2021?<\/h2>\n\n\n\n<p>&#8220;Visti i tempi cos\u00ec incerti, non facciamo previsioni per quest&#8217;anno&#8221;. La crisi sanitaria ha stravolto alcuni progetti dell&#8217;associazione, ma uno degli aspetti pi\u00f9 complicati resta quello di non poter organizzare eventi per raccogliere fondi. &#8220;Le imprese sono state sostenute economicamente, le associazioni no&#8221; sottolinea Vibeke Van Thomsen. Proprio per questo, oggi pi\u00f9 che mai, <a href=\"https:\/\/fr.shecanhecan.org\/donate\">sostenere She Can He Can<\/a> \u00e8 fondamentale.<\/p>\n\n\n\n<p>Traduzione a cura di <a href=\"http:\/\/valentinaaliatranslator.com\">Valentina Alia<\/a><\/p>\n","protected":false},"excerpt":{"rendered":"<p>Per inaugurare la nostra serie di articoli dedicata alla Giornata Internazionale dei diritti delle donne, abbiamo pensato di iniziare da [&hellip;]<\/p>\n","protected":false},"author":47,"featured_media":70962,"comment_status":"closed","ping_status":"closed","sticky":false,"template":"","format":"standard","meta":{"_acf_changed":false,"footnotes":""},"categories":[1826,1738,1752],"tags":[2951],"post_sectags":[],"post_format":[2481],"class_list":["post-71067","post","type-post","status-publish","format-standard","has-post-thumbnail","hentry","category-la-nostra-scelta","category-notizie","category-societa","tag-associazioni","format-reportage-it"],"acf":[],"yoast_head":"<!-- This site is optimized with the Yoast SEO Premium plugin v26.8 (Yoast SEO v27.5) - https:\/\/yoast.com\/product\/yoast-seo-premium-wordpress\/ -->\n<title>She Can He Can: l&#039;associazione monegasca che lotta ogni giorno per la parit\u00e0 dei sessi<\/title>\n<meta name=\"description\" content=\"Per inaugurare la nostra serie di articoli dedicata alla Giornata Internazionale dei diritti delle donne, abbiamo pensato di iniziare da un&#039;associazione\" \/>\n<meta name=\"robots\" content=\"index, follow, max-snippet:-1, max-image-preview:large, max-video-preview:-1\" \/>\n<link rel=\"canonical\" href=\"https:\/\/www.monaco-tribune.com\/it\/2021\/03\/she-can-he-can-lassociazione-monegasca-che-lotta-ogni-giorno-per-la-parita-dei-sessi\/\" \/>\n<meta property=\"og:locale\" content=\"it_IT\" \/>\n<meta property=\"og:type\" content=\"article\" \/>\n<meta property=\"og:title\" content=\"She Can He Can: l&#039;associazione monegasca che lotta ogni giorno per la parit\u00e0 dei sessi - Monaco Tribune\" \/>\n<meta property=\"og:description\" content=\"Per inaugurare la nostra serie di articoli dedicata alla Giornata Internazionale dei diritti delle donne, abbiamo pensato di iniziare da un&#039;associazione\" \/>\n<meta property=\"og:url\" content=\"https:\/\/www.monaco-tribune.com\/it\/2021\/03\/she-can-he-can-lassociazione-monegasca-che-lotta-ogni-giorno-per-la-parita-dei-sessi\/\" \/>\n<meta property=\"og:site_name\" content=\"Monaco Tribune\" \/>\n<meta property=\"article:publisher\" content=\"https:\/\/www.facebook.com\/MonacoTribune\" \/>\n<meta property=\"article:published_time\" content=\"2021-03-09T15:57:01+00:00\" \/>\n<meta property=\"article:modified_time\" content=\"2021-03-09T16:03:46+00:00\" \/>\n<meta property=\"og:image\" content=\"https:\/\/www.monaco-tribune.com\/wp-content\/uploads\/2021\/03\/she-can-he-can-monaco.jpeg\" \/>\n\t<meta property=\"og:image:width\" content=\"1200\" \/>\n\t<meta property=\"og:image:height\" content=\"876\" \/>\n\t<meta property=\"og:image:type\" content=\"image\/jpeg\" \/>\n<meta name=\"author\" content=\"Agathe Ch\u00e9reau\" \/>\n<meta name=\"twitter:card\" content=\"summary_large_image\" \/>\n<meta name=\"twitter:creator\" content=\"@MonacoTribune\" \/>\n<meta name=\"twitter:site\" content=\"@MonacoTribune\" \/>\n<script type=\"application\/ld+json\" class=\"yoast-schema-graph\">{\"@context\":\"https:\\\/\\\/schema.org\",\"@graph\":[{\"@type\":\"NewsArticle\",\"@id\":\"https:\\\/\\\/www.monaco-tribune.com\\\/it\\\/2021\\\/03\\\/she-can-he-can-lassociazione-monegasca-che-lotta-ogni-giorno-per-la-parita-dei-sessi\\\/#article\",\"isPartOf\":{\"@id\":\"https:\\\/\\\/www.monaco-tribune.com\\\/it\\\/2021\\\/03\\\/she-can-he-can-lassociazione-monegasca-che-lotta-ogni-giorno-per-la-parita-dei-sessi\\\/\"},\"author\":{\"name\":\"Agathe Ch\u00e9reau\",\"@id\":\"https:\\\/\\\/www.monaco-tribune.com\\\/it\\\/#\\\/schema\\\/person\\\/fba2f8d5a098d473c92e84cc43a8f730\"},\"headline\":\"She Can He Can: l&#8217;associazione monegasca che lotta ogni giorno per la parit\u00e0 dei sessi\",\"datePublished\":\"2021-03-09T15:57:01+00:00\",\"dateModified\":\"2021-03-09T16:03:46+00:00\",\"mainEntityOfPage\":{\"@id\":\"https:\\\/\\\/www.monaco-tribune.com\\\/it\\\/2021\\\/03\\\/she-can-he-can-lassociazione-monegasca-che-lotta-ogni-giorno-per-la-parita-dei-sessi\\\/\"},\"wordCount\":568,\"publisher\":{\"@id\":\"https:\\\/\\\/www.monaco-tribune.com\\\/it\\\/#organization\"},\"image\":{\"@id\":\"https:\\\/\\\/www.monaco-tribune.com\\\/it\\\/2021\\\/03\\\/she-can-he-can-lassociazione-monegasca-che-lotta-ogni-giorno-per-la-parita-dei-sessi\\\/#primaryimage\"},\"thumbnailUrl\":\"https:\\\/\\\/www.monaco-tribune.com\\\/wp-content\\\/uploads\\\/2021\\\/03\\\/she-can-he-can-monaco.jpeg\",\"keywords\":[\"Associazioni\"],\"articleSection\":[\"La nostra scelta\",\"Notizie\",\"Societ\u00e0\"],\"inLanguage\":\"it-IT\",\"copyrightYear\":\"2021\",\"copyrightHolder\":{\"@id\":\"https:\\\/\\\/www.monaco-tribune.com\\\/#organization\"}},{\"@type\":\"WebPage\",\"@id\":\"https:\\\/\\\/www.monaco-tribune.com\\\/it\\\/2021\\\/03\\\/she-can-he-can-lassociazione-monegasca-che-lotta-ogni-giorno-per-la-parita-dei-sessi\\\/\",\"url\":\"https:\\\/\\\/www.monaco-tribune.com\\\/it\\\/2021\\\/03\\\/she-can-he-can-lassociazione-monegasca-che-lotta-ogni-giorno-per-la-parita-dei-sessi\\\/\",\"name\":\"She Can He Can: l'associazione monegasca che lotta ogni giorno per la parit\u00e0 dei sessi\",\"isPartOf\":{\"@id\":\"https:\\\/\\\/www.monaco-tribune.com\\\/it\\\/#website\"},\"primaryImageOfPage\":{\"@id\":\"https:\\\/\\\/www.monaco-tribune.com\\\/it\\\/2021\\\/03\\\/she-can-he-can-lassociazione-monegasca-che-lotta-ogni-giorno-per-la-parita-dei-sessi\\\/#primaryimage\"},\"image\":{\"@id\":\"https:\\\/\\\/www.monaco-tribune.com\\\/it\\\/2021\\\/03\\\/she-can-he-can-lassociazione-monegasca-che-lotta-ogni-giorno-per-la-parita-dei-sessi\\\/#primaryimage\"},\"thumbnailUrl\":\"https:\\\/\\\/www.monaco-tribune.com\\\/wp-content\\\/uploads\\\/2021\\\/03\\\/she-can-he-can-monaco.jpeg\",\"datePublished\":\"2021-03-09T15:57:01+00:00\",\"dateModified\":\"2021-03-09T16:03:46+00:00\",\"description\":\"Per inaugurare la nostra serie di articoli dedicata alla Giornata Internazionale dei diritti delle donne, abbiamo pensato di iniziare da un'associazione\",\"breadcrumb\":{\"@id\":\"https:\\\/\\\/www.monaco-tribune.com\\\/it\\\/2021\\\/03\\\/she-can-he-can-lassociazione-monegasca-che-lotta-ogni-giorno-per-la-parita-dei-sessi\\\/#breadcrumb\"},\"inLanguage\":\"it-IT\",\"potentialAction\":[{\"@type\":\"ReadAction\",\"target\":[\"https:\\\/\\\/www.monaco-tribune.com\\\/it\\\/2021\\\/03\\\/she-can-he-can-lassociazione-monegasca-che-lotta-ogni-giorno-per-la-parita-dei-sessi\\\/\"]}]},{\"@type\":\"ImageObject\",\"inLanguage\":\"it-IT\",\"@id\":\"https:\\\/\\\/www.monaco-tribune.com\\\/it\\\/2021\\\/03\\\/she-can-he-can-lassociazione-monegasca-che-lotta-ogni-giorno-per-la-parita-dei-sessi\\\/#primaryimage\",\"url\":\"https:\\\/\\\/www.monaco-tribune.com\\\/wp-content\\\/uploads\\\/2021\\\/03\\\/she-can-he-can-monaco.jpeg\",\"contentUrl\":\"https:\\\/\\\/www.monaco-tribune.com\\\/wp-content\\\/uploads\\\/2021\\\/03\\\/she-can-he-can-monaco.jpeg\",\"width\":1200,\"height\":876,\"caption\":\"La Giornata internazionale delle bambine al Consiglio Nazionale di Monaco\"},{\"@type\":\"BreadcrumbList\",\"@id\":\"https:\\\/\\\/www.monaco-tribune.com\\\/it\\\/2021\\\/03\\\/she-can-he-can-lassociazione-monegasca-che-lotta-ogni-giorno-per-la-parita-dei-sessi\\\/#breadcrumb\",\"itemListElement\":[{\"@type\":\"ListItem\",\"position\":1,\"name\":\"Accueil\",\"item\":\"https:\\\/\\\/www.monaco-tribune.com\\\/it\\\/\"},{\"@type\":\"ListItem\",\"position\":2,\"name\":\"She Can He Can: l&rsquo;associazione monegasca che lotta ogni giorno per la parit\u00e0 dei sessi\"}]},{\"@type\":\"WebSite\",\"@id\":\"https:\\\/\\\/www.monaco-tribune.com\\\/it\\\/#website\",\"url\":\"https:\\\/\\\/www.monaco-tribune.com\\\/it\\\/\",\"name\":\"Monaco Tribune\",\"description\":\"Monaco : actualit\u00e9s \u00e9conomiques, politiques, culturelles et sportives de Monaco et de la French Riviera.\",\"publisher\":{\"@id\":\"https:\\\/\\\/www.monaco-tribune.com\\\/it\\\/#organization\"},\"potentialAction\":[{\"@type\":\"SearchAction\",\"target\":{\"@type\":\"EntryPoint\",\"urlTemplate\":\"https:\\\/\\\/www.monaco-tribune.com\\\/it\\\/?s={search_term_string}\"},\"query-input\":{\"@type\":\"PropertyValueSpecification\",\"valueRequired\":true,\"valueName\":\"search_term_string\"}}],\"inLanguage\":\"it-IT\"},{\"@type\":\"Organization\",\"@id\":\"https:\\\/\\\/www.monaco-tribune.com\\\/it\\\/#organization\",\"name\":\"Monaco Tribune\",\"url\":\"https:\\\/\\\/www.monaco-tribune.com\\\/it\\\/\",\"logo\":{\"@type\":\"ImageObject\",\"inLanguage\":\"it-IT\",\"@id\":\"https:\\\/\\\/www.monaco-tribune.com\\\/it\\\/#\\\/schema\\\/logo\\\/image\\\/\",\"url\":\"https:\\\/\\\/www.monaco-tribune.com\\\/wp-content\\\/uploads\\\/2022\\\/11\\\/logo-monaco-tribune.png\",\"contentUrl\":\"https:\\\/\\\/www.monaco-tribune.com\\\/wp-content\\\/uploads\\\/2022\\\/11\\\/logo-monaco-tribune.png\",\"width\":1548,\"height\":600,\"caption\":\"Monaco Tribune\"},\"image\":{\"@id\":\"https:\\\/\\\/www.monaco-tribune.com\\\/it\\\/#\\\/schema\\\/logo\\\/image\\\/\"},\"sameAs\":[\"https:\\\/\\\/www.facebook.com\\\/MonacoTribune\",\"https:\\\/\\\/x.com\\\/MonacoTribune\",\"https:\\\/\\\/www.instagram.com\\\/monacotribune\\\/\",\"https:\\\/\\\/www.linkedin.com\\\/company\\\/monaco-tribune\",\"https:\\\/\\\/www.youtube.com\\\/channel\\\/UCHle1MnG6hw1y4lWKijVbMA\"]},{\"@type\":\"Person\",\"@id\":\"https:\\\/\\\/www.monaco-tribune.com\\\/it\\\/#\\\/schema\\\/person\\\/fba2f8d5a098d473c92e84cc43a8f730\",\"name\":\"Agathe Ch\u00e9reau\",\"image\":{\"@type\":\"ImageObject\",\"inLanguage\":\"it-IT\",\"@id\":\"https:\\\/\\\/secure.gravatar.com\\\/avatar\\\/884b20ed9d4430c24d77a3ad560b1c21da67bd6992531a1971822779f9988ea5?s=96&d=mm&r=g\",\"url\":\"https:\\\/\\\/secure.gravatar.com\\\/avatar\\\/884b20ed9d4430c24d77a3ad560b1c21da67bd6992531a1971822779f9988ea5?s=96&d=mm&r=g\",\"contentUrl\":\"https:\\\/\\\/secure.gravatar.com\\\/avatar\\\/884b20ed9d4430c24d77a3ad560b1c21da67bd6992531a1971822779f9988ea5?s=96&d=mm&r=g\",\"caption\":\"Agathe Ch\u00e9reau\"},\"url\":\"https:\\\/\\\/www.monaco-tribune.com\\\/it\\\/author\\\/agathechereau\\\/\"}]}<\/script>\n<!-- \/ Yoast SEO Premium plugin. -->","yoast_head_json":{"title":"She Can He Can: l'associazione monegasca che lotta ogni giorno per la parit\u00e0 dei sessi","description":"Per inaugurare la nostra serie di articoli dedicata alla Giornata Internazionale dei diritti delle donne, abbiamo pensato di iniziare da un'associazione","robots":{"index":"index","follow":"follow","max-snippet":"max-snippet:-1","max-image-preview":"max-image-preview:large","max-video-preview":"max-video-preview:-1"},"canonical":"https:\/\/www.monaco-tribune.com\/it\/2021\/03\/she-can-he-can-lassociazione-monegasca-che-lotta-ogni-giorno-per-la-parita-dei-sessi\/","og_locale":"it_IT","og_type":"article","og_title":"She Can He Can: l'associazione monegasca che lotta ogni giorno per la parit\u00e0 dei sessi - Monaco Tribune","og_description":"Per inaugurare la nostra serie di articoli dedicata alla Giornata Internazionale dei diritti delle donne, abbiamo pensato di iniziare da un'associazione","og_url":"https:\/\/www.monaco-tribune.com\/it\/2021\/03\/she-can-he-can-lassociazione-monegasca-che-lotta-ogni-giorno-per-la-parita-dei-sessi\/","og_site_name":"Monaco Tribune","article_publisher":"https:\/\/www.facebook.com\/MonacoTribune","article_published_time":"2021-03-09T15:57:01+00:00","article_modified_time":"2021-03-09T16:03:46+00:00","og_image":[{"width":1200,"height":876,"url":"https:\/\/www.monaco-tribune.com\/wp-content\/uploads\/2021\/03\/she-can-he-can-monaco.jpeg","type":"image\/jpeg"}],"author":"Agathe Ch\u00e9reau","twitter_card":"summary_large_image","twitter_creator":"@MonacoTribune","twitter_site":"@MonacoTribune","schema":{"@context":"https:\/\/schema.org","@graph":[{"@type":"NewsArticle","@id":"https:\/\/www.monaco-tribune.com\/it\/2021\/03\/she-can-he-can-lassociazione-monegasca-che-lotta-ogni-giorno-per-la-parita-dei-sessi\/#article","isPartOf":{"@id":"https:\/\/www.monaco-tribune.com\/it\/2021\/03\/she-can-he-can-lassociazione-monegasca-che-lotta-ogni-giorno-per-la-parita-dei-sessi\/"},"author":{"name":"Agathe Ch\u00e9reau","@id":"https:\/\/www.monaco-tribune.com\/it\/#\/schema\/person\/fba2f8d5a098d473c92e84cc43a8f730"},"headline":"She Can He Can: l&#8217;associazione monegasca che lotta ogni giorno per la parit\u00e0 dei sessi","datePublished":"2021-03-09T15:57:01+00:00","dateModified":"2021-03-09T16:03:46+00:00","mainEntityOfPage":{"@id":"https:\/\/www.monaco-tribune.com\/it\/2021\/03\/she-can-he-can-lassociazione-monegasca-che-lotta-ogni-giorno-per-la-parita-dei-sessi\/"},"wordCount":568,"publisher":{"@id":"https:\/\/www.monaco-tribune.com\/it\/#organization"},"image":{"@id":"https:\/\/www.monaco-tribune.com\/it\/2021\/03\/she-can-he-can-lassociazione-monegasca-che-lotta-ogni-giorno-per-la-parita-dei-sessi\/#primaryimage"},"thumbnailUrl":"https:\/\/www.monaco-tribune.com\/wp-content\/uploads\/2021\/03\/she-can-he-can-monaco.jpeg","keywords":["Associazioni"],"articleSection":["La nostra scelta","Notizie","Societ\u00e0"],"inLanguage":"it-IT","copyrightYear":"2021","copyrightHolder":{"@id":"https:\/\/www.monaco-tribune.com\/#organization"}},{"@type":"WebPage","@id":"https:\/\/www.monaco-tribune.com\/it\/2021\/03\/she-can-he-can-lassociazione-monegasca-che-lotta-ogni-giorno-per-la-parita-dei-sessi\/","url":"https:\/\/www.monaco-tribune.com\/it\/2021\/03\/she-can-he-can-lassociazione-monegasca-che-lotta-ogni-giorno-per-la-parita-dei-sessi\/","name":"She Can He Can: l'associazione monegasca che lotta ogni giorno per la parit\u00e0 dei sessi","isPartOf":{"@id":"https:\/\/www.monaco-tribune.com\/it\/#website"},"primaryImageOfPage":{"@id":"https:\/\/www.monaco-tribune.com\/it\/2021\/03\/she-can-he-can-lassociazione-monegasca-che-lotta-ogni-giorno-per-la-parita-dei-sessi\/#primaryimage"},"image":{"@id":"https:\/\/www.monaco-tribune.com\/it\/2021\/03\/she-can-he-can-lassociazione-monegasca-che-lotta-ogni-giorno-per-la-parita-dei-sessi\/#primaryimage"},"thumbnailUrl":"https:\/\/www.monaco-tribune.com\/wp-content\/uploads\/2021\/03\/she-can-he-can-monaco.jpeg","datePublished":"2021-03-09T15:57:01+00:00","dateModified":"2021-03-09T16:03:46+00:00","description":"Per inaugurare la nostra serie di articoli dedicata alla Giornata Internazionale dei diritti delle donne, abbiamo pensato di iniziare da un'associazione","breadcrumb":{"@id":"https:\/\/www.monaco-tribune.com\/it\/2021\/03\/she-can-he-can-lassociazione-monegasca-che-lotta-ogni-giorno-per-la-parita-dei-sessi\/#breadcrumb"},"inLanguage":"it-IT","potentialAction":[{"@type":"ReadAction","target":["https:\/\/www.monaco-tribune.com\/it\/2021\/03\/she-can-he-can-lassociazione-monegasca-che-lotta-ogni-giorno-per-la-parita-dei-sessi\/"]}]},{"@type":"ImageObject","inLanguage":"it-IT","@id":"https:\/\/www.monaco-tribune.com\/it\/2021\/03\/she-can-he-can-lassociazione-monegasca-che-lotta-ogni-giorno-per-la-parita-dei-sessi\/#primaryimage","url":"https:\/\/www.monaco-tribune.com\/wp-content\/uploads\/2021\/03\/she-can-he-can-monaco.jpeg","contentUrl":"https:\/\/www.monaco-tribune.com\/wp-content\/uploads\/2021\/03\/she-can-he-can-monaco.jpeg","width":1200,"height":876,"caption":"La Giornata internazionale delle bambine al Consiglio Nazionale di Monaco"},{"@type":"BreadcrumbList","@id":"https:\/\/www.monaco-tribune.com\/it\/2021\/03\/she-can-he-can-lassociazione-monegasca-che-lotta-ogni-giorno-per-la-parita-dei-sessi\/#breadcrumb","itemListElement":[{"@type":"ListItem","position":1,"name":"Accueil","item":"https:\/\/www.monaco-tribune.com\/it\/"},{"@type":"ListItem","position":2,"name":"She Can He Can: l&rsquo;associazione monegasca che lotta ogni giorno per la parit\u00e0 dei sessi"}]},{"@type":"WebSite","@id":"https:\/\/www.monaco-tribune.com\/it\/#website","url":"https:\/\/www.monaco-tribune.com\/it\/","name":"Monaco Tribune","description":"Monaco : actualit\u00e9s \u00e9conomiques, politiques, culturelles et sportives de Monaco et de la French Riviera.","publisher":{"@id":"https:\/\/www.monaco-tribune.com\/it\/#organization"},"potentialAction":[{"@type":"SearchAction","target":{"@type":"EntryPoint","urlTemplate":"https:\/\/www.monaco-tribune.com\/it\/?s={search_term_string}"},"query-input":{"@type":"PropertyValueSpecification","valueRequired":true,"valueName":"search_term_string"}}],"inLanguage":"it-IT"},{"@type":"Organization","@id":"https:\/\/www.monaco-tribune.com\/it\/#organization","name":"Monaco Tribune","url":"https:\/\/www.monaco-tribune.com\/it\/","logo":{"@type":"ImageObject","inLanguage":"it-IT","@id":"https:\/\/www.monaco-tribune.com\/it\/#\/schema\/logo\/image\/","url":"https:\/\/www.monaco-tribune.com\/wp-content\/uploads\/2022\/11\/logo-monaco-tribune.png","contentUrl":"https:\/\/www.monaco-tribune.com\/wp-content\/uploads\/2022\/11\/logo-monaco-tribune.png","width":1548,"height":600,"caption":"Monaco Tribune"},"image":{"@id":"https:\/\/www.monaco-tribune.com\/it\/#\/schema\/logo\/image\/"},"sameAs":["https:\/\/www.facebook.com\/MonacoTribune","https:\/\/x.com\/MonacoTribune","https:\/\/www.instagram.com\/monacotribune\/","https:\/\/www.linkedin.com\/company\/monaco-tribune","https:\/\/www.youtube.com\/channel\/UCHle1MnG6hw1y4lWKijVbMA"]},{"@type":"Person","@id":"https:\/\/www.monaco-tribune.com\/it\/#\/schema\/person\/fba2f8d5a098d473c92e84cc43a8f730","name":"Agathe Ch\u00e9reau","image":{"@type":"ImageObject","inLanguage":"it-IT","@id":"https:\/\/secure.gravatar.com\/avatar\/884b20ed9d4430c24d77a3ad560b1c21da67bd6992531a1971822779f9988ea5?s=96&d=mm&r=g","url":"https:\/\/secure.gravatar.com\/avatar\/884b20ed9d4430c24d77a3ad560b1c21da67bd6992531a1971822779f9988ea5?s=96&d=mm&r=g","contentUrl":"https:\/\/secure.gravatar.com\/avatar\/884b20ed9d4430c24d77a3ad560b1c21da67bd6992531a1971822779f9988ea5?s=96&d=mm&r=g","caption":"Agathe Ch\u00e9reau"},"url":"https:\/\/www.monaco-tribune.com\/it\/author\/agathechereau\/"}]}},"_links":{"self":[{"href":"https:\/\/www.monaco-tribune.com\/it\/wp-json\/wp\/v2\/posts\/71067","targetHints":{"allow":["GET"]}}],"collection":[{"href":"https:\/\/www.monaco-tribune.com\/it\/wp-json\/wp\/v2\/posts"}],"about":[{"href":"https:\/\/www.monaco-tribune.com\/it\/wp-json\/wp\/v2\/types\/post"}],"author":[{"embeddable":true,"href":"https:\/\/www.monaco-tribune.com\/it\/wp-json\/wp\/v2\/users\/47"}],"replies":[{"embeddable":true,"href":"https:\/\/www.monaco-tribune.com\/it\/wp-json\/wp\/v2\/comments?post=71067"}],"version-history":[{"count":0,"href":"https:\/\/www.monaco-tribune.com\/it\/wp-json\/wp\/v2\/posts\/71067\/revisions"}],"wp:featuredmedia":[{"embeddable":true,"href":"https:\/\/www.monaco-tribune.com\/it\/wp-json\/wp\/v2\/media\/70962"}],"wp:attachment":[{"href":"https:\/\/www.monaco-tribune.com\/it\/wp-json\/wp\/v2\/media?parent=71067"}],"wp:term":[{"taxonomy":"category","embeddable":true,"href":"https:\/\/www.monaco-tribune.com\/it\/wp-json\/wp\/v2\/categories?post=71067"},{"taxonomy":"post_tag","embeddable":true,"href":"https:\/\/www.monaco-tribune.com\/it\/wp-json\/wp\/v2\/tags?post=71067"},{"taxonomy":"sectag","embeddable":true,"href":"https:\/\/www.monaco-tribune.com\/it\/wp-json\/wp\/v2\/post_sectags?post=71067"},{"taxonomy":"format","embeddable":true,"href":"https:\/\/www.monaco-tribune.com\/it\/wp-json\/wp\/v2\/post_format?post=71067"}],"curies":[{"name":"wp","href":"https:\/\/api.w.org\/{rel}","templated":true}]}}