{"id":71290,"date":"2021-03-10T17:22:12","date_gmt":"2021-03-10T16:22:12","guid":{"rendered":"https:\/\/www.monaco-tribune.com\/?p=71290"},"modified":"2021-03-11T08:13:50","modified_gmt":"2021-03-11T07:13:50","slug":"promuovere-la-pace-con-lo-sport-marlene-harnois-nuova-rappresentante-dei-campioni-della-pace","status":"publish","type":"post","link":"https:\/\/www.monaco-tribune.com\/it\/2021\/03\/promuovere-la-pace-con-lo-sport-marlene-harnois-nuova-rappresentante-dei-campioni-della-pace\/","title":{"rendered":"Promuovere la pace con lo sport. Marl\u00e8ne Harnois nuova rappresentante dei Campioni della Pace"},"content":{"rendered":"\n<p><strong>L&#8217;organizzazione internazionale con sede a Monaco Peace and Sport ha di recente nominato Marl\u00e8ne Harnois rappresentate dei &#8220;Campioni della Pace&#8221;. Medaglia olimpica nel taekwondo, Marl\u00e8ne subentra al canoista Benjamin Boukpeti.<\/strong><\/p>\n\n\n\n<p>L&#8217;organizzazione internazionale Peace and Sport, fondata dal campione olimpico di pentathlon moderno Jo\u00ebl Bouzou, porta la pace nel mondo attraverso lo sport e i suoi valori dal 2007. Gli obiettivi sono diversi: facilitare l&#8217;accesso all&#8217;istruzione nelle zone instabili, partecipare alla reintegrazione dei rifugiati, ridare speranza agli orfani di guerra e supportare il reinserimento dei bambini soldato.<\/p>\n\n\n\n<p>Per portare la pace nel mondo attraverso lo sport, gli atleti professionisti di Peace and Sport si impegnano personalmente in progetti realizzati in tutto il mondo. &#8220;Fin dalla nascita del club, i Campioni della Pace hanno messo al servizio dei progetti dal forte impatto sociale la loro esperienza come atleti e la loro notoriet\u00e0&#8221;, spiega il Presidente-Fondatore di Peace and Sport, Jo\u00ebl Bouzou. &#8220;I Campioni della Pace hanno dimostrato che lo sport \u00e8 un forte strumento di dialogo e coesione, soprattutto nelle zone pi\u00f9 instabili e povere.&#8221;<\/p>\n\n\n\n<h2 class=\"wp-block-heading\" id=\"h-119-atleti-impegnati-in-progetti-solidali-in-tutto-il-mondo\">119 atleti impegnati in progetti solidali in tutto il mondo<\/h2>\n\n\n\n<p>L&#8217;ultimo a unirsi ai 119 Campioni della Pace \u00e8 stato il sei volte Pallone d&#8217;Oro e star del Barcellona Lionel Messi, grazie al suo impegno nel sociale e al suo fairplay in campo. Oggi, questi grandi atleti sono rappresentati dalla campionessa di taekwondo, Marl\u00e8ne Harnois, membro di Peace and Sport dal 2016 e gi\u00e0 impegnata in diverse iniziative sportive e umanitarie, in particolare in Mali nell&#8217;ambito del progetto Caravan della pace (Caravane de la paix).<\/p>\n\n\n\n<p><strong>&gt;&gt; LEGGI ANCHE: <\/strong><a href=\"https:\/\/www.monaco-tribune.com\/it\/2020\/12\/lionel-messi-premiato-campione-della-pace-dallong-monegasca-peace-and-sport\/\">Lionel Messi premiato \u201cCampione della Pace\u201d dall\u2019ONG monegasca Peace and Sport<\/a><\/p>\n\n\n\n<p>&#8220;Il mio obiettivo \u00e8 quello di stimolare il gruppo, dando supporto e sostegno ai Campioni della Pace nelle loro iniziative, per sottolineare l&#8217;importanza del movimento&#8221; riassume la medaglia olimpica, che prende il posto di Benjamin Boukpeti, prima medaglia olimpica del Togo, che a sua volta aveva sostituito Wilson Kipketer e Kaveh Mehrabi.<\/p>\n\n\n\n<h2 class=\"wp-block-heading\" id=\"h-marl-ne-harnois-campionessa-dal-cuore-grande\">Marl\u00e8ne Harnois, campionessa dal cuore grande<\/h2>\n\n\n\n<p>Dopo la medaglia di bronzo ai Giochi Olimpici di Londra del 2012, Marl\u00e8ne Harnois \u00e8 stata impegnata in diverse iniziative filantropiche in Africa Occidentale, recandosi nelle scuole per promuovere lo sport e i suoi valori. Ma non finisce qui. In Costa d&#8217;Avorio, ha creato la Fondazione Heart Angel accompagnando il taekwondoka Cheick Ciss\u00e9, primo campione olimpico ivoriano, e Ruth Gbagbi, prima donna ivoriana medaglia olimpica, ai Giochi Olimpici di Rio nel 2016.<\/p>\n\n\n\n<p><strong>&gt;&gt; LEGGI ANCHE: <\/strong><a href=\"https:\/\/www.monaco-tribune.com\/it\/2020\/09\/unapp-per-ottenere-la-pace-nel-mondo-facendo-sport\/\">Un\u2019app per ottenere la pace nel mondo facendo sport<\/a><\/p>\n\n\n\n<p>&#8220;Ho sempre sognato, anche durante la mia carriera, di partecipare alle missioni umanitarie&#8221;, confessa l&#8217;atleta di Montreal. &#8220;Vengo da un&#8217;arte marziale che promuove i valori del rispetto, del coraggio e della solidariet\u00e0. Dopo la vittoria di Cheick e Ruth, che \u00e8 passata alla storia, mi sono resa conto del potere dello sport e dell&#8217;impatto che ha sul mondo, unendo le popolazioni e contribuendo alla fama di un paese sulla scena internazionale&#8221;. Un passato di cui andare fiera alla guida dei Campioni della Pace nei mesi a venire.<\/p>\n\n\n\n<p>*Didier Drogba, Blaise Matuidi, Lionel Messi, S\u00e9bastien Loeb, Novak Djokovic, Paula Radcliffe, Sarah Ourahmoune, Melissa Plaza, Laurence Fischer e ancora Siya Kolisi fanno parte del club dei <a href=\"https:\/\/www.peace-sport.org\/our-champions-of-peace\/\">Campioni della Pace<\/a>.<\/p>\n\n\n\n<figure class=\"wp-block-gallery columns-2 is-cropped wp-block-gallery-1 is-layout-flex wp-block-gallery-is-layout-flex\"><ul class=\"blocks-gallery-grid\"><li class=\"blocks-gallery-item\"><figure><img loading=\"lazy\" decoding=\"async\" width=\"956\" height=\"672\" src=\"https:\/\/www.monaco-tribune.com\/wp-content\/uploads\/2021\/03\/benjamin-boukpeti-togo-min.jpg\" alt=\"\" data-id=\"70928\" data-full-url=\"https:\/\/www.monaco-tribune.com\/wp-content\/uploads\/2021\/03\/benjamin-boukpeti-togo-min.jpg\" data-link=\"https:\/\/www.monaco-tribune.com\/it\/benjamin-boukpeti-togo-min-2\/\" class=\"wp-image-70928\" srcset=\"https:\/\/www.monaco-tribune.com\/wp-content\/uploads\/2021\/03\/benjamin-boukpeti-togo-min.jpg 956w, https:\/\/www.monaco-tribune.com\/wp-content\/uploads\/2021\/03\/benjamin-boukpeti-togo-min-427x300.jpg 427w\" sizes=\"auto, (max-width: 956px) 100vw, 956px\" \/><\/figure><\/li><li class=\"blocks-gallery-item\"><figure><img loading=\"lazy\" decoding=\"async\" width=\"1024\" height=\"659\" src=\"https:\/\/www.monaco-tribune.com\/wp-content\/uploads\/2021\/03\/peace-and-sport-min.jpg\" alt=\"\" data-id=\"70936\" data-full-url=\"https:\/\/www.monaco-tribune.com\/wp-content\/uploads\/2021\/03\/peace-and-sport-min.jpg\" data-link=\"https:\/\/www.monaco-tribune.com\/it\/peace-and-sport-min-2\/\" class=\"wp-image-70936\" srcset=\"https:\/\/www.monaco-tribune.com\/wp-content\/uploads\/2021\/03\/peace-and-sport-min.jpg 1024w, https:\/\/www.monaco-tribune.com\/wp-content\/uploads\/2021\/03\/peace-and-sport-min-466x300.jpg 466w\" sizes=\"auto, (max-width: 1024px) 100vw, 1024px\" \/><\/figure><\/li><li class=\"blocks-gallery-item\"><figure><img loading=\"lazy\" decoding=\"async\" width=\"1024\" height=\"631\" src=\"https:\/\/www.monaco-tribune.com\/wp-content\/uploads\/2021\/03\/marle\u0300ne-harnois-caravane-de-la-paix-min.jpg\" alt=\"\" data-id=\"70944\" data-full-url=\"https:\/\/www.monaco-tribune.com\/wp-content\/uploads\/2021\/03\/marle\u0300ne-harnois-caravane-de-la-paix-min.jpg\" data-link=\"https:\/\/www.monaco-tribune.com\/it\/marlene-harnois-caravane-de-la-paix-min-2\/\" class=\"wp-image-70944\" srcset=\"https:\/\/www.monaco-tribune.com\/wp-content\/uploads\/2021\/03\/marle\u0300ne-harnois-caravane-de-la-paix-min.jpg 1024w, https:\/\/www.monaco-tribune.com\/wp-content\/uploads\/2021\/03\/marle\u0300ne-harnois-caravane-de-la-paix-min-487x300.jpg 487w\" sizes=\"auto, (max-width: 1024px) 100vw, 1024px\" \/><\/figure><\/li><\/ul><\/figure>\n","protected":false},"excerpt":{"rendered":"<p>L&#8217;organizzazione internazionale con sede a Monaco Peace and Sport ha di recente nominato Marl\u00e8ne Harnois rappresentate dei &#8220;Campioni della Pace&#8221;. [&hellip;]<\/p>\n","protected":false},"author":24,"featured_media":70940,"comment_status":"closed","ping_status":"closed","sticky":false,"template":"","format":"standard","meta":{"_acf_changed":false,"footnotes":""},"categories":[1826,1738,1743],"tags":[4515],"post_sectags":[],"post_format":[2486],"class_list":["post-71290","post","type-post","status-publish","format-standard","has-post-thumbnail","hentry","category-la-nostra-scelta","category-notizie","category-sport-it","tag-peace-and-sport-it","format-servizio"],"acf":[],"yoast_head":"<!-- This site is optimized with the Yoast SEO Premium plugin v26.8 (Yoast SEO v27.4) - https:\/\/yoast.com\/product\/yoast-seo-premium-wordpress\/ -->\n<title>Promuovere la pace con lo sport. Marl\u00e8ne Harnois nuova rappresentante dei Campioni della Pace<\/title>\n<meta name=\"description\" content=\"L&#039;organizzazione internazionale con sede a Monaco Peace and Sport ha di recente nominato Marl\u00e8ne Harnois rappresentate dei &quot;Campioni della Pace&quot;. Medaglia\" \/>\n<meta name=\"robots\" content=\"index, follow, max-snippet:-1, max-image-preview:large, max-video-preview:-1\" \/>\n<link rel=\"canonical\" href=\"https:\/\/www.monaco-tribune.com\/it\/2021\/03\/promuovere-la-pace-con-lo-sport-marlene-harnois-nuova-rappresentante-dei-campioni-della-pace\/\" \/>\n<meta property=\"og:locale\" content=\"it_IT\" \/>\n<meta property=\"og:type\" content=\"article\" \/>\n<meta property=\"og:title\" content=\"Promuovere la pace con lo sport. Marl\u00e8ne Harnois nuova rappresentante dei Campioni della Pace - Monaco Tribune\" \/>\n<meta property=\"og:description\" content=\"L&#039;organizzazione internazionale con sede a Monaco Peace and Sport ha di recente nominato Marl\u00e8ne Harnois rappresentate dei &quot;Campioni della Pace&quot;. Medaglia\" \/>\n<meta property=\"og:url\" content=\"https:\/\/www.monaco-tribune.com\/it\/2021\/03\/promuovere-la-pace-con-lo-sport-marlene-harnois-nuova-rappresentante-dei-campioni-della-pace\/\" \/>\n<meta property=\"og:site_name\" content=\"Monaco Tribune\" \/>\n<meta property=\"article:publisher\" content=\"https:\/\/www.facebook.com\/MonacoTribune\" \/>\n<meta property=\"article:published_time\" content=\"2021-03-10T16:22:12+00:00\" \/>\n<meta property=\"article:modified_time\" content=\"2021-03-11T07:13:50+00:00\" \/>\n<meta property=\"og:image\" content=\"https:\/\/www.monaco-tribune.com\/wp-content\/uploads\/2021\/03\/marle\u0300ne-harnois-peace-and-sport-min.jpg\" \/>\n\t<meta property=\"og:image:width\" content=\"1024\" \/>\n\t<meta property=\"og:image:height\" content=\"663\" \/>\n\t<meta property=\"og:image:type\" content=\"image\/jpeg\" \/>\n<meta name=\"author\" content=\"Romain Boisaubert\" \/>\n<meta name=\"twitter:card\" content=\"summary_large_image\" \/>\n<meta name=\"twitter:creator\" content=\"@MonacoTribune\" \/>\n<meta name=\"twitter:site\" content=\"@MonacoTribune\" \/>\n<script type=\"application\/ld+json\" class=\"yoast-schema-graph\">{\"@context\":\"https:\\\/\\\/schema.org\",\"@graph\":[{\"@type\":\"NewsArticle\",\"@id\":\"https:\\\/\\\/www.monaco-tribune.com\\\/it\\\/2021\\\/03\\\/promuovere-la-pace-con-lo-sport-marlene-harnois-nuova-rappresentante-dei-campioni-della-pace\\\/#article\",\"isPartOf\":{\"@id\":\"https:\\\/\\\/www.monaco-tribune.com\\\/it\\\/2021\\\/03\\\/promuovere-la-pace-con-lo-sport-marlene-harnois-nuova-rappresentante-dei-campioni-della-pace\\\/\"},\"author\":{\"name\":\"Romain Boisaubert\",\"@id\":\"https:\\\/\\\/www.monaco-tribune.com\\\/it\\\/#\\\/schema\\\/person\\\/330a3732947cf8cb41b2533a0eadd62e\"},\"headline\":\"Promuovere la pace con lo sport. Marl\u00e8ne Harnois nuova rappresentante dei Campioni della Pace\",\"datePublished\":\"2021-03-10T16:22:12+00:00\",\"dateModified\":\"2021-03-11T07:13:50+00:00\",\"mainEntityOfPage\":{\"@id\":\"https:\\\/\\\/www.monaco-tribune.com\\\/it\\\/2021\\\/03\\\/promuovere-la-pace-con-lo-sport-marlene-harnois-nuova-rappresentante-dei-campioni-della-pace\\\/\"},\"wordCount\":559,\"publisher\":{\"@id\":\"https:\\\/\\\/www.monaco-tribune.com\\\/it\\\/#organization\"},\"image\":{\"@id\":\"https:\\\/\\\/www.monaco-tribune.com\\\/it\\\/2021\\\/03\\\/promuovere-la-pace-con-lo-sport-marlene-harnois-nuova-rappresentante-dei-campioni-della-pace\\\/#primaryimage\"},\"thumbnailUrl\":\"https:\\\/\\\/www.monaco-tribune.com\\\/wp-content\\\/uploads\\\/2021\\\/03\\\/marle\u0300ne-harnois-peace-and-sport-min.jpg\",\"keywords\":[\"Peace and Sport\"],\"articleSection\":[\"La nostra scelta\",\"Notizie\",\"Sport\"],\"inLanguage\":\"it-IT\",\"copyrightYear\":\"2021\",\"copyrightHolder\":{\"@id\":\"https:\\\/\\\/www.monaco-tribune.com\\\/#organization\"}},{\"@type\":\"WebPage\",\"@id\":\"https:\\\/\\\/www.monaco-tribune.com\\\/it\\\/2021\\\/03\\\/promuovere-la-pace-con-lo-sport-marlene-harnois-nuova-rappresentante-dei-campioni-della-pace\\\/\",\"url\":\"https:\\\/\\\/www.monaco-tribune.com\\\/it\\\/2021\\\/03\\\/promuovere-la-pace-con-lo-sport-marlene-harnois-nuova-rappresentante-dei-campioni-della-pace\\\/\",\"name\":\"Promuovere la pace con lo sport. Marl\u00e8ne Harnois nuova rappresentante dei Campioni della Pace\",\"isPartOf\":{\"@id\":\"https:\\\/\\\/www.monaco-tribune.com\\\/it\\\/#website\"},\"primaryImageOfPage\":{\"@id\":\"https:\\\/\\\/www.monaco-tribune.com\\\/it\\\/2021\\\/03\\\/promuovere-la-pace-con-lo-sport-marlene-harnois-nuova-rappresentante-dei-campioni-della-pace\\\/#primaryimage\"},\"image\":{\"@id\":\"https:\\\/\\\/www.monaco-tribune.com\\\/it\\\/2021\\\/03\\\/promuovere-la-pace-con-lo-sport-marlene-harnois-nuova-rappresentante-dei-campioni-della-pace\\\/#primaryimage\"},\"thumbnailUrl\":\"https:\\\/\\\/www.monaco-tribune.com\\\/wp-content\\\/uploads\\\/2021\\\/03\\\/marle\u0300ne-harnois-peace-and-sport-min.jpg\",\"datePublished\":\"2021-03-10T16:22:12+00:00\",\"dateModified\":\"2021-03-11T07:13:50+00:00\",\"description\":\"L'organizzazione internazionale con sede a Monaco Peace and Sport ha di recente nominato Marl\u00e8ne Harnois rappresentate dei \\\"Campioni della Pace\\\". Medaglia\",\"breadcrumb\":{\"@id\":\"https:\\\/\\\/www.monaco-tribune.com\\\/it\\\/2021\\\/03\\\/promuovere-la-pace-con-lo-sport-marlene-harnois-nuova-rappresentante-dei-campioni-della-pace\\\/#breadcrumb\"},\"inLanguage\":\"it-IT\",\"potentialAction\":[{\"@type\":\"ReadAction\",\"target\":[\"https:\\\/\\\/www.monaco-tribune.com\\\/it\\\/2021\\\/03\\\/promuovere-la-pace-con-lo-sport-marlene-harnois-nuova-rappresentante-dei-campioni-della-pace\\\/\"]}]},{\"@type\":\"ImageObject\",\"inLanguage\":\"it-IT\",\"@id\":\"https:\\\/\\\/www.monaco-tribune.com\\\/it\\\/2021\\\/03\\\/promuovere-la-pace-con-lo-sport-marlene-harnois-nuova-rappresentante-dei-campioni-della-pace\\\/#primaryimage\",\"url\":\"https:\\\/\\\/www.monaco-tribune.com\\\/wp-content\\\/uploads\\\/2021\\\/03\\\/marle\u0300ne-harnois-peace-and-sport-min.jpg\",\"contentUrl\":\"https:\\\/\\\/www.monaco-tribune.com\\\/wp-content\\\/uploads\\\/2021\\\/03\\\/marle\u0300ne-harnois-peace-and-sport-min.jpg\",\"width\":1024,\"height\":663,\"caption\":\"Peace and Sport\"},{\"@type\":\"BreadcrumbList\",\"@id\":\"https:\\\/\\\/www.monaco-tribune.com\\\/it\\\/2021\\\/03\\\/promuovere-la-pace-con-lo-sport-marlene-harnois-nuova-rappresentante-dei-campioni-della-pace\\\/#breadcrumb\",\"itemListElement\":[{\"@type\":\"ListItem\",\"position\":1,\"name\":\"Accueil\",\"item\":\"https:\\\/\\\/www.monaco-tribune.com\\\/it\\\/\"},{\"@type\":\"ListItem\",\"position\":2,\"name\":\"Promuovere la pace con lo sport. Marl\u00e8ne Harnois nuova rappresentante dei Campioni della Pace\"}]},{\"@type\":\"WebSite\",\"@id\":\"https:\\\/\\\/www.monaco-tribune.com\\\/it\\\/#website\",\"url\":\"https:\\\/\\\/www.monaco-tribune.com\\\/it\\\/\",\"name\":\"Monaco Tribune\",\"description\":\"Monaco : actualit\u00e9s \u00e9conomiques, politiques, culturelles et sportives de Monaco et de la French Riviera.\",\"publisher\":{\"@id\":\"https:\\\/\\\/www.monaco-tribune.com\\\/it\\\/#organization\"},\"potentialAction\":[{\"@type\":\"SearchAction\",\"target\":{\"@type\":\"EntryPoint\",\"urlTemplate\":\"https:\\\/\\\/www.monaco-tribune.com\\\/it\\\/?s={search_term_string}\"},\"query-input\":{\"@type\":\"PropertyValueSpecification\",\"valueRequired\":true,\"valueName\":\"search_term_string\"}}],\"inLanguage\":\"it-IT\"},{\"@type\":\"Organization\",\"@id\":\"https:\\\/\\\/www.monaco-tribune.com\\\/it\\\/#organization\",\"name\":\"Monaco Tribune\",\"url\":\"https:\\\/\\\/www.monaco-tribune.com\\\/it\\\/\",\"logo\":{\"@type\":\"ImageObject\",\"inLanguage\":\"it-IT\",\"@id\":\"https:\\\/\\\/www.monaco-tribune.com\\\/it\\\/#\\\/schema\\\/logo\\\/image\\\/\",\"url\":\"https:\\\/\\\/www.monaco-tribune.com\\\/wp-content\\\/uploads\\\/2022\\\/11\\\/logo-monaco-tribune.png\",\"contentUrl\":\"https:\\\/\\\/www.monaco-tribune.com\\\/wp-content\\\/uploads\\\/2022\\\/11\\\/logo-monaco-tribune.png\",\"width\":1548,\"height\":600,\"caption\":\"Monaco Tribune\"},\"image\":{\"@id\":\"https:\\\/\\\/www.monaco-tribune.com\\\/it\\\/#\\\/schema\\\/logo\\\/image\\\/\"},\"sameAs\":[\"https:\\\/\\\/www.facebook.com\\\/MonacoTribune\",\"https:\\\/\\\/x.com\\\/MonacoTribune\",\"https:\\\/\\\/www.instagram.com\\\/monacotribune\\\/\",\"https:\\\/\\\/www.linkedin.com\\\/company\\\/monaco-tribune\",\"https:\\\/\\\/www.youtube.com\\\/channel\\\/UCHle1MnG6hw1y4lWKijVbMA\"]},{\"@type\":\"Person\",\"@id\":\"https:\\\/\\\/www.monaco-tribune.com\\\/it\\\/#\\\/schema\\\/person\\\/330a3732947cf8cb41b2533a0eadd62e\",\"name\":\"Romain Boisaubert\",\"image\":{\"@type\":\"ImageObject\",\"inLanguage\":\"it-IT\",\"@id\":\"https:\\\/\\\/secure.gravatar.com\\\/avatar\\\/f8b90d41f1eabd1cbe4cf59e09d8db41a697d51919bf2dfe727589a24a4a4d54?s=96&d=mm&r=g\",\"url\":\"https:\\\/\\\/secure.gravatar.com\\\/avatar\\\/f8b90d41f1eabd1cbe4cf59e09d8db41a697d51919bf2dfe727589a24a4a4d54?s=96&d=mm&r=g\",\"contentUrl\":\"https:\\\/\\\/secure.gravatar.com\\\/avatar\\\/f8b90d41f1eabd1cbe4cf59e09d8db41a697d51919bf2dfe727589a24a4a4d54?s=96&d=mm&r=g\",\"caption\":\"Romain Boisaubert\"},\"description\":\"Test bio\",\"url\":\"https:\\\/\\\/www.monaco-tribune.com\\\/it\\\/author\\\/romain-boisaubert\\\/\"}]}<\/script>\n<!-- \/ Yoast SEO Premium plugin. -->","yoast_head_json":{"title":"Promuovere la pace con lo sport. Marl\u00e8ne Harnois nuova rappresentante dei Campioni della Pace","description":"L'organizzazione internazionale con sede a Monaco Peace and Sport ha di recente nominato Marl\u00e8ne Harnois rappresentate dei \"Campioni della Pace\". Medaglia","robots":{"index":"index","follow":"follow","max-snippet":"max-snippet:-1","max-image-preview":"max-image-preview:large","max-video-preview":"max-video-preview:-1"},"canonical":"https:\/\/www.monaco-tribune.com\/it\/2021\/03\/promuovere-la-pace-con-lo-sport-marlene-harnois-nuova-rappresentante-dei-campioni-della-pace\/","og_locale":"it_IT","og_type":"article","og_title":"Promuovere la pace con lo sport. Marl\u00e8ne Harnois nuova rappresentante dei Campioni della Pace - Monaco Tribune","og_description":"L'organizzazione internazionale con sede a Monaco Peace and Sport ha di recente nominato Marl\u00e8ne Harnois rappresentate dei \"Campioni della Pace\". Medaglia","og_url":"https:\/\/www.monaco-tribune.com\/it\/2021\/03\/promuovere-la-pace-con-lo-sport-marlene-harnois-nuova-rappresentante-dei-campioni-della-pace\/","og_site_name":"Monaco Tribune","article_publisher":"https:\/\/www.facebook.com\/MonacoTribune","article_published_time":"2021-03-10T16:22:12+00:00","article_modified_time":"2021-03-11T07:13:50+00:00","og_image":[{"width":1024,"height":663,"url":"https:\/\/www.monaco-tribune.com\/wp-content\/uploads\/2021\/03\/marle\u0300ne-harnois-peace-and-sport-min.jpg","type":"image\/jpeg"}],"author":"Romain Boisaubert","twitter_card":"summary_large_image","twitter_creator":"@MonacoTribune","twitter_site":"@MonacoTribune","schema":{"@context":"https:\/\/schema.org","@graph":[{"@type":"NewsArticle","@id":"https:\/\/www.monaco-tribune.com\/it\/2021\/03\/promuovere-la-pace-con-lo-sport-marlene-harnois-nuova-rappresentante-dei-campioni-della-pace\/#article","isPartOf":{"@id":"https:\/\/www.monaco-tribune.com\/it\/2021\/03\/promuovere-la-pace-con-lo-sport-marlene-harnois-nuova-rappresentante-dei-campioni-della-pace\/"},"author":{"name":"Romain Boisaubert","@id":"https:\/\/www.monaco-tribune.com\/it\/#\/schema\/person\/330a3732947cf8cb41b2533a0eadd62e"},"headline":"Promuovere la pace con lo sport. Marl\u00e8ne Harnois nuova rappresentante dei Campioni della Pace","datePublished":"2021-03-10T16:22:12+00:00","dateModified":"2021-03-11T07:13:50+00:00","mainEntityOfPage":{"@id":"https:\/\/www.monaco-tribune.com\/it\/2021\/03\/promuovere-la-pace-con-lo-sport-marlene-harnois-nuova-rappresentante-dei-campioni-della-pace\/"},"wordCount":559,"publisher":{"@id":"https:\/\/www.monaco-tribune.com\/it\/#organization"},"image":{"@id":"https:\/\/www.monaco-tribune.com\/it\/2021\/03\/promuovere-la-pace-con-lo-sport-marlene-harnois-nuova-rappresentante-dei-campioni-della-pace\/#primaryimage"},"thumbnailUrl":"https:\/\/www.monaco-tribune.com\/wp-content\/uploads\/2021\/03\/marle\u0300ne-harnois-peace-and-sport-min.jpg","keywords":["Peace and Sport"],"articleSection":["La nostra scelta","Notizie","Sport"],"inLanguage":"it-IT","copyrightYear":"2021","copyrightHolder":{"@id":"https:\/\/www.monaco-tribune.com\/#organization"}},{"@type":"WebPage","@id":"https:\/\/www.monaco-tribune.com\/it\/2021\/03\/promuovere-la-pace-con-lo-sport-marlene-harnois-nuova-rappresentante-dei-campioni-della-pace\/","url":"https:\/\/www.monaco-tribune.com\/it\/2021\/03\/promuovere-la-pace-con-lo-sport-marlene-harnois-nuova-rappresentante-dei-campioni-della-pace\/","name":"Promuovere la pace con lo sport. Marl\u00e8ne Harnois nuova rappresentante dei Campioni della Pace","isPartOf":{"@id":"https:\/\/www.monaco-tribune.com\/it\/#website"},"primaryImageOfPage":{"@id":"https:\/\/www.monaco-tribune.com\/it\/2021\/03\/promuovere-la-pace-con-lo-sport-marlene-harnois-nuova-rappresentante-dei-campioni-della-pace\/#primaryimage"},"image":{"@id":"https:\/\/www.monaco-tribune.com\/it\/2021\/03\/promuovere-la-pace-con-lo-sport-marlene-harnois-nuova-rappresentante-dei-campioni-della-pace\/#primaryimage"},"thumbnailUrl":"https:\/\/www.monaco-tribune.com\/wp-content\/uploads\/2021\/03\/marle\u0300ne-harnois-peace-and-sport-min.jpg","datePublished":"2021-03-10T16:22:12+00:00","dateModified":"2021-03-11T07:13:50+00:00","description":"L'organizzazione internazionale con sede a Monaco Peace and Sport ha di recente nominato Marl\u00e8ne Harnois rappresentate dei \"Campioni della Pace\". Medaglia","breadcrumb":{"@id":"https:\/\/www.monaco-tribune.com\/it\/2021\/03\/promuovere-la-pace-con-lo-sport-marlene-harnois-nuova-rappresentante-dei-campioni-della-pace\/#breadcrumb"},"inLanguage":"it-IT","potentialAction":[{"@type":"ReadAction","target":["https:\/\/www.monaco-tribune.com\/it\/2021\/03\/promuovere-la-pace-con-lo-sport-marlene-harnois-nuova-rappresentante-dei-campioni-della-pace\/"]}]},{"@type":"ImageObject","inLanguage":"it-IT","@id":"https:\/\/www.monaco-tribune.com\/it\/2021\/03\/promuovere-la-pace-con-lo-sport-marlene-harnois-nuova-rappresentante-dei-campioni-della-pace\/#primaryimage","url":"https:\/\/www.monaco-tribune.com\/wp-content\/uploads\/2021\/03\/marle\u0300ne-harnois-peace-and-sport-min.jpg","contentUrl":"https:\/\/www.monaco-tribune.com\/wp-content\/uploads\/2021\/03\/marle\u0300ne-harnois-peace-and-sport-min.jpg","width":1024,"height":663,"caption":"Peace and Sport"},{"@type":"BreadcrumbList","@id":"https:\/\/www.monaco-tribune.com\/it\/2021\/03\/promuovere-la-pace-con-lo-sport-marlene-harnois-nuova-rappresentante-dei-campioni-della-pace\/#breadcrumb","itemListElement":[{"@type":"ListItem","position":1,"name":"Accueil","item":"https:\/\/www.monaco-tribune.com\/it\/"},{"@type":"ListItem","position":2,"name":"Promuovere la pace con lo sport. Marl\u00e8ne Harnois nuova rappresentante dei Campioni della Pace"}]},{"@type":"WebSite","@id":"https:\/\/www.monaco-tribune.com\/it\/#website","url":"https:\/\/www.monaco-tribune.com\/it\/","name":"Monaco Tribune","description":"Monaco : actualit\u00e9s \u00e9conomiques, politiques, culturelles et sportives de Monaco et de la French Riviera.","publisher":{"@id":"https:\/\/www.monaco-tribune.com\/it\/#organization"},"potentialAction":[{"@type":"SearchAction","target":{"@type":"EntryPoint","urlTemplate":"https:\/\/www.monaco-tribune.com\/it\/?s={search_term_string}"},"query-input":{"@type":"PropertyValueSpecification","valueRequired":true,"valueName":"search_term_string"}}],"inLanguage":"it-IT"},{"@type":"Organization","@id":"https:\/\/www.monaco-tribune.com\/it\/#organization","name":"Monaco Tribune","url":"https:\/\/www.monaco-tribune.com\/it\/","logo":{"@type":"ImageObject","inLanguage":"it-IT","@id":"https:\/\/www.monaco-tribune.com\/it\/#\/schema\/logo\/image\/","url":"https:\/\/www.monaco-tribune.com\/wp-content\/uploads\/2022\/11\/logo-monaco-tribune.png","contentUrl":"https:\/\/www.monaco-tribune.com\/wp-content\/uploads\/2022\/11\/logo-monaco-tribune.png","width":1548,"height":600,"caption":"Monaco Tribune"},"image":{"@id":"https:\/\/www.monaco-tribune.com\/it\/#\/schema\/logo\/image\/"},"sameAs":["https:\/\/www.facebook.com\/MonacoTribune","https:\/\/x.com\/MonacoTribune","https:\/\/www.instagram.com\/monacotribune\/","https:\/\/www.linkedin.com\/company\/monaco-tribune","https:\/\/www.youtube.com\/channel\/UCHle1MnG6hw1y4lWKijVbMA"]},{"@type":"Person","@id":"https:\/\/www.monaco-tribune.com\/it\/#\/schema\/person\/330a3732947cf8cb41b2533a0eadd62e","name":"Romain Boisaubert","image":{"@type":"ImageObject","inLanguage":"it-IT","@id":"https:\/\/secure.gravatar.com\/avatar\/f8b90d41f1eabd1cbe4cf59e09d8db41a697d51919bf2dfe727589a24a4a4d54?s=96&d=mm&r=g","url":"https:\/\/secure.gravatar.com\/avatar\/f8b90d41f1eabd1cbe4cf59e09d8db41a697d51919bf2dfe727589a24a4a4d54?s=96&d=mm&r=g","contentUrl":"https:\/\/secure.gravatar.com\/avatar\/f8b90d41f1eabd1cbe4cf59e09d8db41a697d51919bf2dfe727589a24a4a4d54?s=96&d=mm&r=g","caption":"Romain Boisaubert"},"description":"Test bio","url":"https:\/\/www.monaco-tribune.com\/it\/author\/romain-boisaubert\/"}]}},"_links":{"self":[{"href":"https:\/\/www.monaco-tribune.com\/it\/wp-json\/wp\/v2\/posts\/71290","targetHints":{"allow":["GET"]}}],"collection":[{"href":"https:\/\/www.monaco-tribune.com\/it\/wp-json\/wp\/v2\/posts"}],"about":[{"href":"https:\/\/www.monaco-tribune.com\/it\/wp-json\/wp\/v2\/types\/post"}],"author":[{"embeddable":true,"href":"https:\/\/www.monaco-tribune.com\/it\/wp-json\/wp\/v2\/users\/24"}],"replies":[{"embeddable":true,"href":"https:\/\/www.monaco-tribune.com\/it\/wp-json\/wp\/v2\/comments?post=71290"}],"version-history":[{"count":0,"href":"https:\/\/www.monaco-tribune.com\/it\/wp-json\/wp\/v2\/posts\/71290\/revisions"}],"wp:featuredmedia":[{"embeddable":true,"href":"https:\/\/www.monaco-tribune.com\/it\/wp-json\/wp\/v2\/media\/70940"}],"wp:attachment":[{"href":"https:\/\/www.monaco-tribune.com\/it\/wp-json\/wp\/v2\/media?parent=71290"}],"wp:term":[{"taxonomy":"category","embeddable":true,"href":"https:\/\/www.monaco-tribune.com\/it\/wp-json\/wp\/v2\/categories?post=71290"},{"taxonomy":"post_tag","embeddable":true,"href":"https:\/\/www.monaco-tribune.com\/it\/wp-json\/wp\/v2\/tags?post=71290"},{"taxonomy":"sectag","embeddable":true,"href":"https:\/\/www.monaco-tribune.com\/it\/wp-json\/wp\/v2\/post_sectags?post=71290"},{"taxonomy":"format","embeddable":true,"href":"https:\/\/www.monaco-tribune.com\/it\/wp-json\/wp\/v2\/post_format?post=71290"}],"curies":[{"name":"wp","href":"https:\/\/api.w.org\/{rel}","templated":true}]}}