{"id":71492,"date":"2021-03-11T12:17:11","date_gmt":"2021-03-11T11:17:11","guid":{"rendered":"https:\/\/www.monaco-tribune.com\/2021\/03\/dantedi-monaco-celebra-i-700-anni-dalla-morte-di-dante-alighieri\/"},"modified":"2021-03-11T12:20:50","modified_gmt":"2021-03-11T11:20:50","slug":"dantedi-monaco-celebra-i-700-anni-dalla-morte-di-dante-alighieri","status":"publish","type":"post","link":"https:\/\/www.monaco-tribune.com\/it\/2021\/03\/dantedi-monaco-celebra-i-700-anni-dalla-morte-di-dante-alighieri\/","title":{"rendered":"Danted\u00ec: Monaco celebra i 700 anni dalla morte di Dante Alighieri"},"content":{"rendered":"\n<p><strong>Flauti, percussioni e baritoni. Gioved\u00ec 25 marzo, nella Chiesa Saint-Charles si terr\u00e0 un recital concerto per celebrare il 700\u00b0 anniversario della morte del grande poeta Dante Alighieri, simbolo della poesia medievale e della letteratura in tutto il mondo.<\/strong><\/p>\n\n\n\n<p>A 700 anni dalla morte del celebre poeta fiorentino Dante Alighieri, l&#8217;Associazione Dante Monaco ha deciso di organizzare un recital concerto che si terr\u00e0 il 25 marzo alle 17:00 nella Chiesa Saint-Charles. L&#8217;evento \u00e8 stato organizzato in collaborazione con l&#8217;Ambasciata d\u2019Italia e il Servizio Diocesano della Cultura di MonteCarlo.<\/p>\n\n\n\n<p><strong>&gt;&gt; LEGGI ANCHE: <\/strong><a href=\"https:\/\/www.monaco-tribune.com\/it\/2020\/11\/ambasciatore-giulio-alaimo-la-cultura-monegasca-e-ricca-ditalianita\/\">Ambasciatore Giulio Alaimo: \u201cLa cultura monegasca \u00e8 ricca d\u2019italianit\u00e0\u201d<\/a><\/p>\n\n\n\n<h2 class=\"wp-block-heading\" id=\"h-un-concerto-nel-segno-dell-amore\">Un concerto nel segno dell&#8217;amore<\/h2>\n\n\n\n<p>Il recital concerto, intitolato &#8220;Iter Amoris&#8221;, sar\u00e0 accompagnato da elementi di musica antica, oltre che da un duo specializzato nella lirica cortese dei Trovadori dell\u2019Occitania del Medioevo. L&#8217;evento si svolger\u00e0 sotto il segno dell&#8217;amore, un tema sempre presente nelle poesie del poeta. &#8220;All\u2019amore lo richiamava il suo temperamento ricco di passioni e l\u2019ampio orizzonte delle sue esperienze&#8221;, si legge in un recente comunicato stampa dell&#8217;Associazione Dante.<\/p>\n\n\n\n<p>&#8220;La nostra associazione \u00e8 convinta che, senza mettere in pericolo la salute degli spettatori e nel rispetto assoluto delle linee guida delle autorit\u00e0, l&#8217;arte, la cultura, la musica e il teatro non debbano essere messi in isolamento a causa delle restrizioni sanitarie&#8221; ha aggiunto l&#8217;associazione, che, per quanto possibile, intende continuare a proporre eventi.<\/p>\n\n\n\n<p><em>&#8220;Iter Amoris&#8221; , gioved\u00ec 25 marzo, ore 17:00, Chiesa Saint Charles, 8 Avenue Saint-Charles, Monaco<\/em>.<\/p>\n\n\n\n<p>Informazioni: +377 97 70 89 47 o <a href=\"https:\/\/fr.ladantemonaco.com\/\">www.ladantemonaco.com<\/a><\/p>\n","protected":false},"excerpt":{"rendered":"<p>Flauti, percussioni e baritoni. Gioved\u00ec 25 marzo, nella Chiesa Saint-Charles si terr\u00e0 un recital concerto per celebrare il 700\u00b0 anniversario [&hellip;]<\/p>\n","protected":false},"author":50,"featured_media":71370,"comment_status":"closed","ping_status":"closed","sticky":false,"template":"","format":"standard","meta":{"_acf_changed":false,"footnotes":""},"categories":[1738,1752],"tags":[],"post_sectags":[],"post_format":[2470],"class_list":["post-71492","post","type-post","status-publish","format-standard","has-post-thumbnail","hentry","category-notizie","category-societa","format-concorso"],"acf":[],"yoast_head":"<!-- This site is optimized with the Yoast SEO Premium plugin v26.8 (Yoast SEO v27.4) - https:\/\/yoast.com\/product\/yoast-seo-premium-wordpress\/ -->\n<title>Danted\u00ec: Monaco celebra i 700 anni dalla morte di Dante Alighieri<\/title>\n<meta name=\"description\" content=\"Flauti, percussioni e baritoni. Gioved\u00ec 25 marzo, nella Chiesa Saint-Charles si terr\u00e0 un recital concerto per celebrare il 700\u00b0 anniversario della morte\" \/>\n<meta name=\"robots\" content=\"index, follow, max-snippet:-1, max-image-preview:large, max-video-preview:-1\" \/>\n<link rel=\"canonical\" href=\"https:\/\/www.monaco-tribune.com\/it\/2021\/03\/dantedi-monaco-celebra-i-700-anni-dalla-morte-di-dante-alighieri\/\" \/>\n<meta property=\"og:locale\" content=\"it_IT\" \/>\n<meta property=\"og:type\" content=\"article\" \/>\n<meta property=\"og:title\" content=\"Danted\u00ec: Monaco celebra i 700 anni dalla morte di Dante Alighieri - Monaco Tribune\" \/>\n<meta property=\"og:description\" content=\"Flauti, percussioni e baritoni. Gioved\u00ec 25 marzo, nella Chiesa Saint-Charles si terr\u00e0 un recital concerto per celebrare il 700\u00b0 anniversario della morte\" \/>\n<meta property=\"og:url\" content=\"https:\/\/www.monaco-tribune.com\/it\/2021\/03\/dantedi-monaco-celebra-i-700-anni-dalla-morte-di-dante-alighieri\/\" \/>\n<meta property=\"og:site_name\" content=\"Monaco Tribune\" \/>\n<meta property=\"article:publisher\" content=\"https:\/\/www.facebook.com\/MonacoTribune\" \/>\n<meta property=\"article:published_time\" content=\"2021-03-11T11:17:11+00:00\" \/>\n<meta property=\"article:modified_time\" content=\"2021-03-11T11:20:50+00:00\" \/>\n<meta property=\"og:image\" content=\"https:\/\/www.monaco-tribune.com\/wp-content\/uploads\/2021\/03\/dante-alighieri.jpeg\" \/>\n\t<meta property=\"og:image:width\" content=\"740\" \/>\n\t<meta property=\"og:image:height\" content=\"462\" \/>\n\t<meta property=\"og:image:type\" content=\"image\/jpeg\" \/>\n<meta name=\"author\" content=\"Aliz\u00e9e Mosconi\" \/>\n<meta name=\"twitter:card\" content=\"summary_large_image\" \/>\n<meta name=\"twitter:creator\" content=\"@MonacoTribune\" \/>\n<meta name=\"twitter:site\" content=\"@MonacoTribune\" \/>\n<script type=\"application\/ld+json\" class=\"yoast-schema-graph\">{\"@context\":\"https:\\\/\\\/schema.org\",\"@graph\":[{\"@type\":\"NewsArticle\",\"@id\":\"https:\\\/\\\/www.monaco-tribune.com\\\/it\\\/2021\\\/03\\\/dantedi-monaco-celebra-i-700-anni-dalla-morte-di-dante-alighieri\\\/#article\",\"isPartOf\":{\"@id\":\"https:\\\/\\\/www.monaco-tribune.com\\\/it\\\/2021\\\/03\\\/dantedi-monaco-celebra-i-700-anni-dalla-morte-di-dante-alighieri\\\/\"},\"author\":{\"name\":\"Aliz\u00e9e Mosconi\",\"@id\":\"https:\\\/\\\/www.monaco-tribune.com\\\/it\\\/#\\\/schema\\\/person\\\/bb7eedbeede1d20ce8d51e52bde2c1e8\"},\"headline\":\"Danted\u00ec: Monaco celebra i 700 anni dalla morte di Dante Alighieri\",\"datePublished\":\"2021-03-11T11:17:11+00:00\",\"dateModified\":\"2021-03-11T11:20:50+00:00\",\"mainEntityOfPage\":{\"@id\":\"https:\\\/\\\/www.monaco-tribune.com\\\/it\\\/2021\\\/03\\\/dantedi-monaco-celebra-i-700-anni-dalla-morte-di-dante-alighieri\\\/\"},\"wordCount\":257,\"publisher\":{\"@id\":\"https:\\\/\\\/www.monaco-tribune.com\\\/it\\\/#organization\"},\"image\":{\"@id\":\"https:\\\/\\\/www.monaco-tribune.com\\\/it\\\/2021\\\/03\\\/dantedi-monaco-celebra-i-700-anni-dalla-morte-di-dante-alighieri\\\/#primaryimage\"},\"thumbnailUrl\":\"https:\\\/\\\/www.monaco-tribune.com\\\/wp-content\\\/uploads\\\/2021\\\/03\\\/dante-alighieri.jpeg\",\"articleSection\":[\"Notizie\",\"Societ\u00e0\"],\"inLanguage\":\"it-IT\",\"copyrightYear\":\"2021\",\"copyrightHolder\":{\"@id\":\"https:\\\/\\\/www.monaco-tribune.com\\\/#organization\"}},{\"@type\":\"WebPage\",\"@id\":\"https:\\\/\\\/www.monaco-tribune.com\\\/it\\\/2021\\\/03\\\/dantedi-monaco-celebra-i-700-anni-dalla-morte-di-dante-alighieri\\\/\",\"url\":\"https:\\\/\\\/www.monaco-tribune.com\\\/it\\\/2021\\\/03\\\/dantedi-monaco-celebra-i-700-anni-dalla-morte-di-dante-alighieri\\\/\",\"name\":\"Danted\u00ec: Monaco celebra i 700 anni dalla morte di Dante Alighieri\",\"isPartOf\":{\"@id\":\"https:\\\/\\\/www.monaco-tribune.com\\\/it\\\/#website\"},\"primaryImageOfPage\":{\"@id\":\"https:\\\/\\\/www.monaco-tribune.com\\\/it\\\/2021\\\/03\\\/dantedi-monaco-celebra-i-700-anni-dalla-morte-di-dante-alighieri\\\/#primaryimage\"},\"image\":{\"@id\":\"https:\\\/\\\/www.monaco-tribune.com\\\/it\\\/2021\\\/03\\\/dantedi-monaco-celebra-i-700-anni-dalla-morte-di-dante-alighieri\\\/#primaryimage\"},\"thumbnailUrl\":\"https:\\\/\\\/www.monaco-tribune.com\\\/wp-content\\\/uploads\\\/2021\\\/03\\\/dante-alighieri.jpeg\",\"datePublished\":\"2021-03-11T11:17:11+00:00\",\"dateModified\":\"2021-03-11T11:20:50+00:00\",\"description\":\"Flauti, percussioni e baritoni. Gioved\u00ec 25 marzo, nella Chiesa Saint-Charles si terr\u00e0 un recital concerto per celebrare il 700\u00b0 anniversario della morte\",\"breadcrumb\":{\"@id\":\"https:\\\/\\\/www.monaco-tribune.com\\\/it\\\/2021\\\/03\\\/dantedi-monaco-celebra-i-700-anni-dalla-morte-di-dante-alighieri\\\/#breadcrumb\"},\"inLanguage\":\"it-IT\",\"potentialAction\":[{\"@type\":\"ReadAction\",\"target\":[\"https:\\\/\\\/www.monaco-tribune.com\\\/it\\\/2021\\\/03\\\/dantedi-monaco-celebra-i-700-anni-dalla-morte-di-dante-alighieri\\\/\"]}]},{\"@type\":\"ImageObject\",\"inLanguage\":\"it-IT\",\"@id\":\"https:\\\/\\\/www.monaco-tribune.com\\\/it\\\/2021\\\/03\\\/dantedi-monaco-celebra-i-700-anni-dalla-morte-di-dante-alighieri\\\/#primaryimage\",\"url\":\"https:\\\/\\\/www.monaco-tribune.com\\\/wp-content\\\/uploads\\\/2021\\\/03\\\/dante-alighieri.jpeg\",\"contentUrl\":\"https:\\\/\\\/www.monaco-tribune.com\\\/wp-content\\\/uploads\\\/2021\\\/03\\\/dante-alighieri.jpeg\",\"width\":740,\"height\":462,\"caption\":\"DR\"},{\"@type\":\"BreadcrumbList\",\"@id\":\"https:\\\/\\\/www.monaco-tribune.com\\\/it\\\/2021\\\/03\\\/dantedi-monaco-celebra-i-700-anni-dalla-morte-di-dante-alighieri\\\/#breadcrumb\",\"itemListElement\":[{\"@type\":\"ListItem\",\"position\":1,\"name\":\"Accueil\",\"item\":\"https:\\\/\\\/www.monaco-tribune.com\\\/it\\\/\"},{\"@type\":\"ListItem\",\"position\":2,\"name\":\"Danted\u00ec: Monaco celebra i 700 anni dalla morte di Dante Alighieri\"}]},{\"@type\":\"WebSite\",\"@id\":\"https:\\\/\\\/www.monaco-tribune.com\\\/it\\\/#website\",\"url\":\"https:\\\/\\\/www.monaco-tribune.com\\\/it\\\/\",\"name\":\"Monaco Tribune\",\"description\":\"Monaco : actualit\u00e9s \u00e9conomiques, politiques, culturelles et sportives de Monaco et de la French Riviera.\",\"publisher\":{\"@id\":\"https:\\\/\\\/www.monaco-tribune.com\\\/it\\\/#organization\"},\"potentialAction\":[{\"@type\":\"SearchAction\",\"target\":{\"@type\":\"EntryPoint\",\"urlTemplate\":\"https:\\\/\\\/www.monaco-tribune.com\\\/it\\\/?s={search_term_string}\"},\"query-input\":{\"@type\":\"PropertyValueSpecification\",\"valueRequired\":true,\"valueName\":\"search_term_string\"}}],\"inLanguage\":\"it-IT\"},{\"@type\":\"Organization\",\"@id\":\"https:\\\/\\\/www.monaco-tribune.com\\\/it\\\/#organization\",\"name\":\"Monaco Tribune\",\"url\":\"https:\\\/\\\/www.monaco-tribune.com\\\/it\\\/\",\"logo\":{\"@type\":\"ImageObject\",\"inLanguage\":\"it-IT\",\"@id\":\"https:\\\/\\\/www.monaco-tribune.com\\\/it\\\/#\\\/schema\\\/logo\\\/image\\\/\",\"url\":\"https:\\\/\\\/www.monaco-tribune.com\\\/wp-content\\\/uploads\\\/2022\\\/11\\\/logo-monaco-tribune.png\",\"contentUrl\":\"https:\\\/\\\/www.monaco-tribune.com\\\/wp-content\\\/uploads\\\/2022\\\/11\\\/logo-monaco-tribune.png\",\"width\":1548,\"height\":600,\"caption\":\"Monaco Tribune\"},\"image\":{\"@id\":\"https:\\\/\\\/www.monaco-tribune.com\\\/it\\\/#\\\/schema\\\/logo\\\/image\\\/\"},\"sameAs\":[\"https:\\\/\\\/www.facebook.com\\\/MonacoTribune\",\"https:\\\/\\\/x.com\\\/MonacoTribune\",\"https:\\\/\\\/www.instagram.com\\\/monacotribune\\\/\",\"https:\\\/\\\/www.linkedin.com\\\/company\\\/monaco-tribune\",\"https:\\\/\\\/www.youtube.com\\\/channel\\\/UCHle1MnG6hw1y4lWKijVbMA\"]},{\"@type\":\"Person\",\"@id\":\"https:\\\/\\\/www.monaco-tribune.com\\\/it\\\/#\\\/schema\\\/person\\\/bb7eedbeede1d20ce8d51e52bde2c1e8\",\"name\":\"Aliz\u00e9e Mosconi\",\"image\":{\"@type\":\"ImageObject\",\"inLanguage\":\"it-IT\",\"@id\":\"https:\\\/\\\/secure.gravatar.com\\\/avatar\\\/a01ecf8f75ca312b8db6f53ca7d56a4f7d4dd75acdd7f8605efab1d10294a17f?s=96&d=mm&r=g\",\"url\":\"https:\\\/\\\/secure.gravatar.com\\\/avatar\\\/a01ecf8f75ca312b8db6f53ca7d56a4f7d4dd75acdd7f8605efab1d10294a17f?s=96&d=mm&r=g\",\"contentUrl\":\"https:\\\/\\\/secure.gravatar.com\\\/avatar\\\/a01ecf8f75ca312b8db6f53ca7d56a4f7d4dd75acdd7f8605efab1d10294a17f?s=96&d=mm&r=g\",\"caption\":\"Aliz\u00e9e Mosconi\"},\"url\":\"https:\\\/\\\/www.monaco-tribune.com\\\/it\\\/author\\\/alizeemosconi\\\/\"}]}<\/script>\n<!-- \/ Yoast SEO Premium plugin. -->","yoast_head_json":{"title":"Danted\u00ec: Monaco celebra i 700 anni dalla morte di Dante Alighieri","description":"Flauti, percussioni e baritoni. Gioved\u00ec 25 marzo, nella Chiesa Saint-Charles si terr\u00e0 un recital concerto per celebrare il 700\u00b0 anniversario della morte","robots":{"index":"index","follow":"follow","max-snippet":"max-snippet:-1","max-image-preview":"max-image-preview:large","max-video-preview":"max-video-preview:-1"},"canonical":"https:\/\/www.monaco-tribune.com\/it\/2021\/03\/dantedi-monaco-celebra-i-700-anni-dalla-morte-di-dante-alighieri\/","og_locale":"it_IT","og_type":"article","og_title":"Danted\u00ec: Monaco celebra i 700 anni dalla morte di Dante Alighieri - Monaco Tribune","og_description":"Flauti, percussioni e baritoni. Gioved\u00ec 25 marzo, nella Chiesa Saint-Charles si terr\u00e0 un recital concerto per celebrare il 700\u00b0 anniversario della morte","og_url":"https:\/\/www.monaco-tribune.com\/it\/2021\/03\/dantedi-monaco-celebra-i-700-anni-dalla-morte-di-dante-alighieri\/","og_site_name":"Monaco Tribune","article_publisher":"https:\/\/www.facebook.com\/MonacoTribune","article_published_time":"2021-03-11T11:17:11+00:00","article_modified_time":"2021-03-11T11:20:50+00:00","og_image":[{"width":740,"height":462,"url":"https:\/\/www.monaco-tribune.com\/wp-content\/uploads\/2021\/03\/dante-alighieri.jpeg","type":"image\/jpeg"}],"author":"Aliz\u00e9e Mosconi","twitter_card":"summary_large_image","twitter_creator":"@MonacoTribune","twitter_site":"@MonacoTribune","schema":{"@context":"https:\/\/schema.org","@graph":[{"@type":"NewsArticle","@id":"https:\/\/www.monaco-tribune.com\/it\/2021\/03\/dantedi-monaco-celebra-i-700-anni-dalla-morte-di-dante-alighieri\/#article","isPartOf":{"@id":"https:\/\/www.monaco-tribune.com\/it\/2021\/03\/dantedi-monaco-celebra-i-700-anni-dalla-morte-di-dante-alighieri\/"},"author":{"name":"Aliz\u00e9e Mosconi","@id":"https:\/\/www.monaco-tribune.com\/it\/#\/schema\/person\/bb7eedbeede1d20ce8d51e52bde2c1e8"},"headline":"Danted\u00ec: Monaco celebra i 700 anni dalla morte di Dante Alighieri","datePublished":"2021-03-11T11:17:11+00:00","dateModified":"2021-03-11T11:20:50+00:00","mainEntityOfPage":{"@id":"https:\/\/www.monaco-tribune.com\/it\/2021\/03\/dantedi-monaco-celebra-i-700-anni-dalla-morte-di-dante-alighieri\/"},"wordCount":257,"publisher":{"@id":"https:\/\/www.monaco-tribune.com\/it\/#organization"},"image":{"@id":"https:\/\/www.monaco-tribune.com\/it\/2021\/03\/dantedi-monaco-celebra-i-700-anni-dalla-morte-di-dante-alighieri\/#primaryimage"},"thumbnailUrl":"https:\/\/www.monaco-tribune.com\/wp-content\/uploads\/2021\/03\/dante-alighieri.jpeg","articleSection":["Notizie","Societ\u00e0"],"inLanguage":"it-IT","copyrightYear":"2021","copyrightHolder":{"@id":"https:\/\/www.monaco-tribune.com\/#organization"}},{"@type":"WebPage","@id":"https:\/\/www.monaco-tribune.com\/it\/2021\/03\/dantedi-monaco-celebra-i-700-anni-dalla-morte-di-dante-alighieri\/","url":"https:\/\/www.monaco-tribune.com\/it\/2021\/03\/dantedi-monaco-celebra-i-700-anni-dalla-morte-di-dante-alighieri\/","name":"Danted\u00ec: Monaco celebra i 700 anni dalla morte di Dante Alighieri","isPartOf":{"@id":"https:\/\/www.monaco-tribune.com\/it\/#website"},"primaryImageOfPage":{"@id":"https:\/\/www.monaco-tribune.com\/it\/2021\/03\/dantedi-monaco-celebra-i-700-anni-dalla-morte-di-dante-alighieri\/#primaryimage"},"image":{"@id":"https:\/\/www.monaco-tribune.com\/it\/2021\/03\/dantedi-monaco-celebra-i-700-anni-dalla-morte-di-dante-alighieri\/#primaryimage"},"thumbnailUrl":"https:\/\/www.monaco-tribune.com\/wp-content\/uploads\/2021\/03\/dante-alighieri.jpeg","datePublished":"2021-03-11T11:17:11+00:00","dateModified":"2021-03-11T11:20:50+00:00","description":"Flauti, percussioni e baritoni. Gioved\u00ec 25 marzo, nella Chiesa Saint-Charles si terr\u00e0 un recital concerto per celebrare il 700\u00b0 anniversario della morte","breadcrumb":{"@id":"https:\/\/www.monaco-tribune.com\/it\/2021\/03\/dantedi-monaco-celebra-i-700-anni-dalla-morte-di-dante-alighieri\/#breadcrumb"},"inLanguage":"it-IT","potentialAction":[{"@type":"ReadAction","target":["https:\/\/www.monaco-tribune.com\/it\/2021\/03\/dantedi-monaco-celebra-i-700-anni-dalla-morte-di-dante-alighieri\/"]}]},{"@type":"ImageObject","inLanguage":"it-IT","@id":"https:\/\/www.monaco-tribune.com\/it\/2021\/03\/dantedi-monaco-celebra-i-700-anni-dalla-morte-di-dante-alighieri\/#primaryimage","url":"https:\/\/www.monaco-tribune.com\/wp-content\/uploads\/2021\/03\/dante-alighieri.jpeg","contentUrl":"https:\/\/www.monaco-tribune.com\/wp-content\/uploads\/2021\/03\/dante-alighieri.jpeg","width":740,"height":462,"caption":"DR"},{"@type":"BreadcrumbList","@id":"https:\/\/www.monaco-tribune.com\/it\/2021\/03\/dantedi-monaco-celebra-i-700-anni-dalla-morte-di-dante-alighieri\/#breadcrumb","itemListElement":[{"@type":"ListItem","position":1,"name":"Accueil","item":"https:\/\/www.monaco-tribune.com\/it\/"},{"@type":"ListItem","position":2,"name":"Danted\u00ec: Monaco celebra i 700 anni dalla morte di Dante Alighieri"}]},{"@type":"WebSite","@id":"https:\/\/www.monaco-tribune.com\/it\/#website","url":"https:\/\/www.monaco-tribune.com\/it\/","name":"Monaco Tribune","description":"Monaco : actualit\u00e9s \u00e9conomiques, politiques, culturelles et sportives de Monaco et de la French Riviera.","publisher":{"@id":"https:\/\/www.monaco-tribune.com\/it\/#organization"},"potentialAction":[{"@type":"SearchAction","target":{"@type":"EntryPoint","urlTemplate":"https:\/\/www.monaco-tribune.com\/it\/?s={search_term_string}"},"query-input":{"@type":"PropertyValueSpecification","valueRequired":true,"valueName":"search_term_string"}}],"inLanguage":"it-IT"},{"@type":"Organization","@id":"https:\/\/www.monaco-tribune.com\/it\/#organization","name":"Monaco Tribune","url":"https:\/\/www.monaco-tribune.com\/it\/","logo":{"@type":"ImageObject","inLanguage":"it-IT","@id":"https:\/\/www.monaco-tribune.com\/it\/#\/schema\/logo\/image\/","url":"https:\/\/www.monaco-tribune.com\/wp-content\/uploads\/2022\/11\/logo-monaco-tribune.png","contentUrl":"https:\/\/www.monaco-tribune.com\/wp-content\/uploads\/2022\/11\/logo-monaco-tribune.png","width":1548,"height":600,"caption":"Monaco Tribune"},"image":{"@id":"https:\/\/www.monaco-tribune.com\/it\/#\/schema\/logo\/image\/"},"sameAs":["https:\/\/www.facebook.com\/MonacoTribune","https:\/\/x.com\/MonacoTribune","https:\/\/www.instagram.com\/monacotribune\/","https:\/\/www.linkedin.com\/company\/monaco-tribune","https:\/\/www.youtube.com\/channel\/UCHle1MnG6hw1y4lWKijVbMA"]},{"@type":"Person","@id":"https:\/\/www.monaco-tribune.com\/it\/#\/schema\/person\/bb7eedbeede1d20ce8d51e52bde2c1e8","name":"Aliz\u00e9e Mosconi","image":{"@type":"ImageObject","inLanguage":"it-IT","@id":"https:\/\/secure.gravatar.com\/avatar\/a01ecf8f75ca312b8db6f53ca7d56a4f7d4dd75acdd7f8605efab1d10294a17f?s=96&d=mm&r=g","url":"https:\/\/secure.gravatar.com\/avatar\/a01ecf8f75ca312b8db6f53ca7d56a4f7d4dd75acdd7f8605efab1d10294a17f?s=96&d=mm&r=g","contentUrl":"https:\/\/secure.gravatar.com\/avatar\/a01ecf8f75ca312b8db6f53ca7d56a4f7d4dd75acdd7f8605efab1d10294a17f?s=96&d=mm&r=g","caption":"Aliz\u00e9e Mosconi"},"url":"https:\/\/www.monaco-tribune.com\/it\/author\/alizeemosconi\/"}]}},"_links":{"self":[{"href":"https:\/\/www.monaco-tribune.com\/it\/wp-json\/wp\/v2\/posts\/71492","targetHints":{"allow":["GET"]}}],"collection":[{"href":"https:\/\/www.monaco-tribune.com\/it\/wp-json\/wp\/v2\/posts"}],"about":[{"href":"https:\/\/www.monaco-tribune.com\/it\/wp-json\/wp\/v2\/types\/post"}],"author":[{"embeddable":true,"href":"https:\/\/www.monaco-tribune.com\/it\/wp-json\/wp\/v2\/users\/50"}],"replies":[{"embeddable":true,"href":"https:\/\/www.monaco-tribune.com\/it\/wp-json\/wp\/v2\/comments?post=71492"}],"version-history":[{"count":0,"href":"https:\/\/www.monaco-tribune.com\/it\/wp-json\/wp\/v2\/posts\/71492\/revisions"}],"wp:featuredmedia":[{"embeddable":true,"href":"https:\/\/www.monaco-tribune.com\/it\/wp-json\/wp\/v2\/media\/71370"}],"wp:attachment":[{"href":"https:\/\/www.monaco-tribune.com\/it\/wp-json\/wp\/v2\/media?parent=71492"}],"wp:term":[{"taxonomy":"category","embeddable":true,"href":"https:\/\/www.monaco-tribune.com\/it\/wp-json\/wp\/v2\/categories?post=71492"},{"taxonomy":"post_tag","embeddable":true,"href":"https:\/\/www.monaco-tribune.com\/it\/wp-json\/wp\/v2\/tags?post=71492"},{"taxonomy":"sectag","embeddable":true,"href":"https:\/\/www.monaco-tribune.com\/it\/wp-json\/wp\/v2\/post_sectags?post=71492"},{"taxonomy":"format","embeddable":true,"href":"https:\/\/www.monaco-tribune.com\/it\/wp-json\/wp\/v2\/post_format?post=71492"}],"curies":[{"name":"wp","href":"https:\/\/api.w.org\/{rel}","templated":true}]}}