{"id":71503,"date":"2021-03-11T16:10:44","date_gmt":"2021-03-11T15:10:44","guid":{"rendered":"https:\/\/www.monaco-tribune.com\/2021\/03\/aux-coeurs-des-mots-quando-luguaglianza-tra-i-sessi-parte-dai-piu-piccoli\/"},"modified":"2021-03-11T16:18:05","modified_gmt":"2021-03-11T15:18:05","slug":"aux-coeurs-des-mots-quando-luguaglianza-tra-i-sessi-parte-dai-piu-piccoli","status":"publish","type":"post","link":"https:\/\/www.monaco-tribune.com\/it\/2021\/03\/aux-coeurs-des-mots-quando-luguaglianza-tra-i-sessi-parte-dai-piu-piccoli\/","title":{"rendered":"Aux C\u0153urs Des Mots: quando l&#8217;uguaglianza tra i sessi parte dai pi\u00f9 piccoli"},"content":{"rendered":"\n<p><strong>Conquistare la parit\u00e0 tra bambine e bambini per raggiungere quella tra uomo e donna<\/strong><strong>.&nbsp; \u00c8 questa l&#8217;idea alla base di Aux C\u0153urs Des Mots (ACDM), l&#8217;associazione che abbiamo deciso di scoprire insieme, in occasione del terzo articolo della nostra serie dedicata alla Giornata internazionale dei diritti delle donne.<\/strong><\/p>\n\n\n\n<p>E se i giovani partecipassero al dibattito sulla parit\u00e0 dei sessi? \u00c8 questa l&#8217;intuizione delle 17 donne, di diversa provenienza, che hanno fondato l&#8217;associazione: &#8220;Volevamo cambiare le cose, quindi ho pensato che bisognasse partire dai pi\u00f9 piccoli&#8221;, racconta la fondatrice Hilde Haneuse-Heye.<\/p>\n\n\n\n<p>Perch\u00e9 questo dibattito lasciasse il segno, l&#8217;associazione ha lanciato un concorso di scrittura. Come ricorda la presidentessa, infatti, &#8220;le parole dette spariscono, quelle scritte restano&#8221;. La terza edizione, intitolata &#8220;Per un mondo migliore e giusto&#8221; (<em>Pour un monde meilleur et juste<\/em>) si \u00e8 tenuta nel 2020.<\/p>\n\n\n\n<blockquote class=\"wp-block-quote is-layout-flow wp-block-quote-is-layout-flow\"><p>I giovani si esprimono quando gli diamo la parola<\/p><cite>Hilde Haneuse-Heye, presidentessa dell&#8217;associazione ACDM<\/cite><\/blockquote>\n\n\n\n<h2 class=\"wp-block-heading\" id=\"h-un-concorso-di-scrittura-per-l-uguaglianza\">Un concorso di scrittura per l&#8217;uguaglianza<\/h2>\n\n\n\n<p>Il concorso di scrittura, che l&#8217;anno scorso ha riunito 54 paesi e circa 1.500 studenti di diverse et\u00e0, ha l&#8217;obiettivo di coinvolgere i pi\u00f9 piccoli nel dibattito sull&#8217;uguaglianza. \u00c8 stato chiesto ai bambini di scrivere un racconto che parlasse di un episodio di disparit\u00e0, di scrivere il ritratto di una donna da cui trarre ispirazione o ancora una poesia su un mondo equo. &#8220;I giovani si esprimono quando noi gli diamo la parola&#8221;, ci ha tenuto a sottolineare Hilde Haneuse-Heye. Tutte queste storie, tratte dalla vita quotidiana di ognuno di loro, sono poi state raccolte in un unico volume.<\/p>\n\n\n\n<p>Il Togo, eletto da una giuria composta da personaggi internazionali e monegaschi, si \u00e8 aggiudicato <a href=\"https:\/\/auxcoeursdesmots.org\/node\/82\">la seconda edizione del concorso<\/a> grazie al ritratto della prima donna ufficiale delle forze armate congolesi.<\/p>\n\n\n\n<h2 class=\"wp-block-heading\" id=\"h-una-finestra-aperta-sul-mondo\">Una finestra aperta sul mondo<\/h2>\n\n\n\n<p>Il concorso \u00e8 anche un modo per confrontare le diverse visioni dei pi\u00f9 piccoli sulle disuguaglianze tra bambine e bambini. Tra i paesi in guerra, come la Siria, e i paesi come la Francia, la parit\u00e0 \u00e8 sicuramente diversa ma &#8220;il modo in cui i pi\u00f9 piccoli avvertono le ingiustizie \u00e8 lo stesso&#8221;.<\/p>\n\n\n\n<p>Dopo ogni edizione, i vincitori di tutto il mondo si riuniscono per la cerimonia di premiazione, che l&#8217;anno scorso \u00e8 stata annullata a causa della pandemia. Il Principe Alberto II, presidente onorario dell&#8217;associazione, ha scelto il 15 ottobre 2021 per festeggiare i vincitori di questa terza edizione.<\/p>\n\n\n\n<h2 class=\"wp-block-heading\" id=\"h-la-lingua-francese-come-mezzo-di-comunicazione\">La lingua francese come mezzo di comunicazione<\/h2>\n\n\n\n<p>Oltre a essere un progetto per la parit\u00e0 dei diritti, il concorso ha anche una dimensione multiculturale. Con il patrocinio dell&#8217;Organizzazione internazionale della Francofonia, l&#8217;iniziativa si svolge nelle scuole locali o in cui si insegna il francese, una lingua che &#8220;abbatte le frontiere e riunisce le culture&#8221;.<\/p>\n\n\n\n<p>Secondo Hilde Haneuse-Heye, l&#8217;ultima edizione del concorso ha anche permesso ai ragazzi di &#8220;riscoprire la poesia e imparare quanto sia importante usare la parola giusta&#8221;.<\/p>\n\n\n\n<p><em>Per sostenere l&#8217;associazione o diventare membri: <a href=\"https:\/\/auxcoeursdesmots.org\/devenir-membre\">https:\/\/auxcoeursdesmots.org\/devenir-membre<\/a> oppure acdm.association@gmail.com<\/em><\/p>\n\n\n\n<p><\/p>\n\n\n\n<p>Traduzione a cura di <a href=\"http:\/\/valentinaaliatranslator.com\">Valentina Alia<\/a><\/p>\n","protected":false},"excerpt":{"rendered":"<p>Conquistare la parit\u00e0 tra bambine e bambini per raggiungere quella tra uomo e donna.&nbsp; \u00c8 questa l&#8217;idea alla base di [&hellip;]<\/p>\n","protected":false},"author":47,"featured_media":71398,"comment_status":"closed","ping_status":"closed","sticky":false,"template":"","format":"standard","meta":{"_acf_changed":false,"footnotes":""},"categories":[1826,1738,1752],"tags":[2951],"post_sectags":[],"post_format":[2481],"class_list":["post-71503","post","type-post","status-publish","format-standard","has-post-thumbnail","hentry","category-la-nostra-scelta","category-notizie","category-societa","tag-associazioni","format-reportage-it"],"acf":[],"yoast_head":"<!-- This site is optimized with the Yoast SEO Premium plugin v26.8 (Yoast SEO v27.5) - https:\/\/yoast.com\/product\/yoast-seo-premium-wordpress\/ -->\n<title>Aux C\u0153urs Des Mots: quando l&#039;uguaglianza tra i sessi parte dai pi\u00f9 piccoli<\/title>\n<meta name=\"description\" content=\"Conquistare la parit\u00e0 tra bambine e bambini per raggiungere quella tra uomo e donna.&nbsp; \u00c8 questa l&#039;idea alla base di Aux C\u0153urs Des Mots (ACDM),\" \/>\n<meta name=\"robots\" content=\"index, follow, max-snippet:-1, max-image-preview:large, max-video-preview:-1\" \/>\n<link rel=\"canonical\" href=\"https:\/\/www.monaco-tribune.com\/it\/2021\/03\/aux-coeurs-des-mots-quando-luguaglianza-tra-i-sessi-parte-dai-piu-piccoli\/\" \/>\n<meta property=\"og:locale\" content=\"it_IT\" \/>\n<meta property=\"og:type\" content=\"article\" \/>\n<meta property=\"og:title\" content=\"Aux C\u0153urs Des Mots: quando l&#039;uguaglianza tra i sessi parte dai pi\u00f9 piccoli - Monaco Tribune\" \/>\n<meta property=\"og:description\" content=\"Conquistare la parit\u00e0 tra bambine e bambini per raggiungere quella tra uomo e donna.&nbsp; \u00c8 questa l&#039;idea alla base di Aux C\u0153urs Des Mots (ACDM),\" \/>\n<meta property=\"og:url\" content=\"https:\/\/www.monaco-tribune.com\/it\/2021\/03\/aux-coeurs-des-mots-quando-luguaglianza-tra-i-sessi-parte-dai-piu-piccoli\/\" \/>\n<meta property=\"og:site_name\" content=\"Monaco Tribune\" \/>\n<meta property=\"article:publisher\" content=\"https:\/\/www.facebook.com\/MonacoTribune\" \/>\n<meta property=\"article:published_time\" content=\"2021-03-11T15:10:44+00:00\" \/>\n<meta property=\"article:modified_time\" content=\"2021-03-11T15:18:05+00:00\" \/>\n<meta property=\"og:image\" content=\"https:\/\/www.monaco-tribune.com\/wp-content\/uploads\/2021\/03\/aux-coeurs-des-mots.jpg\" \/>\n\t<meta property=\"og:image:width\" content=\"1600\" \/>\n\t<meta property=\"og:image:height\" content=\"1071\" \/>\n\t<meta property=\"og:image:type\" content=\"image\/jpeg\" \/>\n<meta name=\"author\" content=\"Agathe Ch\u00e9reau\" \/>\n<meta name=\"twitter:card\" content=\"summary_large_image\" \/>\n<meta name=\"twitter:creator\" content=\"@MonacoTribune\" \/>\n<meta name=\"twitter:site\" content=\"@MonacoTribune\" \/>\n<script type=\"application\/ld+json\" class=\"yoast-schema-graph\">{\"@context\":\"https:\\\/\\\/schema.org\",\"@graph\":[{\"@type\":\"NewsArticle\",\"@id\":\"https:\\\/\\\/www.monaco-tribune.com\\\/it\\\/2021\\\/03\\\/aux-coeurs-des-mots-quando-luguaglianza-tra-i-sessi-parte-dai-piu-piccoli\\\/#article\",\"isPartOf\":{\"@id\":\"https:\\\/\\\/www.monaco-tribune.com\\\/it\\\/2021\\\/03\\\/aux-coeurs-des-mots-quando-luguaglianza-tra-i-sessi-parte-dai-piu-piccoli\\\/\"},\"author\":{\"name\":\"Agathe Ch\u00e9reau\",\"@id\":\"https:\\\/\\\/www.monaco-tribune.com\\\/it\\\/#\\\/schema\\\/person\\\/fba2f8d5a098d473c92e84cc43a8f730\"},\"headline\":\"Aux C\u0153urs Des Mots: quando l&#8217;uguaglianza tra i sessi parte dai pi\u00f9 piccoli\",\"datePublished\":\"2021-03-11T15:10:44+00:00\",\"dateModified\":\"2021-03-11T15:18:05+00:00\",\"mainEntityOfPage\":{\"@id\":\"https:\\\/\\\/www.monaco-tribune.com\\\/it\\\/2021\\\/03\\\/aux-coeurs-des-mots-quando-luguaglianza-tra-i-sessi-parte-dai-piu-piccoli\\\/\"},\"wordCount\":509,\"publisher\":{\"@id\":\"https:\\\/\\\/www.monaco-tribune.com\\\/it\\\/#organization\"},\"image\":{\"@id\":\"https:\\\/\\\/www.monaco-tribune.com\\\/it\\\/2021\\\/03\\\/aux-coeurs-des-mots-quando-luguaglianza-tra-i-sessi-parte-dai-piu-piccoli\\\/#primaryimage\"},\"thumbnailUrl\":\"https:\\\/\\\/www.monaco-tribune.com\\\/wp-content\\\/uploads\\\/2021\\\/03\\\/aux-coeurs-des-mots.jpg\",\"keywords\":[\"Associazioni\"],\"articleSection\":[\"La nostra scelta\",\"Notizie\",\"Societ\u00e0\"],\"inLanguage\":\"it-IT\",\"copyrightYear\":\"2021\",\"copyrightHolder\":{\"@id\":\"https:\\\/\\\/www.monaco-tribune.com\\\/#organization\"}},{\"@type\":\"WebPage\",\"@id\":\"https:\\\/\\\/www.monaco-tribune.com\\\/it\\\/2021\\\/03\\\/aux-coeurs-des-mots-quando-luguaglianza-tra-i-sessi-parte-dai-piu-piccoli\\\/\",\"url\":\"https:\\\/\\\/www.monaco-tribune.com\\\/it\\\/2021\\\/03\\\/aux-coeurs-des-mots-quando-luguaglianza-tra-i-sessi-parte-dai-piu-piccoli\\\/\",\"name\":\"Aux C\u0153urs Des Mots: quando l'uguaglianza tra i sessi parte dai pi\u00f9 piccoli\",\"isPartOf\":{\"@id\":\"https:\\\/\\\/www.monaco-tribune.com\\\/it\\\/#website\"},\"primaryImageOfPage\":{\"@id\":\"https:\\\/\\\/www.monaco-tribune.com\\\/it\\\/2021\\\/03\\\/aux-coeurs-des-mots-quando-luguaglianza-tra-i-sessi-parte-dai-piu-piccoli\\\/#primaryimage\"},\"image\":{\"@id\":\"https:\\\/\\\/www.monaco-tribune.com\\\/it\\\/2021\\\/03\\\/aux-coeurs-des-mots-quando-luguaglianza-tra-i-sessi-parte-dai-piu-piccoli\\\/#primaryimage\"},\"thumbnailUrl\":\"https:\\\/\\\/www.monaco-tribune.com\\\/wp-content\\\/uploads\\\/2021\\\/03\\\/aux-coeurs-des-mots.jpg\",\"datePublished\":\"2021-03-11T15:10:44+00:00\",\"dateModified\":\"2021-03-11T15:18:05+00:00\",\"description\":\"Conquistare la parit\u00e0 tra bambine e bambini per raggiungere quella tra uomo e donna.&nbsp; \u00c8 questa l'idea alla base di Aux C\u0153urs Des Mots (ACDM),\",\"breadcrumb\":{\"@id\":\"https:\\\/\\\/www.monaco-tribune.com\\\/it\\\/2021\\\/03\\\/aux-coeurs-des-mots-quando-luguaglianza-tra-i-sessi-parte-dai-piu-piccoli\\\/#breadcrumb\"},\"inLanguage\":\"it-IT\",\"potentialAction\":[{\"@type\":\"ReadAction\",\"target\":[\"https:\\\/\\\/www.monaco-tribune.com\\\/it\\\/2021\\\/03\\\/aux-coeurs-des-mots-quando-luguaglianza-tra-i-sessi-parte-dai-piu-piccoli\\\/\"]}]},{\"@type\":\"ImageObject\",\"inLanguage\":\"it-IT\",\"@id\":\"https:\\\/\\\/www.monaco-tribune.com\\\/it\\\/2021\\\/03\\\/aux-coeurs-des-mots-quando-luguaglianza-tra-i-sessi-parte-dai-piu-piccoli\\\/#primaryimage\",\"url\":\"https:\\\/\\\/www.monaco-tribune.com\\\/wp-content\\\/uploads\\\/2021\\\/03\\\/aux-coeurs-des-mots.jpg\",\"contentUrl\":\"https:\\\/\\\/www.monaco-tribune.com\\\/wp-content\\\/uploads\\\/2021\\\/03\\\/aux-coeurs-des-mots.jpg\",\"width\":1600,\"height\":1071,\"caption\":\"Aux coeurs des mots\"},{\"@type\":\"BreadcrumbList\",\"@id\":\"https:\\\/\\\/www.monaco-tribune.com\\\/it\\\/2021\\\/03\\\/aux-coeurs-des-mots-quando-luguaglianza-tra-i-sessi-parte-dai-piu-piccoli\\\/#breadcrumb\",\"itemListElement\":[{\"@type\":\"ListItem\",\"position\":1,\"name\":\"Accueil\",\"item\":\"https:\\\/\\\/www.monaco-tribune.com\\\/it\\\/\"},{\"@type\":\"ListItem\",\"position\":2,\"name\":\"Aux C\u0153urs Des Mots: quando l&rsquo;uguaglianza tra i sessi parte dai pi\u00f9 piccoli\"}]},{\"@type\":\"WebSite\",\"@id\":\"https:\\\/\\\/www.monaco-tribune.com\\\/it\\\/#website\",\"url\":\"https:\\\/\\\/www.monaco-tribune.com\\\/it\\\/\",\"name\":\"Monaco Tribune\",\"description\":\"Monaco : actualit\u00e9s \u00e9conomiques, politiques, culturelles et sportives de Monaco et de la French Riviera.\",\"publisher\":{\"@id\":\"https:\\\/\\\/www.monaco-tribune.com\\\/it\\\/#organization\"},\"potentialAction\":[{\"@type\":\"SearchAction\",\"target\":{\"@type\":\"EntryPoint\",\"urlTemplate\":\"https:\\\/\\\/www.monaco-tribune.com\\\/it\\\/?s={search_term_string}\"},\"query-input\":{\"@type\":\"PropertyValueSpecification\",\"valueRequired\":true,\"valueName\":\"search_term_string\"}}],\"inLanguage\":\"it-IT\"},{\"@type\":\"Organization\",\"@id\":\"https:\\\/\\\/www.monaco-tribune.com\\\/it\\\/#organization\",\"name\":\"Monaco Tribune\",\"url\":\"https:\\\/\\\/www.monaco-tribune.com\\\/it\\\/\",\"logo\":{\"@type\":\"ImageObject\",\"inLanguage\":\"it-IT\",\"@id\":\"https:\\\/\\\/www.monaco-tribune.com\\\/it\\\/#\\\/schema\\\/logo\\\/image\\\/\",\"url\":\"https:\\\/\\\/www.monaco-tribune.com\\\/wp-content\\\/uploads\\\/2022\\\/11\\\/logo-monaco-tribune.png\",\"contentUrl\":\"https:\\\/\\\/www.monaco-tribune.com\\\/wp-content\\\/uploads\\\/2022\\\/11\\\/logo-monaco-tribune.png\",\"width\":1548,\"height\":600,\"caption\":\"Monaco Tribune\"},\"image\":{\"@id\":\"https:\\\/\\\/www.monaco-tribune.com\\\/it\\\/#\\\/schema\\\/logo\\\/image\\\/\"},\"sameAs\":[\"https:\\\/\\\/www.facebook.com\\\/MonacoTribune\",\"https:\\\/\\\/x.com\\\/MonacoTribune\",\"https:\\\/\\\/www.instagram.com\\\/monacotribune\\\/\",\"https:\\\/\\\/www.linkedin.com\\\/company\\\/monaco-tribune\",\"https:\\\/\\\/www.youtube.com\\\/channel\\\/UCHle1MnG6hw1y4lWKijVbMA\"]},{\"@type\":\"Person\",\"@id\":\"https:\\\/\\\/www.monaco-tribune.com\\\/it\\\/#\\\/schema\\\/person\\\/fba2f8d5a098d473c92e84cc43a8f730\",\"name\":\"Agathe Ch\u00e9reau\",\"image\":{\"@type\":\"ImageObject\",\"inLanguage\":\"it-IT\",\"@id\":\"https:\\\/\\\/secure.gravatar.com\\\/avatar\\\/884b20ed9d4430c24d77a3ad560b1c21da67bd6992531a1971822779f9988ea5?s=96&d=mm&r=g\",\"url\":\"https:\\\/\\\/secure.gravatar.com\\\/avatar\\\/884b20ed9d4430c24d77a3ad560b1c21da67bd6992531a1971822779f9988ea5?s=96&d=mm&r=g\",\"contentUrl\":\"https:\\\/\\\/secure.gravatar.com\\\/avatar\\\/884b20ed9d4430c24d77a3ad560b1c21da67bd6992531a1971822779f9988ea5?s=96&d=mm&r=g\",\"caption\":\"Agathe Ch\u00e9reau\"},\"url\":\"https:\\\/\\\/www.monaco-tribune.com\\\/it\\\/author\\\/agathechereau\\\/\"}]}<\/script>\n<!-- \/ Yoast SEO Premium plugin. -->","yoast_head_json":{"title":"Aux C\u0153urs Des Mots: quando l'uguaglianza tra i sessi parte dai pi\u00f9 piccoli","description":"Conquistare la parit\u00e0 tra bambine e bambini per raggiungere quella tra uomo e donna.&nbsp; \u00c8 questa l'idea alla base di Aux C\u0153urs Des Mots (ACDM),","robots":{"index":"index","follow":"follow","max-snippet":"max-snippet:-1","max-image-preview":"max-image-preview:large","max-video-preview":"max-video-preview:-1"},"canonical":"https:\/\/www.monaco-tribune.com\/it\/2021\/03\/aux-coeurs-des-mots-quando-luguaglianza-tra-i-sessi-parte-dai-piu-piccoli\/","og_locale":"it_IT","og_type":"article","og_title":"Aux C\u0153urs Des Mots: quando l'uguaglianza tra i sessi parte dai pi\u00f9 piccoli - Monaco Tribune","og_description":"Conquistare la parit\u00e0 tra bambine e bambini per raggiungere quella tra uomo e donna.&nbsp; \u00c8 questa l'idea alla base di Aux C\u0153urs Des Mots (ACDM),","og_url":"https:\/\/www.monaco-tribune.com\/it\/2021\/03\/aux-coeurs-des-mots-quando-luguaglianza-tra-i-sessi-parte-dai-piu-piccoli\/","og_site_name":"Monaco Tribune","article_publisher":"https:\/\/www.facebook.com\/MonacoTribune","article_published_time":"2021-03-11T15:10:44+00:00","article_modified_time":"2021-03-11T15:18:05+00:00","og_image":[{"width":1600,"height":1071,"url":"https:\/\/www.monaco-tribune.com\/wp-content\/uploads\/2021\/03\/aux-coeurs-des-mots.jpg","type":"image\/jpeg"}],"author":"Agathe Ch\u00e9reau","twitter_card":"summary_large_image","twitter_creator":"@MonacoTribune","twitter_site":"@MonacoTribune","schema":{"@context":"https:\/\/schema.org","@graph":[{"@type":"NewsArticle","@id":"https:\/\/www.monaco-tribune.com\/it\/2021\/03\/aux-coeurs-des-mots-quando-luguaglianza-tra-i-sessi-parte-dai-piu-piccoli\/#article","isPartOf":{"@id":"https:\/\/www.monaco-tribune.com\/it\/2021\/03\/aux-coeurs-des-mots-quando-luguaglianza-tra-i-sessi-parte-dai-piu-piccoli\/"},"author":{"name":"Agathe Ch\u00e9reau","@id":"https:\/\/www.monaco-tribune.com\/it\/#\/schema\/person\/fba2f8d5a098d473c92e84cc43a8f730"},"headline":"Aux C\u0153urs Des Mots: quando l&#8217;uguaglianza tra i sessi parte dai pi\u00f9 piccoli","datePublished":"2021-03-11T15:10:44+00:00","dateModified":"2021-03-11T15:18:05+00:00","mainEntityOfPage":{"@id":"https:\/\/www.monaco-tribune.com\/it\/2021\/03\/aux-coeurs-des-mots-quando-luguaglianza-tra-i-sessi-parte-dai-piu-piccoli\/"},"wordCount":509,"publisher":{"@id":"https:\/\/www.monaco-tribune.com\/it\/#organization"},"image":{"@id":"https:\/\/www.monaco-tribune.com\/it\/2021\/03\/aux-coeurs-des-mots-quando-luguaglianza-tra-i-sessi-parte-dai-piu-piccoli\/#primaryimage"},"thumbnailUrl":"https:\/\/www.monaco-tribune.com\/wp-content\/uploads\/2021\/03\/aux-coeurs-des-mots.jpg","keywords":["Associazioni"],"articleSection":["La nostra scelta","Notizie","Societ\u00e0"],"inLanguage":"it-IT","copyrightYear":"2021","copyrightHolder":{"@id":"https:\/\/www.monaco-tribune.com\/#organization"}},{"@type":"WebPage","@id":"https:\/\/www.monaco-tribune.com\/it\/2021\/03\/aux-coeurs-des-mots-quando-luguaglianza-tra-i-sessi-parte-dai-piu-piccoli\/","url":"https:\/\/www.monaco-tribune.com\/it\/2021\/03\/aux-coeurs-des-mots-quando-luguaglianza-tra-i-sessi-parte-dai-piu-piccoli\/","name":"Aux C\u0153urs Des Mots: quando l'uguaglianza tra i sessi parte dai pi\u00f9 piccoli","isPartOf":{"@id":"https:\/\/www.monaco-tribune.com\/it\/#website"},"primaryImageOfPage":{"@id":"https:\/\/www.monaco-tribune.com\/it\/2021\/03\/aux-coeurs-des-mots-quando-luguaglianza-tra-i-sessi-parte-dai-piu-piccoli\/#primaryimage"},"image":{"@id":"https:\/\/www.monaco-tribune.com\/it\/2021\/03\/aux-coeurs-des-mots-quando-luguaglianza-tra-i-sessi-parte-dai-piu-piccoli\/#primaryimage"},"thumbnailUrl":"https:\/\/www.monaco-tribune.com\/wp-content\/uploads\/2021\/03\/aux-coeurs-des-mots.jpg","datePublished":"2021-03-11T15:10:44+00:00","dateModified":"2021-03-11T15:18:05+00:00","description":"Conquistare la parit\u00e0 tra bambine e bambini per raggiungere quella tra uomo e donna.&nbsp; \u00c8 questa l'idea alla base di Aux C\u0153urs Des Mots (ACDM),","breadcrumb":{"@id":"https:\/\/www.monaco-tribune.com\/it\/2021\/03\/aux-coeurs-des-mots-quando-luguaglianza-tra-i-sessi-parte-dai-piu-piccoli\/#breadcrumb"},"inLanguage":"it-IT","potentialAction":[{"@type":"ReadAction","target":["https:\/\/www.monaco-tribune.com\/it\/2021\/03\/aux-coeurs-des-mots-quando-luguaglianza-tra-i-sessi-parte-dai-piu-piccoli\/"]}]},{"@type":"ImageObject","inLanguage":"it-IT","@id":"https:\/\/www.monaco-tribune.com\/it\/2021\/03\/aux-coeurs-des-mots-quando-luguaglianza-tra-i-sessi-parte-dai-piu-piccoli\/#primaryimage","url":"https:\/\/www.monaco-tribune.com\/wp-content\/uploads\/2021\/03\/aux-coeurs-des-mots.jpg","contentUrl":"https:\/\/www.monaco-tribune.com\/wp-content\/uploads\/2021\/03\/aux-coeurs-des-mots.jpg","width":1600,"height":1071,"caption":"Aux coeurs des mots"},{"@type":"BreadcrumbList","@id":"https:\/\/www.monaco-tribune.com\/it\/2021\/03\/aux-coeurs-des-mots-quando-luguaglianza-tra-i-sessi-parte-dai-piu-piccoli\/#breadcrumb","itemListElement":[{"@type":"ListItem","position":1,"name":"Accueil","item":"https:\/\/www.monaco-tribune.com\/it\/"},{"@type":"ListItem","position":2,"name":"Aux C\u0153urs Des Mots: quando l&rsquo;uguaglianza tra i sessi parte dai pi\u00f9 piccoli"}]},{"@type":"WebSite","@id":"https:\/\/www.monaco-tribune.com\/it\/#website","url":"https:\/\/www.monaco-tribune.com\/it\/","name":"Monaco Tribune","description":"Monaco : actualit\u00e9s \u00e9conomiques, politiques, culturelles et sportives de Monaco et de la French Riviera.","publisher":{"@id":"https:\/\/www.monaco-tribune.com\/it\/#organization"},"potentialAction":[{"@type":"SearchAction","target":{"@type":"EntryPoint","urlTemplate":"https:\/\/www.monaco-tribune.com\/it\/?s={search_term_string}"},"query-input":{"@type":"PropertyValueSpecification","valueRequired":true,"valueName":"search_term_string"}}],"inLanguage":"it-IT"},{"@type":"Organization","@id":"https:\/\/www.monaco-tribune.com\/it\/#organization","name":"Monaco Tribune","url":"https:\/\/www.monaco-tribune.com\/it\/","logo":{"@type":"ImageObject","inLanguage":"it-IT","@id":"https:\/\/www.monaco-tribune.com\/it\/#\/schema\/logo\/image\/","url":"https:\/\/www.monaco-tribune.com\/wp-content\/uploads\/2022\/11\/logo-monaco-tribune.png","contentUrl":"https:\/\/www.monaco-tribune.com\/wp-content\/uploads\/2022\/11\/logo-monaco-tribune.png","width":1548,"height":600,"caption":"Monaco Tribune"},"image":{"@id":"https:\/\/www.monaco-tribune.com\/it\/#\/schema\/logo\/image\/"},"sameAs":["https:\/\/www.facebook.com\/MonacoTribune","https:\/\/x.com\/MonacoTribune","https:\/\/www.instagram.com\/monacotribune\/","https:\/\/www.linkedin.com\/company\/monaco-tribune","https:\/\/www.youtube.com\/channel\/UCHle1MnG6hw1y4lWKijVbMA"]},{"@type":"Person","@id":"https:\/\/www.monaco-tribune.com\/it\/#\/schema\/person\/fba2f8d5a098d473c92e84cc43a8f730","name":"Agathe Ch\u00e9reau","image":{"@type":"ImageObject","inLanguage":"it-IT","@id":"https:\/\/secure.gravatar.com\/avatar\/884b20ed9d4430c24d77a3ad560b1c21da67bd6992531a1971822779f9988ea5?s=96&d=mm&r=g","url":"https:\/\/secure.gravatar.com\/avatar\/884b20ed9d4430c24d77a3ad560b1c21da67bd6992531a1971822779f9988ea5?s=96&d=mm&r=g","contentUrl":"https:\/\/secure.gravatar.com\/avatar\/884b20ed9d4430c24d77a3ad560b1c21da67bd6992531a1971822779f9988ea5?s=96&d=mm&r=g","caption":"Agathe Ch\u00e9reau"},"url":"https:\/\/www.monaco-tribune.com\/it\/author\/agathechereau\/"}]}},"_links":{"self":[{"href":"https:\/\/www.monaco-tribune.com\/it\/wp-json\/wp\/v2\/posts\/71503","targetHints":{"allow":["GET"]}}],"collection":[{"href":"https:\/\/www.monaco-tribune.com\/it\/wp-json\/wp\/v2\/posts"}],"about":[{"href":"https:\/\/www.monaco-tribune.com\/it\/wp-json\/wp\/v2\/types\/post"}],"author":[{"embeddable":true,"href":"https:\/\/www.monaco-tribune.com\/it\/wp-json\/wp\/v2\/users\/47"}],"replies":[{"embeddable":true,"href":"https:\/\/www.monaco-tribune.com\/it\/wp-json\/wp\/v2\/comments?post=71503"}],"version-history":[{"count":0,"href":"https:\/\/www.monaco-tribune.com\/it\/wp-json\/wp\/v2\/posts\/71503\/revisions"}],"wp:featuredmedia":[{"embeddable":true,"href":"https:\/\/www.monaco-tribune.com\/it\/wp-json\/wp\/v2\/media\/71398"}],"wp:attachment":[{"href":"https:\/\/www.monaco-tribune.com\/it\/wp-json\/wp\/v2\/media?parent=71503"}],"wp:term":[{"taxonomy":"category","embeddable":true,"href":"https:\/\/www.monaco-tribune.com\/it\/wp-json\/wp\/v2\/categories?post=71503"},{"taxonomy":"post_tag","embeddable":true,"href":"https:\/\/www.monaco-tribune.com\/it\/wp-json\/wp\/v2\/tags?post=71503"},{"taxonomy":"sectag","embeddable":true,"href":"https:\/\/www.monaco-tribune.com\/it\/wp-json\/wp\/v2\/post_sectags?post=71503"},{"taxonomy":"format","embeddable":true,"href":"https:\/\/www.monaco-tribune.com\/it\/wp-json\/wp\/v2\/post_format?post=71503"}],"curies":[{"name":"wp","href":"https:\/\/api.w.org\/{rel}","templated":true}]}}