{"id":71616,"date":"2021-03-12T13:11:32","date_gmt":"2021-03-12T12:11:32","guid":{"rendered":"https:\/\/www.monaco-tribune.com\/2021\/03\/lassociazione-femmes-leaders-mondiales-monaco-e-la-loro-lotta-per-la-parita\/"},"modified":"2021-03-14T16:39:53","modified_gmt":"2021-03-14T15:39:53","slug":"lassociazione-femmes-leaders-mondiales-monaco-e-la-loro-lotta-per-la-parita","status":"publish","type":"post","link":"https:\/\/www.monaco-tribune.com\/it\/2021\/03\/lassociazione-femmes-leaders-mondiales-monaco-e-la-loro-lotta-per-la-parita\/","title":{"rendered":"L&#8217;associazione Femmes Leaders Mondiales Monaco e la loro lotta per la parit\u00e0"},"content":{"rendered":"\n<p><strong>Per la nostra serie di articoli dedicata alla Giornata dei diritti delle donne, Monaco Tribune ha voluto puntare i riflettori sull&#8217;associazione <em>Femmes Leaders Mondiales Monaco<\/em> (Donne Leader Mondiali Monaco).<\/strong><\/p>\n\n\n\n<p>Fondata nel 2011, la sede monegasca dell&#8217;associazione Femmes Leaders Mondiales (FLMM), patrocinata dalla Principessa St\u00e9phanie, \u00e8 impegnata nella lotta alle disparit\u00e0 tra uomini e donne.<\/p>\n\n\n\n<p>Per farlo, l&#8217;associazione difende il ruolo della donna in diversi ambiti, come la politica, l&#8217;insegnamento, l&#8217;economia, il giornalismo e la sanit\u00e0&#8230; Ed \u00e8 proprio su quest&#8217;ultimo settore che riguarda la salute, che Chantal Ravera ha voluto incentrare le iniziative dell&#8217;associazione fin dal suo arrivo 10 anni fa.<\/p>\n\n\n\n<blockquote class=\"wp-block-quote is-layout-flow wp-block-quote-is-layout-flow\"><p>I medici monegaschi sono stati sopraffatti perch\u00e9 tutte le donne volevano fare un esame<\/p><\/blockquote>\n\n\n\n<h2 class=\"wp-block-heading\" id=\"h-la-parit-dei-sessi-passa-dalla-salute\">La parit\u00e0 dei sessi passa dalla salute<\/h2>\n\n\n\n<p>Contrariamente a quello che si pensa, le malattie cardiovascolari sono la prima causa di morte tra le donne. Visto che si ha la tendenza a sottostimarle e visto che i segnali passano spesso inosservati, la presidentessa dell&#8217;associazione ha deciso di dare priorit\u00e0 a questa lotta. Il ritardo nelle diagnosi, ancora pi\u00f9 frequente nell&#8217;ultimo anno, data la crisi sanitaria, a volte pu\u00f2 essere fatale.<\/p>\n\n\n\n<p>Per mettere in guardia le donne su questa &#8220;malattia del secolo&#8221;, l&#8217;associazione FLMM organizza ogni anno una campagna, in cui distribuisce un opuscolo di prevenzione, organizza una serata di gala e stampa anche un libro sugli sviluppi delle malattie cardiovascolari. Iniziativa dopo iniziativa, le donne prendono sempre pi\u00f9 consapevolezza del pericolo e ci tengono a &#8220;proteggere il loro cuore&#8221;. Il primo anno &#8220;i medici monegaschi sono stati sopraffatti perch\u00e9 tutte le donne volevano fare un esame&#8221; precisa Chantal Ravera.<\/p>\n\n\n\n<p><strong>&gt;&gt; LEGGI ANCHE: <\/strong><a href=\"https:\/\/www.monaco-tribune.com\/it\/2021\/03\/la-lotta-per-i-diritti-delle-donne-non-si-ferma-soprattutto-a-monaco\/\">La lotta per i diritti delle donne non si ferma, soprattutto a Monaco<\/a><\/p>\n\n\n\n<p>La salute delle donne ricopre un posto importante nell&#8217;associazione, ma le associate si dedicano anche ad altri temi, come il reinserimento delle detenute, l&#8217;infanzia e l&#8217;adolescenze, e i diritti delle donne.<\/p>\n\n\n\n<h2 class=\"wp-block-heading\" id=\"h-la-donna-del-2021\">La donna del 2021<\/h2>\n\n\n\n<div class=\"wp-block-image\"><figure class=\"alignleft size-large is-resized\"><img loading=\"lazy\" decoding=\"async\" src=\"https:\/\/www.monaco-tribune.com\/wp-content\/uploads\/2021\/03\/pierre-marie-gramaglia-1024x683.jpg\" alt=\"\" class=\"wp-image-71577\" width=\"546\" height=\"364\" srcset=\"https:\/\/www.monaco-tribune.com\/wp-content\/uploads\/2021\/03\/pierre-marie-gramaglia-1024x683.jpg 1024w, https:\/\/www.monaco-tribune.com\/wp-content\/uploads\/2021\/03\/pierre-marie-gramaglia-450x300.jpg 450w, https:\/\/www.monaco-tribune.com\/wp-content\/uploads\/2021\/03\/pierre-marie-gramaglia.jpg 1620w\" sizes=\"auto, (max-width: 546px) 100vw, 546px\" \/><figcaption><em>\u00a9 Governo di Monaco<\/em><\/figcaption><\/figure><\/div>\n\n\n\n<p>Ogni anno, in occasione della Giornata dell&#8217;8 marzo dedicata alla lotta per i diritti delle donne, l&#8217;associazione Femmes Leaders Mondiales Monaco punta i riflettori sulla personalit\u00e0 e la carriera di una monegasca in particolare, assegnando il &#8220;Trofeo della Donna FLMM&#8221;.<\/p>\n\n\n\n<p>Nel 2021, \u00e8 stata la volta di Marie-Pierre Gramaglia, Consigliera di governo, Ministra dell&#8217;attrezzatura, dell&#8217;ambiente e dell&#8217;urbanistica, che ha ricevuto il titolo per la posizione che ricopre da 10 anni. Infatti, \u00e8 la prima volta che una donna occupa questo ruolo, in un ambito in cui la parit\u00e0 tra uomini e donne \u00e8 ancora molto lontana.<\/p>\n\n\n\n<p>Negli anni passati, il premio \u00e8 stato assegnato ad Anne Eastwood, Alto Commissario alla Protezione dei diritti e delle libert\u00e0 e alla Mediazione, oltre che a Brigitte Boccone Pag\u00e8s, la prima donna vicepresidente del Consiglio nazionale, e a Benoit Desevelinges, Direttrice del Centro Ospedaliero Principessa Grace.<\/p>\n\n\n\n<p>Per sostenere l&#8217;associazione o entrare a farne parte: <a href=\"https:\/\/www.femmesleadersmondialesmonaco.mc\/nous-contacter\/\"><em>https:\/\/www.femmesleadersmondialesmonaco.mc\/nous-contacter\/<\/em><\/a><em> o contact@flmm.mc<\/em><\/p>\n\n\n\n<p>Traduzione a cura di <a href=\"http:\/\/valentinaaliatranslator.com\">Valentina Alia<\/a><\/p>\n","protected":false},"excerpt":{"rendered":"<p>Per la nostra serie di articoli dedicata alla Giornata dei diritti delle donne, Monaco Tribune ha voluto puntare i riflettori [&hellip;]<\/p>\n","protected":false},"author":47,"featured_media":71602,"comment_status":"closed","ping_status":"closed","sticky":false,"template":"","format":"standard","meta":{"_acf_changed":false,"footnotes":""},"categories":[1826,1738,1752],"tags":[2951],"post_sectags":[],"post_format":[2481],"class_list":["post-71616","post","type-post","status-publish","format-standard","has-post-thumbnail","hentry","category-la-nostra-scelta","category-notizie","category-societa","tag-associazioni","format-reportage-it"],"acf":[],"yoast_head":"<!-- This site is optimized with the Yoast SEO Premium plugin v26.8 (Yoast SEO v27.4) - https:\/\/yoast.com\/product\/yoast-seo-premium-wordpress\/ -->\n<title>L&#039;associazione Femmes Leaders Mondiales Monaco e la loro lotta per la parit\u00e0<\/title>\n<meta name=\"description\" content=\"Per la nostra serie di articoli dedicata alla Giornata dei diritti delle donne, Monaco Tribune ha voluto puntare i riflettori sull&#039;associazione Femmes\" \/>\n<meta name=\"robots\" content=\"index, follow, max-snippet:-1, max-image-preview:large, max-video-preview:-1\" \/>\n<link rel=\"canonical\" href=\"https:\/\/www.monaco-tribune.com\/it\/2021\/03\/lassociazione-femmes-leaders-mondiales-monaco-e-la-loro-lotta-per-la-parita\/\" \/>\n<meta property=\"og:locale\" content=\"it_IT\" \/>\n<meta property=\"og:type\" content=\"article\" \/>\n<meta property=\"og:title\" content=\"L&#039;associazione Femmes Leaders Mondiales Monaco e la loro lotta per la parit\u00e0 - Monaco Tribune\" \/>\n<meta property=\"og:description\" content=\"Per la nostra serie di articoli dedicata alla Giornata dei diritti delle donne, Monaco Tribune ha voluto puntare i riflettori sull&#039;associazione Femmes\" \/>\n<meta property=\"og:url\" content=\"https:\/\/www.monaco-tribune.com\/it\/2021\/03\/lassociazione-femmes-leaders-mondiales-monaco-e-la-loro-lotta-per-la-parita\/\" \/>\n<meta property=\"og:site_name\" content=\"Monaco Tribune\" \/>\n<meta property=\"article:publisher\" content=\"https:\/\/www.facebook.com\/MonacoTribune\" \/>\n<meta property=\"article:published_time\" content=\"2021-03-12T12:11:32+00:00\" \/>\n<meta property=\"article:modified_time\" content=\"2021-03-14T15:39:53+00:00\" \/>\n<meta property=\"og:image\" content=\"https:\/\/www.monaco-tribune.com\/wp-content\/uploads\/2021\/03\/femmes-leaders-mondiales-monaco-1-e1615736386724.jpg\" \/>\n\t<meta property=\"og:image:width\" content=\"952\" \/>\n\t<meta property=\"og:image:height\" content=\"539\" \/>\n\t<meta property=\"og:image:type\" content=\"image\/jpeg\" \/>\n<meta name=\"author\" content=\"Agathe Ch\u00e9reau\" \/>\n<meta name=\"twitter:card\" content=\"summary_large_image\" \/>\n<meta name=\"twitter:creator\" content=\"@MonacoTribune\" \/>\n<meta name=\"twitter:site\" content=\"@MonacoTribune\" \/>\n<script type=\"application\/ld+json\" class=\"yoast-schema-graph\">{\"@context\":\"https:\\\/\\\/schema.org\",\"@graph\":[{\"@type\":\"NewsArticle\",\"@id\":\"https:\\\/\\\/www.monaco-tribune.com\\\/it\\\/2021\\\/03\\\/lassociazione-femmes-leaders-mondiales-monaco-e-la-loro-lotta-per-la-parita\\\/#article\",\"isPartOf\":{\"@id\":\"https:\\\/\\\/www.monaco-tribune.com\\\/it\\\/2021\\\/03\\\/lassociazione-femmes-leaders-mondiales-monaco-e-la-loro-lotta-per-la-parita\\\/\"},\"author\":{\"name\":\"Agathe Ch\u00e9reau\",\"@id\":\"https:\\\/\\\/www.monaco-tribune.com\\\/it\\\/#\\\/schema\\\/person\\\/fba2f8d5a098d473c92e84cc43a8f730\"},\"headline\":\"L&#8217;associazione Femmes Leaders Mondiales Monaco e la loro lotta per la parit\u00e0\",\"datePublished\":\"2021-03-12T12:11:32+00:00\",\"dateModified\":\"2021-03-14T15:39:53+00:00\",\"mainEntityOfPage\":{\"@id\":\"https:\\\/\\\/www.monaco-tribune.com\\\/it\\\/2021\\\/03\\\/lassociazione-femmes-leaders-mondiales-monaco-e-la-loro-lotta-per-la-parita\\\/\"},\"wordCount\":506,\"publisher\":{\"@id\":\"https:\\\/\\\/www.monaco-tribune.com\\\/it\\\/#organization\"},\"image\":{\"@id\":\"https:\\\/\\\/www.monaco-tribune.com\\\/it\\\/2021\\\/03\\\/lassociazione-femmes-leaders-mondiales-monaco-e-la-loro-lotta-per-la-parita\\\/#primaryimage\"},\"thumbnailUrl\":\"https:\\\/\\\/www.monaco-tribune.com\\\/wp-content\\\/uploads\\\/2021\\\/03\\\/femmes-leaders-mondiales-monaco-1-e1615736386724.jpg\",\"keywords\":[\"Associazioni\"],\"articleSection\":[\"La nostra scelta\",\"Notizie\",\"Societ\u00e0\"],\"inLanguage\":\"it-IT\",\"copyrightYear\":\"2021\",\"copyrightHolder\":{\"@id\":\"https:\\\/\\\/www.monaco-tribune.com\\\/#organization\"}},{\"@type\":\"WebPage\",\"@id\":\"https:\\\/\\\/www.monaco-tribune.com\\\/it\\\/2021\\\/03\\\/lassociazione-femmes-leaders-mondiales-monaco-e-la-loro-lotta-per-la-parita\\\/\",\"url\":\"https:\\\/\\\/www.monaco-tribune.com\\\/it\\\/2021\\\/03\\\/lassociazione-femmes-leaders-mondiales-monaco-e-la-loro-lotta-per-la-parita\\\/\",\"name\":\"L'associazione Femmes Leaders Mondiales Monaco e la loro lotta per la parit\u00e0\",\"isPartOf\":{\"@id\":\"https:\\\/\\\/www.monaco-tribune.com\\\/it\\\/#website\"},\"primaryImageOfPage\":{\"@id\":\"https:\\\/\\\/www.monaco-tribune.com\\\/it\\\/2021\\\/03\\\/lassociazione-femmes-leaders-mondiales-monaco-e-la-loro-lotta-per-la-parita\\\/#primaryimage\"},\"image\":{\"@id\":\"https:\\\/\\\/www.monaco-tribune.com\\\/it\\\/2021\\\/03\\\/lassociazione-femmes-leaders-mondiales-monaco-e-la-loro-lotta-per-la-parita\\\/#primaryimage\"},\"thumbnailUrl\":\"https:\\\/\\\/www.monaco-tribune.com\\\/wp-content\\\/uploads\\\/2021\\\/03\\\/femmes-leaders-mondiales-monaco-1-e1615736386724.jpg\",\"datePublished\":\"2021-03-12T12:11:32+00:00\",\"dateModified\":\"2021-03-14T15:39:53+00:00\",\"description\":\"Per la nostra serie di articoli dedicata alla Giornata dei diritti delle donne, Monaco Tribune ha voluto puntare i riflettori sull'associazione Femmes\",\"breadcrumb\":{\"@id\":\"https:\\\/\\\/www.monaco-tribune.com\\\/it\\\/2021\\\/03\\\/lassociazione-femmes-leaders-mondiales-monaco-e-la-loro-lotta-per-la-parita\\\/#breadcrumb\"},\"inLanguage\":\"it-IT\",\"potentialAction\":[{\"@type\":\"ReadAction\",\"target\":[\"https:\\\/\\\/www.monaco-tribune.com\\\/it\\\/2021\\\/03\\\/lassociazione-femmes-leaders-mondiales-monaco-e-la-loro-lotta-per-la-parita\\\/\"]}]},{\"@type\":\"ImageObject\",\"inLanguage\":\"it-IT\",\"@id\":\"https:\\\/\\\/www.monaco-tribune.com\\\/it\\\/2021\\\/03\\\/lassociazione-femmes-leaders-mondiales-monaco-e-la-loro-lotta-per-la-parita\\\/#primaryimage\",\"url\":\"https:\\\/\\\/www.monaco-tribune.com\\\/wp-content\\\/uploads\\\/2021\\\/03\\\/femmes-leaders-mondiales-monaco-1-e1615736386724.jpg\",\"contentUrl\":\"https:\\\/\\\/www.monaco-tribune.com\\\/wp-content\\\/uploads\\\/2021\\\/03\\\/femmes-leaders-mondiales-monaco-1-e1615736386724.jpg\",\"width\":952,\"height\":539,\"caption\":\"Femmes Leaders Mondiales Monaco\"},{\"@type\":\"BreadcrumbList\",\"@id\":\"https:\\\/\\\/www.monaco-tribune.com\\\/it\\\/2021\\\/03\\\/lassociazione-femmes-leaders-mondiales-monaco-e-la-loro-lotta-per-la-parita\\\/#breadcrumb\",\"itemListElement\":[{\"@type\":\"ListItem\",\"position\":1,\"name\":\"Accueil\",\"item\":\"https:\\\/\\\/www.monaco-tribune.com\\\/it\\\/\"},{\"@type\":\"ListItem\",\"position\":2,\"name\":\"L&rsquo;associazione Femmes Leaders Mondiales Monaco e la loro lotta per la parit\u00e0\"}]},{\"@type\":\"WebSite\",\"@id\":\"https:\\\/\\\/www.monaco-tribune.com\\\/it\\\/#website\",\"url\":\"https:\\\/\\\/www.monaco-tribune.com\\\/it\\\/\",\"name\":\"Monaco Tribune\",\"description\":\"Monaco : actualit\u00e9s \u00e9conomiques, politiques, culturelles et sportives de Monaco et de la French Riviera.\",\"publisher\":{\"@id\":\"https:\\\/\\\/www.monaco-tribune.com\\\/it\\\/#organization\"},\"potentialAction\":[{\"@type\":\"SearchAction\",\"target\":{\"@type\":\"EntryPoint\",\"urlTemplate\":\"https:\\\/\\\/www.monaco-tribune.com\\\/it\\\/?s={search_term_string}\"},\"query-input\":{\"@type\":\"PropertyValueSpecification\",\"valueRequired\":true,\"valueName\":\"search_term_string\"}}],\"inLanguage\":\"it-IT\"},{\"@type\":\"Organization\",\"@id\":\"https:\\\/\\\/www.monaco-tribune.com\\\/it\\\/#organization\",\"name\":\"Monaco Tribune\",\"url\":\"https:\\\/\\\/www.monaco-tribune.com\\\/it\\\/\",\"logo\":{\"@type\":\"ImageObject\",\"inLanguage\":\"it-IT\",\"@id\":\"https:\\\/\\\/www.monaco-tribune.com\\\/it\\\/#\\\/schema\\\/logo\\\/image\\\/\",\"url\":\"https:\\\/\\\/www.monaco-tribune.com\\\/wp-content\\\/uploads\\\/2022\\\/11\\\/logo-monaco-tribune.png\",\"contentUrl\":\"https:\\\/\\\/www.monaco-tribune.com\\\/wp-content\\\/uploads\\\/2022\\\/11\\\/logo-monaco-tribune.png\",\"width\":1548,\"height\":600,\"caption\":\"Monaco Tribune\"},\"image\":{\"@id\":\"https:\\\/\\\/www.monaco-tribune.com\\\/it\\\/#\\\/schema\\\/logo\\\/image\\\/\"},\"sameAs\":[\"https:\\\/\\\/www.facebook.com\\\/MonacoTribune\",\"https:\\\/\\\/x.com\\\/MonacoTribune\",\"https:\\\/\\\/www.instagram.com\\\/monacotribune\\\/\",\"https:\\\/\\\/www.linkedin.com\\\/company\\\/monaco-tribune\",\"https:\\\/\\\/www.youtube.com\\\/channel\\\/UCHle1MnG6hw1y4lWKijVbMA\"]},{\"@type\":\"Person\",\"@id\":\"https:\\\/\\\/www.monaco-tribune.com\\\/it\\\/#\\\/schema\\\/person\\\/fba2f8d5a098d473c92e84cc43a8f730\",\"name\":\"Agathe Ch\u00e9reau\",\"image\":{\"@type\":\"ImageObject\",\"inLanguage\":\"it-IT\",\"@id\":\"https:\\\/\\\/secure.gravatar.com\\\/avatar\\\/884b20ed9d4430c24d77a3ad560b1c21da67bd6992531a1971822779f9988ea5?s=96&d=mm&r=g\",\"url\":\"https:\\\/\\\/secure.gravatar.com\\\/avatar\\\/884b20ed9d4430c24d77a3ad560b1c21da67bd6992531a1971822779f9988ea5?s=96&d=mm&r=g\",\"contentUrl\":\"https:\\\/\\\/secure.gravatar.com\\\/avatar\\\/884b20ed9d4430c24d77a3ad560b1c21da67bd6992531a1971822779f9988ea5?s=96&d=mm&r=g\",\"caption\":\"Agathe Ch\u00e9reau\"},\"url\":\"https:\\\/\\\/www.monaco-tribune.com\\\/it\\\/author\\\/agathechereau\\\/\"}]}<\/script>\n<!-- \/ Yoast SEO Premium plugin. -->","yoast_head_json":{"title":"L'associazione Femmes Leaders Mondiales Monaco e la loro lotta per la parit\u00e0","description":"Per la nostra serie di articoli dedicata alla Giornata dei diritti delle donne, Monaco Tribune ha voluto puntare i riflettori sull'associazione Femmes","robots":{"index":"index","follow":"follow","max-snippet":"max-snippet:-1","max-image-preview":"max-image-preview:large","max-video-preview":"max-video-preview:-1"},"canonical":"https:\/\/www.monaco-tribune.com\/it\/2021\/03\/lassociazione-femmes-leaders-mondiales-monaco-e-la-loro-lotta-per-la-parita\/","og_locale":"it_IT","og_type":"article","og_title":"L'associazione Femmes Leaders Mondiales Monaco e la loro lotta per la parit\u00e0 - Monaco Tribune","og_description":"Per la nostra serie di articoli dedicata alla Giornata dei diritti delle donne, Monaco Tribune ha voluto puntare i riflettori sull'associazione Femmes","og_url":"https:\/\/www.monaco-tribune.com\/it\/2021\/03\/lassociazione-femmes-leaders-mondiales-monaco-e-la-loro-lotta-per-la-parita\/","og_site_name":"Monaco Tribune","article_publisher":"https:\/\/www.facebook.com\/MonacoTribune","article_published_time":"2021-03-12T12:11:32+00:00","article_modified_time":"2021-03-14T15:39:53+00:00","og_image":[{"width":952,"height":539,"url":"https:\/\/www.monaco-tribune.com\/wp-content\/uploads\/2021\/03\/femmes-leaders-mondiales-monaco-1-e1615736386724.jpg","type":"image\/jpeg"}],"author":"Agathe Ch\u00e9reau","twitter_card":"summary_large_image","twitter_creator":"@MonacoTribune","twitter_site":"@MonacoTribune","schema":{"@context":"https:\/\/schema.org","@graph":[{"@type":"NewsArticle","@id":"https:\/\/www.monaco-tribune.com\/it\/2021\/03\/lassociazione-femmes-leaders-mondiales-monaco-e-la-loro-lotta-per-la-parita\/#article","isPartOf":{"@id":"https:\/\/www.monaco-tribune.com\/it\/2021\/03\/lassociazione-femmes-leaders-mondiales-monaco-e-la-loro-lotta-per-la-parita\/"},"author":{"name":"Agathe Ch\u00e9reau","@id":"https:\/\/www.monaco-tribune.com\/it\/#\/schema\/person\/fba2f8d5a098d473c92e84cc43a8f730"},"headline":"L&#8217;associazione Femmes Leaders Mondiales Monaco e la loro lotta per la parit\u00e0","datePublished":"2021-03-12T12:11:32+00:00","dateModified":"2021-03-14T15:39:53+00:00","mainEntityOfPage":{"@id":"https:\/\/www.monaco-tribune.com\/it\/2021\/03\/lassociazione-femmes-leaders-mondiales-monaco-e-la-loro-lotta-per-la-parita\/"},"wordCount":506,"publisher":{"@id":"https:\/\/www.monaco-tribune.com\/it\/#organization"},"image":{"@id":"https:\/\/www.monaco-tribune.com\/it\/2021\/03\/lassociazione-femmes-leaders-mondiales-monaco-e-la-loro-lotta-per-la-parita\/#primaryimage"},"thumbnailUrl":"https:\/\/www.monaco-tribune.com\/wp-content\/uploads\/2021\/03\/femmes-leaders-mondiales-monaco-1-e1615736386724.jpg","keywords":["Associazioni"],"articleSection":["La nostra scelta","Notizie","Societ\u00e0"],"inLanguage":"it-IT","copyrightYear":"2021","copyrightHolder":{"@id":"https:\/\/www.monaco-tribune.com\/#organization"}},{"@type":"WebPage","@id":"https:\/\/www.monaco-tribune.com\/it\/2021\/03\/lassociazione-femmes-leaders-mondiales-monaco-e-la-loro-lotta-per-la-parita\/","url":"https:\/\/www.monaco-tribune.com\/it\/2021\/03\/lassociazione-femmes-leaders-mondiales-monaco-e-la-loro-lotta-per-la-parita\/","name":"L'associazione Femmes Leaders Mondiales Monaco e la loro lotta per la parit\u00e0","isPartOf":{"@id":"https:\/\/www.monaco-tribune.com\/it\/#website"},"primaryImageOfPage":{"@id":"https:\/\/www.monaco-tribune.com\/it\/2021\/03\/lassociazione-femmes-leaders-mondiales-monaco-e-la-loro-lotta-per-la-parita\/#primaryimage"},"image":{"@id":"https:\/\/www.monaco-tribune.com\/it\/2021\/03\/lassociazione-femmes-leaders-mondiales-monaco-e-la-loro-lotta-per-la-parita\/#primaryimage"},"thumbnailUrl":"https:\/\/www.monaco-tribune.com\/wp-content\/uploads\/2021\/03\/femmes-leaders-mondiales-monaco-1-e1615736386724.jpg","datePublished":"2021-03-12T12:11:32+00:00","dateModified":"2021-03-14T15:39:53+00:00","description":"Per la nostra serie di articoli dedicata alla Giornata dei diritti delle donne, Monaco Tribune ha voluto puntare i riflettori sull'associazione Femmes","breadcrumb":{"@id":"https:\/\/www.monaco-tribune.com\/it\/2021\/03\/lassociazione-femmes-leaders-mondiales-monaco-e-la-loro-lotta-per-la-parita\/#breadcrumb"},"inLanguage":"it-IT","potentialAction":[{"@type":"ReadAction","target":["https:\/\/www.monaco-tribune.com\/it\/2021\/03\/lassociazione-femmes-leaders-mondiales-monaco-e-la-loro-lotta-per-la-parita\/"]}]},{"@type":"ImageObject","inLanguage":"it-IT","@id":"https:\/\/www.monaco-tribune.com\/it\/2021\/03\/lassociazione-femmes-leaders-mondiales-monaco-e-la-loro-lotta-per-la-parita\/#primaryimage","url":"https:\/\/www.monaco-tribune.com\/wp-content\/uploads\/2021\/03\/femmes-leaders-mondiales-monaco-1-e1615736386724.jpg","contentUrl":"https:\/\/www.monaco-tribune.com\/wp-content\/uploads\/2021\/03\/femmes-leaders-mondiales-monaco-1-e1615736386724.jpg","width":952,"height":539,"caption":"Femmes Leaders Mondiales Monaco"},{"@type":"BreadcrumbList","@id":"https:\/\/www.monaco-tribune.com\/it\/2021\/03\/lassociazione-femmes-leaders-mondiales-monaco-e-la-loro-lotta-per-la-parita\/#breadcrumb","itemListElement":[{"@type":"ListItem","position":1,"name":"Accueil","item":"https:\/\/www.monaco-tribune.com\/it\/"},{"@type":"ListItem","position":2,"name":"L&rsquo;associazione Femmes Leaders Mondiales Monaco e la loro lotta per la parit\u00e0"}]},{"@type":"WebSite","@id":"https:\/\/www.monaco-tribune.com\/it\/#website","url":"https:\/\/www.monaco-tribune.com\/it\/","name":"Monaco Tribune","description":"Monaco : actualit\u00e9s \u00e9conomiques, politiques, culturelles et sportives de Monaco et de la French Riviera.","publisher":{"@id":"https:\/\/www.monaco-tribune.com\/it\/#organization"},"potentialAction":[{"@type":"SearchAction","target":{"@type":"EntryPoint","urlTemplate":"https:\/\/www.monaco-tribune.com\/it\/?s={search_term_string}"},"query-input":{"@type":"PropertyValueSpecification","valueRequired":true,"valueName":"search_term_string"}}],"inLanguage":"it-IT"},{"@type":"Organization","@id":"https:\/\/www.monaco-tribune.com\/it\/#organization","name":"Monaco Tribune","url":"https:\/\/www.monaco-tribune.com\/it\/","logo":{"@type":"ImageObject","inLanguage":"it-IT","@id":"https:\/\/www.monaco-tribune.com\/it\/#\/schema\/logo\/image\/","url":"https:\/\/www.monaco-tribune.com\/wp-content\/uploads\/2022\/11\/logo-monaco-tribune.png","contentUrl":"https:\/\/www.monaco-tribune.com\/wp-content\/uploads\/2022\/11\/logo-monaco-tribune.png","width":1548,"height":600,"caption":"Monaco Tribune"},"image":{"@id":"https:\/\/www.monaco-tribune.com\/it\/#\/schema\/logo\/image\/"},"sameAs":["https:\/\/www.facebook.com\/MonacoTribune","https:\/\/x.com\/MonacoTribune","https:\/\/www.instagram.com\/monacotribune\/","https:\/\/www.linkedin.com\/company\/monaco-tribune","https:\/\/www.youtube.com\/channel\/UCHle1MnG6hw1y4lWKijVbMA"]},{"@type":"Person","@id":"https:\/\/www.monaco-tribune.com\/it\/#\/schema\/person\/fba2f8d5a098d473c92e84cc43a8f730","name":"Agathe Ch\u00e9reau","image":{"@type":"ImageObject","inLanguage":"it-IT","@id":"https:\/\/secure.gravatar.com\/avatar\/884b20ed9d4430c24d77a3ad560b1c21da67bd6992531a1971822779f9988ea5?s=96&d=mm&r=g","url":"https:\/\/secure.gravatar.com\/avatar\/884b20ed9d4430c24d77a3ad560b1c21da67bd6992531a1971822779f9988ea5?s=96&d=mm&r=g","contentUrl":"https:\/\/secure.gravatar.com\/avatar\/884b20ed9d4430c24d77a3ad560b1c21da67bd6992531a1971822779f9988ea5?s=96&d=mm&r=g","caption":"Agathe Ch\u00e9reau"},"url":"https:\/\/www.monaco-tribune.com\/it\/author\/agathechereau\/"}]}},"_links":{"self":[{"href":"https:\/\/www.monaco-tribune.com\/it\/wp-json\/wp\/v2\/posts\/71616","targetHints":{"allow":["GET"]}}],"collection":[{"href":"https:\/\/www.monaco-tribune.com\/it\/wp-json\/wp\/v2\/posts"}],"about":[{"href":"https:\/\/www.monaco-tribune.com\/it\/wp-json\/wp\/v2\/types\/post"}],"author":[{"embeddable":true,"href":"https:\/\/www.monaco-tribune.com\/it\/wp-json\/wp\/v2\/users\/47"}],"replies":[{"embeddable":true,"href":"https:\/\/www.monaco-tribune.com\/it\/wp-json\/wp\/v2\/comments?post=71616"}],"version-history":[{"count":0,"href":"https:\/\/www.monaco-tribune.com\/it\/wp-json\/wp\/v2\/posts\/71616\/revisions"}],"wp:featuredmedia":[{"embeddable":true,"href":"https:\/\/www.monaco-tribune.com\/it\/wp-json\/wp\/v2\/media\/71602"}],"wp:attachment":[{"href":"https:\/\/www.monaco-tribune.com\/it\/wp-json\/wp\/v2\/media?parent=71616"}],"wp:term":[{"taxonomy":"category","embeddable":true,"href":"https:\/\/www.monaco-tribune.com\/it\/wp-json\/wp\/v2\/categories?post=71616"},{"taxonomy":"post_tag","embeddable":true,"href":"https:\/\/www.monaco-tribune.com\/it\/wp-json\/wp\/v2\/tags?post=71616"},{"taxonomy":"sectag","embeddable":true,"href":"https:\/\/www.monaco-tribune.com\/it\/wp-json\/wp\/v2\/post_sectags?post=71616"},{"taxonomy":"format","embeddable":true,"href":"https:\/\/www.monaco-tribune.com\/it\/wp-json\/wp\/v2\/post_format?post=71616"}],"curies":[{"name":"wp","href":"https:\/\/api.w.org\/{rel}","templated":true}]}}