{"id":71686,"date":"2021-03-12T19:09:56","date_gmt":"2021-03-12T18:09:56","guid":{"rendered":"https:\/\/www.monaco-tribune.com\/2021\/03\/intervista-a-mathias-lessort-centro-dellas-monaco-basket\/"},"modified":"2021-03-13T11:09:16","modified_gmt":"2021-03-13T10:09:16","slug":"intervista-a-mathias-lessort-centro-dellas-monaco-basket","status":"publish","type":"post","link":"https:\/\/www.monaco-tribune.com\/it\/2021\/03\/intervista-a-mathias-lessort-centro-dellas-monaco-basket\/","title":{"rendered":"Intervista a Mathias Lessort, centro dell&#8217;AS Monaco Basket"},"content":{"rendered":"\n<p><strong>Arrivato nell&#8217;AS Monaco a settembre scorso, il centro 25enne di Martinica si gode la vita nel Principato. Giocatore ambizioso, Mathias Lessort (11,2 punti, 6,2 rimbalzi) spera di conquistare i titoli pi\u00f9 ambiti con il Roca Team, magari prima di tornare in NBA. Conosciamo insieme un giocatore di talento, scoperto a Martinica e sbocciato in Francia.<\/strong><\/p>\n\n\n\n<h2 class=\"has-text-align-center wp-block-heading\" id=\"h-gli-inizi\"><strong>Gli inizi<\/strong><\/h2>\n\n\n\n<hr class=\"wp-block-separator is-style-wide\"\/>\n\n\n\n<h3 class=\"has-text-align-center wp-block-heading\" id=\"h-giocavo-a-calcio-come-molti-ragazzi-in-martinica-ma-alla-fine-mi-sono-appassionato-al-basket\">&#8220;Giocavo a calcio, come molti ragazzi in Martinica, ma alla fine mi sono appassionato al basket&#8221;<\/h3>\n\n\n\n<p>&#8220;Ho iniziato a giocare a basket in Martinica. I miei due fratelli maggiori gi\u00e0 ci giocavano, cos\u00ec ho provato anche io. Giocavo a calcio, come molti ragazzi in Martinica, ma alla fine mi sono appassionato al basket. Mi sono innamorato subito di questo sport. Era anche un&#8217;opportunit\u00e0 per assicurarmi un futuro e aiutare la mia famiglia. A casa, si parlava pi\u00f9 di calcio che di basket. La mia famiglia tifa met\u00e0 per il PSG e met\u00e0 per l&#8217;OM (sorride). Con i miei fratelli guardavamo spesso l&#8217;NBA in televisione, perch\u00e9 in Martinica non c&#8217;\u00e8 differenza di orario. Non tifavo per una squadra in particolare, ma adoravo guardare i Clippers di Los Angeles. Guardavo tante partite per analizzare i giocatori nel mio ruolo e per trovare ispirazione. I miei idoli? Lebron James e Carmelo Anthony&#8221;.<\/p>\n\n\n\n<h2 class=\"has-text-align-center wp-block-heading\" id=\"h-la-jeep-lite\"><strong>La Jeep \u00c9lite<\/strong><\/h2>\n\n\n\n<hr class=\"wp-block-separator is-style-wide\"\/>\n\n\n\n<h3 class=\"has-text-align-center wp-block-heading\" id=\"h-a-nanterre-ho-vissuto-la-stagione-di-maggior-successo-della-mia-carriera\">&#8220;A Nanterre ho vissuto la stagione di maggior successo della mia carriera&#8221;<\/h3>\n\n\n\n<p>&#8220;I talent scout di Chalon-sur-Sa\u00f4ne mi hanno scoperto quando giocavo in Martinica. In occasione di una visita a Roanne (comune della Loira), mi hanno fatto visitare le strutture e ho firmato l\u00ec all&#8217;et\u00e0 di 15 anni. Arrivare in Francia \u00e8 stato come un sogno a occhi aperti, vedere quelle strutture, una sala da 5.000 posti, un campo in parquet, degli spogliatoi nuovi, cose che non esistono in Martinica. Non ho esitato neanche un secondo quando mi hanno chiesto di unirmi al centro di formazione di Chalon-sur-Sa\u00f4ne, dove ho scoperto la serie Pro A (oggi Jeep \u00c9lite). \u00c8 l\u00ec che sono diventato l&#8217;uomo che sono. Poi sono partito per Nanterre nella stagione 2016-2017. Il progetto era fantastico, dal punto di vista dello sport. A Nanterre ho vissuto la stagione di maggior successo della mia carriera. Ho dimostrato quanto valessi, sono stato selezionato per la prima volta da una squadra francese, sono stato scelto ai draft, ho firmato con una squadra della EuroLeague, ho conquistato due titoli (Coppa di Francia, Coppa d&#8217;Europa FIBA), \u00e8 stato un anno davvero fantastico.<\/p>\n\n\n\n<h2 class=\"has-text-align-center wp-block-heading\" id=\"h-l-euroleague\"><strong>L&#8217;EuroLeague<\/strong><\/h2>\n\n\n\n<hr class=\"wp-block-separator is-style-wide\"\/>\n\n\n\n<h3 class=\"has-text-align-center wp-block-heading\" id=\"h-tutti-mi-hanno-accolto-benissimo-a-belgrado\">&#8220;Tutti mi hanno accolto benissimo a Belgrado&#8221;<\/h3>\n\n\n\n<p>&#8220;Dopo Nanterre, era il turno o dell&#8217;NBA, o dell&#8217;EuroLeague. Ho avuto l&#8217;opportunit\u00e0 di unirmi alla Stella Rossa di Belgrado. Quando ho firmato per andare in Serbia, mi sono subito adattato alla cultura, perch\u00e9 avevo gi\u00e0 imparato ad adattarmi quando sono arrivato in Francia dopo Martinica. Tutti mi hanno accolto benissimo a Belgrado. Andavo molto d&#8217;accordo con i miei compagni di squadra, ma ho avuto qualche problema alla fine, con l&#8217;arrivo di un altro centro. Il mio tempo di gioco \u00e8 stato ridotto, e in quel momento per me era meglio andare a Malaga, in una struttura EuroLeague, anche se noi eravamo in Eurocup. \u00c8 stata una bella stagione, avevo un bel ruolo in squadra. \u00c8 un&#8217;esperienza che non dimenticher\u00f2. Se ci fossimo qualificati per l&#8217;EuroLeague sarei rimasto un&#8217;altra stagione, perch\u00e9 stavo proprio bene a Malaga. Sono tornato poi in EuroLeague la stagione seguente con il Bayern Monaco, in Germania. \u00c8 stato difficile integrarmi, perch\u00e9 sono mancato durante tutta la preparazione a causa della Coppa del mondo. Tutti si conoscevano gi\u00e0 e ho dovuto trovare il mio posto in squadra&#8221;.<\/p>\n\n\n\n<h2 class=\"has-text-align-center wp-block-heading\" id=\"h-l-nba\"><strong>L&#8217;NBA <\/strong><\/h2>\n\n\n\n<hr class=\"wp-block-separator is-style-wide\"\/>\n\n\n\n<h3 class=\"has-text-align-center wp-block-heading\" id=\"h-non-ho-ancora-abbandonato-l-idea-di-giocare-in-nba-un-giorno\">&#8220;Non ho ancora abbandonato l&#8217;idea di giocare in NBA un giorno&#8221;<\/h3>\n\n\n\n<p>&#8220;Sono stato selezionato al 50\u00b0 posto nei Draft NBA del 2017. L&#8217;NBA \u00e8 sempre stata un sogno. Quando sono stato scelto, ho provato diverse emozioni, gioia, disappunto, paura, emozione. Nei Philadelphia 76ers c&#8217;erano gi\u00e0 diversi centri, Nerlens No\u00ebl, Dario Saric, Jo\u00ebl Embiid. Sapevo che non avevo grosse opportunit\u00e0 con i Sixers. Nel frattempo, avevo firmato con i Brose Baskets (Germania), ma alla fine non \u00e8 andata in porto per la clausola NBA. Purtroppo mi sono perso la prima Summer League nello Utah e met\u00e0 della seconda a Las Vegas. Ho fatto amicizia con Jo\u00ebl Embiid, che mi ha portato in giro per la citt\u00e0 e con cui mi sono allenato. \u00c8 stata un&#8217;esperienza indimenticabile. E non ho ancora abbandonato l&#8217;idea di tornare in NBA un giorno. Alcuni giocatori sono tornati in NBA anche pi\u00f9 tardi di me&#8221;.<\/p>\n\n\n\n<h2 class=\"has-text-align-center wp-block-heading\" id=\"h-il-roca-team\"><strong>Il Roca Team <\/strong><\/h2>\n\n\n\n<hr class=\"wp-block-separator is-style-wide\"\/>\n\n\n\n<h3 class=\"has-text-align-center wp-block-heading\" id=\"h-voglio-vincere-dei-titoli-con-il-monaco\">&#8220;Voglio vincere dei titoli con il Monaco&#8221;<\/h3>\n\n\n\n<p>&#8220;Avevo bisogno di prendermi un po&#8217; di tempo per me. Sono tornato in Martinica per pi\u00f9 di un mese per ricaricare le batterie. Dopo l&#8217;esperienza a Monaco di Baviera, non ero pronto per firmare con un&#8217;altra squadra. Ho firmato con il Principato di Monaco solo a settembre. Era un&#8217;ottima opportunit\u00e0 da cogliere al volo. Abbiamo il potenziale per poter vincere dei titoli. Monaco \u00e8 una grande squadra del campionato di Francia, puntiamo alla vittoria nella Eurocup. Voglio vincere dei titoli con il Monaco. C&#8217;\u00e8 un progetto promettente e se a fine stagione ci saranno tutte le condizioni per restare, voglio continuare con il Roca Team.<\/p>\n\n\n\n<h2 class=\"has-text-align-center wp-block-heading\" id=\"h-la-nazionale-francese\"><strong>La nazionale francese<\/strong><\/h2>\n\n\n\n<hr class=\"wp-block-separator is-style-wide\"\/>\n\n\n\n<h3 class=\"has-text-align-center wp-block-heading\" id=\"h-i-giochi-olimpici-sono-il-sogno-di-ogni-atleta\">&#8220;I Giochi Olimpici sono il sogno di ogni atleta&#8221;<\/h3>\n\n\n\n<p>&#8220;La nazionale francese \u00e8 sempre stata un sogno. Quando ero piccolo, non mi perdevo una partita dei Bleues. Dopo l&#8217;anno fantastico con il Nanterre, sono stato chiamato nella nazionale di Francia. Ero contentissimo. Ho tratto il massimo da questa esperienza. Ho avuto la fortuna di giocare nella Coppa del mondo e potrei avere l&#8217;occasione di andare alle Olimpiadi. Darei qualsiasi cosa per vivere questa avventura. I Giochi Olimpici sono il sogno di ogni atleta.&#8221;<\/p>\n\n\n\n<p><\/p>\n\n\n\n<div class=\"wp-block-image\"><figure class=\"aligncenter size-large\"><img loading=\"lazy\" decoding=\"async\" width=\"1200\" height=\"768\" src=\"https:\/\/www.monaco-tribune.com\/wp-content\/uploads\/2021\/03\/mathias-lessort-ffbb-e1615218043361.jpg\" alt=\"\" class=\"wp-image-70761\" srcset=\"https:\/\/www.monaco-tribune.com\/wp-content\/uploads\/2021\/03\/mathias-lessort-ffbb-e1615218043361.jpg 1200w, https:\/\/www.monaco-tribune.com\/wp-content\/uploads\/2021\/03\/mathias-lessort-ffbb-e1615218043361-469x300.jpg 469w, https:\/\/www.monaco-tribune.com\/wp-content\/uploads\/2021\/03\/mathias-lessort-ffbb-e1615218043361-1024x655.jpg 1024w\" sizes=\"auto, (max-width: 1200px) 100vw, 1200px\" \/><figcaption><em>\u00a9<\/em> FFBB<\/figcaption><\/figure><\/div>\n","protected":false},"excerpt":{"rendered":"<p>Arrivato nell&#8217;AS Monaco a settembre scorso, il centro 25enne di Martinica si gode la vita nel Principato. Giocatore ambizioso, Mathias [&hellip;]<\/p>\n","protected":false},"author":24,"featured_media":70932,"comment_status":"closed","ping_status":"closed","sticky":false,"template":"","format":"standard","meta":{"_acf_changed":false,"footnotes":""},"categories":[1738,1743],"tags":[3001],"post_sectags":[],"post_format":[2480],"class_list":["post-71686","post","type-post","status-publish","format-standard","has-post-thumbnail","hentry","category-notizie","category-sport-it","tag-roca-team-it","format-profilo"],"acf":[],"yoast_head":"<!-- This site is optimized with the Yoast SEO Premium plugin v26.8 (Yoast SEO v27.4) - https:\/\/yoast.com\/product\/yoast-seo-premium-wordpress\/ -->\n<title>Intervista a Mathias Lessort, centro dell&#039;AS Monaco Basket<\/title>\n<meta name=\"description\" content=\"Arrivato nell&#039;AS Monaco a settembre scorso, il centro 25enne di Martinica si gode la vita nel Principato. Giocatore ambizioso, Mathias Lessort (11,2\" \/>\n<meta name=\"robots\" content=\"index, follow, max-snippet:-1, max-image-preview:large, max-video-preview:-1\" \/>\n<link rel=\"canonical\" href=\"https:\/\/www.monaco-tribune.com\/it\/2021\/03\/intervista-a-mathias-lessort-centro-dellas-monaco-basket\/\" \/>\n<meta property=\"og:locale\" content=\"it_IT\" \/>\n<meta property=\"og:type\" content=\"article\" \/>\n<meta property=\"og:title\" content=\"Intervista a Mathias Lessort, centro dell&#039;AS Monaco Basket - Monaco Tribune\" \/>\n<meta property=\"og:description\" content=\"Arrivato nell&#039;AS Monaco a settembre scorso, il centro 25enne di Martinica si gode la vita nel Principato. Giocatore ambizioso, Mathias Lessort (11,2\" \/>\n<meta property=\"og:url\" content=\"https:\/\/www.monaco-tribune.com\/it\/2021\/03\/intervista-a-mathias-lessort-centro-dellas-monaco-basket\/\" \/>\n<meta property=\"og:site_name\" content=\"Monaco Tribune\" \/>\n<meta property=\"article:publisher\" content=\"https:\/\/www.facebook.com\/MonacoTribune\" \/>\n<meta property=\"article:published_time\" content=\"2021-03-12T18:09:56+00:00\" \/>\n<meta property=\"article:modified_time\" content=\"2021-03-13T10:09:16+00:00\" \/>\n<meta property=\"og:image\" content=\"https:\/\/www.monaco-tribune.com\/wp-content\/uploads\/2021\/03\/mathias-lessort-as-monaco-basket.jpg\" \/>\n\t<meta property=\"og:image:width\" content=\"1280\" \/>\n\t<meta property=\"og:image:height\" content=\"853\" \/>\n\t<meta property=\"og:image:type\" content=\"image\/jpeg\" \/>\n<meta name=\"author\" content=\"Romain Boisaubert\" \/>\n<meta name=\"twitter:card\" content=\"summary_large_image\" \/>\n<meta name=\"twitter:creator\" content=\"@MonacoTribune\" \/>\n<meta name=\"twitter:site\" content=\"@MonacoTribune\" \/>\n<script type=\"application\/ld+json\" class=\"yoast-schema-graph\">{\"@context\":\"https:\\\/\\\/schema.org\",\"@graph\":[{\"@type\":\"NewsArticle\",\"@id\":\"https:\\\/\\\/www.monaco-tribune.com\\\/it\\\/2021\\\/03\\\/intervista-a-mathias-lessort-centro-dellas-monaco-basket\\\/#article\",\"isPartOf\":{\"@id\":\"https:\\\/\\\/www.monaco-tribune.com\\\/it\\\/2021\\\/03\\\/intervista-a-mathias-lessort-centro-dellas-monaco-basket\\\/\"},\"author\":{\"name\":\"Romain Boisaubert\",\"@id\":\"https:\\\/\\\/www.monaco-tribune.com\\\/it\\\/#\\\/schema\\\/person\\\/330a3732947cf8cb41b2533a0eadd62e\"},\"headline\":\"Intervista a Mathias Lessort, centro dell&#8217;AS Monaco Basket\",\"datePublished\":\"2021-03-12T18:09:56+00:00\",\"dateModified\":\"2021-03-13T10:09:16+00:00\",\"mainEntityOfPage\":{\"@id\":\"https:\\\/\\\/www.monaco-tribune.com\\\/it\\\/2021\\\/03\\\/intervista-a-mathias-lessort-centro-dellas-monaco-basket\\\/\"},\"wordCount\":959,\"publisher\":{\"@id\":\"https:\\\/\\\/www.monaco-tribune.com\\\/it\\\/#organization\"},\"image\":{\"@id\":\"https:\\\/\\\/www.monaco-tribune.com\\\/it\\\/2021\\\/03\\\/intervista-a-mathias-lessort-centro-dellas-monaco-basket\\\/#primaryimage\"},\"thumbnailUrl\":\"https:\\\/\\\/www.monaco-tribune.com\\\/wp-content\\\/uploads\\\/2021\\\/03\\\/mathias-lessort-as-monaco-basket.jpg\",\"keywords\":[\"Roca Team\"],\"articleSection\":[\"Notizie\",\"Sport\"],\"inLanguage\":\"it-IT\",\"copyrightYear\":\"2021\",\"copyrightHolder\":{\"@id\":\"https:\\\/\\\/www.monaco-tribune.com\\\/#organization\"}},{\"@type\":\"WebPage\",\"@id\":\"https:\\\/\\\/www.monaco-tribune.com\\\/it\\\/2021\\\/03\\\/intervista-a-mathias-lessort-centro-dellas-monaco-basket\\\/\",\"url\":\"https:\\\/\\\/www.monaco-tribune.com\\\/it\\\/2021\\\/03\\\/intervista-a-mathias-lessort-centro-dellas-monaco-basket\\\/\",\"name\":\"Intervista a Mathias Lessort, centro dell'AS Monaco Basket\",\"isPartOf\":{\"@id\":\"https:\\\/\\\/www.monaco-tribune.com\\\/it\\\/#website\"},\"primaryImageOfPage\":{\"@id\":\"https:\\\/\\\/www.monaco-tribune.com\\\/it\\\/2021\\\/03\\\/intervista-a-mathias-lessort-centro-dellas-monaco-basket\\\/#primaryimage\"},\"image\":{\"@id\":\"https:\\\/\\\/www.monaco-tribune.com\\\/it\\\/2021\\\/03\\\/intervista-a-mathias-lessort-centro-dellas-monaco-basket\\\/#primaryimage\"},\"thumbnailUrl\":\"https:\\\/\\\/www.monaco-tribune.com\\\/wp-content\\\/uploads\\\/2021\\\/03\\\/mathias-lessort-as-monaco-basket.jpg\",\"datePublished\":\"2021-03-12T18:09:56+00:00\",\"dateModified\":\"2021-03-13T10:09:16+00:00\",\"description\":\"Arrivato nell'AS Monaco a settembre scorso, il centro 25enne di Martinica si gode la vita nel Principato. Giocatore ambizioso, Mathias Lessort (11,2\",\"breadcrumb\":{\"@id\":\"https:\\\/\\\/www.monaco-tribune.com\\\/it\\\/2021\\\/03\\\/intervista-a-mathias-lessort-centro-dellas-monaco-basket\\\/#breadcrumb\"},\"inLanguage\":\"it-IT\",\"potentialAction\":[{\"@type\":\"ReadAction\",\"target\":[\"https:\\\/\\\/www.monaco-tribune.com\\\/it\\\/2021\\\/03\\\/intervista-a-mathias-lessort-centro-dellas-monaco-basket\\\/\"]}]},{\"@type\":\"ImageObject\",\"inLanguage\":\"it-IT\",\"@id\":\"https:\\\/\\\/www.monaco-tribune.com\\\/it\\\/2021\\\/03\\\/intervista-a-mathias-lessort-centro-dellas-monaco-basket\\\/#primaryimage\",\"url\":\"https:\\\/\\\/www.monaco-tribune.com\\\/wp-content\\\/uploads\\\/2021\\\/03\\\/mathias-lessort-as-monaco-basket.jpg\",\"contentUrl\":\"https:\\\/\\\/www.monaco-tribune.com\\\/wp-content\\\/uploads\\\/2021\\\/03\\\/mathias-lessort-as-monaco-basket.jpg\",\"width\":1280,\"height\":853,\"caption\":\"AS Monaco Basket\"},{\"@type\":\"BreadcrumbList\",\"@id\":\"https:\\\/\\\/www.monaco-tribune.com\\\/it\\\/2021\\\/03\\\/intervista-a-mathias-lessort-centro-dellas-monaco-basket\\\/#breadcrumb\",\"itemListElement\":[{\"@type\":\"ListItem\",\"position\":1,\"name\":\"Accueil\",\"item\":\"https:\\\/\\\/www.monaco-tribune.com\\\/it\\\/\"},{\"@type\":\"ListItem\",\"position\":2,\"name\":\"Intervista a Mathias Lessort, centro dell&rsquo;AS Monaco Basket\"}]},{\"@type\":\"WebSite\",\"@id\":\"https:\\\/\\\/www.monaco-tribune.com\\\/it\\\/#website\",\"url\":\"https:\\\/\\\/www.monaco-tribune.com\\\/it\\\/\",\"name\":\"Monaco Tribune\",\"description\":\"Monaco : actualit\u00e9s \u00e9conomiques, politiques, culturelles et sportives de Monaco et de la French Riviera.\",\"publisher\":{\"@id\":\"https:\\\/\\\/www.monaco-tribune.com\\\/it\\\/#organization\"},\"potentialAction\":[{\"@type\":\"SearchAction\",\"target\":{\"@type\":\"EntryPoint\",\"urlTemplate\":\"https:\\\/\\\/www.monaco-tribune.com\\\/it\\\/?s={search_term_string}\"},\"query-input\":{\"@type\":\"PropertyValueSpecification\",\"valueRequired\":true,\"valueName\":\"search_term_string\"}}],\"inLanguage\":\"it-IT\"},{\"@type\":\"Organization\",\"@id\":\"https:\\\/\\\/www.monaco-tribune.com\\\/it\\\/#organization\",\"name\":\"Monaco Tribune\",\"url\":\"https:\\\/\\\/www.monaco-tribune.com\\\/it\\\/\",\"logo\":{\"@type\":\"ImageObject\",\"inLanguage\":\"it-IT\",\"@id\":\"https:\\\/\\\/www.monaco-tribune.com\\\/it\\\/#\\\/schema\\\/logo\\\/image\\\/\",\"url\":\"https:\\\/\\\/www.monaco-tribune.com\\\/wp-content\\\/uploads\\\/2022\\\/11\\\/logo-monaco-tribune.png\",\"contentUrl\":\"https:\\\/\\\/www.monaco-tribune.com\\\/wp-content\\\/uploads\\\/2022\\\/11\\\/logo-monaco-tribune.png\",\"width\":1548,\"height\":600,\"caption\":\"Monaco Tribune\"},\"image\":{\"@id\":\"https:\\\/\\\/www.monaco-tribune.com\\\/it\\\/#\\\/schema\\\/logo\\\/image\\\/\"},\"sameAs\":[\"https:\\\/\\\/www.facebook.com\\\/MonacoTribune\",\"https:\\\/\\\/x.com\\\/MonacoTribune\",\"https:\\\/\\\/www.instagram.com\\\/monacotribune\\\/\",\"https:\\\/\\\/www.linkedin.com\\\/company\\\/monaco-tribune\",\"https:\\\/\\\/www.youtube.com\\\/channel\\\/UCHle1MnG6hw1y4lWKijVbMA\"]},{\"@type\":\"Person\",\"@id\":\"https:\\\/\\\/www.monaco-tribune.com\\\/it\\\/#\\\/schema\\\/person\\\/330a3732947cf8cb41b2533a0eadd62e\",\"name\":\"Romain Boisaubert\",\"image\":{\"@type\":\"ImageObject\",\"inLanguage\":\"it-IT\",\"@id\":\"https:\\\/\\\/secure.gravatar.com\\\/avatar\\\/f8b90d41f1eabd1cbe4cf59e09d8db41a697d51919bf2dfe727589a24a4a4d54?s=96&d=mm&r=g\",\"url\":\"https:\\\/\\\/secure.gravatar.com\\\/avatar\\\/f8b90d41f1eabd1cbe4cf59e09d8db41a697d51919bf2dfe727589a24a4a4d54?s=96&d=mm&r=g\",\"contentUrl\":\"https:\\\/\\\/secure.gravatar.com\\\/avatar\\\/f8b90d41f1eabd1cbe4cf59e09d8db41a697d51919bf2dfe727589a24a4a4d54?s=96&d=mm&r=g\",\"caption\":\"Romain Boisaubert\"},\"description\":\"Test bio\",\"url\":\"https:\\\/\\\/www.monaco-tribune.com\\\/it\\\/author\\\/romain-boisaubert\\\/\"}]}<\/script>\n<!-- \/ Yoast SEO Premium plugin. -->","yoast_head_json":{"title":"Intervista a Mathias Lessort, centro dell'AS Monaco Basket","description":"Arrivato nell'AS Monaco a settembre scorso, il centro 25enne di Martinica si gode la vita nel Principato. Giocatore ambizioso, Mathias Lessort (11,2","robots":{"index":"index","follow":"follow","max-snippet":"max-snippet:-1","max-image-preview":"max-image-preview:large","max-video-preview":"max-video-preview:-1"},"canonical":"https:\/\/www.monaco-tribune.com\/it\/2021\/03\/intervista-a-mathias-lessort-centro-dellas-monaco-basket\/","og_locale":"it_IT","og_type":"article","og_title":"Intervista a Mathias Lessort, centro dell'AS Monaco Basket - Monaco Tribune","og_description":"Arrivato nell'AS Monaco a settembre scorso, il centro 25enne di Martinica si gode la vita nel Principato. Giocatore ambizioso, Mathias Lessort (11,2","og_url":"https:\/\/www.monaco-tribune.com\/it\/2021\/03\/intervista-a-mathias-lessort-centro-dellas-monaco-basket\/","og_site_name":"Monaco Tribune","article_publisher":"https:\/\/www.facebook.com\/MonacoTribune","article_published_time":"2021-03-12T18:09:56+00:00","article_modified_time":"2021-03-13T10:09:16+00:00","og_image":[{"width":1280,"height":853,"url":"https:\/\/www.monaco-tribune.com\/wp-content\/uploads\/2021\/03\/mathias-lessort-as-monaco-basket.jpg","type":"image\/jpeg"}],"author":"Romain Boisaubert","twitter_card":"summary_large_image","twitter_creator":"@MonacoTribune","twitter_site":"@MonacoTribune","schema":{"@context":"https:\/\/schema.org","@graph":[{"@type":"NewsArticle","@id":"https:\/\/www.monaco-tribune.com\/it\/2021\/03\/intervista-a-mathias-lessort-centro-dellas-monaco-basket\/#article","isPartOf":{"@id":"https:\/\/www.monaco-tribune.com\/it\/2021\/03\/intervista-a-mathias-lessort-centro-dellas-monaco-basket\/"},"author":{"name":"Romain Boisaubert","@id":"https:\/\/www.monaco-tribune.com\/it\/#\/schema\/person\/330a3732947cf8cb41b2533a0eadd62e"},"headline":"Intervista a Mathias Lessort, centro dell&#8217;AS Monaco Basket","datePublished":"2021-03-12T18:09:56+00:00","dateModified":"2021-03-13T10:09:16+00:00","mainEntityOfPage":{"@id":"https:\/\/www.monaco-tribune.com\/it\/2021\/03\/intervista-a-mathias-lessort-centro-dellas-monaco-basket\/"},"wordCount":959,"publisher":{"@id":"https:\/\/www.monaco-tribune.com\/it\/#organization"},"image":{"@id":"https:\/\/www.monaco-tribune.com\/it\/2021\/03\/intervista-a-mathias-lessort-centro-dellas-monaco-basket\/#primaryimage"},"thumbnailUrl":"https:\/\/www.monaco-tribune.com\/wp-content\/uploads\/2021\/03\/mathias-lessort-as-monaco-basket.jpg","keywords":["Roca Team"],"articleSection":["Notizie","Sport"],"inLanguage":"it-IT","copyrightYear":"2021","copyrightHolder":{"@id":"https:\/\/www.monaco-tribune.com\/#organization"}},{"@type":"WebPage","@id":"https:\/\/www.monaco-tribune.com\/it\/2021\/03\/intervista-a-mathias-lessort-centro-dellas-monaco-basket\/","url":"https:\/\/www.monaco-tribune.com\/it\/2021\/03\/intervista-a-mathias-lessort-centro-dellas-monaco-basket\/","name":"Intervista a Mathias Lessort, centro dell'AS Monaco Basket","isPartOf":{"@id":"https:\/\/www.monaco-tribune.com\/it\/#website"},"primaryImageOfPage":{"@id":"https:\/\/www.monaco-tribune.com\/it\/2021\/03\/intervista-a-mathias-lessort-centro-dellas-monaco-basket\/#primaryimage"},"image":{"@id":"https:\/\/www.monaco-tribune.com\/it\/2021\/03\/intervista-a-mathias-lessort-centro-dellas-monaco-basket\/#primaryimage"},"thumbnailUrl":"https:\/\/www.monaco-tribune.com\/wp-content\/uploads\/2021\/03\/mathias-lessort-as-monaco-basket.jpg","datePublished":"2021-03-12T18:09:56+00:00","dateModified":"2021-03-13T10:09:16+00:00","description":"Arrivato nell'AS Monaco a settembre scorso, il centro 25enne di Martinica si gode la vita nel Principato. Giocatore ambizioso, Mathias Lessort (11,2","breadcrumb":{"@id":"https:\/\/www.monaco-tribune.com\/it\/2021\/03\/intervista-a-mathias-lessort-centro-dellas-monaco-basket\/#breadcrumb"},"inLanguage":"it-IT","potentialAction":[{"@type":"ReadAction","target":["https:\/\/www.monaco-tribune.com\/it\/2021\/03\/intervista-a-mathias-lessort-centro-dellas-monaco-basket\/"]}]},{"@type":"ImageObject","inLanguage":"it-IT","@id":"https:\/\/www.monaco-tribune.com\/it\/2021\/03\/intervista-a-mathias-lessort-centro-dellas-monaco-basket\/#primaryimage","url":"https:\/\/www.monaco-tribune.com\/wp-content\/uploads\/2021\/03\/mathias-lessort-as-monaco-basket.jpg","contentUrl":"https:\/\/www.monaco-tribune.com\/wp-content\/uploads\/2021\/03\/mathias-lessort-as-monaco-basket.jpg","width":1280,"height":853,"caption":"AS Monaco Basket"},{"@type":"BreadcrumbList","@id":"https:\/\/www.monaco-tribune.com\/it\/2021\/03\/intervista-a-mathias-lessort-centro-dellas-monaco-basket\/#breadcrumb","itemListElement":[{"@type":"ListItem","position":1,"name":"Accueil","item":"https:\/\/www.monaco-tribune.com\/it\/"},{"@type":"ListItem","position":2,"name":"Intervista a Mathias Lessort, centro dell&rsquo;AS Monaco Basket"}]},{"@type":"WebSite","@id":"https:\/\/www.monaco-tribune.com\/it\/#website","url":"https:\/\/www.monaco-tribune.com\/it\/","name":"Monaco Tribune","description":"Monaco : actualit\u00e9s \u00e9conomiques, politiques, culturelles et sportives de Monaco et de la French Riviera.","publisher":{"@id":"https:\/\/www.monaco-tribune.com\/it\/#organization"},"potentialAction":[{"@type":"SearchAction","target":{"@type":"EntryPoint","urlTemplate":"https:\/\/www.monaco-tribune.com\/it\/?s={search_term_string}"},"query-input":{"@type":"PropertyValueSpecification","valueRequired":true,"valueName":"search_term_string"}}],"inLanguage":"it-IT"},{"@type":"Organization","@id":"https:\/\/www.monaco-tribune.com\/it\/#organization","name":"Monaco Tribune","url":"https:\/\/www.monaco-tribune.com\/it\/","logo":{"@type":"ImageObject","inLanguage":"it-IT","@id":"https:\/\/www.monaco-tribune.com\/it\/#\/schema\/logo\/image\/","url":"https:\/\/www.monaco-tribune.com\/wp-content\/uploads\/2022\/11\/logo-monaco-tribune.png","contentUrl":"https:\/\/www.monaco-tribune.com\/wp-content\/uploads\/2022\/11\/logo-monaco-tribune.png","width":1548,"height":600,"caption":"Monaco Tribune"},"image":{"@id":"https:\/\/www.monaco-tribune.com\/it\/#\/schema\/logo\/image\/"},"sameAs":["https:\/\/www.facebook.com\/MonacoTribune","https:\/\/x.com\/MonacoTribune","https:\/\/www.instagram.com\/monacotribune\/","https:\/\/www.linkedin.com\/company\/monaco-tribune","https:\/\/www.youtube.com\/channel\/UCHle1MnG6hw1y4lWKijVbMA"]},{"@type":"Person","@id":"https:\/\/www.monaco-tribune.com\/it\/#\/schema\/person\/330a3732947cf8cb41b2533a0eadd62e","name":"Romain Boisaubert","image":{"@type":"ImageObject","inLanguage":"it-IT","@id":"https:\/\/secure.gravatar.com\/avatar\/f8b90d41f1eabd1cbe4cf59e09d8db41a697d51919bf2dfe727589a24a4a4d54?s=96&d=mm&r=g","url":"https:\/\/secure.gravatar.com\/avatar\/f8b90d41f1eabd1cbe4cf59e09d8db41a697d51919bf2dfe727589a24a4a4d54?s=96&d=mm&r=g","contentUrl":"https:\/\/secure.gravatar.com\/avatar\/f8b90d41f1eabd1cbe4cf59e09d8db41a697d51919bf2dfe727589a24a4a4d54?s=96&d=mm&r=g","caption":"Romain Boisaubert"},"description":"Test bio","url":"https:\/\/www.monaco-tribune.com\/it\/author\/romain-boisaubert\/"}]}},"_links":{"self":[{"href":"https:\/\/www.monaco-tribune.com\/it\/wp-json\/wp\/v2\/posts\/71686","targetHints":{"allow":["GET"]}}],"collection":[{"href":"https:\/\/www.monaco-tribune.com\/it\/wp-json\/wp\/v2\/posts"}],"about":[{"href":"https:\/\/www.monaco-tribune.com\/it\/wp-json\/wp\/v2\/types\/post"}],"author":[{"embeddable":true,"href":"https:\/\/www.monaco-tribune.com\/it\/wp-json\/wp\/v2\/users\/24"}],"replies":[{"embeddable":true,"href":"https:\/\/www.monaco-tribune.com\/it\/wp-json\/wp\/v2\/comments?post=71686"}],"version-history":[{"count":0,"href":"https:\/\/www.monaco-tribune.com\/it\/wp-json\/wp\/v2\/posts\/71686\/revisions"}],"wp:featuredmedia":[{"embeddable":true,"href":"https:\/\/www.monaco-tribune.com\/it\/wp-json\/wp\/v2\/media\/70932"}],"wp:attachment":[{"href":"https:\/\/www.monaco-tribune.com\/it\/wp-json\/wp\/v2\/media?parent=71686"}],"wp:term":[{"taxonomy":"category","embeddable":true,"href":"https:\/\/www.monaco-tribune.com\/it\/wp-json\/wp\/v2\/categories?post=71686"},{"taxonomy":"post_tag","embeddable":true,"href":"https:\/\/www.monaco-tribune.com\/it\/wp-json\/wp\/v2\/tags?post=71686"},{"taxonomy":"sectag","embeddable":true,"href":"https:\/\/www.monaco-tribune.com\/it\/wp-json\/wp\/v2\/post_sectags?post=71686"},{"taxonomy":"format","embeddable":true,"href":"https:\/\/www.monaco-tribune.com\/it\/wp-json\/wp\/v2\/post_format?post=71686"}],"curies":[{"name":"wp","href":"https:\/\/api.w.org\/{rel}","templated":true}]}}