{"id":71835,"date":"2021-03-15T11:53:17","date_gmt":"2021-03-15T10:53:17","guid":{"rendered":"https:\/\/www.monaco-tribune.com\/2021\/03\/pareggio-dellas-monaco-contro-il-lille-per-il-compleanno-del-principe-alberto-ii\/"},"modified":"2021-03-15T11:57:54","modified_gmt":"2021-03-15T10:57:54","slug":"pareggio-dellas-monaco-contro-il-lille-per-il-compleanno-del-principe-alberto-ii","status":"publish","type":"post","link":"https:\/\/www.monaco-tribune.com\/it\/2021\/03\/pareggio-dellas-monaco-contro-il-lille-per-il-compleanno-del-principe-alberto-ii\/","title":{"rendered":"Pareggio dell&#8217;AS Monaco contro il Lille per il compleanno del Principe Alberto II"},"content":{"rendered":"\n<p><strong>Domenica sera, allo stadio Louis II, l&#8217;incontro tra il Monaco e il Lille si \u00e8 concluso in pareggio (0-0) sotto lo sguardo attento del Principe Alberto II, che ha festeggiato il suo 63\u00b0 compleanno, e del presidente Dmitri Rybolovlev.<\/strong><\/p>\n\n\n\n<p>Ci \u00e8 mancato poco per offrire al Principe il pi\u00f9 bel regalo di compleanno: una vittoria prestigiosa contro i primi in classifica del campionato. Tuttavia, questa domenica alla stadio Louis II, il Principe Alberto II ha assistito (vedi sotto) a una dimostrazione tattica, in cui due ottime squadre non sono riuscite a farsi strada verso la porta.<\/p>\n\n\n\n<h2 class=\"wp-block-heading\" id=\"h-stevan-jovetic-pronto-a-offrire-la-vittoria-all-as-monaco\">Stevan Jovetic pronto a offrire la vittoria all&#8217;AS Monaco<\/h2>\n\n\n\n<p>Eppure, alla fine dei tempi supplementari, Stevan Jovetic era quasi riuscito a conquistare la vittoria, con un controllo perfetto della palla e un tiro in porta parato da Mike Maignan (90+1\u2019), che non ha lasciato pi\u00f9 alcuna speranza ai monegaschi.<\/p>\n\n\n\n<p>Un incontro terminato in parit\u00e0 e giocato alla grande da entrambe le squadre, in una partita che avrebbe potuto concludersi indistintamente a favore di una o dell&#8217;altra, come ha dimostrato l&#8217;ultima occasione sfruttata dal giocatore montenegrino.<\/p>\n\n\n\n<div class=\"wp-block-image\"><figure class=\"aligncenter size-large\"><img loading=\"lazy\" decoding=\"async\" width=\"1024\" height=\"574\" src=\"https:\/\/www.monaco-tribune.com\/wp-content\/uploads\/2021\/03\/asm-lille-1801-1160x650-1-1024x574.jpeg\" alt=\"\" class=\"wp-image-71804\" srcset=\"https:\/\/www.monaco-tribune.com\/wp-content\/uploads\/2021\/03\/asm-lille-1801-1160x650-1-1024x574.jpeg 1024w, https:\/\/www.monaco-tribune.com\/wp-content\/uploads\/2021\/03\/asm-lille-1801-1160x650-1-535x300.jpeg 535w, https:\/\/www.monaco-tribune.com\/wp-content\/uploads\/2021\/03\/asm-lille-1801-1160x650-1.jpeg 1160w\" sizes=\"auto, (max-width: 1024px) 100vw, 1024px\" \/><figcaption>\u00a9 AS Monaco<\/figcaption><\/figure><\/div>\n\n\n\n<h2 class=\"wp-block-heading\" id=\"h-il-monaco-ancora-a-quattro-punti-dal-podio\">Il Monaco ancora a quattro punti dal podio<\/h2>\n\n\n\n<p>Ma di fronte alla migliore difesa del campionato, a pari merito con quella del Paris Saint-Germain (17 gol incassati), i compagni di squadra di Wissam Ben Yedder, che avrebbe potuto segnare gi\u00e0 nel primo tempo se non fosse stato leggermente in fuori gioco (21&#8242;), si sono dovuti accontentare di un solo punto, che non apporta grossi cambiamenti.<\/p>\n\n\n\n<p>In classifica, gli uomini di Niko Kovac conservano il quarto posto, a quattro punti dal podio, senza aver approfittato della partita nulla del Lione giocata venerd\u00ec sera sul campo dello Stadio di Remis (1-1). Il prossimo incontro per i monegaschi \u00e8 previsto venerd\u00ec prossimo alle 21:00 contro l&#8217;AS Saint-Etienne.<\/p>\n\n\n\n<h2 class=\"has-text-align-left wp-block-heading\" id=\"h-il-presidente-dmitri-rybolovlev-ha-reso-omaggio-al-principe-alberto-ii\">Il Presidente Dmitri Rybolovlev ha reso omaggio al Principe Alberto II<\/h2>\n\n\n\n<p>In occasione dell&#8217;incontro che segna la 29a giornata di Ligue 1 tra l&#8217;AS Monaco e il Lille, era presente anche il Principe Alberto. La stessa domenica, il 14 marzo, il Sovrano ha festeggiato il suo 63\u00b0 compleanno. Accompagnato da Dmitri Rybolovelv, Presidente dell&#8217;AS Monaco, e Oleg Petrova, vicepresidente e direttore generale, il Principe ha ricevuto alla fine dell&#8217;incontro una maglia firmata dal gruppo dirigente, da Niko Kovac e da tutti i giocatori. Sulle tribune del Louis II, \u00e8 stato anche appeso uno striscione con la scritta: &#8220;<em>Joyeux anniversaire Monseigneur<\/em>&#8220;.<\/p>\n\n\n\n<div class=\"wp-block-image\"><figure class=\"aligncenter size-large\"><img loading=\"lazy\" decoding=\"async\" width=\"1024\" height=\"574\" src=\"https:\/\/www.monaco-tribune.com\/wp-content\/uploads\/2021\/03\/sas-president-1160x650-1-1024x574.jpeg\" alt=\"sas-president-1160x650\" class=\"wp-image-71800\" srcset=\"https:\/\/www.monaco-tribune.com\/wp-content\/uploads\/2021\/03\/sas-president-1160x650-1-1024x574.jpeg 1024w, https:\/\/www.monaco-tribune.com\/wp-content\/uploads\/2021\/03\/sas-president-1160x650-1-535x300.jpeg 535w, https:\/\/www.monaco-tribune.com\/wp-content\/uploads\/2021\/03\/sas-president-1160x650-1.jpeg 1160w\" sizes=\"auto, (max-width: 1024px) 100vw, 1024px\" \/><figcaption>Il Principe Alberto II e Dmitri Rybolovlev \u00a9 AS Monaco<\/figcaption><\/figure><\/div>\n","protected":false},"excerpt":{"rendered":"<p>Domenica sera, allo stadio Louis II, l&#8217;incontro tra il Monaco e il Lille si \u00e8 concluso in pareggio (0-0) sotto [&hellip;]<\/p>\n","protected":false},"author":24,"featured_media":71798,"comment_status":"closed","ping_status":"closed","sticky":false,"template":"","format":"standard","meta":{"_acf_changed":false,"footnotes":""},"categories":[1738,1743],"tags":[2846],"post_sectags":[],"post_format":[2486],"class_list":["post-71835","post","type-post","status-publish","format-standard","has-post-thumbnail","hentry","category-notizie","category-sport-it","tag-as-monaco-it-2","format-servizio"],"acf":[],"yoast_head":"<!-- This site is optimized with the Yoast SEO Premium plugin v26.8 (Yoast SEO v27.5) - https:\/\/yoast.com\/product\/yoast-seo-premium-wordpress\/ -->\n<title>Pareggio dell&#039;AS Monaco contro il Lille per il compleanno del Principe Alberto II<\/title>\n<meta name=\"description\" content=\"Domenica sera, allo stadio Louis II, l&#039;incontro tra il Monaco e il Lille si \u00e8 concluso in pareggio (0-0) sotto lo sguardo attento del Principe Alberto II,\" \/>\n<meta name=\"robots\" content=\"index, follow, max-snippet:-1, max-image-preview:large, max-video-preview:-1\" \/>\n<link rel=\"canonical\" href=\"https:\/\/www.monaco-tribune.com\/it\/2021\/03\/pareggio-dellas-monaco-contro-il-lille-per-il-compleanno-del-principe-alberto-ii\/\" \/>\n<meta property=\"og:locale\" content=\"it_IT\" \/>\n<meta property=\"og:type\" content=\"article\" \/>\n<meta property=\"og:title\" content=\"Pareggio dell&#039;AS Monaco contro il Lille per il compleanno del Principe Alberto II - Monaco Tribune\" \/>\n<meta property=\"og:description\" content=\"Domenica sera, allo stadio Louis II, l&#039;incontro tra il Monaco e il Lille si \u00e8 concluso in pareggio (0-0) sotto lo sguardo attento del Principe Alberto II,\" \/>\n<meta property=\"og:url\" content=\"https:\/\/www.monaco-tribune.com\/it\/2021\/03\/pareggio-dellas-monaco-contro-il-lille-per-il-compleanno-del-principe-alberto-ii\/\" \/>\n<meta property=\"og:site_name\" content=\"Monaco Tribune\" \/>\n<meta property=\"article:publisher\" content=\"https:\/\/www.facebook.com\/MonacoTribune\" \/>\n<meta property=\"article:published_time\" content=\"2021-03-15T10:53:17+00:00\" \/>\n<meta property=\"article:modified_time\" content=\"2021-03-15T10:57:54+00:00\" \/>\n<meta property=\"og:image\" content=\"https:\/\/www.monaco-tribune.com\/wp-content\/uploads\/2021\/03\/asm-lille-1789.jpeg\" \/>\n\t<meta property=\"og:image:width\" content=\"1160\" \/>\n\t<meta property=\"og:image:height\" content=\"650\" \/>\n\t<meta property=\"og:image:type\" content=\"image\/jpeg\" \/>\n<meta name=\"author\" content=\"Romain Boisaubert\" \/>\n<meta name=\"twitter:card\" content=\"summary_large_image\" \/>\n<meta name=\"twitter:creator\" content=\"@MonacoTribune\" \/>\n<meta name=\"twitter:site\" content=\"@MonacoTribune\" \/>\n<script type=\"application\/ld+json\" class=\"yoast-schema-graph\">{\"@context\":\"https:\\\/\\\/schema.org\",\"@graph\":[{\"@type\":\"NewsArticle\",\"@id\":\"https:\\\/\\\/www.monaco-tribune.com\\\/it\\\/2021\\\/03\\\/pareggio-dellas-monaco-contro-il-lille-per-il-compleanno-del-principe-alberto-ii\\\/#article\",\"isPartOf\":{\"@id\":\"https:\\\/\\\/www.monaco-tribune.com\\\/it\\\/2021\\\/03\\\/pareggio-dellas-monaco-contro-il-lille-per-il-compleanno-del-principe-alberto-ii\\\/\"},\"author\":{\"name\":\"Romain Boisaubert\",\"@id\":\"https:\\\/\\\/www.monaco-tribune.com\\\/it\\\/#\\\/schema\\\/person\\\/330a3732947cf8cb41b2533a0eadd62e\"},\"headline\":\"Pareggio dell&#8217;AS Monaco contro il Lille per il compleanno del Principe Alberto II\",\"datePublished\":\"2021-03-15T10:53:17+00:00\",\"dateModified\":\"2021-03-15T10:57:54+00:00\",\"mainEntityOfPage\":{\"@id\":\"https:\\\/\\\/www.monaco-tribune.com\\\/it\\\/2021\\\/03\\\/pareggio-dellas-monaco-contro-il-lille-per-il-compleanno-del-principe-alberto-ii\\\/\"},\"wordCount\":417,\"publisher\":{\"@id\":\"https:\\\/\\\/www.monaco-tribune.com\\\/it\\\/#organization\"},\"image\":{\"@id\":\"https:\\\/\\\/www.monaco-tribune.com\\\/it\\\/2021\\\/03\\\/pareggio-dellas-monaco-contro-il-lille-per-il-compleanno-del-principe-alberto-ii\\\/#primaryimage\"},\"thumbnailUrl\":\"https:\\\/\\\/www.monaco-tribune.com\\\/wp-content\\\/uploads\\\/2021\\\/03\\\/asm-lille-1789.jpeg\",\"keywords\":[\"AS Monaco\"],\"articleSection\":[\"Notizie\",\"Sport\"],\"inLanguage\":\"it-IT\",\"copyrightYear\":\"2021\",\"copyrightHolder\":{\"@id\":\"https:\\\/\\\/www.monaco-tribune.com\\\/#organization\"}},{\"@type\":\"WebPage\",\"@id\":\"https:\\\/\\\/www.monaco-tribune.com\\\/it\\\/2021\\\/03\\\/pareggio-dellas-monaco-contro-il-lille-per-il-compleanno-del-principe-alberto-ii\\\/\",\"url\":\"https:\\\/\\\/www.monaco-tribune.com\\\/it\\\/2021\\\/03\\\/pareggio-dellas-monaco-contro-il-lille-per-il-compleanno-del-principe-alberto-ii\\\/\",\"name\":\"Pareggio dell'AS Monaco contro il Lille per il compleanno del Principe Alberto II\",\"isPartOf\":{\"@id\":\"https:\\\/\\\/www.monaco-tribune.com\\\/it\\\/#website\"},\"primaryImageOfPage\":{\"@id\":\"https:\\\/\\\/www.monaco-tribune.com\\\/it\\\/2021\\\/03\\\/pareggio-dellas-monaco-contro-il-lille-per-il-compleanno-del-principe-alberto-ii\\\/#primaryimage\"},\"image\":{\"@id\":\"https:\\\/\\\/www.monaco-tribune.com\\\/it\\\/2021\\\/03\\\/pareggio-dellas-monaco-contro-il-lille-per-il-compleanno-del-principe-alberto-ii\\\/#primaryimage\"},\"thumbnailUrl\":\"https:\\\/\\\/www.monaco-tribune.com\\\/wp-content\\\/uploads\\\/2021\\\/03\\\/asm-lille-1789.jpeg\",\"datePublished\":\"2021-03-15T10:53:17+00:00\",\"dateModified\":\"2021-03-15T10:57:54+00:00\",\"description\":\"Domenica sera, allo stadio Louis II, l'incontro tra il Monaco e il Lille si \u00e8 concluso in pareggio (0-0) sotto lo sguardo attento del Principe Alberto II,\",\"breadcrumb\":{\"@id\":\"https:\\\/\\\/www.monaco-tribune.com\\\/it\\\/2021\\\/03\\\/pareggio-dellas-monaco-contro-il-lille-per-il-compleanno-del-principe-alberto-ii\\\/#breadcrumb\"},\"inLanguage\":\"it-IT\",\"potentialAction\":[{\"@type\":\"ReadAction\",\"target\":[\"https:\\\/\\\/www.monaco-tribune.com\\\/it\\\/2021\\\/03\\\/pareggio-dellas-monaco-contro-il-lille-per-il-compleanno-del-principe-alberto-ii\\\/\"]}]},{\"@type\":\"ImageObject\",\"inLanguage\":\"it-IT\",\"@id\":\"https:\\\/\\\/www.monaco-tribune.com\\\/it\\\/2021\\\/03\\\/pareggio-dellas-monaco-contro-il-lille-per-il-compleanno-del-principe-alberto-ii\\\/#primaryimage\",\"url\":\"https:\\\/\\\/www.monaco-tribune.com\\\/wp-content\\\/uploads\\\/2021\\\/03\\\/asm-lille-1789.jpeg\",\"contentUrl\":\"https:\\\/\\\/www.monaco-tribune.com\\\/wp-content\\\/uploads\\\/2021\\\/03\\\/asm-lille-1789.jpeg\",\"width\":1160,\"height\":650,\"caption\":\"AS Monaco\"},{\"@type\":\"BreadcrumbList\",\"@id\":\"https:\\\/\\\/www.monaco-tribune.com\\\/it\\\/2021\\\/03\\\/pareggio-dellas-monaco-contro-il-lille-per-il-compleanno-del-principe-alberto-ii\\\/#breadcrumb\",\"itemListElement\":[{\"@type\":\"ListItem\",\"position\":1,\"name\":\"Accueil\",\"item\":\"https:\\\/\\\/www.monaco-tribune.com\\\/it\\\/\"},{\"@type\":\"ListItem\",\"position\":2,\"name\":\"Pareggio dell&rsquo;AS Monaco contro il Lille per il compleanno del Principe Alberto II\"}]},{\"@type\":\"WebSite\",\"@id\":\"https:\\\/\\\/www.monaco-tribune.com\\\/it\\\/#website\",\"url\":\"https:\\\/\\\/www.monaco-tribune.com\\\/it\\\/\",\"name\":\"Monaco Tribune\",\"description\":\"Monaco : actualit\u00e9s \u00e9conomiques, politiques, culturelles et sportives de Monaco et de la French Riviera.\",\"publisher\":{\"@id\":\"https:\\\/\\\/www.monaco-tribune.com\\\/it\\\/#organization\"},\"potentialAction\":[{\"@type\":\"SearchAction\",\"target\":{\"@type\":\"EntryPoint\",\"urlTemplate\":\"https:\\\/\\\/www.monaco-tribune.com\\\/it\\\/?s={search_term_string}\"},\"query-input\":{\"@type\":\"PropertyValueSpecification\",\"valueRequired\":true,\"valueName\":\"search_term_string\"}}],\"inLanguage\":\"it-IT\"},{\"@type\":\"Organization\",\"@id\":\"https:\\\/\\\/www.monaco-tribune.com\\\/it\\\/#organization\",\"name\":\"Monaco Tribune\",\"url\":\"https:\\\/\\\/www.monaco-tribune.com\\\/it\\\/\",\"logo\":{\"@type\":\"ImageObject\",\"inLanguage\":\"it-IT\",\"@id\":\"https:\\\/\\\/www.monaco-tribune.com\\\/it\\\/#\\\/schema\\\/logo\\\/image\\\/\",\"url\":\"https:\\\/\\\/www.monaco-tribune.com\\\/wp-content\\\/uploads\\\/2022\\\/11\\\/logo-monaco-tribune.png\",\"contentUrl\":\"https:\\\/\\\/www.monaco-tribune.com\\\/wp-content\\\/uploads\\\/2022\\\/11\\\/logo-monaco-tribune.png\",\"width\":1548,\"height\":600,\"caption\":\"Monaco Tribune\"},\"image\":{\"@id\":\"https:\\\/\\\/www.monaco-tribune.com\\\/it\\\/#\\\/schema\\\/logo\\\/image\\\/\"},\"sameAs\":[\"https:\\\/\\\/www.facebook.com\\\/MonacoTribune\",\"https:\\\/\\\/x.com\\\/MonacoTribune\",\"https:\\\/\\\/www.instagram.com\\\/monacotribune\\\/\",\"https:\\\/\\\/www.linkedin.com\\\/company\\\/monaco-tribune\",\"https:\\\/\\\/www.youtube.com\\\/channel\\\/UCHle1MnG6hw1y4lWKijVbMA\"]},{\"@type\":\"Person\",\"@id\":\"https:\\\/\\\/www.monaco-tribune.com\\\/it\\\/#\\\/schema\\\/person\\\/330a3732947cf8cb41b2533a0eadd62e\",\"name\":\"Romain Boisaubert\",\"image\":{\"@type\":\"ImageObject\",\"inLanguage\":\"it-IT\",\"@id\":\"https:\\\/\\\/secure.gravatar.com\\\/avatar\\\/f8b90d41f1eabd1cbe4cf59e09d8db41a697d51919bf2dfe727589a24a4a4d54?s=96&d=mm&r=g\",\"url\":\"https:\\\/\\\/secure.gravatar.com\\\/avatar\\\/f8b90d41f1eabd1cbe4cf59e09d8db41a697d51919bf2dfe727589a24a4a4d54?s=96&d=mm&r=g\",\"contentUrl\":\"https:\\\/\\\/secure.gravatar.com\\\/avatar\\\/f8b90d41f1eabd1cbe4cf59e09d8db41a697d51919bf2dfe727589a24a4a4d54?s=96&d=mm&r=g\",\"caption\":\"Romain Boisaubert\"},\"description\":\"Test bio\",\"url\":\"https:\\\/\\\/www.monaco-tribune.com\\\/it\\\/author\\\/romain-boisaubert\\\/\"}]}<\/script>\n<!-- \/ Yoast SEO Premium plugin. -->","yoast_head_json":{"title":"Pareggio dell'AS Monaco contro il Lille per il compleanno del Principe Alberto II","description":"Domenica sera, allo stadio Louis II, l'incontro tra il Monaco e il Lille si \u00e8 concluso in pareggio (0-0) sotto lo sguardo attento del Principe Alberto II,","robots":{"index":"index","follow":"follow","max-snippet":"max-snippet:-1","max-image-preview":"max-image-preview:large","max-video-preview":"max-video-preview:-1"},"canonical":"https:\/\/www.monaco-tribune.com\/it\/2021\/03\/pareggio-dellas-monaco-contro-il-lille-per-il-compleanno-del-principe-alberto-ii\/","og_locale":"it_IT","og_type":"article","og_title":"Pareggio dell'AS Monaco contro il Lille per il compleanno del Principe Alberto II - Monaco Tribune","og_description":"Domenica sera, allo stadio Louis II, l'incontro tra il Monaco e il Lille si \u00e8 concluso in pareggio (0-0) sotto lo sguardo attento del Principe Alberto II,","og_url":"https:\/\/www.monaco-tribune.com\/it\/2021\/03\/pareggio-dellas-monaco-contro-il-lille-per-il-compleanno-del-principe-alberto-ii\/","og_site_name":"Monaco Tribune","article_publisher":"https:\/\/www.facebook.com\/MonacoTribune","article_published_time":"2021-03-15T10:53:17+00:00","article_modified_time":"2021-03-15T10:57:54+00:00","og_image":[{"width":1160,"height":650,"url":"https:\/\/www.monaco-tribune.com\/wp-content\/uploads\/2021\/03\/asm-lille-1789.jpeg","type":"image\/jpeg"}],"author":"Romain Boisaubert","twitter_card":"summary_large_image","twitter_creator":"@MonacoTribune","twitter_site":"@MonacoTribune","schema":{"@context":"https:\/\/schema.org","@graph":[{"@type":"NewsArticle","@id":"https:\/\/www.monaco-tribune.com\/it\/2021\/03\/pareggio-dellas-monaco-contro-il-lille-per-il-compleanno-del-principe-alberto-ii\/#article","isPartOf":{"@id":"https:\/\/www.monaco-tribune.com\/it\/2021\/03\/pareggio-dellas-monaco-contro-il-lille-per-il-compleanno-del-principe-alberto-ii\/"},"author":{"name":"Romain Boisaubert","@id":"https:\/\/www.monaco-tribune.com\/it\/#\/schema\/person\/330a3732947cf8cb41b2533a0eadd62e"},"headline":"Pareggio dell&#8217;AS Monaco contro il Lille per il compleanno del Principe Alberto II","datePublished":"2021-03-15T10:53:17+00:00","dateModified":"2021-03-15T10:57:54+00:00","mainEntityOfPage":{"@id":"https:\/\/www.monaco-tribune.com\/it\/2021\/03\/pareggio-dellas-monaco-contro-il-lille-per-il-compleanno-del-principe-alberto-ii\/"},"wordCount":417,"publisher":{"@id":"https:\/\/www.monaco-tribune.com\/it\/#organization"},"image":{"@id":"https:\/\/www.monaco-tribune.com\/it\/2021\/03\/pareggio-dellas-monaco-contro-il-lille-per-il-compleanno-del-principe-alberto-ii\/#primaryimage"},"thumbnailUrl":"https:\/\/www.monaco-tribune.com\/wp-content\/uploads\/2021\/03\/asm-lille-1789.jpeg","keywords":["AS Monaco"],"articleSection":["Notizie","Sport"],"inLanguage":"it-IT","copyrightYear":"2021","copyrightHolder":{"@id":"https:\/\/www.monaco-tribune.com\/#organization"}},{"@type":"WebPage","@id":"https:\/\/www.monaco-tribune.com\/it\/2021\/03\/pareggio-dellas-monaco-contro-il-lille-per-il-compleanno-del-principe-alberto-ii\/","url":"https:\/\/www.monaco-tribune.com\/it\/2021\/03\/pareggio-dellas-monaco-contro-il-lille-per-il-compleanno-del-principe-alberto-ii\/","name":"Pareggio dell'AS Monaco contro il Lille per il compleanno del Principe Alberto II","isPartOf":{"@id":"https:\/\/www.monaco-tribune.com\/it\/#website"},"primaryImageOfPage":{"@id":"https:\/\/www.monaco-tribune.com\/it\/2021\/03\/pareggio-dellas-monaco-contro-il-lille-per-il-compleanno-del-principe-alberto-ii\/#primaryimage"},"image":{"@id":"https:\/\/www.monaco-tribune.com\/it\/2021\/03\/pareggio-dellas-monaco-contro-il-lille-per-il-compleanno-del-principe-alberto-ii\/#primaryimage"},"thumbnailUrl":"https:\/\/www.monaco-tribune.com\/wp-content\/uploads\/2021\/03\/asm-lille-1789.jpeg","datePublished":"2021-03-15T10:53:17+00:00","dateModified":"2021-03-15T10:57:54+00:00","description":"Domenica sera, allo stadio Louis II, l'incontro tra il Monaco e il Lille si \u00e8 concluso in pareggio (0-0) sotto lo sguardo attento del Principe Alberto II,","breadcrumb":{"@id":"https:\/\/www.monaco-tribune.com\/it\/2021\/03\/pareggio-dellas-monaco-contro-il-lille-per-il-compleanno-del-principe-alberto-ii\/#breadcrumb"},"inLanguage":"it-IT","potentialAction":[{"@type":"ReadAction","target":["https:\/\/www.monaco-tribune.com\/it\/2021\/03\/pareggio-dellas-monaco-contro-il-lille-per-il-compleanno-del-principe-alberto-ii\/"]}]},{"@type":"ImageObject","inLanguage":"it-IT","@id":"https:\/\/www.monaco-tribune.com\/it\/2021\/03\/pareggio-dellas-monaco-contro-il-lille-per-il-compleanno-del-principe-alberto-ii\/#primaryimage","url":"https:\/\/www.monaco-tribune.com\/wp-content\/uploads\/2021\/03\/asm-lille-1789.jpeg","contentUrl":"https:\/\/www.monaco-tribune.com\/wp-content\/uploads\/2021\/03\/asm-lille-1789.jpeg","width":1160,"height":650,"caption":"AS Monaco"},{"@type":"BreadcrumbList","@id":"https:\/\/www.monaco-tribune.com\/it\/2021\/03\/pareggio-dellas-monaco-contro-il-lille-per-il-compleanno-del-principe-alberto-ii\/#breadcrumb","itemListElement":[{"@type":"ListItem","position":1,"name":"Accueil","item":"https:\/\/www.monaco-tribune.com\/it\/"},{"@type":"ListItem","position":2,"name":"Pareggio dell&rsquo;AS Monaco contro il Lille per il compleanno del Principe Alberto II"}]},{"@type":"WebSite","@id":"https:\/\/www.monaco-tribune.com\/it\/#website","url":"https:\/\/www.monaco-tribune.com\/it\/","name":"Monaco Tribune","description":"Monaco : actualit\u00e9s \u00e9conomiques, politiques, culturelles et sportives de Monaco et de la French Riviera.","publisher":{"@id":"https:\/\/www.monaco-tribune.com\/it\/#organization"},"potentialAction":[{"@type":"SearchAction","target":{"@type":"EntryPoint","urlTemplate":"https:\/\/www.monaco-tribune.com\/it\/?s={search_term_string}"},"query-input":{"@type":"PropertyValueSpecification","valueRequired":true,"valueName":"search_term_string"}}],"inLanguage":"it-IT"},{"@type":"Organization","@id":"https:\/\/www.monaco-tribune.com\/it\/#organization","name":"Monaco Tribune","url":"https:\/\/www.monaco-tribune.com\/it\/","logo":{"@type":"ImageObject","inLanguage":"it-IT","@id":"https:\/\/www.monaco-tribune.com\/it\/#\/schema\/logo\/image\/","url":"https:\/\/www.monaco-tribune.com\/wp-content\/uploads\/2022\/11\/logo-monaco-tribune.png","contentUrl":"https:\/\/www.monaco-tribune.com\/wp-content\/uploads\/2022\/11\/logo-monaco-tribune.png","width":1548,"height":600,"caption":"Monaco Tribune"},"image":{"@id":"https:\/\/www.monaco-tribune.com\/it\/#\/schema\/logo\/image\/"},"sameAs":["https:\/\/www.facebook.com\/MonacoTribune","https:\/\/x.com\/MonacoTribune","https:\/\/www.instagram.com\/monacotribune\/","https:\/\/www.linkedin.com\/company\/monaco-tribune","https:\/\/www.youtube.com\/channel\/UCHle1MnG6hw1y4lWKijVbMA"]},{"@type":"Person","@id":"https:\/\/www.monaco-tribune.com\/it\/#\/schema\/person\/330a3732947cf8cb41b2533a0eadd62e","name":"Romain Boisaubert","image":{"@type":"ImageObject","inLanguage":"it-IT","@id":"https:\/\/secure.gravatar.com\/avatar\/f8b90d41f1eabd1cbe4cf59e09d8db41a697d51919bf2dfe727589a24a4a4d54?s=96&d=mm&r=g","url":"https:\/\/secure.gravatar.com\/avatar\/f8b90d41f1eabd1cbe4cf59e09d8db41a697d51919bf2dfe727589a24a4a4d54?s=96&d=mm&r=g","contentUrl":"https:\/\/secure.gravatar.com\/avatar\/f8b90d41f1eabd1cbe4cf59e09d8db41a697d51919bf2dfe727589a24a4a4d54?s=96&d=mm&r=g","caption":"Romain Boisaubert"},"description":"Test bio","url":"https:\/\/www.monaco-tribune.com\/it\/author\/romain-boisaubert\/"}]}},"_links":{"self":[{"href":"https:\/\/www.monaco-tribune.com\/it\/wp-json\/wp\/v2\/posts\/71835","targetHints":{"allow":["GET"]}}],"collection":[{"href":"https:\/\/www.monaco-tribune.com\/it\/wp-json\/wp\/v2\/posts"}],"about":[{"href":"https:\/\/www.monaco-tribune.com\/it\/wp-json\/wp\/v2\/types\/post"}],"author":[{"embeddable":true,"href":"https:\/\/www.monaco-tribune.com\/it\/wp-json\/wp\/v2\/users\/24"}],"replies":[{"embeddable":true,"href":"https:\/\/www.monaco-tribune.com\/it\/wp-json\/wp\/v2\/comments?post=71835"}],"version-history":[{"count":0,"href":"https:\/\/www.monaco-tribune.com\/it\/wp-json\/wp\/v2\/posts\/71835\/revisions"}],"wp:featuredmedia":[{"embeddable":true,"href":"https:\/\/www.monaco-tribune.com\/it\/wp-json\/wp\/v2\/media\/71798"}],"wp:attachment":[{"href":"https:\/\/www.monaco-tribune.com\/it\/wp-json\/wp\/v2\/media?parent=71835"}],"wp:term":[{"taxonomy":"category","embeddable":true,"href":"https:\/\/www.monaco-tribune.com\/it\/wp-json\/wp\/v2\/categories?post=71835"},{"taxonomy":"post_tag","embeddable":true,"href":"https:\/\/www.monaco-tribune.com\/it\/wp-json\/wp\/v2\/tags?post=71835"},{"taxonomy":"sectag","embeddable":true,"href":"https:\/\/www.monaco-tribune.com\/it\/wp-json\/wp\/v2\/post_sectags?post=71835"},{"taxonomy":"format","embeddable":true,"href":"https:\/\/www.monaco-tribune.com\/it\/wp-json\/wp\/v2\/post_format?post=71835"}],"curies":[{"name":"wp","href":"https:\/\/api.w.org\/{rel}","templated":true}]}}