{"id":72234,"date":"2021-03-17T18:30:11","date_gmt":"2021-03-17T17:30:11","guid":{"rendered":"https:\/\/www.monaco-tribune.com\/2021\/03\/julia-simon-moraly-la-solidarieta-a-monaco-diventa-digitale\/"},"modified":"2021-03-17T18:30:20","modified_gmt":"2021-03-17T17:30:20","slug":"julia-simon-moraly-la-solidarieta-a-monaco-diventa-digitale","status":"publish","type":"post","link":"https:\/\/www.monaco-tribune.com\/it\/2021\/03\/julia-simon-moraly-la-solidarieta-a-monaco-diventa-digitale\/","title":{"rendered":"Julia Simon Moraly. La solidariet\u00e0 a Monaco diventa digitale"},"content":{"rendered":"\n<p><strong>Combattere l&#8217;isolamento nel Principato. \u00c8 stata questa la sfida accolta dalla trentenne Julia Simon Moraly all&#8217;inizio della crisi sanitaria, che l&#8217;ha spinta a portare online la vita di quartiere. Con 5.000 residenti iscritti, il suo gruppo Facebook \u00e8 diventato un punto di riferimento imprescindibile, dove scambiare servizi e consigli!<\/strong><\/p>\n\n<p>Julia Simon Moraly, 37 anni, non \u00e8 mai stata una grande fan di Facebook, fino a quando, a marzo 2020, non arriva il coronavirus nel Principato, costringendo Monaco a un lockdown senza precedenti. &#8220;Una situazione angosciante&#8221;, ricorda la trentenne madre di un bambino: &#8220;All&#8217;improvviso mi sono sentita isolata&#8221;. Il suo carattere profondamente estroverso l&#8217;ha spinta, fin dalle prime settimane, a creare un gruppo social dedicato alla solidariet\u00e0 tra abitanti.<\/p>\n\n<h2 class=\"wp-block-heading\" id=\"h-un-riche-condens-d-informations-pratiques\">Una preziosa raccolta di informazioni pratiche<\/h2>\n\n<p>Se in un primo momento, lo scopo della pagina era quello di aiutarsi tra amici, il progetto viene subito accolto da diversi volontari, desiderosi di aiutare i propri vicini. &#8220;Un effetto a catena!&#8221;, racconta Julia Simon Moraly, felice che il suo gruppo Facebook abbia ormai raggiunto i 5.000 iscritti. &#8220;Non avrei mai immaginato che la comunit\u00e0 potesse essere cos\u00ec entusiasta!&#8221;. Il gruppo, infatti, \u00e8 molto attivo, e ogni giorno viene arricchito da informazioni ufficiali e pratiche.<\/p>\n\n<p>Vigilanza, condivisione di contenuti e moderazione: &#8220;attivit\u00e0 che richiedono tempo ma che sono necessarie&#8221;, ricorda Julia Simon Moraly che dedica anche quattro ore al giorno alla gestione della pagina! Di recente, alcuni eccessi l&#8217;hanno costretta a bloccare degli iscritti e a porre fine ad alcuni abusi. &#8220;Parole inappropriate&#8221;, si rammarica la fondatrice del gruppo, determinata a preservare lo spirito di cortesia e solidariet\u00e0 della pagina.<\/p>\n\n<p><strong>&gt;&gt; LEGGI ANCHE: <\/strong><a href=\"https:\/\/www.monaco-tribune.com\/it\/2020\/04\/quarantena-e-vita-quotidiana-come-stanno-affrontando-questa-situazione-i-monegaschi\/\">Quarantena e vita quotidiana: come stanno affrontando questa situazione i monegaschi?<\/a><\/p>\n\n<blockquote class=\"wp-block-quote is-layout-flow wp-block-quote-is-layout-flow\"><p>Sono cresciuta con un modello di donna iperattiva<\/p><\/blockquote>\n\n<h2 class=\"wp-block-heading\" id=\"h-une-hyperactive-au-grand-c-ur\">Una donna &#8220;iperattiva&#8221; dal cuore grande<\/h2>\n\n<p>Empatia e intraprendenza sono i valori che hanno accompagnato l&#8217;infanzia della trentenne parigina dal cuore grande, trasferitasi a Monaco nel 2007. &#8220;Il mio modello famigliare \u00e8 quello della donna iperattiva, previdente, che fa i salti mortali&#8221;, per far fronte alle avversit\u00e0 l&#8217;interior designer trae ispirazione dalla nonna, una donna dal carattere generoso ed esemplare.<\/p>\n\n<p>Quando a marzo 2020, la pandemia ha colpito Monaco, i progetti professionali di Julia Simon Moraly sono stati bruscamente interrotti e la sua &#8220;vita a 100 all&#8217;ora&#8221; si \u00e8 fermata all&#8217;improvviso. Un periodo d&#8217;incertezza che \u00e8 riuscita a sfruttare grazie alla sua voglia di aiutare gli altri. &#8220;Ho bisogno di rendermi utile: se non sono occupata, appassisco&#8221;.<\/p>\n\n<blockquote class=\"wp-block-quote is-layout-flow wp-block-quote-is-layout-flow\"><p>Questo gruppo \u00e8 stato un ottimo modo per ricordare che possiamo mostrarci solidali e aiutare gli altri anche a distanza<\/p><\/blockquote>\n\n<h2 class=\"wp-block-heading\" id=\"h-des-relations-de-voisinage-digitalis-es\">Un rapporto di vicinato digitale<\/h2>\n\n<p>Ricreando la vita di quartiere monegasca sui social network, Julia Simon Moraly lotta contro l&#8217;isolamento dei residenti, mettendo in contatto gli abitanti dalle personalit\u00e0 pi\u00f9 disparate che, al di l\u00e0 dello schermo dello smartphone, non si sarebbero neanche rivolti la parola. &#8220;Anche se il Principato \u00e8 spesso paragonato a un paese, Monaco funziona per cerchie di frequentazione e queste reti spesso non si intrecciano mai&#8221;, spiega. &#8220;Questo gruppo \u00e8 stato un ottimo modo per ricordare che possiamo mostrarci solidali e aiutare gli altri anche a distanza&#8221;.<\/p>\n\n<p>&#8220;Durante il lockdown, diversi volontari del gruppo hanno aiutato un&#8217;ottantenne a fare la spesa e hanno riparato la persiana rotta di un appartamento&#8221;. Una sera, Julia Simon Moraly ha persino ricevuto una richiesta di aiuto che l&#8217;ha lasciata senza parole: un abitante di Monaco cercava disperatamente un modo per raggiungere l&#8217;ospedale Timone a Marsiglia per sottoporsi alla chemio la mattina seguente. &#8220;Ho ancora la pelle d&#8217;oca&#8221;, ricorda Julia Simon Moraly, preoccupata di non riuscire a trovare una soluzione. &#8220;Nel giro di un&#8217;ora, i Taxi di Monaco che seguono il mio gruppo Facebook si sono subito mobilitati e sono riusciti a organizzare un viaggio di andata e ritorno gratuito&#8221;.<\/p>\n\n<h2 class=\"wp-block-heading\" id=\"h-dans-l-espoir-d-un-v-nement-post-covid\">La speranza di un evento post-Covid<\/h2>\n\n<p>Oggetti ritrovati, annunci, ottimi affari o ancora ricerca di lavoro. Dopo il lockdown, il gruppo Facebook di Julia Simon Moraly si \u00e8 piano piano evoluto, adattandosi progressivamente alle esigenze della vita quotidiana dei monegaschi. Il fatto che oggi sia ancora attivo spinge la fondatrice a immaginare un evento post-Covid, questa volta di presenza, non appena la pandemia sar\u00e0 solo un ricordo: &#8220;un aperitivo, magari!&#8221;<\/p>\n\n<p>Date un&#8217;occhiata al gruppo Facebook <strong><a href=\"https:\/\/www.facebook.com\/groups\/2576059662632544\">Aide et solidarit\u00e9 entre les r\u00e9sidents de Monaco<\/a><\/strong>.<\/p>\n","protected":false},"excerpt":{"rendered":"<p>Combattere l&#8217;isolamento nel Principato. \u00c8 stata questa la sfida accolta dalla trentenne Julia Simon Moraly all&#8217;inizio della crisi sanitaria, che [&hellip;]<\/p>\n","protected":false},"author":50,"featured_media":72049,"comment_status":"closed","ping_status":"closed","sticky":false,"template":"","format":"standard","meta":{"_acf_changed":false,"footnotes":""},"categories":[1826,1738,1752],"tags":[2886],"post_sectags":[],"post_format":[2480],"class_list":["post-72234","post","type-post","status-publish","format-standard","has-post-thumbnail","hentry","category-la-nostra-scelta","category-notizie","category-societa","tag-covid-19-it","format-profilo"],"acf":[],"yoast_head":"<!-- This site is optimized with the Yoast SEO Premium plugin v27.5 (Yoast SEO v27.5) - https:\/\/yoast.com\/product\/yoast-seo-premium-wordpress\/ -->\n<title>Julia Simon Moraly. La solidariet\u00e0 a Monaco diventa digitale<\/title>\n<meta name=\"description\" content=\"Combattere l&#039;isolamento nel Principato. \u00c8 stata questa la sfida accolta dalla trentenne Julia Simon Moraly all&#039;inizio della crisi sanitaria, che l&#039;ha\" \/>\n<meta name=\"robots\" content=\"index, follow, max-snippet:-1, max-image-preview:large, max-video-preview:-1\" \/>\n<link rel=\"canonical\" href=\"https:\/\/www.monaco-tribune.com\/it\/2021\/03\/julia-simon-moraly-la-solidarieta-a-monaco-diventa-digitale\/\" \/>\n<meta property=\"og:locale\" content=\"it_IT\" \/>\n<meta property=\"og:type\" content=\"article\" \/>\n<meta property=\"og:title\" content=\"Julia Simon Moraly. La solidariet\u00e0 a Monaco diventa digitale - Monaco Tribune\" \/>\n<meta property=\"og:description\" content=\"Combattere l&#039;isolamento nel Principato. \u00c8 stata questa la sfida accolta dalla trentenne Julia Simon Moraly all&#039;inizio della crisi sanitaria, che l&#039;ha\" \/>\n<meta property=\"og:url\" content=\"https:\/\/www.monaco-tribune.com\/it\/2021\/03\/julia-simon-moraly-la-solidarieta-a-monaco-diventa-digitale\/\" \/>\n<meta property=\"og:site_name\" content=\"Monaco Tribune\" \/>\n<meta property=\"article:publisher\" content=\"https:\/\/www.facebook.com\/MonacoTribune\" \/>\n<meta property=\"article:published_time\" content=\"2021-03-17T17:30:11+00:00\" \/>\n<meta property=\"article:modified_time\" content=\"2021-03-17T17:30:20+00:00\" \/>\n<meta property=\"og:image\" content=\"https:\/\/www.monaco-tribune.com\/wp-content\/uploads\/2021\/03\/photo-julia-simon-moraly-portrait-1-1.jpg\" \/>\n\t<meta property=\"og:image:width\" content=\"1200\" \/>\n\t<meta property=\"og:image:height\" content=\"636\" \/>\n\t<meta property=\"og:image:type\" content=\"image\/jpeg\" \/>\n<meta name=\"author\" content=\"Aliz\u00e9e Mosconi\" \/>\n<meta name=\"twitter:card\" content=\"summary_large_image\" \/>\n<meta name=\"twitter:creator\" content=\"@MonacoTribune\" \/>\n<meta name=\"twitter:site\" content=\"@MonacoTribune\" \/>\n<script type=\"application\/ld+json\" class=\"yoast-schema-graph\">{\"@context\":\"https:\\\/\\\/schema.org\",\"@graph\":[{\"@type\":\"NewsArticle\",\"@id\":\"https:\\\/\\\/www.monaco-tribune.com\\\/it\\\/2021\\\/03\\\/julia-simon-moraly-la-solidarieta-a-monaco-diventa-digitale\\\/#article\",\"isPartOf\":{\"@id\":\"https:\\\/\\\/www.monaco-tribune.com\\\/it\\\/2021\\\/03\\\/julia-simon-moraly-la-solidarieta-a-monaco-diventa-digitale\\\/\"},\"author\":{\"name\":\"Aliz\u00e9e Mosconi\",\"@id\":\"https:\\\/\\\/www.monaco-tribune.com\\\/it\\\/#\\\/schema\\\/person\\\/bb7eedbeede1d20ce8d51e52bde2c1e8\"},\"headline\":\"Julia Simon Moraly. La solidariet\u00e0 a Monaco diventa digitale\",\"datePublished\":\"2021-03-17T17:30:11+00:00\",\"dateModified\":\"2021-03-17T17:30:20+00:00\",\"mainEntityOfPage\":{\"@id\":\"https:\\\/\\\/www.monaco-tribune.com\\\/it\\\/2021\\\/03\\\/julia-simon-moraly-la-solidarieta-a-monaco-diventa-digitale\\\/\"},\"wordCount\":717,\"publisher\":{\"@id\":\"https:\\\/\\\/www.monaco-tribune.com\\\/it\\\/#organization\"},\"image\":{\"@id\":\"https:\\\/\\\/www.monaco-tribune.com\\\/it\\\/2021\\\/03\\\/julia-simon-moraly-la-solidarieta-a-monaco-diventa-digitale\\\/#primaryimage\"},\"thumbnailUrl\":\"https:\\\/\\\/www.monaco-tribune.com\\\/wp-content\\\/uploads\\\/2021\\\/03\\\/photo-julia-simon-moraly-portrait-1-1.jpg\",\"keywords\":[\"Covid-19\"],\"articleSection\":[\"La nostra scelta\",\"Notizie\",\"Societ\u00e0\"],\"inLanguage\":\"it-IT\",\"copyrightYear\":\"2021\",\"copyrightHolder\":{\"@id\":\"https:\\\/\\\/www.monaco-tribune.com\\\/#organization\"}},{\"@type\":\"WebPage\",\"@id\":\"https:\\\/\\\/www.monaco-tribune.com\\\/it\\\/2021\\\/03\\\/julia-simon-moraly-la-solidarieta-a-monaco-diventa-digitale\\\/\",\"url\":\"https:\\\/\\\/www.monaco-tribune.com\\\/it\\\/2021\\\/03\\\/julia-simon-moraly-la-solidarieta-a-monaco-diventa-digitale\\\/\",\"name\":\"Julia Simon Moraly. La solidariet\u00e0 a Monaco diventa digitale\",\"isPartOf\":{\"@id\":\"https:\\\/\\\/www.monaco-tribune.com\\\/it\\\/#website\"},\"primaryImageOfPage\":{\"@id\":\"https:\\\/\\\/www.monaco-tribune.com\\\/it\\\/2021\\\/03\\\/julia-simon-moraly-la-solidarieta-a-monaco-diventa-digitale\\\/#primaryimage\"},\"image\":{\"@id\":\"https:\\\/\\\/www.monaco-tribune.com\\\/it\\\/2021\\\/03\\\/julia-simon-moraly-la-solidarieta-a-monaco-diventa-digitale\\\/#primaryimage\"},\"thumbnailUrl\":\"https:\\\/\\\/www.monaco-tribune.com\\\/wp-content\\\/uploads\\\/2021\\\/03\\\/photo-julia-simon-moraly-portrait-1-1.jpg\",\"datePublished\":\"2021-03-17T17:30:11+00:00\",\"dateModified\":\"2021-03-17T17:30:20+00:00\",\"description\":\"Combattere l'isolamento nel Principato. \u00c8 stata questa la sfida accolta dalla trentenne Julia Simon Moraly all'inizio della crisi sanitaria, che l'ha\",\"breadcrumb\":{\"@id\":\"https:\\\/\\\/www.monaco-tribune.com\\\/it\\\/2021\\\/03\\\/julia-simon-moraly-la-solidarieta-a-monaco-diventa-digitale\\\/#breadcrumb\"},\"inLanguage\":\"it-IT\",\"potentialAction\":[{\"@type\":\"ReadAction\",\"target\":[\"https:\\\/\\\/www.monaco-tribune.com\\\/it\\\/2021\\\/03\\\/julia-simon-moraly-la-solidarieta-a-monaco-diventa-digitale\\\/\"]}]},{\"@type\":\"ImageObject\",\"inLanguage\":\"it-IT\",\"@id\":\"https:\\\/\\\/www.monaco-tribune.com\\\/it\\\/2021\\\/03\\\/julia-simon-moraly-la-solidarieta-a-monaco-diventa-digitale\\\/#primaryimage\",\"url\":\"https:\\\/\\\/www.monaco-tribune.com\\\/wp-content\\\/uploads\\\/2021\\\/03\\\/photo-julia-simon-moraly-portrait-1-1.jpg\",\"contentUrl\":\"https:\\\/\\\/www.monaco-tribune.com\\\/wp-content\\\/uploads\\\/2021\\\/03\\\/photo-julia-simon-moraly-portrait-1-1.jpg\",\"width\":1200,\"height\":636,\"caption\":\"Aliz\u00e9e Mosconi\"},{\"@type\":\"BreadcrumbList\",\"@id\":\"https:\\\/\\\/www.monaco-tribune.com\\\/it\\\/2021\\\/03\\\/julia-simon-moraly-la-solidarieta-a-monaco-diventa-digitale\\\/#breadcrumb\",\"itemListElement\":[{\"@type\":\"ListItem\",\"position\":1,\"name\":\"Accueil\",\"item\":\"https:\\\/\\\/www.monaco-tribune.com\\\/it\\\/\"},{\"@type\":\"ListItem\",\"position\":2,\"name\":\"Julia Simon Moraly. La solidariet\u00e0 a Monaco diventa digitale\"}]},{\"@type\":\"WebSite\",\"@id\":\"https:\\\/\\\/www.monaco-tribune.com\\\/it\\\/#website\",\"url\":\"https:\\\/\\\/www.monaco-tribune.com\\\/it\\\/\",\"name\":\"Monaco Tribune\",\"description\":\"Monaco : actualit\u00e9s \u00e9conomiques, politiques, culturelles et sportives de Monaco et de la French Riviera.\",\"publisher\":{\"@id\":\"https:\\\/\\\/www.monaco-tribune.com\\\/it\\\/#organization\"},\"potentialAction\":[{\"@type\":\"SearchAction\",\"target\":{\"@type\":\"EntryPoint\",\"urlTemplate\":\"https:\\\/\\\/www.monaco-tribune.com\\\/it\\\/?s={search_term_string}\"},\"query-input\":{\"@type\":\"PropertyValueSpecification\",\"valueRequired\":true,\"valueName\":\"search_term_string\"}}],\"inLanguage\":\"it-IT\"},{\"@type\":\"Organization\",\"@id\":\"https:\\\/\\\/www.monaco-tribune.com\\\/it\\\/#organization\",\"name\":\"Monaco Tribune\",\"url\":\"https:\\\/\\\/www.monaco-tribune.com\\\/it\\\/\",\"logo\":{\"@type\":\"ImageObject\",\"inLanguage\":\"it-IT\",\"@id\":\"https:\\\/\\\/www.monaco-tribune.com\\\/it\\\/#\\\/schema\\\/logo\\\/image\\\/\",\"url\":\"https:\\\/\\\/www.monaco-tribune.com\\\/wp-content\\\/uploads\\\/2022\\\/11\\\/logo-monaco-tribune.png\",\"contentUrl\":\"https:\\\/\\\/www.monaco-tribune.com\\\/wp-content\\\/uploads\\\/2022\\\/11\\\/logo-monaco-tribune.png\",\"width\":1548,\"height\":600,\"caption\":\"Monaco Tribune\"},\"image\":{\"@id\":\"https:\\\/\\\/www.monaco-tribune.com\\\/it\\\/#\\\/schema\\\/logo\\\/image\\\/\"},\"sameAs\":[\"https:\\\/\\\/www.facebook.com\\\/MonacoTribune\",\"https:\\\/\\\/x.com\\\/MonacoTribune\",\"https:\\\/\\\/www.instagram.com\\\/monacotribune\\\/\",\"https:\\\/\\\/www.linkedin.com\\\/company\\\/monaco-tribune\",\"https:\\\/\\\/www.youtube.com\\\/channel\\\/UCHle1MnG6hw1y4lWKijVbMA\"]},{\"@type\":\"Person\",\"@id\":\"https:\\\/\\\/www.monaco-tribune.com\\\/it\\\/#\\\/schema\\\/person\\\/bb7eedbeede1d20ce8d51e52bde2c1e8\",\"name\":\"Aliz\u00e9e Mosconi\",\"image\":{\"@type\":\"ImageObject\",\"inLanguage\":\"it-IT\",\"@id\":\"https:\\\/\\\/secure.gravatar.com\\\/avatar\\\/a01ecf8f75ca312b8db6f53ca7d56a4f7d4dd75acdd7f8605efab1d10294a17f?s=96&d=mm&r=g\",\"url\":\"https:\\\/\\\/secure.gravatar.com\\\/avatar\\\/a01ecf8f75ca312b8db6f53ca7d56a4f7d4dd75acdd7f8605efab1d10294a17f?s=96&d=mm&r=g\",\"contentUrl\":\"https:\\\/\\\/secure.gravatar.com\\\/avatar\\\/a01ecf8f75ca312b8db6f53ca7d56a4f7d4dd75acdd7f8605efab1d10294a17f?s=96&d=mm&r=g\",\"caption\":\"Aliz\u00e9e Mosconi\"},\"url\":\"https:\\\/\\\/www.monaco-tribune.com\\\/it\\\/author\\\/alizeemosconi\\\/\"}]}<\/script>\n<!-- \/ Yoast SEO Premium plugin. -->","yoast_head_json":{"title":"Julia Simon Moraly. La solidariet\u00e0 a Monaco diventa digitale","description":"Combattere l'isolamento nel Principato. \u00c8 stata questa la sfida accolta dalla trentenne Julia Simon Moraly all'inizio della crisi sanitaria, che l'ha","robots":{"index":"index","follow":"follow","max-snippet":"max-snippet:-1","max-image-preview":"max-image-preview:large","max-video-preview":"max-video-preview:-1"},"canonical":"https:\/\/www.monaco-tribune.com\/it\/2021\/03\/julia-simon-moraly-la-solidarieta-a-monaco-diventa-digitale\/","og_locale":"it_IT","og_type":"article","og_title":"Julia Simon Moraly. La solidariet\u00e0 a Monaco diventa digitale - Monaco Tribune","og_description":"Combattere l'isolamento nel Principato. \u00c8 stata questa la sfida accolta dalla trentenne Julia Simon Moraly all'inizio della crisi sanitaria, che l'ha","og_url":"https:\/\/www.monaco-tribune.com\/it\/2021\/03\/julia-simon-moraly-la-solidarieta-a-monaco-diventa-digitale\/","og_site_name":"Monaco Tribune","article_publisher":"https:\/\/www.facebook.com\/MonacoTribune","article_published_time":"2021-03-17T17:30:11+00:00","article_modified_time":"2021-03-17T17:30:20+00:00","og_image":[{"width":1200,"height":636,"url":"https:\/\/www.monaco-tribune.com\/wp-content\/uploads\/2021\/03\/photo-julia-simon-moraly-portrait-1-1.jpg","type":"image\/jpeg"}],"author":"Aliz\u00e9e Mosconi","twitter_card":"summary_large_image","twitter_creator":"@MonacoTribune","twitter_site":"@MonacoTribune","schema":{"@context":"https:\/\/schema.org","@graph":[{"@type":"NewsArticle","@id":"https:\/\/www.monaco-tribune.com\/it\/2021\/03\/julia-simon-moraly-la-solidarieta-a-monaco-diventa-digitale\/#article","isPartOf":{"@id":"https:\/\/www.monaco-tribune.com\/it\/2021\/03\/julia-simon-moraly-la-solidarieta-a-monaco-diventa-digitale\/"},"author":{"name":"Aliz\u00e9e Mosconi","@id":"https:\/\/www.monaco-tribune.com\/it\/#\/schema\/person\/bb7eedbeede1d20ce8d51e52bde2c1e8"},"headline":"Julia Simon Moraly. La solidariet\u00e0 a Monaco diventa digitale","datePublished":"2021-03-17T17:30:11+00:00","dateModified":"2021-03-17T17:30:20+00:00","mainEntityOfPage":{"@id":"https:\/\/www.monaco-tribune.com\/it\/2021\/03\/julia-simon-moraly-la-solidarieta-a-monaco-diventa-digitale\/"},"wordCount":717,"publisher":{"@id":"https:\/\/www.monaco-tribune.com\/it\/#organization"},"image":{"@id":"https:\/\/www.monaco-tribune.com\/it\/2021\/03\/julia-simon-moraly-la-solidarieta-a-monaco-diventa-digitale\/#primaryimage"},"thumbnailUrl":"https:\/\/www.monaco-tribune.com\/wp-content\/uploads\/2021\/03\/photo-julia-simon-moraly-portrait-1-1.jpg","keywords":["Covid-19"],"articleSection":["La nostra scelta","Notizie","Societ\u00e0"],"inLanguage":"it-IT","copyrightYear":"2021","copyrightHolder":{"@id":"https:\/\/www.monaco-tribune.com\/#organization"}},{"@type":"WebPage","@id":"https:\/\/www.monaco-tribune.com\/it\/2021\/03\/julia-simon-moraly-la-solidarieta-a-monaco-diventa-digitale\/","url":"https:\/\/www.monaco-tribune.com\/it\/2021\/03\/julia-simon-moraly-la-solidarieta-a-monaco-diventa-digitale\/","name":"Julia Simon Moraly. La solidariet\u00e0 a Monaco diventa digitale","isPartOf":{"@id":"https:\/\/www.monaco-tribune.com\/it\/#website"},"primaryImageOfPage":{"@id":"https:\/\/www.monaco-tribune.com\/it\/2021\/03\/julia-simon-moraly-la-solidarieta-a-monaco-diventa-digitale\/#primaryimage"},"image":{"@id":"https:\/\/www.monaco-tribune.com\/it\/2021\/03\/julia-simon-moraly-la-solidarieta-a-monaco-diventa-digitale\/#primaryimage"},"thumbnailUrl":"https:\/\/www.monaco-tribune.com\/wp-content\/uploads\/2021\/03\/photo-julia-simon-moraly-portrait-1-1.jpg","datePublished":"2021-03-17T17:30:11+00:00","dateModified":"2021-03-17T17:30:20+00:00","description":"Combattere l'isolamento nel Principato. \u00c8 stata questa la sfida accolta dalla trentenne Julia Simon Moraly all'inizio della crisi sanitaria, che l'ha","breadcrumb":{"@id":"https:\/\/www.monaco-tribune.com\/it\/2021\/03\/julia-simon-moraly-la-solidarieta-a-monaco-diventa-digitale\/#breadcrumb"},"inLanguage":"it-IT","potentialAction":[{"@type":"ReadAction","target":["https:\/\/www.monaco-tribune.com\/it\/2021\/03\/julia-simon-moraly-la-solidarieta-a-monaco-diventa-digitale\/"]}]},{"@type":"ImageObject","inLanguage":"it-IT","@id":"https:\/\/www.monaco-tribune.com\/it\/2021\/03\/julia-simon-moraly-la-solidarieta-a-monaco-diventa-digitale\/#primaryimage","url":"https:\/\/www.monaco-tribune.com\/wp-content\/uploads\/2021\/03\/photo-julia-simon-moraly-portrait-1-1.jpg","contentUrl":"https:\/\/www.monaco-tribune.com\/wp-content\/uploads\/2021\/03\/photo-julia-simon-moraly-portrait-1-1.jpg","width":1200,"height":636,"caption":"Aliz\u00e9e Mosconi"},{"@type":"BreadcrumbList","@id":"https:\/\/www.monaco-tribune.com\/it\/2021\/03\/julia-simon-moraly-la-solidarieta-a-monaco-diventa-digitale\/#breadcrumb","itemListElement":[{"@type":"ListItem","position":1,"name":"Accueil","item":"https:\/\/www.monaco-tribune.com\/it\/"},{"@type":"ListItem","position":2,"name":"Julia Simon Moraly. La solidariet\u00e0 a Monaco diventa digitale"}]},{"@type":"WebSite","@id":"https:\/\/www.monaco-tribune.com\/it\/#website","url":"https:\/\/www.monaco-tribune.com\/it\/","name":"Monaco Tribune","description":"Monaco : actualit\u00e9s \u00e9conomiques, politiques, culturelles et sportives de Monaco et de la French Riviera.","publisher":{"@id":"https:\/\/www.monaco-tribune.com\/it\/#organization"},"potentialAction":[{"@type":"SearchAction","target":{"@type":"EntryPoint","urlTemplate":"https:\/\/www.monaco-tribune.com\/it\/?s={search_term_string}"},"query-input":{"@type":"PropertyValueSpecification","valueRequired":true,"valueName":"search_term_string"}}],"inLanguage":"it-IT"},{"@type":"Organization","@id":"https:\/\/www.monaco-tribune.com\/it\/#organization","name":"Monaco Tribune","url":"https:\/\/www.monaco-tribune.com\/it\/","logo":{"@type":"ImageObject","inLanguage":"it-IT","@id":"https:\/\/www.monaco-tribune.com\/it\/#\/schema\/logo\/image\/","url":"https:\/\/www.monaco-tribune.com\/wp-content\/uploads\/2022\/11\/logo-monaco-tribune.png","contentUrl":"https:\/\/www.monaco-tribune.com\/wp-content\/uploads\/2022\/11\/logo-monaco-tribune.png","width":1548,"height":600,"caption":"Monaco Tribune"},"image":{"@id":"https:\/\/www.monaco-tribune.com\/it\/#\/schema\/logo\/image\/"},"sameAs":["https:\/\/www.facebook.com\/MonacoTribune","https:\/\/x.com\/MonacoTribune","https:\/\/www.instagram.com\/monacotribune\/","https:\/\/www.linkedin.com\/company\/monaco-tribune","https:\/\/www.youtube.com\/channel\/UCHle1MnG6hw1y4lWKijVbMA"]},{"@type":"Person","@id":"https:\/\/www.monaco-tribune.com\/it\/#\/schema\/person\/bb7eedbeede1d20ce8d51e52bde2c1e8","name":"Aliz\u00e9e Mosconi","image":{"@type":"ImageObject","inLanguage":"it-IT","@id":"https:\/\/secure.gravatar.com\/avatar\/a01ecf8f75ca312b8db6f53ca7d56a4f7d4dd75acdd7f8605efab1d10294a17f?s=96&d=mm&r=g","url":"https:\/\/secure.gravatar.com\/avatar\/a01ecf8f75ca312b8db6f53ca7d56a4f7d4dd75acdd7f8605efab1d10294a17f?s=96&d=mm&r=g","contentUrl":"https:\/\/secure.gravatar.com\/avatar\/a01ecf8f75ca312b8db6f53ca7d56a4f7d4dd75acdd7f8605efab1d10294a17f?s=96&d=mm&r=g","caption":"Aliz\u00e9e Mosconi"},"url":"https:\/\/www.monaco-tribune.com\/it\/author\/alizeemosconi\/"}]}},"_links":{"self":[{"href":"https:\/\/www.monaco-tribune.com\/it\/wp-json\/wp\/v2\/posts\/72234","targetHints":{"allow":["GET"]}}],"collection":[{"href":"https:\/\/www.monaco-tribune.com\/it\/wp-json\/wp\/v2\/posts"}],"about":[{"href":"https:\/\/www.monaco-tribune.com\/it\/wp-json\/wp\/v2\/types\/post"}],"author":[{"embeddable":true,"href":"https:\/\/www.monaco-tribune.com\/it\/wp-json\/wp\/v2\/users\/50"}],"replies":[{"embeddable":true,"href":"https:\/\/www.monaco-tribune.com\/it\/wp-json\/wp\/v2\/comments?post=72234"}],"version-history":[{"count":0,"href":"https:\/\/www.monaco-tribune.com\/it\/wp-json\/wp\/v2\/posts\/72234\/revisions"}],"wp:featuredmedia":[{"embeddable":true,"href":"https:\/\/www.monaco-tribune.com\/it\/wp-json\/wp\/v2\/media\/72049"}],"wp:attachment":[{"href":"https:\/\/www.monaco-tribune.com\/it\/wp-json\/wp\/v2\/media?parent=72234"}],"wp:term":[{"taxonomy":"category","embeddable":true,"href":"https:\/\/www.monaco-tribune.com\/it\/wp-json\/wp\/v2\/categories?post=72234"},{"taxonomy":"post_tag","embeddable":true,"href":"https:\/\/www.monaco-tribune.com\/it\/wp-json\/wp\/v2\/tags?post=72234"},{"taxonomy":"sectag","embeddable":true,"href":"https:\/\/www.monaco-tribune.com\/it\/wp-json\/wp\/v2\/post_sectags?post=72234"},{"taxonomy":"format","embeddable":true,"href":"https:\/\/www.monaco-tribune.com\/it\/wp-json\/wp\/v2\/post_format?post=72234"}],"curies":[{"name":"wp","href":"https:\/\/api.w.org\/{rel}","templated":true}]}}