{"id":73181,"date":"2021-03-25T19:29:55","date_gmt":"2021-03-25T18:29:55","guid":{"rendered":"https:\/\/www.monaco-tribune.com\/2021\/03\/monaco-e-i-suoi-parcheggi-tanto-ambiti\/"},"modified":"2021-03-25T19:29:59","modified_gmt":"2021-03-25T18:29:59","slug":"monaco-e-i-suoi-parcheggi-tanto-ambiti","status":"publish","type":"post","link":"https:\/\/www.monaco-tribune.com\/it\/2021\/03\/monaco-e-i-suoi-parcheggi-tanto-ambiti\/","title":{"rendered":"Monaco e i suoi parcheggi tanto ambiti!"},"content":{"rendered":"\n<p><strong>Se c\u2019\u00e8 un argomento che fa discutere a Monaco, \u00e8 quello dei parcheggi e della loro accessibilit\u00e0. <\/strong><strong>Le liste d\u2019attesa sono sempre pi\u00f9 lunghe e alcuni residenti devono armarsi di santa pazienza prima di poter ottenere uno dei posti auto tanto ambiti, in un territorio in cui i mezzi di trasporto ecologici sono fortemente incentivati.<\/strong><\/p>\n\n<p>Nonostante Monaco conti 17.000 posti auto pubblici, il Principato si ritrova a dover far fronte a un esoso numero di richieste, a cui fatica a dare una risposta positiva. A oggi, il servizio di parcheggi pubblici ha messo in lista d\u2019attesa 6.000 domande di abbonamento residenziale.<\/p>\n\n<p>\u201cScrivo al servizio di parcheggi tutti i mesi per sapere che fine ha fatto la mia domanda e mi rispondono che per il momento stanno esaminando le domande del 2016\u201d, spiega Corinne, una residente di 60 anni alla ricerca disperata di un abbonamento per poter posteggiare la sua automobile. \u201cSono riuscita a negoziare una carta che ricarico a poco a poco, ma mi costa moltissimo tenuto conto del costo del parcheggio giornaliero\u201d.<\/p>\n\n<blockquote class=\"wp-block-quote is-layout-flow wp-block-quote-is-layout-flow\"><p>Restare parcheggiati per diversi giorni \u00e8 complicato a Monaco e quasi vietato in Francia<\/p><\/blockquote>\n\n<h2 class=\"wp-block-heading\" id=\"h-plus-de-6000-demandes-d-abonnement-sur-liste-d-attente\">Oltre 6.000 domande di abbonamento in lista d\u2019attesa<\/h2>\n\n<p>\u201cPenso che Monaco Parkings o il Comune dovrebbero assicurare almeno un posto auto per ogni appartamento il cui immobile non \u00e8 provvisto di garage o parcheggio privato\u201d, ci confida Riccardo, un quarantenne con un disturbo di insufficienza cardiaca. \u201cI miei problemi di salute non mi danno diritto ad alcuna priorit\u00e0\u201d, afferma il cittadino del Principato ancora in attesa di un posto auto. Cos\u00ec, Riccardo ha deciso di affittare un box in Francia, a oltre quattro chilometri da casa sua, e di vendere una delle sue tre auto. \u201cRestare parcheggiati per diversi giorni \u00e8 complicato a Monaco e quasi vietato in Francia\u201d, sottolinea, \u201cho gi\u00e0 ritrovato la mia auto al deposito dopo appena qualche giorno di sosta a Cap d\u2019Ail\u201d.<\/p>\n\n<blockquote class=\"wp-block-quote is-layout-flow wp-block-quote-is-layout-flow\"><p>\u00c8 importante trovare un equilibrio tra la giustizia e l\u2019interesse generale<\/p><\/blockquote>\n\n<h2 class=\"wp-block-heading\" id=\"h-lutter-contre-les-voitures-ventouses\">Lotta alle \u201cauto ventosa\u201d<\/h2>\n\n<p>Da tempo il Principato porta avanti una lotta contro le cosiddette \u201cauto ventosa\u201d, quei veicoli che monopolizzano i parcheggi occupando in modo permanente un posto che potrebbe essere utile ad altri automobilisti, trasformando cos\u00ec i posti liberi dei parcheggi pubblici, in posti auto riservati. A oggi, sono stati individuati circa 400 veicoli di questo tipo.<\/p>\n\n<p>In un primo momento, il Governo del Principe aveva manifestato la sua volont\u00e0 di penalizzare queste auto con un ricarico di 60 euro, ma alla fine ha preferito sospendere la misura. \u201cVorrei che si possa stabilire un dialogo costruttivo\u201d, ha dichiarato Marie-Pierre Gramaglia, Ministra dell\u2019attrezzatura, dell\u2019ambiente e dell\u2019urbanistica, che vorrebbe rivedere il provvedimento. \u201c\u00c8 importante trovare un equilibrio tra la giustizia e l\u2019interesse generale\u201d.<\/p>\n\n<p><strong>&gt;&gt; LEGGI ANCHE:<\/strong> <a href=\"https:\/\/www.monaco-tribune.com\/it\/2020\/01\/dalle-auto-agli-yacht-monaco-sceglie-la-mobilita-pulita\/\">Dalle auto agli yacht, Monaco sceglie la mobilit\u00e0 pulita<\/a><\/p>\n\n<h2 class=\"wp-block-heading\" id=\"h-utiliser-sa-voiture-mais-pas-plus-de-15-fois\">Utilizzare l\u2019auto non pi\u00f9 di 15 volte!<\/h2>\n\n<p>A Monaco, i \u201cpetits roulers\u201d, ovvero quelli che utilizzano la macchina al massimo 15 volte al mese, usufruiscono di uno sconto di 10 euro sulla fattura mensile. Tra ricompense e punizioni, gli automobilisti sembrano essere un po\u2019 smarriti e sui social network esplodono le critiche. \u201cHo visto questi commenti e ho ricevuto alcune lettere di automobilisti che mi espongono le loro perplessit\u00e0\u201d, afferma Marie-Pierre Gramaglia, prima di ricordare che \u201cusare continuamente la propria auto non pu\u00f2 essere l\u2019unica soluzione per spostarsi: la politica del Governo resta quella di incentivare l\u2019uso dei mezzi pubblici e di incoraggiare la mobilit\u00e0 sostenibile con gli spostamenti a piedi, agevolati dalla presenza di una rete di collegamenti meccanizzati presente nel Principato, e con lo sviluppo del servizio di bike sharing Monabike\u201d.<\/p>\n\n<p><strong>&gt;&gt; LEGGI ANCHE: <\/strong><a href=\"https:\/\/www.monaco-tribune.com\/it\/2020\/09\/monabike-la-bicicletta-del-quebec-che-ha-conquistato-le-strade-di-monaco\/\">MonaBike, la bicicletta del Qu\u00e9bec che ha conquistato le strade di Monaco!<\/a><\/p>\n\n<p>\u201cVivere senza macchina non \u00e8 un problema a Monaco, ma secondo me \u00e8 indispensabile averne almeno una per fare la spesa, recarsi al di fuori del Principato e per tutte le altre urgenze\u201d, afferma un residente di 49 anni, proprietario di una sola auto a benzina, che attende con pazienza il suo abbonamento. \u00c8 in lista d\u2019attesa da 7 anni in quanto dipendente e da 3 anni in quanto abitante di Monaco. \u201cSecondo me l\u2019iniziativa del Governo del Principe di aumentare gli abbonamenti dei veicoli che non circolano almeno una volta al mese era giusta, invece, dopo le reazioni negative di alcuni egoisti, il provvedimento non \u00e8 stato applicato ed \u00e8 un peccato\u201d.<\/p>\n\n<p>Alcuni residenti, come Gianfranco, hanno investito nelle vetture ibride, pi\u00f9 rispettose dell\u2019ambiente. \u201cHo chiesto ai Parcheggi pubblici di Monaco se era possibile ottenere un posto, visto che non ho la possibilit\u00e0 di ricaricare la vettura dalla mia abitazione e il primo allacciamento accessibile \u00e8 lontano da casa mia\u201d. Gianfranco \u00e8 costretto a far circolare la sua auto a benzina: \u201c\u00e8 un peccato che il Principato, che sostiene le iniziative ecologiche, non permetta anche ai suoi abitanti di fare lo stesso\u201d.<\/p>\n\n<p><b>&gt;&gt; LEGGI ANCHE: <\/b><a href=\"https:\/\/www.monaco-tribune.com\/it\/2021\/01\/monaco-ventimiglia-in-dieci-minuti-grazie-a-una-navetta-da-12-milioni-di-euro\/\">Monaco-Ventimiglia in dieci minuti grazie a una navetta da 1,2 milioni di euro<\/a><\/p>\n","protected":false},"excerpt":{"rendered":"<p>Se c\u2019\u00e8 un argomento che fa discutere a Monaco, \u00e8 quello dei parcheggi e della loro accessibilit\u00e0. Le liste d\u2019attesa [&hellip;]<\/p>\n","protected":false},"author":50,"featured_media":72976,"comment_status":"closed","ping_status":"closed","sticky":false,"template":"","format":"standard","meta":{"_acf_changed":false,"footnotes":""},"categories":[1826,1738,1752],"tags":[2859],"post_sectags":[],"post_format":[2475],"class_list":["post-73181","post","type-post","status-publish","format-standard","has-post-thumbnail","hentry","category-la-nostra-scelta","category-notizie","category-societa","tag-trasporto","format-inchiesta"],"acf":[],"yoast_head":"<!-- This site is optimized with the Yoast SEO Premium plugin v26.8 (Yoast SEO v27.4) - https:\/\/yoast.com\/product\/yoast-seo-premium-wordpress\/ -->\n<title>Monaco e i suoi parcheggi tanto ambiti!<\/title>\n<meta name=\"description\" content=\"Se c\u2019\u00e8 un argomento che fa discutere a Monaco, \u00e8 quello dei parcheggi e della loro accessibilit\u00e0. Le liste d\u2019attesa sono sempre pi\u00f9 lunghe e alcuni\" \/>\n<meta name=\"robots\" content=\"index, follow, max-snippet:-1, max-image-preview:large, max-video-preview:-1\" \/>\n<link rel=\"canonical\" href=\"https:\/\/www.monaco-tribune.com\/it\/2021\/03\/monaco-e-i-suoi-parcheggi-tanto-ambiti\/\" \/>\n<meta property=\"og:locale\" content=\"it_IT\" \/>\n<meta property=\"og:type\" content=\"article\" \/>\n<meta property=\"og:title\" content=\"Monaco e i suoi parcheggi tanto ambiti! - Monaco Tribune\" \/>\n<meta property=\"og:description\" content=\"Se c\u2019\u00e8 un argomento che fa discutere a Monaco, \u00e8 quello dei parcheggi e della loro accessibilit\u00e0. Le liste d\u2019attesa sono sempre pi\u00f9 lunghe e alcuni\" \/>\n<meta property=\"og:url\" content=\"https:\/\/www.monaco-tribune.com\/it\/2021\/03\/monaco-e-i-suoi-parcheggi-tanto-ambiti\/\" \/>\n<meta property=\"og:site_name\" content=\"Monaco Tribune\" \/>\n<meta property=\"article:publisher\" content=\"https:\/\/www.facebook.com\/MonacoTribune\" \/>\n<meta property=\"article:published_time\" content=\"2021-03-25T18:29:55+00:00\" \/>\n<meta property=\"article:modified_time\" content=\"2021-03-25T18:29:59+00:00\" \/>\n<meta property=\"og:image\" content=\"https:\/\/www.monaco-tribune.com\/wp-content\/uploads\/2021\/03\/parkings-monaco.png\" \/>\n\t<meta property=\"og:image:width\" content=\"1200\" \/>\n\t<meta property=\"og:image:height\" content=\"720\" \/>\n\t<meta property=\"og:image:type\" content=\"image\/png\" \/>\n<meta name=\"author\" content=\"Aliz\u00e9e Mosconi\" \/>\n<meta name=\"twitter:card\" content=\"summary_large_image\" \/>\n<meta name=\"twitter:creator\" content=\"@MonacoTribune\" \/>\n<meta name=\"twitter:site\" content=\"@MonacoTribune\" \/>\n<script type=\"application\/ld+json\" class=\"yoast-schema-graph\">{\"@context\":\"https:\\\/\\\/schema.org\",\"@graph\":[{\"@type\":\"NewsArticle\",\"@id\":\"https:\\\/\\\/www.monaco-tribune.com\\\/it\\\/2021\\\/03\\\/monaco-e-i-suoi-parcheggi-tanto-ambiti\\\/#article\",\"isPartOf\":{\"@id\":\"https:\\\/\\\/www.monaco-tribune.com\\\/it\\\/2021\\\/03\\\/monaco-e-i-suoi-parcheggi-tanto-ambiti\\\/\"},\"author\":{\"name\":\"Aliz\u00e9e Mosconi\",\"@id\":\"https:\\\/\\\/www.monaco-tribune.com\\\/it\\\/#\\\/schema\\\/person\\\/bb7eedbeede1d20ce8d51e52bde2c1e8\"},\"headline\":\"Monaco e i suoi parcheggi tanto ambiti!\",\"datePublished\":\"2021-03-25T18:29:55+00:00\",\"dateModified\":\"2021-03-25T18:29:59+00:00\",\"mainEntityOfPage\":{\"@id\":\"https:\\\/\\\/www.monaco-tribune.com\\\/it\\\/2021\\\/03\\\/monaco-e-i-suoi-parcheggi-tanto-ambiti\\\/\"},\"wordCount\":815,\"publisher\":{\"@id\":\"https:\\\/\\\/www.monaco-tribune.com\\\/it\\\/#organization\"},\"image\":{\"@id\":\"https:\\\/\\\/www.monaco-tribune.com\\\/it\\\/2021\\\/03\\\/monaco-e-i-suoi-parcheggi-tanto-ambiti\\\/#primaryimage\"},\"thumbnailUrl\":\"https:\\\/\\\/www.monaco-tribune.com\\\/wp-content\\\/uploads\\\/2021\\\/03\\\/parkings-monaco.png\",\"keywords\":[\"Trasporto\"],\"articleSection\":[\"La nostra scelta\",\"Notizie\",\"Societ\u00e0\"],\"inLanguage\":\"it-IT\",\"copyrightYear\":\"2021\",\"copyrightHolder\":{\"@id\":\"https:\\\/\\\/www.monaco-tribune.com\\\/#organization\"}},{\"@type\":\"WebPage\",\"@id\":\"https:\\\/\\\/www.monaco-tribune.com\\\/it\\\/2021\\\/03\\\/monaco-e-i-suoi-parcheggi-tanto-ambiti\\\/\",\"url\":\"https:\\\/\\\/www.monaco-tribune.com\\\/it\\\/2021\\\/03\\\/monaco-e-i-suoi-parcheggi-tanto-ambiti\\\/\",\"name\":\"Monaco e i suoi parcheggi tanto ambiti!\",\"isPartOf\":{\"@id\":\"https:\\\/\\\/www.monaco-tribune.com\\\/it\\\/#website\"},\"primaryImageOfPage\":{\"@id\":\"https:\\\/\\\/www.monaco-tribune.com\\\/it\\\/2021\\\/03\\\/monaco-e-i-suoi-parcheggi-tanto-ambiti\\\/#primaryimage\"},\"image\":{\"@id\":\"https:\\\/\\\/www.monaco-tribune.com\\\/it\\\/2021\\\/03\\\/monaco-e-i-suoi-parcheggi-tanto-ambiti\\\/#primaryimage\"},\"thumbnailUrl\":\"https:\\\/\\\/www.monaco-tribune.com\\\/wp-content\\\/uploads\\\/2021\\\/03\\\/parkings-monaco.png\",\"datePublished\":\"2021-03-25T18:29:55+00:00\",\"dateModified\":\"2021-03-25T18:29:59+00:00\",\"description\":\"Se c\u2019\u00e8 un argomento che fa discutere a Monaco, \u00e8 quello dei parcheggi e della loro accessibilit\u00e0. Le liste d\u2019attesa sono sempre pi\u00f9 lunghe e alcuni\",\"breadcrumb\":{\"@id\":\"https:\\\/\\\/www.monaco-tribune.com\\\/it\\\/2021\\\/03\\\/monaco-e-i-suoi-parcheggi-tanto-ambiti\\\/#breadcrumb\"},\"inLanguage\":\"it-IT\",\"potentialAction\":[{\"@type\":\"ReadAction\",\"target\":[\"https:\\\/\\\/www.monaco-tribune.com\\\/it\\\/2021\\\/03\\\/monaco-e-i-suoi-parcheggi-tanto-ambiti\\\/\"]}]},{\"@type\":\"ImageObject\",\"inLanguage\":\"it-IT\",\"@id\":\"https:\\\/\\\/www.monaco-tribune.com\\\/it\\\/2021\\\/03\\\/monaco-e-i-suoi-parcheggi-tanto-ambiti\\\/#primaryimage\",\"url\":\"https:\\\/\\\/www.monaco-tribune.com\\\/wp-content\\\/uploads\\\/2021\\\/03\\\/parkings-monaco.png\",\"contentUrl\":\"https:\\\/\\\/www.monaco-tribune.com\\\/wp-content\\\/uploads\\\/2021\\\/03\\\/parkings-monaco.png\",\"width\":1200,\"height\":720,\"caption\":\"DR\"},{\"@type\":\"BreadcrumbList\",\"@id\":\"https:\\\/\\\/www.monaco-tribune.com\\\/it\\\/2021\\\/03\\\/monaco-e-i-suoi-parcheggi-tanto-ambiti\\\/#breadcrumb\",\"itemListElement\":[{\"@type\":\"ListItem\",\"position\":1,\"name\":\"Accueil\",\"item\":\"https:\\\/\\\/www.monaco-tribune.com\\\/it\\\/\"},{\"@type\":\"ListItem\",\"position\":2,\"name\":\"Monaco e i suoi parcheggi tanto ambiti!\"}]},{\"@type\":\"WebSite\",\"@id\":\"https:\\\/\\\/www.monaco-tribune.com\\\/it\\\/#website\",\"url\":\"https:\\\/\\\/www.monaco-tribune.com\\\/it\\\/\",\"name\":\"Monaco Tribune\",\"description\":\"Monaco : actualit\u00e9s \u00e9conomiques, politiques, culturelles et sportives de Monaco et de la French Riviera.\",\"publisher\":{\"@id\":\"https:\\\/\\\/www.monaco-tribune.com\\\/it\\\/#organization\"},\"potentialAction\":[{\"@type\":\"SearchAction\",\"target\":{\"@type\":\"EntryPoint\",\"urlTemplate\":\"https:\\\/\\\/www.monaco-tribune.com\\\/it\\\/?s={search_term_string}\"},\"query-input\":{\"@type\":\"PropertyValueSpecification\",\"valueRequired\":true,\"valueName\":\"search_term_string\"}}],\"inLanguage\":\"it-IT\"},{\"@type\":\"Organization\",\"@id\":\"https:\\\/\\\/www.monaco-tribune.com\\\/it\\\/#organization\",\"name\":\"Monaco Tribune\",\"url\":\"https:\\\/\\\/www.monaco-tribune.com\\\/it\\\/\",\"logo\":{\"@type\":\"ImageObject\",\"inLanguage\":\"it-IT\",\"@id\":\"https:\\\/\\\/www.monaco-tribune.com\\\/it\\\/#\\\/schema\\\/logo\\\/image\\\/\",\"url\":\"https:\\\/\\\/www.monaco-tribune.com\\\/wp-content\\\/uploads\\\/2022\\\/11\\\/logo-monaco-tribune.png\",\"contentUrl\":\"https:\\\/\\\/www.monaco-tribune.com\\\/wp-content\\\/uploads\\\/2022\\\/11\\\/logo-monaco-tribune.png\",\"width\":1548,\"height\":600,\"caption\":\"Monaco Tribune\"},\"image\":{\"@id\":\"https:\\\/\\\/www.monaco-tribune.com\\\/it\\\/#\\\/schema\\\/logo\\\/image\\\/\"},\"sameAs\":[\"https:\\\/\\\/www.facebook.com\\\/MonacoTribune\",\"https:\\\/\\\/x.com\\\/MonacoTribune\",\"https:\\\/\\\/www.instagram.com\\\/monacotribune\\\/\",\"https:\\\/\\\/www.linkedin.com\\\/company\\\/monaco-tribune\",\"https:\\\/\\\/www.youtube.com\\\/channel\\\/UCHle1MnG6hw1y4lWKijVbMA\"]},{\"@type\":\"Person\",\"@id\":\"https:\\\/\\\/www.monaco-tribune.com\\\/it\\\/#\\\/schema\\\/person\\\/bb7eedbeede1d20ce8d51e52bde2c1e8\",\"name\":\"Aliz\u00e9e Mosconi\",\"image\":{\"@type\":\"ImageObject\",\"inLanguage\":\"it-IT\",\"@id\":\"https:\\\/\\\/secure.gravatar.com\\\/avatar\\\/a01ecf8f75ca312b8db6f53ca7d56a4f7d4dd75acdd7f8605efab1d10294a17f?s=96&d=mm&r=g\",\"url\":\"https:\\\/\\\/secure.gravatar.com\\\/avatar\\\/a01ecf8f75ca312b8db6f53ca7d56a4f7d4dd75acdd7f8605efab1d10294a17f?s=96&d=mm&r=g\",\"contentUrl\":\"https:\\\/\\\/secure.gravatar.com\\\/avatar\\\/a01ecf8f75ca312b8db6f53ca7d56a4f7d4dd75acdd7f8605efab1d10294a17f?s=96&d=mm&r=g\",\"caption\":\"Aliz\u00e9e Mosconi\"},\"url\":\"https:\\\/\\\/www.monaco-tribune.com\\\/it\\\/author\\\/alizeemosconi\\\/\"}]}<\/script>\n<!-- \/ Yoast SEO Premium plugin. -->","yoast_head_json":{"title":"Monaco e i suoi parcheggi tanto ambiti!","description":"Se c\u2019\u00e8 un argomento che fa discutere a Monaco, \u00e8 quello dei parcheggi e della loro accessibilit\u00e0. Le liste d\u2019attesa sono sempre pi\u00f9 lunghe e alcuni","robots":{"index":"index","follow":"follow","max-snippet":"max-snippet:-1","max-image-preview":"max-image-preview:large","max-video-preview":"max-video-preview:-1"},"canonical":"https:\/\/www.monaco-tribune.com\/it\/2021\/03\/monaco-e-i-suoi-parcheggi-tanto-ambiti\/","og_locale":"it_IT","og_type":"article","og_title":"Monaco e i suoi parcheggi tanto ambiti! - Monaco Tribune","og_description":"Se c\u2019\u00e8 un argomento che fa discutere a Monaco, \u00e8 quello dei parcheggi e della loro accessibilit\u00e0. Le liste d\u2019attesa sono sempre pi\u00f9 lunghe e alcuni","og_url":"https:\/\/www.monaco-tribune.com\/it\/2021\/03\/monaco-e-i-suoi-parcheggi-tanto-ambiti\/","og_site_name":"Monaco Tribune","article_publisher":"https:\/\/www.facebook.com\/MonacoTribune","article_published_time":"2021-03-25T18:29:55+00:00","article_modified_time":"2021-03-25T18:29:59+00:00","og_image":[{"width":1200,"height":720,"url":"https:\/\/www.monaco-tribune.com\/wp-content\/uploads\/2021\/03\/parkings-monaco.png","type":"image\/png"}],"author":"Aliz\u00e9e Mosconi","twitter_card":"summary_large_image","twitter_creator":"@MonacoTribune","twitter_site":"@MonacoTribune","schema":{"@context":"https:\/\/schema.org","@graph":[{"@type":"NewsArticle","@id":"https:\/\/www.monaco-tribune.com\/it\/2021\/03\/monaco-e-i-suoi-parcheggi-tanto-ambiti\/#article","isPartOf":{"@id":"https:\/\/www.monaco-tribune.com\/it\/2021\/03\/monaco-e-i-suoi-parcheggi-tanto-ambiti\/"},"author":{"name":"Aliz\u00e9e Mosconi","@id":"https:\/\/www.monaco-tribune.com\/it\/#\/schema\/person\/bb7eedbeede1d20ce8d51e52bde2c1e8"},"headline":"Monaco e i suoi parcheggi tanto ambiti!","datePublished":"2021-03-25T18:29:55+00:00","dateModified":"2021-03-25T18:29:59+00:00","mainEntityOfPage":{"@id":"https:\/\/www.monaco-tribune.com\/it\/2021\/03\/monaco-e-i-suoi-parcheggi-tanto-ambiti\/"},"wordCount":815,"publisher":{"@id":"https:\/\/www.monaco-tribune.com\/it\/#organization"},"image":{"@id":"https:\/\/www.monaco-tribune.com\/it\/2021\/03\/monaco-e-i-suoi-parcheggi-tanto-ambiti\/#primaryimage"},"thumbnailUrl":"https:\/\/www.monaco-tribune.com\/wp-content\/uploads\/2021\/03\/parkings-monaco.png","keywords":["Trasporto"],"articleSection":["La nostra scelta","Notizie","Societ\u00e0"],"inLanguage":"it-IT","copyrightYear":"2021","copyrightHolder":{"@id":"https:\/\/www.monaco-tribune.com\/#organization"}},{"@type":"WebPage","@id":"https:\/\/www.monaco-tribune.com\/it\/2021\/03\/monaco-e-i-suoi-parcheggi-tanto-ambiti\/","url":"https:\/\/www.monaco-tribune.com\/it\/2021\/03\/monaco-e-i-suoi-parcheggi-tanto-ambiti\/","name":"Monaco e i suoi parcheggi tanto ambiti!","isPartOf":{"@id":"https:\/\/www.monaco-tribune.com\/it\/#website"},"primaryImageOfPage":{"@id":"https:\/\/www.monaco-tribune.com\/it\/2021\/03\/monaco-e-i-suoi-parcheggi-tanto-ambiti\/#primaryimage"},"image":{"@id":"https:\/\/www.monaco-tribune.com\/it\/2021\/03\/monaco-e-i-suoi-parcheggi-tanto-ambiti\/#primaryimage"},"thumbnailUrl":"https:\/\/www.monaco-tribune.com\/wp-content\/uploads\/2021\/03\/parkings-monaco.png","datePublished":"2021-03-25T18:29:55+00:00","dateModified":"2021-03-25T18:29:59+00:00","description":"Se c\u2019\u00e8 un argomento che fa discutere a Monaco, \u00e8 quello dei parcheggi e della loro accessibilit\u00e0. Le liste d\u2019attesa sono sempre pi\u00f9 lunghe e alcuni","breadcrumb":{"@id":"https:\/\/www.monaco-tribune.com\/it\/2021\/03\/monaco-e-i-suoi-parcheggi-tanto-ambiti\/#breadcrumb"},"inLanguage":"it-IT","potentialAction":[{"@type":"ReadAction","target":["https:\/\/www.monaco-tribune.com\/it\/2021\/03\/monaco-e-i-suoi-parcheggi-tanto-ambiti\/"]}]},{"@type":"ImageObject","inLanguage":"it-IT","@id":"https:\/\/www.monaco-tribune.com\/it\/2021\/03\/monaco-e-i-suoi-parcheggi-tanto-ambiti\/#primaryimage","url":"https:\/\/www.monaco-tribune.com\/wp-content\/uploads\/2021\/03\/parkings-monaco.png","contentUrl":"https:\/\/www.monaco-tribune.com\/wp-content\/uploads\/2021\/03\/parkings-monaco.png","width":1200,"height":720,"caption":"DR"},{"@type":"BreadcrumbList","@id":"https:\/\/www.monaco-tribune.com\/it\/2021\/03\/monaco-e-i-suoi-parcheggi-tanto-ambiti\/#breadcrumb","itemListElement":[{"@type":"ListItem","position":1,"name":"Accueil","item":"https:\/\/www.monaco-tribune.com\/it\/"},{"@type":"ListItem","position":2,"name":"Monaco e i suoi parcheggi tanto ambiti!"}]},{"@type":"WebSite","@id":"https:\/\/www.monaco-tribune.com\/it\/#website","url":"https:\/\/www.monaco-tribune.com\/it\/","name":"Monaco Tribune","description":"Monaco : actualit\u00e9s \u00e9conomiques, politiques, culturelles et sportives de Monaco et de la French Riviera.","publisher":{"@id":"https:\/\/www.monaco-tribune.com\/it\/#organization"},"potentialAction":[{"@type":"SearchAction","target":{"@type":"EntryPoint","urlTemplate":"https:\/\/www.monaco-tribune.com\/it\/?s={search_term_string}"},"query-input":{"@type":"PropertyValueSpecification","valueRequired":true,"valueName":"search_term_string"}}],"inLanguage":"it-IT"},{"@type":"Organization","@id":"https:\/\/www.monaco-tribune.com\/it\/#organization","name":"Monaco Tribune","url":"https:\/\/www.monaco-tribune.com\/it\/","logo":{"@type":"ImageObject","inLanguage":"it-IT","@id":"https:\/\/www.monaco-tribune.com\/it\/#\/schema\/logo\/image\/","url":"https:\/\/www.monaco-tribune.com\/wp-content\/uploads\/2022\/11\/logo-monaco-tribune.png","contentUrl":"https:\/\/www.monaco-tribune.com\/wp-content\/uploads\/2022\/11\/logo-monaco-tribune.png","width":1548,"height":600,"caption":"Monaco Tribune"},"image":{"@id":"https:\/\/www.monaco-tribune.com\/it\/#\/schema\/logo\/image\/"},"sameAs":["https:\/\/www.facebook.com\/MonacoTribune","https:\/\/x.com\/MonacoTribune","https:\/\/www.instagram.com\/monacotribune\/","https:\/\/www.linkedin.com\/company\/monaco-tribune","https:\/\/www.youtube.com\/channel\/UCHle1MnG6hw1y4lWKijVbMA"]},{"@type":"Person","@id":"https:\/\/www.monaco-tribune.com\/it\/#\/schema\/person\/bb7eedbeede1d20ce8d51e52bde2c1e8","name":"Aliz\u00e9e Mosconi","image":{"@type":"ImageObject","inLanguage":"it-IT","@id":"https:\/\/secure.gravatar.com\/avatar\/a01ecf8f75ca312b8db6f53ca7d56a4f7d4dd75acdd7f8605efab1d10294a17f?s=96&d=mm&r=g","url":"https:\/\/secure.gravatar.com\/avatar\/a01ecf8f75ca312b8db6f53ca7d56a4f7d4dd75acdd7f8605efab1d10294a17f?s=96&d=mm&r=g","contentUrl":"https:\/\/secure.gravatar.com\/avatar\/a01ecf8f75ca312b8db6f53ca7d56a4f7d4dd75acdd7f8605efab1d10294a17f?s=96&d=mm&r=g","caption":"Aliz\u00e9e Mosconi"},"url":"https:\/\/www.monaco-tribune.com\/it\/author\/alizeemosconi\/"}]}},"_links":{"self":[{"href":"https:\/\/www.monaco-tribune.com\/it\/wp-json\/wp\/v2\/posts\/73181","targetHints":{"allow":["GET"]}}],"collection":[{"href":"https:\/\/www.monaco-tribune.com\/it\/wp-json\/wp\/v2\/posts"}],"about":[{"href":"https:\/\/www.monaco-tribune.com\/it\/wp-json\/wp\/v2\/types\/post"}],"author":[{"embeddable":true,"href":"https:\/\/www.monaco-tribune.com\/it\/wp-json\/wp\/v2\/users\/50"}],"replies":[{"embeddable":true,"href":"https:\/\/www.monaco-tribune.com\/it\/wp-json\/wp\/v2\/comments?post=73181"}],"version-history":[{"count":0,"href":"https:\/\/www.monaco-tribune.com\/it\/wp-json\/wp\/v2\/posts\/73181\/revisions"}],"wp:featuredmedia":[{"embeddable":true,"href":"https:\/\/www.monaco-tribune.com\/it\/wp-json\/wp\/v2\/media\/72976"}],"wp:attachment":[{"href":"https:\/\/www.monaco-tribune.com\/it\/wp-json\/wp\/v2\/media?parent=73181"}],"wp:term":[{"taxonomy":"category","embeddable":true,"href":"https:\/\/www.monaco-tribune.com\/it\/wp-json\/wp\/v2\/categories?post=73181"},{"taxonomy":"post_tag","embeddable":true,"href":"https:\/\/www.monaco-tribune.com\/it\/wp-json\/wp\/v2\/tags?post=73181"},{"taxonomy":"sectag","embeddable":true,"href":"https:\/\/www.monaco-tribune.com\/it\/wp-json\/wp\/v2\/post_sectags?post=73181"},{"taxonomy":"format","embeddable":true,"href":"https:\/\/www.monaco-tribune.com\/it\/wp-json\/wp\/v2\/post_format?post=73181"}],"curies":[{"name":"wp","href":"https:\/\/api.w.org\/{rel}","templated":true}]}}