{"id":73528,"date":"2021-03-26T18:56:57","date_gmt":"2021-03-26T17:56:57","guid":{"rendered":"https:\/\/www.monaco-tribune.com\/2021\/03\/tesori-del-mediterraneo-in-pericolo-una-popolazione-di-volatili-da-proteggere\/"},"modified":"2021-04-06T11:24:31","modified_gmt":"2021-04-06T09:24:31","slug":"tesori-del-mediterraneo-in-pericolo-una-popolazione-di-volatili-da-proteggere","status":"publish","type":"post","link":"https:\/\/www.monaco-tribune.com\/it\/2021\/03\/tesori-del-mediterraneo-in-pericolo-una-popolazione-di-volatili-da-proteggere\/","title":{"rendered":"Tesori del Mediterraneo in pericolo. Una popolazione di volatili da proteggere"},"content":{"rendered":"\n<p><b>Falchi pellegrini, marangoni dal ciuffo o passeriformi. A Monaco, e nei comuni vicini delle Alpi Marittime, a un passo dalla crescente urbanizzazione e dalle attivit\u00e0 umane, vivono diverse specie di volatili.<\/b><\/p>\n\n\n\n<p>Sulla rocca di Monaco, nei pressi dei giardini Saint-Martin, vive una coppia di falchi pellegrini. Una specie che trova il suo habitat naturale nelle falesie a strapiombo sul litorale e nelle regioni montuose, ma che, come molti altri rapaci, stava per scomparire negli anni &#8217;50. &#8220;I falchi pellegrini sono stati per molto tempo presi di mira dai cacciatori e dal settore agricolo, che consideravano i rapaci una minaccia&#8221;, spiega Amine Flitti, direttore della Lega per la protezione degli uccelli della regione Provenza-Alpi-Costa Azzurra. &#8220;I predatori hanno spesso una brutta fama, invece il loro ruolo \u00e8 essenziale: assicurano il giusto equilibrio degli ecosistemi&#8221;.<\/p>\n\n\n\n<p>In Francia, l&#8217;evoluzione della legislazione nell&#8217;ambito della protezione delle specie e il divieto di utilizzo di pesticidi altamente tossici, come il DDT, ha permesso a questi volatili di riconquistare progressivamente il loro habitat naturale nel corso degli anni &#8217;80. Questo genere di pesticidi, infatti, era responsabile della quasi totale scomparsa del falco pellegrino, poich\u00e9 rendeva troppo fragile il guscio delle uova deposte dall&#8217;animale.<\/p>\n\n\n\n<div class=\"wp-block-image\"><figure class=\"aligncenter size-large is-resized\"><img loading=\"lazy\" decoding=\"async\" src=\"https:\/\/www.monaco-tribune.com\/wp-content\/uploads\/2021\/03\/nettoyage-de-laire-du-faucon-monaco-1024x683.jpeg\" alt=\"Pulizia dell'area del falco a Monaco \" class=\"wp-image-73385\" width=\"1024\" height=\"683\" srcset=\"https:\/\/www.monaco-tribune.com\/wp-content\/uploads\/2021\/03\/nettoyage-de-laire-du-faucon-monaco-1024x683.jpeg 1024w, https:\/\/www.monaco-tribune.com\/wp-content\/uploads\/2021\/03\/nettoyage-de-laire-du-faucon-monaco-450x300.jpeg 450w, https:\/\/www.monaco-tribune.com\/wp-content\/uploads\/2021\/03\/nettoyage-de-laire-du-faucon-monaco.jpeg 1200w\" sizes=\"auto, (max-width: 1024px) 100vw, 1024px\" \/><figcaption>Pulizia dell&#8217;area del falco a Monaco \/ \u00a9 L. Aquilina &#8211; Direzione dell&#8217;ambiente<\/figcaption><\/figure><\/div>\n\n\n\n<h2 class=\"wp-block-heading\" id=\"h-dal-pellegrino-al-pescatore\">Dal pellegrino al pescatore<\/h2>\n\n\n\n<p>Nascosti tra le falesie, i falchi pellegrini sono particolarmente sensibili alle attivit\u00e0 umane e al minimo disturbo. Escursionisti, parapendisti o alpinisti, cos\u00ec come sportivi e curiosi, potrebbero spingere la specie a spostarsi verso habitat pi\u00f9 tranquilli. Per questo, le squadre di ornitologi vegliano ogni giorno sui falchi pellegrini monegaschi e delle Alpi Marittime. &#8220;Siamo delle vere sentinelle&#8221;, riassume Amine Flitti, &#8220;cerchiamo di assicurare la continuit\u00e0 della specie, soprattutto raddoppiando la vigilanza nel periodo di riproduzione di questi rapaci, tra gennaio e maggio&#8221;.<\/p>\n\n\n\n<p>Le acque monegasche, invece, sono il nuovo habitat di una specie protetta: il marangone dal ciuffo. Questo uccello nero, con zampe palmate e becco sottilissimo, \u00e8 un eccellente pescatore del Mediteranno, che dal 2015 si riproduce nel Principato. &#8220;La popolazione complessiva della specie nella regione Provenza-Alpi-Costa Azzurra \u00e8 molto ridotta&#8221;, precisa Amine Flitti, &#8220;potrebbe essere estremamente compromessa anche dal minimo versamento di petrolio o dallo scarico delle barche&#8221;.<\/p>\n\n\n\n<blockquote class=\"wp-block-quote is-layout-flow wp-block-quote-is-layout-flow\"><p>Abbiamo bisogno di queste specie per eliminare i parassiti dagli alberi<\/p><\/blockquote>\n\n\n\n<div class=\"wp-block-image\"><figure class=\"alignleft size-large is-resized\"><img loading=\"lazy\" decoding=\"async\" src=\"https:\/\/www.monaco-tribune.com\/wp-content\/uploads\/2021\/03\/pose-nichoir-monaco-683x1024.jpeg\" alt=\"Casetta per gli uccelli Monaco\" class=\"wp-image-73389\" width=\"512\" height=\"768\" srcset=\"https:\/\/www.monaco-tribune.com\/wp-content\/uploads\/2021\/03\/pose-nichoir-monaco-683x1024.jpeg 683w, https:\/\/www.monaco-tribune.com\/wp-content\/uploads\/2021\/03\/pose-nichoir-monaco-200x300.jpeg 200w, https:\/\/www.monaco-tribune.com\/wp-content\/uploads\/2021\/03\/pose-nichoir-monaco.jpeg 1067w\" sizes=\"auto, (max-width: 512px) 100vw, 512px\" \/><figcaption>Casetta per gli uccelli \/ \u00a9 J.C. Vinaj<\/figcaption><\/figure><\/div>\n\n\n\n<h2 class=\"wp-block-heading\" id=\"h-adattarsi-o-prendere-il-volo\">Adattarsi o prendere il volo<\/h2>\n\n\n\n<p>Gli alberi cavi, le fessure sulle facciate o i tetti sono anfratti essenziali alla sopravvivenza di tantissimi volatili, permettendogli di passare l&#8217;inverno al riparo e di costruite il nido all&#8217;arrivo della primavera. Purtroppo, per\u00f2, sul territorio monegasco questi luoghi si fanno sempre pi\u00f9 rari, anche a causa della crescente urbanizzazione. &#8220;Ecco perch\u00e9 tre anni fa abbiamo lanciato un programma di installazione di casette per uccelli a Monaco, pensato per le specie che tendono ad abbandonare gli spazi urbani, tra cui i passeriformi come la cinciarella e il passerotto &#8220;, ricorda Ludovic Aquilina, responsabile della Divisione del patrimonio naturale, presso la Direzione dell&#8217;ambiente del Principato. &#8220;Abbiamo bisogno di queste specie per eliminare i parassiti dagli alberi, soprattutto le processionarie, in modo da non dover ricorrere a prodotti tossici&#8221;.<\/p>\n\n\n\n<p>Alcuni volatili, un tempo abituati alle falesie e agli ambienti rupestri, come il codirosso spazzacamino, abitano ormai sugli edifici delle citt\u00e0 e cantano dalle antenne dei palazzi. Ma anche se gli uccelli riescono talvolta ad adattarsi alla nostra presenza, preservare i loro habitat naturali resta un nostro dovere.<\/p>\n\n\n\n<p><strong>&gt;&gt; LEGGI ANCHE: <\/strong><a href=\"https:\/\/www.monaco-tribune.com\/it\/2021\/03\/tesori-del-mediterraneo-in-pericolo-la-niveole-de-nice-un-fiore-in-via-destinzione\/\">Tesori del Mediterraneo in pericolo. La Niv\u00e9ole de Nice, un fiore in via d\u2019estinzione<\/a><\/p>\n","protected":false},"excerpt":{"rendered":"<p>Falchi pellegrini, marangoni dal ciuffo o passeriformi. A Monaco, e nei comuni vicini delle Alpi Marittime, a un passo dalla [&hellip;]<\/p>\n","protected":false},"author":50,"featured_media":73383,"comment_status":"closed","ping_status":"closed","sticky":false,"template":"","format":"standard","meta":{"_acf_changed":false,"footnotes":""},"categories":[1826,1738,1752],"tags":[2999],"post_sectags":[],"post_format":[2476],"class_list":["post-73528","post","type-post","status-publish","format-standard","has-post-thumbnail","hentry","category-la-nostra-scelta","category-notizie","category-societa","tag-patrimonio","format-intervista"],"acf":[],"yoast_head":"<!-- This site is optimized with the Yoast SEO Premium plugin v27.5 (Yoast SEO v27.5) - https:\/\/yoast.com\/product\/yoast-seo-premium-wordpress\/ -->\n<title>Tesori del Mediterraneo in pericolo. Una popolazione di volatili da proteggere<\/title>\n<meta name=\"description\" content=\"Falchi pellegrini, marangoni dal ciuffo o passeriformi. A Monaco, e nei comuni vicini delle Alpi Marittime, a un passo dalla crescente urbanizzazione e\" \/>\n<meta name=\"robots\" content=\"index, follow, max-snippet:-1, max-image-preview:large, max-video-preview:-1\" \/>\n<link rel=\"canonical\" href=\"https:\/\/www.monaco-tribune.com\/it\/2021\/03\/tesori-del-mediterraneo-in-pericolo-una-popolazione-di-volatili-da-proteggere\/\" \/>\n<meta property=\"og:locale\" content=\"it_IT\" \/>\n<meta property=\"og:type\" content=\"article\" \/>\n<meta property=\"og:title\" content=\"Tesori del Mediterraneo in pericolo. Una popolazione di volatili da proteggere - Monaco Tribune\" \/>\n<meta property=\"og:description\" content=\"Falchi pellegrini, marangoni dal ciuffo o passeriformi. A Monaco, e nei comuni vicini delle Alpi Marittime, a un passo dalla crescente urbanizzazione e\" \/>\n<meta property=\"og:url\" content=\"https:\/\/www.monaco-tribune.com\/it\/2021\/03\/tesori-del-mediterraneo-in-pericolo-una-popolazione-di-volatili-da-proteggere\/\" \/>\n<meta property=\"og:site_name\" content=\"Monaco Tribune\" \/>\n<meta property=\"article:publisher\" content=\"https:\/\/www.facebook.com\/MonacoTribune\" \/>\n<meta property=\"article:published_time\" content=\"2021-03-26T17:56:57+00:00\" \/>\n<meta property=\"article:modified_time\" content=\"2021-04-06T09:24:31+00:00\" \/>\n<meta property=\"og:image\" content=\"https:\/\/www.monaco-tribune.com\/wp-content\/uploads\/2021\/03\/faucon-pe\u0300lerin-monaco-1.jpeg\" \/>\n\t<meta property=\"og:image:width\" content=\"1066\" \/>\n\t<meta property=\"og:image:height\" content=\"674\" \/>\n\t<meta property=\"og:image:type\" content=\"image\/jpeg\" \/>\n<meta name=\"author\" content=\"Aliz\u00e9e Mosconi\" \/>\n<meta name=\"twitter:card\" content=\"summary_large_image\" \/>\n<meta name=\"twitter:creator\" content=\"@MonacoTribune\" \/>\n<meta name=\"twitter:site\" content=\"@MonacoTribune\" \/>\n<script type=\"application\/ld+json\" class=\"yoast-schema-graph\">{\"@context\":\"https:\\\/\\\/schema.org\",\"@graph\":[{\"@type\":\"NewsArticle\",\"@id\":\"https:\\\/\\\/www.monaco-tribune.com\\\/it\\\/2021\\\/03\\\/tesori-del-mediterraneo-in-pericolo-una-popolazione-di-volatili-da-proteggere\\\/#article\",\"isPartOf\":{\"@id\":\"https:\\\/\\\/www.monaco-tribune.com\\\/it\\\/2021\\\/03\\\/tesori-del-mediterraneo-in-pericolo-una-popolazione-di-volatili-da-proteggere\\\/\"},\"author\":{\"name\":\"Aliz\u00e9e Mosconi\",\"@id\":\"https:\\\/\\\/www.monaco-tribune.com\\\/it\\\/#\\\/schema\\\/person\\\/bb7eedbeede1d20ce8d51e52bde2c1e8\"},\"headline\":\"Tesori del Mediterraneo in pericolo. Una popolazione di volatili da proteggere\",\"datePublished\":\"2021-03-26T17:56:57+00:00\",\"dateModified\":\"2021-04-06T09:24:31+00:00\",\"mainEntityOfPage\":{\"@id\":\"https:\\\/\\\/www.monaco-tribune.com\\\/it\\\/2021\\\/03\\\/tesori-del-mediterraneo-in-pericolo-una-popolazione-di-volatili-da-proteggere\\\/\"},\"wordCount\":591,\"publisher\":{\"@id\":\"https:\\\/\\\/www.monaco-tribune.com\\\/it\\\/#organization\"},\"image\":{\"@id\":\"https:\\\/\\\/www.monaco-tribune.com\\\/it\\\/2021\\\/03\\\/tesori-del-mediterraneo-in-pericolo-una-popolazione-di-volatili-da-proteggere\\\/#primaryimage\"},\"thumbnailUrl\":\"https:\\\/\\\/www.monaco-tribune.com\\\/wp-content\\\/uploads\\\/2021\\\/03\\\/faucon-pe\u0300lerin-monaco-1.jpeg\",\"keywords\":[\"Patrimonio\"],\"articleSection\":[\"La nostra scelta\",\"Notizie\",\"Societ\u00e0\"],\"inLanguage\":\"it-IT\",\"copyrightYear\":\"2021\",\"copyrightHolder\":{\"@id\":\"https:\\\/\\\/www.monaco-tribune.com\\\/#organization\"}},{\"@type\":\"WebPage\",\"@id\":\"https:\\\/\\\/www.monaco-tribune.com\\\/it\\\/2021\\\/03\\\/tesori-del-mediterraneo-in-pericolo-una-popolazione-di-volatili-da-proteggere\\\/\",\"url\":\"https:\\\/\\\/www.monaco-tribune.com\\\/it\\\/2021\\\/03\\\/tesori-del-mediterraneo-in-pericolo-una-popolazione-di-volatili-da-proteggere\\\/\",\"name\":\"Tesori del Mediterraneo in pericolo. Una popolazione di volatili da proteggere\",\"isPartOf\":{\"@id\":\"https:\\\/\\\/www.monaco-tribune.com\\\/it\\\/#website\"},\"primaryImageOfPage\":{\"@id\":\"https:\\\/\\\/www.monaco-tribune.com\\\/it\\\/2021\\\/03\\\/tesori-del-mediterraneo-in-pericolo-una-popolazione-di-volatili-da-proteggere\\\/#primaryimage\"},\"image\":{\"@id\":\"https:\\\/\\\/www.monaco-tribune.com\\\/it\\\/2021\\\/03\\\/tesori-del-mediterraneo-in-pericolo-una-popolazione-di-volatili-da-proteggere\\\/#primaryimage\"},\"thumbnailUrl\":\"https:\\\/\\\/www.monaco-tribune.com\\\/wp-content\\\/uploads\\\/2021\\\/03\\\/faucon-pe\u0300lerin-monaco-1.jpeg\",\"datePublished\":\"2021-03-26T17:56:57+00:00\",\"dateModified\":\"2021-04-06T09:24:31+00:00\",\"description\":\"Falchi pellegrini, marangoni dal ciuffo o passeriformi. A Monaco, e nei comuni vicini delle Alpi Marittime, a un passo dalla crescente urbanizzazione e\",\"breadcrumb\":{\"@id\":\"https:\\\/\\\/www.monaco-tribune.com\\\/it\\\/2021\\\/03\\\/tesori-del-mediterraneo-in-pericolo-una-popolazione-di-volatili-da-proteggere\\\/#breadcrumb\"},\"inLanguage\":\"it-IT\",\"potentialAction\":[{\"@type\":\"ReadAction\",\"target\":[\"https:\\\/\\\/www.monaco-tribune.com\\\/it\\\/2021\\\/03\\\/tesori-del-mediterraneo-in-pericolo-una-popolazione-di-volatili-da-proteggere\\\/\"]}]},{\"@type\":\"ImageObject\",\"inLanguage\":\"it-IT\",\"@id\":\"https:\\\/\\\/www.monaco-tribune.com\\\/it\\\/2021\\\/03\\\/tesori-del-mediterraneo-in-pericolo-una-popolazione-di-volatili-da-proteggere\\\/#primaryimage\",\"url\":\"https:\\\/\\\/www.monaco-tribune.com\\\/wp-content\\\/uploads\\\/2021\\\/03\\\/faucon-pe\u0300lerin-monaco-1.jpeg\",\"contentUrl\":\"https:\\\/\\\/www.monaco-tribune.com\\\/wp-content\\\/uploads\\\/2021\\\/03\\\/faucon-pe\u0300lerin-monaco-1.jpeg\",\"width\":1066,\"height\":674,\"caption\":\"J.C. Vinaj\"},{\"@type\":\"BreadcrumbList\",\"@id\":\"https:\\\/\\\/www.monaco-tribune.com\\\/it\\\/2021\\\/03\\\/tesori-del-mediterraneo-in-pericolo-una-popolazione-di-volatili-da-proteggere\\\/#breadcrumb\",\"itemListElement\":[{\"@type\":\"ListItem\",\"position\":1,\"name\":\"Accueil\",\"item\":\"https:\\\/\\\/www.monaco-tribune.com\\\/it\\\/\"},{\"@type\":\"ListItem\",\"position\":2,\"name\":\"Tesori del Mediterraneo in pericolo. Una popolazione di volatili da proteggere\"}]},{\"@type\":\"WebSite\",\"@id\":\"https:\\\/\\\/www.monaco-tribune.com\\\/it\\\/#website\",\"url\":\"https:\\\/\\\/www.monaco-tribune.com\\\/it\\\/\",\"name\":\"Monaco Tribune\",\"description\":\"Monaco : actualit\u00e9s \u00e9conomiques, politiques, culturelles et sportives de Monaco et de la French Riviera.\",\"publisher\":{\"@id\":\"https:\\\/\\\/www.monaco-tribune.com\\\/it\\\/#organization\"},\"potentialAction\":[{\"@type\":\"SearchAction\",\"target\":{\"@type\":\"EntryPoint\",\"urlTemplate\":\"https:\\\/\\\/www.monaco-tribune.com\\\/it\\\/?s={search_term_string}\"},\"query-input\":{\"@type\":\"PropertyValueSpecification\",\"valueRequired\":true,\"valueName\":\"search_term_string\"}}],\"inLanguage\":\"it-IT\"},{\"@type\":\"Organization\",\"@id\":\"https:\\\/\\\/www.monaco-tribune.com\\\/it\\\/#organization\",\"name\":\"Monaco Tribune\",\"url\":\"https:\\\/\\\/www.monaco-tribune.com\\\/it\\\/\",\"logo\":{\"@type\":\"ImageObject\",\"inLanguage\":\"it-IT\",\"@id\":\"https:\\\/\\\/www.monaco-tribune.com\\\/it\\\/#\\\/schema\\\/logo\\\/image\\\/\",\"url\":\"https:\\\/\\\/www.monaco-tribune.com\\\/wp-content\\\/uploads\\\/2022\\\/11\\\/logo-monaco-tribune.png\",\"contentUrl\":\"https:\\\/\\\/www.monaco-tribune.com\\\/wp-content\\\/uploads\\\/2022\\\/11\\\/logo-monaco-tribune.png\",\"width\":1548,\"height\":600,\"caption\":\"Monaco Tribune\"},\"image\":{\"@id\":\"https:\\\/\\\/www.monaco-tribune.com\\\/it\\\/#\\\/schema\\\/logo\\\/image\\\/\"},\"sameAs\":[\"https:\\\/\\\/www.facebook.com\\\/MonacoTribune\",\"https:\\\/\\\/x.com\\\/MonacoTribune\",\"https:\\\/\\\/www.instagram.com\\\/monacotribune\\\/\",\"https:\\\/\\\/www.linkedin.com\\\/company\\\/monaco-tribune\",\"https:\\\/\\\/www.youtube.com\\\/channel\\\/UCHle1MnG6hw1y4lWKijVbMA\"]},{\"@type\":\"Person\",\"@id\":\"https:\\\/\\\/www.monaco-tribune.com\\\/it\\\/#\\\/schema\\\/person\\\/bb7eedbeede1d20ce8d51e52bde2c1e8\",\"name\":\"Aliz\u00e9e Mosconi\",\"image\":{\"@type\":\"ImageObject\",\"inLanguage\":\"it-IT\",\"@id\":\"https:\\\/\\\/secure.gravatar.com\\\/avatar\\\/a01ecf8f75ca312b8db6f53ca7d56a4f7d4dd75acdd7f8605efab1d10294a17f?s=96&d=mm&r=g\",\"url\":\"https:\\\/\\\/secure.gravatar.com\\\/avatar\\\/a01ecf8f75ca312b8db6f53ca7d56a4f7d4dd75acdd7f8605efab1d10294a17f?s=96&d=mm&r=g\",\"contentUrl\":\"https:\\\/\\\/secure.gravatar.com\\\/avatar\\\/a01ecf8f75ca312b8db6f53ca7d56a4f7d4dd75acdd7f8605efab1d10294a17f?s=96&d=mm&r=g\",\"caption\":\"Aliz\u00e9e Mosconi\"},\"url\":\"https:\\\/\\\/www.monaco-tribune.com\\\/it\\\/author\\\/alizeemosconi\\\/\"}]}<\/script>\n<!-- \/ Yoast SEO Premium plugin. -->","yoast_head_json":{"title":"Tesori del Mediterraneo in pericolo. Una popolazione di volatili da proteggere","description":"Falchi pellegrini, marangoni dal ciuffo o passeriformi. A Monaco, e nei comuni vicini delle Alpi Marittime, a un passo dalla crescente urbanizzazione e","robots":{"index":"index","follow":"follow","max-snippet":"max-snippet:-1","max-image-preview":"max-image-preview:large","max-video-preview":"max-video-preview:-1"},"canonical":"https:\/\/www.monaco-tribune.com\/it\/2021\/03\/tesori-del-mediterraneo-in-pericolo-una-popolazione-di-volatili-da-proteggere\/","og_locale":"it_IT","og_type":"article","og_title":"Tesori del Mediterraneo in pericolo. Una popolazione di volatili da proteggere - Monaco Tribune","og_description":"Falchi pellegrini, marangoni dal ciuffo o passeriformi. A Monaco, e nei comuni vicini delle Alpi Marittime, a un passo dalla crescente urbanizzazione e","og_url":"https:\/\/www.monaco-tribune.com\/it\/2021\/03\/tesori-del-mediterraneo-in-pericolo-una-popolazione-di-volatili-da-proteggere\/","og_site_name":"Monaco Tribune","article_publisher":"https:\/\/www.facebook.com\/MonacoTribune","article_published_time":"2021-03-26T17:56:57+00:00","article_modified_time":"2021-04-06T09:24:31+00:00","og_image":[{"width":1066,"height":674,"url":"https:\/\/www.monaco-tribune.com\/wp-content\/uploads\/2021\/03\/faucon-pe\u0300lerin-monaco-1.jpeg","type":"image\/jpeg"}],"author":"Aliz\u00e9e Mosconi","twitter_card":"summary_large_image","twitter_creator":"@MonacoTribune","twitter_site":"@MonacoTribune","schema":{"@context":"https:\/\/schema.org","@graph":[{"@type":"NewsArticle","@id":"https:\/\/www.monaco-tribune.com\/it\/2021\/03\/tesori-del-mediterraneo-in-pericolo-una-popolazione-di-volatili-da-proteggere\/#article","isPartOf":{"@id":"https:\/\/www.monaco-tribune.com\/it\/2021\/03\/tesori-del-mediterraneo-in-pericolo-una-popolazione-di-volatili-da-proteggere\/"},"author":{"name":"Aliz\u00e9e Mosconi","@id":"https:\/\/www.monaco-tribune.com\/it\/#\/schema\/person\/bb7eedbeede1d20ce8d51e52bde2c1e8"},"headline":"Tesori del Mediterraneo in pericolo. Una popolazione di volatili da proteggere","datePublished":"2021-03-26T17:56:57+00:00","dateModified":"2021-04-06T09:24:31+00:00","mainEntityOfPage":{"@id":"https:\/\/www.monaco-tribune.com\/it\/2021\/03\/tesori-del-mediterraneo-in-pericolo-una-popolazione-di-volatili-da-proteggere\/"},"wordCount":591,"publisher":{"@id":"https:\/\/www.monaco-tribune.com\/it\/#organization"},"image":{"@id":"https:\/\/www.monaco-tribune.com\/it\/2021\/03\/tesori-del-mediterraneo-in-pericolo-una-popolazione-di-volatili-da-proteggere\/#primaryimage"},"thumbnailUrl":"https:\/\/www.monaco-tribune.com\/wp-content\/uploads\/2021\/03\/faucon-pe\u0300lerin-monaco-1.jpeg","keywords":["Patrimonio"],"articleSection":["La nostra scelta","Notizie","Societ\u00e0"],"inLanguage":"it-IT","copyrightYear":"2021","copyrightHolder":{"@id":"https:\/\/www.monaco-tribune.com\/#organization"}},{"@type":"WebPage","@id":"https:\/\/www.monaco-tribune.com\/it\/2021\/03\/tesori-del-mediterraneo-in-pericolo-una-popolazione-di-volatili-da-proteggere\/","url":"https:\/\/www.monaco-tribune.com\/it\/2021\/03\/tesori-del-mediterraneo-in-pericolo-una-popolazione-di-volatili-da-proteggere\/","name":"Tesori del Mediterraneo in pericolo. Una popolazione di volatili da proteggere","isPartOf":{"@id":"https:\/\/www.monaco-tribune.com\/it\/#website"},"primaryImageOfPage":{"@id":"https:\/\/www.monaco-tribune.com\/it\/2021\/03\/tesori-del-mediterraneo-in-pericolo-una-popolazione-di-volatili-da-proteggere\/#primaryimage"},"image":{"@id":"https:\/\/www.monaco-tribune.com\/it\/2021\/03\/tesori-del-mediterraneo-in-pericolo-una-popolazione-di-volatili-da-proteggere\/#primaryimage"},"thumbnailUrl":"https:\/\/www.monaco-tribune.com\/wp-content\/uploads\/2021\/03\/faucon-pe\u0300lerin-monaco-1.jpeg","datePublished":"2021-03-26T17:56:57+00:00","dateModified":"2021-04-06T09:24:31+00:00","description":"Falchi pellegrini, marangoni dal ciuffo o passeriformi. A Monaco, e nei comuni vicini delle Alpi Marittime, a un passo dalla crescente urbanizzazione e","breadcrumb":{"@id":"https:\/\/www.monaco-tribune.com\/it\/2021\/03\/tesori-del-mediterraneo-in-pericolo-una-popolazione-di-volatili-da-proteggere\/#breadcrumb"},"inLanguage":"it-IT","potentialAction":[{"@type":"ReadAction","target":["https:\/\/www.monaco-tribune.com\/it\/2021\/03\/tesori-del-mediterraneo-in-pericolo-una-popolazione-di-volatili-da-proteggere\/"]}]},{"@type":"ImageObject","inLanguage":"it-IT","@id":"https:\/\/www.monaco-tribune.com\/it\/2021\/03\/tesori-del-mediterraneo-in-pericolo-una-popolazione-di-volatili-da-proteggere\/#primaryimage","url":"https:\/\/www.monaco-tribune.com\/wp-content\/uploads\/2021\/03\/faucon-pe\u0300lerin-monaco-1.jpeg","contentUrl":"https:\/\/www.monaco-tribune.com\/wp-content\/uploads\/2021\/03\/faucon-pe\u0300lerin-monaco-1.jpeg","width":1066,"height":674,"caption":"J.C. Vinaj"},{"@type":"BreadcrumbList","@id":"https:\/\/www.monaco-tribune.com\/it\/2021\/03\/tesori-del-mediterraneo-in-pericolo-una-popolazione-di-volatili-da-proteggere\/#breadcrumb","itemListElement":[{"@type":"ListItem","position":1,"name":"Accueil","item":"https:\/\/www.monaco-tribune.com\/it\/"},{"@type":"ListItem","position":2,"name":"Tesori del Mediterraneo in pericolo. Una popolazione di volatili da proteggere"}]},{"@type":"WebSite","@id":"https:\/\/www.monaco-tribune.com\/it\/#website","url":"https:\/\/www.monaco-tribune.com\/it\/","name":"Monaco Tribune","description":"Monaco : actualit\u00e9s \u00e9conomiques, politiques, culturelles et sportives de Monaco et de la French Riviera.","publisher":{"@id":"https:\/\/www.monaco-tribune.com\/it\/#organization"},"potentialAction":[{"@type":"SearchAction","target":{"@type":"EntryPoint","urlTemplate":"https:\/\/www.monaco-tribune.com\/it\/?s={search_term_string}"},"query-input":{"@type":"PropertyValueSpecification","valueRequired":true,"valueName":"search_term_string"}}],"inLanguage":"it-IT"},{"@type":"Organization","@id":"https:\/\/www.monaco-tribune.com\/it\/#organization","name":"Monaco Tribune","url":"https:\/\/www.monaco-tribune.com\/it\/","logo":{"@type":"ImageObject","inLanguage":"it-IT","@id":"https:\/\/www.monaco-tribune.com\/it\/#\/schema\/logo\/image\/","url":"https:\/\/www.monaco-tribune.com\/wp-content\/uploads\/2022\/11\/logo-monaco-tribune.png","contentUrl":"https:\/\/www.monaco-tribune.com\/wp-content\/uploads\/2022\/11\/logo-monaco-tribune.png","width":1548,"height":600,"caption":"Monaco Tribune"},"image":{"@id":"https:\/\/www.monaco-tribune.com\/it\/#\/schema\/logo\/image\/"},"sameAs":["https:\/\/www.facebook.com\/MonacoTribune","https:\/\/x.com\/MonacoTribune","https:\/\/www.instagram.com\/monacotribune\/","https:\/\/www.linkedin.com\/company\/monaco-tribune","https:\/\/www.youtube.com\/channel\/UCHle1MnG6hw1y4lWKijVbMA"]},{"@type":"Person","@id":"https:\/\/www.monaco-tribune.com\/it\/#\/schema\/person\/bb7eedbeede1d20ce8d51e52bde2c1e8","name":"Aliz\u00e9e Mosconi","image":{"@type":"ImageObject","inLanguage":"it-IT","@id":"https:\/\/secure.gravatar.com\/avatar\/a01ecf8f75ca312b8db6f53ca7d56a4f7d4dd75acdd7f8605efab1d10294a17f?s=96&d=mm&r=g","url":"https:\/\/secure.gravatar.com\/avatar\/a01ecf8f75ca312b8db6f53ca7d56a4f7d4dd75acdd7f8605efab1d10294a17f?s=96&d=mm&r=g","contentUrl":"https:\/\/secure.gravatar.com\/avatar\/a01ecf8f75ca312b8db6f53ca7d56a4f7d4dd75acdd7f8605efab1d10294a17f?s=96&d=mm&r=g","caption":"Aliz\u00e9e Mosconi"},"url":"https:\/\/www.monaco-tribune.com\/it\/author\/alizeemosconi\/"}]}},"_links":{"self":[{"href":"https:\/\/www.monaco-tribune.com\/it\/wp-json\/wp\/v2\/posts\/73528","targetHints":{"allow":["GET"]}}],"collection":[{"href":"https:\/\/www.monaco-tribune.com\/it\/wp-json\/wp\/v2\/posts"}],"about":[{"href":"https:\/\/www.monaco-tribune.com\/it\/wp-json\/wp\/v2\/types\/post"}],"author":[{"embeddable":true,"href":"https:\/\/www.monaco-tribune.com\/it\/wp-json\/wp\/v2\/users\/50"}],"replies":[{"embeddable":true,"href":"https:\/\/www.monaco-tribune.com\/it\/wp-json\/wp\/v2\/comments?post=73528"}],"version-history":[{"count":0,"href":"https:\/\/www.monaco-tribune.com\/it\/wp-json\/wp\/v2\/posts\/73528\/revisions"}],"wp:featuredmedia":[{"embeddable":true,"href":"https:\/\/www.monaco-tribune.com\/it\/wp-json\/wp\/v2\/media\/73383"}],"wp:attachment":[{"href":"https:\/\/www.monaco-tribune.com\/it\/wp-json\/wp\/v2\/media?parent=73528"}],"wp:term":[{"taxonomy":"category","embeddable":true,"href":"https:\/\/www.monaco-tribune.com\/it\/wp-json\/wp\/v2\/categories?post=73528"},{"taxonomy":"post_tag","embeddable":true,"href":"https:\/\/www.monaco-tribune.com\/it\/wp-json\/wp\/v2\/tags?post=73528"},{"taxonomy":"sectag","embeddable":true,"href":"https:\/\/www.monaco-tribune.com\/it\/wp-json\/wp\/v2\/post_sectags?post=73528"},{"taxonomy":"format","embeddable":true,"href":"https:\/\/www.monaco-tribune.com\/it\/wp-json\/wp\/v2\/post_format?post=73528"}],"curies":[{"name":"wp","href":"https:\/\/api.w.org\/{rel}","templated":true}]}}