{"id":75336,"date":"2021-04-15T17:09:10","date_gmt":"2021-04-15T15:09:10","guid":{"rendered":"https:\/\/www.monaco-tribune.com\/2021\/04\/la-ferrari-di-leclerc-entra-nella-collezione-di-auto-del-principe-alberto-ii\/"},"modified":"2021-04-16T20:21:16","modified_gmt":"2021-04-16T18:21:16","slug":"la-ferrari-di-leclerc-entra-nella-collezione-di-auto-del-principe-alberto-ii","status":"publish","type":"post","link":"https:\/\/www.monaco-tribune.com\/it\/2021\/04\/la-ferrari-di-leclerc-entra-nella-collezione-di-auto-del-principe-alberto-ii\/","title":{"rendered":"La Ferrari di Leclerc entra nella collezione di auto del Principe Alberto II"},"content":{"rendered":"\n<p><strong>La Ferrari SF90 guidata da Charles Leclerc durante la stagione 2019 \u00e8 arrivata a Monaco questo luned\u00ec per essere aggiunta alla collezione di automobili del Principe Alberto II.<\/strong><\/p>\n\n\n\n<p>Un regalo unico nel suo genere. La settimana scorsa, Charles Leclerc ha ricevuto la sua SF90 direttamente da Maranello. Una Ferrari ormai leggendaria, che il pilota monegasco ha deciso di esporre alla collezione di automobili del Principe Alberto II. \u00c8 proprio al volante di questa vettura che Leclerc ha conquistato le sue prime due vittorie in Formula 1, nel circuito di Spa-Francorchamps, in Belgio, e in quello di Monza.<\/p>\n\n\n\n<blockquote class=\"wp-block-quote is-layout-flow wp-block-quote-is-layout-flow\"><p><em>So che sar\u00e0 in buone mani<\/em><\/p><cite>Charles Leclerc <\/cite><\/blockquote>\n\n\n\n<p>&#8220;\u00c8 stata la F1 pi\u00f9 significativa per me&#8221;, ha confessato ai microfoni di <a href=\"https:\/\/www.facebook.com\/MonacoInfo\/posts\/2953647784870590\">Monaco Info<\/a>. &#8220;\u00c8 su questa monoposto che ho esaudito tutti i miei sogni in Formula 1, o quasi. La prima vittoria in F1, la prima volta da pilota Ferrari, la prima pole position, rappresenta davvero tanto per me. Ma so che sar\u00e0 in buone mani, quindi sono contento&#8221;.<\/p>\n\n\n\n<p><strong>&gt;&gt; LEGGI ANCHE: <\/strong><a href=\"https:\/\/www.monaco-tribune.com\/it\/2021\/01\/video-lauto-e-il-fumetto-riuniti-alla-collezione-delle-auto-del-principe\/\">VIDEO. L\u2019auto e il fumetto riuniti alla Collezione delle Auto del Principe<\/a><\/p>\n\n\n\n<p>Anche se la collezione del Principe non \u00e8 al momento aperta al pubblico, sar\u00e0 possibile guardare da vicino l&#8217;incredibile monoposto alla riapertura del museo. &#8220;\u00c8 fantastico averla nella collezione e continuare su questa tematica&#8221;, si rallegra il Principe Alberto II con i colleghi di Monaco Info. &#8220;Questa costante evoluzione della Formula 1 \u00e8 straordinaria. I materiali utilizzati, le attrezzature sofisticate, ma anche la dimensione e l&#8217;aderenza al suolo di queste vetture. Ora tutti potranno avere accesso a questi veicoli e vederli pi\u00f9 da vicino, \u00e8 davvero fantastico&#8221;.<\/p>\n\n\n\n<p><strong>&gt;&gt; LEGGI ANCHE: <\/strong><a href=\"https:\/\/www.monaco-tribune.com\/it\/2020\/09\/le-migliori-5-automobili-della-collezione-di-automobili-di-s-a-s-il-principe-di-monaco\/\">Le migliori 5 automobili della Collezione di automobili di S.A.S. il Principe di Monaco<\/a><\/p>\n","protected":false},"excerpt":{"rendered":"<p>La Ferrari SF90 guidata da Charles Leclerc durante la stagione 2019 \u00e8 arrivata a Monaco questo luned\u00ec per essere aggiunta [&hellip;]<\/p>\n","protected":false},"author":24,"featured_media":75118,"comment_status":"closed","ping_status":"closed","sticky":false,"template":"","format":"standard","meta":{"_acf_changed":false,"footnotes":""},"categories":[1742,1738,1743],"tags":[3348],"post_sectags":[],"post_format":[2478],"class_list":["post-75336","post","type-post","status-publish","format-standard","has-post-thumbnail","hentry","category-famiglia-principesca","category-notizie","category-sport-it","tag-charles-leclerc-it","format-notizia"],"acf":[],"yoast_head":"<!-- This site is optimized with the Yoast SEO Premium plugin v26.8 (Yoast SEO v27.5) - https:\/\/yoast.com\/product\/yoast-seo-premium-wordpress\/ -->\n<title>La Ferrari di Leclerc entra nella collezione di auto del Principe Alberto II<\/title>\n<meta name=\"description\" content=\"La Ferrari SF90 guidata da Charles Leclerc durante la stagione 2019 \u00e8 arrivata a Monaco questo luned\u00ec per essere aggiunta alla collezione di automobili\" \/>\n<meta name=\"robots\" content=\"index, follow, max-snippet:-1, max-image-preview:large, max-video-preview:-1\" \/>\n<link rel=\"canonical\" href=\"https:\/\/www.monaco-tribune.com\/it\/2021\/04\/la-ferrari-di-leclerc-entra-nella-collezione-di-auto-del-principe-alberto-ii\/\" \/>\n<meta property=\"og:locale\" content=\"it_IT\" \/>\n<meta property=\"og:type\" content=\"article\" \/>\n<meta property=\"og:title\" content=\"La Ferrari di Leclerc entra nella collezione di auto del Principe Alberto II - Monaco Tribune\" \/>\n<meta property=\"og:description\" content=\"La Ferrari SF90 guidata da Charles Leclerc durante la stagione 2019 \u00e8 arrivata a Monaco questo luned\u00ec per essere aggiunta alla collezione di automobili\" \/>\n<meta property=\"og:url\" content=\"https:\/\/www.monaco-tribune.com\/it\/2021\/04\/la-ferrari-di-leclerc-entra-nella-collezione-di-auto-del-principe-alberto-ii\/\" \/>\n<meta property=\"og:site_name\" content=\"Monaco Tribune\" \/>\n<meta property=\"article:publisher\" content=\"https:\/\/www.facebook.com\/MonacoTribune\" \/>\n<meta property=\"article:published_time\" content=\"2021-04-15T15:09:10+00:00\" \/>\n<meta property=\"article:modified_time\" content=\"2021-04-16T18:21:16+00:00\" \/>\n<meta property=\"og:image\" content=\"https:\/\/www.monaco-tribune.com\/wp-content\/uploads\/2021\/04\/charles-leclerc-prince-albert-ii-min.jpg\" \/>\n\t<meta property=\"og:image:width\" content=\"2048\" \/>\n\t<meta property=\"og:image:height\" content=\"1365\" \/>\n\t<meta property=\"og:image:type\" content=\"image\/jpeg\" \/>\n<meta name=\"author\" content=\"Romain Boisaubert\" \/>\n<meta name=\"twitter:card\" content=\"summary_large_image\" \/>\n<meta name=\"twitter:creator\" content=\"@MonacoTribune\" \/>\n<meta name=\"twitter:site\" content=\"@MonacoTribune\" \/>\n<script type=\"application\/ld+json\" class=\"yoast-schema-graph\">{\"@context\":\"https:\\\/\\\/schema.org\",\"@graph\":[{\"@type\":\"NewsArticle\",\"@id\":\"https:\\\/\\\/www.monaco-tribune.com\\\/it\\\/2021\\\/04\\\/la-ferrari-di-leclerc-entra-nella-collezione-di-auto-del-principe-alberto-ii\\\/#article\",\"isPartOf\":{\"@id\":\"https:\\\/\\\/www.monaco-tribune.com\\\/it\\\/2021\\\/04\\\/la-ferrari-di-leclerc-entra-nella-collezione-di-auto-del-principe-alberto-ii\\\/\"},\"author\":{\"name\":\"Romain Boisaubert\",\"@id\":\"https:\\\/\\\/www.monaco-tribune.com\\\/it\\\/#\\\/schema\\\/person\\\/330a3732947cf8cb41b2533a0eadd62e\"},\"headline\":\"La Ferrari di Leclerc entra nella collezione di auto del Principe Alberto II\",\"datePublished\":\"2021-04-15T15:09:10+00:00\",\"dateModified\":\"2021-04-16T18:21:16+00:00\",\"mainEntityOfPage\":{\"@id\":\"https:\\\/\\\/www.monaco-tribune.com\\\/it\\\/2021\\\/04\\\/la-ferrari-di-leclerc-entra-nella-collezione-di-auto-del-principe-alberto-ii\\\/\"},\"wordCount\":292,\"publisher\":{\"@id\":\"https:\\\/\\\/www.monaco-tribune.com\\\/it\\\/#organization\"},\"image\":{\"@id\":\"https:\\\/\\\/www.monaco-tribune.com\\\/it\\\/2021\\\/04\\\/la-ferrari-di-leclerc-entra-nella-collezione-di-auto-del-principe-alberto-ii\\\/#primaryimage\"},\"thumbnailUrl\":\"https:\\\/\\\/www.monaco-tribune.com\\\/wp-content\\\/uploads\\\/2021\\\/04\\\/charles-leclerc-prince-albert-ii-min.jpg\",\"keywords\":[\"Charles Leclerc\"],\"articleSection\":[\"Famiglia Principesca\",\"Notizie\",\"Sport\"],\"inLanguage\":\"it-IT\",\"copyrightYear\":\"2021\",\"copyrightHolder\":{\"@id\":\"https:\\\/\\\/www.monaco-tribune.com\\\/#organization\"}},{\"@type\":\"WebPage\",\"@id\":\"https:\\\/\\\/www.monaco-tribune.com\\\/it\\\/2021\\\/04\\\/la-ferrari-di-leclerc-entra-nella-collezione-di-auto-del-principe-alberto-ii\\\/\",\"url\":\"https:\\\/\\\/www.monaco-tribune.com\\\/it\\\/2021\\\/04\\\/la-ferrari-di-leclerc-entra-nella-collezione-di-auto-del-principe-alberto-ii\\\/\",\"name\":\"La Ferrari di Leclerc entra nella collezione di auto del Principe Alberto II\",\"isPartOf\":{\"@id\":\"https:\\\/\\\/www.monaco-tribune.com\\\/it\\\/#website\"},\"primaryImageOfPage\":{\"@id\":\"https:\\\/\\\/www.monaco-tribune.com\\\/it\\\/2021\\\/04\\\/la-ferrari-di-leclerc-entra-nella-collezione-di-auto-del-principe-alberto-ii\\\/#primaryimage\"},\"image\":{\"@id\":\"https:\\\/\\\/www.monaco-tribune.com\\\/it\\\/2021\\\/04\\\/la-ferrari-di-leclerc-entra-nella-collezione-di-auto-del-principe-alberto-ii\\\/#primaryimage\"},\"thumbnailUrl\":\"https:\\\/\\\/www.monaco-tribune.com\\\/wp-content\\\/uploads\\\/2021\\\/04\\\/charles-leclerc-prince-albert-ii-min.jpg\",\"datePublished\":\"2021-04-15T15:09:10+00:00\",\"dateModified\":\"2021-04-16T18:21:16+00:00\",\"description\":\"La Ferrari SF90 guidata da Charles Leclerc durante la stagione 2019 \u00e8 arrivata a Monaco questo luned\u00ec per essere aggiunta alla collezione di automobili\",\"breadcrumb\":{\"@id\":\"https:\\\/\\\/www.monaco-tribune.com\\\/it\\\/2021\\\/04\\\/la-ferrari-di-leclerc-entra-nella-collezione-di-auto-del-principe-alberto-ii\\\/#breadcrumb\"},\"inLanguage\":\"it-IT\",\"potentialAction\":[{\"@type\":\"ReadAction\",\"target\":[\"https:\\\/\\\/www.monaco-tribune.com\\\/it\\\/2021\\\/04\\\/la-ferrari-di-leclerc-entra-nella-collezione-di-auto-del-principe-alberto-ii\\\/\"]}]},{\"@type\":\"ImageObject\",\"inLanguage\":\"it-IT\",\"@id\":\"https:\\\/\\\/www.monaco-tribune.com\\\/it\\\/2021\\\/04\\\/la-ferrari-di-leclerc-entra-nella-collezione-di-auto-del-principe-alberto-ii\\\/#primaryimage\",\"url\":\"https:\\\/\\\/www.monaco-tribune.com\\\/wp-content\\\/uploads\\\/2021\\\/04\\\/charles-leclerc-prince-albert-ii-min.jpg\",\"contentUrl\":\"https:\\\/\\\/www.monaco-tribune.com\\\/wp-content\\\/uploads\\\/2021\\\/04\\\/charles-leclerc-prince-albert-ii-min.jpg\",\"width\":2048,\"height\":1365,\"caption\":\"Direzione della comunicazione \\\/ Michael Alesi\"},{\"@type\":\"BreadcrumbList\",\"@id\":\"https:\\\/\\\/www.monaco-tribune.com\\\/it\\\/2021\\\/04\\\/la-ferrari-di-leclerc-entra-nella-collezione-di-auto-del-principe-alberto-ii\\\/#breadcrumb\",\"itemListElement\":[{\"@type\":\"ListItem\",\"position\":1,\"name\":\"Accueil\",\"item\":\"https:\\\/\\\/www.monaco-tribune.com\\\/it\\\/\"},{\"@type\":\"ListItem\",\"position\":2,\"name\":\"La Ferrari di Leclerc entra nella collezione di auto del Principe Alberto II\"}]},{\"@type\":\"WebSite\",\"@id\":\"https:\\\/\\\/www.monaco-tribune.com\\\/it\\\/#website\",\"url\":\"https:\\\/\\\/www.monaco-tribune.com\\\/it\\\/\",\"name\":\"Monaco Tribune\",\"description\":\"Monaco : actualit\u00e9s \u00e9conomiques, politiques, culturelles et sportives de Monaco et de la French Riviera.\",\"publisher\":{\"@id\":\"https:\\\/\\\/www.monaco-tribune.com\\\/it\\\/#organization\"},\"potentialAction\":[{\"@type\":\"SearchAction\",\"target\":{\"@type\":\"EntryPoint\",\"urlTemplate\":\"https:\\\/\\\/www.monaco-tribune.com\\\/it\\\/?s={search_term_string}\"},\"query-input\":{\"@type\":\"PropertyValueSpecification\",\"valueRequired\":true,\"valueName\":\"search_term_string\"}}],\"inLanguage\":\"it-IT\"},{\"@type\":\"Organization\",\"@id\":\"https:\\\/\\\/www.monaco-tribune.com\\\/it\\\/#organization\",\"name\":\"Monaco Tribune\",\"url\":\"https:\\\/\\\/www.monaco-tribune.com\\\/it\\\/\",\"logo\":{\"@type\":\"ImageObject\",\"inLanguage\":\"it-IT\",\"@id\":\"https:\\\/\\\/www.monaco-tribune.com\\\/it\\\/#\\\/schema\\\/logo\\\/image\\\/\",\"url\":\"https:\\\/\\\/www.monaco-tribune.com\\\/wp-content\\\/uploads\\\/2022\\\/11\\\/logo-monaco-tribune.png\",\"contentUrl\":\"https:\\\/\\\/www.monaco-tribune.com\\\/wp-content\\\/uploads\\\/2022\\\/11\\\/logo-monaco-tribune.png\",\"width\":1548,\"height\":600,\"caption\":\"Monaco Tribune\"},\"image\":{\"@id\":\"https:\\\/\\\/www.monaco-tribune.com\\\/it\\\/#\\\/schema\\\/logo\\\/image\\\/\"},\"sameAs\":[\"https:\\\/\\\/www.facebook.com\\\/MonacoTribune\",\"https:\\\/\\\/x.com\\\/MonacoTribune\",\"https:\\\/\\\/www.instagram.com\\\/monacotribune\\\/\",\"https:\\\/\\\/www.linkedin.com\\\/company\\\/monaco-tribune\",\"https:\\\/\\\/www.youtube.com\\\/channel\\\/UCHle1MnG6hw1y4lWKijVbMA\"]},{\"@type\":\"Person\",\"@id\":\"https:\\\/\\\/www.monaco-tribune.com\\\/it\\\/#\\\/schema\\\/person\\\/330a3732947cf8cb41b2533a0eadd62e\",\"name\":\"Romain Boisaubert\",\"image\":{\"@type\":\"ImageObject\",\"inLanguage\":\"it-IT\",\"@id\":\"https:\\\/\\\/secure.gravatar.com\\\/avatar\\\/f8b90d41f1eabd1cbe4cf59e09d8db41a697d51919bf2dfe727589a24a4a4d54?s=96&d=mm&r=g\",\"url\":\"https:\\\/\\\/secure.gravatar.com\\\/avatar\\\/f8b90d41f1eabd1cbe4cf59e09d8db41a697d51919bf2dfe727589a24a4a4d54?s=96&d=mm&r=g\",\"contentUrl\":\"https:\\\/\\\/secure.gravatar.com\\\/avatar\\\/f8b90d41f1eabd1cbe4cf59e09d8db41a697d51919bf2dfe727589a24a4a4d54?s=96&d=mm&r=g\",\"caption\":\"Romain Boisaubert\"},\"description\":\"Test bio\",\"url\":\"https:\\\/\\\/www.monaco-tribune.com\\\/it\\\/author\\\/romain-boisaubert\\\/\"}]}<\/script>\n<!-- \/ Yoast SEO Premium plugin. -->","yoast_head_json":{"title":"La Ferrari di Leclerc entra nella collezione di auto del Principe Alberto II","description":"La Ferrari SF90 guidata da Charles Leclerc durante la stagione 2019 \u00e8 arrivata a Monaco questo luned\u00ec per essere aggiunta alla collezione di automobili","robots":{"index":"index","follow":"follow","max-snippet":"max-snippet:-1","max-image-preview":"max-image-preview:large","max-video-preview":"max-video-preview:-1"},"canonical":"https:\/\/www.monaco-tribune.com\/it\/2021\/04\/la-ferrari-di-leclerc-entra-nella-collezione-di-auto-del-principe-alberto-ii\/","og_locale":"it_IT","og_type":"article","og_title":"La Ferrari di Leclerc entra nella collezione di auto del Principe Alberto II - Monaco Tribune","og_description":"La Ferrari SF90 guidata da Charles Leclerc durante la stagione 2019 \u00e8 arrivata a Monaco questo luned\u00ec per essere aggiunta alla collezione di automobili","og_url":"https:\/\/www.monaco-tribune.com\/it\/2021\/04\/la-ferrari-di-leclerc-entra-nella-collezione-di-auto-del-principe-alberto-ii\/","og_site_name":"Monaco Tribune","article_publisher":"https:\/\/www.facebook.com\/MonacoTribune","article_published_time":"2021-04-15T15:09:10+00:00","article_modified_time":"2021-04-16T18:21:16+00:00","og_image":[{"width":2048,"height":1365,"url":"https:\/\/www.monaco-tribune.com\/wp-content\/uploads\/2021\/04\/charles-leclerc-prince-albert-ii-min.jpg","type":"image\/jpeg"}],"author":"Romain Boisaubert","twitter_card":"summary_large_image","twitter_creator":"@MonacoTribune","twitter_site":"@MonacoTribune","schema":{"@context":"https:\/\/schema.org","@graph":[{"@type":"NewsArticle","@id":"https:\/\/www.monaco-tribune.com\/it\/2021\/04\/la-ferrari-di-leclerc-entra-nella-collezione-di-auto-del-principe-alberto-ii\/#article","isPartOf":{"@id":"https:\/\/www.monaco-tribune.com\/it\/2021\/04\/la-ferrari-di-leclerc-entra-nella-collezione-di-auto-del-principe-alberto-ii\/"},"author":{"name":"Romain Boisaubert","@id":"https:\/\/www.monaco-tribune.com\/it\/#\/schema\/person\/330a3732947cf8cb41b2533a0eadd62e"},"headline":"La Ferrari di Leclerc entra nella collezione di auto del Principe Alberto II","datePublished":"2021-04-15T15:09:10+00:00","dateModified":"2021-04-16T18:21:16+00:00","mainEntityOfPage":{"@id":"https:\/\/www.monaco-tribune.com\/it\/2021\/04\/la-ferrari-di-leclerc-entra-nella-collezione-di-auto-del-principe-alberto-ii\/"},"wordCount":292,"publisher":{"@id":"https:\/\/www.monaco-tribune.com\/it\/#organization"},"image":{"@id":"https:\/\/www.monaco-tribune.com\/it\/2021\/04\/la-ferrari-di-leclerc-entra-nella-collezione-di-auto-del-principe-alberto-ii\/#primaryimage"},"thumbnailUrl":"https:\/\/www.monaco-tribune.com\/wp-content\/uploads\/2021\/04\/charles-leclerc-prince-albert-ii-min.jpg","keywords":["Charles Leclerc"],"articleSection":["Famiglia Principesca","Notizie","Sport"],"inLanguage":"it-IT","copyrightYear":"2021","copyrightHolder":{"@id":"https:\/\/www.monaco-tribune.com\/#organization"}},{"@type":"WebPage","@id":"https:\/\/www.monaco-tribune.com\/it\/2021\/04\/la-ferrari-di-leclerc-entra-nella-collezione-di-auto-del-principe-alberto-ii\/","url":"https:\/\/www.monaco-tribune.com\/it\/2021\/04\/la-ferrari-di-leclerc-entra-nella-collezione-di-auto-del-principe-alberto-ii\/","name":"La Ferrari di Leclerc entra nella collezione di auto del Principe Alberto II","isPartOf":{"@id":"https:\/\/www.monaco-tribune.com\/it\/#website"},"primaryImageOfPage":{"@id":"https:\/\/www.monaco-tribune.com\/it\/2021\/04\/la-ferrari-di-leclerc-entra-nella-collezione-di-auto-del-principe-alberto-ii\/#primaryimage"},"image":{"@id":"https:\/\/www.monaco-tribune.com\/it\/2021\/04\/la-ferrari-di-leclerc-entra-nella-collezione-di-auto-del-principe-alberto-ii\/#primaryimage"},"thumbnailUrl":"https:\/\/www.monaco-tribune.com\/wp-content\/uploads\/2021\/04\/charles-leclerc-prince-albert-ii-min.jpg","datePublished":"2021-04-15T15:09:10+00:00","dateModified":"2021-04-16T18:21:16+00:00","description":"La Ferrari SF90 guidata da Charles Leclerc durante la stagione 2019 \u00e8 arrivata a Monaco questo luned\u00ec per essere aggiunta alla collezione di automobili","breadcrumb":{"@id":"https:\/\/www.monaco-tribune.com\/it\/2021\/04\/la-ferrari-di-leclerc-entra-nella-collezione-di-auto-del-principe-alberto-ii\/#breadcrumb"},"inLanguage":"it-IT","potentialAction":[{"@type":"ReadAction","target":["https:\/\/www.monaco-tribune.com\/it\/2021\/04\/la-ferrari-di-leclerc-entra-nella-collezione-di-auto-del-principe-alberto-ii\/"]}]},{"@type":"ImageObject","inLanguage":"it-IT","@id":"https:\/\/www.monaco-tribune.com\/it\/2021\/04\/la-ferrari-di-leclerc-entra-nella-collezione-di-auto-del-principe-alberto-ii\/#primaryimage","url":"https:\/\/www.monaco-tribune.com\/wp-content\/uploads\/2021\/04\/charles-leclerc-prince-albert-ii-min.jpg","contentUrl":"https:\/\/www.monaco-tribune.com\/wp-content\/uploads\/2021\/04\/charles-leclerc-prince-albert-ii-min.jpg","width":2048,"height":1365,"caption":"Direzione della comunicazione \/ Michael Alesi"},{"@type":"BreadcrumbList","@id":"https:\/\/www.monaco-tribune.com\/it\/2021\/04\/la-ferrari-di-leclerc-entra-nella-collezione-di-auto-del-principe-alberto-ii\/#breadcrumb","itemListElement":[{"@type":"ListItem","position":1,"name":"Accueil","item":"https:\/\/www.monaco-tribune.com\/it\/"},{"@type":"ListItem","position":2,"name":"La Ferrari di Leclerc entra nella collezione di auto del Principe Alberto II"}]},{"@type":"WebSite","@id":"https:\/\/www.monaco-tribune.com\/it\/#website","url":"https:\/\/www.monaco-tribune.com\/it\/","name":"Monaco Tribune","description":"Monaco : actualit\u00e9s \u00e9conomiques, politiques, culturelles et sportives de Monaco et de la French Riviera.","publisher":{"@id":"https:\/\/www.monaco-tribune.com\/it\/#organization"},"potentialAction":[{"@type":"SearchAction","target":{"@type":"EntryPoint","urlTemplate":"https:\/\/www.monaco-tribune.com\/it\/?s={search_term_string}"},"query-input":{"@type":"PropertyValueSpecification","valueRequired":true,"valueName":"search_term_string"}}],"inLanguage":"it-IT"},{"@type":"Organization","@id":"https:\/\/www.monaco-tribune.com\/it\/#organization","name":"Monaco Tribune","url":"https:\/\/www.monaco-tribune.com\/it\/","logo":{"@type":"ImageObject","inLanguage":"it-IT","@id":"https:\/\/www.monaco-tribune.com\/it\/#\/schema\/logo\/image\/","url":"https:\/\/www.monaco-tribune.com\/wp-content\/uploads\/2022\/11\/logo-monaco-tribune.png","contentUrl":"https:\/\/www.monaco-tribune.com\/wp-content\/uploads\/2022\/11\/logo-monaco-tribune.png","width":1548,"height":600,"caption":"Monaco Tribune"},"image":{"@id":"https:\/\/www.monaco-tribune.com\/it\/#\/schema\/logo\/image\/"},"sameAs":["https:\/\/www.facebook.com\/MonacoTribune","https:\/\/x.com\/MonacoTribune","https:\/\/www.instagram.com\/monacotribune\/","https:\/\/www.linkedin.com\/company\/monaco-tribune","https:\/\/www.youtube.com\/channel\/UCHle1MnG6hw1y4lWKijVbMA"]},{"@type":"Person","@id":"https:\/\/www.monaco-tribune.com\/it\/#\/schema\/person\/330a3732947cf8cb41b2533a0eadd62e","name":"Romain Boisaubert","image":{"@type":"ImageObject","inLanguage":"it-IT","@id":"https:\/\/secure.gravatar.com\/avatar\/f8b90d41f1eabd1cbe4cf59e09d8db41a697d51919bf2dfe727589a24a4a4d54?s=96&d=mm&r=g","url":"https:\/\/secure.gravatar.com\/avatar\/f8b90d41f1eabd1cbe4cf59e09d8db41a697d51919bf2dfe727589a24a4a4d54?s=96&d=mm&r=g","contentUrl":"https:\/\/secure.gravatar.com\/avatar\/f8b90d41f1eabd1cbe4cf59e09d8db41a697d51919bf2dfe727589a24a4a4d54?s=96&d=mm&r=g","caption":"Romain Boisaubert"},"description":"Test bio","url":"https:\/\/www.monaco-tribune.com\/it\/author\/romain-boisaubert\/"}]}},"_links":{"self":[{"href":"https:\/\/www.monaco-tribune.com\/it\/wp-json\/wp\/v2\/posts\/75336","targetHints":{"allow":["GET"]}}],"collection":[{"href":"https:\/\/www.monaco-tribune.com\/it\/wp-json\/wp\/v2\/posts"}],"about":[{"href":"https:\/\/www.monaco-tribune.com\/it\/wp-json\/wp\/v2\/types\/post"}],"author":[{"embeddable":true,"href":"https:\/\/www.monaco-tribune.com\/it\/wp-json\/wp\/v2\/users\/24"}],"replies":[{"embeddable":true,"href":"https:\/\/www.monaco-tribune.com\/it\/wp-json\/wp\/v2\/comments?post=75336"}],"version-history":[{"count":0,"href":"https:\/\/www.monaco-tribune.com\/it\/wp-json\/wp\/v2\/posts\/75336\/revisions"}],"wp:featuredmedia":[{"embeddable":true,"href":"https:\/\/www.monaco-tribune.com\/it\/wp-json\/wp\/v2\/media\/75118"}],"wp:attachment":[{"href":"https:\/\/www.monaco-tribune.com\/it\/wp-json\/wp\/v2\/media?parent=75336"}],"wp:term":[{"taxonomy":"category","embeddable":true,"href":"https:\/\/www.monaco-tribune.com\/it\/wp-json\/wp\/v2\/categories?post=75336"},{"taxonomy":"post_tag","embeddable":true,"href":"https:\/\/www.monaco-tribune.com\/it\/wp-json\/wp\/v2\/tags?post=75336"},{"taxonomy":"sectag","embeddable":true,"href":"https:\/\/www.monaco-tribune.com\/it\/wp-json\/wp\/v2\/post_sectags?post=75336"},{"taxonomy":"format","embeddable":true,"href":"https:\/\/www.monaco-tribune.com\/it\/wp-json\/wp\/v2\/post_format?post=75336"}],"curies":[{"name":"wp","href":"https:\/\/api.w.org\/{rel}","templated":true}]}}