{"id":75671,"date":"2021-04-19T19:08:14","date_gmt":"2021-04-19T17:08:14","guid":{"rendered":"https:\/\/www.monaco-tribune.com\/2021\/04\/gran-premio-di-emilia-romagna-vittoria-di-verstappen-leclerc-in-quarta-posizione\/"},"modified":"2021-04-19T19:11:07","modified_gmt":"2021-04-19T17:11:07","slug":"gran-premio-di-emilia-romagna-vittoria-di-verstappen-leclerc-in-quarta-posizione","status":"publish","type":"post","link":"https:\/\/www.monaco-tribune.com\/it\/2021\/04\/gran-premio-di-emilia-romagna-vittoria-di-verstappen-leclerc-in-quarta-posizione\/","title":{"rendered":"Gran Premio di Emilia Romagna: vittoria di Verstappen, Leclerc in quarta posizione"},"content":{"rendered":"\n<p><strong>Al termine di un Gran Premio di Imola movimentato, segnato dall&#8217;incidente tra<\/strong> <strong>Valtteri Bottas (Mercedes) e George Russell (Williams), che ha costretto alla bandiera rossa e allo stop della corsa, Max Verstappen (Red Bull) si \u00e8 aggiudicato il primo posto, seguito da Lewis Hamilton (Mercedes) e Lando Norris (McLaren).<\/strong><\/p>\n\n\n\n<p>Domenica pomeriggio, a Imola, Max Verstappen (Red Bull) ha ottenuto la sua rivincita su Lewis Hamilton (Mercedes). Nella gara precedente, il Gran Premio di apertura nel Bahrein, il pilota olandese si era piazzato al secondo posto dietro il suo grande rivale. Questa volta, dopo una partenza in seconda posizione sulla griglia, gi\u00e0 dalle prime curve il pilota Red Bull \u00e8 riuscito ad avere la meglio sul campione del mondo.<\/p>\n\n\n\n<p>Entrato per primo ai box per cambiare le gomme da intermedie a slick, Verstappen \u00e8 rimasto al primo posto nonostante gli incidenti che hanno scombussolato questa gara bagnata dalla pioggia. L&#8217;incredibile incidente tra Valtteri Bottas (Mercedes) e George Russell (Williams) ha costretto a fermare la corsa al 34\u00b0 giro.<\/p>\n\n\n\n<h2 class=\"wp-block-heading\" id=\"h-qualche-rimpianto-per-charles-leclerc\">Qualche rimpianto per Charles Leclerc<\/h2>\n\n\n\n<p>Leclerc inizia la gara con un&#8217;ottima partenza, piazzandosi poi in terza posizione dietro Hamilton. Dopo l&#8217;uscita di pista del rivale britannico, senza gravi conseguenze, il pilota monegasco riesce a conquistare la seconda posizione. \u00c8 per\u00f2 dopo l&#8217;interruzione della gara, che Charles Lecler (Ferrari) si distacca da Verstappen per farsi poi superare da Lando Norris (McLaren).<\/p>\n\n\n\n<p>Terzo davanti al suo compagno di squadra Carlos Sainz (Ferrari), il pilota della Scuderia Ferrari ha assistito alla rimonta di Hamilton, per poi essere superato a qualche giro dall&#8217;arrivo dal sette volte campione del mondo. Mentre la Ferrari pu\u00f2 dirsi soddisfatta per i risultati delle sue due monoposto, in quarta e quinta posizione, Leclerc ha qualche rimpianto, per aver perso il podio per un pelo dopo aver passato gran parte della corsa tra i primi tre.<\/p>\n\n\n\n<p>Nella classifica del campionato del mondo dei piloti, il monegasco \u00e8 in quarta posizione. Il prossimo incontro \u00e8 previsto il week-end del 2 maggio, a Portim\u00e3o, in Portogallo.<\/p>\n","protected":false},"excerpt":{"rendered":"<p>Al termine di un Gran Premio di Imola movimentato, segnato dall&#8217;incidente tra Valtteri Bottas (Mercedes) e George Russell (Williams), che [&hellip;]<\/p>\n","protected":false},"author":24,"featured_media":75533,"comment_status":"closed","ping_status":"closed","sticky":false,"template":"","format":"standard","meta":{"_acf_changed":false,"footnotes":""},"categories":[1738,1743],"tags":[3348],"post_sectags":[],"post_format":[2486],"class_list":["post-75671","post","type-post","status-publish","format-standard","has-post-thumbnail","hentry","category-notizie","category-sport-it","tag-charles-leclerc-it","format-servizio"],"acf":[],"yoast_head":"<!-- This site is optimized with the Yoast SEO Premium plugin v26.8 (Yoast SEO v27.4) - https:\/\/yoast.com\/product\/yoast-seo-premium-wordpress\/ -->\n<title>Gran Premio di Emilia Romagna: vittoria di Verstappen, Leclerc in quarta posizione<\/title>\n<meta name=\"description\" content=\"Al termine di un Gran Premio di Imola movimentato, segnato dall&#039;incidente tra Valtteri Bottas (Mercedes) e George Russell (Williams), che ha costretto\" \/>\n<meta name=\"robots\" content=\"index, follow, max-snippet:-1, max-image-preview:large, max-video-preview:-1\" \/>\n<link rel=\"canonical\" href=\"https:\/\/www.monaco-tribune.com\/it\/2021\/04\/gran-premio-di-emilia-romagna-vittoria-di-verstappen-leclerc-in-quarta-posizione\/\" \/>\n<meta property=\"og:locale\" content=\"it_IT\" \/>\n<meta property=\"og:type\" content=\"article\" \/>\n<meta property=\"og:title\" content=\"Gran Premio di Emilia Romagna: vittoria di Verstappen, Leclerc in quarta posizione - Monaco Tribune\" \/>\n<meta property=\"og:description\" content=\"Al termine di un Gran Premio di Imola movimentato, segnato dall&#039;incidente tra Valtteri Bottas (Mercedes) e George Russell (Williams), che ha costretto\" \/>\n<meta property=\"og:url\" content=\"https:\/\/www.monaco-tribune.com\/it\/2021\/04\/gran-premio-di-emilia-romagna-vittoria-di-verstappen-leclerc-in-quarta-posizione\/\" \/>\n<meta property=\"og:site_name\" content=\"Monaco Tribune\" \/>\n<meta property=\"article:publisher\" content=\"https:\/\/www.facebook.com\/MonacoTribune\" \/>\n<meta property=\"article:published_time\" content=\"2021-04-19T17:08:14+00:00\" \/>\n<meta property=\"article:modified_time\" content=\"2021-04-19T17:11:07+00:00\" \/>\n<meta property=\"og:image\" content=\"https:\/\/www.monaco-tribune.com\/wp-content\/uploads\/2021\/04\/scuderia-ferrari-charles-leclerc.jpeg\" \/>\n\t<meta property=\"og:image:width\" content=\"2042\" \/>\n\t<meta property=\"og:image:height\" content=\"1310\" \/>\n\t<meta property=\"og:image:type\" content=\"image\/jpeg\" \/>\n<meta name=\"author\" content=\"Romain Boisaubert\" \/>\n<meta name=\"twitter:card\" content=\"summary_large_image\" \/>\n<meta name=\"twitter:creator\" content=\"@MonacoTribune\" \/>\n<meta name=\"twitter:site\" content=\"@MonacoTribune\" \/>\n<script type=\"application\/ld+json\" class=\"yoast-schema-graph\">{\"@context\":\"https:\\\/\\\/schema.org\",\"@graph\":[{\"@type\":\"NewsArticle\",\"@id\":\"https:\\\/\\\/www.monaco-tribune.com\\\/it\\\/2021\\\/04\\\/gran-premio-di-emilia-romagna-vittoria-di-verstappen-leclerc-in-quarta-posizione\\\/#article\",\"isPartOf\":{\"@id\":\"https:\\\/\\\/www.monaco-tribune.com\\\/it\\\/2021\\\/04\\\/gran-premio-di-emilia-romagna-vittoria-di-verstappen-leclerc-in-quarta-posizione\\\/\"},\"author\":{\"name\":\"Romain Boisaubert\",\"@id\":\"https:\\\/\\\/www.monaco-tribune.com\\\/it\\\/#\\\/schema\\\/person\\\/330a3732947cf8cb41b2533a0eadd62e\"},\"headline\":\"Gran Premio di Emilia Romagna: vittoria di Verstappen, Leclerc in quarta posizione\",\"datePublished\":\"2021-04-19T17:08:14+00:00\",\"dateModified\":\"2021-04-19T17:11:07+00:00\",\"mainEntityOfPage\":{\"@id\":\"https:\\\/\\\/www.monaco-tribune.com\\\/it\\\/2021\\\/04\\\/gran-premio-di-emilia-romagna-vittoria-di-verstappen-leclerc-in-quarta-posizione\\\/\"},\"wordCount\":342,\"publisher\":{\"@id\":\"https:\\\/\\\/www.monaco-tribune.com\\\/it\\\/#organization\"},\"image\":{\"@id\":\"https:\\\/\\\/www.monaco-tribune.com\\\/it\\\/2021\\\/04\\\/gran-premio-di-emilia-romagna-vittoria-di-verstappen-leclerc-in-quarta-posizione\\\/#primaryimage\"},\"thumbnailUrl\":\"https:\\\/\\\/www.monaco-tribune.com\\\/wp-content\\\/uploads\\\/2021\\\/04\\\/scuderia-ferrari-charles-leclerc.jpeg\",\"keywords\":[\"Charles Leclerc\"],\"articleSection\":[\"Notizie\",\"Sport\"],\"inLanguage\":\"it-IT\",\"copyrightYear\":\"2021\",\"copyrightHolder\":{\"@id\":\"https:\\\/\\\/www.monaco-tribune.com\\\/#organization\"}},{\"@type\":\"WebPage\",\"@id\":\"https:\\\/\\\/www.monaco-tribune.com\\\/it\\\/2021\\\/04\\\/gran-premio-di-emilia-romagna-vittoria-di-verstappen-leclerc-in-quarta-posizione\\\/\",\"url\":\"https:\\\/\\\/www.monaco-tribune.com\\\/it\\\/2021\\\/04\\\/gran-premio-di-emilia-romagna-vittoria-di-verstappen-leclerc-in-quarta-posizione\\\/\",\"name\":\"Gran Premio di Emilia Romagna: vittoria di Verstappen, Leclerc in quarta posizione\",\"isPartOf\":{\"@id\":\"https:\\\/\\\/www.monaco-tribune.com\\\/it\\\/#website\"},\"primaryImageOfPage\":{\"@id\":\"https:\\\/\\\/www.monaco-tribune.com\\\/it\\\/2021\\\/04\\\/gran-premio-di-emilia-romagna-vittoria-di-verstappen-leclerc-in-quarta-posizione\\\/#primaryimage\"},\"image\":{\"@id\":\"https:\\\/\\\/www.monaco-tribune.com\\\/it\\\/2021\\\/04\\\/gran-premio-di-emilia-romagna-vittoria-di-verstappen-leclerc-in-quarta-posizione\\\/#primaryimage\"},\"thumbnailUrl\":\"https:\\\/\\\/www.monaco-tribune.com\\\/wp-content\\\/uploads\\\/2021\\\/04\\\/scuderia-ferrari-charles-leclerc.jpeg\",\"datePublished\":\"2021-04-19T17:08:14+00:00\",\"dateModified\":\"2021-04-19T17:11:07+00:00\",\"description\":\"Al termine di un Gran Premio di Imola movimentato, segnato dall'incidente tra Valtteri Bottas (Mercedes) e George Russell (Williams), che ha costretto\",\"breadcrumb\":{\"@id\":\"https:\\\/\\\/www.monaco-tribune.com\\\/it\\\/2021\\\/04\\\/gran-premio-di-emilia-romagna-vittoria-di-verstappen-leclerc-in-quarta-posizione\\\/#breadcrumb\"},\"inLanguage\":\"it-IT\",\"potentialAction\":[{\"@type\":\"ReadAction\",\"target\":[\"https:\\\/\\\/www.monaco-tribune.com\\\/it\\\/2021\\\/04\\\/gran-premio-di-emilia-romagna-vittoria-di-verstappen-leclerc-in-quarta-posizione\\\/\"]}]},{\"@type\":\"ImageObject\",\"inLanguage\":\"it-IT\",\"@id\":\"https:\\\/\\\/www.monaco-tribune.com\\\/it\\\/2021\\\/04\\\/gran-premio-di-emilia-romagna-vittoria-di-verstappen-leclerc-in-quarta-posizione\\\/#primaryimage\",\"url\":\"https:\\\/\\\/www.monaco-tribune.com\\\/wp-content\\\/uploads\\\/2021\\\/04\\\/scuderia-ferrari-charles-leclerc.jpeg\",\"contentUrl\":\"https:\\\/\\\/www.monaco-tribune.com\\\/wp-content\\\/uploads\\\/2021\\\/04\\\/scuderia-ferrari-charles-leclerc.jpeg\",\"width\":2042,\"height\":1310,\"caption\":\"Scuderia Ferrari\"},{\"@type\":\"BreadcrumbList\",\"@id\":\"https:\\\/\\\/www.monaco-tribune.com\\\/it\\\/2021\\\/04\\\/gran-premio-di-emilia-romagna-vittoria-di-verstappen-leclerc-in-quarta-posizione\\\/#breadcrumb\",\"itemListElement\":[{\"@type\":\"ListItem\",\"position\":1,\"name\":\"Accueil\",\"item\":\"https:\\\/\\\/www.monaco-tribune.com\\\/it\\\/\"},{\"@type\":\"ListItem\",\"position\":2,\"name\":\"Gran Premio di Emilia Romagna: vittoria di Verstappen, Leclerc in quarta posizione\"}]},{\"@type\":\"WebSite\",\"@id\":\"https:\\\/\\\/www.monaco-tribune.com\\\/it\\\/#website\",\"url\":\"https:\\\/\\\/www.monaco-tribune.com\\\/it\\\/\",\"name\":\"Monaco Tribune\",\"description\":\"Monaco : actualit\u00e9s \u00e9conomiques, politiques, culturelles et sportives de Monaco et de la French Riviera.\",\"publisher\":{\"@id\":\"https:\\\/\\\/www.monaco-tribune.com\\\/it\\\/#organization\"},\"potentialAction\":[{\"@type\":\"SearchAction\",\"target\":{\"@type\":\"EntryPoint\",\"urlTemplate\":\"https:\\\/\\\/www.monaco-tribune.com\\\/it\\\/?s={search_term_string}\"},\"query-input\":{\"@type\":\"PropertyValueSpecification\",\"valueRequired\":true,\"valueName\":\"search_term_string\"}}],\"inLanguage\":\"it-IT\"},{\"@type\":\"Organization\",\"@id\":\"https:\\\/\\\/www.monaco-tribune.com\\\/it\\\/#organization\",\"name\":\"Monaco Tribune\",\"url\":\"https:\\\/\\\/www.monaco-tribune.com\\\/it\\\/\",\"logo\":{\"@type\":\"ImageObject\",\"inLanguage\":\"it-IT\",\"@id\":\"https:\\\/\\\/www.monaco-tribune.com\\\/it\\\/#\\\/schema\\\/logo\\\/image\\\/\",\"url\":\"https:\\\/\\\/www.monaco-tribune.com\\\/wp-content\\\/uploads\\\/2022\\\/11\\\/logo-monaco-tribune.png\",\"contentUrl\":\"https:\\\/\\\/www.monaco-tribune.com\\\/wp-content\\\/uploads\\\/2022\\\/11\\\/logo-monaco-tribune.png\",\"width\":1548,\"height\":600,\"caption\":\"Monaco Tribune\"},\"image\":{\"@id\":\"https:\\\/\\\/www.monaco-tribune.com\\\/it\\\/#\\\/schema\\\/logo\\\/image\\\/\"},\"sameAs\":[\"https:\\\/\\\/www.facebook.com\\\/MonacoTribune\",\"https:\\\/\\\/x.com\\\/MonacoTribune\",\"https:\\\/\\\/www.instagram.com\\\/monacotribune\\\/\",\"https:\\\/\\\/www.linkedin.com\\\/company\\\/monaco-tribune\",\"https:\\\/\\\/www.youtube.com\\\/channel\\\/UCHle1MnG6hw1y4lWKijVbMA\"]},{\"@type\":\"Person\",\"@id\":\"https:\\\/\\\/www.monaco-tribune.com\\\/it\\\/#\\\/schema\\\/person\\\/330a3732947cf8cb41b2533a0eadd62e\",\"name\":\"Romain Boisaubert\",\"image\":{\"@type\":\"ImageObject\",\"inLanguage\":\"it-IT\",\"@id\":\"https:\\\/\\\/secure.gravatar.com\\\/avatar\\\/f8b90d41f1eabd1cbe4cf59e09d8db41a697d51919bf2dfe727589a24a4a4d54?s=96&d=mm&r=g\",\"url\":\"https:\\\/\\\/secure.gravatar.com\\\/avatar\\\/f8b90d41f1eabd1cbe4cf59e09d8db41a697d51919bf2dfe727589a24a4a4d54?s=96&d=mm&r=g\",\"contentUrl\":\"https:\\\/\\\/secure.gravatar.com\\\/avatar\\\/f8b90d41f1eabd1cbe4cf59e09d8db41a697d51919bf2dfe727589a24a4a4d54?s=96&d=mm&r=g\",\"caption\":\"Romain Boisaubert\"},\"description\":\"Test bio\",\"url\":\"https:\\\/\\\/www.monaco-tribune.com\\\/it\\\/author\\\/romain-boisaubert\\\/\"}]}<\/script>\n<!-- \/ Yoast SEO Premium plugin. -->","yoast_head_json":{"title":"Gran Premio di Emilia Romagna: vittoria di Verstappen, Leclerc in quarta posizione","description":"Al termine di un Gran Premio di Imola movimentato, segnato dall'incidente tra Valtteri Bottas (Mercedes) e George Russell (Williams), che ha costretto","robots":{"index":"index","follow":"follow","max-snippet":"max-snippet:-1","max-image-preview":"max-image-preview:large","max-video-preview":"max-video-preview:-1"},"canonical":"https:\/\/www.monaco-tribune.com\/it\/2021\/04\/gran-premio-di-emilia-romagna-vittoria-di-verstappen-leclerc-in-quarta-posizione\/","og_locale":"it_IT","og_type":"article","og_title":"Gran Premio di Emilia Romagna: vittoria di Verstappen, Leclerc in quarta posizione - Monaco Tribune","og_description":"Al termine di un Gran Premio di Imola movimentato, segnato dall'incidente tra Valtteri Bottas (Mercedes) e George Russell (Williams), che ha costretto","og_url":"https:\/\/www.monaco-tribune.com\/it\/2021\/04\/gran-premio-di-emilia-romagna-vittoria-di-verstappen-leclerc-in-quarta-posizione\/","og_site_name":"Monaco Tribune","article_publisher":"https:\/\/www.facebook.com\/MonacoTribune","article_published_time":"2021-04-19T17:08:14+00:00","article_modified_time":"2021-04-19T17:11:07+00:00","og_image":[{"width":2042,"height":1310,"url":"https:\/\/www.monaco-tribune.com\/wp-content\/uploads\/2021\/04\/scuderia-ferrari-charles-leclerc.jpeg","type":"image\/jpeg"}],"author":"Romain Boisaubert","twitter_card":"summary_large_image","twitter_creator":"@MonacoTribune","twitter_site":"@MonacoTribune","schema":{"@context":"https:\/\/schema.org","@graph":[{"@type":"NewsArticle","@id":"https:\/\/www.monaco-tribune.com\/it\/2021\/04\/gran-premio-di-emilia-romagna-vittoria-di-verstappen-leclerc-in-quarta-posizione\/#article","isPartOf":{"@id":"https:\/\/www.monaco-tribune.com\/it\/2021\/04\/gran-premio-di-emilia-romagna-vittoria-di-verstappen-leclerc-in-quarta-posizione\/"},"author":{"name":"Romain Boisaubert","@id":"https:\/\/www.monaco-tribune.com\/it\/#\/schema\/person\/330a3732947cf8cb41b2533a0eadd62e"},"headline":"Gran Premio di Emilia Romagna: vittoria di Verstappen, Leclerc in quarta posizione","datePublished":"2021-04-19T17:08:14+00:00","dateModified":"2021-04-19T17:11:07+00:00","mainEntityOfPage":{"@id":"https:\/\/www.monaco-tribune.com\/it\/2021\/04\/gran-premio-di-emilia-romagna-vittoria-di-verstappen-leclerc-in-quarta-posizione\/"},"wordCount":342,"publisher":{"@id":"https:\/\/www.monaco-tribune.com\/it\/#organization"},"image":{"@id":"https:\/\/www.monaco-tribune.com\/it\/2021\/04\/gran-premio-di-emilia-romagna-vittoria-di-verstappen-leclerc-in-quarta-posizione\/#primaryimage"},"thumbnailUrl":"https:\/\/www.monaco-tribune.com\/wp-content\/uploads\/2021\/04\/scuderia-ferrari-charles-leclerc.jpeg","keywords":["Charles Leclerc"],"articleSection":["Notizie","Sport"],"inLanguage":"it-IT","copyrightYear":"2021","copyrightHolder":{"@id":"https:\/\/www.monaco-tribune.com\/#organization"}},{"@type":"WebPage","@id":"https:\/\/www.monaco-tribune.com\/it\/2021\/04\/gran-premio-di-emilia-romagna-vittoria-di-verstappen-leclerc-in-quarta-posizione\/","url":"https:\/\/www.monaco-tribune.com\/it\/2021\/04\/gran-premio-di-emilia-romagna-vittoria-di-verstappen-leclerc-in-quarta-posizione\/","name":"Gran Premio di Emilia Romagna: vittoria di Verstappen, Leclerc in quarta posizione","isPartOf":{"@id":"https:\/\/www.monaco-tribune.com\/it\/#website"},"primaryImageOfPage":{"@id":"https:\/\/www.monaco-tribune.com\/it\/2021\/04\/gran-premio-di-emilia-romagna-vittoria-di-verstappen-leclerc-in-quarta-posizione\/#primaryimage"},"image":{"@id":"https:\/\/www.monaco-tribune.com\/it\/2021\/04\/gran-premio-di-emilia-romagna-vittoria-di-verstappen-leclerc-in-quarta-posizione\/#primaryimage"},"thumbnailUrl":"https:\/\/www.monaco-tribune.com\/wp-content\/uploads\/2021\/04\/scuderia-ferrari-charles-leclerc.jpeg","datePublished":"2021-04-19T17:08:14+00:00","dateModified":"2021-04-19T17:11:07+00:00","description":"Al termine di un Gran Premio di Imola movimentato, segnato dall'incidente tra Valtteri Bottas (Mercedes) e George Russell (Williams), che ha costretto","breadcrumb":{"@id":"https:\/\/www.monaco-tribune.com\/it\/2021\/04\/gran-premio-di-emilia-romagna-vittoria-di-verstappen-leclerc-in-quarta-posizione\/#breadcrumb"},"inLanguage":"it-IT","potentialAction":[{"@type":"ReadAction","target":["https:\/\/www.monaco-tribune.com\/it\/2021\/04\/gran-premio-di-emilia-romagna-vittoria-di-verstappen-leclerc-in-quarta-posizione\/"]}]},{"@type":"ImageObject","inLanguage":"it-IT","@id":"https:\/\/www.monaco-tribune.com\/it\/2021\/04\/gran-premio-di-emilia-romagna-vittoria-di-verstappen-leclerc-in-quarta-posizione\/#primaryimage","url":"https:\/\/www.monaco-tribune.com\/wp-content\/uploads\/2021\/04\/scuderia-ferrari-charles-leclerc.jpeg","contentUrl":"https:\/\/www.monaco-tribune.com\/wp-content\/uploads\/2021\/04\/scuderia-ferrari-charles-leclerc.jpeg","width":2042,"height":1310,"caption":"Scuderia Ferrari"},{"@type":"BreadcrumbList","@id":"https:\/\/www.monaco-tribune.com\/it\/2021\/04\/gran-premio-di-emilia-romagna-vittoria-di-verstappen-leclerc-in-quarta-posizione\/#breadcrumb","itemListElement":[{"@type":"ListItem","position":1,"name":"Accueil","item":"https:\/\/www.monaco-tribune.com\/it\/"},{"@type":"ListItem","position":2,"name":"Gran Premio di Emilia Romagna: vittoria di Verstappen, Leclerc in quarta posizione"}]},{"@type":"WebSite","@id":"https:\/\/www.monaco-tribune.com\/it\/#website","url":"https:\/\/www.monaco-tribune.com\/it\/","name":"Monaco Tribune","description":"Monaco : actualit\u00e9s \u00e9conomiques, politiques, culturelles et sportives de Monaco et de la French Riviera.","publisher":{"@id":"https:\/\/www.monaco-tribune.com\/it\/#organization"},"potentialAction":[{"@type":"SearchAction","target":{"@type":"EntryPoint","urlTemplate":"https:\/\/www.monaco-tribune.com\/it\/?s={search_term_string}"},"query-input":{"@type":"PropertyValueSpecification","valueRequired":true,"valueName":"search_term_string"}}],"inLanguage":"it-IT"},{"@type":"Organization","@id":"https:\/\/www.monaco-tribune.com\/it\/#organization","name":"Monaco Tribune","url":"https:\/\/www.monaco-tribune.com\/it\/","logo":{"@type":"ImageObject","inLanguage":"it-IT","@id":"https:\/\/www.monaco-tribune.com\/it\/#\/schema\/logo\/image\/","url":"https:\/\/www.monaco-tribune.com\/wp-content\/uploads\/2022\/11\/logo-monaco-tribune.png","contentUrl":"https:\/\/www.monaco-tribune.com\/wp-content\/uploads\/2022\/11\/logo-monaco-tribune.png","width":1548,"height":600,"caption":"Monaco Tribune"},"image":{"@id":"https:\/\/www.monaco-tribune.com\/it\/#\/schema\/logo\/image\/"},"sameAs":["https:\/\/www.facebook.com\/MonacoTribune","https:\/\/x.com\/MonacoTribune","https:\/\/www.instagram.com\/monacotribune\/","https:\/\/www.linkedin.com\/company\/monaco-tribune","https:\/\/www.youtube.com\/channel\/UCHle1MnG6hw1y4lWKijVbMA"]},{"@type":"Person","@id":"https:\/\/www.monaco-tribune.com\/it\/#\/schema\/person\/330a3732947cf8cb41b2533a0eadd62e","name":"Romain Boisaubert","image":{"@type":"ImageObject","inLanguage":"it-IT","@id":"https:\/\/secure.gravatar.com\/avatar\/f8b90d41f1eabd1cbe4cf59e09d8db41a697d51919bf2dfe727589a24a4a4d54?s=96&d=mm&r=g","url":"https:\/\/secure.gravatar.com\/avatar\/f8b90d41f1eabd1cbe4cf59e09d8db41a697d51919bf2dfe727589a24a4a4d54?s=96&d=mm&r=g","contentUrl":"https:\/\/secure.gravatar.com\/avatar\/f8b90d41f1eabd1cbe4cf59e09d8db41a697d51919bf2dfe727589a24a4a4d54?s=96&d=mm&r=g","caption":"Romain Boisaubert"},"description":"Test bio","url":"https:\/\/www.monaco-tribune.com\/it\/author\/romain-boisaubert\/"}]}},"_links":{"self":[{"href":"https:\/\/www.monaco-tribune.com\/it\/wp-json\/wp\/v2\/posts\/75671","targetHints":{"allow":["GET"]}}],"collection":[{"href":"https:\/\/www.monaco-tribune.com\/it\/wp-json\/wp\/v2\/posts"}],"about":[{"href":"https:\/\/www.monaco-tribune.com\/it\/wp-json\/wp\/v2\/types\/post"}],"author":[{"embeddable":true,"href":"https:\/\/www.monaco-tribune.com\/it\/wp-json\/wp\/v2\/users\/24"}],"replies":[{"embeddable":true,"href":"https:\/\/www.monaco-tribune.com\/it\/wp-json\/wp\/v2\/comments?post=75671"}],"version-history":[{"count":0,"href":"https:\/\/www.monaco-tribune.com\/it\/wp-json\/wp\/v2\/posts\/75671\/revisions"}],"wp:featuredmedia":[{"embeddable":true,"href":"https:\/\/www.monaco-tribune.com\/it\/wp-json\/wp\/v2\/media\/75533"}],"wp:attachment":[{"href":"https:\/\/www.monaco-tribune.com\/it\/wp-json\/wp\/v2\/media?parent=75671"}],"wp:term":[{"taxonomy":"category","embeddable":true,"href":"https:\/\/www.monaco-tribune.com\/it\/wp-json\/wp\/v2\/categories?post=75671"},{"taxonomy":"post_tag","embeddable":true,"href":"https:\/\/www.monaco-tribune.com\/it\/wp-json\/wp\/v2\/tags?post=75671"},{"taxonomy":"sectag","embeddable":true,"href":"https:\/\/www.monaco-tribune.com\/it\/wp-json\/wp\/v2\/post_sectags?post=75671"},{"taxonomy":"format","embeddable":true,"href":"https:\/\/www.monaco-tribune.com\/it\/wp-json\/wp\/v2\/post_format?post=75671"}],"curies":[{"name":"wp","href":"https:\/\/api.w.org\/{rel}","templated":true}]}}