{"id":75920,"date":"2021-04-21T20:54:42","date_gmt":"2021-04-21T18:54:42","guid":{"rendered":"https:\/\/www.monaco-tribune.com\/2021\/04\/gildo-pastor-e-lamore-di-una-vita-per-le-corse-automobilistiche\/"},"modified":"2021-04-21T21:35:52","modified_gmt":"2021-04-21T19:35:52","slug":"gildo-pastor-e-lamore-di-una-vita-per-le-corse-automobilistiche","status":"publish","type":"post","link":"https:\/\/www.monaco-tribune.com\/it\/2021\/04\/gildo-pastor-e-lamore-di-una-vita-per-le-corse-automobilistiche\/","title":{"rendered":"Gildo Pastor e l&#8217;amore di una vita per le corse automobilistiche"},"content":{"rendered":"\n<p><strong>Appassionato di corse automobilistiche fin dalla tenera et\u00e0, l&#8217;imprenditore monegasco Gildo Pastor, proprietario di Venturi, ha condiviso con noi alcuni aneddoti sulla sua passione di sempre: le automobili.<\/strong><\/p>\n\n\n\n<p>&#8220;Sei un bravissimo pilota, vai veloce, non hai fatto alcun errore, ma non hai classe, ti manca quel qualcosa in pi\u00f9&#8221;. Parole che gli sono risuonate in testa per lungo tempo. Quel giorno, nel bel mezzo delle immense pianure argentine, Gildo Pastor ha capito che non sarebbe mai diventato campione del mondo di Formula 1. Dopo un invito a passare il Natale in Argentina, con la famiglia della sua fidanzata dell&#8217;epoca, figlia di un pilota di F1 famoso negli anni ottanta, il giovane monegasco ha l&#8217;occasione di mettersi alla prova al volante di una Peugeot 505 turbo.<\/p>\n\n\n\n<blockquote class=\"wp-block-quote is-layout-flow wp-block-quote-is-layout-flow\"><p><em>Bisognava andare il pi\u00f9 veloce possibile per passare davanti a un treno che tagliava la strada<\/em><\/p><\/blockquote>\n\n\n\n<p>&#8220;Voleva vedere di che pasta ero fatto&#8221;, sorride. Su una strada sconnessa, il pilota argentino apre le danze e mostra quella che doveva essere la prova del giorno. &#8220;Bisognava andare il pi\u00f9 veloce possibile per passare davanti a un treno che tagliava la strada&#8221;. Come un acrobata incosciente, avido di adrenalina, Gildo Pastor si lancia nella sfida e preme l&#8217;acceleratore, fin quando il treno \u00e8 talmente vicino che la situazione diventa pericolosa.<\/p>\n\n\n\n<p><strong>&gt;&gt; LEGGI ANCHE: <\/strong><a href=\"https:\/\/www.monaco-tribune.com\/it\/2020\/11\/jacky-ickx-ormai-charles-leclerc-e-parte-del-patrimonio-italiano\/\">Intervista a Jacky Ickx: \u201cOrmai Charles Leclerc \u00e8 parte del patrimonio italiano\u201d<\/a><\/p>\n\n\n\n<p>Dopo pochi secondi, il ragazzo di appena diciotto anni \u00e8 costretto a frenare bruscamente a qualche metro dal treno, lasciando il convoglio proseguire sul suo cammino. Quel giorno, una parte dei suoi sogni \u00e8 andata in frantumi, ma un&#8217;altra frase pronunciata dal pilota argentino gli \u00e8 rimasta impressa. &#8220;Mi ha detto<em>: <\/em>&#8220;quello che mi affascina \u00e8 che sei bravo nella messa a punto. Gareggia, non cambiare niente, perch\u00e9 se sei bravo nella messa a punto, un giorno permetterai a un pilota di correre pi\u00f9 veloce&#8221;. Una frase che ha fatto nascere una vocazione.<\/p>\n\n\n\n<h2 class=\"wp-block-heading\" id=\"h-sfrecciare-sul-ghiaccio-a-quasi-300-km-h\">Sfrecciare sul ghiaccio a quasi 300 km\/h<\/h2>\n\n\n\n<p>Grazie a diversi incontri, da Mika H\u00e4kkinen a Jyrki J\u00e4rvilehto, Gildo Pastor porta avanti la sua carriera da pilota automobilistico, soprattutto nella Porsche Supercup. Ma la brama di record e competizione lo porter\u00e0 ad affrontare una prima grande sfida: battere il record mondiale di velocit\u00e0 sul ghiaccio. &#8220;Con JJ Lehto [diminutivo di Jyrki J\u00e4rvilehto], che in quel periodo era pilota Ferrari in Formula 1, abbiamo voluto provare una Bugatti&#8221;.<\/p>\n\n\n\n<blockquote class=\"wp-block-quote is-layout-flow wp-block-quote-is-layout-flow\"><p><em>Abbiamo guidato sul ghiaccio vivo che si scioglieva sotto il sole<\/em><\/p><\/blockquote>\n\n\n\n<p>Direzione Modena. &#8220;Conoscevo bene il proprietario di Lamborghini in quel periodo, e lui ci ha presentato a Bugatti. La EB110 SS mi sembrava performante e ho chiesto se potevano prestarmela per battere il record mondiale di velocit\u00e0 sul ghiaccio&#8221;. Un mese dopo, Gildo Pastor prende il volo per la Finlandia, verso il mare ghiacciato di Oulu. &#8220;Abbiamo guidato sul ghiaccio vivo che si scioglieva sotto il sole&#8221;, ricorda l&#8217;imprenditore. &#8220;Michelin aveva detto che non ci saremmo riusciti. \u00c8 stato un incubo, ma ce l&#8217;abbiamo fatta&#8221;.<\/p>\n\n\n\n<div class=\"wp-block-image\"><figure class=\"aligncenter size-large\"><img loading=\"lazy\" decoding=\"async\" width=\"1024\" height=\"673\" src=\"https:\/\/www.monaco-tribune.com\/wp-content\/uploads\/2021\/04\/gildo-pastor-lors-de-son-record-du-monde-de-vitesse-sur-glace-en-1995-min.jpg\" alt=\"\" class=\"wp-image-75080\" srcset=\"https:\/\/www.monaco-tribune.com\/wp-content\/uploads\/2021\/04\/gildo-pastor-lors-de-son-record-du-monde-de-vitesse-sur-glace-en-1995-min.jpg 1024w, https:\/\/www.monaco-tribune.com\/wp-content\/uploads\/2021\/04\/gildo-pastor-lors-de-son-record-du-monde-de-vitesse-sur-glace-en-1995-min-456x300.jpg 456w, https:\/\/www.monaco-tribune.com\/wp-content\/uploads\/2021\/04\/gildo-pastor-lors-de-son-record-du-monde-de-vitesse-sur-glace-en-1995-min-228x150.jpg 228w, https:\/\/www.monaco-tribune.com\/wp-content\/uploads\/2021\/04\/gildo-pastor-lors-de-son-record-du-monde-de-vitesse-sur-glace-en-1995-min-768x505.jpg 768w, https:\/\/www.monaco-tribune.com\/wp-content\/uploads\/2021\/04\/gildo-pastor-lors-de-son-record-du-monde-de-vitesse-sur-glace-en-1995-min-175x115.jpg 175w\" sizes=\"auto, (max-width: 1024px) 100vw, 1024px\" \/><figcaption>Gildo Pastor e la famosa Bugatti EB110 con cui ha stabilito il record mondiale di velocit\u00e0 sul ghiaccio nel 1995.<\/figcaption><\/figure><\/div>\n\n\n\n<p>Il 3 marzo 1995, con una velocit\u00e0 di punta di 296 km\/h, i due ragazzi battono il record. &#8220;In seguito, siamo andati a esporre l&#8217;auto al salone di Ginevra&#8221;. \u00c8 in questa occasione che un uomo passa davanti all&#8217;automobile, si ferma e comincia a chiacchierare con Gildo, lasciandogli il suo biglietto da visita. &#8220;Era Edouard Michelin&#8221;. Un incontro, l&#8217;ennesimo, che porter\u00e0 l&#8217;imprenditore a intraprendere una nuova avventura.<\/p>\n\n\n\n<p><strong>&gt;&gt; LEGGI ANCHE: <\/strong><a href=\"https:\/\/www.monaco-tribune.com\/it\/2021\/02\/intervista-a-maro-engel-mercedes-amg-sogno-di-partecipare-alla-24-ore-di-le-mans\/\">Intervista a Maro Engel (Mercedes-AMG): \u201cSogno di partecipare alla 24 ore di Le Mans\u201d<\/a><\/p>\n\n\n\n<p>&#8220;Ho saputo che aveva delle azioni della Bugatti. Il marchio era fallito e mi sono chiesto se avessi dovuto rilevarlo&#8221;. La risposta \u00e8 stata un s\u00ec. Dopo qualche anno alla guida della casa automobilistica francese e dopo un processo vinto contro la Volkswagen, Gildo Pastor osserva a debita distanza la delicata situazione di Venturi, che dichiara fallimento nel 1999. &#8220;Su trentacinque offerte, io ho fatto la pi\u00f9 bassa. Ma sono stato l&#8217;unico a dire che avrei preso tutto per trasferirlo a Monaco&#8221;.<\/p>\n\n\n\n<h2 class=\"wp-block-heading\" id=\"h-venturi-presto-sulla-luna\">Venturi presto sulla luna?<\/h2>\n\n\n\n<p>Con un progetto 100% elettrico per il marchio e un&#8217;offerta leggermente in rialzo, il 12 luglio del 2000, il figlio del dentista monegasco Claude Pallanca diventa ufficialmente proprietario di Venturi. I primi telai sono sviluppati insieme al vecchio ingegnere di Ayrton Senna, G\u00e9rard Ducarouge. Seguono poi i primi modelli, che richiamano, per forza di cose, le auto Bugatti: &#8220;Era la nostra essenza&#8221;. Parallelamente al rilancio della casa automobilistica francese, ormai monegasca di adozione, vengono battuti anche i primi record, che diventano il marchio di fabbrica di Venturi.<\/p>\n\n\n\n<blockquote class=\"wp-block-quote is-layout-flow wp-block-quote-is-layout-flow\"><p><em>Ho deciso di lanciare un&#8217;azienda coinvolgendo alcuni ragazzi della NASA<\/em><\/p><\/blockquote>\n\n\n\n<p>Record mondiale di velocit\u00e0 con un veicolo elettrico (549 km\/h), record con un veicolo a idrogeno (487 km\/h), record con una moto elettrica (408 km\/h)&#8230; la casa automobilistica supera ogni limite, o quasi. \u00c8 il momento per Venturi di sbarcare in Formula E, diventando una delle case automobilistiche pioniere della disciplina, impegnata gi\u00e0 nel 2014 nei primi campionati del mondo. &#8220;Stavo molto male*, non parlavo, non mi muovevo, ma continuavo ad avere fede. Volevo che l&#8217;impresa riuscisse&#8221;.<\/p>\n\n\n\n<p><strong>&gt;&gt;LEGGI ANCHE: <\/strong><a href=\"https:\/\/www.monaco-tribune.com\/it\/2020\/11\/nuovo-record-mondiale-per-la-moto-elettrica-di-venturi\/\">Nuovo record mondiale per la moto elettrica del Gruppo Venturi<\/a><\/p>\n\n\n\n<p>Con lo sguardo sempre rivolto al futuro, Gildo Pastor sogna di guidare un giorno sulla luna. A marzo 2019, il fan di Charles Leclerc \u00e8 partito alla volta di SpaceX, l&#8217;azienda americana aerospaziale fondata da Elon Musk. &#8220;Ho deciso di lanciare un&#8217;azienda coinvolgendo alcuni ragazzi della NASA che hanno costruito un Rover che \u00e8 andato su Marte, per crearne uno che possa andare sulla luna. Anche se \u00e8 molto pi\u00f9 complicato, viste le temperature estreme&#8221;. Un sogno folle, che potrebbe concretizzarsi nei prossimi tre anni. &#8220;Elon Musk parla del 2024. Ma io faccio finta che sia il 2022. Facciamo del nostro meglio per raggiungere presto l&#8217;obiettivo&#8221;. All&#8217;et\u00e0 di 54 anni, Gildo Pastor, con la sua passione per i veicoli terresti, e presto lunari, non smette ancora di stupirci.<\/p>\n\n\n\n<p><em>*Gildo Pastor \u00e8 stato ricoverato per un lungo periodo nel 2014.<\/em><\/p>\n","protected":false},"excerpt":{"rendered":"<p>Appassionato di corse automobilistiche fin dalla tenera et\u00e0, l&#8217;imprenditore monegasco Gildo Pastor, proprietario di Venturi, ha condiviso con noi alcuni [&hellip;]<\/p>\n","protected":false},"author":24,"featured_media":75084,"comment_status":"closed","ping_status":"closed","sticky":false,"template":"","format":"standard","meta":{"_acf_changed":false,"footnotes":""},"categories":[1826,1738,1743],"tags":[3503],"post_sectags":[],"post_format":[2480],"class_list":["post-75920","post","type-post","status-publish","format-standard","has-post-thumbnail","hentry","category-la-nostra-scelta","category-notizie","category-sport-it","tag-auto-moto-it","format-profilo"],"acf":[],"yoast_head":"<!-- This site is optimized with the Yoast SEO Premium plugin v26.8 (Yoast SEO v27.4) - https:\/\/yoast.com\/product\/yoast-seo-premium-wordpress\/ -->\n<title>Gildo Pastor e l&#039;amore di una vita per le corse automobilistiche<\/title>\n<meta name=\"description\" content=\"Appassionato di corse automobilistiche fin dalla tenera et\u00e0, l&#039;imprenditore monegasco Gildo Pastor, proprietario di Venturi, ha condiviso con noi alcuni\" \/>\n<meta name=\"robots\" content=\"index, follow, max-snippet:-1, max-image-preview:large, max-video-preview:-1\" \/>\n<link rel=\"canonical\" href=\"https:\/\/www.monaco-tribune.com\/it\/2021\/04\/gildo-pastor-e-lamore-di-una-vita-per-le-corse-automobilistiche\/\" \/>\n<meta property=\"og:locale\" content=\"it_IT\" \/>\n<meta property=\"og:type\" content=\"article\" \/>\n<meta property=\"og:title\" content=\"Gildo Pastor e l&#039;amore di una vita per le corse automobilistiche - Monaco Tribune\" \/>\n<meta property=\"og:description\" content=\"Appassionato di corse automobilistiche fin dalla tenera et\u00e0, l&#039;imprenditore monegasco Gildo Pastor, proprietario di Venturi, ha condiviso con noi alcuni\" \/>\n<meta property=\"og:url\" content=\"https:\/\/www.monaco-tribune.com\/it\/2021\/04\/gildo-pastor-e-lamore-di-una-vita-per-le-corse-automobilistiche\/\" \/>\n<meta property=\"og:site_name\" content=\"Monaco Tribune\" \/>\n<meta property=\"article:publisher\" content=\"https:\/\/www.facebook.com\/MonacoTribune\" \/>\n<meta property=\"article:published_time\" content=\"2021-04-21T18:54:42+00:00\" \/>\n<meta property=\"article:modified_time\" content=\"2021-04-21T19:35:52+00:00\" \/>\n<meta property=\"og:image\" content=\"https:\/\/www.monaco-tribune.com\/wp-content\/uploads\/2021\/04\/gildo-pastor-venturi.jpeg\" \/>\n\t<meta property=\"og:image:width\" content=\"1024\" \/>\n\t<meta property=\"og:image:height\" content=\"683\" \/>\n\t<meta property=\"og:image:type\" content=\"image\/jpeg\" \/>\n<meta name=\"author\" content=\"Romain Boisaubert\" \/>\n<meta name=\"twitter:card\" content=\"summary_large_image\" \/>\n<meta name=\"twitter:creator\" content=\"@MonacoTribune\" \/>\n<meta name=\"twitter:site\" content=\"@MonacoTribune\" \/>\n<script type=\"application\/ld+json\" class=\"yoast-schema-graph\">{\"@context\":\"https:\\\/\\\/schema.org\",\"@graph\":[{\"@type\":\"NewsArticle\",\"@id\":\"https:\\\/\\\/www.monaco-tribune.com\\\/it\\\/2021\\\/04\\\/gildo-pastor-e-lamore-di-una-vita-per-le-corse-automobilistiche\\\/#article\",\"isPartOf\":{\"@id\":\"https:\\\/\\\/www.monaco-tribune.com\\\/it\\\/2021\\\/04\\\/gildo-pastor-e-lamore-di-una-vita-per-le-corse-automobilistiche\\\/\"},\"author\":{\"name\":\"Romain Boisaubert\",\"@id\":\"https:\\\/\\\/www.monaco-tribune.com\\\/it\\\/#\\\/schema\\\/person\\\/330a3732947cf8cb41b2533a0eadd62e\"},\"headline\":\"Gildo Pastor e l&#8217;amore di una vita per le corse automobilistiche\",\"datePublished\":\"2021-04-21T18:54:42+00:00\",\"dateModified\":\"2021-04-21T19:35:52+00:00\",\"mainEntityOfPage\":{\"@id\":\"https:\\\/\\\/www.monaco-tribune.com\\\/it\\\/2021\\\/04\\\/gildo-pastor-e-lamore-di-una-vita-per-le-corse-automobilistiche\\\/\"},\"wordCount\":1016,\"publisher\":{\"@id\":\"https:\\\/\\\/www.monaco-tribune.com\\\/it\\\/#organization\"},\"image\":{\"@id\":\"https:\\\/\\\/www.monaco-tribune.com\\\/it\\\/2021\\\/04\\\/gildo-pastor-e-lamore-di-una-vita-per-le-corse-automobilistiche\\\/#primaryimage\"},\"thumbnailUrl\":\"https:\\\/\\\/www.monaco-tribune.com\\\/wp-content\\\/uploads\\\/2021\\\/04\\\/gildo-pastor-venturi.jpeg\",\"keywords\":[\"Auto-moto\"],\"articleSection\":[\"La nostra scelta\",\"Notizie\",\"Sport\"],\"inLanguage\":\"it-IT\",\"copyrightYear\":\"2021\",\"copyrightHolder\":{\"@id\":\"https:\\\/\\\/www.monaco-tribune.com\\\/#organization\"}},{\"@type\":\"WebPage\",\"@id\":\"https:\\\/\\\/www.monaco-tribune.com\\\/it\\\/2021\\\/04\\\/gildo-pastor-e-lamore-di-una-vita-per-le-corse-automobilistiche\\\/\",\"url\":\"https:\\\/\\\/www.monaco-tribune.com\\\/it\\\/2021\\\/04\\\/gildo-pastor-e-lamore-di-una-vita-per-le-corse-automobilistiche\\\/\",\"name\":\"Gildo Pastor e l'amore di una vita per le corse automobilistiche\",\"isPartOf\":{\"@id\":\"https:\\\/\\\/www.monaco-tribune.com\\\/it\\\/#website\"},\"primaryImageOfPage\":{\"@id\":\"https:\\\/\\\/www.monaco-tribune.com\\\/it\\\/2021\\\/04\\\/gildo-pastor-e-lamore-di-una-vita-per-le-corse-automobilistiche\\\/#primaryimage\"},\"image\":{\"@id\":\"https:\\\/\\\/www.monaco-tribune.com\\\/it\\\/2021\\\/04\\\/gildo-pastor-e-lamore-di-una-vita-per-le-corse-automobilistiche\\\/#primaryimage\"},\"thumbnailUrl\":\"https:\\\/\\\/www.monaco-tribune.com\\\/wp-content\\\/uploads\\\/2021\\\/04\\\/gildo-pastor-venturi.jpeg\",\"datePublished\":\"2021-04-21T18:54:42+00:00\",\"dateModified\":\"2021-04-21T19:35:52+00:00\",\"description\":\"Appassionato di corse automobilistiche fin dalla tenera et\u00e0, l'imprenditore monegasco Gildo Pastor, proprietario di Venturi, ha condiviso con noi alcuni\",\"breadcrumb\":{\"@id\":\"https:\\\/\\\/www.monaco-tribune.com\\\/it\\\/2021\\\/04\\\/gildo-pastor-e-lamore-di-una-vita-per-le-corse-automobilistiche\\\/#breadcrumb\"},\"inLanguage\":\"it-IT\",\"potentialAction\":[{\"@type\":\"ReadAction\",\"target\":[\"https:\\\/\\\/www.monaco-tribune.com\\\/it\\\/2021\\\/04\\\/gildo-pastor-e-lamore-di-una-vita-per-le-corse-automobilistiche\\\/\"]}]},{\"@type\":\"ImageObject\",\"inLanguage\":\"it-IT\",\"@id\":\"https:\\\/\\\/www.monaco-tribune.com\\\/it\\\/2021\\\/04\\\/gildo-pastor-e-lamore-di-una-vita-per-le-corse-automobilistiche\\\/#primaryimage\",\"url\":\"https:\\\/\\\/www.monaco-tribune.com\\\/wp-content\\\/uploads\\\/2021\\\/04\\\/gildo-pastor-venturi.jpeg\",\"contentUrl\":\"https:\\\/\\\/www.monaco-tribune.com\\\/wp-content\\\/uploads\\\/2021\\\/04\\\/gildo-pastor-venturi.jpeg\",\"width\":1024,\"height\":683,\"caption\":\"DR\"},{\"@type\":\"BreadcrumbList\",\"@id\":\"https:\\\/\\\/www.monaco-tribune.com\\\/it\\\/2021\\\/04\\\/gildo-pastor-e-lamore-di-una-vita-per-le-corse-automobilistiche\\\/#breadcrumb\",\"itemListElement\":[{\"@type\":\"ListItem\",\"position\":1,\"name\":\"Accueil\",\"item\":\"https:\\\/\\\/www.monaco-tribune.com\\\/it\\\/\"},{\"@type\":\"ListItem\",\"position\":2,\"name\":\"Gildo Pastor e l&rsquo;amore di una vita per le corse automobilistiche\"}]},{\"@type\":\"WebSite\",\"@id\":\"https:\\\/\\\/www.monaco-tribune.com\\\/it\\\/#website\",\"url\":\"https:\\\/\\\/www.monaco-tribune.com\\\/it\\\/\",\"name\":\"Monaco Tribune\",\"description\":\"Monaco : actualit\u00e9s \u00e9conomiques, politiques, culturelles et sportives de Monaco et de la French Riviera.\",\"publisher\":{\"@id\":\"https:\\\/\\\/www.monaco-tribune.com\\\/it\\\/#organization\"},\"potentialAction\":[{\"@type\":\"SearchAction\",\"target\":{\"@type\":\"EntryPoint\",\"urlTemplate\":\"https:\\\/\\\/www.monaco-tribune.com\\\/it\\\/?s={search_term_string}\"},\"query-input\":{\"@type\":\"PropertyValueSpecification\",\"valueRequired\":true,\"valueName\":\"search_term_string\"}}],\"inLanguage\":\"it-IT\"},{\"@type\":\"Organization\",\"@id\":\"https:\\\/\\\/www.monaco-tribune.com\\\/it\\\/#organization\",\"name\":\"Monaco Tribune\",\"url\":\"https:\\\/\\\/www.monaco-tribune.com\\\/it\\\/\",\"logo\":{\"@type\":\"ImageObject\",\"inLanguage\":\"it-IT\",\"@id\":\"https:\\\/\\\/www.monaco-tribune.com\\\/it\\\/#\\\/schema\\\/logo\\\/image\\\/\",\"url\":\"https:\\\/\\\/www.monaco-tribune.com\\\/wp-content\\\/uploads\\\/2022\\\/11\\\/logo-monaco-tribune.png\",\"contentUrl\":\"https:\\\/\\\/www.monaco-tribune.com\\\/wp-content\\\/uploads\\\/2022\\\/11\\\/logo-monaco-tribune.png\",\"width\":1548,\"height\":600,\"caption\":\"Monaco Tribune\"},\"image\":{\"@id\":\"https:\\\/\\\/www.monaco-tribune.com\\\/it\\\/#\\\/schema\\\/logo\\\/image\\\/\"},\"sameAs\":[\"https:\\\/\\\/www.facebook.com\\\/MonacoTribune\",\"https:\\\/\\\/x.com\\\/MonacoTribune\",\"https:\\\/\\\/www.instagram.com\\\/monacotribune\\\/\",\"https:\\\/\\\/www.linkedin.com\\\/company\\\/monaco-tribune\",\"https:\\\/\\\/www.youtube.com\\\/channel\\\/UCHle1MnG6hw1y4lWKijVbMA\"]},{\"@type\":\"Person\",\"@id\":\"https:\\\/\\\/www.monaco-tribune.com\\\/it\\\/#\\\/schema\\\/person\\\/330a3732947cf8cb41b2533a0eadd62e\",\"name\":\"Romain Boisaubert\",\"image\":{\"@type\":\"ImageObject\",\"inLanguage\":\"it-IT\",\"@id\":\"https:\\\/\\\/secure.gravatar.com\\\/avatar\\\/f8b90d41f1eabd1cbe4cf59e09d8db41a697d51919bf2dfe727589a24a4a4d54?s=96&d=mm&r=g\",\"url\":\"https:\\\/\\\/secure.gravatar.com\\\/avatar\\\/f8b90d41f1eabd1cbe4cf59e09d8db41a697d51919bf2dfe727589a24a4a4d54?s=96&d=mm&r=g\",\"contentUrl\":\"https:\\\/\\\/secure.gravatar.com\\\/avatar\\\/f8b90d41f1eabd1cbe4cf59e09d8db41a697d51919bf2dfe727589a24a4a4d54?s=96&d=mm&r=g\",\"caption\":\"Romain Boisaubert\"},\"description\":\"Test bio\",\"url\":\"https:\\\/\\\/www.monaco-tribune.com\\\/it\\\/author\\\/romain-boisaubert\\\/\"}]}<\/script>\n<!-- \/ Yoast SEO Premium plugin. -->","yoast_head_json":{"title":"Gildo Pastor e l'amore di una vita per le corse automobilistiche","description":"Appassionato di corse automobilistiche fin dalla tenera et\u00e0, l'imprenditore monegasco Gildo Pastor, proprietario di Venturi, ha condiviso con noi alcuni","robots":{"index":"index","follow":"follow","max-snippet":"max-snippet:-1","max-image-preview":"max-image-preview:large","max-video-preview":"max-video-preview:-1"},"canonical":"https:\/\/www.monaco-tribune.com\/it\/2021\/04\/gildo-pastor-e-lamore-di-una-vita-per-le-corse-automobilistiche\/","og_locale":"it_IT","og_type":"article","og_title":"Gildo Pastor e l'amore di una vita per le corse automobilistiche - Monaco Tribune","og_description":"Appassionato di corse automobilistiche fin dalla tenera et\u00e0, l'imprenditore monegasco Gildo Pastor, proprietario di Venturi, ha condiviso con noi alcuni","og_url":"https:\/\/www.monaco-tribune.com\/it\/2021\/04\/gildo-pastor-e-lamore-di-una-vita-per-le-corse-automobilistiche\/","og_site_name":"Monaco Tribune","article_publisher":"https:\/\/www.facebook.com\/MonacoTribune","article_published_time":"2021-04-21T18:54:42+00:00","article_modified_time":"2021-04-21T19:35:52+00:00","og_image":[{"width":1024,"height":683,"url":"https:\/\/www.monaco-tribune.com\/wp-content\/uploads\/2021\/04\/gildo-pastor-venturi.jpeg","type":"image\/jpeg"}],"author":"Romain Boisaubert","twitter_card":"summary_large_image","twitter_creator":"@MonacoTribune","twitter_site":"@MonacoTribune","schema":{"@context":"https:\/\/schema.org","@graph":[{"@type":"NewsArticle","@id":"https:\/\/www.monaco-tribune.com\/it\/2021\/04\/gildo-pastor-e-lamore-di-una-vita-per-le-corse-automobilistiche\/#article","isPartOf":{"@id":"https:\/\/www.monaco-tribune.com\/it\/2021\/04\/gildo-pastor-e-lamore-di-una-vita-per-le-corse-automobilistiche\/"},"author":{"name":"Romain Boisaubert","@id":"https:\/\/www.monaco-tribune.com\/it\/#\/schema\/person\/330a3732947cf8cb41b2533a0eadd62e"},"headline":"Gildo Pastor e l&#8217;amore di una vita per le corse automobilistiche","datePublished":"2021-04-21T18:54:42+00:00","dateModified":"2021-04-21T19:35:52+00:00","mainEntityOfPage":{"@id":"https:\/\/www.monaco-tribune.com\/it\/2021\/04\/gildo-pastor-e-lamore-di-una-vita-per-le-corse-automobilistiche\/"},"wordCount":1016,"publisher":{"@id":"https:\/\/www.monaco-tribune.com\/it\/#organization"},"image":{"@id":"https:\/\/www.monaco-tribune.com\/it\/2021\/04\/gildo-pastor-e-lamore-di-una-vita-per-le-corse-automobilistiche\/#primaryimage"},"thumbnailUrl":"https:\/\/www.monaco-tribune.com\/wp-content\/uploads\/2021\/04\/gildo-pastor-venturi.jpeg","keywords":["Auto-moto"],"articleSection":["La nostra scelta","Notizie","Sport"],"inLanguage":"it-IT","copyrightYear":"2021","copyrightHolder":{"@id":"https:\/\/www.monaco-tribune.com\/#organization"}},{"@type":"WebPage","@id":"https:\/\/www.monaco-tribune.com\/it\/2021\/04\/gildo-pastor-e-lamore-di-una-vita-per-le-corse-automobilistiche\/","url":"https:\/\/www.monaco-tribune.com\/it\/2021\/04\/gildo-pastor-e-lamore-di-una-vita-per-le-corse-automobilistiche\/","name":"Gildo Pastor e l'amore di una vita per le corse automobilistiche","isPartOf":{"@id":"https:\/\/www.monaco-tribune.com\/it\/#website"},"primaryImageOfPage":{"@id":"https:\/\/www.monaco-tribune.com\/it\/2021\/04\/gildo-pastor-e-lamore-di-una-vita-per-le-corse-automobilistiche\/#primaryimage"},"image":{"@id":"https:\/\/www.monaco-tribune.com\/it\/2021\/04\/gildo-pastor-e-lamore-di-una-vita-per-le-corse-automobilistiche\/#primaryimage"},"thumbnailUrl":"https:\/\/www.monaco-tribune.com\/wp-content\/uploads\/2021\/04\/gildo-pastor-venturi.jpeg","datePublished":"2021-04-21T18:54:42+00:00","dateModified":"2021-04-21T19:35:52+00:00","description":"Appassionato di corse automobilistiche fin dalla tenera et\u00e0, l'imprenditore monegasco Gildo Pastor, proprietario di Venturi, ha condiviso con noi alcuni","breadcrumb":{"@id":"https:\/\/www.monaco-tribune.com\/it\/2021\/04\/gildo-pastor-e-lamore-di-una-vita-per-le-corse-automobilistiche\/#breadcrumb"},"inLanguage":"it-IT","potentialAction":[{"@type":"ReadAction","target":["https:\/\/www.monaco-tribune.com\/it\/2021\/04\/gildo-pastor-e-lamore-di-una-vita-per-le-corse-automobilistiche\/"]}]},{"@type":"ImageObject","inLanguage":"it-IT","@id":"https:\/\/www.monaco-tribune.com\/it\/2021\/04\/gildo-pastor-e-lamore-di-una-vita-per-le-corse-automobilistiche\/#primaryimage","url":"https:\/\/www.monaco-tribune.com\/wp-content\/uploads\/2021\/04\/gildo-pastor-venturi.jpeg","contentUrl":"https:\/\/www.monaco-tribune.com\/wp-content\/uploads\/2021\/04\/gildo-pastor-venturi.jpeg","width":1024,"height":683,"caption":"DR"},{"@type":"BreadcrumbList","@id":"https:\/\/www.monaco-tribune.com\/it\/2021\/04\/gildo-pastor-e-lamore-di-una-vita-per-le-corse-automobilistiche\/#breadcrumb","itemListElement":[{"@type":"ListItem","position":1,"name":"Accueil","item":"https:\/\/www.monaco-tribune.com\/it\/"},{"@type":"ListItem","position":2,"name":"Gildo Pastor e l&rsquo;amore di una vita per le corse automobilistiche"}]},{"@type":"WebSite","@id":"https:\/\/www.monaco-tribune.com\/it\/#website","url":"https:\/\/www.monaco-tribune.com\/it\/","name":"Monaco Tribune","description":"Monaco : actualit\u00e9s \u00e9conomiques, politiques, culturelles et sportives de Monaco et de la French Riviera.","publisher":{"@id":"https:\/\/www.monaco-tribune.com\/it\/#organization"},"potentialAction":[{"@type":"SearchAction","target":{"@type":"EntryPoint","urlTemplate":"https:\/\/www.monaco-tribune.com\/it\/?s={search_term_string}"},"query-input":{"@type":"PropertyValueSpecification","valueRequired":true,"valueName":"search_term_string"}}],"inLanguage":"it-IT"},{"@type":"Organization","@id":"https:\/\/www.monaco-tribune.com\/it\/#organization","name":"Monaco Tribune","url":"https:\/\/www.monaco-tribune.com\/it\/","logo":{"@type":"ImageObject","inLanguage":"it-IT","@id":"https:\/\/www.monaco-tribune.com\/it\/#\/schema\/logo\/image\/","url":"https:\/\/www.monaco-tribune.com\/wp-content\/uploads\/2022\/11\/logo-monaco-tribune.png","contentUrl":"https:\/\/www.monaco-tribune.com\/wp-content\/uploads\/2022\/11\/logo-monaco-tribune.png","width":1548,"height":600,"caption":"Monaco Tribune"},"image":{"@id":"https:\/\/www.monaco-tribune.com\/it\/#\/schema\/logo\/image\/"},"sameAs":["https:\/\/www.facebook.com\/MonacoTribune","https:\/\/x.com\/MonacoTribune","https:\/\/www.instagram.com\/monacotribune\/","https:\/\/www.linkedin.com\/company\/monaco-tribune","https:\/\/www.youtube.com\/channel\/UCHle1MnG6hw1y4lWKijVbMA"]},{"@type":"Person","@id":"https:\/\/www.monaco-tribune.com\/it\/#\/schema\/person\/330a3732947cf8cb41b2533a0eadd62e","name":"Romain Boisaubert","image":{"@type":"ImageObject","inLanguage":"it-IT","@id":"https:\/\/secure.gravatar.com\/avatar\/f8b90d41f1eabd1cbe4cf59e09d8db41a697d51919bf2dfe727589a24a4a4d54?s=96&d=mm&r=g","url":"https:\/\/secure.gravatar.com\/avatar\/f8b90d41f1eabd1cbe4cf59e09d8db41a697d51919bf2dfe727589a24a4a4d54?s=96&d=mm&r=g","contentUrl":"https:\/\/secure.gravatar.com\/avatar\/f8b90d41f1eabd1cbe4cf59e09d8db41a697d51919bf2dfe727589a24a4a4d54?s=96&d=mm&r=g","caption":"Romain Boisaubert"},"description":"Test bio","url":"https:\/\/www.monaco-tribune.com\/it\/author\/romain-boisaubert\/"}]}},"_links":{"self":[{"href":"https:\/\/www.monaco-tribune.com\/it\/wp-json\/wp\/v2\/posts\/75920","targetHints":{"allow":["GET"]}}],"collection":[{"href":"https:\/\/www.monaco-tribune.com\/it\/wp-json\/wp\/v2\/posts"}],"about":[{"href":"https:\/\/www.monaco-tribune.com\/it\/wp-json\/wp\/v2\/types\/post"}],"author":[{"embeddable":true,"href":"https:\/\/www.monaco-tribune.com\/it\/wp-json\/wp\/v2\/users\/24"}],"replies":[{"embeddable":true,"href":"https:\/\/www.monaco-tribune.com\/it\/wp-json\/wp\/v2\/comments?post=75920"}],"version-history":[{"count":0,"href":"https:\/\/www.monaco-tribune.com\/it\/wp-json\/wp\/v2\/posts\/75920\/revisions"}],"wp:featuredmedia":[{"embeddable":true,"href":"https:\/\/www.monaco-tribune.com\/it\/wp-json\/wp\/v2\/media\/75084"}],"wp:attachment":[{"href":"https:\/\/www.monaco-tribune.com\/it\/wp-json\/wp\/v2\/media?parent=75920"}],"wp:term":[{"taxonomy":"category","embeddable":true,"href":"https:\/\/www.monaco-tribune.com\/it\/wp-json\/wp\/v2\/categories?post=75920"},{"taxonomy":"post_tag","embeddable":true,"href":"https:\/\/www.monaco-tribune.com\/it\/wp-json\/wp\/v2\/tags?post=75920"},{"taxonomy":"sectag","embeddable":true,"href":"https:\/\/www.monaco-tribune.com\/it\/wp-json\/wp\/v2\/post_sectags?post=75920"},{"taxonomy":"format","embeddable":true,"href":"https:\/\/www.monaco-tribune.com\/it\/wp-json\/wp\/v2\/post_format?post=75920"}],"curies":[{"name":"wp","href":"https:\/\/api.w.org\/{rel}","templated":true}]}}