{"id":76042,"date":"2021-04-22T20:13:44","date_gmt":"2021-04-22T18:13:44","guid":{"rendered":"https:\/\/www.monaco-tribune.com\/2021\/04\/larcidiocesi-di-monaco-solidale-generosa-e-sempre-piu-connessa\/"},"modified":"2021-04-22T20:13:49","modified_gmt":"2021-04-22T18:13:49","slug":"larcidiocesi-di-monaco-solidale-generosa-e-sempre-piu-connessa","status":"publish","type":"post","link":"https:\/\/www.monaco-tribune.com\/it\/2021\/04\/larcidiocesi-di-monaco-solidale-generosa-e-sempre-piu-connessa\/","title":{"rendered":"L&#8217;arcidiocesi di Monaco: solidale, generosa e sempre pi\u00f9 connessa"},"content":{"rendered":"\n<p><strong>Nonostante la crisi sanitaria, l&#8217;Arcidiocesi di Monaco ha continuato a essere presente per gli abitanti del Principato e ad aiutare le popolazioni pi\u00f9 bisognose della regione delle Alpi Marittime. Oggi, l&#8217;arcidiocesi \u00e8 sempre pi\u00f9 connessa e mostra tutta la sua creativit\u00e0 sui social.<\/strong><\/p>\n\n<p>Messe, assistenza ai senzatetto e percorsi di formazione in videoconferenza. Dall&#8217;inizio della pandemia, l&#8217;arcidiocesi di Monaco si \u00e8 messa subito a disposizione della popolazione del Principato e delle Alpi Marittime. &#8220;Non c&#8217;\u00e8 peggiore isolamento di quello del cuore!&#8221;, ricorda Monsignor <a href=\"https:\/\/www.monaco-tribune.com\/2020\/03\/mgr-dominique-marie-david-nouvel-archeveque-de-monaco\/\">Dominique-Marie David<\/a>, Arcivescovo di Monaco.<\/p>\n\n<h2 class=\"wp-block-heading\" id=\"h-un-dioc-se-toujours-plus-connect\">Un&#8217;arcidiocesi sempre pi\u00f9 connessa<\/h2>\n\n<p>&#8220;In questo periodo di pandemia, le nostre chiese sono sempre state piene di vita, celebrazioni religiose e momenti di preghiera. Le misure sanitarie hanno dato spazio alla creativit\u00e0&#8221;, prosegue. L&#8217;Arcidiocesi di Monaco, infatti, ha trasmesso la messa tutti i giorni <a href=\"https:\/\/diocese.mc\/\">sul suo sito internet<\/a>, un evento in seguito ritrasmesso su Monaco Info. Un&#8217;altra iniziativa \u00e8 stata quella della messa in diretta o in differita <a href=\"https:\/\/www.youtube.com\/channel\/UCeDxNPRxquzEENMZRJcrHHA\/videos\">sul suo canale YouTube<\/a>: &#8220;Questa emergenza che stiamo vivendo ci ha permesso di trovare nuovi modi per fare le cose e per aiutare chi ne ha bisogno&#8221;.<\/p>\n\n<p>Facebook, Instagram, Twitter e LinkedIn: Da diversi anni, l&#8217;Arcidiocesi di Monaco \u00e8 presente su tutti questi social e offre anche una newsletter con il nome di Agora. Inoltre, il suo giornale cartaceo bimestrale \u00e8 stato ufficialmente sostituito da una versione digitale, pi\u00f9 ecologica e immediata.<\/p>\n\n<p><strong>&gt;&gt; LEGGI ANCHE: <\/strong><a href=\"https:\/\/www.monaco-tribune.com\/it\/2020\/10\/tempesta-alex-monaco-dona-4-milioni-di-euro-alle-comunita-colpite\/\">Tempesta Alex: Monaco dona 4 milioni di euro alle comunit\u00e0 colpite<\/a><\/p>\n\n<p>&#8220;La nostra arcidiocesi \u00e8 sempre attenta alle necessit\u00e0 degli abitanti del Principato, anche al di l\u00e0 dell&#8217;ambiente cattolico di Monaco, e riconosce diversi generi di povert\u00e0, che sia sociale, psicologica o economica&#8221;. Nel 2020, durante il lockdown, la Soci\u00e9t\u00e9 Saint-Vincent-de-Paul, che si occupa di assistere i bisognosi, ha continuato a essere attiva offrendo, con cadenza regolare, dei buoni d&#8217;acquisto per la spesa ai meno abbienti.<\/p>\n\n<blockquote class=\"wp-block-quote is-layout-flow wp-block-quote-is-layout-flow\"><p><em>La generosit\u00e0 e la prontezza degli abitanti del Principato mi hanno colpito molto<\/em><\/p><cite>Monsignor Dominique-Marie David, Arcivescovo di Monaco<\/cite><\/blockquote>\n\n<h2 class=\"wp-block-heading\" id=\"h-une-solidarit-internationale\">Una solidariet\u00e0 internazionale<\/h2>\n\n<p>&#8220;Abbiamo continuato a distribuire cibo e calore fraterno a chi era ancora pi\u00f9 in difficolt\u00e0, viste le strade vuote&#8221;, ci tiene a sottolineare Monsignor Dominique-Marie David. &#8220;Il nostro posto \u00e8 tra i pi\u00f9 poveri e i pi\u00f9 bisognosi, dobbiamo continuare umilmente a essere testimoni di speranza, come durante la consegna dei pasti ai senza tetto che facciamo nelle Alpi Marittime, che abbiamo mantenuto, se non addirittura incrementato, in questo periodo di pandemia&#8221;.<\/p>\n\n<p>&#8220;La generosit\u00e0 e la prontezza degli abitanti del Principato mi hanno colpito molto&#8221;, confessa Monsignor Dominique-Marie David, ricordando <a href=\"https:\/\/www.monaco-tribune.com\/it\/2020\/10\/tempesta-alex-diversi-morti-e-10-dispersi\/\">il dolore inflitto dalla tempesta Alex<\/a> e dalle inondazioni che, lo scorso ottobre, hanno distrutto la Val Roia. &#8220;La nostra arcidiocesi si \u00e8 mobilizzata per aiutare gli abitanti della valle colpiti, prima portando cibo e vestiti, e poi anche acquistando quad e biciclette elettriche cos\u00ec da permettergli di raggiungere i comuni pi\u00f9 isolati&#8221;.<\/p>\n\n<p><strong>&gt;&gt; LEGGI ANCHE: <\/strong><a href=\"https:\/\/www.monaco-tribune.com\/it\/2020\/03\/il-principato-di-monaco-una-storia-cattolica\/\">Il Principato di Monaco, una storia cattolica<\/a><\/p>\n","protected":false},"excerpt":{"rendered":"<p>Nonostante la crisi sanitaria, l&#8217;Arcidiocesi di Monaco ha continuato a essere presente per gli abitanti del Principato e ad aiutare [&hellip;]<\/p>\n","protected":false},"author":50,"featured_media":75849,"comment_status":"closed","ping_status":"closed","sticky":false,"template":"","format":"standard","meta":{"_acf_changed":false,"footnotes":""},"categories":[1826,1738,1752],"tags":[3006],"post_sectags":[],"post_format":[2476],"class_list":["post-76042","post","type-post","status-publish","format-standard","has-post-thumbnail","hentry","category-la-nostra-scelta","category-notizie","category-societa","tag-religione","format-intervista"],"acf":[],"yoast_head":"<!-- This site is optimized with the Yoast SEO Premium plugin v26.8 (Yoast SEO v27.4) - https:\/\/yoast.com\/product\/yoast-seo-premium-wordpress\/ -->\n<title>L&#039;arcidiocesi di Monaco: solidale, generosa e sempre pi\u00f9 connessa<\/title>\n<meta name=\"description\" content=\"Nonostante la crisi sanitaria, l&#039;Arcidiocesi di Monaco ha continuato a essere presente per gli abitanti del Principato e ad aiutare le popolazioni pi\u00f9\" \/>\n<meta name=\"robots\" content=\"index, follow, max-snippet:-1, max-image-preview:large, max-video-preview:-1\" \/>\n<link rel=\"canonical\" href=\"https:\/\/www.monaco-tribune.com\/it\/2021\/04\/larcidiocesi-di-monaco-solidale-generosa-e-sempre-piu-connessa\/\" \/>\n<meta property=\"og:locale\" content=\"it_IT\" \/>\n<meta property=\"og:type\" content=\"article\" \/>\n<meta property=\"og:title\" content=\"L&#039;arcidiocesi di Monaco: solidale, generosa e sempre pi\u00f9 connessa - Monaco Tribune\" \/>\n<meta property=\"og:description\" content=\"Nonostante la crisi sanitaria, l&#039;Arcidiocesi di Monaco ha continuato a essere presente per gli abitanti del Principato e ad aiutare le popolazioni pi\u00f9\" \/>\n<meta property=\"og:url\" content=\"https:\/\/www.monaco-tribune.com\/it\/2021\/04\/larcidiocesi-di-monaco-solidale-generosa-e-sempre-piu-connessa\/\" \/>\n<meta property=\"og:site_name\" content=\"Monaco Tribune\" \/>\n<meta property=\"article:publisher\" content=\"https:\/\/www.facebook.com\/MonacoTribune\" \/>\n<meta property=\"article:published_time\" content=\"2021-04-22T18:13:44+00:00\" \/>\n<meta property=\"article:modified_time\" content=\"2021-04-22T18:13:49+00:00\" \/>\n<meta property=\"og:image\" content=\"https:\/\/www.monaco-tribune.com\/wp-content\/uploads\/2021\/04\/dioce\u0300se-de-monaco.jpeg\" \/>\n\t<meta property=\"og:image:width\" content=\"1200\" \/>\n\t<meta property=\"og:image:height\" content=\"766\" \/>\n\t<meta property=\"og:image:type\" content=\"image\/jpeg\" \/>\n<meta name=\"author\" content=\"Aliz\u00e9e Mosconi\" \/>\n<meta name=\"twitter:card\" content=\"summary_large_image\" \/>\n<meta name=\"twitter:creator\" content=\"@MonacoTribune\" \/>\n<meta name=\"twitter:site\" content=\"@MonacoTribune\" \/>\n<script type=\"application\/ld+json\" class=\"yoast-schema-graph\">{\"@context\":\"https:\\\/\\\/schema.org\",\"@graph\":[{\"@type\":\"NewsArticle\",\"@id\":\"https:\\\/\\\/www.monaco-tribune.com\\\/it\\\/2021\\\/04\\\/larcidiocesi-di-monaco-solidale-generosa-e-sempre-piu-connessa\\\/#article\",\"isPartOf\":{\"@id\":\"https:\\\/\\\/www.monaco-tribune.com\\\/it\\\/2021\\\/04\\\/larcidiocesi-di-monaco-solidale-generosa-e-sempre-piu-connessa\\\/\"},\"author\":{\"name\":\"Aliz\u00e9e Mosconi\",\"@id\":\"https:\\\/\\\/www.monaco-tribune.com\\\/it\\\/#\\\/schema\\\/person\\\/bb7eedbeede1d20ce8d51e52bde2c1e8\"},\"headline\":\"L&#8217;arcidiocesi di Monaco: solidale, generosa e sempre pi\u00f9 connessa\",\"datePublished\":\"2021-04-22T18:13:44+00:00\",\"dateModified\":\"2021-04-22T18:13:49+00:00\",\"mainEntityOfPage\":{\"@id\":\"https:\\\/\\\/www.monaco-tribune.com\\\/it\\\/2021\\\/04\\\/larcidiocesi-di-monaco-solidale-generosa-e-sempre-piu-connessa\\\/\"},\"wordCount\":495,\"publisher\":{\"@id\":\"https:\\\/\\\/www.monaco-tribune.com\\\/it\\\/#organization\"},\"image\":{\"@id\":\"https:\\\/\\\/www.monaco-tribune.com\\\/it\\\/2021\\\/04\\\/larcidiocesi-di-monaco-solidale-generosa-e-sempre-piu-connessa\\\/#primaryimage\"},\"thumbnailUrl\":\"https:\\\/\\\/www.monaco-tribune.com\\\/wp-content\\\/uploads\\\/2021\\\/04\\\/dioce\u0300se-de-monaco.jpeg\",\"keywords\":[\"Religione\"],\"articleSection\":[\"La nostra scelta\",\"Notizie\",\"Societ\u00e0\"],\"inLanguage\":\"it-IT\",\"copyrightYear\":\"2021\",\"copyrightHolder\":{\"@id\":\"https:\\\/\\\/www.monaco-tribune.com\\\/#organization\"}},{\"@type\":\"WebPage\",\"@id\":\"https:\\\/\\\/www.monaco-tribune.com\\\/it\\\/2021\\\/04\\\/larcidiocesi-di-monaco-solidale-generosa-e-sempre-piu-connessa\\\/\",\"url\":\"https:\\\/\\\/www.monaco-tribune.com\\\/it\\\/2021\\\/04\\\/larcidiocesi-di-monaco-solidale-generosa-e-sempre-piu-connessa\\\/\",\"name\":\"L'arcidiocesi di Monaco: solidale, generosa e sempre pi\u00f9 connessa\",\"isPartOf\":{\"@id\":\"https:\\\/\\\/www.monaco-tribune.com\\\/it\\\/#website\"},\"primaryImageOfPage\":{\"@id\":\"https:\\\/\\\/www.monaco-tribune.com\\\/it\\\/2021\\\/04\\\/larcidiocesi-di-monaco-solidale-generosa-e-sempre-piu-connessa\\\/#primaryimage\"},\"image\":{\"@id\":\"https:\\\/\\\/www.monaco-tribune.com\\\/it\\\/2021\\\/04\\\/larcidiocesi-di-monaco-solidale-generosa-e-sempre-piu-connessa\\\/#primaryimage\"},\"thumbnailUrl\":\"https:\\\/\\\/www.monaco-tribune.com\\\/wp-content\\\/uploads\\\/2021\\\/04\\\/dioce\u0300se-de-monaco.jpeg\",\"datePublished\":\"2021-04-22T18:13:44+00:00\",\"dateModified\":\"2021-04-22T18:13:49+00:00\",\"description\":\"Nonostante la crisi sanitaria, l'Arcidiocesi di Monaco ha continuato a essere presente per gli abitanti del Principato e ad aiutare le popolazioni pi\u00f9\",\"breadcrumb\":{\"@id\":\"https:\\\/\\\/www.monaco-tribune.com\\\/it\\\/2021\\\/04\\\/larcidiocesi-di-monaco-solidale-generosa-e-sempre-piu-connessa\\\/#breadcrumb\"},\"inLanguage\":\"it-IT\",\"potentialAction\":[{\"@type\":\"ReadAction\",\"target\":[\"https:\\\/\\\/www.monaco-tribune.com\\\/it\\\/2021\\\/04\\\/larcidiocesi-di-monaco-solidale-generosa-e-sempre-piu-connessa\\\/\"]}]},{\"@type\":\"ImageObject\",\"inLanguage\":\"it-IT\",\"@id\":\"https:\\\/\\\/www.monaco-tribune.com\\\/it\\\/2021\\\/04\\\/larcidiocesi-di-monaco-solidale-generosa-e-sempre-piu-connessa\\\/#primaryimage\",\"url\":\"https:\\\/\\\/www.monaco-tribune.com\\\/wp-content\\\/uploads\\\/2021\\\/04\\\/dioce\u0300se-de-monaco.jpeg\",\"contentUrl\":\"https:\\\/\\\/www.monaco-tribune.com\\\/wp-content\\\/uploads\\\/2021\\\/04\\\/dioce\u0300se-de-monaco.jpeg\",\"width\":1200,\"height\":766,\"caption\":\"Monaco Info\"},{\"@type\":\"BreadcrumbList\",\"@id\":\"https:\\\/\\\/www.monaco-tribune.com\\\/it\\\/2021\\\/04\\\/larcidiocesi-di-monaco-solidale-generosa-e-sempre-piu-connessa\\\/#breadcrumb\",\"itemListElement\":[{\"@type\":\"ListItem\",\"position\":1,\"name\":\"Accueil\",\"item\":\"https:\\\/\\\/www.monaco-tribune.com\\\/it\\\/\"},{\"@type\":\"ListItem\",\"position\":2,\"name\":\"L&rsquo;arcidiocesi di Monaco: solidale, generosa e sempre pi\u00f9 connessa\"}]},{\"@type\":\"WebSite\",\"@id\":\"https:\\\/\\\/www.monaco-tribune.com\\\/it\\\/#website\",\"url\":\"https:\\\/\\\/www.monaco-tribune.com\\\/it\\\/\",\"name\":\"Monaco Tribune\",\"description\":\"Monaco : actualit\u00e9s \u00e9conomiques, politiques, culturelles et sportives de Monaco et de la French Riviera.\",\"publisher\":{\"@id\":\"https:\\\/\\\/www.monaco-tribune.com\\\/it\\\/#organization\"},\"potentialAction\":[{\"@type\":\"SearchAction\",\"target\":{\"@type\":\"EntryPoint\",\"urlTemplate\":\"https:\\\/\\\/www.monaco-tribune.com\\\/it\\\/?s={search_term_string}\"},\"query-input\":{\"@type\":\"PropertyValueSpecification\",\"valueRequired\":true,\"valueName\":\"search_term_string\"}}],\"inLanguage\":\"it-IT\"},{\"@type\":\"Organization\",\"@id\":\"https:\\\/\\\/www.monaco-tribune.com\\\/it\\\/#organization\",\"name\":\"Monaco Tribune\",\"url\":\"https:\\\/\\\/www.monaco-tribune.com\\\/it\\\/\",\"logo\":{\"@type\":\"ImageObject\",\"inLanguage\":\"it-IT\",\"@id\":\"https:\\\/\\\/www.monaco-tribune.com\\\/it\\\/#\\\/schema\\\/logo\\\/image\\\/\",\"url\":\"https:\\\/\\\/www.monaco-tribune.com\\\/wp-content\\\/uploads\\\/2022\\\/11\\\/logo-monaco-tribune.png\",\"contentUrl\":\"https:\\\/\\\/www.monaco-tribune.com\\\/wp-content\\\/uploads\\\/2022\\\/11\\\/logo-monaco-tribune.png\",\"width\":1548,\"height\":600,\"caption\":\"Monaco Tribune\"},\"image\":{\"@id\":\"https:\\\/\\\/www.monaco-tribune.com\\\/it\\\/#\\\/schema\\\/logo\\\/image\\\/\"},\"sameAs\":[\"https:\\\/\\\/www.facebook.com\\\/MonacoTribune\",\"https:\\\/\\\/x.com\\\/MonacoTribune\",\"https:\\\/\\\/www.instagram.com\\\/monacotribune\\\/\",\"https:\\\/\\\/www.linkedin.com\\\/company\\\/monaco-tribune\",\"https:\\\/\\\/www.youtube.com\\\/channel\\\/UCHle1MnG6hw1y4lWKijVbMA\"]},{\"@type\":\"Person\",\"@id\":\"https:\\\/\\\/www.monaco-tribune.com\\\/it\\\/#\\\/schema\\\/person\\\/bb7eedbeede1d20ce8d51e52bde2c1e8\",\"name\":\"Aliz\u00e9e Mosconi\",\"image\":{\"@type\":\"ImageObject\",\"inLanguage\":\"it-IT\",\"@id\":\"https:\\\/\\\/secure.gravatar.com\\\/avatar\\\/a01ecf8f75ca312b8db6f53ca7d56a4f7d4dd75acdd7f8605efab1d10294a17f?s=96&d=mm&r=g\",\"url\":\"https:\\\/\\\/secure.gravatar.com\\\/avatar\\\/a01ecf8f75ca312b8db6f53ca7d56a4f7d4dd75acdd7f8605efab1d10294a17f?s=96&d=mm&r=g\",\"contentUrl\":\"https:\\\/\\\/secure.gravatar.com\\\/avatar\\\/a01ecf8f75ca312b8db6f53ca7d56a4f7d4dd75acdd7f8605efab1d10294a17f?s=96&d=mm&r=g\",\"caption\":\"Aliz\u00e9e Mosconi\"},\"url\":\"https:\\\/\\\/www.monaco-tribune.com\\\/it\\\/author\\\/alizeemosconi\\\/\"}]}<\/script>\n<!-- \/ Yoast SEO Premium plugin. -->","yoast_head_json":{"title":"L'arcidiocesi di Monaco: solidale, generosa e sempre pi\u00f9 connessa","description":"Nonostante la crisi sanitaria, l'Arcidiocesi di Monaco ha continuato a essere presente per gli abitanti del Principato e ad aiutare le popolazioni pi\u00f9","robots":{"index":"index","follow":"follow","max-snippet":"max-snippet:-1","max-image-preview":"max-image-preview:large","max-video-preview":"max-video-preview:-1"},"canonical":"https:\/\/www.monaco-tribune.com\/it\/2021\/04\/larcidiocesi-di-monaco-solidale-generosa-e-sempre-piu-connessa\/","og_locale":"it_IT","og_type":"article","og_title":"L'arcidiocesi di Monaco: solidale, generosa e sempre pi\u00f9 connessa - Monaco Tribune","og_description":"Nonostante la crisi sanitaria, l'Arcidiocesi di Monaco ha continuato a essere presente per gli abitanti del Principato e ad aiutare le popolazioni pi\u00f9","og_url":"https:\/\/www.monaco-tribune.com\/it\/2021\/04\/larcidiocesi-di-monaco-solidale-generosa-e-sempre-piu-connessa\/","og_site_name":"Monaco Tribune","article_publisher":"https:\/\/www.facebook.com\/MonacoTribune","article_published_time":"2021-04-22T18:13:44+00:00","article_modified_time":"2021-04-22T18:13:49+00:00","og_image":[{"width":1200,"height":766,"url":"https:\/\/www.monaco-tribune.com\/wp-content\/uploads\/2021\/04\/dioce\u0300se-de-monaco.jpeg","type":"image\/jpeg"}],"author":"Aliz\u00e9e Mosconi","twitter_card":"summary_large_image","twitter_creator":"@MonacoTribune","twitter_site":"@MonacoTribune","schema":{"@context":"https:\/\/schema.org","@graph":[{"@type":"NewsArticle","@id":"https:\/\/www.monaco-tribune.com\/it\/2021\/04\/larcidiocesi-di-monaco-solidale-generosa-e-sempre-piu-connessa\/#article","isPartOf":{"@id":"https:\/\/www.monaco-tribune.com\/it\/2021\/04\/larcidiocesi-di-monaco-solidale-generosa-e-sempre-piu-connessa\/"},"author":{"name":"Aliz\u00e9e Mosconi","@id":"https:\/\/www.monaco-tribune.com\/it\/#\/schema\/person\/bb7eedbeede1d20ce8d51e52bde2c1e8"},"headline":"L&#8217;arcidiocesi di Monaco: solidale, generosa e sempre pi\u00f9 connessa","datePublished":"2021-04-22T18:13:44+00:00","dateModified":"2021-04-22T18:13:49+00:00","mainEntityOfPage":{"@id":"https:\/\/www.monaco-tribune.com\/it\/2021\/04\/larcidiocesi-di-monaco-solidale-generosa-e-sempre-piu-connessa\/"},"wordCount":495,"publisher":{"@id":"https:\/\/www.monaco-tribune.com\/it\/#organization"},"image":{"@id":"https:\/\/www.monaco-tribune.com\/it\/2021\/04\/larcidiocesi-di-monaco-solidale-generosa-e-sempre-piu-connessa\/#primaryimage"},"thumbnailUrl":"https:\/\/www.monaco-tribune.com\/wp-content\/uploads\/2021\/04\/dioce\u0300se-de-monaco.jpeg","keywords":["Religione"],"articleSection":["La nostra scelta","Notizie","Societ\u00e0"],"inLanguage":"it-IT","copyrightYear":"2021","copyrightHolder":{"@id":"https:\/\/www.monaco-tribune.com\/#organization"}},{"@type":"WebPage","@id":"https:\/\/www.monaco-tribune.com\/it\/2021\/04\/larcidiocesi-di-monaco-solidale-generosa-e-sempre-piu-connessa\/","url":"https:\/\/www.monaco-tribune.com\/it\/2021\/04\/larcidiocesi-di-monaco-solidale-generosa-e-sempre-piu-connessa\/","name":"L'arcidiocesi di Monaco: solidale, generosa e sempre pi\u00f9 connessa","isPartOf":{"@id":"https:\/\/www.monaco-tribune.com\/it\/#website"},"primaryImageOfPage":{"@id":"https:\/\/www.monaco-tribune.com\/it\/2021\/04\/larcidiocesi-di-monaco-solidale-generosa-e-sempre-piu-connessa\/#primaryimage"},"image":{"@id":"https:\/\/www.monaco-tribune.com\/it\/2021\/04\/larcidiocesi-di-monaco-solidale-generosa-e-sempre-piu-connessa\/#primaryimage"},"thumbnailUrl":"https:\/\/www.monaco-tribune.com\/wp-content\/uploads\/2021\/04\/dioce\u0300se-de-monaco.jpeg","datePublished":"2021-04-22T18:13:44+00:00","dateModified":"2021-04-22T18:13:49+00:00","description":"Nonostante la crisi sanitaria, l'Arcidiocesi di Monaco ha continuato a essere presente per gli abitanti del Principato e ad aiutare le popolazioni pi\u00f9","breadcrumb":{"@id":"https:\/\/www.monaco-tribune.com\/it\/2021\/04\/larcidiocesi-di-monaco-solidale-generosa-e-sempre-piu-connessa\/#breadcrumb"},"inLanguage":"it-IT","potentialAction":[{"@type":"ReadAction","target":["https:\/\/www.monaco-tribune.com\/it\/2021\/04\/larcidiocesi-di-monaco-solidale-generosa-e-sempre-piu-connessa\/"]}]},{"@type":"ImageObject","inLanguage":"it-IT","@id":"https:\/\/www.monaco-tribune.com\/it\/2021\/04\/larcidiocesi-di-monaco-solidale-generosa-e-sempre-piu-connessa\/#primaryimage","url":"https:\/\/www.monaco-tribune.com\/wp-content\/uploads\/2021\/04\/dioce\u0300se-de-monaco.jpeg","contentUrl":"https:\/\/www.monaco-tribune.com\/wp-content\/uploads\/2021\/04\/dioce\u0300se-de-monaco.jpeg","width":1200,"height":766,"caption":"Monaco Info"},{"@type":"BreadcrumbList","@id":"https:\/\/www.monaco-tribune.com\/it\/2021\/04\/larcidiocesi-di-monaco-solidale-generosa-e-sempre-piu-connessa\/#breadcrumb","itemListElement":[{"@type":"ListItem","position":1,"name":"Accueil","item":"https:\/\/www.monaco-tribune.com\/it\/"},{"@type":"ListItem","position":2,"name":"L&rsquo;arcidiocesi di Monaco: solidale, generosa e sempre pi\u00f9 connessa"}]},{"@type":"WebSite","@id":"https:\/\/www.monaco-tribune.com\/it\/#website","url":"https:\/\/www.monaco-tribune.com\/it\/","name":"Monaco Tribune","description":"Monaco : actualit\u00e9s \u00e9conomiques, politiques, culturelles et sportives de Monaco et de la French Riviera.","publisher":{"@id":"https:\/\/www.monaco-tribune.com\/it\/#organization"},"potentialAction":[{"@type":"SearchAction","target":{"@type":"EntryPoint","urlTemplate":"https:\/\/www.monaco-tribune.com\/it\/?s={search_term_string}"},"query-input":{"@type":"PropertyValueSpecification","valueRequired":true,"valueName":"search_term_string"}}],"inLanguage":"it-IT"},{"@type":"Organization","@id":"https:\/\/www.monaco-tribune.com\/it\/#organization","name":"Monaco Tribune","url":"https:\/\/www.monaco-tribune.com\/it\/","logo":{"@type":"ImageObject","inLanguage":"it-IT","@id":"https:\/\/www.monaco-tribune.com\/it\/#\/schema\/logo\/image\/","url":"https:\/\/www.monaco-tribune.com\/wp-content\/uploads\/2022\/11\/logo-monaco-tribune.png","contentUrl":"https:\/\/www.monaco-tribune.com\/wp-content\/uploads\/2022\/11\/logo-monaco-tribune.png","width":1548,"height":600,"caption":"Monaco Tribune"},"image":{"@id":"https:\/\/www.monaco-tribune.com\/it\/#\/schema\/logo\/image\/"},"sameAs":["https:\/\/www.facebook.com\/MonacoTribune","https:\/\/x.com\/MonacoTribune","https:\/\/www.instagram.com\/monacotribune\/","https:\/\/www.linkedin.com\/company\/monaco-tribune","https:\/\/www.youtube.com\/channel\/UCHle1MnG6hw1y4lWKijVbMA"]},{"@type":"Person","@id":"https:\/\/www.monaco-tribune.com\/it\/#\/schema\/person\/bb7eedbeede1d20ce8d51e52bde2c1e8","name":"Aliz\u00e9e Mosconi","image":{"@type":"ImageObject","inLanguage":"it-IT","@id":"https:\/\/secure.gravatar.com\/avatar\/a01ecf8f75ca312b8db6f53ca7d56a4f7d4dd75acdd7f8605efab1d10294a17f?s=96&d=mm&r=g","url":"https:\/\/secure.gravatar.com\/avatar\/a01ecf8f75ca312b8db6f53ca7d56a4f7d4dd75acdd7f8605efab1d10294a17f?s=96&d=mm&r=g","contentUrl":"https:\/\/secure.gravatar.com\/avatar\/a01ecf8f75ca312b8db6f53ca7d56a4f7d4dd75acdd7f8605efab1d10294a17f?s=96&d=mm&r=g","caption":"Aliz\u00e9e Mosconi"},"url":"https:\/\/www.monaco-tribune.com\/it\/author\/alizeemosconi\/"}]}},"_links":{"self":[{"href":"https:\/\/www.monaco-tribune.com\/it\/wp-json\/wp\/v2\/posts\/76042","targetHints":{"allow":["GET"]}}],"collection":[{"href":"https:\/\/www.monaco-tribune.com\/it\/wp-json\/wp\/v2\/posts"}],"about":[{"href":"https:\/\/www.monaco-tribune.com\/it\/wp-json\/wp\/v2\/types\/post"}],"author":[{"embeddable":true,"href":"https:\/\/www.monaco-tribune.com\/it\/wp-json\/wp\/v2\/users\/50"}],"replies":[{"embeddable":true,"href":"https:\/\/www.monaco-tribune.com\/it\/wp-json\/wp\/v2\/comments?post=76042"}],"version-history":[{"count":0,"href":"https:\/\/www.monaco-tribune.com\/it\/wp-json\/wp\/v2\/posts\/76042\/revisions"}],"wp:featuredmedia":[{"embeddable":true,"href":"https:\/\/www.monaco-tribune.com\/it\/wp-json\/wp\/v2\/media\/75849"}],"wp:attachment":[{"href":"https:\/\/www.monaco-tribune.com\/it\/wp-json\/wp\/v2\/media?parent=76042"}],"wp:term":[{"taxonomy":"category","embeddable":true,"href":"https:\/\/www.monaco-tribune.com\/it\/wp-json\/wp\/v2\/categories?post=76042"},{"taxonomy":"post_tag","embeddable":true,"href":"https:\/\/www.monaco-tribune.com\/it\/wp-json\/wp\/v2\/tags?post=76042"},{"taxonomy":"sectag","embeddable":true,"href":"https:\/\/www.monaco-tribune.com\/it\/wp-json\/wp\/v2\/post_sectags?post=76042"},{"taxonomy":"format","embeddable":true,"href":"https:\/\/www.monaco-tribune.com\/it\/wp-json\/wp\/v2\/post_format?post=76042"}],"curies":[{"name":"wp","href":"https:\/\/api.w.org\/{rel}","templated":true}]}}