{"id":77083,"date":"2021-05-04T17:20:57","date_gmt":"2021-05-04T15:20:57","guid":{"rendered":"https:\/\/www.monaco-tribune.com\/2021\/05\/ever-monaco-presto-il-via-alla-16a-edizione-nel-principato\/"},"modified":"2021-05-04T17:23:38","modified_gmt":"2021-05-04T15:23:38","slug":"ever-monaco-presto-il-via-alla-16a-edizione-nel-principato","status":"publish","type":"post","link":"https:\/\/www.monaco-tribune.com\/it\/2021\/05\/ever-monaco-presto-il-via-alla-16a-edizione-nel-principato\/","title":{"rendered":"EVER Monaco: presto il via alla 16a edizione nel Principato"},"content":{"rendered":"\n<p><strong>Da mercoled\u00ec 5 a venerd\u00ec 7 maggio, all&#8217;interno dell&#8217;Espace Fontvielle, si terr\u00e0 l&#8217;edizione 2021 di EVER Monaco. Nato nel 2006, il salone ancora oggi rappresenta un evento imperdibile sulle tematiche della mobilit\u00e0 sostenibile e delle energie rinnovabili, proprio nel cuore del Principato.<\/strong><\/p>\n\n\n\n<p>Tra dibattiti e conferenze, le tre giornate rappresentano un appuntamento da non perdere per chi \u00e8 interessato alla transizione energetica, dagli scienziati ai leader del domani. Quest&#8217;anno, l&#8217;evento si concentrer\u00e0 soprattutto sulle sfide da affrontare per rendere l&#8217;energia &#8220;intelligente&#8221; e ottimizzarne l&#8217;utilizzo. L&#8217;edizione 2021 di EVER Monaco dar\u00e0 anche l&#8217;occasione a diverse start-up di presentare i loro prodotti e le loro soluzioni a diversi personaggi di spicco e investitori del posto.<\/p>\n\n\n\n<h2 class=\"wp-block-heading\" id=\"h-da-audi-a-mini-test-drive-gratuiti-dei-veicoli-elettrici\">Da Audi a Mini, test drive gratuiti dei veicoli elettrici<\/h2>\n\n\n\n<p>Quest&#8217;anno, lo spazio del salone EVER Monaco accoglier\u00e0 numerosi espositori, tra cui le case automobilistiche Mini, BMW, Audi e Porsche. Saranno presenti anche istituzioni monegasche, come l&#8217;incubatore di start-up MonacoTech, la stazione di ricarica elettrica Monaco On e la Commissione per la transizione energetica, ovvero l&#8217;organo del Governo del Principe che punta a rendere Monaco <a href=\"https:\/\/www.monaco-tribune.com\/it\/2020\/12\/monaco-va-verso-un-futuro-a-zero-emissioni\/\">un territorio a zero emissioni di carbonio entro il 2050<\/a>. Dalla Renault Zo\u00e9, alla Smart Electric o ancora alla Porsche Panamera Hybride, i partecipanti avranno l&#8217;occasione di provare gratuitamente i veicoli nello spazio Ride &amp; Drive, oltre ad alcune barche elettriche dello Yacht Club di Monaco.<\/p>\n","protected":false},"excerpt":{"rendered":"<p>Da mercoled\u00ec 5 a venerd\u00ec 7 maggio, all&#8217;interno dell&#8217;Espace Fontvielle, si terr\u00e0 l&#8217;edizione 2021 di EVER Monaco. Nato nel 2006, [&hellip;]<\/p>\n","protected":false},"author":50,"featured_media":76618,"comment_status":"closed","ping_status":"closed","sticky":false,"template":"","format":"standard","meta":{"_acf_changed":false,"footnotes":""},"categories":[1739,1738],"tags":[2890],"post_sectags":[],"post_format":[2478],"class_list":["post-77083","post","type-post","status-publish","format-standard","has-post-thumbnail","hentry","category-business-it","category-notizie","tag-eventi","format-notizia"],"acf":[],"yoast_head":"<!-- This site is optimized with the Yoast SEO Premium plugin v26.8 (Yoast SEO v27.4) - https:\/\/yoast.com\/product\/yoast-seo-premium-wordpress\/ -->\n<title>EVER Monaco: presto il via alla 16a edizione nel Principato<\/title>\n<meta name=\"description\" content=\"Da mercoled\u00ec 5 a venerd\u00ec 7 maggio, all&#039;interno dell&#039;Espace Fontvielle, si terr\u00e0 l&#039;edizione 2021 di EVER Monaco. Nato nel 2006, il salone ancora oggi\" \/>\n<meta name=\"robots\" content=\"index, follow, max-snippet:-1, max-image-preview:large, max-video-preview:-1\" \/>\n<link rel=\"canonical\" href=\"https:\/\/www.monaco-tribune.com\/it\/2021\/05\/ever-monaco-presto-il-via-alla-16a-edizione-nel-principato\/\" \/>\n<meta property=\"og:locale\" content=\"it_IT\" \/>\n<meta property=\"og:type\" content=\"article\" \/>\n<meta property=\"og:title\" content=\"EVER Monaco: presto il via alla 16a edizione nel Principato - Monaco Tribune\" \/>\n<meta property=\"og:description\" content=\"Da mercoled\u00ec 5 a venerd\u00ec 7 maggio, all&#039;interno dell&#039;Espace Fontvielle, si terr\u00e0 l&#039;edizione 2021 di EVER Monaco. Nato nel 2006, il salone ancora oggi\" \/>\n<meta property=\"og:url\" content=\"https:\/\/www.monaco-tribune.com\/it\/2021\/05\/ever-monaco-presto-il-via-alla-16a-edizione-nel-principato\/\" \/>\n<meta property=\"og:site_name\" content=\"Monaco Tribune\" \/>\n<meta property=\"article:publisher\" content=\"https:\/\/www.facebook.com\/MonacoTribune\" \/>\n<meta property=\"article:published_time\" content=\"2021-05-04T15:20:57+00:00\" \/>\n<meta property=\"article:modified_time\" content=\"2021-05-04T15:23:38+00:00\" \/>\n<meta property=\"og:image\" content=\"https:\/\/www.monaco-tribune.com\/wp-content\/uploads\/2021\/04\/ever-monaco.jpg\" \/>\n\t<meta property=\"og:image:width\" content=\"1022\" \/>\n\t<meta property=\"og:image:height\" content=\"559\" \/>\n\t<meta property=\"og:image:type\" content=\"image\/jpeg\" \/>\n<meta name=\"author\" content=\"Aliz\u00e9e Mosconi\" \/>\n<meta name=\"twitter:card\" content=\"summary_large_image\" \/>\n<meta name=\"twitter:creator\" content=\"@MonacoTribune\" \/>\n<meta name=\"twitter:site\" content=\"@MonacoTribune\" \/>\n<script type=\"application\/ld+json\" class=\"yoast-schema-graph\">{\"@context\":\"https:\\\/\\\/schema.org\",\"@graph\":[{\"@type\":\"NewsArticle\",\"@id\":\"https:\\\/\\\/www.monaco-tribune.com\\\/it\\\/2021\\\/05\\\/ever-monaco-presto-il-via-alla-16a-edizione-nel-principato\\\/#article\",\"isPartOf\":{\"@id\":\"https:\\\/\\\/www.monaco-tribune.com\\\/it\\\/2021\\\/05\\\/ever-monaco-presto-il-via-alla-16a-edizione-nel-principato\\\/\"},\"author\":{\"name\":\"Aliz\u00e9e Mosconi\",\"@id\":\"https:\\\/\\\/www.monaco-tribune.com\\\/it\\\/#\\\/schema\\\/person\\\/bb7eedbeede1d20ce8d51e52bde2c1e8\"},\"headline\":\"EVER Monaco: presto il via alla 16a edizione nel Principato\",\"datePublished\":\"2021-05-04T15:20:57+00:00\",\"dateModified\":\"2021-05-04T15:23:38+00:00\",\"mainEntityOfPage\":{\"@id\":\"https:\\\/\\\/www.monaco-tribune.com\\\/it\\\/2021\\\/05\\\/ever-monaco-presto-il-via-alla-16a-edizione-nel-principato\\\/\"},\"wordCount\":240,\"publisher\":{\"@id\":\"https:\\\/\\\/www.monaco-tribune.com\\\/it\\\/#organization\"},\"image\":{\"@id\":\"https:\\\/\\\/www.monaco-tribune.com\\\/it\\\/2021\\\/05\\\/ever-monaco-presto-il-via-alla-16a-edizione-nel-principato\\\/#primaryimage\"},\"thumbnailUrl\":\"https:\\\/\\\/www.monaco-tribune.com\\\/wp-content\\\/uploads\\\/2021\\\/04\\\/ever-monaco.jpg\",\"keywords\":[\"Eventi\"],\"articleSection\":[\"Business\",\"Notizie\"],\"inLanguage\":\"it-IT\",\"copyrightYear\":\"2021\",\"copyrightHolder\":{\"@id\":\"https:\\\/\\\/www.monaco-tribune.com\\\/#organization\"}},{\"@type\":\"WebPage\",\"@id\":\"https:\\\/\\\/www.monaco-tribune.com\\\/it\\\/2021\\\/05\\\/ever-monaco-presto-il-via-alla-16a-edizione-nel-principato\\\/\",\"url\":\"https:\\\/\\\/www.monaco-tribune.com\\\/it\\\/2021\\\/05\\\/ever-monaco-presto-il-via-alla-16a-edizione-nel-principato\\\/\",\"name\":\"EVER Monaco: presto il via alla 16a edizione nel Principato\",\"isPartOf\":{\"@id\":\"https:\\\/\\\/www.monaco-tribune.com\\\/it\\\/#website\"},\"primaryImageOfPage\":{\"@id\":\"https:\\\/\\\/www.monaco-tribune.com\\\/it\\\/2021\\\/05\\\/ever-monaco-presto-il-via-alla-16a-edizione-nel-principato\\\/#primaryimage\"},\"image\":{\"@id\":\"https:\\\/\\\/www.monaco-tribune.com\\\/it\\\/2021\\\/05\\\/ever-monaco-presto-il-via-alla-16a-edizione-nel-principato\\\/#primaryimage\"},\"thumbnailUrl\":\"https:\\\/\\\/www.monaco-tribune.com\\\/wp-content\\\/uploads\\\/2021\\\/04\\\/ever-monaco.jpg\",\"datePublished\":\"2021-05-04T15:20:57+00:00\",\"dateModified\":\"2021-05-04T15:23:38+00:00\",\"description\":\"Da mercoled\u00ec 5 a venerd\u00ec 7 maggio, all'interno dell'Espace Fontvielle, si terr\u00e0 l'edizione 2021 di EVER Monaco. Nato nel 2006, il salone ancora oggi\",\"breadcrumb\":{\"@id\":\"https:\\\/\\\/www.monaco-tribune.com\\\/it\\\/2021\\\/05\\\/ever-monaco-presto-il-via-alla-16a-edizione-nel-principato\\\/#breadcrumb\"},\"inLanguage\":\"it-IT\",\"potentialAction\":[{\"@type\":\"ReadAction\",\"target\":[\"https:\\\/\\\/www.monaco-tribune.com\\\/it\\\/2021\\\/05\\\/ever-monaco-presto-il-via-alla-16a-edizione-nel-principato\\\/\"]}]},{\"@type\":\"ImageObject\",\"inLanguage\":\"it-IT\",\"@id\":\"https:\\\/\\\/www.monaco-tribune.com\\\/it\\\/2021\\\/05\\\/ever-monaco-presto-il-via-alla-16a-edizione-nel-principato\\\/#primaryimage\",\"url\":\"https:\\\/\\\/www.monaco-tribune.com\\\/wp-content\\\/uploads\\\/2021\\\/04\\\/ever-monaco.jpg\",\"contentUrl\":\"https:\\\/\\\/www.monaco-tribune.com\\\/wp-content\\\/uploads\\\/2021\\\/04\\\/ever-monaco.jpg\",\"width\":1022,\"height\":559,\"caption\":\"EVER Monaco\"},{\"@type\":\"BreadcrumbList\",\"@id\":\"https:\\\/\\\/www.monaco-tribune.com\\\/it\\\/2021\\\/05\\\/ever-monaco-presto-il-via-alla-16a-edizione-nel-principato\\\/#breadcrumb\",\"itemListElement\":[{\"@type\":\"ListItem\",\"position\":1,\"name\":\"Accueil\",\"item\":\"https:\\\/\\\/www.monaco-tribune.com\\\/it\\\/\"},{\"@type\":\"ListItem\",\"position\":2,\"name\":\"EVER Monaco: presto il via alla 16a edizione nel Principato\"}]},{\"@type\":\"WebSite\",\"@id\":\"https:\\\/\\\/www.monaco-tribune.com\\\/it\\\/#website\",\"url\":\"https:\\\/\\\/www.monaco-tribune.com\\\/it\\\/\",\"name\":\"Monaco Tribune\",\"description\":\"Monaco : actualit\u00e9s \u00e9conomiques, politiques, culturelles et sportives de Monaco et de la French Riviera.\",\"publisher\":{\"@id\":\"https:\\\/\\\/www.monaco-tribune.com\\\/it\\\/#organization\"},\"potentialAction\":[{\"@type\":\"SearchAction\",\"target\":{\"@type\":\"EntryPoint\",\"urlTemplate\":\"https:\\\/\\\/www.monaco-tribune.com\\\/it\\\/?s={search_term_string}\"},\"query-input\":{\"@type\":\"PropertyValueSpecification\",\"valueRequired\":true,\"valueName\":\"search_term_string\"}}],\"inLanguage\":\"it-IT\"},{\"@type\":\"Organization\",\"@id\":\"https:\\\/\\\/www.monaco-tribune.com\\\/it\\\/#organization\",\"name\":\"Monaco Tribune\",\"url\":\"https:\\\/\\\/www.monaco-tribune.com\\\/it\\\/\",\"logo\":{\"@type\":\"ImageObject\",\"inLanguage\":\"it-IT\",\"@id\":\"https:\\\/\\\/www.monaco-tribune.com\\\/it\\\/#\\\/schema\\\/logo\\\/image\\\/\",\"url\":\"https:\\\/\\\/www.monaco-tribune.com\\\/wp-content\\\/uploads\\\/2022\\\/11\\\/logo-monaco-tribune.png\",\"contentUrl\":\"https:\\\/\\\/www.monaco-tribune.com\\\/wp-content\\\/uploads\\\/2022\\\/11\\\/logo-monaco-tribune.png\",\"width\":1548,\"height\":600,\"caption\":\"Monaco Tribune\"},\"image\":{\"@id\":\"https:\\\/\\\/www.monaco-tribune.com\\\/it\\\/#\\\/schema\\\/logo\\\/image\\\/\"},\"sameAs\":[\"https:\\\/\\\/www.facebook.com\\\/MonacoTribune\",\"https:\\\/\\\/x.com\\\/MonacoTribune\",\"https:\\\/\\\/www.instagram.com\\\/monacotribune\\\/\",\"https:\\\/\\\/www.linkedin.com\\\/company\\\/monaco-tribune\",\"https:\\\/\\\/www.youtube.com\\\/channel\\\/UCHle1MnG6hw1y4lWKijVbMA\"]},{\"@type\":\"Person\",\"@id\":\"https:\\\/\\\/www.monaco-tribune.com\\\/it\\\/#\\\/schema\\\/person\\\/bb7eedbeede1d20ce8d51e52bde2c1e8\",\"name\":\"Aliz\u00e9e Mosconi\",\"image\":{\"@type\":\"ImageObject\",\"inLanguage\":\"it-IT\",\"@id\":\"https:\\\/\\\/secure.gravatar.com\\\/avatar\\\/a01ecf8f75ca312b8db6f53ca7d56a4f7d4dd75acdd7f8605efab1d10294a17f?s=96&d=mm&r=g\",\"url\":\"https:\\\/\\\/secure.gravatar.com\\\/avatar\\\/a01ecf8f75ca312b8db6f53ca7d56a4f7d4dd75acdd7f8605efab1d10294a17f?s=96&d=mm&r=g\",\"contentUrl\":\"https:\\\/\\\/secure.gravatar.com\\\/avatar\\\/a01ecf8f75ca312b8db6f53ca7d56a4f7d4dd75acdd7f8605efab1d10294a17f?s=96&d=mm&r=g\",\"caption\":\"Aliz\u00e9e Mosconi\"},\"url\":\"https:\\\/\\\/www.monaco-tribune.com\\\/it\\\/author\\\/alizeemosconi\\\/\"}]}<\/script>\n<!-- \/ Yoast SEO Premium plugin. -->","yoast_head_json":{"title":"EVER Monaco: presto il via alla 16a edizione nel Principato","description":"Da mercoled\u00ec 5 a venerd\u00ec 7 maggio, all'interno dell'Espace Fontvielle, si terr\u00e0 l'edizione 2021 di EVER Monaco. Nato nel 2006, il salone ancora oggi","robots":{"index":"index","follow":"follow","max-snippet":"max-snippet:-1","max-image-preview":"max-image-preview:large","max-video-preview":"max-video-preview:-1"},"canonical":"https:\/\/www.monaco-tribune.com\/it\/2021\/05\/ever-monaco-presto-il-via-alla-16a-edizione-nel-principato\/","og_locale":"it_IT","og_type":"article","og_title":"EVER Monaco: presto il via alla 16a edizione nel Principato - Monaco Tribune","og_description":"Da mercoled\u00ec 5 a venerd\u00ec 7 maggio, all'interno dell'Espace Fontvielle, si terr\u00e0 l'edizione 2021 di EVER Monaco. Nato nel 2006, il salone ancora oggi","og_url":"https:\/\/www.monaco-tribune.com\/it\/2021\/05\/ever-monaco-presto-il-via-alla-16a-edizione-nel-principato\/","og_site_name":"Monaco Tribune","article_publisher":"https:\/\/www.facebook.com\/MonacoTribune","article_published_time":"2021-05-04T15:20:57+00:00","article_modified_time":"2021-05-04T15:23:38+00:00","og_image":[{"width":1022,"height":559,"url":"https:\/\/www.monaco-tribune.com\/wp-content\/uploads\/2021\/04\/ever-monaco.jpg","type":"image\/jpeg"}],"author":"Aliz\u00e9e Mosconi","twitter_card":"summary_large_image","twitter_creator":"@MonacoTribune","twitter_site":"@MonacoTribune","schema":{"@context":"https:\/\/schema.org","@graph":[{"@type":"NewsArticle","@id":"https:\/\/www.monaco-tribune.com\/it\/2021\/05\/ever-monaco-presto-il-via-alla-16a-edizione-nel-principato\/#article","isPartOf":{"@id":"https:\/\/www.monaco-tribune.com\/it\/2021\/05\/ever-monaco-presto-il-via-alla-16a-edizione-nel-principato\/"},"author":{"name":"Aliz\u00e9e Mosconi","@id":"https:\/\/www.monaco-tribune.com\/it\/#\/schema\/person\/bb7eedbeede1d20ce8d51e52bde2c1e8"},"headline":"EVER Monaco: presto il via alla 16a edizione nel Principato","datePublished":"2021-05-04T15:20:57+00:00","dateModified":"2021-05-04T15:23:38+00:00","mainEntityOfPage":{"@id":"https:\/\/www.monaco-tribune.com\/it\/2021\/05\/ever-monaco-presto-il-via-alla-16a-edizione-nel-principato\/"},"wordCount":240,"publisher":{"@id":"https:\/\/www.monaco-tribune.com\/it\/#organization"},"image":{"@id":"https:\/\/www.monaco-tribune.com\/it\/2021\/05\/ever-monaco-presto-il-via-alla-16a-edizione-nel-principato\/#primaryimage"},"thumbnailUrl":"https:\/\/www.monaco-tribune.com\/wp-content\/uploads\/2021\/04\/ever-monaco.jpg","keywords":["Eventi"],"articleSection":["Business","Notizie"],"inLanguage":"it-IT","copyrightYear":"2021","copyrightHolder":{"@id":"https:\/\/www.monaco-tribune.com\/#organization"}},{"@type":"WebPage","@id":"https:\/\/www.monaco-tribune.com\/it\/2021\/05\/ever-monaco-presto-il-via-alla-16a-edizione-nel-principato\/","url":"https:\/\/www.monaco-tribune.com\/it\/2021\/05\/ever-monaco-presto-il-via-alla-16a-edizione-nel-principato\/","name":"EVER Monaco: presto il via alla 16a edizione nel Principato","isPartOf":{"@id":"https:\/\/www.monaco-tribune.com\/it\/#website"},"primaryImageOfPage":{"@id":"https:\/\/www.monaco-tribune.com\/it\/2021\/05\/ever-monaco-presto-il-via-alla-16a-edizione-nel-principato\/#primaryimage"},"image":{"@id":"https:\/\/www.monaco-tribune.com\/it\/2021\/05\/ever-monaco-presto-il-via-alla-16a-edizione-nel-principato\/#primaryimage"},"thumbnailUrl":"https:\/\/www.monaco-tribune.com\/wp-content\/uploads\/2021\/04\/ever-monaco.jpg","datePublished":"2021-05-04T15:20:57+00:00","dateModified":"2021-05-04T15:23:38+00:00","description":"Da mercoled\u00ec 5 a venerd\u00ec 7 maggio, all'interno dell'Espace Fontvielle, si terr\u00e0 l'edizione 2021 di EVER Monaco. Nato nel 2006, il salone ancora oggi","breadcrumb":{"@id":"https:\/\/www.monaco-tribune.com\/it\/2021\/05\/ever-monaco-presto-il-via-alla-16a-edizione-nel-principato\/#breadcrumb"},"inLanguage":"it-IT","potentialAction":[{"@type":"ReadAction","target":["https:\/\/www.monaco-tribune.com\/it\/2021\/05\/ever-monaco-presto-il-via-alla-16a-edizione-nel-principato\/"]}]},{"@type":"ImageObject","inLanguage":"it-IT","@id":"https:\/\/www.monaco-tribune.com\/it\/2021\/05\/ever-monaco-presto-il-via-alla-16a-edizione-nel-principato\/#primaryimage","url":"https:\/\/www.monaco-tribune.com\/wp-content\/uploads\/2021\/04\/ever-monaco.jpg","contentUrl":"https:\/\/www.monaco-tribune.com\/wp-content\/uploads\/2021\/04\/ever-monaco.jpg","width":1022,"height":559,"caption":"EVER Monaco"},{"@type":"BreadcrumbList","@id":"https:\/\/www.monaco-tribune.com\/it\/2021\/05\/ever-monaco-presto-il-via-alla-16a-edizione-nel-principato\/#breadcrumb","itemListElement":[{"@type":"ListItem","position":1,"name":"Accueil","item":"https:\/\/www.monaco-tribune.com\/it\/"},{"@type":"ListItem","position":2,"name":"EVER Monaco: presto il via alla 16a edizione nel Principato"}]},{"@type":"WebSite","@id":"https:\/\/www.monaco-tribune.com\/it\/#website","url":"https:\/\/www.monaco-tribune.com\/it\/","name":"Monaco Tribune","description":"Monaco : actualit\u00e9s \u00e9conomiques, politiques, culturelles et sportives de Monaco et de la French Riviera.","publisher":{"@id":"https:\/\/www.monaco-tribune.com\/it\/#organization"},"potentialAction":[{"@type":"SearchAction","target":{"@type":"EntryPoint","urlTemplate":"https:\/\/www.monaco-tribune.com\/it\/?s={search_term_string}"},"query-input":{"@type":"PropertyValueSpecification","valueRequired":true,"valueName":"search_term_string"}}],"inLanguage":"it-IT"},{"@type":"Organization","@id":"https:\/\/www.monaco-tribune.com\/it\/#organization","name":"Monaco Tribune","url":"https:\/\/www.monaco-tribune.com\/it\/","logo":{"@type":"ImageObject","inLanguage":"it-IT","@id":"https:\/\/www.monaco-tribune.com\/it\/#\/schema\/logo\/image\/","url":"https:\/\/www.monaco-tribune.com\/wp-content\/uploads\/2022\/11\/logo-monaco-tribune.png","contentUrl":"https:\/\/www.monaco-tribune.com\/wp-content\/uploads\/2022\/11\/logo-monaco-tribune.png","width":1548,"height":600,"caption":"Monaco Tribune"},"image":{"@id":"https:\/\/www.monaco-tribune.com\/it\/#\/schema\/logo\/image\/"},"sameAs":["https:\/\/www.facebook.com\/MonacoTribune","https:\/\/x.com\/MonacoTribune","https:\/\/www.instagram.com\/monacotribune\/","https:\/\/www.linkedin.com\/company\/monaco-tribune","https:\/\/www.youtube.com\/channel\/UCHle1MnG6hw1y4lWKijVbMA"]},{"@type":"Person","@id":"https:\/\/www.monaco-tribune.com\/it\/#\/schema\/person\/bb7eedbeede1d20ce8d51e52bde2c1e8","name":"Aliz\u00e9e Mosconi","image":{"@type":"ImageObject","inLanguage":"it-IT","@id":"https:\/\/secure.gravatar.com\/avatar\/a01ecf8f75ca312b8db6f53ca7d56a4f7d4dd75acdd7f8605efab1d10294a17f?s=96&d=mm&r=g","url":"https:\/\/secure.gravatar.com\/avatar\/a01ecf8f75ca312b8db6f53ca7d56a4f7d4dd75acdd7f8605efab1d10294a17f?s=96&d=mm&r=g","contentUrl":"https:\/\/secure.gravatar.com\/avatar\/a01ecf8f75ca312b8db6f53ca7d56a4f7d4dd75acdd7f8605efab1d10294a17f?s=96&d=mm&r=g","caption":"Aliz\u00e9e Mosconi"},"url":"https:\/\/www.monaco-tribune.com\/it\/author\/alizeemosconi\/"}]}},"_links":{"self":[{"href":"https:\/\/www.monaco-tribune.com\/it\/wp-json\/wp\/v2\/posts\/77083","targetHints":{"allow":["GET"]}}],"collection":[{"href":"https:\/\/www.monaco-tribune.com\/it\/wp-json\/wp\/v2\/posts"}],"about":[{"href":"https:\/\/www.monaco-tribune.com\/it\/wp-json\/wp\/v2\/types\/post"}],"author":[{"embeddable":true,"href":"https:\/\/www.monaco-tribune.com\/it\/wp-json\/wp\/v2\/users\/50"}],"replies":[{"embeddable":true,"href":"https:\/\/www.monaco-tribune.com\/it\/wp-json\/wp\/v2\/comments?post=77083"}],"version-history":[{"count":0,"href":"https:\/\/www.monaco-tribune.com\/it\/wp-json\/wp\/v2\/posts\/77083\/revisions"}],"wp:featuredmedia":[{"embeddable":true,"href":"https:\/\/www.monaco-tribune.com\/it\/wp-json\/wp\/v2\/media\/76618"}],"wp:attachment":[{"href":"https:\/\/www.monaco-tribune.com\/it\/wp-json\/wp\/v2\/media?parent=77083"}],"wp:term":[{"taxonomy":"category","embeddable":true,"href":"https:\/\/www.monaco-tribune.com\/it\/wp-json\/wp\/v2\/categories?post=77083"},{"taxonomy":"post_tag","embeddable":true,"href":"https:\/\/www.monaco-tribune.com\/it\/wp-json\/wp\/v2\/tags?post=77083"},{"taxonomy":"sectag","embeddable":true,"href":"https:\/\/www.monaco-tribune.com\/it\/wp-json\/wp\/v2\/post_sectags?post=77083"},{"taxonomy":"format","embeddable":true,"href":"https:\/\/www.monaco-tribune.com\/it\/wp-json\/wp\/v2\/post_format?post=77083"}],"curies":[{"name":"wp","href":"https:\/\/api.w.org\/{rel}","templated":true}]}}