{"id":78033,"date":"2021-05-13T11:19:55","date_gmt":"2021-05-13T09:19:55","guid":{"rendered":"https:\/\/www.monaco-tribune.com\/2021\/05\/monaco-firma-laccordo-con-litalia-sul-telelavoro\/"},"modified":"2021-05-13T16:22:23","modified_gmt":"2021-05-13T14:22:23","slug":"monaco-firma-laccordo-con-litalia-sul-telelavoro","status":"publish","type":"post","link":"https:\/\/www.monaco-tribune.com\/it\/2021\/05\/monaco-firma-laccordo-con-litalia-sul-telelavoro\/","title":{"rendered":"Monaco firma l&#8217;accordo con l&#8217;Italia sul telelavoro"},"content":{"rendered":"\n<p><strong>Luned\u00ec 10 maggio, il Ministro di Stato del Principato, Pierre Dartout, e il Ministro del Lavoro e delle Politiche Sociali italiano, Andrea Orlando, hanno firmato l&#8217;emendamento n\u00b0 1 alla\u00a0Convenzione generale sulla sicurezza sociale tra il Principato e l&#8217;Italia. D&#8217;ora in avanti, i\u00a0telelavoratori residenti in Italia potranno essere soggetti alla legislazione sociale monegasca.<\/strong><\/p>\n\n<p>Dopo cinque anni di interlocuzioni, finalmente \u00e8 stato raggiunto un accordo. Questo passo in avanti consentir\u00e0 ai lavoratori domiciliati in Italia di essere soggetti alla legislazione sociale monegasca durante tutto il periodo dell&#8217;attivit\u00e0 in telelavoro per conto delle societ\u00e0 presenti sul territorio del Principato. Un evento che ha acquistato ancora pi\u00f9 valore, ora che l&#8217;emergenza sanitaria da Covid-19 ha visto diffondersi ancora di pi\u00f9 il telelavoro, e che nei prossimi anni consentir\u00e0 la creazione di nuovi posti di lavoro.<\/p>\n\n<h2 class=\"wp-block-heading\" id=\"h-favoriser-le-d-veloppement-des-entreprises-mon-gasques\">Favorire lo sviluppo delle imprese monegasche<\/h2>\n\n<p>Alleggerire il traffico stradale, proteggere l&#8217;ambiente e migliorare la qualit\u00e0 della vita dei lavoratori: il telelavoro offre sicuramente numerosi vantaggi. Con questo accordo firmato a inizio settimana, il Principato spera di favorire lo sviluppo delle imprese monegasche, mentre l&#8217;Italia offrir\u00e0 un&#8217;ulteriore possibilit\u00e0 d&#8217;impiego per i suoi abitanti.<\/p>\n","protected":false},"excerpt":{"rendered":"<p>Luned\u00ec 10 maggio, il Ministro di Stato del Principato, Pierre Dartout, e il Ministro del Lavoro e delle Politiche Sociali [&hellip;]<\/p>\n","protected":false},"author":50,"featured_media":77967,"comment_status":"closed","ping_status":"closed","sticky":false,"template":"","format":"standard","meta":{"_acf_changed":false,"footnotes":""},"categories":[1738,1752],"tags":[3140],"post_sectags":[],"post_format":[2478],"class_list":["post-78033","post","type-post","status-publish","format-standard","has-post-thumbnail","hentry","category-notizie","category-societa","tag-lavoro","format-notizia"],"acf":[],"yoast_head":"<!-- This site is optimized with the Yoast SEO Premium plugin v26.8 (Yoast SEO v27.5) - https:\/\/yoast.com\/product\/yoast-seo-premium-wordpress\/ -->\n<title>Monaco firma l&#039;accordo con l&#039;Italia sul telelavoro<\/title>\n<meta name=\"description\" content=\"Luned\u00ec 10 maggio, il Ministro di Stato del Principato, Pierre Dartout, e il Ministro del Lavoro e delle Politiche Sociali italiano, Andrea Orlando, hanno\" \/>\n<meta name=\"robots\" content=\"index, follow, max-snippet:-1, max-image-preview:large, max-video-preview:-1\" \/>\n<link rel=\"canonical\" href=\"https:\/\/www.monaco-tribune.com\/it\/2021\/05\/monaco-firma-laccordo-con-litalia-sul-telelavoro\/\" \/>\n<meta property=\"og:locale\" content=\"it_IT\" \/>\n<meta property=\"og:type\" content=\"article\" \/>\n<meta property=\"og:title\" content=\"Monaco firma l&#039;accordo con l&#039;Italia sul telelavoro - Monaco Tribune\" \/>\n<meta property=\"og:description\" content=\"Luned\u00ec 10 maggio, il Ministro di Stato del Principato, Pierre Dartout, e il Ministro del Lavoro e delle Politiche Sociali italiano, Andrea Orlando, hanno\" \/>\n<meta property=\"og:url\" content=\"https:\/\/www.monaco-tribune.com\/it\/2021\/05\/monaco-firma-laccordo-con-litalia-sul-telelavoro\/\" \/>\n<meta property=\"og:site_name\" content=\"Monaco Tribune\" \/>\n<meta property=\"article:publisher\" content=\"https:\/\/www.facebook.com\/MonacoTribune\" \/>\n<meta property=\"article:published_time\" content=\"2021-05-13T09:19:55+00:00\" \/>\n<meta property=\"article:modified_time\" content=\"2021-05-13T14:22:23+00:00\" \/>\n<meta property=\"og:image\" content=\"https:\/\/www.monaco-tribune.com\/wp-content\/uploads\/2021\/05\/signature-accord-teletravail-monaco-italie-mai-2021.jpg\" \/>\n\t<meta property=\"og:image:width\" content=\"1023\" \/>\n\t<meta property=\"og:image:height\" content=\"573\" \/>\n\t<meta property=\"og:image:type\" content=\"image\/jpeg\" \/>\n<meta name=\"author\" content=\"Aliz\u00e9e Mosconi\" \/>\n<meta name=\"twitter:card\" content=\"summary_large_image\" \/>\n<meta name=\"twitter:creator\" content=\"@MonacoTribune\" \/>\n<meta name=\"twitter:site\" content=\"@MonacoTribune\" \/>\n<script type=\"application\/ld+json\" class=\"yoast-schema-graph\">{\"@context\":\"https:\\\/\\\/schema.org\",\"@graph\":[{\"@type\":\"NewsArticle\",\"@id\":\"https:\\\/\\\/www.monaco-tribune.com\\\/it\\\/2021\\\/05\\\/monaco-firma-laccordo-con-litalia-sul-telelavoro\\\/#article\",\"isPartOf\":{\"@id\":\"https:\\\/\\\/www.monaco-tribune.com\\\/it\\\/2021\\\/05\\\/monaco-firma-laccordo-con-litalia-sul-telelavoro\\\/\"},\"author\":{\"name\":\"Aliz\u00e9e Mosconi\",\"@id\":\"https:\\\/\\\/www.monaco-tribune.com\\\/it\\\/#\\\/schema\\\/person\\\/bb7eedbeede1d20ce8d51e52bde2c1e8\"},\"headline\":\"Monaco firma l&#8217;accordo con l&#8217;Italia sul telelavoro\",\"datePublished\":\"2021-05-13T09:19:55+00:00\",\"dateModified\":\"2021-05-13T14:22:23+00:00\",\"mainEntityOfPage\":{\"@id\":\"https:\\\/\\\/www.monaco-tribune.com\\\/it\\\/2021\\\/05\\\/monaco-firma-laccordo-con-litalia-sul-telelavoro\\\/\"},\"wordCount\":201,\"publisher\":{\"@id\":\"https:\\\/\\\/www.monaco-tribune.com\\\/it\\\/#organization\"},\"image\":{\"@id\":\"https:\\\/\\\/www.monaco-tribune.com\\\/it\\\/2021\\\/05\\\/monaco-firma-laccordo-con-litalia-sul-telelavoro\\\/#primaryimage\"},\"thumbnailUrl\":\"https:\\\/\\\/www.monaco-tribune.com\\\/wp-content\\\/uploads\\\/2021\\\/05\\\/signature-accord-teletravail-monaco-italie-mai-2021.jpg\",\"keywords\":[\"Lavoro\"],\"articleSection\":[\"Notizie\",\"Societ\u00e0\"],\"inLanguage\":\"it-IT\",\"copyrightYear\":\"2021\",\"copyrightHolder\":{\"@id\":\"https:\\\/\\\/www.monaco-tribune.com\\\/#organization\"}},{\"@type\":\"WebPage\",\"@id\":\"https:\\\/\\\/www.monaco-tribune.com\\\/it\\\/2021\\\/05\\\/monaco-firma-laccordo-con-litalia-sul-telelavoro\\\/\",\"url\":\"https:\\\/\\\/www.monaco-tribune.com\\\/it\\\/2021\\\/05\\\/monaco-firma-laccordo-con-litalia-sul-telelavoro\\\/\",\"name\":\"Monaco firma l'accordo con l'Italia sul telelavoro\",\"isPartOf\":{\"@id\":\"https:\\\/\\\/www.monaco-tribune.com\\\/it\\\/#website\"},\"primaryImageOfPage\":{\"@id\":\"https:\\\/\\\/www.monaco-tribune.com\\\/it\\\/2021\\\/05\\\/monaco-firma-laccordo-con-litalia-sul-telelavoro\\\/#primaryimage\"},\"image\":{\"@id\":\"https:\\\/\\\/www.monaco-tribune.com\\\/it\\\/2021\\\/05\\\/monaco-firma-laccordo-con-litalia-sul-telelavoro\\\/#primaryimage\"},\"thumbnailUrl\":\"https:\\\/\\\/www.monaco-tribune.com\\\/wp-content\\\/uploads\\\/2021\\\/05\\\/signature-accord-teletravail-monaco-italie-mai-2021.jpg\",\"datePublished\":\"2021-05-13T09:19:55+00:00\",\"dateModified\":\"2021-05-13T14:22:23+00:00\",\"description\":\"Luned\u00ec 10 maggio, il Ministro di Stato del Principato, Pierre Dartout, e il Ministro del Lavoro e delle Politiche Sociali italiano, Andrea Orlando, hanno\",\"breadcrumb\":{\"@id\":\"https:\\\/\\\/www.monaco-tribune.com\\\/it\\\/2021\\\/05\\\/monaco-firma-laccordo-con-litalia-sul-telelavoro\\\/#breadcrumb\"},\"inLanguage\":\"it-IT\",\"potentialAction\":[{\"@type\":\"ReadAction\",\"target\":[\"https:\\\/\\\/www.monaco-tribune.com\\\/it\\\/2021\\\/05\\\/monaco-firma-laccordo-con-litalia-sul-telelavoro\\\/\"]}]},{\"@type\":\"ImageObject\",\"inLanguage\":\"it-IT\",\"@id\":\"https:\\\/\\\/www.monaco-tribune.com\\\/it\\\/2021\\\/05\\\/monaco-firma-laccordo-con-litalia-sul-telelavoro\\\/#primaryimage\",\"url\":\"https:\\\/\\\/www.monaco-tribune.com\\\/wp-content\\\/uploads\\\/2021\\\/05\\\/signature-accord-teletravail-monaco-italie-mai-2021.jpg\",\"contentUrl\":\"https:\\\/\\\/www.monaco-tribune.com\\\/wp-content\\\/uploads\\\/2021\\\/05\\\/signature-accord-teletravail-monaco-italie-mai-2021.jpg\",\"width\":1023,\"height\":573,\"caption\":\"Direzione della comunicazione \\\/ Manuel Vitali\"},{\"@type\":\"BreadcrumbList\",\"@id\":\"https:\\\/\\\/www.monaco-tribune.com\\\/it\\\/2021\\\/05\\\/monaco-firma-laccordo-con-litalia-sul-telelavoro\\\/#breadcrumb\",\"itemListElement\":[{\"@type\":\"ListItem\",\"position\":1,\"name\":\"Accueil\",\"item\":\"https:\\\/\\\/www.monaco-tribune.com\\\/it\\\/\"},{\"@type\":\"ListItem\",\"position\":2,\"name\":\"Monaco firma l&rsquo;accordo con l&rsquo;Italia sul telelavoro\"}]},{\"@type\":\"WebSite\",\"@id\":\"https:\\\/\\\/www.monaco-tribune.com\\\/it\\\/#website\",\"url\":\"https:\\\/\\\/www.monaco-tribune.com\\\/it\\\/\",\"name\":\"Monaco Tribune\",\"description\":\"Monaco : actualit\u00e9s \u00e9conomiques, politiques, culturelles et sportives de Monaco et de la French Riviera.\",\"publisher\":{\"@id\":\"https:\\\/\\\/www.monaco-tribune.com\\\/it\\\/#organization\"},\"potentialAction\":[{\"@type\":\"SearchAction\",\"target\":{\"@type\":\"EntryPoint\",\"urlTemplate\":\"https:\\\/\\\/www.monaco-tribune.com\\\/it\\\/?s={search_term_string}\"},\"query-input\":{\"@type\":\"PropertyValueSpecification\",\"valueRequired\":true,\"valueName\":\"search_term_string\"}}],\"inLanguage\":\"it-IT\"},{\"@type\":\"Organization\",\"@id\":\"https:\\\/\\\/www.monaco-tribune.com\\\/it\\\/#organization\",\"name\":\"Monaco Tribune\",\"url\":\"https:\\\/\\\/www.monaco-tribune.com\\\/it\\\/\",\"logo\":{\"@type\":\"ImageObject\",\"inLanguage\":\"it-IT\",\"@id\":\"https:\\\/\\\/www.monaco-tribune.com\\\/it\\\/#\\\/schema\\\/logo\\\/image\\\/\",\"url\":\"https:\\\/\\\/www.monaco-tribune.com\\\/wp-content\\\/uploads\\\/2022\\\/11\\\/logo-monaco-tribune.png\",\"contentUrl\":\"https:\\\/\\\/www.monaco-tribune.com\\\/wp-content\\\/uploads\\\/2022\\\/11\\\/logo-monaco-tribune.png\",\"width\":1548,\"height\":600,\"caption\":\"Monaco Tribune\"},\"image\":{\"@id\":\"https:\\\/\\\/www.monaco-tribune.com\\\/it\\\/#\\\/schema\\\/logo\\\/image\\\/\"},\"sameAs\":[\"https:\\\/\\\/www.facebook.com\\\/MonacoTribune\",\"https:\\\/\\\/x.com\\\/MonacoTribune\",\"https:\\\/\\\/www.instagram.com\\\/monacotribune\\\/\",\"https:\\\/\\\/www.linkedin.com\\\/company\\\/monaco-tribune\",\"https:\\\/\\\/www.youtube.com\\\/channel\\\/UCHle1MnG6hw1y4lWKijVbMA\"]},{\"@type\":\"Person\",\"@id\":\"https:\\\/\\\/www.monaco-tribune.com\\\/it\\\/#\\\/schema\\\/person\\\/bb7eedbeede1d20ce8d51e52bde2c1e8\",\"name\":\"Aliz\u00e9e Mosconi\",\"image\":{\"@type\":\"ImageObject\",\"inLanguage\":\"it-IT\",\"@id\":\"https:\\\/\\\/secure.gravatar.com\\\/avatar\\\/a01ecf8f75ca312b8db6f53ca7d56a4f7d4dd75acdd7f8605efab1d10294a17f?s=96&d=mm&r=g\",\"url\":\"https:\\\/\\\/secure.gravatar.com\\\/avatar\\\/a01ecf8f75ca312b8db6f53ca7d56a4f7d4dd75acdd7f8605efab1d10294a17f?s=96&d=mm&r=g\",\"contentUrl\":\"https:\\\/\\\/secure.gravatar.com\\\/avatar\\\/a01ecf8f75ca312b8db6f53ca7d56a4f7d4dd75acdd7f8605efab1d10294a17f?s=96&d=mm&r=g\",\"caption\":\"Aliz\u00e9e Mosconi\"},\"url\":\"https:\\\/\\\/www.monaco-tribune.com\\\/it\\\/author\\\/alizeemosconi\\\/\"}]}<\/script>\n<!-- \/ Yoast SEO Premium plugin. -->","yoast_head_json":{"title":"Monaco firma l'accordo con l'Italia sul telelavoro","description":"Luned\u00ec 10 maggio, il Ministro di Stato del Principato, Pierre Dartout, e il Ministro del Lavoro e delle Politiche Sociali italiano, Andrea Orlando, hanno","robots":{"index":"index","follow":"follow","max-snippet":"max-snippet:-1","max-image-preview":"max-image-preview:large","max-video-preview":"max-video-preview:-1"},"canonical":"https:\/\/www.monaco-tribune.com\/it\/2021\/05\/monaco-firma-laccordo-con-litalia-sul-telelavoro\/","og_locale":"it_IT","og_type":"article","og_title":"Monaco firma l'accordo con l'Italia sul telelavoro - Monaco Tribune","og_description":"Luned\u00ec 10 maggio, il Ministro di Stato del Principato, Pierre Dartout, e il Ministro del Lavoro e delle Politiche Sociali italiano, Andrea Orlando, hanno","og_url":"https:\/\/www.monaco-tribune.com\/it\/2021\/05\/monaco-firma-laccordo-con-litalia-sul-telelavoro\/","og_site_name":"Monaco Tribune","article_publisher":"https:\/\/www.facebook.com\/MonacoTribune","article_published_time":"2021-05-13T09:19:55+00:00","article_modified_time":"2021-05-13T14:22:23+00:00","og_image":[{"width":1023,"height":573,"url":"https:\/\/www.monaco-tribune.com\/wp-content\/uploads\/2021\/05\/signature-accord-teletravail-monaco-italie-mai-2021.jpg","type":"image\/jpeg"}],"author":"Aliz\u00e9e Mosconi","twitter_card":"summary_large_image","twitter_creator":"@MonacoTribune","twitter_site":"@MonacoTribune","schema":{"@context":"https:\/\/schema.org","@graph":[{"@type":"NewsArticle","@id":"https:\/\/www.monaco-tribune.com\/it\/2021\/05\/monaco-firma-laccordo-con-litalia-sul-telelavoro\/#article","isPartOf":{"@id":"https:\/\/www.monaco-tribune.com\/it\/2021\/05\/monaco-firma-laccordo-con-litalia-sul-telelavoro\/"},"author":{"name":"Aliz\u00e9e Mosconi","@id":"https:\/\/www.monaco-tribune.com\/it\/#\/schema\/person\/bb7eedbeede1d20ce8d51e52bde2c1e8"},"headline":"Monaco firma l&#8217;accordo con l&#8217;Italia sul telelavoro","datePublished":"2021-05-13T09:19:55+00:00","dateModified":"2021-05-13T14:22:23+00:00","mainEntityOfPage":{"@id":"https:\/\/www.monaco-tribune.com\/it\/2021\/05\/monaco-firma-laccordo-con-litalia-sul-telelavoro\/"},"wordCount":201,"publisher":{"@id":"https:\/\/www.monaco-tribune.com\/it\/#organization"},"image":{"@id":"https:\/\/www.monaco-tribune.com\/it\/2021\/05\/monaco-firma-laccordo-con-litalia-sul-telelavoro\/#primaryimage"},"thumbnailUrl":"https:\/\/www.monaco-tribune.com\/wp-content\/uploads\/2021\/05\/signature-accord-teletravail-monaco-italie-mai-2021.jpg","keywords":["Lavoro"],"articleSection":["Notizie","Societ\u00e0"],"inLanguage":"it-IT","copyrightYear":"2021","copyrightHolder":{"@id":"https:\/\/www.monaco-tribune.com\/#organization"}},{"@type":"WebPage","@id":"https:\/\/www.monaco-tribune.com\/it\/2021\/05\/monaco-firma-laccordo-con-litalia-sul-telelavoro\/","url":"https:\/\/www.monaco-tribune.com\/it\/2021\/05\/monaco-firma-laccordo-con-litalia-sul-telelavoro\/","name":"Monaco firma l'accordo con l'Italia sul telelavoro","isPartOf":{"@id":"https:\/\/www.monaco-tribune.com\/it\/#website"},"primaryImageOfPage":{"@id":"https:\/\/www.monaco-tribune.com\/it\/2021\/05\/monaco-firma-laccordo-con-litalia-sul-telelavoro\/#primaryimage"},"image":{"@id":"https:\/\/www.monaco-tribune.com\/it\/2021\/05\/monaco-firma-laccordo-con-litalia-sul-telelavoro\/#primaryimage"},"thumbnailUrl":"https:\/\/www.monaco-tribune.com\/wp-content\/uploads\/2021\/05\/signature-accord-teletravail-monaco-italie-mai-2021.jpg","datePublished":"2021-05-13T09:19:55+00:00","dateModified":"2021-05-13T14:22:23+00:00","description":"Luned\u00ec 10 maggio, il Ministro di Stato del Principato, Pierre Dartout, e il Ministro del Lavoro e delle Politiche Sociali italiano, Andrea Orlando, hanno","breadcrumb":{"@id":"https:\/\/www.monaco-tribune.com\/it\/2021\/05\/monaco-firma-laccordo-con-litalia-sul-telelavoro\/#breadcrumb"},"inLanguage":"it-IT","potentialAction":[{"@type":"ReadAction","target":["https:\/\/www.monaco-tribune.com\/it\/2021\/05\/monaco-firma-laccordo-con-litalia-sul-telelavoro\/"]}]},{"@type":"ImageObject","inLanguage":"it-IT","@id":"https:\/\/www.monaco-tribune.com\/it\/2021\/05\/monaco-firma-laccordo-con-litalia-sul-telelavoro\/#primaryimage","url":"https:\/\/www.monaco-tribune.com\/wp-content\/uploads\/2021\/05\/signature-accord-teletravail-monaco-italie-mai-2021.jpg","contentUrl":"https:\/\/www.monaco-tribune.com\/wp-content\/uploads\/2021\/05\/signature-accord-teletravail-monaco-italie-mai-2021.jpg","width":1023,"height":573,"caption":"Direzione della comunicazione \/ Manuel Vitali"},{"@type":"BreadcrumbList","@id":"https:\/\/www.monaco-tribune.com\/it\/2021\/05\/monaco-firma-laccordo-con-litalia-sul-telelavoro\/#breadcrumb","itemListElement":[{"@type":"ListItem","position":1,"name":"Accueil","item":"https:\/\/www.monaco-tribune.com\/it\/"},{"@type":"ListItem","position":2,"name":"Monaco firma l&rsquo;accordo con l&rsquo;Italia sul telelavoro"}]},{"@type":"WebSite","@id":"https:\/\/www.monaco-tribune.com\/it\/#website","url":"https:\/\/www.monaco-tribune.com\/it\/","name":"Monaco Tribune","description":"Monaco : actualit\u00e9s \u00e9conomiques, politiques, culturelles et sportives de Monaco et de la French Riviera.","publisher":{"@id":"https:\/\/www.monaco-tribune.com\/it\/#organization"},"potentialAction":[{"@type":"SearchAction","target":{"@type":"EntryPoint","urlTemplate":"https:\/\/www.monaco-tribune.com\/it\/?s={search_term_string}"},"query-input":{"@type":"PropertyValueSpecification","valueRequired":true,"valueName":"search_term_string"}}],"inLanguage":"it-IT"},{"@type":"Organization","@id":"https:\/\/www.monaco-tribune.com\/it\/#organization","name":"Monaco Tribune","url":"https:\/\/www.monaco-tribune.com\/it\/","logo":{"@type":"ImageObject","inLanguage":"it-IT","@id":"https:\/\/www.monaco-tribune.com\/it\/#\/schema\/logo\/image\/","url":"https:\/\/www.monaco-tribune.com\/wp-content\/uploads\/2022\/11\/logo-monaco-tribune.png","contentUrl":"https:\/\/www.monaco-tribune.com\/wp-content\/uploads\/2022\/11\/logo-monaco-tribune.png","width":1548,"height":600,"caption":"Monaco Tribune"},"image":{"@id":"https:\/\/www.monaco-tribune.com\/it\/#\/schema\/logo\/image\/"},"sameAs":["https:\/\/www.facebook.com\/MonacoTribune","https:\/\/x.com\/MonacoTribune","https:\/\/www.instagram.com\/monacotribune\/","https:\/\/www.linkedin.com\/company\/monaco-tribune","https:\/\/www.youtube.com\/channel\/UCHle1MnG6hw1y4lWKijVbMA"]},{"@type":"Person","@id":"https:\/\/www.monaco-tribune.com\/it\/#\/schema\/person\/bb7eedbeede1d20ce8d51e52bde2c1e8","name":"Aliz\u00e9e Mosconi","image":{"@type":"ImageObject","inLanguage":"it-IT","@id":"https:\/\/secure.gravatar.com\/avatar\/a01ecf8f75ca312b8db6f53ca7d56a4f7d4dd75acdd7f8605efab1d10294a17f?s=96&d=mm&r=g","url":"https:\/\/secure.gravatar.com\/avatar\/a01ecf8f75ca312b8db6f53ca7d56a4f7d4dd75acdd7f8605efab1d10294a17f?s=96&d=mm&r=g","contentUrl":"https:\/\/secure.gravatar.com\/avatar\/a01ecf8f75ca312b8db6f53ca7d56a4f7d4dd75acdd7f8605efab1d10294a17f?s=96&d=mm&r=g","caption":"Aliz\u00e9e Mosconi"},"url":"https:\/\/www.monaco-tribune.com\/it\/author\/alizeemosconi\/"}]}},"_links":{"self":[{"href":"https:\/\/www.monaco-tribune.com\/it\/wp-json\/wp\/v2\/posts\/78033","targetHints":{"allow":["GET"]}}],"collection":[{"href":"https:\/\/www.monaco-tribune.com\/it\/wp-json\/wp\/v2\/posts"}],"about":[{"href":"https:\/\/www.monaco-tribune.com\/it\/wp-json\/wp\/v2\/types\/post"}],"author":[{"embeddable":true,"href":"https:\/\/www.monaco-tribune.com\/it\/wp-json\/wp\/v2\/users\/50"}],"replies":[{"embeddable":true,"href":"https:\/\/www.monaco-tribune.com\/it\/wp-json\/wp\/v2\/comments?post=78033"}],"version-history":[{"count":0,"href":"https:\/\/www.monaco-tribune.com\/it\/wp-json\/wp\/v2\/posts\/78033\/revisions"}],"wp:featuredmedia":[{"embeddable":true,"href":"https:\/\/www.monaco-tribune.com\/it\/wp-json\/wp\/v2\/media\/77967"}],"wp:attachment":[{"href":"https:\/\/www.monaco-tribune.com\/it\/wp-json\/wp\/v2\/media?parent=78033"}],"wp:term":[{"taxonomy":"category","embeddable":true,"href":"https:\/\/www.monaco-tribune.com\/it\/wp-json\/wp\/v2\/categories?post=78033"},{"taxonomy":"post_tag","embeddable":true,"href":"https:\/\/www.monaco-tribune.com\/it\/wp-json\/wp\/v2\/tags?post=78033"},{"taxonomy":"sectag","embeddable":true,"href":"https:\/\/www.monaco-tribune.com\/it\/wp-json\/wp\/v2\/post_sectags?post=78033"},{"taxonomy":"format","embeddable":true,"href":"https:\/\/www.monaco-tribune.com\/it\/wp-json\/wp\/v2\/post_format?post=78033"}],"curies":[{"name":"wp","href":"https:\/\/api.w.org\/{rel}","templated":true}]}}