{"id":78160,"date":"2021-05-14T16:04:04","date_gmt":"2021-05-14T14:04:04","guid":{"rendered":"https:\/\/www.monaco-tribune.com\/2021\/05\/undici-anni-dopo-las-monaco-torna-in-finale-di-coppa-di-francia\/"},"modified":"2021-05-14T16:07:10","modified_gmt":"2021-05-14T14:07:10","slug":"undici-anni-dopo-las-monaco-torna-in-finale-di-coppa-di-francia","status":"publish","type":"post","link":"https:\/\/www.monaco-tribune.com\/it\/2021\/05\/undici-anni-dopo-las-monaco-torna-in-finale-di-coppa-di-francia\/","title":{"rendered":"Undici anni dopo, l&#8217;AS Monaco torna in finale di Coppa di Francia"},"content":{"rendered":"\n<p><strong>Gioved\u00ec sera, l&#8217;AS Monaco ha confermato il suo posto in finale nella Coppa di Francia, aggiudicandosi la vittoria contro il Rumilly-Valli\u00e8res (1-5). Il 19 maggio, i monegaschi si scontreranno in finale con il Paris Saint-Germain.<\/strong><\/p>\n\n\n\n<p>Prima breve parentesi magica per i monegaschi, entrati dentro a una &#8220;bolla&#8221; dall&#8217;inizio della settimana e fino alla fine della stagione. In trasferta ad Annecy, per giocare contro il Rumilly-Valli\u00e8res, invitato a sorpresa di questa semifinale di Coppa di Francia, l&#8217;AS Monaco ha vinto una serie di match cruciali qualificandosi per la finale pi\u00f9 prestigiosa delle competizioni nazionali.<\/p>\n\n\n\n<p>Dopo un inizio partita stagnante e l&#8217;apertura del punteggio da parte degli avversari con un gol di Peuget (1-0, 20&#8242;), gli uomini di Niko Kovac hanno ribaltato la situazione portandosi a casa una vittoria schiacciante.<\/p>\n\n\n\n<h2 class=\"wp-block-heading\" id=\"h-cesc-fabregas-inarrestabile\">Cesc Fabregas inarrestabile<\/h2>\n\n\n\n<p>Con un autogol su un assist di Fod\u00e9 Ballo-Tour\u00e9 (1-1, 27&#8242;), Bozon d\u00e0 il via alla rimonta dell&#8217;ASM. Prosegue poi il centrocampista monegasco Aur\u00e9lien Tchouam\u00e9ni, che segna con un colpo di testa ben piazzato su un calcio d&#8217;angolo di Cesc Fabregas (1-2, 32&#8242;).<\/p>\n\n\n\n<p><strong>&gt;&gt;<\/strong> <strong>LEGGI ANCHE:<\/strong> <a href=\"https:\/\/www.monaco-tribune.com\/it\/2021\/04\/intervista-a-eliot-matazo-as-monaco-il-progetto-della-squadra-mi-ha-subito-convinto\/\">Intervista a Eliot Matazo (AS Monaco): \u201cIl progetto della squadra mi ha subito convinto\u201d<\/a><\/p>\n\n\n\n<p>Poi Wissam Ben Yedder con la rete della sicurezza (1-3, 55&#8242;), Cesc Fabregas con un calcio di punizione ben piazzato (1-4, 78&#8242;) e Aleksandr Golovin (1-5, 82&#8242;) hanno fatto volare il Monaco verso la vittoria. Gli uomini di Niko Kovac restano tuttavia concentrati sull&#8217;incontro decisivo che si giocher\u00e0 domenica sera (ore 21:00) al Louis II contro lo Stade Rennais. Dopo, arriver\u00e0 il momento di pensare al Paris Saint-Germain e a questa finale di Coppa di Francia.<\/p>\n","protected":false},"excerpt":{"rendered":"<p>Gioved\u00ec sera, l&#8217;AS Monaco ha confermato il suo posto in finale nella Coppa di Francia, aggiudicandosi la vittoria contro il [&hellip;]<\/p>\n","protected":false},"author":24,"featured_media":78086,"comment_status":"closed","ping_status":"closed","sticky":false,"template":"","format":"standard","meta":{"_acf_changed":false,"footnotes":""},"categories":[1738,1743],"tags":[2846],"post_sectags":[],"post_format":[2486],"class_list":["post-78160","post","type-post","status-publish","format-standard","has-post-thumbnail","hentry","category-notizie","category-sport-it","tag-as-monaco-it-2","format-servizio"],"acf":[],"yoast_head":"<!-- This site is optimized with the Yoast SEO Premium plugin v26.8 (Yoast SEO v27.5) - https:\/\/yoast.com\/product\/yoast-seo-premium-wordpress\/ -->\n<title>Undici anni dopo, l&#039;AS Monaco torna in finale di Coppa di Francia<\/title>\n<meta name=\"description\" content=\"Gioved\u00ec sera, l&#039;AS Monaco ha confermato il suo posto in finale nella Coppa di Francia, aggiudicandosi la vittoria contro il Rumilly-Valli\u00e8res (1-5). Il 19\" \/>\n<meta name=\"robots\" content=\"index, follow, max-snippet:-1, max-image-preview:large, max-video-preview:-1\" \/>\n<link rel=\"canonical\" href=\"https:\/\/www.monaco-tribune.com\/it\/2021\/05\/undici-anni-dopo-las-monaco-torna-in-finale-di-coppa-di-francia\/\" \/>\n<meta property=\"og:locale\" content=\"it_IT\" \/>\n<meta property=\"og:type\" content=\"article\" \/>\n<meta property=\"og:title\" content=\"Undici anni dopo, l&#039;AS Monaco torna in finale di Coppa di Francia - Monaco Tribune\" \/>\n<meta property=\"og:description\" content=\"Gioved\u00ec sera, l&#039;AS Monaco ha confermato il suo posto in finale nella Coppa di Francia, aggiudicandosi la vittoria contro il Rumilly-Valli\u00e8res (1-5). Il 19\" \/>\n<meta property=\"og:url\" content=\"https:\/\/www.monaco-tribune.com\/it\/2021\/05\/undici-anni-dopo-las-monaco-torna-in-finale-di-coppa-di-francia\/\" \/>\n<meta property=\"og:site_name\" content=\"Monaco Tribune\" \/>\n<meta property=\"article:publisher\" content=\"https:\/\/www.facebook.com\/MonacoTribune\" \/>\n<meta property=\"article:published_time\" content=\"2021-05-14T14:04:04+00:00\" \/>\n<meta property=\"article:modified_time\" content=\"2021-05-14T14:07:10+00:00\" \/>\n<meta property=\"og:image\" content=\"https:\/\/www.monaco-tribune.com\/wp-content\/uploads\/2021\/05\/gelson-martins-as-monaco-min-scaled-e1620939874696.jpeg\" \/>\n\t<meta property=\"og:image:width\" content=\"2048\" \/>\n\t<meta property=\"og:image:height\" content=\"1362\" \/>\n\t<meta property=\"og:image:type\" content=\"image\/jpeg\" \/>\n<meta name=\"author\" content=\"Romain Boisaubert\" \/>\n<meta name=\"twitter:card\" content=\"summary_large_image\" \/>\n<meta name=\"twitter:creator\" content=\"@MonacoTribune\" \/>\n<meta name=\"twitter:site\" content=\"@MonacoTribune\" \/>\n<script type=\"application\/ld+json\" class=\"yoast-schema-graph\">{\"@context\":\"https:\\\/\\\/schema.org\",\"@graph\":[{\"@type\":\"NewsArticle\",\"@id\":\"https:\\\/\\\/www.monaco-tribune.com\\\/it\\\/2021\\\/05\\\/undici-anni-dopo-las-monaco-torna-in-finale-di-coppa-di-francia\\\/#article\",\"isPartOf\":{\"@id\":\"https:\\\/\\\/www.monaco-tribune.com\\\/it\\\/2021\\\/05\\\/undici-anni-dopo-las-monaco-torna-in-finale-di-coppa-di-francia\\\/\"},\"author\":{\"name\":\"Romain Boisaubert\",\"@id\":\"https:\\\/\\\/www.monaco-tribune.com\\\/it\\\/#\\\/schema\\\/person\\\/330a3732947cf8cb41b2533a0eadd62e\"},\"headline\":\"Undici anni dopo, l&#8217;AS Monaco torna in finale di Coppa di Francia\",\"datePublished\":\"2021-05-14T14:04:04+00:00\",\"dateModified\":\"2021-05-14T14:07:10+00:00\",\"mainEntityOfPage\":{\"@id\":\"https:\\\/\\\/www.monaco-tribune.com\\\/it\\\/2021\\\/05\\\/undici-anni-dopo-las-monaco-torna-in-finale-di-coppa-di-francia\\\/\"},\"wordCount\":284,\"publisher\":{\"@id\":\"https:\\\/\\\/www.monaco-tribune.com\\\/it\\\/#organization\"},\"image\":{\"@id\":\"https:\\\/\\\/www.monaco-tribune.com\\\/it\\\/2021\\\/05\\\/undici-anni-dopo-las-monaco-torna-in-finale-di-coppa-di-francia\\\/#primaryimage\"},\"thumbnailUrl\":\"https:\\\/\\\/www.monaco-tribune.com\\\/wp-content\\\/uploads\\\/2021\\\/05\\\/gelson-martins-as-monaco-min-scaled-e1620939874696.jpeg\",\"keywords\":[\"AS Monaco\"],\"articleSection\":[\"Notizie\",\"Sport\"],\"inLanguage\":\"it-IT\",\"copyrightYear\":\"2021\",\"copyrightHolder\":{\"@id\":\"https:\\\/\\\/www.monaco-tribune.com\\\/#organization\"}},{\"@type\":\"WebPage\",\"@id\":\"https:\\\/\\\/www.monaco-tribune.com\\\/it\\\/2021\\\/05\\\/undici-anni-dopo-las-monaco-torna-in-finale-di-coppa-di-francia\\\/\",\"url\":\"https:\\\/\\\/www.monaco-tribune.com\\\/it\\\/2021\\\/05\\\/undici-anni-dopo-las-monaco-torna-in-finale-di-coppa-di-francia\\\/\",\"name\":\"Undici anni dopo, l'AS Monaco torna in finale di Coppa di Francia\",\"isPartOf\":{\"@id\":\"https:\\\/\\\/www.monaco-tribune.com\\\/it\\\/#website\"},\"primaryImageOfPage\":{\"@id\":\"https:\\\/\\\/www.monaco-tribune.com\\\/it\\\/2021\\\/05\\\/undici-anni-dopo-las-monaco-torna-in-finale-di-coppa-di-francia\\\/#primaryimage\"},\"image\":{\"@id\":\"https:\\\/\\\/www.monaco-tribune.com\\\/it\\\/2021\\\/05\\\/undici-anni-dopo-las-monaco-torna-in-finale-di-coppa-di-francia\\\/#primaryimage\"},\"thumbnailUrl\":\"https:\\\/\\\/www.monaco-tribune.com\\\/wp-content\\\/uploads\\\/2021\\\/05\\\/gelson-martins-as-monaco-min-scaled-e1620939874696.jpeg\",\"datePublished\":\"2021-05-14T14:04:04+00:00\",\"dateModified\":\"2021-05-14T14:07:10+00:00\",\"description\":\"Gioved\u00ec sera, l'AS Monaco ha confermato il suo posto in finale nella Coppa di Francia, aggiudicandosi la vittoria contro il Rumilly-Valli\u00e8res (1-5). Il 19\",\"breadcrumb\":{\"@id\":\"https:\\\/\\\/www.monaco-tribune.com\\\/it\\\/2021\\\/05\\\/undici-anni-dopo-las-monaco-torna-in-finale-di-coppa-di-francia\\\/#breadcrumb\"},\"inLanguage\":\"it-IT\",\"potentialAction\":[{\"@type\":\"ReadAction\",\"target\":[\"https:\\\/\\\/www.monaco-tribune.com\\\/it\\\/2021\\\/05\\\/undici-anni-dopo-las-monaco-torna-in-finale-di-coppa-di-francia\\\/\"]}]},{\"@type\":\"ImageObject\",\"inLanguage\":\"it-IT\",\"@id\":\"https:\\\/\\\/www.monaco-tribune.com\\\/it\\\/2021\\\/05\\\/undici-anni-dopo-las-monaco-torna-in-finale-di-coppa-di-francia\\\/#primaryimage\",\"url\":\"https:\\\/\\\/www.monaco-tribune.com\\\/wp-content\\\/uploads\\\/2021\\\/05\\\/gelson-martins-as-monaco-min-scaled-e1620939874696.jpeg\",\"contentUrl\":\"https:\\\/\\\/www.monaco-tribune.com\\\/wp-content\\\/uploads\\\/2021\\\/05\\\/gelson-martins-as-monaco-min-scaled-e1620939874696.jpeg\",\"width\":2048,\"height\":1362,\"caption\":\"AS Monaco\"},{\"@type\":\"BreadcrumbList\",\"@id\":\"https:\\\/\\\/www.monaco-tribune.com\\\/it\\\/2021\\\/05\\\/undici-anni-dopo-las-monaco-torna-in-finale-di-coppa-di-francia\\\/#breadcrumb\",\"itemListElement\":[{\"@type\":\"ListItem\",\"position\":1,\"name\":\"Accueil\",\"item\":\"https:\\\/\\\/www.monaco-tribune.com\\\/it\\\/\"},{\"@type\":\"ListItem\",\"position\":2,\"name\":\"Undici anni dopo, l&rsquo;AS Monaco torna in finale di Coppa di Francia\"}]},{\"@type\":\"WebSite\",\"@id\":\"https:\\\/\\\/www.monaco-tribune.com\\\/it\\\/#website\",\"url\":\"https:\\\/\\\/www.monaco-tribune.com\\\/it\\\/\",\"name\":\"Monaco Tribune\",\"description\":\"Monaco : actualit\u00e9s \u00e9conomiques, politiques, culturelles et sportives de Monaco et de la French Riviera.\",\"publisher\":{\"@id\":\"https:\\\/\\\/www.monaco-tribune.com\\\/it\\\/#organization\"},\"potentialAction\":[{\"@type\":\"SearchAction\",\"target\":{\"@type\":\"EntryPoint\",\"urlTemplate\":\"https:\\\/\\\/www.monaco-tribune.com\\\/it\\\/?s={search_term_string}\"},\"query-input\":{\"@type\":\"PropertyValueSpecification\",\"valueRequired\":true,\"valueName\":\"search_term_string\"}}],\"inLanguage\":\"it-IT\"},{\"@type\":\"Organization\",\"@id\":\"https:\\\/\\\/www.monaco-tribune.com\\\/it\\\/#organization\",\"name\":\"Monaco Tribune\",\"url\":\"https:\\\/\\\/www.monaco-tribune.com\\\/it\\\/\",\"logo\":{\"@type\":\"ImageObject\",\"inLanguage\":\"it-IT\",\"@id\":\"https:\\\/\\\/www.monaco-tribune.com\\\/it\\\/#\\\/schema\\\/logo\\\/image\\\/\",\"url\":\"https:\\\/\\\/www.monaco-tribune.com\\\/wp-content\\\/uploads\\\/2022\\\/11\\\/logo-monaco-tribune.png\",\"contentUrl\":\"https:\\\/\\\/www.monaco-tribune.com\\\/wp-content\\\/uploads\\\/2022\\\/11\\\/logo-monaco-tribune.png\",\"width\":1548,\"height\":600,\"caption\":\"Monaco Tribune\"},\"image\":{\"@id\":\"https:\\\/\\\/www.monaco-tribune.com\\\/it\\\/#\\\/schema\\\/logo\\\/image\\\/\"},\"sameAs\":[\"https:\\\/\\\/www.facebook.com\\\/MonacoTribune\",\"https:\\\/\\\/x.com\\\/MonacoTribune\",\"https:\\\/\\\/www.instagram.com\\\/monacotribune\\\/\",\"https:\\\/\\\/www.linkedin.com\\\/company\\\/monaco-tribune\",\"https:\\\/\\\/www.youtube.com\\\/channel\\\/UCHle1MnG6hw1y4lWKijVbMA\"]},{\"@type\":\"Person\",\"@id\":\"https:\\\/\\\/www.monaco-tribune.com\\\/it\\\/#\\\/schema\\\/person\\\/330a3732947cf8cb41b2533a0eadd62e\",\"name\":\"Romain Boisaubert\",\"image\":{\"@type\":\"ImageObject\",\"inLanguage\":\"it-IT\",\"@id\":\"https:\\\/\\\/secure.gravatar.com\\\/avatar\\\/f8b90d41f1eabd1cbe4cf59e09d8db41a697d51919bf2dfe727589a24a4a4d54?s=96&d=mm&r=g\",\"url\":\"https:\\\/\\\/secure.gravatar.com\\\/avatar\\\/f8b90d41f1eabd1cbe4cf59e09d8db41a697d51919bf2dfe727589a24a4a4d54?s=96&d=mm&r=g\",\"contentUrl\":\"https:\\\/\\\/secure.gravatar.com\\\/avatar\\\/f8b90d41f1eabd1cbe4cf59e09d8db41a697d51919bf2dfe727589a24a4a4d54?s=96&d=mm&r=g\",\"caption\":\"Romain Boisaubert\"},\"description\":\"Test bio\",\"url\":\"https:\\\/\\\/www.monaco-tribune.com\\\/it\\\/author\\\/romain-boisaubert\\\/\"}]}<\/script>\n<!-- \/ Yoast SEO Premium plugin. -->","yoast_head_json":{"title":"Undici anni dopo, l'AS Monaco torna in finale di Coppa di Francia","description":"Gioved\u00ec sera, l'AS Monaco ha confermato il suo posto in finale nella Coppa di Francia, aggiudicandosi la vittoria contro il Rumilly-Valli\u00e8res (1-5). Il 19","robots":{"index":"index","follow":"follow","max-snippet":"max-snippet:-1","max-image-preview":"max-image-preview:large","max-video-preview":"max-video-preview:-1"},"canonical":"https:\/\/www.monaco-tribune.com\/it\/2021\/05\/undici-anni-dopo-las-monaco-torna-in-finale-di-coppa-di-francia\/","og_locale":"it_IT","og_type":"article","og_title":"Undici anni dopo, l'AS Monaco torna in finale di Coppa di Francia - Monaco Tribune","og_description":"Gioved\u00ec sera, l'AS Monaco ha confermato il suo posto in finale nella Coppa di Francia, aggiudicandosi la vittoria contro il Rumilly-Valli\u00e8res (1-5). Il 19","og_url":"https:\/\/www.monaco-tribune.com\/it\/2021\/05\/undici-anni-dopo-las-monaco-torna-in-finale-di-coppa-di-francia\/","og_site_name":"Monaco Tribune","article_publisher":"https:\/\/www.facebook.com\/MonacoTribune","article_published_time":"2021-05-14T14:04:04+00:00","article_modified_time":"2021-05-14T14:07:10+00:00","og_image":[{"width":2048,"height":1362,"url":"https:\/\/www.monaco-tribune.com\/wp-content\/uploads\/2021\/05\/gelson-martins-as-monaco-min-scaled-e1620939874696.jpeg","type":"image\/jpeg"}],"author":"Romain Boisaubert","twitter_card":"summary_large_image","twitter_creator":"@MonacoTribune","twitter_site":"@MonacoTribune","schema":{"@context":"https:\/\/schema.org","@graph":[{"@type":"NewsArticle","@id":"https:\/\/www.monaco-tribune.com\/it\/2021\/05\/undici-anni-dopo-las-monaco-torna-in-finale-di-coppa-di-francia\/#article","isPartOf":{"@id":"https:\/\/www.monaco-tribune.com\/it\/2021\/05\/undici-anni-dopo-las-monaco-torna-in-finale-di-coppa-di-francia\/"},"author":{"name":"Romain Boisaubert","@id":"https:\/\/www.monaco-tribune.com\/it\/#\/schema\/person\/330a3732947cf8cb41b2533a0eadd62e"},"headline":"Undici anni dopo, l&#8217;AS Monaco torna in finale di Coppa di Francia","datePublished":"2021-05-14T14:04:04+00:00","dateModified":"2021-05-14T14:07:10+00:00","mainEntityOfPage":{"@id":"https:\/\/www.monaco-tribune.com\/it\/2021\/05\/undici-anni-dopo-las-monaco-torna-in-finale-di-coppa-di-francia\/"},"wordCount":284,"publisher":{"@id":"https:\/\/www.monaco-tribune.com\/it\/#organization"},"image":{"@id":"https:\/\/www.monaco-tribune.com\/it\/2021\/05\/undici-anni-dopo-las-monaco-torna-in-finale-di-coppa-di-francia\/#primaryimage"},"thumbnailUrl":"https:\/\/www.monaco-tribune.com\/wp-content\/uploads\/2021\/05\/gelson-martins-as-monaco-min-scaled-e1620939874696.jpeg","keywords":["AS Monaco"],"articleSection":["Notizie","Sport"],"inLanguage":"it-IT","copyrightYear":"2021","copyrightHolder":{"@id":"https:\/\/www.monaco-tribune.com\/#organization"}},{"@type":"WebPage","@id":"https:\/\/www.monaco-tribune.com\/it\/2021\/05\/undici-anni-dopo-las-monaco-torna-in-finale-di-coppa-di-francia\/","url":"https:\/\/www.monaco-tribune.com\/it\/2021\/05\/undici-anni-dopo-las-monaco-torna-in-finale-di-coppa-di-francia\/","name":"Undici anni dopo, l'AS Monaco torna in finale di Coppa di Francia","isPartOf":{"@id":"https:\/\/www.monaco-tribune.com\/it\/#website"},"primaryImageOfPage":{"@id":"https:\/\/www.monaco-tribune.com\/it\/2021\/05\/undici-anni-dopo-las-monaco-torna-in-finale-di-coppa-di-francia\/#primaryimage"},"image":{"@id":"https:\/\/www.monaco-tribune.com\/it\/2021\/05\/undici-anni-dopo-las-monaco-torna-in-finale-di-coppa-di-francia\/#primaryimage"},"thumbnailUrl":"https:\/\/www.monaco-tribune.com\/wp-content\/uploads\/2021\/05\/gelson-martins-as-monaco-min-scaled-e1620939874696.jpeg","datePublished":"2021-05-14T14:04:04+00:00","dateModified":"2021-05-14T14:07:10+00:00","description":"Gioved\u00ec sera, l'AS Monaco ha confermato il suo posto in finale nella Coppa di Francia, aggiudicandosi la vittoria contro il Rumilly-Valli\u00e8res (1-5). Il 19","breadcrumb":{"@id":"https:\/\/www.monaco-tribune.com\/it\/2021\/05\/undici-anni-dopo-las-monaco-torna-in-finale-di-coppa-di-francia\/#breadcrumb"},"inLanguage":"it-IT","potentialAction":[{"@type":"ReadAction","target":["https:\/\/www.monaco-tribune.com\/it\/2021\/05\/undici-anni-dopo-las-monaco-torna-in-finale-di-coppa-di-francia\/"]}]},{"@type":"ImageObject","inLanguage":"it-IT","@id":"https:\/\/www.monaco-tribune.com\/it\/2021\/05\/undici-anni-dopo-las-monaco-torna-in-finale-di-coppa-di-francia\/#primaryimage","url":"https:\/\/www.monaco-tribune.com\/wp-content\/uploads\/2021\/05\/gelson-martins-as-monaco-min-scaled-e1620939874696.jpeg","contentUrl":"https:\/\/www.monaco-tribune.com\/wp-content\/uploads\/2021\/05\/gelson-martins-as-monaco-min-scaled-e1620939874696.jpeg","width":2048,"height":1362,"caption":"AS Monaco"},{"@type":"BreadcrumbList","@id":"https:\/\/www.monaco-tribune.com\/it\/2021\/05\/undici-anni-dopo-las-monaco-torna-in-finale-di-coppa-di-francia\/#breadcrumb","itemListElement":[{"@type":"ListItem","position":1,"name":"Accueil","item":"https:\/\/www.monaco-tribune.com\/it\/"},{"@type":"ListItem","position":2,"name":"Undici anni dopo, l&rsquo;AS Monaco torna in finale di Coppa di Francia"}]},{"@type":"WebSite","@id":"https:\/\/www.monaco-tribune.com\/it\/#website","url":"https:\/\/www.monaco-tribune.com\/it\/","name":"Monaco Tribune","description":"Monaco : actualit\u00e9s \u00e9conomiques, politiques, culturelles et sportives de Monaco et de la French Riviera.","publisher":{"@id":"https:\/\/www.monaco-tribune.com\/it\/#organization"},"potentialAction":[{"@type":"SearchAction","target":{"@type":"EntryPoint","urlTemplate":"https:\/\/www.monaco-tribune.com\/it\/?s={search_term_string}"},"query-input":{"@type":"PropertyValueSpecification","valueRequired":true,"valueName":"search_term_string"}}],"inLanguage":"it-IT"},{"@type":"Organization","@id":"https:\/\/www.monaco-tribune.com\/it\/#organization","name":"Monaco Tribune","url":"https:\/\/www.monaco-tribune.com\/it\/","logo":{"@type":"ImageObject","inLanguage":"it-IT","@id":"https:\/\/www.monaco-tribune.com\/it\/#\/schema\/logo\/image\/","url":"https:\/\/www.monaco-tribune.com\/wp-content\/uploads\/2022\/11\/logo-monaco-tribune.png","contentUrl":"https:\/\/www.monaco-tribune.com\/wp-content\/uploads\/2022\/11\/logo-monaco-tribune.png","width":1548,"height":600,"caption":"Monaco Tribune"},"image":{"@id":"https:\/\/www.monaco-tribune.com\/it\/#\/schema\/logo\/image\/"},"sameAs":["https:\/\/www.facebook.com\/MonacoTribune","https:\/\/x.com\/MonacoTribune","https:\/\/www.instagram.com\/monacotribune\/","https:\/\/www.linkedin.com\/company\/monaco-tribune","https:\/\/www.youtube.com\/channel\/UCHle1MnG6hw1y4lWKijVbMA"]},{"@type":"Person","@id":"https:\/\/www.monaco-tribune.com\/it\/#\/schema\/person\/330a3732947cf8cb41b2533a0eadd62e","name":"Romain Boisaubert","image":{"@type":"ImageObject","inLanguage":"it-IT","@id":"https:\/\/secure.gravatar.com\/avatar\/f8b90d41f1eabd1cbe4cf59e09d8db41a697d51919bf2dfe727589a24a4a4d54?s=96&d=mm&r=g","url":"https:\/\/secure.gravatar.com\/avatar\/f8b90d41f1eabd1cbe4cf59e09d8db41a697d51919bf2dfe727589a24a4a4d54?s=96&d=mm&r=g","contentUrl":"https:\/\/secure.gravatar.com\/avatar\/f8b90d41f1eabd1cbe4cf59e09d8db41a697d51919bf2dfe727589a24a4a4d54?s=96&d=mm&r=g","caption":"Romain Boisaubert"},"description":"Test bio","url":"https:\/\/www.monaco-tribune.com\/it\/author\/romain-boisaubert\/"}]}},"_links":{"self":[{"href":"https:\/\/www.monaco-tribune.com\/it\/wp-json\/wp\/v2\/posts\/78160","targetHints":{"allow":["GET"]}}],"collection":[{"href":"https:\/\/www.monaco-tribune.com\/it\/wp-json\/wp\/v2\/posts"}],"about":[{"href":"https:\/\/www.monaco-tribune.com\/it\/wp-json\/wp\/v2\/types\/post"}],"author":[{"embeddable":true,"href":"https:\/\/www.monaco-tribune.com\/it\/wp-json\/wp\/v2\/users\/24"}],"replies":[{"embeddable":true,"href":"https:\/\/www.monaco-tribune.com\/it\/wp-json\/wp\/v2\/comments?post=78160"}],"version-history":[{"count":0,"href":"https:\/\/www.monaco-tribune.com\/it\/wp-json\/wp\/v2\/posts\/78160\/revisions"}],"wp:featuredmedia":[{"embeddable":true,"href":"https:\/\/www.monaco-tribune.com\/it\/wp-json\/wp\/v2\/media\/78086"}],"wp:attachment":[{"href":"https:\/\/www.monaco-tribune.com\/it\/wp-json\/wp\/v2\/media?parent=78160"}],"wp:term":[{"taxonomy":"category","embeddable":true,"href":"https:\/\/www.monaco-tribune.com\/it\/wp-json\/wp\/v2\/categories?post=78160"},{"taxonomy":"post_tag","embeddable":true,"href":"https:\/\/www.monaco-tribune.com\/it\/wp-json\/wp\/v2\/tags?post=78160"},{"taxonomy":"sectag","embeddable":true,"href":"https:\/\/www.monaco-tribune.com\/it\/wp-json\/wp\/v2\/post_sectags?post=78160"},{"taxonomy":"format","embeddable":true,"href":"https:\/\/www.monaco-tribune.com\/it\/wp-json\/wp\/v2\/post_format?post=78160"}],"curies":[{"name":"wp","href":"https:\/\/api.w.org\/{rel}","templated":true}]}}