{"id":78959,"date":"2021-05-20T19:22:20","date_gmt":"2021-05-20T17:22:20","guid":{"rendered":"https:\/\/www.monaco-tribune.com\/2021\/05\/il-78-trofeo-del-gran-premio-di-monaco-veste-louis-vuitton\/"},"modified":"2021-05-20T19:22:25","modified_gmt":"2021-05-20T17:22:25","slug":"il-78-trofeo-del-gran-premio-di-monaco-veste-louis-vuitton","status":"publish","type":"post","link":"https:\/\/www.monaco-tribune.com\/it\/2021\/05\/il-78-trofeo-del-gran-premio-di-monaco-veste-louis-vuitton\/","title":{"rendered":"Il 78\u00b0 trofeo del Gran Premio di Monaco veste Louis Vuitton"},"content":{"rendered":"\n<p><strong>In occasione del prossimo Gran Premio di Monaco, Louis Vuitton ha svelato il bauletto che accoglier\u00e0 il trofeo di questa 78esima edizione. La maison haute-couture ha firmato un accordo pluriennale con l&#8217;Automobile Club de Monaco che organizza l&#8217;evento di Formula 1.<\/strong><\/p>\n\n<p>Mancano ormai pochi giorni per veder correre i piloti di Formula 1 tra le strade del Principato, con la speranza di aggiudicarsi il 78\u00b0 Gran Premio di Monaco. Un terreno controverso, diversi tornanti e un tunnel da superare, rendono questo percorso uno dei pi\u00f9 difficili della stagione. Quest&#8217;anno, chi passer\u00e0 per primo la linea d&#8217;arrivo, ricever\u00e0 il trofeo all&#8217;interno di un cofanetto realizzato da una delle maison di lusso pi\u00f9 prestigiose di Francia: Louis Vuitton e il suo savoir-faire famoso in tutto il mondo.<\/p>\n\n<p>Il brand, che produce articoli di viaggio dal 1854, ha applicato la sua maestria nella produzione di un tessuto con monogramma su misura, che rappresenta i 19 giri di pista, e con un motivo a V rosso e bianco che ricorda i colori del Principato. Realizzato nel laboratorio di Asni\u00e8res, nella periferia parigina, &#8220;il bauletto porta-trofeo illustra l&#8217;immagine secondo cui la &#8220;Vittoria viaggia in Louis Vuitton&#8221;, come testimone delle prossime vittorie che continua a portare le leggende&#8221;, ha dichiarato di recente Michael Burke, AD di Louis Vuitton.<\/p>\n\n<h2 class=\"wp-block-heading\" id=\"h-spectators-allowed-to-watch-the-action\">Gli spettatori potranno seguire la corsa<\/h2>\n\n<p>L&#8217;edizione 2020 \u00e8 stata annullata a causa della pandemia da Covid-19, ma quest&#8217;anno i piloti sono pronti e non vedono l&#8217;ora di entrare in pista. Al contrario di altri eventi sportivi recenti, un numero limitato di spettatori potr\u00e0 assistere a questa 78esima edizione del Gran Premio di Monaco. Le qualificazioni inizieranno il 20 maggio, mentre i piloti si preparano per l&#8217;evento principale che si terr\u00e0 domenica 23 maggio. Chi superer\u00e0 la linea del traguardo per primo e si aggiudicher\u00e0 il trofeo tanto ambito, valorizzato da uno delle creazioni pi\u00f9 belle di Louis Vuitton?<\/p>\n","protected":false},"excerpt":{"rendered":"<p>In occasione del prossimo Gran Premio di Monaco, Louis Vuitton ha svelato il bauletto che accoglier\u00e0 il trofeo di questa [&hellip;]<\/p>\n","protected":false},"author":46,"featured_media":78015,"comment_status":"closed","ping_status":"closed","sticky":false,"template":"","format":"standard","meta":{"_acf_changed":false,"footnotes":""},"categories":[1740,1738],"tags":[],"post_sectags":[],"post_format":[2478],"class_list":["post-78959","post","type-post","status-publish","format-standard","has-post-thumbnail","hentry","category-cosa-fare","category-notizie","format-notizia"],"acf":[],"yoast_head":"<!-- This site is optimized with the Yoast SEO Premium plugin v26.8 (Yoast SEO v27.4) - https:\/\/yoast.com\/product\/yoast-seo-premium-wordpress\/ -->\n<title>Il 78\u00b0 trofeo del Gran Premio di Monaco veste Louis Vuitton<\/title>\n<meta name=\"description\" content=\"In occasione del prossimo Gran Premio di Monaco, Louis Vuitton ha svelato il bauletto che accoglier\u00e0 il trofeo di questa 78esima edizione. La maison\" \/>\n<meta name=\"robots\" content=\"index, follow, max-snippet:-1, max-image-preview:large, max-video-preview:-1\" \/>\n<link rel=\"canonical\" href=\"https:\/\/www.monaco-tribune.com\/it\/2021\/05\/il-78-trofeo-del-gran-premio-di-monaco-veste-louis-vuitton\/\" \/>\n<meta property=\"og:locale\" content=\"it_IT\" \/>\n<meta property=\"og:type\" content=\"article\" \/>\n<meta property=\"og:title\" content=\"Il 78\u00b0 trofeo del Gran Premio di Monaco veste Louis Vuitton - Monaco Tribune\" \/>\n<meta property=\"og:description\" content=\"In occasione del prossimo Gran Premio di Monaco, Louis Vuitton ha svelato il bauletto che accoglier\u00e0 il trofeo di questa 78esima edizione. La maison\" \/>\n<meta property=\"og:url\" content=\"https:\/\/www.monaco-tribune.com\/it\/2021\/05\/il-78-trofeo-del-gran-premio-di-monaco-veste-louis-vuitton\/\" \/>\n<meta property=\"og:site_name\" content=\"Monaco Tribune\" \/>\n<meta property=\"article:publisher\" content=\"https:\/\/www.facebook.com\/MonacoTribune\" \/>\n<meta property=\"article:published_time\" content=\"2021-05-20T17:22:20+00:00\" \/>\n<meta property=\"article:modified_time\" content=\"2021-05-20T17:22:25+00:00\" \/>\n<meta property=\"og:image\" content=\"https:\/\/www.monaco-tribune.com\/wp-content\/uploads\/2021\/05\/louis-vuitton-monaco-gp-suitcase.jpeg\" \/>\n\t<meta property=\"og:image:width\" content=\"1000\" \/>\n\t<meta property=\"og:image:height\" content=\"562\" \/>\n\t<meta property=\"og:image:type\" content=\"image\/jpeg\" \/>\n<meta name=\"author\" content=\"Meg Johnson\" \/>\n<meta name=\"twitter:card\" content=\"summary_large_image\" \/>\n<meta name=\"twitter:creator\" content=\"@MonacoTribune\" \/>\n<meta name=\"twitter:site\" content=\"@MonacoTribune\" \/>\n<script type=\"application\/ld+json\" class=\"yoast-schema-graph\">{\"@context\":\"https:\\\/\\\/schema.org\",\"@graph\":[{\"@type\":\"NewsArticle\",\"@id\":\"https:\\\/\\\/www.monaco-tribune.com\\\/it\\\/2021\\\/05\\\/il-78-trofeo-del-gran-premio-di-monaco-veste-louis-vuitton\\\/#article\",\"isPartOf\":{\"@id\":\"https:\\\/\\\/www.monaco-tribune.com\\\/it\\\/2021\\\/05\\\/il-78-trofeo-del-gran-premio-di-monaco-veste-louis-vuitton\\\/\"},\"author\":{\"name\":\"Meg Johnson\",\"@id\":\"https:\\\/\\\/www.monaco-tribune.com\\\/it\\\/#\\\/schema\\\/person\\\/a5b96fbf65e3742d7f09d511490d76f5\"},\"headline\":\"Il 78\u00b0 trofeo del Gran Premio di Monaco veste Louis Vuitton\",\"datePublished\":\"2021-05-20T17:22:20+00:00\",\"dateModified\":\"2021-05-20T17:22:25+00:00\",\"mainEntityOfPage\":{\"@id\":\"https:\\\/\\\/www.monaco-tribune.com\\\/it\\\/2021\\\/05\\\/il-78-trofeo-del-gran-premio-di-monaco-veste-louis-vuitton\\\/\"},\"wordCount\":323,\"publisher\":{\"@id\":\"https:\\\/\\\/www.monaco-tribune.com\\\/it\\\/#organization\"},\"image\":{\"@id\":\"https:\\\/\\\/www.monaco-tribune.com\\\/it\\\/2021\\\/05\\\/il-78-trofeo-del-gran-premio-di-monaco-veste-louis-vuitton\\\/#primaryimage\"},\"thumbnailUrl\":\"https:\\\/\\\/www.monaco-tribune.com\\\/wp-content\\\/uploads\\\/2021\\\/05\\\/louis-vuitton-monaco-gp-suitcase.jpeg\",\"articleSection\":[\"Cosa fare\",\"Notizie\"],\"inLanguage\":\"it-IT\",\"copyrightYear\":\"2021\",\"copyrightHolder\":{\"@id\":\"https:\\\/\\\/www.monaco-tribune.com\\\/#organization\"}},{\"@type\":\"WebPage\",\"@id\":\"https:\\\/\\\/www.monaco-tribune.com\\\/it\\\/2021\\\/05\\\/il-78-trofeo-del-gran-premio-di-monaco-veste-louis-vuitton\\\/\",\"url\":\"https:\\\/\\\/www.monaco-tribune.com\\\/it\\\/2021\\\/05\\\/il-78-trofeo-del-gran-premio-di-monaco-veste-louis-vuitton\\\/\",\"name\":\"Il 78\u00b0 trofeo del Gran Premio di Monaco veste Louis Vuitton\",\"isPartOf\":{\"@id\":\"https:\\\/\\\/www.monaco-tribune.com\\\/it\\\/#website\"},\"primaryImageOfPage\":{\"@id\":\"https:\\\/\\\/www.monaco-tribune.com\\\/it\\\/2021\\\/05\\\/il-78-trofeo-del-gran-premio-di-monaco-veste-louis-vuitton\\\/#primaryimage\"},\"image\":{\"@id\":\"https:\\\/\\\/www.monaco-tribune.com\\\/it\\\/2021\\\/05\\\/il-78-trofeo-del-gran-premio-di-monaco-veste-louis-vuitton\\\/#primaryimage\"},\"thumbnailUrl\":\"https:\\\/\\\/www.monaco-tribune.com\\\/wp-content\\\/uploads\\\/2021\\\/05\\\/louis-vuitton-monaco-gp-suitcase.jpeg\",\"datePublished\":\"2021-05-20T17:22:20+00:00\",\"dateModified\":\"2021-05-20T17:22:25+00:00\",\"description\":\"In occasione del prossimo Gran Premio di Monaco, Louis Vuitton ha svelato il bauletto che accoglier\u00e0 il trofeo di questa 78esima edizione. La maison\",\"breadcrumb\":{\"@id\":\"https:\\\/\\\/www.monaco-tribune.com\\\/it\\\/2021\\\/05\\\/il-78-trofeo-del-gran-premio-di-monaco-veste-louis-vuitton\\\/#breadcrumb\"},\"inLanguage\":\"it-IT\",\"potentialAction\":[{\"@type\":\"ReadAction\",\"target\":[\"https:\\\/\\\/www.monaco-tribune.com\\\/it\\\/2021\\\/05\\\/il-78-trofeo-del-gran-premio-di-monaco-veste-louis-vuitton\\\/\"]}]},{\"@type\":\"ImageObject\",\"inLanguage\":\"it-IT\",\"@id\":\"https:\\\/\\\/www.monaco-tribune.com\\\/it\\\/2021\\\/05\\\/il-78-trofeo-del-gran-premio-di-monaco-veste-louis-vuitton\\\/#primaryimage\",\"url\":\"https:\\\/\\\/www.monaco-tribune.com\\\/wp-content\\\/uploads\\\/2021\\\/05\\\/louis-vuitton-monaco-gp-suitcase.jpeg\",\"contentUrl\":\"https:\\\/\\\/www.monaco-tribune.com\\\/wp-content\\\/uploads\\\/2021\\\/05\\\/louis-vuitton-monaco-gp-suitcase.jpeg\",\"width\":1000,\"height\":562,\"caption\":\"\u00a9 Louis Vuitton \\\/ ACM\"},{\"@type\":\"BreadcrumbList\",\"@id\":\"https:\\\/\\\/www.monaco-tribune.com\\\/it\\\/2021\\\/05\\\/il-78-trofeo-del-gran-premio-di-monaco-veste-louis-vuitton\\\/#breadcrumb\",\"itemListElement\":[{\"@type\":\"ListItem\",\"position\":1,\"name\":\"Accueil\",\"item\":\"https:\\\/\\\/www.monaco-tribune.com\\\/it\\\/\"},{\"@type\":\"ListItem\",\"position\":2,\"name\":\"Il 78\u00b0 trofeo del Gran Premio di Monaco veste Louis Vuitton\"}]},{\"@type\":\"WebSite\",\"@id\":\"https:\\\/\\\/www.monaco-tribune.com\\\/it\\\/#website\",\"url\":\"https:\\\/\\\/www.monaco-tribune.com\\\/it\\\/\",\"name\":\"Monaco Tribune\",\"description\":\"Monaco : actualit\u00e9s \u00e9conomiques, politiques, culturelles et sportives de Monaco et de la French Riviera.\",\"publisher\":{\"@id\":\"https:\\\/\\\/www.monaco-tribune.com\\\/it\\\/#organization\"},\"potentialAction\":[{\"@type\":\"SearchAction\",\"target\":{\"@type\":\"EntryPoint\",\"urlTemplate\":\"https:\\\/\\\/www.monaco-tribune.com\\\/it\\\/?s={search_term_string}\"},\"query-input\":{\"@type\":\"PropertyValueSpecification\",\"valueRequired\":true,\"valueName\":\"search_term_string\"}}],\"inLanguage\":\"it-IT\"},{\"@type\":\"Organization\",\"@id\":\"https:\\\/\\\/www.monaco-tribune.com\\\/it\\\/#organization\",\"name\":\"Monaco Tribune\",\"url\":\"https:\\\/\\\/www.monaco-tribune.com\\\/it\\\/\",\"logo\":{\"@type\":\"ImageObject\",\"inLanguage\":\"it-IT\",\"@id\":\"https:\\\/\\\/www.monaco-tribune.com\\\/it\\\/#\\\/schema\\\/logo\\\/image\\\/\",\"url\":\"https:\\\/\\\/www.monaco-tribune.com\\\/wp-content\\\/uploads\\\/2022\\\/11\\\/logo-monaco-tribune.png\",\"contentUrl\":\"https:\\\/\\\/www.monaco-tribune.com\\\/wp-content\\\/uploads\\\/2022\\\/11\\\/logo-monaco-tribune.png\",\"width\":1548,\"height\":600,\"caption\":\"Monaco Tribune\"},\"image\":{\"@id\":\"https:\\\/\\\/www.monaco-tribune.com\\\/it\\\/#\\\/schema\\\/logo\\\/image\\\/\"},\"sameAs\":[\"https:\\\/\\\/www.facebook.com\\\/MonacoTribune\",\"https:\\\/\\\/x.com\\\/MonacoTribune\",\"https:\\\/\\\/www.instagram.com\\\/monacotribune\\\/\",\"https:\\\/\\\/www.linkedin.com\\\/company\\\/monaco-tribune\",\"https:\\\/\\\/www.youtube.com\\\/channel\\\/UCHle1MnG6hw1y4lWKijVbMA\"]},{\"@type\":\"Person\",\"@id\":\"https:\\\/\\\/www.monaco-tribune.com\\\/it\\\/#\\\/schema\\\/person\\\/a5b96fbf65e3742d7f09d511490d76f5\",\"name\":\"Meg Johnson\",\"image\":{\"@type\":\"ImageObject\",\"inLanguage\":\"it-IT\",\"@id\":\"https:\\\/\\\/secure.gravatar.com\\\/avatar\\\/82c5d90b38700bd0e2524279ba496116ee44a564e5923a2c3e336042bf69a8af?s=96&d=mm&r=g\",\"url\":\"https:\\\/\\\/secure.gravatar.com\\\/avatar\\\/82c5d90b38700bd0e2524279ba496116ee44a564e5923a2c3e336042bf69a8af?s=96&d=mm&r=g\",\"contentUrl\":\"https:\\\/\\\/secure.gravatar.com\\\/avatar\\\/82c5d90b38700bd0e2524279ba496116ee44a564e5923a2c3e336042bf69a8af?s=96&d=mm&r=g\",\"caption\":\"Meg Johnson\"},\"url\":\"https:\\\/\\\/www.monaco-tribune.com\\\/it\\\/author\\\/meganjohnson\\\/\"}]}<\/script>\n<!-- \/ Yoast SEO Premium plugin. -->","yoast_head_json":{"title":"Il 78\u00b0 trofeo del Gran Premio di Monaco veste Louis Vuitton","description":"In occasione del prossimo Gran Premio di Monaco, Louis Vuitton ha svelato il bauletto che accoglier\u00e0 il trofeo di questa 78esima edizione. La maison","robots":{"index":"index","follow":"follow","max-snippet":"max-snippet:-1","max-image-preview":"max-image-preview:large","max-video-preview":"max-video-preview:-1"},"canonical":"https:\/\/www.monaco-tribune.com\/it\/2021\/05\/il-78-trofeo-del-gran-premio-di-monaco-veste-louis-vuitton\/","og_locale":"it_IT","og_type":"article","og_title":"Il 78\u00b0 trofeo del Gran Premio di Monaco veste Louis Vuitton - Monaco Tribune","og_description":"In occasione del prossimo Gran Premio di Monaco, Louis Vuitton ha svelato il bauletto che accoglier\u00e0 il trofeo di questa 78esima edizione. La maison","og_url":"https:\/\/www.monaco-tribune.com\/it\/2021\/05\/il-78-trofeo-del-gran-premio-di-monaco-veste-louis-vuitton\/","og_site_name":"Monaco Tribune","article_publisher":"https:\/\/www.facebook.com\/MonacoTribune","article_published_time":"2021-05-20T17:22:20+00:00","article_modified_time":"2021-05-20T17:22:25+00:00","og_image":[{"width":1000,"height":562,"url":"https:\/\/www.monaco-tribune.com\/wp-content\/uploads\/2021\/05\/louis-vuitton-monaco-gp-suitcase.jpeg","type":"image\/jpeg"}],"author":"Meg Johnson","twitter_card":"summary_large_image","twitter_creator":"@MonacoTribune","twitter_site":"@MonacoTribune","schema":{"@context":"https:\/\/schema.org","@graph":[{"@type":"NewsArticle","@id":"https:\/\/www.monaco-tribune.com\/it\/2021\/05\/il-78-trofeo-del-gran-premio-di-monaco-veste-louis-vuitton\/#article","isPartOf":{"@id":"https:\/\/www.monaco-tribune.com\/it\/2021\/05\/il-78-trofeo-del-gran-premio-di-monaco-veste-louis-vuitton\/"},"author":{"name":"Meg Johnson","@id":"https:\/\/www.monaco-tribune.com\/it\/#\/schema\/person\/a5b96fbf65e3742d7f09d511490d76f5"},"headline":"Il 78\u00b0 trofeo del Gran Premio di Monaco veste Louis Vuitton","datePublished":"2021-05-20T17:22:20+00:00","dateModified":"2021-05-20T17:22:25+00:00","mainEntityOfPage":{"@id":"https:\/\/www.monaco-tribune.com\/it\/2021\/05\/il-78-trofeo-del-gran-premio-di-monaco-veste-louis-vuitton\/"},"wordCount":323,"publisher":{"@id":"https:\/\/www.monaco-tribune.com\/it\/#organization"},"image":{"@id":"https:\/\/www.monaco-tribune.com\/it\/2021\/05\/il-78-trofeo-del-gran-premio-di-monaco-veste-louis-vuitton\/#primaryimage"},"thumbnailUrl":"https:\/\/www.monaco-tribune.com\/wp-content\/uploads\/2021\/05\/louis-vuitton-monaco-gp-suitcase.jpeg","articleSection":["Cosa fare","Notizie"],"inLanguage":"it-IT","copyrightYear":"2021","copyrightHolder":{"@id":"https:\/\/www.monaco-tribune.com\/#organization"}},{"@type":"WebPage","@id":"https:\/\/www.monaco-tribune.com\/it\/2021\/05\/il-78-trofeo-del-gran-premio-di-monaco-veste-louis-vuitton\/","url":"https:\/\/www.monaco-tribune.com\/it\/2021\/05\/il-78-trofeo-del-gran-premio-di-monaco-veste-louis-vuitton\/","name":"Il 78\u00b0 trofeo del Gran Premio di Monaco veste Louis Vuitton","isPartOf":{"@id":"https:\/\/www.monaco-tribune.com\/it\/#website"},"primaryImageOfPage":{"@id":"https:\/\/www.monaco-tribune.com\/it\/2021\/05\/il-78-trofeo-del-gran-premio-di-monaco-veste-louis-vuitton\/#primaryimage"},"image":{"@id":"https:\/\/www.monaco-tribune.com\/it\/2021\/05\/il-78-trofeo-del-gran-premio-di-monaco-veste-louis-vuitton\/#primaryimage"},"thumbnailUrl":"https:\/\/www.monaco-tribune.com\/wp-content\/uploads\/2021\/05\/louis-vuitton-monaco-gp-suitcase.jpeg","datePublished":"2021-05-20T17:22:20+00:00","dateModified":"2021-05-20T17:22:25+00:00","description":"In occasione del prossimo Gran Premio di Monaco, Louis Vuitton ha svelato il bauletto che accoglier\u00e0 il trofeo di questa 78esima edizione. La maison","breadcrumb":{"@id":"https:\/\/www.monaco-tribune.com\/it\/2021\/05\/il-78-trofeo-del-gran-premio-di-monaco-veste-louis-vuitton\/#breadcrumb"},"inLanguage":"it-IT","potentialAction":[{"@type":"ReadAction","target":["https:\/\/www.monaco-tribune.com\/it\/2021\/05\/il-78-trofeo-del-gran-premio-di-monaco-veste-louis-vuitton\/"]}]},{"@type":"ImageObject","inLanguage":"it-IT","@id":"https:\/\/www.monaco-tribune.com\/it\/2021\/05\/il-78-trofeo-del-gran-premio-di-monaco-veste-louis-vuitton\/#primaryimage","url":"https:\/\/www.monaco-tribune.com\/wp-content\/uploads\/2021\/05\/louis-vuitton-monaco-gp-suitcase.jpeg","contentUrl":"https:\/\/www.monaco-tribune.com\/wp-content\/uploads\/2021\/05\/louis-vuitton-monaco-gp-suitcase.jpeg","width":1000,"height":562,"caption":"\u00a9 Louis Vuitton \/ ACM"},{"@type":"BreadcrumbList","@id":"https:\/\/www.monaco-tribune.com\/it\/2021\/05\/il-78-trofeo-del-gran-premio-di-monaco-veste-louis-vuitton\/#breadcrumb","itemListElement":[{"@type":"ListItem","position":1,"name":"Accueil","item":"https:\/\/www.monaco-tribune.com\/it\/"},{"@type":"ListItem","position":2,"name":"Il 78\u00b0 trofeo del Gran Premio di Monaco veste Louis Vuitton"}]},{"@type":"WebSite","@id":"https:\/\/www.monaco-tribune.com\/it\/#website","url":"https:\/\/www.monaco-tribune.com\/it\/","name":"Monaco Tribune","description":"Monaco : actualit\u00e9s \u00e9conomiques, politiques, culturelles et sportives de Monaco et de la French Riviera.","publisher":{"@id":"https:\/\/www.monaco-tribune.com\/it\/#organization"},"potentialAction":[{"@type":"SearchAction","target":{"@type":"EntryPoint","urlTemplate":"https:\/\/www.monaco-tribune.com\/it\/?s={search_term_string}"},"query-input":{"@type":"PropertyValueSpecification","valueRequired":true,"valueName":"search_term_string"}}],"inLanguage":"it-IT"},{"@type":"Organization","@id":"https:\/\/www.monaco-tribune.com\/it\/#organization","name":"Monaco Tribune","url":"https:\/\/www.monaco-tribune.com\/it\/","logo":{"@type":"ImageObject","inLanguage":"it-IT","@id":"https:\/\/www.monaco-tribune.com\/it\/#\/schema\/logo\/image\/","url":"https:\/\/www.monaco-tribune.com\/wp-content\/uploads\/2022\/11\/logo-monaco-tribune.png","contentUrl":"https:\/\/www.monaco-tribune.com\/wp-content\/uploads\/2022\/11\/logo-monaco-tribune.png","width":1548,"height":600,"caption":"Monaco Tribune"},"image":{"@id":"https:\/\/www.monaco-tribune.com\/it\/#\/schema\/logo\/image\/"},"sameAs":["https:\/\/www.facebook.com\/MonacoTribune","https:\/\/x.com\/MonacoTribune","https:\/\/www.instagram.com\/monacotribune\/","https:\/\/www.linkedin.com\/company\/monaco-tribune","https:\/\/www.youtube.com\/channel\/UCHle1MnG6hw1y4lWKijVbMA"]},{"@type":"Person","@id":"https:\/\/www.monaco-tribune.com\/it\/#\/schema\/person\/a5b96fbf65e3742d7f09d511490d76f5","name":"Meg Johnson","image":{"@type":"ImageObject","inLanguage":"it-IT","@id":"https:\/\/secure.gravatar.com\/avatar\/82c5d90b38700bd0e2524279ba496116ee44a564e5923a2c3e336042bf69a8af?s=96&d=mm&r=g","url":"https:\/\/secure.gravatar.com\/avatar\/82c5d90b38700bd0e2524279ba496116ee44a564e5923a2c3e336042bf69a8af?s=96&d=mm&r=g","contentUrl":"https:\/\/secure.gravatar.com\/avatar\/82c5d90b38700bd0e2524279ba496116ee44a564e5923a2c3e336042bf69a8af?s=96&d=mm&r=g","caption":"Meg Johnson"},"url":"https:\/\/www.monaco-tribune.com\/it\/author\/meganjohnson\/"}]}},"_links":{"self":[{"href":"https:\/\/www.monaco-tribune.com\/it\/wp-json\/wp\/v2\/posts\/78959","targetHints":{"allow":["GET"]}}],"collection":[{"href":"https:\/\/www.monaco-tribune.com\/it\/wp-json\/wp\/v2\/posts"}],"about":[{"href":"https:\/\/www.monaco-tribune.com\/it\/wp-json\/wp\/v2\/types\/post"}],"author":[{"embeddable":true,"href":"https:\/\/www.monaco-tribune.com\/it\/wp-json\/wp\/v2\/users\/46"}],"replies":[{"embeddable":true,"href":"https:\/\/www.monaco-tribune.com\/it\/wp-json\/wp\/v2\/comments?post=78959"}],"version-history":[{"count":0,"href":"https:\/\/www.monaco-tribune.com\/it\/wp-json\/wp\/v2\/posts\/78959\/revisions"}],"wp:featuredmedia":[{"embeddable":true,"href":"https:\/\/www.monaco-tribune.com\/it\/wp-json\/wp\/v2\/media\/78015"}],"wp:attachment":[{"href":"https:\/\/www.monaco-tribune.com\/it\/wp-json\/wp\/v2\/media?parent=78959"}],"wp:term":[{"taxonomy":"category","embeddable":true,"href":"https:\/\/www.monaco-tribune.com\/it\/wp-json\/wp\/v2\/categories?post=78959"},{"taxonomy":"post_tag","embeddable":true,"href":"https:\/\/www.monaco-tribune.com\/it\/wp-json\/wp\/v2\/tags?post=78959"},{"taxonomy":"sectag","embeddable":true,"href":"https:\/\/www.monaco-tribune.com\/it\/wp-json\/wp\/v2\/post_sectags?post=78959"},{"taxonomy":"format","embeddable":true,"href":"https:\/\/www.monaco-tribune.com\/it\/wp-json\/wp\/v2\/post_format?post=78959"}],"curies":[{"name":"wp","href":"https:\/\/api.w.org\/{rel}","templated":true}]}}