{"id":79360,"date":"2021-05-24T18:20:38","date_gmt":"2021-05-24T16:20:38","guid":{"rendered":"https:\/\/www.monaco-tribune.com\/2021\/05\/top-e-flop-del-78-gran-premio-di-monaco\/"},"modified":"2021-05-24T18:34:01","modified_gmt":"2021-05-24T16:34:01","slug":"top-e-flop-del-78-gran-premio-di-monaco","status":"publish","type":"post","link":"https:\/\/www.monaco-tribune.com\/it\/2021\/05\/top-e-flop-del-78-gran-premio-di-monaco\/","title":{"rendered":"Top e flop del 78\u00b0 Gran Premio di Monaco"},"content":{"rendered":"\n<p><strong>Al termine di una corsa segnata dall&#8217;abbandono di Charles Leclerc (Ferrari) ancor prima della partenza, Max Verstappen (Red Bull) \u00e8 salito sul gradino pi\u00f9 alto del podio aggiudicandosi il Gran Premio di Monaco 2021. Ecco i top e flop della quinta manche della stagione.<\/strong><\/p>\n\n\n\n<h2 class=\"has-text-align-center wp-block-heading\" id=\"h-top\">Top<\/h2>\n\n\n\n<p><\/p>\n\n\n\n<p class=\"has-text-align-center\"><strong>Max Verstappen <\/strong><\/p>\n\n\n\n<p>Partito in prima posizione sulla griglia dopo l&#8217;abbandono di Leclerc (Ferrari), il pilota olandese ha portato a termine il suo obiettivo, nonostante la pressione costante di Carlos Sainz (Ferrari), senza mai perdere la posizione. Residente monegasco, Max Verstappen si \u00e8 aggiudicato la sua prima vittoria nel Principato, la seconda della stagione, riconquistando il primo posto nel campionato del mondo dei piloti. Un week-end da sogno che i tifosi di Max, che hanno osservato la gara dalle terrazze dei palazzi monegaschi o dagli yacht attraccati a Port Hercule, non scorderanno facilmente.<\/p>\n\n\n\n<figure class=\"wp-block-embed aligncenter is-type-rich is-provider-twitter wp-block-embed-twitter\"><div class=\"wp-block-embed__wrapper\">\n<blockquote class=\"twitter-tweet\" data-width=\"500\" data-dnt=\"true\"><p lang=\"en\" dir=\"ltr\">\ud835\udc13\ud835\udc21\ud835\udc1e \ud835\udc0c\ud835\udc1a\ud835\udc2c\ud835\udc2d\ud835\udc1e\ud835\udc2b \ud835\udc0e\ud835\udc1f \ud835\udc0c\ud835\udc28\ud835\udc27\ud835\udc1a\ud835\udc1c\ud835\udc28 \ud83c\udfc6 <a href=\"https:\/\/twitter.com\/hashtag\/MonacoGP?src=hash&amp;ref_src=twsrc%5Etfw\">#MonacoGP<\/a> \ud83c\uddf2\ud83c\udde8 <a href=\"https:\/\/t.co\/YUmlUXcxhY\">pic.twitter.com\/YUmlUXcxhY<\/a><\/p>&mdash; Oracle Red Bull Racing (@redbullracing) <a href=\"https:\/\/twitter.com\/redbullracing\/status\/1396489826262822914?ref_src=twsrc%5Etfw\">May 23, 2021<\/a><\/blockquote><script async src=\"https:\/\/platform.twitter.com\/widgets.js\" charset=\"utf-8\"><\/script>\n<\/div><\/figure>\n\n\n\n<p class=\"has-text-align-center\"><strong>Carlos Sainz <\/strong><\/p>\n\n\n\n<p>Deluso per non essere riuscito a guadagnare pi\u00f9 posizioni sulla griglia durante le qualificazioni, interrotte prima del tempo per l&#8217;uscita di pista del suo compagno di squadra Charles Leclerc, lo spagnolo ha realizzato una corsa perfetta. Partito terzo e non pi\u00f9 quarto, dopo l&#8217;abbandono del suo compagno di scuderia, Carlos Sainz (Ferrari) ha approfittato dell&#8217;uscita di Valtteri Bottas (Mercedes) per conquistare il secondo posto e salire sul suo primo podio con la scuderia Ferrari.<\/p>\n\n\n\n<figure class=\"wp-block-embed aligncenter is-type-rich is-provider-twitter wp-block-embed-twitter\"><div class=\"wp-block-embed__wrapper\">\n<blockquote class=\"twitter-tweet\" data-width=\"500\" data-dnt=\"true\"><p lang=\"es\" dir=\"ltr\">P2 VAMOS!!!! \ud83c\udfc6 \ud83c\uddf2\ud83c\udde8 <a href=\"https:\/\/twitter.com\/ScuderiaFerrari?ref_src=twsrc%5Etfw\">@ScuderiaFerrari<\/a> <br>&#8211;<a href=\"https:\/\/twitter.com\/hashtag\/carlossainz?src=hash&amp;ref_src=twsrc%5Etfw\">#carlossainz<\/a> <a href=\"https:\/\/twitter.com\/hashtag\/essereFerrari?src=hash&amp;ref_src=twsrc%5Etfw\">#essereFerrari<\/a> <a href=\"https:\/\/twitter.com\/hashtag\/MonacoGP?src=hash&amp;ref_src=twsrc%5Etfw\">#MonacoGP<\/a> <a href=\"https:\/\/t.co\/WRk7ela5ib\">pic.twitter.com\/WRk7ela5ib<\/a><\/p>&mdash; Carlos Sainz (@Carlossainz55) <a href=\"https:\/\/twitter.com\/Carlossainz55\/status\/1396493260684734468?ref_src=twsrc%5Etfw\">May 23, 2021<\/a><\/blockquote><script async src=\"https:\/\/platform.twitter.com\/widgets.js\" charset=\"utf-8\"><\/script>\n<\/div><\/figure>\n\n\n\n<p class=\"has-text-align-center\"><strong>Sebastian Vettel <\/strong><\/p>\n\n\n\n<p>Eletto pilota della gara al termine del Gran Premio, Sebastian Vettel (Aston Martin), arrivato in quinta posizione, ha vissuto un fine settimana promettente nel Principato. Vincitore della corsa nel 2011 con Red Bull e nel 2017 con Ferrari, il pilota tedesco ha sfoggiato tutta la sua esperienza rientrando nella top 5, nonostante la partenza in ottava posizione. Dopo un inizio stagione complicato, con neanche un punto in quattro Gran Premi, Vettel sembra aver ritrovato la grinta nel Principato. Sar\u00e0 l&#8217;inizio di una lunga serie?<\/p>\n\n\n\n<figure class=\"wp-block-embed aligncenter is-type-rich is-provider-twitter wp-block-embed-twitter\"><div class=\"wp-block-embed__wrapper\">\n<blockquote class=\"twitter-tweet\" data-width=\"500\" data-dnt=\"true\"><p lang=\"en\" dir=\"ltr\"><a href=\"https:\/\/twitter.com\/hashtag\/F1DriverOfTheDay?src=hash&amp;ref_src=twsrc%5Etfw\">#F1DriverOfTheDay<\/a> <br><br>It&#39;s Seb! \ud83d\ude03<a href=\"https:\/\/twitter.com\/hashtag\/MonacoGP?src=hash&amp;ref_src=twsrc%5Etfw\">#MonacoGP<\/a> \ud83c\uddf2\ud83c\udde8 <a href=\"https:\/\/twitter.com\/hashtag\/F1?src=hash&amp;ref_src=twsrc%5Etfw\">#F1<\/a> <a href=\"https:\/\/t.co\/bckOTrKEuR\">pic.twitter.com\/bckOTrKEuR<\/a><\/p>&mdash; Formula 1 (@F1) <a href=\"https:\/\/twitter.com\/F1\/status\/1396490157025599494?ref_src=twsrc%5Etfw\">May 23, 2021<\/a><\/blockquote><script async src=\"https:\/\/platform.twitter.com\/widgets.js\" charset=\"utf-8\"><\/script>\n<\/div><\/figure>\n\n\n\n<h2 class=\"has-text-align-center wp-block-heading\" id=\"h-flop\">Flop<\/h2>\n\n\n\n<p><\/p>\n\n\n\n<p class=\"has-text-align-center\"><strong>Mercedes <\/strong><\/p>\n\n\n\n<p>Fine settimana da dimenticare per Mercedes. Partito in seconda posizione sulla griglia e pronto a battersi per la vittoria con Max Verstappen (Red Bull), Valtteri Bottas (Mercedes) \u00e8 stato costretto ad abbandonare la gara quasi subito per un problema al cambio gomme nella sosta ai box. Un brutto colpo per il finlandese, soprattutto perch\u00e9 Lewis Hamilton non \u00e8 riuscito a superare Pierre Gasly (Alpha Tauri) durante tutta la corsa e si \u00e8 dovuto accontentare di un settimo posto. Piccolo premio di consolazione per il sette volte campione del mondo? Essersi aggiudicato il miglior giro di tutta la corsa. Questa piccola ricompensa non basta, per\u00f2, a eliminare l&#8217;amarezza data dalla classifica del campionato del mondo che adesso vede Verstappen in testa&#8230;<\/p>\n\n\n\n<figure class=\"wp-block-embed aligncenter is-type-rich is-provider-twitter wp-block-embed-twitter\"><div class=\"wp-block-embed__wrapper\">\n<blockquote class=\"twitter-tweet\" data-width=\"500\" data-dnt=\"true\"><p lang=\"en\" dir=\"ltr\">Today. \ud83d\ude23 <a href=\"https:\/\/t.co\/SEQWcioOCK\">pic.twitter.com\/SEQWcioOCK<\/a><\/p>&mdash; Mercedes-AMG PETRONAS F1 Team (@MercedesAMGF1) <a href=\"https:\/\/twitter.com\/MercedesAMGF1\/status\/1396492720701677571?ref_src=twsrc%5Etfw\">May 23, 2021<\/a><\/blockquote><script async src=\"https:\/\/platform.twitter.com\/widgets.js\" charset=\"utf-8\"><\/script>\n<\/div><\/figure>\n\n\n\n<p class=\"has-text-align-center\"><strong>Daniel Ricciardo <\/strong><\/p>\n\n\n\n<p>Al contrario del suo compagno di squadra Lando Norris (McLaren), brillante per tutta la gara e arrivato in terza posizione, l&#8217;australiano ha passato un week end piuttosto difficile nel Principato. Vincitore del Gran Premio di Monaco nel 2018, Daniel Ricciardo (McLaren) \u00e8 partito in dodicesima posizione sulla griglia e si \u00e8 dovuto accontentare del dodicesimo posto anche all&#8217;arrivo, senza nessun punto ma soprattutto lontanissimo (a un giro!) da Norris. Ormai, nel campionato del mondo, la distanza tra lui e il suo compagno di squadra \u00e8 parecchia (24 punti contro 56) e l&#8217;ex pilota Renault deve darsi subito una mossa. A cominciare da Baku, in Azerbaijan, tra quindici giorni.<\/p>\n\n\n\n<figure class=\"wp-block-embed aligncenter is-type-rich is-provider-twitter wp-block-embed-twitter\"><div class=\"wp-block-embed__wrapper\">\n<blockquote class=\"twitter-tweet\" data-width=\"500\" data-dnt=\"true\"><p lang=\"en\" dir=\"ltr\">Daniel comes across the line in P12. No points on the board this week but we\u2019ll be ready to push again in Baku. \ud83d\udc4a <a href=\"https:\/\/twitter.com\/hashtag\/MonacoGP?src=hash&amp;ref_src=twsrc%5Etfw\">#MonacoGP<\/a> <a href=\"https:\/\/t.co\/OnmEElZjsZ\">pic.twitter.com\/OnmEElZjsZ<\/a><\/p>&mdash; McLaren (@McLarenF1) <a href=\"https:\/\/twitter.com\/McLarenF1\/status\/1396477625825103874?ref_src=twsrc%5Etfw\">May 23, 2021<\/a><\/blockquote><script async src=\"https:\/\/platform.twitter.com\/widgets.js\" charset=\"utf-8\"><\/script>\n<\/div><\/figure>\n\n\n\n<p class=\"has-text-align-center\"><strong>Lo spettacolo<\/strong><\/p>\n\n\n\n<p>La pioggia sarebbe stata utile per movimentare un po&#8217; questo Gran Premio, ma non si \u00e8 fatta vedere. In pi\u00f9, l&#8217;abbandono di Charles Leclerc (Ferrari) ancora prima dalla corsa ha fatto sfumare un duello avvincente tra il monegasco e Max Verstappen (Red Bull). Per il resto, con pochissimi sorpassi e solo qualche cambio di posizione dovuto alle soste ai box o alle bandiere blu per i ritardatari doppiati dalle vetture in testa, questo 78\u00b0 Gran Premio non rester\u00e0 nella storia. Ma dopo due anni di attesa e con il ritorno del pubblico in tribuna, non possiamo certo lamentarci!<\/p>\n\n\n\n<figure class=\"wp-block-embed aligncenter is-type-rich is-provider-twitter wp-block-embed-twitter\"><div class=\"wp-block-embed__wrapper\">\n<blockquote class=\"twitter-tweet\" data-width=\"500\" data-dnt=\"true\"><p lang=\"en\" dir=\"ltr\">In a word&#8230; dramatic \ud83d\ude2e\ud83c\udf7f<br><br>Watch the best bits from Monte Carlo<a href=\"https:\/\/twitter.com\/hashtag\/MonacoGP?src=hash&amp;ref_src=twsrc%5Etfw\">#MonacoGP<\/a> \ud83c\uddf2\ud83c\udde8 <a href=\"https:\/\/twitter.com\/hashtag\/F1?src=hash&amp;ref_src=twsrc%5Etfw\">#F1<\/a><\/p>&mdash; Formula 1 (@F1) <a href=\"https:\/\/twitter.com\/F1\/status\/1396514260176474113?ref_src=twsrc%5Etfw\">May 23, 2021<\/a><\/blockquote><script async src=\"https:\/\/platform.twitter.com\/widgets.js\" charset=\"utf-8\"><\/script>\n<\/div><\/figure>\n","protected":false},"excerpt":{"rendered":"<p>Al termine di una corsa segnata dall&#8217;abbandono di Charles Leclerc (Ferrari) ancor prima della partenza, Max Verstappen (Red Bull) \u00e8 [&hellip;]<\/p>\n","protected":false},"author":24,"featured_media":79196,"comment_status":"closed","ping_status":"closed","sticky":false,"template":"","format":"standard","meta":{"_acf_changed":false,"footnotes":""},"categories":[1826,1738,1743],"tags":[3949],"post_sectags":[],"post_format":[2486],"class_list":["post-79360","post","type-post","status-publish","format-standard","has-post-thumbnail","hentry","category-la-nostra-scelta","category-notizie","category-sport-it","tag-gran-premio-di-monaco","format-servizio"],"acf":[],"yoast_head":"<!-- This site is optimized with the Yoast SEO Premium plugin v26.8 (Yoast SEO v27.5) - https:\/\/yoast.com\/product\/yoast-seo-premium-wordpress\/ -->\n<title>Top e flop del 78\u00b0 Gran Premio di Monaco<\/title>\n<meta name=\"description\" content=\"Al termine di una corsa segnata dall&#039;abbandono di Charles Leclerc (Ferrari) ancor prima della partenza, Max Verstappen (Red Bull) \u00e8 salito sul gradino pi\u00f9\" \/>\n<meta name=\"robots\" content=\"index, follow, max-snippet:-1, max-image-preview:large, max-video-preview:-1\" \/>\n<link rel=\"canonical\" href=\"https:\/\/www.monaco-tribune.com\/it\/2021\/05\/top-e-flop-del-78-gran-premio-di-monaco\/\" \/>\n<meta property=\"og:locale\" content=\"it_IT\" \/>\n<meta property=\"og:type\" content=\"article\" \/>\n<meta property=\"og:title\" content=\"Top e flop del 78\u00b0 Gran Premio di Monaco - Monaco Tribune\" \/>\n<meta property=\"og:description\" content=\"Al termine di una corsa segnata dall&#039;abbandono di Charles Leclerc (Ferrari) ancor prima della partenza, Max Verstappen (Red Bull) \u00e8 salito sul gradino pi\u00f9\" \/>\n<meta property=\"og:url\" content=\"https:\/\/www.monaco-tribune.com\/it\/2021\/05\/top-e-flop-del-78-gran-premio-di-monaco\/\" \/>\n<meta property=\"og:site_name\" content=\"Monaco Tribune\" \/>\n<meta property=\"article:publisher\" content=\"https:\/\/www.facebook.com\/MonacoTribune\" \/>\n<meta property=\"article:published_time\" content=\"2021-05-24T16:20:38+00:00\" \/>\n<meta property=\"article:modified_time\" content=\"2021-05-24T16:34:01+00:00\" \/>\n<meta property=\"og:image\" content=\"https:\/\/www.monaco-tribune.com\/wp-content\/uploads\/2021\/05\/grand-prix-monaco-2021-red-bull.jpeg\" \/>\n\t<meta property=\"og:image:width\" content=\"1024\" \/>\n\t<meta property=\"og:image:height\" content=\"576\" \/>\n\t<meta property=\"og:image:type\" content=\"image\/jpeg\" \/>\n<meta name=\"author\" content=\"Romain Boisaubert\" \/>\n<meta name=\"twitter:card\" content=\"summary_large_image\" \/>\n<meta name=\"twitter:creator\" content=\"@MonacoTribune\" \/>\n<meta name=\"twitter:site\" content=\"@MonacoTribune\" \/>\n<script type=\"application\/ld+json\" class=\"yoast-schema-graph\">{\"@context\":\"https:\\\/\\\/schema.org\",\"@graph\":[{\"@type\":\"NewsArticle\",\"@id\":\"https:\\\/\\\/www.monaco-tribune.com\\\/it\\\/2021\\\/05\\\/top-e-flop-del-78-gran-premio-di-monaco\\\/#article\",\"isPartOf\":{\"@id\":\"https:\\\/\\\/www.monaco-tribune.com\\\/it\\\/2021\\\/05\\\/top-e-flop-del-78-gran-premio-di-monaco\\\/\"},\"author\":{\"name\":\"Romain Boisaubert\",\"@id\":\"https:\\\/\\\/www.monaco-tribune.com\\\/it\\\/#\\\/schema\\\/person\\\/330a3732947cf8cb41b2533a0eadd62e\"},\"headline\":\"Top e flop del 78\u00b0 Gran Premio di Monaco\",\"datePublished\":\"2021-05-24T16:20:38+00:00\",\"dateModified\":\"2021-05-24T16:34:01+00:00\",\"mainEntityOfPage\":{\"@id\":\"https:\\\/\\\/www.monaco-tribune.com\\\/it\\\/2021\\\/05\\\/top-e-flop-del-78-gran-premio-di-monaco\\\/\"},\"wordCount\":663,\"publisher\":{\"@id\":\"https:\\\/\\\/www.monaco-tribune.com\\\/it\\\/#organization\"},\"image\":{\"@id\":\"https:\\\/\\\/www.monaco-tribune.com\\\/it\\\/2021\\\/05\\\/top-e-flop-del-78-gran-premio-di-monaco\\\/#primaryimage\"},\"thumbnailUrl\":\"https:\\\/\\\/www.monaco-tribune.com\\\/wp-content\\\/uploads\\\/2021\\\/05\\\/grand-prix-monaco-2021-red-bull.jpeg\",\"keywords\":[\"Gran Premio di Monaco\"],\"articleSection\":[\"La nostra scelta\",\"Notizie\",\"Sport\"],\"inLanguage\":\"it-IT\",\"copyrightYear\":\"2021\",\"copyrightHolder\":{\"@id\":\"https:\\\/\\\/www.monaco-tribune.com\\\/#organization\"}},{\"@type\":\"WebPage\",\"@id\":\"https:\\\/\\\/www.monaco-tribune.com\\\/it\\\/2021\\\/05\\\/top-e-flop-del-78-gran-premio-di-monaco\\\/\",\"url\":\"https:\\\/\\\/www.monaco-tribune.com\\\/it\\\/2021\\\/05\\\/top-e-flop-del-78-gran-premio-di-monaco\\\/\",\"name\":\"Top e flop del 78\u00b0 Gran Premio di Monaco\",\"isPartOf\":{\"@id\":\"https:\\\/\\\/www.monaco-tribune.com\\\/it\\\/#website\"},\"primaryImageOfPage\":{\"@id\":\"https:\\\/\\\/www.monaco-tribune.com\\\/it\\\/2021\\\/05\\\/top-e-flop-del-78-gran-premio-di-monaco\\\/#primaryimage\"},\"image\":{\"@id\":\"https:\\\/\\\/www.monaco-tribune.com\\\/it\\\/2021\\\/05\\\/top-e-flop-del-78-gran-premio-di-monaco\\\/#primaryimage\"},\"thumbnailUrl\":\"https:\\\/\\\/www.monaco-tribune.com\\\/wp-content\\\/uploads\\\/2021\\\/05\\\/grand-prix-monaco-2021-red-bull.jpeg\",\"datePublished\":\"2021-05-24T16:20:38+00:00\",\"dateModified\":\"2021-05-24T16:34:01+00:00\",\"description\":\"Al termine di una corsa segnata dall'abbandono di Charles Leclerc (Ferrari) ancor prima della partenza, Max Verstappen (Red Bull) \u00e8 salito sul gradino pi\u00f9\",\"breadcrumb\":{\"@id\":\"https:\\\/\\\/www.monaco-tribune.com\\\/it\\\/2021\\\/05\\\/top-e-flop-del-78-gran-premio-di-monaco\\\/#breadcrumb\"},\"inLanguage\":\"it-IT\",\"potentialAction\":[{\"@type\":\"ReadAction\",\"target\":[\"https:\\\/\\\/www.monaco-tribune.com\\\/it\\\/2021\\\/05\\\/top-e-flop-del-78-gran-premio-di-monaco\\\/\"]}]},{\"@type\":\"ImageObject\",\"inLanguage\":\"it-IT\",\"@id\":\"https:\\\/\\\/www.monaco-tribune.com\\\/it\\\/2021\\\/05\\\/top-e-flop-del-78-gran-premio-di-monaco\\\/#primaryimage\",\"url\":\"https:\\\/\\\/www.monaco-tribune.com\\\/wp-content\\\/uploads\\\/2021\\\/05\\\/grand-prix-monaco-2021-red-bull.jpeg\",\"contentUrl\":\"https:\\\/\\\/www.monaco-tribune.com\\\/wp-content\\\/uploads\\\/2021\\\/05\\\/grand-prix-monaco-2021-red-bull.jpeg\",\"width\":1024,\"height\":576,\"caption\":\"Red Bull\"},{\"@type\":\"BreadcrumbList\",\"@id\":\"https:\\\/\\\/www.monaco-tribune.com\\\/it\\\/2021\\\/05\\\/top-e-flop-del-78-gran-premio-di-monaco\\\/#breadcrumb\",\"itemListElement\":[{\"@type\":\"ListItem\",\"position\":1,\"name\":\"Accueil\",\"item\":\"https:\\\/\\\/www.monaco-tribune.com\\\/it\\\/\"},{\"@type\":\"ListItem\",\"position\":2,\"name\":\"Top e flop del 78\u00b0 Gran Premio di Monaco\"}]},{\"@type\":\"WebSite\",\"@id\":\"https:\\\/\\\/www.monaco-tribune.com\\\/it\\\/#website\",\"url\":\"https:\\\/\\\/www.monaco-tribune.com\\\/it\\\/\",\"name\":\"Monaco Tribune\",\"description\":\"Monaco : actualit\u00e9s \u00e9conomiques, politiques, culturelles et sportives de Monaco et de la French Riviera.\",\"publisher\":{\"@id\":\"https:\\\/\\\/www.monaco-tribune.com\\\/it\\\/#organization\"},\"potentialAction\":[{\"@type\":\"SearchAction\",\"target\":{\"@type\":\"EntryPoint\",\"urlTemplate\":\"https:\\\/\\\/www.monaco-tribune.com\\\/it\\\/?s={search_term_string}\"},\"query-input\":{\"@type\":\"PropertyValueSpecification\",\"valueRequired\":true,\"valueName\":\"search_term_string\"}}],\"inLanguage\":\"it-IT\"},{\"@type\":\"Organization\",\"@id\":\"https:\\\/\\\/www.monaco-tribune.com\\\/it\\\/#organization\",\"name\":\"Monaco Tribune\",\"url\":\"https:\\\/\\\/www.monaco-tribune.com\\\/it\\\/\",\"logo\":{\"@type\":\"ImageObject\",\"inLanguage\":\"it-IT\",\"@id\":\"https:\\\/\\\/www.monaco-tribune.com\\\/it\\\/#\\\/schema\\\/logo\\\/image\\\/\",\"url\":\"https:\\\/\\\/www.monaco-tribune.com\\\/wp-content\\\/uploads\\\/2022\\\/11\\\/logo-monaco-tribune.png\",\"contentUrl\":\"https:\\\/\\\/www.monaco-tribune.com\\\/wp-content\\\/uploads\\\/2022\\\/11\\\/logo-monaco-tribune.png\",\"width\":1548,\"height\":600,\"caption\":\"Monaco Tribune\"},\"image\":{\"@id\":\"https:\\\/\\\/www.monaco-tribune.com\\\/it\\\/#\\\/schema\\\/logo\\\/image\\\/\"},\"sameAs\":[\"https:\\\/\\\/www.facebook.com\\\/MonacoTribune\",\"https:\\\/\\\/x.com\\\/MonacoTribune\",\"https:\\\/\\\/www.instagram.com\\\/monacotribune\\\/\",\"https:\\\/\\\/www.linkedin.com\\\/company\\\/monaco-tribune\",\"https:\\\/\\\/www.youtube.com\\\/channel\\\/UCHle1MnG6hw1y4lWKijVbMA\"]},{\"@type\":\"Person\",\"@id\":\"https:\\\/\\\/www.monaco-tribune.com\\\/it\\\/#\\\/schema\\\/person\\\/330a3732947cf8cb41b2533a0eadd62e\",\"name\":\"Romain Boisaubert\",\"image\":{\"@type\":\"ImageObject\",\"inLanguage\":\"it-IT\",\"@id\":\"https:\\\/\\\/secure.gravatar.com\\\/avatar\\\/f8b90d41f1eabd1cbe4cf59e09d8db41a697d51919bf2dfe727589a24a4a4d54?s=96&d=mm&r=g\",\"url\":\"https:\\\/\\\/secure.gravatar.com\\\/avatar\\\/f8b90d41f1eabd1cbe4cf59e09d8db41a697d51919bf2dfe727589a24a4a4d54?s=96&d=mm&r=g\",\"contentUrl\":\"https:\\\/\\\/secure.gravatar.com\\\/avatar\\\/f8b90d41f1eabd1cbe4cf59e09d8db41a697d51919bf2dfe727589a24a4a4d54?s=96&d=mm&r=g\",\"caption\":\"Romain Boisaubert\"},\"description\":\"Test bio\",\"url\":\"https:\\\/\\\/www.monaco-tribune.com\\\/it\\\/author\\\/romain-boisaubert\\\/\"}]}<\/script>\n<!-- \/ Yoast SEO Premium plugin. -->","yoast_head_json":{"title":"Top e flop del 78\u00b0 Gran Premio di Monaco","description":"Al termine di una corsa segnata dall'abbandono di Charles Leclerc (Ferrari) ancor prima della partenza, Max Verstappen (Red Bull) \u00e8 salito sul gradino pi\u00f9","robots":{"index":"index","follow":"follow","max-snippet":"max-snippet:-1","max-image-preview":"max-image-preview:large","max-video-preview":"max-video-preview:-1"},"canonical":"https:\/\/www.monaco-tribune.com\/it\/2021\/05\/top-e-flop-del-78-gran-premio-di-monaco\/","og_locale":"it_IT","og_type":"article","og_title":"Top e flop del 78\u00b0 Gran Premio di Monaco - Monaco Tribune","og_description":"Al termine di una corsa segnata dall'abbandono di Charles Leclerc (Ferrari) ancor prima della partenza, Max Verstappen (Red Bull) \u00e8 salito sul gradino pi\u00f9","og_url":"https:\/\/www.monaco-tribune.com\/it\/2021\/05\/top-e-flop-del-78-gran-premio-di-monaco\/","og_site_name":"Monaco Tribune","article_publisher":"https:\/\/www.facebook.com\/MonacoTribune","article_published_time":"2021-05-24T16:20:38+00:00","article_modified_time":"2021-05-24T16:34:01+00:00","og_image":[{"width":1024,"height":576,"url":"https:\/\/www.monaco-tribune.com\/wp-content\/uploads\/2021\/05\/grand-prix-monaco-2021-red-bull.jpeg","type":"image\/jpeg"}],"author":"Romain Boisaubert","twitter_card":"summary_large_image","twitter_creator":"@MonacoTribune","twitter_site":"@MonacoTribune","schema":{"@context":"https:\/\/schema.org","@graph":[{"@type":"NewsArticle","@id":"https:\/\/www.monaco-tribune.com\/it\/2021\/05\/top-e-flop-del-78-gran-premio-di-monaco\/#article","isPartOf":{"@id":"https:\/\/www.monaco-tribune.com\/it\/2021\/05\/top-e-flop-del-78-gran-premio-di-monaco\/"},"author":{"name":"Romain Boisaubert","@id":"https:\/\/www.monaco-tribune.com\/it\/#\/schema\/person\/330a3732947cf8cb41b2533a0eadd62e"},"headline":"Top e flop del 78\u00b0 Gran Premio di Monaco","datePublished":"2021-05-24T16:20:38+00:00","dateModified":"2021-05-24T16:34:01+00:00","mainEntityOfPage":{"@id":"https:\/\/www.monaco-tribune.com\/it\/2021\/05\/top-e-flop-del-78-gran-premio-di-monaco\/"},"wordCount":663,"publisher":{"@id":"https:\/\/www.monaco-tribune.com\/it\/#organization"},"image":{"@id":"https:\/\/www.monaco-tribune.com\/it\/2021\/05\/top-e-flop-del-78-gran-premio-di-monaco\/#primaryimage"},"thumbnailUrl":"https:\/\/www.monaco-tribune.com\/wp-content\/uploads\/2021\/05\/grand-prix-monaco-2021-red-bull.jpeg","keywords":["Gran Premio di Monaco"],"articleSection":["La nostra scelta","Notizie","Sport"],"inLanguage":"it-IT","copyrightYear":"2021","copyrightHolder":{"@id":"https:\/\/www.monaco-tribune.com\/#organization"}},{"@type":"WebPage","@id":"https:\/\/www.monaco-tribune.com\/it\/2021\/05\/top-e-flop-del-78-gran-premio-di-monaco\/","url":"https:\/\/www.monaco-tribune.com\/it\/2021\/05\/top-e-flop-del-78-gran-premio-di-monaco\/","name":"Top e flop del 78\u00b0 Gran Premio di Monaco","isPartOf":{"@id":"https:\/\/www.monaco-tribune.com\/it\/#website"},"primaryImageOfPage":{"@id":"https:\/\/www.monaco-tribune.com\/it\/2021\/05\/top-e-flop-del-78-gran-premio-di-monaco\/#primaryimage"},"image":{"@id":"https:\/\/www.monaco-tribune.com\/it\/2021\/05\/top-e-flop-del-78-gran-premio-di-monaco\/#primaryimage"},"thumbnailUrl":"https:\/\/www.monaco-tribune.com\/wp-content\/uploads\/2021\/05\/grand-prix-monaco-2021-red-bull.jpeg","datePublished":"2021-05-24T16:20:38+00:00","dateModified":"2021-05-24T16:34:01+00:00","description":"Al termine di una corsa segnata dall'abbandono di Charles Leclerc (Ferrari) ancor prima della partenza, Max Verstappen (Red Bull) \u00e8 salito sul gradino pi\u00f9","breadcrumb":{"@id":"https:\/\/www.monaco-tribune.com\/it\/2021\/05\/top-e-flop-del-78-gran-premio-di-monaco\/#breadcrumb"},"inLanguage":"it-IT","potentialAction":[{"@type":"ReadAction","target":["https:\/\/www.monaco-tribune.com\/it\/2021\/05\/top-e-flop-del-78-gran-premio-di-monaco\/"]}]},{"@type":"ImageObject","inLanguage":"it-IT","@id":"https:\/\/www.monaco-tribune.com\/it\/2021\/05\/top-e-flop-del-78-gran-premio-di-monaco\/#primaryimage","url":"https:\/\/www.monaco-tribune.com\/wp-content\/uploads\/2021\/05\/grand-prix-monaco-2021-red-bull.jpeg","contentUrl":"https:\/\/www.monaco-tribune.com\/wp-content\/uploads\/2021\/05\/grand-prix-monaco-2021-red-bull.jpeg","width":1024,"height":576,"caption":"Red Bull"},{"@type":"BreadcrumbList","@id":"https:\/\/www.monaco-tribune.com\/it\/2021\/05\/top-e-flop-del-78-gran-premio-di-monaco\/#breadcrumb","itemListElement":[{"@type":"ListItem","position":1,"name":"Accueil","item":"https:\/\/www.monaco-tribune.com\/it\/"},{"@type":"ListItem","position":2,"name":"Top e flop del 78\u00b0 Gran Premio di Monaco"}]},{"@type":"WebSite","@id":"https:\/\/www.monaco-tribune.com\/it\/#website","url":"https:\/\/www.monaco-tribune.com\/it\/","name":"Monaco Tribune","description":"Monaco : actualit\u00e9s \u00e9conomiques, politiques, culturelles et sportives de Monaco et de la French Riviera.","publisher":{"@id":"https:\/\/www.monaco-tribune.com\/it\/#organization"},"potentialAction":[{"@type":"SearchAction","target":{"@type":"EntryPoint","urlTemplate":"https:\/\/www.monaco-tribune.com\/it\/?s={search_term_string}"},"query-input":{"@type":"PropertyValueSpecification","valueRequired":true,"valueName":"search_term_string"}}],"inLanguage":"it-IT"},{"@type":"Organization","@id":"https:\/\/www.monaco-tribune.com\/it\/#organization","name":"Monaco Tribune","url":"https:\/\/www.monaco-tribune.com\/it\/","logo":{"@type":"ImageObject","inLanguage":"it-IT","@id":"https:\/\/www.monaco-tribune.com\/it\/#\/schema\/logo\/image\/","url":"https:\/\/www.monaco-tribune.com\/wp-content\/uploads\/2022\/11\/logo-monaco-tribune.png","contentUrl":"https:\/\/www.monaco-tribune.com\/wp-content\/uploads\/2022\/11\/logo-monaco-tribune.png","width":1548,"height":600,"caption":"Monaco Tribune"},"image":{"@id":"https:\/\/www.monaco-tribune.com\/it\/#\/schema\/logo\/image\/"},"sameAs":["https:\/\/www.facebook.com\/MonacoTribune","https:\/\/x.com\/MonacoTribune","https:\/\/www.instagram.com\/monacotribune\/","https:\/\/www.linkedin.com\/company\/monaco-tribune","https:\/\/www.youtube.com\/channel\/UCHle1MnG6hw1y4lWKijVbMA"]},{"@type":"Person","@id":"https:\/\/www.monaco-tribune.com\/it\/#\/schema\/person\/330a3732947cf8cb41b2533a0eadd62e","name":"Romain Boisaubert","image":{"@type":"ImageObject","inLanguage":"it-IT","@id":"https:\/\/secure.gravatar.com\/avatar\/f8b90d41f1eabd1cbe4cf59e09d8db41a697d51919bf2dfe727589a24a4a4d54?s=96&d=mm&r=g","url":"https:\/\/secure.gravatar.com\/avatar\/f8b90d41f1eabd1cbe4cf59e09d8db41a697d51919bf2dfe727589a24a4a4d54?s=96&d=mm&r=g","contentUrl":"https:\/\/secure.gravatar.com\/avatar\/f8b90d41f1eabd1cbe4cf59e09d8db41a697d51919bf2dfe727589a24a4a4d54?s=96&d=mm&r=g","caption":"Romain Boisaubert"},"description":"Test bio","url":"https:\/\/www.monaco-tribune.com\/it\/author\/romain-boisaubert\/"}]}},"_links":{"self":[{"href":"https:\/\/www.monaco-tribune.com\/it\/wp-json\/wp\/v2\/posts\/79360","targetHints":{"allow":["GET"]}}],"collection":[{"href":"https:\/\/www.monaco-tribune.com\/it\/wp-json\/wp\/v2\/posts"}],"about":[{"href":"https:\/\/www.monaco-tribune.com\/it\/wp-json\/wp\/v2\/types\/post"}],"author":[{"embeddable":true,"href":"https:\/\/www.monaco-tribune.com\/it\/wp-json\/wp\/v2\/users\/24"}],"replies":[{"embeddable":true,"href":"https:\/\/www.monaco-tribune.com\/it\/wp-json\/wp\/v2\/comments?post=79360"}],"version-history":[{"count":0,"href":"https:\/\/www.monaco-tribune.com\/it\/wp-json\/wp\/v2\/posts\/79360\/revisions"}],"wp:featuredmedia":[{"embeddable":true,"href":"https:\/\/www.monaco-tribune.com\/it\/wp-json\/wp\/v2\/media\/79196"}],"wp:attachment":[{"href":"https:\/\/www.monaco-tribune.com\/it\/wp-json\/wp\/v2\/media?parent=79360"}],"wp:term":[{"taxonomy":"category","embeddable":true,"href":"https:\/\/www.monaco-tribune.com\/it\/wp-json\/wp\/v2\/categories?post=79360"},{"taxonomy":"post_tag","embeddable":true,"href":"https:\/\/www.monaco-tribune.com\/it\/wp-json\/wp\/v2\/tags?post=79360"},{"taxonomy":"sectag","embeddable":true,"href":"https:\/\/www.monaco-tribune.com\/it\/wp-json\/wp\/v2\/post_sectags?post=79360"},{"taxonomy":"format","embeddable":true,"href":"https:\/\/www.monaco-tribune.com\/it\/wp-json\/wp\/v2\/post_format?post=79360"}],"curies":[{"name":"wp","href":"https:\/\/api.w.org\/{rel}","templated":true}]}}